{"id":996,"date":"2024-07-30T01:12:30","date_gmt":"2024-07-30T01:12:30","guid":{"rendered":"https:\/\/terrasdebasto.pt\/?p=996"},"modified":"2024-07-30T01:12:31","modified_gmt":"2024-07-30T01:12:31","slug":"cerva-premiou-alunos-de-merito","status":"publish","type":"post","link":"https:\/\/terrasdebasto.pt\/?p=996","title":{"rendered":"Cerva premiou alunos de m\u00e9rito"},"content":{"rendered":"\n<p><strong>Mais de duas dezenas de alunos das escolas de Cerva, em Ribeira de Pena, foram agora distinguidos pelo seu m\u00e9rito escolar. A Gala Honoris, promovida pela autarquia local, aconteceu a 18 de julho no Parque de Lazer das Meadas.<\/strong><\/p>\n\n\n\n<p>A iniciativa, que pretendeu reconhecer o m\u00e9rito dos estudantes \u00abque, atrav\u00e9s do seu esfor\u00e7o, prestigiam a sua freguesia e o concelho\u00bb, registou a participa\u00e7\u00e3o dos presidentes da c\u00e2mara e da assembleia municipais.<\/p>\n\n\n\n<p>Na circunst\u00e2ncia, foram premiados os alunos Ana Rita Costa, Clara Alves Valadares, Guilherme Machado Almeida e Matias Miguel Teixeira (1.\u00ba ano); David Gon\u00e7alves Gaspar, Maria Francisca Louren\u00e7o, Maria Lu\u00edsa Louren\u00e7o, Matilde Gon\u00e7alves Valadares, Pedro Matias Gon\u00e7alves, Rita Gon\u00e7alves Domingues, Francisca Machado e Matilde Pereira Pinto (2.\u00ba anos); e Ana Margarida Silva, Nuno Miguel Ferreira, Camila Maria Marinho, Francisco Gon\u00e7alves Gaspar, Milena Sofia Mendes e Rodrigo Pereira Campelos (3.\u00ba anos).<\/p>\n\n\n\n<p>Foram igualmente premiados Daniela Pereira Almeida, Pedro Santiago Costa e Tom\u00e1s Bastos de Moura (4.\u00ba ano); Maria Leonor Louren\u00e7o Pereira (5.\u00ba); In\u00eas Isabel Magalh\u00e3es e Joana Magalh\u00e3es Martins (6.\u00ba ano); Afonso Gon\u00e7alves Gaspar, Gon\u00e7alo Mesquita Almeida e Pedro Afonso Louren\u00e7o (7.\u00ba ano); Oct\u00e1vio Afonso Cal\u00e7ada (8.\u00ba); e Ana Carolina Silva, Ana Lu\u00edsa Facundo e Mafalda Ribeiro Carvalho (9.\u00ba). [Reda\u00e7\u00e3o]<\/p>\n\n\n\n<figure class=\"wp-block-gallery has-nested-images columns-default is-cropped wp-block-gallery-1 is-layout-flex wp-block-gallery-is-layout-flex\">\n<figure class=\"wp-block-image size-large\"><img loading=\"lazy\" decoding=\"async\" width=\"1024\" height=\"572\" data-id=\"1005\" src=\"https:\/\/terrasdebasto.pt\/wp-content\/uploads\/2024\/07\/2-3-1024x572.jpg\" alt=\"\" class=\"wp-image-1005\" srcset=\"https:\/\/terrasdebasto.pt\/wp-content\/uploads\/2024\/07\/2-3-1024x572.jpg 1024w, https:\/\/terrasdebasto.pt\/wp-content\/uploads\/2024\/07\/2-3-300x168.jpg 300w, https:\/\/terrasdebasto.pt\/wp-content\/uploads\/2024\/07\/2-3-768x429.jpg 768w, https:\/\/terrasdebasto.pt\/wp-content\/uploads\/2024\/07\/2-3-150x84.jpg 150w, https:\/\/terrasdebasto.pt\/wp-content\/uploads\/2024\/07\/2-3-696x389.jpg 696w, https:\/\/terrasdebasto.pt\/wp-content\/uploads\/2024\/07\/2-3-1068x596.jpg 1068w, https:\/\/terrasdebasto.pt\/wp-content\/uploads\/2024\/07\/2-3.jpg 1302w\" sizes=\"auto, (max-width: 1024px) 100vw, 1024px\" \/><\/figure>\n\n\n\n<figure class=\"wp-block-image size-large\"><img loading=\"lazy\" decoding=\"async\" width=\"1024\" height=\"598\" data-id=\"1000\" src=\"https:\/\/terrasdebasto.pt\/wp-content\/uploads\/2024\/07\/3-3-1024x598.jpg\" alt=\"\" class=\"wp-image-1000\" srcset=\"https:\/\/terrasdebasto.pt\/wp-content\/uploads\/2024\/07\/3-3-1024x598.jpg 1024w, https:\/\/terrasdebasto.pt\/wp-content\/uploads\/2024\/07\/3-3-300x175.jpg 300w, https:\/\/terrasdebasto.pt\/wp-content\/uploads\/2024\/07\/3-3-768x449.jpg 768w, https:\/\/terrasdebasto.pt\/wp-content\/uploads\/2024\/07\/3-3-150x88.jpg 150w, https:\/\/terrasdebasto.pt\/wp-content\/uploads\/2024\/07\/3-3-696x406.jpg 696w, https:\/\/terrasdebasto.pt\/wp-content\/uploads\/2024\/07\/3-3-1068x624.jpg 1068w, https:\/\/terrasdebasto.pt\/wp-content\/uploads\/2024\/07\/3-3.jpg 1375w\" sizes=\"auto, (max-width: 1024px) 100vw, 1024px\" \/><\/figure>\n\n\n\n<figure class=\"wp-block-image size-large\"><img loading=\"lazy\" decoding=\"async\" width=\"982\" height=\"696\" data-id=\"1006\" src=\"https:\/\/terrasdebasto.pt\/wp-content\/uploads\/2024\/07\/4-2.jpg\" alt=\"\" class=\"wp-image-1006\" srcset=\"https:\/\/terrasdebasto.pt\/wp-content\/uploads\/2024\/07\/4-2.jpg 982w, https:\/\/terrasdebasto.pt\/wp-content\/uploads\/2024\/07\/4-2-300x213.jpg 300w, https:\/\/terrasdebasto.pt\/wp-content\/uploads\/2024\/07\/4-2-768x544.jpg 768w, https:\/\/terrasdebasto.pt\/wp-content\/uploads\/2024\/07\/4-2-150x106.jpg 150w, https:\/\/terrasdebasto.pt\/wp-content\/uploads\/2024\/07\/4-2-696x493.jpg 696w\" sizes=\"auto, (max-width: 982px) 100vw, 982px\" \/><\/figure>\n\n\n\n<figure class=\"wp-block-image size-large\"><img loading=\"lazy\" decoding=\"async\" width=\"876\" height=\"604\" data-id=\"1003\" src=\"https:\/\/terrasdebasto.pt\/wp-content\/uploads\/2024\/07\/5-2.jpg\" alt=\"\" class=\"wp-image-1003\" srcset=\"https:\/\/terrasdebasto.pt\/wp-content\/uploads\/2024\/07\/5-2.jpg 876w, https:\/\/terrasdebasto.pt\/wp-content\/uploads\/2024\/07\/5-2-300x207.jpg 300w, https:\/\/terrasdebasto.pt\/wp-content\/uploads\/2024\/07\/5-2-768x530.jpg 768w, https:\/\/terrasdebasto.pt\/wp-content\/uploads\/2024\/07\/5-2-150x103.jpg 150w, https:\/\/terrasdebasto.pt\/wp-content\/uploads\/2024\/07\/5-2-218x150.jpg 218w, https:\/\/terrasdebasto.pt\/wp-content\/uploads\/2024\/07\/5-2-696x480.jpg 696w\" sizes=\"auto, (max-width: 876px) 100vw, 876px\" \/><\/figure>\n\n\n\n<figure class=\"wp-block-image size-large\"><img loading=\"lazy\" decoding=\"async\" width=\"837\" height=\"576\" data-id=\"998\" src=\"https:\/\/terrasdebasto.pt\/wp-content\/uploads\/2024\/07\/6-2.jpg\" alt=\"\" class=\"wp-image-998\" srcset=\"https:\/\/terrasdebasto.pt\/wp-content\/uploads\/2024\/07\/6-2.jpg 837w, https:\/\/terrasdebasto.pt\/wp-content\/uploads\/2024\/07\/6-2-300x206.jpg 300w, https:\/\/terrasdebasto.pt\/wp-content\/uploads\/2024\/07\/6-2-768x529.jpg 768w, https:\/\/terrasdebasto.pt\/wp-content\/uploads\/2024\/07\/6-2-150x103.jpg 150w, https:\/\/terrasdebasto.pt\/wp-content\/uploads\/2024\/07\/6-2-218x150.jpg 218w, https:\/\/terrasdebasto.pt\/wp-content\/uploads\/2024\/07\/6-2-696x479.jpg 696w\" sizes=\"auto, (max-width: 837px) 100vw, 837px\" \/><\/figure>\n\n\n\n<figure class=\"wp-block-image size-large\"><img loading=\"lazy\" decoding=\"async\" width=\"878\" height=\"574\" data-id=\"1004\" src=\"https:\/\/terrasdebasto.pt\/wp-content\/uploads\/2024\/07\/7-2.jpg\" alt=\"\" class=\"wp-image-1004\" srcset=\"https:\/\/terrasdebasto.pt\/wp-content\/uploads\/2024\/07\/7-2.jpg 878w, https:\/\/terrasdebasto.pt\/wp-content\/uploads\/2024\/07\/7-2-300x196.jpg 300w, https:\/\/terrasdebasto.pt\/wp-content\/uploads\/2024\/07\/7-2-768x502.jpg 768w, https:\/\/terrasdebasto.pt\/wp-content\/uploads\/2024\/07\/7-2-150x98.jpg 150w, https:\/\/terrasdebasto.pt\/wp-content\/uploads\/2024\/07\/7-2-696x455.jpg 696w\" sizes=\"auto, (max-width: 878px) 100vw, 878px\" \/><\/figure>\n\n\n\n<figure class=\"wp-block-image size-large\"><img loading=\"lazy\" decoding=\"async\" width=\"867\" height=\"608\" data-id=\"999\" src=\"https:\/\/terrasdebasto.pt\/wp-content\/uploads\/2024\/07\/8-2.jpg\" alt=\"\" class=\"wp-image-999\" srcset=\"https:\/\/terrasdebasto.pt\/wp-content\/uploads\/2024\/07\/8-2.jpg 867w, https:\/\/terrasdebasto.pt\/wp-content\/uploads\/2024\/07\/8-2-300x210.jpg 300w, https:\/\/terrasdebasto.pt\/wp-content\/uploads\/2024\/07\/8-2-768x539.jpg 768w, https:\/\/terrasdebasto.pt\/wp-content\/uploads\/2024\/07\/8-2-150x105.jpg 150w, https:\/\/terrasdebasto.pt\/wp-content\/uploads\/2024\/07\/8-2-696x488.jpg 696w\" sizes=\"auto, (max-width: 867px) 100vw, 867px\" \/><\/figure>\n\n\n\n<figure class=\"wp-block-image size-large\"><img loading=\"lazy\" decoding=\"async\" width=\"1024\" height=\"688\" data-id=\"1001\" src=\"https:\/\/terrasdebasto.pt\/wp-content\/uploads\/2024\/07\/9-1-1024x688.jpg\" alt=\"\" class=\"wp-image-1001\" srcset=\"https:\/\/terrasdebasto.pt\/wp-content\/uploads\/2024\/07\/9-1-1024x688.jpg 1024w, https:\/\/terrasdebasto.pt\/wp-content\/uploads\/2024\/07\/9-1-300x202.jpg 300w, https:\/\/terrasdebasto.pt\/wp-content\/uploads\/2024\/07\/9-1-768x516.jpg 768w, https:\/\/terrasdebasto.pt\/wp-content\/uploads\/2024\/07\/9-1-1536x1033.jpg 1536w, https:\/\/terrasdebasto.pt\/wp-content\/uploads\/2024\/07\/9-1-150x101.jpg 150w, https:\/\/terrasdebasto.pt\/wp-content\/uploads\/2024\/07\/9-1-696x468.jpg 696w, https:\/\/terrasdebasto.pt\/wp-content\/uploads\/2024\/07\/9-1-1068x718.jpg 1068w, https:\/\/terrasdebasto.pt\/wp-content\/uploads\/2024\/07\/9-1.jpg 1660w\" sizes=\"auto, (max-width: 1024px) 100vw, 1024px\" \/><\/figure>\n\n\n\n<figure class=\"wp-block-image size-large\"><img loading=\"lazy\" decoding=\"async\" width=\"1024\" height=\"622\" data-id=\"1002\" src=\"https:\/\/terrasdebasto.pt\/wp-content\/uploads\/2024\/07\/10-8-1024x622.jpg\" alt=\"\" class=\"wp-image-1002\" srcset=\"https:\/\/terrasdebasto.pt\/wp-content\/uploads\/2024\/07\/10-8-1024x622.jpg 1024w, https:\/\/terrasdebasto.pt\/wp-content\/uploads\/2024\/07\/10-8-300x182.jpg 300w, https:\/\/terrasdebasto.pt\/wp-content\/uploads\/2024\/07\/10-8-768x466.jpg 768w, https:\/\/terrasdebasto.pt\/wp-content\/uploads\/2024\/07\/10-8-150x91.jpg 150w, https:\/\/terrasdebasto.pt\/wp-content\/uploads\/2024\/07\/10-8-696x423.jpg 696w, https:\/\/terrasdebasto.pt\/wp-content\/uploads\/2024\/07\/10-8-1068x648.jpg 1068w, https:\/\/terrasdebasto.pt\/wp-content\/uploads\/2024\/07\/10-8.jpg 1461w\" sizes=\"auto, (max-width: 1024px) 100vw, 1024px\" \/><\/figure>\n<\/figure>\n\n\n\n<figure class=\"wp-block-gallery has-nested-images columns-default is-cropped wp-block-gallery-2 is-layout-flex wp-block-gallery-is-layout-flex\">\n<figure class=\"wp-block-image size-large\"><img loading=\"lazy\" decoding=\"async\" width=\"1024\" height=\"568\" data-id=\"1007\" src=\"https:\/\/terrasdebasto.pt\/wp-content\/uploads\/2024\/07\/11-8-1024x568.jpg\" alt=\"\" class=\"wp-image-1007\" srcset=\"https:\/\/terrasdebasto.pt\/wp-content\/uploads\/2024\/07\/11-8-1024x568.jpg 1024w, https:\/\/terrasdebasto.pt\/wp-content\/uploads\/2024\/07\/11-8-300x166.jpg 300w, https:\/\/terrasdebasto.pt\/wp-content\/uploads\/2024\/07\/11-8-768x426.jpg 768w, https:\/\/terrasdebasto.pt\/wp-content\/uploads\/2024\/07\/11-8-1536x852.jpg 1536w, https:\/\/terrasdebasto.pt\/wp-content\/uploads\/2024\/07\/11-8-150x83.jpg 150w, https:\/\/terrasdebasto.pt\/wp-content\/uploads\/2024\/07\/11-8-696x386.jpg 696w, https:\/\/terrasdebasto.pt\/wp-content\/uploads\/2024\/07\/11-8-1068x592.jpg 1068w, https:\/\/terrasdebasto.pt\/wp-content\/uploads\/2024\/07\/11-8.jpg 1760w\" sizes=\"auto, (max-width: 1024px) 100vw, 1024px\" \/><\/figure>\n<\/figure>\n","protected":false},"excerpt":{"rendered":"<p>Mais de duas dezenas de alunos das escolas de Cerva, em Ribeira de Pena, foram agora distinguidos pelo seu m\u00e9rito escolar. A Gala Honoris, promovida pela autarquia local, aconteceu a 18 de julho no Parque de Lazer das Meadas. A iniciativa, que pretendeu reconhecer o m\u00e9rito dos estudantes \u00abque, atrav\u00e9s do seu esfor\u00e7o, prestigiam a [&hellip;]<\/p>\n","protected":false},"author":7,"featured_media":997,"comment_status":"open","ping_status":"open","sticky":false,"template":"","format":"standard","meta":{"footnotes":""},"categories":[11,26],"tags":[93,115,259,260,56],"class_list":{"0":"post-996","1":"post","2":"type-post","3":"status-publish","4":"format-standard","5":"has-post-thumbnail","7":"category-educacao","8":"category-ribeira-de-pena","9":"tag-cerva","10":"tag-educacao","11":"tag-gala-honoris","12":"tag-merito","13":"tag-ribeira-de-pena"},"yoast_head":"<!-- This site is optimized with the Yoast SEO plugin v25.7 - https:\/\/yoast.com\/wordpress\/plugins\/seo\/ -->\n<title>Cerva premiou alunos de m\u00e9rito - Jornal Terras de Basto<\/title>\n<meta name=\"description\" content=\"Mais de duas dezenas de alunos das escolas de Cerva, em Ribeira de Pena, foram agora distinguidos pelo seu m\u00e9rito escolar. A Gala Honoris, promovida pela autarquia local, aconteceu a 18 de julho no Parque de Lazer das Meadas.\" \/>\n<meta name=\"robots\" content=\"index, follow, max-snippet:-1, max-image-preview:large, max-video-preview:-1\" \/>\n<link rel=\"canonical\" href=\"https:\/\/terrasdebasto.pt\/?p=996\" \/>\n<meta property=\"og:locale\" content=\"pt_PT\" \/>\n<meta property=\"og:type\" content=\"article\" \/>\n<meta property=\"og:title\" content=\"Cerva premiou alunos de m\u00e9rito - Jornal Terras de Basto\" \/>\n<meta property=\"og:description\" content=\"Mais de duas dezenas de alunos das escolas de Cerva, em Ribeira de Pena, foram agora distinguidos pelo seu m\u00e9rito escolar. A Gala Honoris, promovida pela autarquia local, aconteceu a 18 de julho no Parque de Lazer das Meadas.\" \/>\n<meta property=\"og:url\" content=\"https:\/\/terrasdebasto.pt\/?p=996\" \/>\n<meta property=\"og:site_name\" content=\"Jornal Terras de Basto\" \/>\n<meta property=\"article:published_time\" content=\"2024-07-30T01:12:30+00:00\" \/>\n<meta property=\"article:modified_time\" content=\"2024-07-30T01:12:31+00:00\" \/>\n<meta property=\"og:image\" content=\"https:\/\/terrasdebasto.pt\/wp-content\/uploads\/2024\/07\/1-3.jpg\" \/>\n\t<meta property=\"og:image:width\" content=\"1060\" \/>\n\t<meta property=\"og:image:height\" content=\"736\" \/>\n\t<meta property=\"og:image:type\" content=\"image\/jpeg\" \/>\n<meta name=\"author\" content=\"Jo\u00e3o Paulo Mesquita\" \/>\n<meta name=\"twitter:card\" content=\"summary_large_image\" \/>\n<meta name=\"twitter:label1\" content=\"Escrito por\" \/>\n\t<meta name=\"twitter:data1\" content=\"Jo\u00e3o Paulo Mesquita\" \/>\n\t<meta name=\"twitter:label2\" content=\"Tempo estimado de leitura\" \/>\n\t<meta name=\"twitter:data2\" content=\"4 minutos\" \/>\n<script type=\"application\/ld+json\" class=\"yoast-schema-graph\">{\"@context\":\"https:\/\/schema.org\",\"@graph\":[{\"@type\":\"Article\",\"@id\":\"https:\/\/terrasdebasto.pt\/?p=996#article\",\"isPartOf\":{\"@id\":\"https:\/\/terrasdebasto.pt\/?p=996\"},\"author\":{\"name\":\"Jo\u00e3o Paulo Mesquita\",\"@id\":\"https:\/\/terrasdebasto.pt\/#\/schema\/person\/9f6739f5394ac65c802641773b278b84\"},\"headline\":\"Cerva premiou alunos de m\u00e9rito\",\"datePublished\":\"2024-07-30T01:12:30+00:00\",\"dateModified\":\"2024-07-30T01:12:31+00:00\",\"mainEntityOfPage\":{\"@id\":\"https:\/\/terrasdebasto.pt\/?p=996\"},\"wordCount\":222,\"commentCount\":0,\"publisher\":{\"@id\":\"https:\/\/terrasdebasto.pt\/#organization\"},\"image\":{\"@id\":\"https:\/\/terrasdebasto.pt\/?p=996#primaryimage\"},\"thumbnailUrl\":\"https:\/\/terrasdebasto.pt\/wp-content\/uploads\/2024\/07\/1-3.jpg\",\"keywords\":[\"Cerva\",\"Educa\u00e7\u00e3o\",\"Gala Honoris\",\"M\u00e9rito\",\"Ribeira de Pena\"],\"articleSection\":[\"Educa\u00e7\u00e3o\",\"Ribeira de Pena\"],\"inLanguage\":\"pt-PT\",\"potentialAction\":[{\"@type\":\"CommentAction\",\"name\":\"Comment\",\"target\":[\"https:\/\/terrasdebasto.pt\/?p=996#respond\"]}]},{\"@type\":\"WebPage\",\"@id\":\"https:\/\/terrasdebasto.pt\/?p=996\",\"url\":\"https:\/\/terrasdebasto.pt\/?p=996\",\"name\":\"Cerva premiou alunos de m\u00e9rito - Jornal Terras de Basto\",\"isPartOf\":{\"@id\":\"https:\/\/terrasdebasto.pt\/#website\"},\"primaryImageOfPage\":{\"@id\":\"https:\/\/terrasdebasto.pt\/?p=996#primaryimage\"},\"image\":{\"@id\":\"https:\/\/terrasdebasto.pt\/?p=996#primaryimage\"},\"thumbnailUrl\":\"https:\/\/terrasdebasto.pt\/wp-content\/uploads\/2024\/07\/1-3.jpg\",\"datePublished\":\"2024-07-30T01:12:30+00:00\",\"dateModified\":\"2024-07-30T01:12:31+00:00\",\"description\":\"Mais de duas dezenas de alunos das escolas de Cerva, em Ribeira de Pena, foram agora distinguidos pelo seu m\u00e9rito escolar. A Gala Honoris, promovida pela autarquia local, aconteceu a 18 de julho no Parque de Lazer das Meadas.\",\"breadcrumb\":{\"@id\":\"https:\/\/terrasdebasto.pt\/?p=996#breadcrumb\"},\"inLanguage\":\"pt-PT\",\"potentialAction\":[{\"@type\":\"ReadAction\",\"target\":[\"https:\/\/terrasdebasto.pt\/?p=996\"]}]},{\"@type\":\"ImageObject\",\"inLanguage\":\"pt-PT\",\"@id\":\"https:\/\/terrasdebasto.pt\/?p=996#primaryimage\",\"url\":\"https:\/\/terrasdebasto.pt\/wp-content\/uploads\/2024\/07\/1-3.jpg\",\"contentUrl\":\"https:\/\/terrasdebasto.pt\/wp-content\/uploads\/2024\/07\/1-3.jpg\",\"width\":1060,\"height\":736},{\"@type\":\"BreadcrumbList\",\"@id\":\"https:\/\/terrasdebasto.pt\/?p=996#breadcrumb\",\"itemListElement\":[{\"@type\":\"ListItem\",\"position\":1,\"name\":\"In\u00edcio\",\"item\":\"https:\/\/terrasdebasto.pt\/\"},{\"@type\":\"ListItem\",\"position\":2,\"name\":\"Cerva premiou alunos de m\u00e9rito\"}]},{\"@type\":\"WebSite\",\"@id\":\"https:\/\/terrasdebasto.pt\/#website\",\"url\":\"https:\/\/terrasdebasto.pt\/\",\"name\":\"Jornal Terras de Basto\",\"description\":\"\",\"publisher\":{\"@id\":\"https:\/\/terrasdebasto.pt\/#organization\"},\"potentialAction\":[{\"@type\":\"SearchAction\",\"target\":{\"@type\":\"EntryPoint\",\"urlTemplate\":\"https:\/\/terrasdebasto.pt\/?s={search_term_string}\"},\"query-input\":{\"@type\":\"PropertyValueSpecification\",\"valueRequired\":true,\"valueName\":\"search_term_string\"}}],\"inLanguage\":\"pt-PT\"},{\"@type\":\"Organization\",\"@id\":\"https:\/\/terrasdebasto.pt\/#organization\",\"name\":\"Jornal Terras de Basto\",\"url\":\"https:\/\/terrasdebasto.pt\/\",\"logo\":{\"@type\":\"ImageObject\",\"inLanguage\":\"pt-PT\",\"@id\":\"https:\/\/terrasdebasto.pt\/#\/schema\/logo\/image\/\",\"url\":\"https:\/\/terrasdebasto.pt\/wp-content\/uploads\/2024\/06\/LogoNormal.png\",\"contentUrl\":\"https:\/\/terrasdebasto.pt\/wp-content\/uploads\/2024\/06\/LogoNormal.png\",\"width\":5638,\"height\":809,\"caption\":\"Jornal Terras de Basto\"},\"image\":{\"@id\":\"https:\/\/terrasdebasto.pt\/#\/schema\/logo\/image\/\"}},{\"@type\":\"Person\",\"@id\":\"https:\/\/terrasdebasto.pt\/#\/schema\/person\/9f6739f5394ac65c802641773b278b84\",\"name\":\"Jo\u00e3o Paulo Mesquita\",\"image\":{\"@type\":\"ImageObject\",\"inLanguage\":\"pt-PT\",\"@id\":\"https:\/\/terrasdebasto.pt\/#\/schema\/person\/image\/\",\"url\":\"https:\/\/secure.gravatar.com\/avatar\/9bd0f299e6d96336664aab64354168246a3ee3287c47891c50d450e47ed9d7f9?s=96&d=mm&r=g\",\"contentUrl\":\"https:\/\/secure.gravatar.com\/avatar\/9bd0f299e6d96336664aab64354168246a3ee3287c47891c50d450e47ed9d7f9?s=96&d=mm&r=g\",\"caption\":\"Jo\u00e3o Paulo Mesquita\"},\"url\":\"https:\/\/terrasdebasto.pt\/?author=7\"}]}<\/script>\n<!-- \/ Yoast SEO plugin. -->","yoast_head_json":{"title":"Cerva premiou alunos de m\u00e9rito - Jornal Terras de Basto","description":"Mais de duas dezenas de alunos das escolas de Cerva, em Ribeira de Pena, foram agora distinguidos pelo seu m\u00e9rito escolar. A Gala Honoris, promovida pela autarquia local, aconteceu a 18 de julho no Parque de Lazer das Meadas.","robots":{"index":"index","follow":"follow","max-snippet":"max-snippet:-1","max-image-preview":"max-image-preview:large","max-video-preview":"max-video-preview:-1"},"canonical":"https:\/\/terrasdebasto.pt\/?p=996","og_locale":"pt_PT","og_type":"article","og_title":"Cerva premiou alunos de m\u00e9rito - Jornal Terras de Basto","og_description":"Mais de duas dezenas de alunos das escolas de Cerva, em Ribeira de Pena, foram agora distinguidos pelo seu m\u00e9rito escolar. A Gala Honoris, promovida pela autarquia local, aconteceu a 18 de julho no Parque de Lazer das Meadas.","og_url":"https:\/\/terrasdebasto.pt\/?p=996","og_site_name":"Jornal Terras de Basto","article_published_time":"2024-07-30T01:12:30+00:00","article_modified_time":"2024-07-30T01:12:31+00:00","og_image":[{"width":1060,"height":736,"url":"https:\/\/terrasdebasto.pt\/wp-content\/uploads\/2024\/07\/1-3.jpg","type":"image\/jpeg"}],"author":"Jo\u00e3o Paulo Mesquita","twitter_card":"summary_large_image","twitter_misc":{"Escrito por":"Jo\u00e3o Paulo Mesquita","Tempo estimado de leitura":"4 minutos"},"schema":{"@context":"https:\/\/schema.org","@graph":[{"@type":"Article","@id":"https:\/\/terrasdebasto.pt\/?p=996#article","isPartOf":{"@id":"https:\/\/terrasdebasto.pt\/?p=996"},"author":{"name":"Jo\u00e3o Paulo Mesquita","@id":"https:\/\/terrasdebasto.pt\/#\/schema\/person\/9f6739f5394ac65c802641773b278b84"},"headline":"Cerva premiou alunos de m\u00e9rito","datePublished":"2024-07-30T01:12:30+00:00","dateModified":"2024-07-30T01:12:31+00:00","mainEntityOfPage":{"@id":"https:\/\/terrasdebasto.pt\/?p=996"},"wordCount":222,"commentCount":0,"publisher":{"@id":"https:\/\/terrasdebasto.pt\/#organization"},"image":{"@id":"https:\/\/terrasdebasto.pt\/?p=996#primaryimage"},"thumbnailUrl":"https:\/\/terrasdebasto.pt\/wp-content\/uploads\/2024\/07\/1-3.jpg","keywords":["Cerva","Educa\u00e7\u00e3o","Gala Honoris","M\u00e9rito","Ribeira de Pena"],"articleSection":["Educa\u00e7\u00e3o","Ribeira de Pena"],"inLanguage":"pt-PT","potentialAction":[{"@type":"CommentAction","name":"Comment","target":["https:\/\/terrasdebasto.pt\/?p=996#respond"]}]},{"@type":"WebPage","@id":"https:\/\/terrasdebasto.pt\/?p=996","url":"https:\/\/terrasdebasto.pt\/?p=996","name":"Cerva premiou alunos de m\u00e9rito - Jornal Terras de Basto","isPartOf":{"@id":"https:\/\/terrasdebasto.pt\/#website"},"primaryImageOfPage":{"@id":"https:\/\/terrasdebasto.pt\/?p=996#primaryimage"},"image":{"@id":"https:\/\/terrasdebasto.pt\/?p=996#primaryimage"},"thumbnailUrl":"https:\/\/terrasdebasto.pt\/wp-content\/uploads\/2024\/07\/1-3.jpg","datePublished":"2024-07-30T01:12:30+00:00","dateModified":"2024-07-30T01:12:31+00:00","description":"Mais de duas dezenas de alunos das escolas de Cerva, em Ribeira de Pena, foram agora distinguidos pelo seu m\u00e9rito escolar. A Gala Honoris, promovida pela autarquia local, aconteceu a 18 de julho no Parque de Lazer das Meadas.","breadcrumb":{"@id":"https:\/\/terrasdebasto.pt\/?p=996#breadcrumb"},"inLanguage":"pt-PT","potentialAction":[{"@type":"ReadAction","target":["https:\/\/terrasdebasto.pt\/?p=996"]}]},{"@type":"ImageObject","inLanguage":"pt-PT","@id":"https:\/\/terrasdebasto.pt\/?p=996#primaryimage","url":"https:\/\/terrasdebasto.pt\/wp-content\/uploads\/2024\/07\/1-3.jpg","contentUrl":"https:\/\/terrasdebasto.pt\/wp-content\/uploads\/2024\/07\/1-3.jpg","width":1060,"height":736},{"@type":"BreadcrumbList","@id":"https:\/\/terrasdebasto.pt\/?p=996#breadcrumb","itemListElement":[{"@type":"ListItem","position":1,"name":"In\u00edcio","item":"https:\/\/terrasdebasto.pt\/"},{"@type":"ListItem","position":2,"name":"Cerva premiou alunos de m\u00e9rito"}]},{"@type":"WebSite","@id":"https:\/\/terrasdebasto.pt\/#website","url":"https:\/\/terrasdebasto.pt\/","name":"Jornal Terras de Basto","description":"","publisher":{"@id":"https:\/\/terrasdebasto.pt\/#organization"},"potentialAction":[{"@type":"SearchAction","target":{"@type":"EntryPoint","urlTemplate":"https:\/\/terrasdebasto.pt\/?s={search_term_string}"},"query-input":{"@type":"PropertyValueSpecification","valueRequired":true,"valueName":"search_term_string"}}],"inLanguage":"pt-PT"},{"@type":"Organization","@id":"https:\/\/terrasdebasto.pt\/#organization","name":"Jornal Terras de Basto","url":"https:\/\/terrasdebasto.pt\/","logo":{"@type":"ImageObject","inLanguage":"pt-PT","@id":"https:\/\/terrasdebasto.pt\/#\/schema\/logo\/image\/","url":"https:\/\/terrasdebasto.pt\/wp-content\/uploads\/2024\/06\/LogoNormal.png","contentUrl":"https:\/\/terrasdebasto.pt\/wp-content\/uploads\/2024\/06\/LogoNormal.png","width":5638,"height":809,"caption":"Jornal Terras de Basto"},"image":{"@id":"https:\/\/terrasdebasto.pt\/#\/schema\/logo\/image\/"}},{"@type":"Person","@id":"https:\/\/terrasdebasto.pt\/#\/schema\/person\/9f6739f5394ac65c802641773b278b84","name":"Jo\u00e3o Paulo Mesquita","image":{"@type":"ImageObject","inLanguage":"pt-PT","@id":"https:\/\/terrasdebasto.pt\/#\/schema\/person\/image\/","url":"https:\/\/secure.gravatar.com\/avatar\/9bd0f299e6d96336664aab64354168246a3ee3287c47891c50d450e47ed9d7f9?s=96&d=mm&r=g","contentUrl":"https:\/\/secure.gravatar.com\/avatar\/9bd0f299e6d96336664aab64354168246a3ee3287c47891c50d450e47ed9d7f9?s=96&d=mm&r=g","caption":"Jo\u00e3o Paulo Mesquita"},"url":"https:\/\/terrasdebasto.pt\/?author=7"}]}},"_links":{"self":[{"href":"https:\/\/terrasdebasto.pt\/index.php?rest_route=\/wp\/v2\/posts\/996","targetHints":{"allow":["GET"]}}],"collection":[{"href":"https:\/\/terrasdebasto.pt\/index.php?rest_route=\/wp\/v2\/posts"}],"about":[{"href":"https:\/\/terrasdebasto.pt\/index.php?rest_route=\/wp\/v2\/types\/post"}],"author":[{"embeddable":true,"href":"https:\/\/terrasdebasto.pt\/index.php?rest_route=\/wp\/v2\/users\/7"}],"replies":[{"embeddable":true,"href":"https:\/\/terrasdebasto.pt\/index.php?rest_route=%2Fwp%2Fv2%2Fcomments&post=996"}],"version-history":[{"count":1,"href":"https:\/\/terrasdebasto.pt\/index.php?rest_route=\/wp\/v2\/posts\/996\/revisions"}],"predecessor-version":[{"id":1008,"href":"https:\/\/terrasdebasto.pt\/index.php?rest_route=\/wp\/v2\/posts\/996\/revisions\/1008"}],"wp:featuredmedia":[{"embeddable":true,"href":"https:\/\/terrasdebasto.pt\/index.php?rest_route=\/wp\/v2\/media\/997"}],"wp:attachment":[{"href":"https:\/\/terrasdebasto.pt\/index.php?rest_route=%2Fwp%2Fv2%2Fmedia&parent=996"}],"wp:term":[{"taxonomy":"category","embeddable":true,"href":"https:\/\/terrasdebasto.pt\/index.php?rest_route=%2Fwp%2Fv2%2Fcategories&post=996"},{"taxonomy":"post_tag","embeddable":true,"href":"https:\/\/terrasdebasto.pt\/index.php?rest_route=%2Fwp%2Fv2%2Ftags&post=996"}],"curies":[{"name":"wp","href":"https:\/\/api.w.org\/{rel}","templated":true}]}}