{"id":708,"date":"2024-07-22T11:22:39","date_gmt":"2024-07-22T11:22:39","guid":{"rendered":"https:\/\/terrasdebasto.pt\/?p=708"},"modified":"2024-07-22T11:22:40","modified_gmt":"2024-07-22T11:22:40","slug":"hugo-oliveira-assume-farmacia-moutinho","status":"publish","type":"post","link":"https:\/\/terrasdebasto.pt\/?p=708","title":{"rendered":"Hugo Oliveira assume \u201cFarm\u00e1cia Moutinho\u201d"},"content":{"rendered":"\n<p><strong>Hugo Oliveira vai assumir agora a dire\u00e7\u00e3o t\u00e9cnica da centen\u00e1ria \u201cFarm\u00e1cia Moutinho\u201d,de Cabeceiras de Basto, anunciou a entidade propriet\u00e1ria, a Fam\u00edlia Oliveira.<\/strong><\/p>\n\n\n\n<p>O an\u00fancio \u00e9 feito a prop\u00f3sito da expans\u00e3o do neg\u00f3cio familiar, atrav\u00e9s de uma nova loja, a \u201cFarm\u00e1cia Bessa\u201d, em Oliveira de Azem\u00e9is, onde Ernesto Oliveira \u00abir\u00e1 prosseguir a sua atividade\u00bb.<\/p>\n\n\n\n<p>\u00abSinto-me grato a todos os clientes, colegas e amigos, por tudo o que aprendi e por todas as pessoas extraordin\u00e1rias que conheci durante importantes anos de vida; vamos continuar a explorar novos horizontes, sempre com a premissa da qualidade, rigor, profissionalismo, proximidade e contribuindo para a sa\u00fade e o bem-estar da popula\u00e7\u00e3o que servimos\u00bb, diz Ernesto Oliveira, citado numa nota da \u201cFarm\u00e1cia Moutinho\u201d.<\/p>\n\n\n\n<p>O novel diretor t\u00e9cnico da unidade de farm\u00e1cia cabeceirense considera, por seu turno, que \u00abeste \u00e9 um &#8220;next level&#8221; para a fam\u00edlia\u00bb, assumindo-se preparado para assumir as responsabilidades. \u00abO nosso maior objetivo \u00e9 seguir com a qualidade e atendimento de excel\u00eancia aos nossos utentes\u00bb, diz Hugo Oliveira.<\/p>\n\n\n\n<p>Ernesto Oliveira, propriet\u00e1rio da \u201cFarm\u00e1cia Moutinho\u201d h\u00e1 mais de 50 anos, expressa \u00aborgulho e satisfa\u00e7\u00e3o\u00bb por \u00abver os filhos continuarem a escrever a hist\u00f3ria profissional da fam\u00edlia\u00bb. \u00abO setor farmac\u00eautico exige muita dedica\u00e7\u00e3o e eles est\u00e3o mais do que capacitados\u00bb, garante.<\/p>\n","protected":false},"excerpt":{"rendered":"<p>Hugo Oliveira vai assumir agora a dire\u00e7\u00e3o t\u00e9cnica da centen\u00e1ria \u201cFarm\u00e1cia Moutinho\u201d,de Cabeceiras de Basto, anunciou a entidade propriet\u00e1ria, a Fam\u00edlia Oliveira. O an\u00fancio \u00e9 feito a prop\u00f3sito da expans\u00e3o do neg\u00f3cio familiar, atrav\u00e9s de uma nova loja, a \u201cFarm\u00e1cia Bessa\u201d, em Oliveira de Azem\u00e9is, onde Ernesto Oliveira \u00abir\u00e1 prosseguir a sua atividade\u00bb. \u00abSinto-me grato [&hellip;]<\/p>\n","protected":false},"author":7,"featured_media":709,"comment_status":"open","ping_status":"open","sticky":false,"template":"","format":"standard","meta":{"footnotes":""},"categories":[12,10,9],"tags":[29,186,187,185],"class_list":{"0":"post-708","1":"post","2":"type-post","3":"status-publish","4":"format-standard","5":"has-post-thumbnail","7":"category-cabeceiras-de-basto","8":"category-saude","9":"category-terras-de-basto","10":"tag-cabeceiras-de-basto","11":"tag-farmacia","12":"tag-farmacia-moutinho","13":"tag-saude"},"yoast_head":"<!-- This site is optimized with the Yoast SEO plugin v25.7 - https:\/\/yoast.com\/wordpress\/plugins\/seo\/ -->\n<title>Hugo Oliveira assume \u201cFarm\u00e1cia Moutinho\u201d - Jornal Terras de Basto<\/title>\n<meta name=\"description\" content=\"Hugo Oliveira vai assumir agora a dire\u00e7\u00e3o t\u00e9cnica da centen\u00e1ria \u201cFarm\u00e1cia Moutinho\u201d,de Cabeceiras de Basto, anunciou a entidade propriet\u00e1ria, a Fam\u00edlia Oliveira. O an\u00fancio \u00e9 feito a prop\u00f3sito da expans\u00e3o do neg\u00f3cio familiar, atrav\u00e9s de uma nova loja, a \u201cFarm\u00e1cia Bessa\u201d, em Oliveira de Azem\u00e9is, onde Ernesto Oliveira \u00abir\u00e1 prosseguir a sua atividade\u00bb.\" \/>\n<meta name=\"robots\" content=\"index, follow, max-snippet:-1, max-image-preview:large, max-video-preview:-1\" \/>\n<link rel=\"canonical\" href=\"https:\/\/terrasdebasto.pt\/?p=708\" \/>\n<meta property=\"og:locale\" content=\"pt_PT\" \/>\n<meta property=\"og:type\" content=\"article\" \/>\n<meta property=\"og:title\" content=\"Hugo Oliveira assume \u201cFarm\u00e1cia Moutinho\u201d - Jornal Terras de Basto\" \/>\n<meta property=\"og:description\" content=\"Hugo Oliveira vai assumir agora a dire\u00e7\u00e3o t\u00e9cnica da centen\u00e1ria \u201cFarm\u00e1cia Moutinho\u201d,de Cabeceiras de Basto, anunciou a entidade propriet\u00e1ria, a Fam\u00edlia Oliveira. O an\u00fancio \u00e9 feito a prop\u00f3sito da expans\u00e3o do neg\u00f3cio familiar, atrav\u00e9s de uma nova loja, a \u201cFarm\u00e1cia Bessa\u201d, em Oliveira de Azem\u00e9is, onde Ernesto Oliveira \u00abir\u00e1 prosseguir a sua atividade\u00bb.\" \/>\n<meta property=\"og:url\" content=\"https:\/\/terrasdebasto.pt\/?p=708\" \/>\n<meta property=\"og:site_name\" content=\"Jornal Terras de Basto\" \/>\n<meta property=\"article:published_time\" content=\"2024-07-22T11:22:39+00:00\" \/>\n<meta property=\"article:modified_time\" content=\"2024-07-22T11:22:40+00:00\" \/>\n<meta property=\"og:image\" content=\"https:\/\/terrasdebasto.pt\/wp-content\/uploads\/2024\/07\/FARMACIA-MOUTINHO.jpg\" \/>\n\t<meta property=\"og:image:width\" content=\"1536\" \/>\n\t<meta property=\"og:image:height\" content=\"1257\" \/>\n\t<meta property=\"og:image:type\" content=\"image\/jpeg\" \/>\n<meta name=\"author\" content=\"Jo\u00e3o Paulo Mesquita\" \/>\n<meta name=\"twitter:card\" content=\"summary_large_image\" \/>\n<meta name=\"twitter:label1\" content=\"Escrito por\" \/>\n\t<meta name=\"twitter:data1\" content=\"Jo\u00e3o Paulo Mesquita\" \/>\n\t<meta name=\"twitter:label2\" content=\"Tempo estimado de leitura\" \/>\n\t<meta name=\"twitter:data2\" content=\"2 minutos\" \/>\n<script type=\"application\/ld+json\" class=\"yoast-schema-graph\">{\"@context\":\"https:\/\/schema.org\",\"@graph\":[{\"@type\":\"Article\",\"@id\":\"https:\/\/terrasdebasto.pt\/?p=708#article\",\"isPartOf\":{\"@id\":\"https:\/\/terrasdebasto.pt\/?p=708\"},\"author\":{\"name\":\"Jo\u00e3o Paulo Mesquita\",\"@id\":\"https:\/\/terrasdebasto.pt\/#\/schema\/person\/9f6739f5394ac65c802641773b278b84\"},\"headline\":\"Hugo Oliveira assume \u201cFarm\u00e1cia Moutinho\u201d\",\"datePublished\":\"2024-07-22T11:22:39+00:00\",\"dateModified\":\"2024-07-22T11:22:40+00:00\",\"mainEntityOfPage\":{\"@id\":\"https:\/\/terrasdebasto.pt\/?p=708\"},\"wordCount\":236,\"commentCount\":0,\"publisher\":{\"@id\":\"https:\/\/terrasdebasto.pt\/#organization\"},\"image\":{\"@id\":\"https:\/\/terrasdebasto.pt\/?p=708#primaryimage\"},\"thumbnailUrl\":\"https:\/\/terrasdebasto.pt\/wp-content\/uploads\/2024\/07\/FARMACIA-MOUTINHO.jpg\",\"keywords\":[\"Cabeceiras de Basto\",\"farm\u00e1cia\",\"Farm\u00e1cia Moutinho\",\"Sa\u00fade\"],\"articleSection\":[\"Cabeceiras de Basto\",\"Sa\u00fade\",\"Terras de Basto\"],\"inLanguage\":\"pt-PT\",\"potentialAction\":[{\"@type\":\"CommentAction\",\"name\":\"Comment\",\"target\":[\"https:\/\/terrasdebasto.pt\/?p=708#respond\"]}]},{\"@type\":\"WebPage\",\"@id\":\"https:\/\/terrasdebasto.pt\/?p=708\",\"url\":\"https:\/\/terrasdebasto.pt\/?p=708\",\"name\":\"Hugo Oliveira assume \u201cFarm\u00e1cia Moutinho\u201d - Jornal Terras de Basto\",\"isPartOf\":{\"@id\":\"https:\/\/terrasdebasto.pt\/#website\"},\"primaryImageOfPage\":{\"@id\":\"https:\/\/terrasdebasto.pt\/?p=708#primaryimage\"},\"image\":{\"@id\":\"https:\/\/terrasdebasto.pt\/?p=708#primaryimage\"},\"thumbnailUrl\":\"https:\/\/terrasdebasto.pt\/wp-content\/uploads\/2024\/07\/FARMACIA-MOUTINHO.jpg\",\"datePublished\":\"2024-07-22T11:22:39+00:00\",\"dateModified\":\"2024-07-22T11:22:40+00:00\",\"description\":\"Hugo Oliveira vai assumir agora a dire\u00e7\u00e3o t\u00e9cnica da centen\u00e1ria \u201cFarm\u00e1cia Moutinho\u201d,de Cabeceiras de Basto, anunciou a entidade propriet\u00e1ria, a Fam\u00edlia Oliveira. O an\u00fancio \u00e9 feito a prop\u00f3sito da expans\u00e3o do neg\u00f3cio familiar, atrav\u00e9s de uma nova loja, a \u201cFarm\u00e1cia Bessa\u201d, em Oliveira de Azem\u00e9is, onde Ernesto Oliveira \u00abir\u00e1 prosseguir a sua atividade\u00bb.\",\"breadcrumb\":{\"@id\":\"https:\/\/terrasdebasto.pt\/?p=708#breadcrumb\"},\"inLanguage\":\"pt-PT\",\"potentialAction\":[{\"@type\":\"ReadAction\",\"target\":[\"https:\/\/terrasdebasto.pt\/?p=708\"]}]},{\"@type\":\"ImageObject\",\"inLanguage\":\"pt-PT\",\"@id\":\"https:\/\/terrasdebasto.pt\/?p=708#primaryimage\",\"url\":\"https:\/\/terrasdebasto.pt\/wp-content\/uploads\/2024\/07\/FARMACIA-MOUTINHO.jpg\",\"contentUrl\":\"https:\/\/terrasdebasto.pt\/wp-content\/uploads\/2024\/07\/FARMACIA-MOUTINHO.jpg\",\"width\":1536,\"height\":1257},{\"@type\":\"BreadcrumbList\",\"@id\":\"https:\/\/terrasdebasto.pt\/?p=708#breadcrumb\",\"itemListElement\":[{\"@type\":\"ListItem\",\"position\":1,\"name\":\"In\u00edcio\",\"item\":\"https:\/\/terrasdebasto.pt\/\"},{\"@type\":\"ListItem\",\"position\":2,\"name\":\"Hugo Oliveira assume \u201cFarm\u00e1cia Moutinho\u201d\"}]},{\"@type\":\"WebSite\",\"@id\":\"https:\/\/terrasdebasto.pt\/#website\",\"url\":\"https:\/\/terrasdebasto.pt\/\",\"name\":\"Jornal Terras de Basto\",\"description\":\"\",\"publisher\":{\"@id\":\"https:\/\/terrasdebasto.pt\/#organization\"},\"potentialAction\":[{\"@type\":\"SearchAction\",\"target\":{\"@type\":\"EntryPoint\",\"urlTemplate\":\"https:\/\/terrasdebasto.pt\/?s={search_term_string}\"},\"query-input\":{\"@type\":\"PropertyValueSpecification\",\"valueRequired\":true,\"valueName\":\"search_term_string\"}}],\"inLanguage\":\"pt-PT\"},{\"@type\":\"Organization\",\"@id\":\"https:\/\/terrasdebasto.pt\/#organization\",\"name\":\"Jornal Terras de Basto\",\"url\":\"https:\/\/terrasdebasto.pt\/\",\"logo\":{\"@type\":\"ImageObject\",\"inLanguage\":\"pt-PT\",\"@id\":\"https:\/\/terrasdebasto.pt\/#\/schema\/logo\/image\/\",\"url\":\"https:\/\/terrasdebasto.pt\/wp-content\/uploads\/2024\/06\/LogoNormal.png\",\"contentUrl\":\"https:\/\/terrasdebasto.pt\/wp-content\/uploads\/2024\/06\/LogoNormal.png\",\"width\":5638,\"height\":809,\"caption\":\"Jornal Terras de Basto\"},\"image\":{\"@id\":\"https:\/\/terrasdebasto.pt\/#\/schema\/logo\/image\/\"}},{\"@type\":\"Person\",\"@id\":\"https:\/\/terrasdebasto.pt\/#\/schema\/person\/9f6739f5394ac65c802641773b278b84\",\"name\":\"Jo\u00e3o Paulo Mesquita\",\"image\":{\"@type\":\"ImageObject\",\"inLanguage\":\"pt-PT\",\"@id\":\"https:\/\/terrasdebasto.pt\/#\/schema\/person\/image\/\",\"url\":\"https:\/\/secure.gravatar.com\/avatar\/9bd0f299e6d96336664aab64354168246a3ee3287c47891c50d450e47ed9d7f9?s=96&d=mm&r=g\",\"contentUrl\":\"https:\/\/secure.gravatar.com\/avatar\/9bd0f299e6d96336664aab64354168246a3ee3287c47891c50d450e47ed9d7f9?s=96&d=mm&r=g\",\"caption\":\"Jo\u00e3o Paulo Mesquita\"},\"url\":\"https:\/\/terrasdebasto.pt\/?author=7\"}]}<\/script>\n<!-- \/ Yoast SEO plugin. -->","yoast_head_json":{"title":"Hugo Oliveira assume \u201cFarm\u00e1cia Moutinho\u201d - Jornal Terras de Basto","description":"Hugo Oliveira vai assumir agora a dire\u00e7\u00e3o t\u00e9cnica da centen\u00e1ria \u201cFarm\u00e1cia Moutinho\u201d,de Cabeceiras de Basto, anunciou a entidade propriet\u00e1ria, a Fam\u00edlia Oliveira. O an\u00fancio \u00e9 feito a prop\u00f3sito da expans\u00e3o do neg\u00f3cio familiar, atrav\u00e9s de uma nova loja, a \u201cFarm\u00e1cia Bessa\u201d, em Oliveira de Azem\u00e9is, onde Ernesto Oliveira \u00abir\u00e1 prosseguir a sua atividade\u00bb.","robots":{"index":"index","follow":"follow","max-snippet":"max-snippet:-1","max-image-preview":"max-image-preview:large","max-video-preview":"max-video-preview:-1"},"canonical":"https:\/\/terrasdebasto.pt\/?p=708","og_locale":"pt_PT","og_type":"article","og_title":"Hugo Oliveira assume \u201cFarm\u00e1cia Moutinho\u201d - Jornal Terras de Basto","og_description":"Hugo Oliveira vai assumir agora a dire\u00e7\u00e3o t\u00e9cnica da centen\u00e1ria \u201cFarm\u00e1cia Moutinho\u201d,de Cabeceiras de Basto, anunciou a entidade propriet\u00e1ria, a Fam\u00edlia Oliveira. O an\u00fancio \u00e9 feito a prop\u00f3sito da expans\u00e3o do neg\u00f3cio familiar, atrav\u00e9s de uma nova loja, a \u201cFarm\u00e1cia Bessa\u201d, em Oliveira de Azem\u00e9is, onde Ernesto Oliveira \u00abir\u00e1 prosseguir a sua atividade\u00bb.","og_url":"https:\/\/terrasdebasto.pt\/?p=708","og_site_name":"Jornal Terras de Basto","article_published_time":"2024-07-22T11:22:39+00:00","article_modified_time":"2024-07-22T11:22:40+00:00","og_image":[{"width":1536,"height":1257,"url":"https:\/\/terrasdebasto.pt\/wp-content\/uploads\/2024\/07\/FARMACIA-MOUTINHO.jpg","type":"image\/jpeg"}],"author":"Jo\u00e3o Paulo Mesquita","twitter_card":"summary_large_image","twitter_misc":{"Escrito por":"Jo\u00e3o Paulo Mesquita","Tempo estimado de leitura":"2 minutos"},"schema":{"@context":"https:\/\/schema.org","@graph":[{"@type":"Article","@id":"https:\/\/terrasdebasto.pt\/?p=708#article","isPartOf":{"@id":"https:\/\/terrasdebasto.pt\/?p=708"},"author":{"name":"Jo\u00e3o Paulo Mesquita","@id":"https:\/\/terrasdebasto.pt\/#\/schema\/person\/9f6739f5394ac65c802641773b278b84"},"headline":"Hugo Oliveira assume \u201cFarm\u00e1cia Moutinho\u201d","datePublished":"2024-07-22T11:22:39+00:00","dateModified":"2024-07-22T11:22:40+00:00","mainEntityOfPage":{"@id":"https:\/\/terrasdebasto.pt\/?p=708"},"wordCount":236,"commentCount":0,"publisher":{"@id":"https:\/\/terrasdebasto.pt\/#organization"},"image":{"@id":"https:\/\/terrasdebasto.pt\/?p=708#primaryimage"},"thumbnailUrl":"https:\/\/terrasdebasto.pt\/wp-content\/uploads\/2024\/07\/FARMACIA-MOUTINHO.jpg","keywords":["Cabeceiras de Basto","farm\u00e1cia","Farm\u00e1cia Moutinho","Sa\u00fade"],"articleSection":["Cabeceiras de Basto","Sa\u00fade","Terras de Basto"],"inLanguage":"pt-PT","potentialAction":[{"@type":"CommentAction","name":"Comment","target":["https:\/\/terrasdebasto.pt\/?p=708#respond"]}]},{"@type":"WebPage","@id":"https:\/\/terrasdebasto.pt\/?p=708","url":"https:\/\/terrasdebasto.pt\/?p=708","name":"Hugo Oliveira assume \u201cFarm\u00e1cia Moutinho\u201d - Jornal Terras de Basto","isPartOf":{"@id":"https:\/\/terrasdebasto.pt\/#website"},"primaryImageOfPage":{"@id":"https:\/\/terrasdebasto.pt\/?p=708#primaryimage"},"image":{"@id":"https:\/\/terrasdebasto.pt\/?p=708#primaryimage"},"thumbnailUrl":"https:\/\/terrasdebasto.pt\/wp-content\/uploads\/2024\/07\/FARMACIA-MOUTINHO.jpg","datePublished":"2024-07-22T11:22:39+00:00","dateModified":"2024-07-22T11:22:40+00:00","description":"Hugo Oliveira vai assumir agora a dire\u00e7\u00e3o t\u00e9cnica da centen\u00e1ria \u201cFarm\u00e1cia Moutinho\u201d,de Cabeceiras de Basto, anunciou a entidade propriet\u00e1ria, a Fam\u00edlia Oliveira. O an\u00fancio \u00e9 feito a prop\u00f3sito da expans\u00e3o do neg\u00f3cio familiar, atrav\u00e9s de uma nova loja, a \u201cFarm\u00e1cia Bessa\u201d, em Oliveira de Azem\u00e9is, onde Ernesto Oliveira \u00abir\u00e1 prosseguir a sua atividade\u00bb.","breadcrumb":{"@id":"https:\/\/terrasdebasto.pt\/?p=708#breadcrumb"},"inLanguage":"pt-PT","potentialAction":[{"@type":"ReadAction","target":["https:\/\/terrasdebasto.pt\/?p=708"]}]},{"@type":"ImageObject","inLanguage":"pt-PT","@id":"https:\/\/terrasdebasto.pt\/?p=708#primaryimage","url":"https:\/\/terrasdebasto.pt\/wp-content\/uploads\/2024\/07\/FARMACIA-MOUTINHO.jpg","contentUrl":"https:\/\/terrasdebasto.pt\/wp-content\/uploads\/2024\/07\/FARMACIA-MOUTINHO.jpg","width":1536,"height":1257},{"@type":"BreadcrumbList","@id":"https:\/\/terrasdebasto.pt\/?p=708#breadcrumb","itemListElement":[{"@type":"ListItem","position":1,"name":"In\u00edcio","item":"https:\/\/terrasdebasto.pt\/"},{"@type":"ListItem","position":2,"name":"Hugo Oliveira assume \u201cFarm\u00e1cia Moutinho\u201d"}]},{"@type":"WebSite","@id":"https:\/\/terrasdebasto.pt\/#website","url":"https:\/\/terrasdebasto.pt\/","name":"Jornal Terras de Basto","description":"","publisher":{"@id":"https:\/\/terrasdebasto.pt\/#organization"},"potentialAction":[{"@type":"SearchAction","target":{"@type":"EntryPoint","urlTemplate":"https:\/\/terrasdebasto.pt\/?s={search_term_string}"},"query-input":{"@type":"PropertyValueSpecification","valueRequired":true,"valueName":"search_term_string"}}],"inLanguage":"pt-PT"},{"@type":"Organization","@id":"https:\/\/terrasdebasto.pt\/#organization","name":"Jornal Terras de Basto","url":"https:\/\/terrasdebasto.pt\/","logo":{"@type":"ImageObject","inLanguage":"pt-PT","@id":"https:\/\/terrasdebasto.pt\/#\/schema\/logo\/image\/","url":"https:\/\/terrasdebasto.pt\/wp-content\/uploads\/2024\/06\/LogoNormal.png","contentUrl":"https:\/\/terrasdebasto.pt\/wp-content\/uploads\/2024\/06\/LogoNormal.png","width":5638,"height":809,"caption":"Jornal Terras de Basto"},"image":{"@id":"https:\/\/terrasdebasto.pt\/#\/schema\/logo\/image\/"}},{"@type":"Person","@id":"https:\/\/terrasdebasto.pt\/#\/schema\/person\/9f6739f5394ac65c802641773b278b84","name":"Jo\u00e3o Paulo Mesquita","image":{"@type":"ImageObject","inLanguage":"pt-PT","@id":"https:\/\/terrasdebasto.pt\/#\/schema\/person\/image\/","url":"https:\/\/secure.gravatar.com\/avatar\/9bd0f299e6d96336664aab64354168246a3ee3287c47891c50d450e47ed9d7f9?s=96&d=mm&r=g","contentUrl":"https:\/\/secure.gravatar.com\/avatar\/9bd0f299e6d96336664aab64354168246a3ee3287c47891c50d450e47ed9d7f9?s=96&d=mm&r=g","caption":"Jo\u00e3o Paulo Mesquita"},"url":"https:\/\/terrasdebasto.pt\/?author=7"}]}},"_links":{"self":[{"href":"https:\/\/terrasdebasto.pt\/index.php?rest_route=\/wp\/v2\/posts\/708","targetHints":{"allow":["GET"]}}],"collection":[{"href":"https:\/\/terrasdebasto.pt\/index.php?rest_route=\/wp\/v2\/posts"}],"about":[{"href":"https:\/\/terrasdebasto.pt\/index.php?rest_route=\/wp\/v2\/types\/post"}],"author":[{"embeddable":true,"href":"https:\/\/terrasdebasto.pt\/index.php?rest_route=\/wp\/v2\/users\/7"}],"replies":[{"embeddable":true,"href":"https:\/\/terrasdebasto.pt\/index.php?rest_route=%2Fwp%2Fv2%2Fcomments&post=708"}],"version-history":[{"count":1,"href":"https:\/\/terrasdebasto.pt\/index.php?rest_route=\/wp\/v2\/posts\/708\/revisions"}],"predecessor-version":[{"id":710,"href":"https:\/\/terrasdebasto.pt\/index.php?rest_route=\/wp\/v2\/posts\/708\/revisions\/710"}],"wp:featuredmedia":[{"embeddable":true,"href":"https:\/\/terrasdebasto.pt\/index.php?rest_route=\/wp\/v2\/media\/709"}],"wp:attachment":[{"href":"https:\/\/terrasdebasto.pt\/index.php?rest_route=%2Fwp%2Fv2%2Fmedia&parent=708"}],"wp:term":[{"taxonomy":"category","embeddable":true,"href":"https:\/\/terrasdebasto.pt\/index.php?rest_route=%2Fwp%2Fv2%2Fcategories&post=708"},{"taxonomy":"post_tag","embeddable":true,"href":"https:\/\/terrasdebasto.pt\/index.php?rest_route=%2Fwp%2Fv2%2Ftags&post=708"}],"curies":[{"name":"wp","href":"https:\/\/api.w.org\/{rel}","templated":true}]}}