{"id":704,"date":"2024-07-22T10:59:19","date_gmt":"2024-07-22T10:59:19","guid":{"rendered":"https:\/\/terrasdebasto.pt\/?p=704"},"modified":"2024-07-22T10:59:20","modified_gmt":"2024-07-22T10:59:20","slug":"moimenta-comecou-o-alargamento-da-estrada","status":"publish","type":"post","link":"https:\/\/terrasdebasto.pt\/?p=704","title":{"rendered":"Moimenta: come\u00e7ou o alargamento da estrada"},"content":{"rendered":"\n<p><strong>Come\u00e7aram esta manh\u00e3 de segunda-feira (22) as obras de alargamento e corre\u00e7\u00e3o de algumas curvas da Estrada Municipal n.\u00ba 518, em Moimenta &#8211; Cavez, Cabeceiras de Basto, \u00abuma velha reivindica\u00e7\u00e3o da popula\u00e7\u00e3o\u00bb local.<\/strong><\/p>\n\n\n\n<p>Esta reivindica\u00e7\u00e3o \u2013 tal como Terras de Basto lembrou h\u00e1 dias \u2013 levou mesmo ao boicote das elei\u00e7\u00f5es presidenciais de 2021 naquela localidade, num movimento que emergiu ent\u00e3o da sociedade civil e a que n\u00e3o aderiram as autarquias locais.<\/p>\n\n\n\n<p>Agora, o munic\u00edpio delegou na Junta de Freguesia de Cavez a execu\u00e7\u00e3o da obra, que ter\u00e1 uma \u00abdura\u00e7\u00e3o m\u00e1xima de dois meses\u00bb. \u00abA estrada estar\u00e1 cortada das 8h00 \u00e0s 18h00, entre a Rua Ant\u00f3nio Lu\u00eds Machado (entroncamento com a EN 206) e o entroncamento com a Rua da Ferreira, em Moimenta\u00bb, diz.<\/p>\n\n\n\n<p>Os ve\u00edculos ligeiros \u2013 acrescenta \u2013 ter\u00e3o como alternativa a circula\u00e7\u00e3o pelos acessos \u00e0 \u201cpraia fluvial\u201d de Cavez.<\/p>\n\n\n\n<figure class=\"wp-block-gallery has-nested-images columns-default is-cropped wp-block-gallery-1 is-layout-flex wp-block-gallery-is-layout-flex\">\n<figure class=\"wp-block-image size-large\"><img loading=\"lazy\" decoding=\"async\" width=\"995\" height=\"1024\" data-id=\"706\" src=\"https:\/\/terrasdebasto.pt\/wp-content\/uploads\/2024\/07\/MOIMENTA-02-995x1024.jpg\" alt=\"\" class=\"wp-image-706\" srcset=\"https:\/\/terrasdebasto.pt\/wp-content\/uploads\/2024\/07\/MOIMENTA-02-995x1024.jpg 995w, https:\/\/terrasdebasto.pt\/wp-content\/uploads\/2024\/07\/MOIMENTA-02-291x300.jpg 291w, https:\/\/terrasdebasto.pt\/wp-content\/uploads\/2024\/07\/MOIMENTA-02-768x791.jpg 768w, https:\/\/terrasdebasto.pt\/wp-content\/uploads\/2024\/07\/MOIMENTA-02-1492x1536.jpg 1492w, https:\/\/terrasdebasto.pt\/wp-content\/uploads\/2024\/07\/MOIMENTA-02-150x154.jpg 150w, https:\/\/terrasdebasto.pt\/wp-content\/uploads\/2024\/07\/MOIMENTA-02-300x309.jpg 300w, https:\/\/terrasdebasto.pt\/wp-content\/uploads\/2024\/07\/MOIMENTA-02-696x716.jpg 696w, https:\/\/terrasdebasto.pt\/wp-content\/uploads\/2024\/07\/MOIMENTA-02-1068x1099.jpg 1068w, https:\/\/terrasdebasto.pt\/wp-content\/uploads\/2024\/07\/MOIMENTA-02.jpg 1536w\" sizes=\"auto, (max-width: 995px) 100vw, 995px\" \/><\/figure>\n<\/figure>\n","protected":false},"excerpt":{"rendered":"<p>Come\u00e7aram esta manh\u00e3 de segunda-feira (22) as obras de alargamento e corre\u00e7\u00e3o de algumas curvas da Estrada Municipal n.\u00ba 518, em Moimenta &#8211; Cavez, Cabeceiras de Basto, \u00abuma velha reivindica\u00e7\u00e3o da popula\u00e7\u00e3o\u00bb local. Esta reivindica\u00e7\u00e3o \u2013 tal como Terras de Basto lembrou h\u00e1 dias \u2013 levou mesmo ao boicote das elei\u00e7\u00f5es presidenciais de 2021 naquela [&hellip;]<\/p>\n","protected":false},"author":7,"featured_media":705,"comment_status":"open","ping_status":"open","sticky":false,"template":"","format":"standard","meta":{"footnotes":""},"categories":[12,9],"tags":[183,29,174,184,173],"class_list":{"0":"post-704","1":"post","2":"type-post","3":"status-publish","4":"format-standard","5":"has-post-thumbnail","7":"category-cabeceiras-de-basto","8":"category-terras-de-basto","9":"tag-acessos","10":"tag-cabeceiras-de-basto","11":"tag-cavez","12":"tag-estrada-municipal","13":"tag-moimenta"},"yoast_head":"<!-- This site is optimized with the Yoast SEO plugin v25.7 - https:\/\/yoast.com\/wordpress\/plugins\/seo\/ -->\n<title>Moimenta: come\u00e7ou o alargamento da estrada - Jornal Terras de Basto<\/title>\n<meta name=\"description\" content=\"Come\u00e7aram esta manh\u00e3 de segunda-feira (22) as obras de alargamento e corre\u00e7\u00e3o de algumas curvas da Estrada Municipal n.\u00ba 518, em Moimenta - Cavez, Cabeceiras de Basto, \u00abuma velha reivindica\u00e7\u00e3o da popula\u00e7\u00e3o\u00bb local.\" \/>\n<meta name=\"robots\" content=\"index, follow, max-snippet:-1, max-image-preview:large, max-video-preview:-1\" \/>\n<link rel=\"canonical\" href=\"https:\/\/terrasdebasto.pt\/?p=704\" \/>\n<meta property=\"og:locale\" content=\"pt_PT\" \/>\n<meta property=\"og:type\" content=\"article\" \/>\n<meta property=\"og:title\" content=\"Moimenta: come\u00e7ou o alargamento da estrada - Jornal Terras de Basto\" \/>\n<meta property=\"og:description\" content=\"Come\u00e7aram esta manh\u00e3 de segunda-feira (22) as obras de alargamento e corre\u00e7\u00e3o de algumas curvas da Estrada Municipal n.\u00ba 518, em Moimenta - Cavez, Cabeceiras de Basto, \u00abuma velha reivindica\u00e7\u00e3o da popula\u00e7\u00e3o\u00bb local.\" \/>\n<meta property=\"og:url\" content=\"https:\/\/terrasdebasto.pt\/?p=704\" \/>\n<meta property=\"og:site_name\" content=\"Jornal Terras de Basto\" \/>\n<meta property=\"article:published_time\" content=\"2024-07-22T10:59:19+00:00\" \/>\n<meta property=\"article:modified_time\" content=\"2024-07-22T10:59:20+00:00\" \/>\n<meta property=\"og:image\" content=\"https:\/\/terrasdebasto.pt\/wp-content\/uploads\/2024\/07\/MOIMENTA-01.jpg\" \/>\n\t<meta property=\"og:image:width\" content=\"1535\" \/>\n\t<meta property=\"og:image:height\" content=\"1321\" \/>\n\t<meta property=\"og:image:type\" content=\"image\/jpeg\" \/>\n<meta name=\"author\" content=\"Jo\u00e3o Paulo Mesquita\" \/>\n<meta name=\"twitter:card\" content=\"summary_large_image\" \/>\n<meta name=\"twitter:label1\" content=\"Escrito por\" \/>\n\t<meta name=\"twitter:data1\" content=\"Jo\u00e3o Paulo Mesquita\" \/>\n\t<meta name=\"twitter:label2\" content=\"Tempo estimado de leitura\" \/>\n\t<meta name=\"twitter:data2\" content=\"2 minutos\" \/>\n<script type=\"application\/ld+json\" class=\"yoast-schema-graph\">{\"@context\":\"https:\/\/schema.org\",\"@graph\":[{\"@type\":\"Article\",\"@id\":\"https:\/\/terrasdebasto.pt\/?p=704#article\",\"isPartOf\":{\"@id\":\"https:\/\/terrasdebasto.pt\/?p=704\"},\"author\":{\"name\":\"Jo\u00e3o Paulo Mesquita\",\"@id\":\"https:\/\/terrasdebasto.pt\/#\/schema\/person\/9f6739f5394ac65c802641773b278b84\"},\"headline\":\"Moimenta: come\u00e7ou o alargamento da estrada\",\"datePublished\":\"2024-07-22T10:59:19+00:00\",\"dateModified\":\"2024-07-22T10:59:20+00:00\",\"mainEntityOfPage\":{\"@id\":\"https:\/\/terrasdebasto.pt\/?p=704\"},\"wordCount\":157,\"commentCount\":0,\"publisher\":{\"@id\":\"https:\/\/terrasdebasto.pt\/#organization\"},\"image\":{\"@id\":\"https:\/\/terrasdebasto.pt\/?p=704#primaryimage\"},\"thumbnailUrl\":\"https:\/\/terrasdebasto.pt\/wp-content\/uploads\/2024\/07\/MOIMENTA-01.jpg\",\"keywords\":[\"Acessos\",\"Cabeceiras de Basto\",\"Cavez\",\"Estrada Municipal\",\"Moimenta\"],\"articleSection\":[\"Cabeceiras de Basto\",\"Terras de Basto\"],\"inLanguage\":\"pt-PT\",\"potentialAction\":[{\"@type\":\"CommentAction\",\"name\":\"Comment\",\"target\":[\"https:\/\/terrasdebasto.pt\/?p=704#respond\"]}]},{\"@type\":\"WebPage\",\"@id\":\"https:\/\/terrasdebasto.pt\/?p=704\",\"url\":\"https:\/\/terrasdebasto.pt\/?p=704\",\"name\":\"Moimenta: come\u00e7ou o alargamento da estrada - Jornal Terras de Basto\",\"isPartOf\":{\"@id\":\"https:\/\/terrasdebasto.pt\/#website\"},\"primaryImageOfPage\":{\"@id\":\"https:\/\/terrasdebasto.pt\/?p=704#primaryimage\"},\"image\":{\"@id\":\"https:\/\/terrasdebasto.pt\/?p=704#primaryimage\"},\"thumbnailUrl\":\"https:\/\/terrasdebasto.pt\/wp-content\/uploads\/2024\/07\/MOIMENTA-01.jpg\",\"datePublished\":\"2024-07-22T10:59:19+00:00\",\"dateModified\":\"2024-07-22T10:59:20+00:00\",\"description\":\"Come\u00e7aram esta manh\u00e3 de segunda-feira (22) as obras de alargamento e corre\u00e7\u00e3o de algumas curvas da Estrada Municipal n.\u00ba 518, em Moimenta - Cavez, Cabeceiras de Basto, \u00abuma velha reivindica\u00e7\u00e3o da popula\u00e7\u00e3o\u00bb local.\",\"breadcrumb\":{\"@id\":\"https:\/\/terrasdebasto.pt\/?p=704#breadcrumb\"},\"inLanguage\":\"pt-PT\",\"potentialAction\":[{\"@type\":\"ReadAction\",\"target\":[\"https:\/\/terrasdebasto.pt\/?p=704\"]}]},{\"@type\":\"ImageObject\",\"inLanguage\":\"pt-PT\",\"@id\":\"https:\/\/terrasdebasto.pt\/?p=704#primaryimage\",\"url\":\"https:\/\/terrasdebasto.pt\/wp-content\/uploads\/2024\/07\/MOIMENTA-01.jpg\",\"contentUrl\":\"https:\/\/terrasdebasto.pt\/wp-content\/uploads\/2024\/07\/MOIMENTA-01.jpg\",\"width\":1535,\"height\":1321},{\"@type\":\"BreadcrumbList\",\"@id\":\"https:\/\/terrasdebasto.pt\/?p=704#breadcrumb\",\"itemListElement\":[{\"@type\":\"ListItem\",\"position\":1,\"name\":\"In\u00edcio\",\"item\":\"https:\/\/terrasdebasto.pt\/\"},{\"@type\":\"ListItem\",\"position\":2,\"name\":\"Moimenta: come\u00e7ou o alargamento da estrada\"}]},{\"@type\":\"WebSite\",\"@id\":\"https:\/\/terrasdebasto.pt\/#website\",\"url\":\"https:\/\/terrasdebasto.pt\/\",\"name\":\"Jornal Terras de Basto\",\"description\":\"\",\"publisher\":{\"@id\":\"https:\/\/terrasdebasto.pt\/#organization\"},\"potentialAction\":[{\"@type\":\"SearchAction\",\"target\":{\"@type\":\"EntryPoint\",\"urlTemplate\":\"https:\/\/terrasdebasto.pt\/?s={search_term_string}\"},\"query-input\":{\"@type\":\"PropertyValueSpecification\",\"valueRequired\":true,\"valueName\":\"search_term_string\"}}],\"inLanguage\":\"pt-PT\"},{\"@type\":\"Organization\",\"@id\":\"https:\/\/terrasdebasto.pt\/#organization\",\"name\":\"Jornal Terras de Basto\",\"url\":\"https:\/\/terrasdebasto.pt\/\",\"logo\":{\"@type\":\"ImageObject\",\"inLanguage\":\"pt-PT\",\"@id\":\"https:\/\/terrasdebasto.pt\/#\/schema\/logo\/image\/\",\"url\":\"https:\/\/terrasdebasto.pt\/wp-content\/uploads\/2024\/06\/LogoNormal.png\",\"contentUrl\":\"https:\/\/terrasdebasto.pt\/wp-content\/uploads\/2024\/06\/LogoNormal.png\",\"width\":5638,\"height\":809,\"caption\":\"Jornal Terras de Basto\"},\"image\":{\"@id\":\"https:\/\/terrasdebasto.pt\/#\/schema\/logo\/image\/\"}},{\"@type\":\"Person\",\"@id\":\"https:\/\/terrasdebasto.pt\/#\/schema\/person\/9f6739f5394ac65c802641773b278b84\",\"name\":\"Jo\u00e3o Paulo Mesquita\",\"image\":{\"@type\":\"ImageObject\",\"inLanguage\":\"pt-PT\",\"@id\":\"https:\/\/terrasdebasto.pt\/#\/schema\/person\/image\/\",\"url\":\"https:\/\/secure.gravatar.com\/avatar\/9bd0f299e6d96336664aab64354168246a3ee3287c47891c50d450e47ed9d7f9?s=96&d=mm&r=g\",\"contentUrl\":\"https:\/\/secure.gravatar.com\/avatar\/9bd0f299e6d96336664aab64354168246a3ee3287c47891c50d450e47ed9d7f9?s=96&d=mm&r=g\",\"caption\":\"Jo\u00e3o Paulo Mesquita\"},\"url\":\"https:\/\/terrasdebasto.pt\/?author=7\"}]}<\/script>\n<!-- \/ Yoast SEO plugin. -->","yoast_head_json":{"title":"Moimenta: come\u00e7ou o alargamento da estrada - Jornal Terras de Basto","description":"Come\u00e7aram esta manh\u00e3 de segunda-feira (22) as obras de alargamento e corre\u00e7\u00e3o de algumas curvas da Estrada Municipal n.\u00ba 518, em Moimenta - Cavez, Cabeceiras de Basto, \u00abuma velha reivindica\u00e7\u00e3o da popula\u00e7\u00e3o\u00bb local.","robots":{"index":"index","follow":"follow","max-snippet":"max-snippet:-1","max-image-preview":"max-image-preview:large","max-video-preview":"max-video-preview:-1"},"canonical":"https:\/\/terrasdebasto.pt\/?p=704","og_locale":"pt_PT","og_type":"article","og_title":"Moimenta: come\u00e7ou o alargamento da estrada - Jornal Terras de Basto","og_description":"Come\u00e7aram esta manh\u00e3 de segunda-feira (22) as obras de alargamento e corre\u00e7\u00e3o de algumas curvas da Estrada Municipal n.\u00ba 518, em Moimenta - Cavez, Cabeceiras de Basto, \u00abuma velha reivindica\u00e7\u00e3o da popula\u00e7\u00e3o\u00bb local.","og_url":"https:\/\/terrasdebasto.pt\/?p=704","og_site_name":"Jornal Terras de Basto","article_published_time":"2024-07-22T10:59:19+00:00","article_modified_time":"2024-07-22T10:59:20+00:00","og_image":[{"width":1535,"height":1321,"url":"https:\/\/terrasdebasto.pt\/wp-content\/uploads\/2024\/07\/MOIMENTA-01.jpg","type":"image\/jpeg"}],"author":"Jo\u00e3o Paulo Mesquita","twitter_card":"summary_large_image","twitter_misc":{"Escrito por":"Jo\u00e3o Paulo Mesquita","Tempo estimado de leitura":"2 minutos"},"schema":{"@context":"https:\/\/schema.org","@graph":[{"@type":"Article","@id":"https:\/\/terrasdebasto.pt\/?p=704#article","isPartOf":{"@id":"https:\/\/terrasdebasto.pt\/?p=704"},"author":{"name":"Jo\u00e3o Paulo Mesquita","@id":"https:\/\/terrasdebasto.pt\/#\/schema\/person\/9f6739f5394ac65c802641773b278b84"},"headline":"Moimenta: come\u00e7ou o alargamento da estrada","datePublished":"2024-07-22T10:59:19+00:00","dateModified":"2024-07-22T10:59:20+00:00","mainEntityOfPage":{"@id":"https:\/\/terrasdebasto.pt\/?p=704"},"wordCount":157,"commentCount":0,"publisher":{"@id":"https:\/\/terrasdebasto.pt\/#organization"},"image":{"@id":"https:\/\/terrasdebasto.pt\/?p=704#primaryimage"},"thumbnailUrl":"https:\/\/terrasdebasto.pt\/wp-content\/uploads\/2024\/07\/MOIMENTA-01.jpg","keywords":["Acessos","Cabeceiras de Basto","Cavez","Estrada Municipal","Moimenta"],"articleSection":["Cabeceiras de Basto","Terras de Basto"],"inLanguage":"pt-PT","potentialAction":[{"@type":"CommentAction","name":"Comment","target":["https:\/\/terrasdebasto.pt\/?p=704#respond"]}]},{"@type":"WebPage","@id":"https:\/\/terrasdebasto.pt\/?p=704","url":"https:\/\/terrasdebasto.pt\/?p=704","name":"Moimenta: come\u00e7ou o alargamento da estrada - Jornal Terras de Basto","isPartOf":{"@id":"https:\/\/terrasdebasto.pt\/#website"},"primaryImageOfPage":{"@id":"https:\/\/terrasdebasto.pt\/?p=704#primaryimage"},"image":{"@id":"https:\/\/terrasdebasto.pt\/?p=704#primaryimage"},"thumbnailUrl":"https:\/\/terrasdebasto.pt\/wp-content\/uploads\/2024\/07\/MOIMENTA-01.jpg","datePublished":"2024-07-22T10:59:19+00:00","dateModified":"2024-07-22T10:59:20+00:00","description":"Come\u00e7aram esta manh\u00e3 de segunda-feira (22) as obras de alargamento e corre\u00e7\u00e3o de algumas curvas da Estrada Municipal n.\u00ba 518, em Moimenta - Cavez, Cabeceiras de Basto, \u00abuma velha reivindica\u00e7\u00e3o da popula\u00e7\u00e3o\u00bb local.","breadcrumb":{"@id":"https:\/\/terrasdebasto.pt\/?p=704#breadcrumb"},"inLanguage":"pt-PT","potentialAction":[{"@type":"ReadAction","target":["https:\/\/terrasdebasto.pt\/?p=704"]}]},{"@type":"ImageObject","inLanguage":"pt-PT","@id":"https:\/\/terrasdebasto.pt\/?p=704#primaryimage","url":"https:\/\/terrasdebasto.pt\/wp-content\/uploads\/2024\/07\/MOIMENTA-01.jpg","contentUrl":"https:\/\/terrasdebasto.pt\/wp-content\/uploads\/2024\/07\/MOIMENTA-01.jpg","width":1535,"height":1321},{"@type":"BreadcrumbList","@id":"https:\/\/terrasdebasto.pt\/?p=704#breadcrumb","itemListElement":[{"@type":"ListItem","position":1,"name":"In\u00edcio","item":"https:\/\/terrasdebasto.pt\/"},{"@type":"ListItem","position":2,"name":"Moimenta: come\u00e7ou o alargamento da estrada"}]},{"@type":"WebSite","@id":"https:\/\/terrasdebasto.pt\/#website","url":"https:\/\/terrasdebasto.pt\/","name":"Jornal Terras de Basto","description":"","publisher":{"@id":"https:\/\/terrasdebasto.pt\/#organization"},"potentialAction":[{"@type":"SearchAction","target":{"@type":"EntryPoint","urlTemplate":"https:\/\/terrasdebasto.pt\/?s={search_term_string}"},"query-input":{"@type":"PropertyValueSpecification","valueRequired":true,"valueName":"search_term_string"}}],"inLanguage":"pt-PT"},{"@type":"Organization","@id":"https:\/\/terrasdebasto.pt\/#organization","name":"Jornal Terras de Basto","url":"https:\/\/terrasdebasto.pt\/","logo":{"@type":"ImageObject","inLanguage":"pt-PT","@id":"https:\/\/terrasdebasto.pt\/#\/schema\/logo\/image\/","url":"https:\/\/terrasdebasto.pt\/wp-content\/uploads\/2024\/06\/LogoNormal.png","contentUrl":"https:\/\/terrasdebasto.pt\/wp-content\/uploads\/2024\/06\/LogoNormal.png","width":5638,"height":809,"caption":"Jornal Terras de Basto"},"image":{"@id":"https:\/\/terrasdebasto.pt\/#\/schema\/logo\/image\/"}},{"@type":"Person","@id":"https:\/\/terrasdebasto.pt\/#\/schema\/person\/9f6739f5394ac65c802641773b278b84","name":"Jo\u00e3o Paulo Mesquita","image":{"@type":"ImageObject","inLanguage":"pt-PT","@id":"https:\/\/terrasdebasto.pt\/#\/schema\/person\/image\/","url":"https:\/\/secure.gravatar.com\/avatar\/9bd0f299e6d96336664aab64354168246a3ee3287c47891c50d450e47ed9d7f9?s=96&d=mm&r=g","contentUrl":"https:\/\/secure.gravatar.com\/avatar\/9bd0f299e6d96336664aab64354168246a3ee3287c47891c50d450e47ed9d7f9?s=96&d=mm&r=g","caption":"Jo\u00e3o Paulo Mesquita"},"url":"https:\/\/terrasdebasto.pt\/?author=7"}]}},"_links":{"self":[{"href":"https:\/\/terrasdebasto.pt\/index.php?rest_route=\/wp\/v2\/posts\/704","targetHints":{"allow":["GET"]}}],"collection":[{"href":"https:\/\/terrasdebasto.pt\/index.php?rest_route=\/wp\/v2\/posts"}],"about":[{"href":"https:\/\/terrasdebasto.pt\/index.php?rest_route=\/wp\/v2\/types\/post"}],"author":[{"embeddable":true,"href":"https:\/\/terrasdebasto.pt\/index.php?rest_route=\/wp\/v2\/users\/7"}],"replies":[{"embeddable":true,"href":"https:\/\/terrasdebasto.pt\/index.php?rest_route=%2Fwp%2Fv2%2Fcomments&post=704"}],"version-history":[{"count":1,"href":"https:\/\/terrasdebasto.pt\/index.php?rest_route=\/wp\/v2\/posts\/704\/revisions"}],"predecessor-version":[{"id":707,"href":"https:\/\/terrasdebasto.pt\/index.php?rest_route=\/wp\/v2\/posts\/704\/revisions\/707"}],"wp:featuredmedia":[{"embeddable":true,"href":"https:\/\/terrasdebasto.pt\/index.php?rest_route=\/wp\/v2\/media\/705"}],"wp:attachment":[{"href":"https:\/\/terrasdebasto.pt\/index.php?rest_route=%2Fwp%2Fv2%2Fmedia&parent=704"}],"wp:term":[{"taxonomy":"category","embeddable":true,"href":"https:\/\/terrasdebasto.pt\/index.php?rest_route=%2Fwp%2Fv2%2Fcategories&post=704"},{"taxonomy":"post_tag","embeddable":true,"href":"https:\/\/terrasdebasto.pt\/index.php?rest_route=%2Fwp%2Fv2%2Ftags&post=704"}],"curies":[{"name":"wp","href":"https:\/\/api.w.org\/{rel}","templated":true}]}}