{"id":5826,"date":"2026-03-10T02:51:33","date_gmt":"2026-03-10T02:51:33","guid":{"rendered":"https:\/\/terrasdebasto.pt\/?p=5826"},"modified":"2026-03-10T02:51:33","modified_gmt":"2026-03-10T02:51:33","slug":"a-camelia-pode-ser-um-excelente-produto-economico-diz-peixoto-lima","status":"publish","type":"post","link":"https:\/\/terrasdebasto.pt\/?p=5826","title":{"rendered":"\u00abA cam\u00e9lia pode ser um excelente produto econ\u00f3mico\u00bb &#8211; diz Peixoto Lima"},"content":{"rendered":"\n<p><strong>O presidente da C\u00e2mara Municipal de Celorico de Basto est\u00e1 convicto de que, para l\u00e1 do lado ornamental e identit\u00e1rio, a cam\u00e9lia tem em si grandes potencialidades que a podem tornar num \u00abexcelente produto econ\u00f3mico\u00bb. Fala do seu potencial para a cosm\u00e9tica ou dermofarm\u00e1cia, tal como lembra que as flores e as folhas podem ser incorporadas em produtos alimentares ou cosm\u00e9ticos. Diz que \u00e9 essa vis\u00e3o estrat\u00e9gica que est\u00e1 a ser trabalhada.<\/strong><\/p>\n\n\n\n<p><strong>P. A cam\u00e9lia pode ser, em si, um interessante produto econ\u00f3mico?<\/strong><\/p>\n\n\n\n<p><strong>R.<\/strong> Sim, \u00e9 precisamente essa a vis\u00e3o estrat\u00e9gica que estamos a desenvolver, a cam\u00e9lia pode ser um excelente produto econ\u00f3mico, muito para al\u00e9m da sua venda como planta ornamental.<\/p>\n\n\n\n<p>As sementes, por exemplo, podem ser usadas para produzir \u00f3leo de cam\u00e9lia, com elevado potencial na cosm\u00e9tica e na dermofarm\u00e1cia, e as flores e folhas podem ser incorporadas em produtos alimentares e em cosm\u00e9ticos, aproveitando as suas propriedades. Adicionalmente pode ter base para as ind\u00fastrias criativas, o \u201cmerchandising\u201d e a programa\u00e7\u00e3o cultural.<\/p>\n\n\n\n<p>Se a cam\u00e9lia re\u00fane em si uma riqueza t\u00e3o grande, no \u00e2mbito deste projeto faz todo o sentido trabalhar estes subprodutos, porque, ao estruturarmos um \u201ccluster\u201d associado a este ativo identit\u00e1rio, estamos a transformar patrim\u00f3nio natural e cultural em desenvolvimento econ\u00f3mico qualificado, refor\u00e7ando a identidade e criando novas oportunidades para empresas, empreendedores e comunidade local.<\/p>\n\n\n\n<p>(&#8230;)\u00bb<\/p>\n\n\n\n<p><strong>[Leia esta entrevista na \u00edntegra na edi\u00e7\u00e3o impressa do Terras de Basto n.\u00ba 43, de 5 de mar\u00e7o de 2026]<\/strong><\/p>\n","protected":false},"excerpt":{"rendered":"<p>O presidente da C\u00e2mara Municipal de Celorico de Basto est\u00e1 convicto de que, para l\u00e1 do lado ornamental e identit\u00e1rio, a cam\u00e9lia tem em si grandes potencialidades que a podem tornar num \u00abexcelente produto econ\u00f3mico\u00bb. Fala do seu potencial para a cosm\u00e9tica ou dermofarm\u00e1cia, tal como lembra que as flores e as folhas podem ser [&hellip;]<\/p>\n","protected":false},"author":7,"featured_media":5827,"comment_status":"open","ping_status":"open","sticky":false,"template":"","format":"standard","meta":{"footnotes":""},"categories":[13,7,9],"tags":[40,798],"class_list":{"0":"post-5826","1":"post","2":"type-post","3":"status-publish","4":"format-standard","5":"has-post-thumbnail","7":"category-celorico-de-basto","8":"category-cultura","9":"category-terras-de-basto","10":"tag-celorico-de-basto","11":"tag-festa-internacional-das-camelias"},"yoast_head":"<!-- This site is optimized with the Yoast SEO plugin v25.7 - https:\/\/yoast.com\/wordpress\/plugins\/seo\/ -->\n<title>\u00abA cam\u00e9lia pode ser um excelente produto econ\u00f3mico\u00bb - diz Peixoto Lima - Jornal Terras de Basto<\/title>\n<meta name=\"description\" content=\"O presidente da C\u00e2mara Municipal de Celorico de Basto est\u00e1 convicto de que, para l\u00e1 do lado ornamental e identit\u00e1rio, a cam\u00e9lia tem em si grandes potencialidades que a podem tornar num \u00abexcelente produto econ\u00f3mico\u00bb. Fala do seu potencial para a cosm\u00e9tica ou dermofarm\u00e1cia, tal como lembra que as flores e as folhas podem ser incorporadas em produtos alimentares ou cosm\u00e9ticos. Diz que \u00e9 essa vis\u00e3o estrat\u00e9gica que est\u00e1 a ser trabalhada.\" \/>\n<meta name=\"robots\" content=\"index, follow, max-snippet:-1, max-image-preview:large, max-video-preview:-1\" \/>\n<link rel=\"canonical\" href=\"https:\/\/terrasdebasto.pt\/?p=5826\" \/>\n<meta property=\"og:locale\" content=\"pt_PT\" \/>\n<meta property=\"og:type\" content=\"article\" \/>\n<meta property=\"og:title\" content=\"\u00abA cam\u00e9lia pode ser um excelente produto econ\u00f3mico\u00bb - diz Peixoto Lima - Jornal Terras de Basto\" \/>\n<meta property=\"og:description\" content=\"O presidente da C\u00e2mara Municipal de Celorico de Basto est\u00e1 convicto de que, para l\u00e1 do lado ornamental e identit\u00e1rio, a cam\u00e9lia tem em si grandes potencialidades que a podem tornar num \u00abexcelente produto econ\u00f3mico\u00bb. Fala do seu potencial para a cosm\u00e9tica ou dermofarm\u00e1cia, tal como lembra que as flores e as folhas podem ser incorporadas em produtos alimentares ou cosm\u00e9ticos. Diz que \u00e9 essa vis\u00e3o estrat\u00e9gica que est\u00e1 a ser trabalhada.\" \/>\n<meta property=\"og:url\" content=\"https:\/\/terrasdebasto.pt\/?p=5826\" \/>\n<meta property=\"og:site_name\" content=\"Jornal Terras de Basto\" \/>\n<meta property=\"article:published_time\" content=\"2026-03-10T02:51:33+00:00\" \/>\n<meta property=\"og:image\" content=\"https:\/\/terrasdebasto.pt\/wp-content\/uploads\/2026\/03\/CAMELIAS-PEIXOTO-LIMA-scaled.jpg\" \/>\n\t<meta property=\"og:image:width\" content=\"2560\" \/>\n\t<meta property=\"og:image:height\" content=\"1778\" \/>\n\t<meta property=\"og:image:type\" content=\"image\/jpeg\" \/>\n<meta name=\"author\" content=\"Jo\u00e3o Paulo Mesquita\" \/>\n<meta name=\"twitter:card\" content=\"summary_large_image\" \/>\n<meta name=\"twitter:label1\" content=\"Escrito por\" \/>\n\t<meta name=\"twitter:data1\" content=\"Jo\u00e3o Paulo Mesquita\" \/>\n\t<meta name=\"twitter:label2\" content=\"Tempo estimado de leitura\" \/>\n\t<meta name=\"twitter:data2\" content=\"2 minutos\" \/>\n<script type=\"application\/ld+json\" class=\"yoast-schema-graph\">{\"@context\":\"https:\/\/schema.org\",\"@graph\":[{\"@type\":\"Article\",\"@id\":\"https:\/\/terrasdebasto.pt\/?p=5826#article\",\"isPartOf\":{\"@id\":\"https:\/\/terrasdebasto.pt\/?p=5826\"},\"author\":{\"name\":\"Jo\u00e3o Paulo Mesquita\",\"@id\":\"https:\/\/terrasdebasto.pt\/#\/schema\/person\/9f6739f5394ac65c802641773b278b84\"},\"headline\":\"\u00abA cam\u00e9lia pode ser um excelente produto econ\u00f3mico\u00bb &#8211; diz Peixoto Lima\",\"datePublished\":\"2026-03-10T02:51:33+00:00\",\"mainEntityOfPage\":{\"@id\":\"https:\/\/terrasdebasto.pt\/?p=5826\"},\"wordCount\":279,\"commentCount\":0,\"publisher\":{\"@id\":\"https:\/\/terrasdebasto.pt\/#organization\"},\"image\":{\"@id\":\"https:\/\/terrasdebasto.pt\/?p=5826#primaryimage\"},\"thumbnailUrl\":\"https:\/\/terrasdebasto.pt\/wp-content\/uploads\/2026\/03\/CAMELIAS-PEIXOTO-LIMA-scaled.jpg\",\"keywords\":[\"Celorico de Basto\",\"Festa Internacional das Cam\u00e9lias\"],\"articleSection\":[\"Celorico de Basto\",\"Cultura\",\"Terras de Basto\"],\"inLanguage\":\"pt-PT\",\"potentialAction\":[{\"@type\":\"CommentAction\",\"name\":\"Comment\",\"target\":[\"https:\/\/terrasdebasto.pt\/?p=5826#respond\"]}]},{\"@type\":\"WebPage\",\"@id\":\"https:\/\/terrasdebasto.pt\/?p=5826\",\"url\":\"https:\/\/terrasdebasto.pt\/?p=5826\",\"name\":\"\u00abA cam\u00e9lia pode ser um excelente produto econ\u00f3mico\u00bb - diz Peixoto Lima - Jornal Terras de Basto\",\"isPartOf\":{\"@id\":\"https:\/\/terrasdebasto.pt\/#website\"},\"primaryImageOfPage\":{\"@id\":\"https:\/\/terrasdebasto.pt\/?p=5826#primaryimage\"},\"image\":{\"@id\":\"https:\/\/terrasdebasto.pt\/?p=5826#primaryimage\"},\"thumbnailUrl\":\"https:\/\/terrasdebasto.pt\/wp-content\/uploads\/2026\/03\/CAMELIAS-PEIXOTO-LIMA-scaled.jpg\",\"datePublished\":\"2026-03-10T02:51:33+00:00\",\"description\":\"O presidente da C\u00e2mara Municipal de Celorico de Basto est\u00e1 convicto de que, para l\u00e1 do lado ornamental e identit\u00e1rio, a cam\u00e9lia tem em si grandes potencialidades que a podem tornar num \u00abexcelente produto econ\u00f3mico\u00bb. Fala do seu potencial para a cosm\u00e9tica ou dermofarm\u00e1cia, tal como lembra que as flores e as folhas podem ser incorporadas em produtos alimentares ou cosm\u00e9ticos. Diz que \u00e9 essa vis\u00e3o estrat\u00e9gica que est\u00e1 a ser trabalhada.\",\"breadcrumb\":{\"@id\":\"https:\/\/terrasdebasto.pt\/?p=5826#breadcrumb\"},\"inLanguage\":\"pt-PT\",\"potentialAction\":[{\"@type\":\"ReadAction\",\"target\":[\"https:\/\/terrasdebasto.pt\/?p=5826\"]}]},{\"@type\":\"ImageObject\",\"inLanguage\":\"pt-PT\",\"@id\":\"https:\/\/terrasdebasto.pt\/?p=5826#primaryimage\",\"url\":\"https:\/\/terrasdebasto.pt\/wp-content\/uploads\/2026\/03\/CAMELIAS-PEIXOTO-LIMA-scaled.jpg\",\"contentUrl\":\"https:\/\/terrasdebasto.pt\/wp-content\/uploads\/2026\/03\/CAMELIAS-PEIXOTO-LIMA-scaled.jpg\",\"width\":2560,\"height\":1778},{\"@type\":\"BreadcrumbList\",\"@id\":\"https:\/\/terrasdebasto.pt\/?p=5826#breadcrumb\",\"itemListElement\":[{\"@type\":\"ListItem\",\"position\":1,\"name\":\"In\u00edcio\",\"item\":\"https:\/\/terrasdebasto.pt\/\"},{\"@type\":\"ListItem\",\"position\":2,\"name\":\"\u00abA cam\u00e9lia pode ser um excelente produto econ\u00f3mico\u00bb &#8211; diz Peixoto Lima\"}]},{\"@type\":\"WebSite\",\"@id\":\"https:\/\/terrasdebasto.pt\/#website\",\"url\":\"https:\/\/terrasdebasto.pt\/\",\"name\":\"Jornal Terras de Basto\",\"description\":\"\",\"publisher\":{\"@id\":\"https:\/\/terrasdebasto.pt\/#organization\"},\"potentialAction\":[{\"@type\":\"SearchAction\",\"target\":{\"@type\":\"EntryPoint\",\"urlTemplate\":\"https:\/\/terrasdebasto.pt\/?s={search_term_string}\"},\"query-input\":{\"@type\":\"PropertyValueSpecification\",\"valueRequired\":true,\"valueName\":\"search_term_string\"}}],\"inLanguage\":\"pt-PT\"},{\"@type\":\"Organization\",\"@id\":\"https:\/\/terrasdebasto.pt\/#organization\",\"name\":\"Jornal Terras de Basto\",\"url\":\"https:\/\/terrasdebasto.pt\/\",\"logo\":{\"@type\":\"ImageObject\",\"inLanguage\":\"pt-PT\",\"@id\":\"https:\/\/terrasdebasto.pt\/#\/schema\/logo\/image\/\",\"url\":\"https:\/\/terrasdebasto.pt\/wp-content\/uploads\/2024\/06\/LogoNormal.png\",\"contentUrl\":\"https:\/\/terrasdebasto.pt\/wp-content\/uploads\/2024\/06\/LogoNormal.png\",\"width\":5638,\"height\":809,\"caption\":\"Jornal Terras de Basto\"},\"image\":{\"@id\":\"https:\/\/terrasdebasto.pt\/#\/schema\/logo\/image\/\"}},{\"@type\":\"Person\",\"@id\":\"https:\/\/terrasdebasto.pt\/#\/schema\/person\/9f6739f5394ac65c802641773b278b84\",\"name\":\"Jo\u00e3o Paulo Mesquita\",\"image\":{\"@type\":\"ImageObject\",\"inLanguage\":\"pt-PT\",\"@id\":\"https:\/\/terrasdebasto.pt\/#\/schema\/person\/image\/\",\"url\":\"https:\/\/secure.gravatar.com\/avatar\/9bd0f299e6d96336664aab64354168246a3ee3287c47891c50d450e47ed9d7f9?s=96&d=mm&r=g\",\"contentUrl\":\"https:\/\/secure.gravatar.com\/avatar\/9bd0f299e6d96336664aab64354168246a3ee3287c47891c50d450e47ed9d7f9?s=96&d=mm&r=g\",\"caption\":\"Jo\u00e3o Paulo Mesquita\"},\"url\":\"https:\/\/terrasdebasto.pt\/?author=7\"}]}<\/script>\n<!-- \/ Yoast SEO plugin. -->","yoast_head_json":{"title":"\u00abA cam\u00e9lia pode ser um excelente produto econ\u00f3mico\u00bb - diz Peixoto Lima - Jornal Terras de Basto","description":"O presidente da C\u00e2mara Municipal de Celorico de Basto est\u00e1 convicto de que, para l\u00e1 do lado ornamental e identit\u00e1rio, a cam\u00e9lia tem em si grandes potencialidades que a podem tornar num \u00abexcelente produto econ\u00f3mico\u00bb. Fala do seu potencial para a cosm\u00e9tica ou dermofarm\u00e1cia, tal como lembra que as flores e as folhas podem ser incorporadas em produtos alimentares ou cosm\u00e9ticos. Diz que \u00e9 essa vis\u00e3o estrat\u00e9gica que est\u00e1 a ser trabalhada.","robots":{"index":"index","follow":"follow","max-snippet":"max-snippet:-1","max-image-preview":"max-image-preview:large","max-video-preview":"max-video-preview:-1"},"canonical":"https:\/\/terrasdebasto.pt\/?p=5826","og_locale":"pt_PT","og_type":"article","og_title":"\u00abA cam\u00e9lia pode ser um excelente produto econ\u00f3mico\u00bb - diz Peixoto Lima - Jornal Terras de Basto","og_description":"O presidente da C\u00e2mara Municipal de Celorico de Basto est\u00e1 convicto de que, para l\u00e1 do lado ornamental e identit\u00e1rio, a cam\u00e9lia tem em si grandes potencialidades que a podem tornar num \u00abexcelente produto econ\u00f3mico\u00bb. Fala do seu potencial para a cosm\u00e9tica ou dermofarm\u00e1cia, tal como lembra que as flores e as folhas podem ser incorporadas em produtos alimentares ou cosm\u00e9ticos. Diz que \u00e9 essa vis\u00e3o estrat\u00e9gica que est\u00e1 a ser trabalhada.","og_url":"https:\/\/terrasdebasto.pt\/?p=5826","og_site_name":"Jornal Terras de Basto","article_published_time":"2026-03-10T02:51:33+00:00","og_image":[{"width":2560,"height":1778,"url":"https:\/\/terrasdebasto.pt\/wp-content\/uploads\/2026\/03\/CAMELIAS-PEIXOTO-LIMA-scaled.jpg","type":"image\/jpeg"}],"author":"Jo\u00e3o Paulo Mesquita","twitter_card":"summary_large_image","twitter_misc":{"Escrito por":"Jo\u00e3o Paulo Mesquita","Tempo estimado de leitura":"2 minutos"},"schema":{"@context":"https:\/\/schema.org","@graph":[{"@type":"Article","@id":"https:\/\/terrasdebasto.pt\/?p=5826#article","isPartOf":{"@id":"https:\/\/terrasdebasto.pt\/?p=5826"},"author":{"name":"Jo\u00e3o Paulo Mesquita","@id":"https:\/\/terrasdebasto.pt\/#\/schema\/person\/9f6739f5394ac65c802641773b278b84"},"headline":"\u00abA cam\u00e9lia pode ser um excelente produto econ\u00f3mico\u00bb &#8211; diz Peixoto Lima","datePublished":"2026-03-10T02:51:33+00:00","mainEntityOfPage":{"@id":"https:\/\/terrasdebasto.pt\/?p=5826"},"wordCount":279,"commentCount":0,"publisher":{"@id":"https:\/\/terrasdebasto.pt\/#organization"},"image":{"@id":"https:\/\/terrasdebasto.pt\/?p=5826#primaryimage"},"thumbnailUrl":"https:\/\/terrasdebasto.pt\/wp-content\/uploads\/2026\/03\/CAMELIAS-PEIXOTO-LIMA-scaled.jpg","keywords":["Celorico de Basto","Festa Internacional das Cam\u00e9lias"],"articleSection":["Celorico de Basto","Cultura","Terras de Basto"],"inLanguage":"pt-PT","potentialAction":[{"@type":"CommentAction","name":"Comment","target":["https:\/\/terrasdebasto.pt\/?p=5826#respond"]}]},{"@type":"WebPage","@id":"https:\/\/terrasdebasto.pt\/?p=5826","url":"https:\/\/terrasdebasto.pt\/?p=5826","name":"\u00abA cam\u00e9lia pode ser um excelente produto econ\u00f3mico\u00bb - diz Peixoto Lima - Jornal Terras de Basto","isPartOf":{"@id":"https:\/\/terrasdebasto.pt\/#website"},"primaryImageOfPage":{"@id":"https:\/\/terrasdebasto.pt\/?p=5826#primaryimage"},"image":{"@id":"https:\/\/terrasdebasto.pt\/?p=5826#primaryimage"},"thumbnailUrl":"https:\/\/terrasdebasto.pt\/wp-content\/uploads\/2026\/03\/CAMELIAS-PEIXOTO-LIMA-scaled.jpg","datePublished":"2026-03-10T02:51:33+00:00","description":"O presidente da C\u00e2mara Municipal de Celorico de Basto est\u00e1 convicto de que, para l\u00e1 do lado ornamental e identit\u00e1rio, a cam\u00e9lia tem em si grandes potencialidades que a podem tornar num \u00abexcelente produto econ\u00f3mico\u00bb. Fala do seu potencial para a cosm\u00e9tica ou dermofarm\u00e1cia, tal como lembra que as flores e as folhas podem ser incorporadas em produtos alimentares ou cosm\u00e9ticos. Diz que \u00e9 essa vis\u00e3o estrat\u00e9gica que est\u00e1 a ser trabalhada.","breadcrumb":{"@id":"https:\/\/terrasdebasto.pt\/?p=5826#breadcrumb"},"inLanguage":"pt-PT","potentialAction":[{"@type":"ReadAction","target":["https:\/\/terrasdebasto.pt\/?p=5826"]}]},{"@type":"ImageObject","inLanguage":"pt-PT","@id":"https:\/\/terrasdebasto.pt\/?p=5826#primaryimage","url":"https:\/\/terrasdebasto.pt\/wp-content\/uploads\/2026\/03\/CAMELIAS-PEIXOTO-LIMA-scaled.jpg","contentUrl":"https:\/\/terrasdebasto.pt\/wp-content\/uploads\/2026\/03\/CAMELIAS-PEIXOTO-LIMA-scaled.jpg","width":2560,"height":1778},{"@type":"BreadcrumbList","@id":"https:\/\/terrasdebasto.pt\/?p=5826#breadcrumb","itemListElement":[{"@type":"ListItem","position":1,"name":"In\u00edcio","item":"https:\/\/terrasdebasto.pt\/"},{"@type":"ListItem","position":2,"name":"\u00abA cam\u00e9lia pode ser um excelente produto econ\u00f3mico\u00bb &#8211; diz Peixoto Lima"}]},{"@type":"WebSite","@id":"https:\/\/terrasdebasto.pt\/#website","url":"https:\/\/terrasdebasto.pt\/","name":"Jornal Terras de Basto","description":"","publisher":{"@id":"https:\/\/terrasdebasto.pt\/#organization"},"potentialAction":[{"@type":"SearchAction","target":{"@type":"EntryPoint","urlTemplate":"https:\/\/terrasdebasto.pt\/?s={search_term_string}"},"query-input":{"@type":"PropertyValueSpecification","valueRequired":true,"valueName":"search_term_string"}}],"inLanguage":"pt-PT"},{"@type":"Organization","@id":"https:\/\/terrasdebasto.pt\/#organization","name":"Jornal Terras de Basto","url":"https:\/\/terrasdebasto.pt\/","logo":{"@type":"ImageObject","inLanguage":"pt-PT","@id":"https:\/\/terrasdebasto.pt\/#\/schema\/logo\/image\/","url":"https:\/\/terrasdebasto.pt\/wp-content\/uploads\/2024\/06\/LogoNormal.png","contentUrl":"https:\/\/terrasdebasto.pt\/wp-content\/uploads\/2024\/06\/LogoNormal.png","width":5638,"height":809,"caption":"Jornal Terras de Basto"},"image":{"@id":"https:\/\/terrasdebasto.pt\/#\/schema\/logo\/image\/"}},{"@type":"Person","@id":"https:\/\/terrasdebasto.pt\/#\/schema\/person\/9f6739f5394ac65c802641773b278b84","name":"Jo\u00e3o Paulo Mesquita","image":{"@type":"ImageObject","inLanguage":"pt-PT","@id":"https:\/\/terrasdebasto.pt\/#\/schema\/person\/image\/","url":"https:\/\/secure.gravatar.com\/avatar\/9bd0f299e6d96336664aab64354168246a3ee3287c47891c50d450e47ed9d7f9?s=96&d=mm&r=g","contentUrl":"https:\/\/secure.gravatar.com\/avatar\/9bd0f299e6d96336664aab64354168246a3ee3287c47891c50d450e47ed9d7f9?s=96&d=mm&r=g","caption":"Jo\u00e3o Paulo Mesquita"},"url":"https:\/\/terrasdebasto.pt\/?author=7"}]}},"_links":{"self":[{"href":"https:\/\/terrasdebasto.pt\/index.php?rest_route=\/wp\/v2\/posts\/5826","targetHints":{"allow":["GET"]}}],"collection":[{"href":"https:\/\/terrasdebasto.pt\/index.php?rest_route=\/wp\/v2\/posts"}],"about":[{"href":"https:\/\/terrasdebasto.pt\/index.php?rest_route=\/wp\/v2\/types\/post"}],"author":[{"embeddable":true,"href":"https:\/\/terrasdebasto.pt\/index.php?rest_route=\/wp\/v2\/users\/7"}],"replies":[{"embeddable":true,"href":"https:\/\/terrasdebasto.pt\/index.php?rest_route=%2Fwp%2Fv2%2Fcomments&post=5826"}],"version-history":[{"count":1,"href":"https:\/\/terrasdebasto.pt\/index.php?rest_route=\/wp\/v2\/posts\/5826\/revisions"}],"predecessor-version":[{"id":5828,"href":"https:\/\/terrasdebasto.pt\/index.php?rest_route=\/wp\/v2\/posts\/5826\/revisions\/5828"}],"wp:featuredmedia":[{"embeddable":true,"href":"https:\/\/terrasdebasto.pt\/index.php?rest_route=\/wp\/v2\/media\/5827"}],"wp:attachment":[{"href":"https:\/\/terrasdebasto.pt\/index.php?rest_route=%2Fwp%2Fv2%2Fmedia&parent=5826"}],"wp:term":[{"taxonomy":"category","embeddable":true,"href":"https:\/\/terrasdebasto.pt\/index.php?rest_route=%2Fwp%2Fv2%2Fcategories&post=5826"},{"taxonomy":"post_tag","embeddable":true,"href":"https:\/\/terrasdebasto.pt\/index.php?rest_route=%2Fwp%2Fv2%2Ftags&post=5826"}],"curies":[{"name":"wp","href":"https:\/\/api.w.org\/{rel}","templated":true}]}}