{"id":5823,"date":"2026-03-10T02:37:10","date_gmt":"2026-03-10T02:37:10","guid":{"rendered":"https:\/\/terrasdebasto.pt\/?p=5823"},"modified":"2026-03-10T02:37:11","modified_gmt":"2026-03-10T02:37:11","slug":"socialistas-das-terras-de-basto-contra-propaganda-sobre-a-variante-do-tamega","status":"publish","type":"post","link":"https:\/\/terrasdebasto.pt\/?p=5823","title":{"rendered":"Socialistas das Terras de Basto contra \u00abpropaganda\u00bb sobre a Variante do T\u00e2mega"},"content":{"rendered":"\n<p><strong>Os socialistas das Terras de Basto consideram que o recente an\u00fancio feito pelos presidentes sociais-democratas de Celorico de Basto, Cabeceiras de Basto e Mondim de Basto relativo \u00e0 alegada conclus\u00e3o da Variante do T\u00e2mega representa \u00abum exerc\u00edcio evidente de propaganda pol\u00edtica e de apropria\u00e7\u00e3o indevida de uma decis\u00e3o que j\u00e1 estava tomada no quadro do planeamento nacional\u00bb.<\/strong><\/p>\n\n\n\n<p>Em comunicado conjunto, as tr\u00eas estruturas concelhias do PS implicadas neste assunto dizem que o que os autarcas do PSD tentaram apresentar \u00abcomo uma grande conquista pol\u00edtica do momento\u00bb n\u00e3o passa do desenvolvimento de uma obra que \u00abj\u00e1 se encontrava prevista no Plano Nacional de Investimentos 2030\u00bb, aprovado em dezembro de 2023, em que a conclus\u00e3o da Variante do T\u00e2mega surge integrada no programa de constru\u00e7\u00e3o de liga\u00e7\u00f5es rodovi\u00e1rias em falta, como investimento estrat\u00e9gico para o pa\u00eds e para a regi\u00e3o\u00bb.<\/p>\n\n\n\n<p>Os factos s\u00e3o claros \u2013 dizem \u2013 a obra n\u00e3o nasceu agora, n\u00e3o foi inventada numa reuni\u00e3o de circunst\u00e2ncia e n\u00e3o resultou de nenhuma s\u00fabita ilumina\u00e7\u00e3o dos autarcas do PSD.<\/p>\n\n\n\n<p>\u00abA obra j\u00e1 estava definida, enquadrada e assumida pelo Estado Portugu\u00eas. O que agora foi anunciado corresponde apenas ao avan\u00e7o de uma etapa administrativa, no caso o lan\u00e7amento do concurso para o projeto de execu\u00e7\u00e3o, e n\u00e3o a qualquer novidade pol\u00edtica que justifique a encena\u00e7\u00e3o p\u00fablica a que assistimos\u00bb, dizem, numa nota enviada ao Terras de Basto a partir do PS\/Celorico de Basto.<\/p>\n\n\n\n<p>Para provar o que afirmam, as estruturas socialistas partilham a ficha oficial do projeto constante do Plano Nacional de Investimentos 2030. \u00abQuem quiser confirmar os factos pode consultar os documentos oficiais do Governo e da \u201cInfraestruturas de Portugal\u201d, nos seguintes links: <a href=\"https:\/\/www.infraestruturasdeportugal.pt\/pt-pt\/infraestruturas\/investimentos\/programas\/planos-estrategicos\/pni2030\">https:\/\/www.infraestruturasdeportugal.pt\/pt-pt\/infraestruturas\/investimentos\/programas\/planos-estrategicos\/pni2030<\/a> e <a href=\"https:\/\/www.portugal.gov.pt\/pt\/gc23\/comunicacao\/noticia?i=governo-aprova-versao-final-do-programa-nacional-de-investimentos-para-a-decada-de-2021-a-2030\">https:\/\/www.portugal.gov.pt\/pt\/gc23\/comunicacao\/noticia?i=governo-aprova-versao-final-do-programa-nacional-de-investimentos-para-a-decada-de-2021-a-2030\u00bb<\/a>, sugerem.<\/p>\n\n\n\n<p>\u00abImporta dizer com frontalidade: aquilo a que assistimos foi mais um n\u00famero de propaganda de autarcas que procuraram colher louros pol\u00edticos de uma decis\u00e3o tomada muito antes deste repentino entusiasmo medi\u00e1tico\u00bb, reafirmam, reiterando que, \u00abse s\u00f3 agora dizem ver \u201cluz ao fundo do t\u00fanel\u201d, ent\u00e3o isso s\u00f3 pode significar uma de duas coisas: ou andaram distra\u00eddos durante demasiado tempo ou est\u00e3o simplesmente a tentar reescrever a verdade para efeitos de promo\u00e7\u00e3o pol\u00edtica\u00bb.<\/p>\n\n\n\n<p>\u00abO Partido Socialista n\u00e3o aceita esta desonestidade pol\u00edtica. As popula\u00e7\u00f5es das Terras de Basto merecem a Variante do T\u00e2mega, mas merecem tamb\u00e9m respeito pela intelig\u00eancia coletiva e pela verdade dos factos. N\u00e3o \u00e9 aceit\u00e1vel transformar o cumprimento de um plano estrat\u00e9gico nacional numa opera\u00e7\u00e3o de \u201cmarketing\u201d pol\u00edtico local\u00bb, dizem.<\/p>\n\n\n\n<p>Para Eug\u00e9nio Carvalho (Celorico de Basto), Carla Lousada (Cabeceiras de Basto) e Nuno Lage (Mondim de Basto), o que se exige aos autarcas em fun\u00e7\u00f5es n\u00e3o \u00e9 que apare\u00e7am a anunciar como \u201cconquista\u201d aquilo que j\u00e1 estava previsto e aprovado, \u00abo que se exige \u00e9 trabalho s\u00e9rio, acompanhamento permanente do processo, press\u00e3o institucional junto do Governo e da \u201cInfraestruturas de Portugal\u201d e capacidade para garantir que a execu\u00e7\u00e3o da obra decorre dentro dos prazos estabelecidos e com a ambi\u00e7\u00e3o que a regi\u00e3o merece\u00bb.<\/p>\n\n\n\n<p>As estruturas do PS das Terras de Basto reafirmam, assim, duas posi\u00e7\u00f5es muito claras: apoiam sem reservas a conclus\u00e3o da Variante do T\u00e2mega, por a considerarem \u00abessencial \u00e0 mobilidade, \u00e0 competitividade econ\u00f3mica e \u00e0 coes\u00e3o territorial da regi\u00e3o\u00bb; mas rejeitam, com a mesma firmeza, \u00aba tentativa de manipular politicamente\u00bb uma obra que dizem j\u00e1 estar inscrita nas prioridades nacionais.<\/p>\n\n\n\n<p>\u00abA verdade \u00e9 simples: menos encena\u00e7\u00e3o, menos euforia fabricada e menos propaganda. Mais rigor, mais seriedade e mais compromisso com a execu\u00e7\u00e3o efetiva da obra. As popula\u00e7\u00f5es das Terras de Basto n\u00e3o precisam de n\u00fameros art\u00edsticos. Precisam de obra feita\u00bb, concluem.<\/p>\n","protected":false},"excerpt":{"rendered":"<p>Os socialistas das Terras de Basto consideram que o recente an\u00fancio feito pelos presidentes sociais-democratas de Celorico de Basto, Cabeceiras de Basto e Mondim de Basto relativo \u00e0 alegada conclus\u00e3o da Variante do T\u00e2mega representa \u00abum exerc\u00edcio evidente de propaganda pol\u00edtica e de apropria\u00e7\u00e3o indevida de uma decis\u00e3o que j\u00e1 estava tomada no quadro do [&hellip;]<\/p>\n","protected":false},"author":7,"featured_media":5824,"comment_status":"open","ping_status":"open","sticky":false,"template":"","format":"standard","meta":{"footnotes":""},"categories":[12,13,16,9],"tags":[1455,1454,742],"class_list":{"0":"post-5823","1":"post","2":"type-post","3":"status-publish","4":"format-standard","5":"has-post-thumbnail","7":"category-cabeceiras-de-basto","8":"category-celorico-de-basto","9":"category-mondim-de-basto","10":"category-terras-de-basto","11":"tag-conclusao-da-variante-do-tamega","12":"tag-socialistas-das-terras-de-basto","13":"tag-variante-do-tamega"},"yoast_head":"<!-- This site is optimized with the Yoast SEO plugin v25.7 - https:\/\/yoast.com\/wordpress\/plugins\/seo\/ -->\n<title>Socialistas das Terras de Basto contra \u00abpropaganda\u00bb sobre a Variante do T\u00e2mega - Jornal Terras de Basto<\/title>\n<meta name=\"description\" content=\"Os socialistas das Terras de Basto consideram que o recente an\u00fancio feito pelos presidentes sociais-democratas de Celorico de Basto, Cabeceiras de Basto e Mondim de Basto relativo \u00e0 alegada conclus\u00e3o da Variante do T\u00e2mega representa \u00abum exerc\u00edcio evidente de propaganda pol\u00edtica e de apropria\u00e7\u00e3o indevida de uma decis\u00e3o que j\u00e1 estava tomada no quadro do planeamento nacional\u00bb.\" \/>\n<meta name=\"robots\" content=\"index, follow, max-snippet:-1, max-image-preview:large, max-video-preview:-1\" \/>\n<link rel=\"canonical\" href=\"https:\/\/terrasdebasto.pt\/?p=5823\" \/>\n<meta property=\"og:locale\" content=\"pt_PT\" \/>\n<meta property=\"og:type\" content=\"article\" \/>\n<meta property=\"og:title\" content=\"Socialistas das Terras de Basto contra \u00abpropaganda\u00bb sobre a Variante do T\u00e2mega - Jornal Terras de Basto\" \/>\n<meta property=\"og:description\" content=\"Os socialistas das Terras de Basto consideram que o recente an\u00fancio feito pelos presidentes sociais-democratas de Celorico de Basto, Cabeceiras de Basto e Mondim de Basto relativo \u00e0 alegada conclus\u00e3o da Variante do T\u00e2mega representa \u00abum exerc\u00edcio evidente de propaganda pol\u00edtica e de apropria\u00e7\u00e3o indevida de uma decis\u00e3o que j\u00e1 estava tomada no quadro do planeamento nacional\u00bb.\" \/>\n<meta property=\"og:url\" content=\"https:\/\/terrasdebasto.pt\/?p=5823\" \/>\n<meta property=\"og:site_name\" content=\"Jornal Terras de Basto\" \/>\n<meta property=\"article:published_time\" content=\"2026-03-10T02:37:10+00:00\" \/>\n<meta property=\"article:modified_time\" content=\"2026-03-10T02:37:11+00:00\" \/>\n<meta property=\"og:image\" content=\"https:\/\/terrasdebasto.pt\/wp-content\/uploads\/2026\/03\/SOCIALISTAS-DE-BASTO.jpg\" \/>\n\t<meta property=\"og:image:width\" content=\"2448\" \/>\n\t<meta property=\"og:image:height\" content=\"800\" \/>\n\t<meta property=\"og:image:type\" content=\"image\/jpeg\" \/>\n<meta name=\"author\" content=\"Jo\u00e3o Paulo Mesquita\" \/>\n<meta name=\"twitter:card\" content=\"summary_large_image\" \/>\n<meta name=\"twitter:label1\" content=\"Escrito por\" \/>\n\t<meta name=\"twitter:data1\" content=\"Jo\u00e3o Paulo Mesquita\" \/>\n\t<meta name=\"twitter:label2\" content=\"Tempo estimado de leitura\" \/>\n\t<meta name=\"twitter:data2\" content=\"4 minutos\" \/>\n<script type=\"application\/ld+json\" class=\"yoast-schema-graph\">{\"@context\":\"https:\/\/schema.org\",\"@graph\":[{\"@type\":\"Article\",\"@id\":\"https:\/\/terrasdebasto.pt\/?p=5823#article\",\"isPartOf\":{\"@id\":\"https:\/\/terrasdebasto.pt\/?p=5823\"},\"author\":{\"name\":\"Jo\u00e3o Paulo Mesquita\",\"@id\":\"https:\/\/terrasdebasto.pt\/#\/schema\/person\/9f6739f5394ac65c802641773b278b84\"},\"headline\":\"Socialistas das Terras de Basto contra \u00abpropaganda\u00bb sobre a Variante do T\u00e2mega\",\"datePublished\":\"2026-03-10T02:37:10+00:00\",\"dateModified\":\"2026-03-10T02:37:11+00:00\",\"mainEntityOfPage\":{\"@id\":\"https:\/\/terrasdebasto.pt\/?p=5823\"},\"wordCount\":677,\"commentCount\":0,\"publisher\":{\"@id\":\"https:\/\/terrasdebasto.pt\/#organization\"},\"image\":{\"@id\":\"https:\/\/terrasdebasto.pt\/?p=5823#primaryimage\"},\"thumbnailUrl\":\"https:\/\/terrasdebasto.pt\/wp-content\/uploads\/2026\/03\/SOCIALISTAS-DE-BASTO.jpg\",\"keywords\":[\"Conclus\u00e3o da Variante do T\u00e2mega\",\"Socialistas das Terras de Basto\",\"Variante do T\u00e2mega\"],\"articleSection\":[\"Cabeceiras de Basto\",\"Celorico de Basto\",\"Mondim de Basto\",\"Terras de Basto\"],\"inLanguage\":\"pt-PT\",\"potentialAction\":[{\"@type\":\"CommentAction\",\"name\":\"Comment\",\"target\":[\"https:\/\/terrasdebasto.pt\/?p=5823#respond\"]}]},{\"@type\":\"WebPage\",\"@id\":\"https:\/\/terrasdebasto.pt\/?p=5823\",\"url\":\"https:\/\/terrasdebasto.pt\/?p=5823\",\"name\":\"Socialistas das Terras de Basto contra \u00abpropaganda\u00bb sobre a Variante do T\u00e2mega - Jornal Terras de Basto\",\"isPartOf\":{\"@id\":\"https:\/\/terrasdebasto.pt\/#website\"},\"primaryImageOfPage\":{\"@id\":\"https:\/\/terrasdebasto.pt\/?p=5823#primaryimage\"},\"image\":{\"@id\":\"https:\/\/terrasdebasto.pt\/?p=5823#primaryimage\"},\"thumbnailUrl\":\"https:\/\/terrasdebasto.pt\/wp-content\/uploads\/2026\/03\/SOCIALISTAS-DE-BASTO.jpg\",\"datePublished\":\"2026-03-10T02:37:10+00:00\",\"dateModified\":\"2026-03-10T02:37:11+00:00\",\"description\":\"Os socialistas das Terras de Basto consideram que o recente an\u00fancio feito pelos presidentes sociais-democratas de Celorico de Basto, Cabeceiras de Basto e Mondim de Basto relativo \u00e0 alegada conclus\u00e3o da Variante do T\u00e2mega representa \u00abum exerc\u00edcio evidente de propaganda pol\u00edtica e de apropria\u00e7\u00e3o indevida de uma decis\u00e3o que j\u00e1 estava tomada no quadro do planeamento nacional\u00bb.\",\"breadcrumb\":{\"@id\":\"https:\/\/terrasdebasto.pt\/?p=5823#breadcrumb\"},\"inLanguage\":\"pt-PT\",\"potentialAction\":[{\"@type\":\"ReadAction\",\"target\":[\"https:\/\/terrasdebasto.pt\/?p=5823\"]}]},{\"@type\":\"ImageObject\",\"inLanguage\":\"pt-PT\",\"@id\":\"https:\/\/terrasdebasto.pt\/?p=5823#primaryimage\",\"url\":\"https:\/\/terrasdebasto.pt\/wp-content\/uploads\/2026\/03\/SOCIALISTAS-DE-BASTO.jpg\",\"contentUrl\":\"https:\/\/terrasdebasto.pt\/wp-content\/uploads\/2026\/03\/SOCIALISTAS-DE-BASTO.jpg\",\"width\":2448,\"height\":800},{\"@type\":\"BreadcrumbList\",\"@id\":\"https:\/\/terrasdebasto.pt\/?p=5823#breadcrumb\",\"itemListElement\":[{\"@type\":\"ListItem\",\"position\":1,\"name\":\"In\u00edcio\",\"item\":\"https:\/\/terrasdebasto.pt\/\"},{\"@type\":\"ListItem\",\"position\":2,\"name\":\"Socialistas das Terras de Basto contra \u00abpropaganda\u00bb sobre a Variante do T\u00e2mega\"}]},{\"@type\":\"WebSite\",\"@id\":\"https:\/\/terrasdebasto.pt\/#website\",\"url\":\"https:\/\/terrasdebasto.pt\/\",\"name\":\"Jornal Terras de Basto\",\"description\":\"\",\"publisher\":{\"@id\":\"https:\/\/terrasdebasto.pt\/#organization\"},\"potentialAction\":[{\"@type\":\"SearchAction\",\"target\":{\"@type\":\"EntryPoint\",\"urlTemplate\":\"https:\/\/terrasdebasto.pt\/?s={search_term_string}\"},\"query-input\":{\"@type\":\"PropertyValueSpecification\",\"valueRequired\":true,\"valueName\":\"search_term_string\"}}],\"inLanguage\":\"pt-PT\"},{\"@type\":\"Organization\",\"@id\":\"https:\/\/terrasdebasto.pt\/#organization\",\"name\":\"Jornal Terras de Basto\",\"url\":\"https:\/\/terrasdebasto.pt\/\",\"logo\":{\"@type\":\"ImageObject\",\"inLanguage\":\"pt-PT\",\"@id\":\"https:\/\/terrasdebasto.pt\/#\/schema\/logo\/image\/\",\"url\":\"https:\/\/terrasdebasto.pt\/wp-content\/uploads\/2024\/06\/LogoNormal.png\",\"contentUrl\":\"https:\/\/terrasdebasto.pt\/wp-content\/uploads\/2024\/06\/LogoNormal.png\",\"width\":5638,\"height\":809,\"caption\":\"Jornal Terras de Basto\"},\"image\":{\"@id\":\"https:\/\/terrasdebasto.pt\/#\/schema\/logo\/image\/\"}},{\"@type\":\"Person\",\"@id\":\"https:\/\/terrasdebasto.pt\/#\/schema\/person\/9f6739f5394ac65c802641773b278b84\",\"name\":\"Jo\u00e3o Paulo Mesquita\",\"image\":{\"@type\":\"ImageObject\",\"inLanguage\":\"pt-PT\",\"@id\":\"https:\/\/terrasdebasto.pt\/#\/schema\/person\/image\/\",\"url\":\"https:\/\/secure.gravatar.com\/avatar\/9bd0f299e6d96336664aab64354168246a3ee3287c47891c50d450e47ed9d7f9?s=96&d=mm&r=g\",\"contentUrl\":\"https:\/\/secure.gravatar.com\/avatar\/9bd0f299e6d96336664aab64354168246a3ee3287c47891c50d450e47ed9d7f9?s=96&d=mm&r=g\",\"caption\":\"Jo\u00e3o Paulo Mesquita\"},\"url\":\"https:\/\/terrasdebasto.pt\/?author=7\"}]}<\/script>\n<!-- \/ Yoast SEO plugin. -->","yoast_head_json":{"title":"Socialistas das Terras de Basto contra \u00abpropaganda\u00bb sobre a Variante do T\u00e2mega - Jornal Terras de Basto","description":"Os socialistas das Terras de Basto consideram que o recente an\u00fancio feito pelos presidentes sociais-democratas de Celorico de Basto, Cabeceiras de Basto e Mondim de Basto relativo \u00e0 alegada conclus\u00e3o da Variante do T\u00e2mega representa \u00abum exerc\u00edcio evidente de propaganda pol\u00edtica e de apropria\u00e7\u00e3o indevida de uma decis\u00e3o que j\u00e1 estava tomada no quadro do planeamento nacional\u00bb.","robots":{"index":"index","follow":"follow","max-snippet":"max-snippet:-1","max-image-preview":"max-image-preview:large","max-video-preview":"max-video-preview:-1"},"canonical":"https:\/\/terrasdebasto.pt\/?p=5823","og_locale":"pt_PT","og_type":"article","og_title":"Socialistas das Terras de Basto contra \u00abpropaganda\u00bb sobre a Variante do T\u00e2mega - Jornal Terras de Basto","og_description":"Os socialistas das Terras de Basto consideram que o recente an\u00fancio feito pelos presidentes sociais-democratas de Celorico de Basto, Cabeceiras de Basto e Mondim de Basto relativo \u00e0 alegada conclus\u00e3o da Variante do T\u00e2mega representa \u00abum exerc\u00edcio evidente de propaganda pol\u00edtica e de apropria\u00e7\u00e3o indevida de uma decis\u00e3o que j\u00e1 estava tomada no quadro do planeamento nacional\u00bb.","og_url":"https:\/\/terrasdebasto.pt\/?p=5823","og_site_name":"Jornal Terras de Basto","article_published_time":"2026-03-10T02:37:10+00:00","article_modified_time":"2026-03-10T02:37:11+00:00","og_image":[{"width":2448,"height":800,"url":"https:\/\/terrasdebasto.pt\/wp-content\/uploads\/2026\/03\/SOCIALISTAS-DE-BASTO.jpg","type":"image\/jpeg"}],"author":"Jo\u00e3o Paulo Mesquita","twitter_card":"summary_large_image","twitter_misc":{"Escrito por":"Jo\u00e3o Paulo Mesquita","Tempo estimado de leitura":"4 minutos"},"schema":{"@context":"https:\/\/schema.org","@graph":[{"@type":"Article","@id":"https:\/\/terrasdebasto.pt\/?p=5823#article","isPartOf":{"@id":"https:\/\/terrasdebasto.pt\/?p=5823"},"author":{"name":"Jo\u00e3o Paulo Mesquita","@id":"https:\/\/terrasdebasto.pt\/#\/schema\/person\/9f6739f5394ac65c802641773b278b84"},"headline":"Socialistas das Terras de Basto contra \u00abpropaganda\u00bb sobre a Variante do T\u00e2mega","datePublished":"2026-03-10T02:37:10+00:00","dateModified":"2026-03-10T02:37:11+00:00","mainEntityOfPage":{"@id":"https:\/\/terrasdebasto.pt\/?p=5823"},"wordCount":677,"commentCount":0,"publisher":{"@id":"https:\/\/terrasdebasto.pt\/#organization"},"image":{"@id":"https:\/\/terrasdebasto.pt\/?p=5823#primaryimage"},"thumbnailUrl":"https:\/\/terrasdebasto.pt\/wp-content\/uploads\/2026\/03\/SOCIALISTAS-DE-BASTO.jpg","keywords":["Conclus\u00e3o da Variante do T\u00e2mega","Socialistas das Terras de Basto","Variante do T\u00e2mega"],"articleSection":["Cabeceiras de Basto","Celorico de Basto","Mondim de Basto","Terras de Basto"],"inLanguage":"pt-PT","potentialAction":[{"@type":"CommentAction","name":"Comment","target":["https:\/\/terrasdebasto.pt\/?p=5823#respond"]}]},{"@type":"WebPage","@id":"https:\/\/terrasdebasto.pt\/?p=5823","url":"https:\/\/terrasdebasto.pt\/?p=5823","name":"Socialistas das Terras de Basto contra \u00abpropaganda\u00bb sobre a Variante do T\u00e2mega - Jornal Terras de Basto","isPartOf":{"@id":"https:\/\/terrasdebasto.pt\/#website"},"primaryImageOfPage":{"@id":"https:\/\/terrasdebasto.pt\/?p=5823#primaryimage"},"image":{"@id":"https:\/\/terrasdebasto.pt\/?p=5823#primaryimage"},"thumbnailUrl":"https:\/\/terrasdebasto.pt\/wp-content\/uploads\/2026\/03\/SOCIALISTAS-DE-BASTO.jpg","datePublished":"2026-03-10T02:37:10+00:00","dateModified":"2026-03-10T02:37:11+00:00","description":"Os socialistas das Terras de Basto consideram que o recente an\u00fancio feito pelos presidentes sociais-democratas de Celorico de Basto, Cabeceiras de Basto e Mondim de Basto relativo \u00e0 alegada conclus\u00e3o da Variante do T\u00e2mega representa \u00abum exerc\u00edcio evidente de propaganda pol\u00edtica e de apropria\u00e7\u00e3o indevida de uma decis\u00e3o que j\u00e1 estava tomada no quadro do planeamento nacional\u00bb.","breadcrumb":{"@id":"https:\/\/terrasdebasto.pt\/?p=5823#breadcrumb"},"inLanguage":"pt-PT","potentialAction":[{"@type":"ReadAction","target":["https:\/\/terrasdebasto.pt\/?p=5823"]}]},{"@type":"ImageObject","inLanguage":"pt-PT","@id":"https:\/\/terrasdebasto.pt\/?p=5823#primaryimage","url":"https:\/\/terrasdebasto.pt\/wp-content\/uploads\/2026\/03\/SOCIALISTAS-DE-BASTO.jpg","contentUrl":"https:\/\/terrasdebasto.pt\/wp-content\/uploads\/2026\/03\/SOCIALISTAS-DE-BASTO.jpg","width":2448,"height":800},{"@type":"BreadcrumbList","@id":"https:\/\/terrasdebasto.pt\/?p=5823#breadcrumb","itemListElement":[{"@type":"ListItem","position":1,"name":"In\u00edcio","item":"https:\/\/terrasdebasto.pt\/"},{"@type":"ListItem","position":2,"name":"Socialistas das Terras de Basto contra \u00abpropaganda\u00bb sobre a Variante do T\u00e2mega"}]},{"@type":"WebSite","@id":"https:\/\/terrasdebasto.pt\/#website","url":"https:\/\/terrasdebasto.pt\/","name":"Jornal Terras de Basto","description":"","publisher":{"@id":"https:\/\/terrasdebasto.pt\/#organization"},"potentialAction":[{"@type":"SearchAction","target":{"@type":"EntryPoint","urlTemplate":"https:\/\/terrasdebasto.pt\/?s={search_term_string}"},"query-input":{"@type":"PropertyValueSpecification","valueRequired":true,"valueName":"search_term_string"}}],"inLanguage":"pt-PT"},{"@type":"Organization","@id":"https:\/\/terrasdebasto.pt\/#organization","name":"Jornal Terras de Basto","url":"https:\/\/terrasdebasto.pt\/","logo":{"@type":"ImageObject","inLanguage":"pt-PT","@id":"https:\/\/terrasdebasto.pt\/#\/schema\/logo\/image\/","url":"https:\/\/terrasdebasto.pt\/wp-content\/uploads\/2024\/06\/LogoNormal.png","contentUrl":"https:\/\/terrasdebasto.pt\/wp-content\/uploads\/2024\/06\/LogoNormal.png","width":5638,"height":809,"caption":"Jornal Terras de Basto"},"image":{"@id":"https:\/\/terrasdebasto.pt\/#\/schema\/logo\/image\/"}},{"@type":"Person","@id":"https:\/\/terrasdebasto.pt\/#\/schema\/person\/9f6739f5394ac65c802641773b278b84","name":"Jo\u00e3o Paulo Mesquita","image":{"@type":"ImageObject","inLanguage":"pt-PT","@id":"https:\/\/terrasdebasto.pt\/#\/schema\/person\/image\/","url":"https:\/\/secure.gravatar.com\/avatar\/9bd0f299e6d96336664aab64354168246a3ee3287c47891c50d450e47ed9d7f9?s=96&d=mm&r=g","contentUrl":"https:\/\/secure.gravatar.com\/avatar\/9bd0f299e6d96336664aab64354168246a3ee3287c47891c50d450e47ed9d7f9?s=96&d=mm&r=g","caption":"Jo\u00e3o Paulo Mesquita"},"url":"https:\/\/terrasdebasto.pt\/?author=7"}]}},"_links":{"self":[{"href":"https:\/\/terrasdebasto.pt\/index.php?rest_route=\/wp\/v2\/posts\/5823","targetHints":{"allow":["GET"]}}],"collection":[{"href":"https:\/\/terrasdebasto.pt\/index.php?rest_route=\/wp\/v2\/posts"}],"about":[{"href":"https:\/\/terrasdebasto.pt\/index.php?rest_route=\/wp\/v2\/types\/post"}],"author":[{"embeddable":true,"href":"https:\/\/terrasdebasto.pt\/index.php?rest_route=\/wp\/v2\/users\/7"}],"replies":[{"embeddable":true,"href":"https:\/\/terrasdebasto.pt\/index.php?rest_route=%2Fwp%2Fv2%2Fcomments&post=5823"}],"version-history":[{"count":1,"href":"https:\/\/terrasdebasto.pt\/index.php?rest_route=\/wp\/v2\/posts\/5823\/revisions"}],"predecessor-version":[{"id":5825,"href":"https:\/\/terrasdebasto.pt\/index.php?rest_route=\/wp\/v2\/posts\/5823\/revisions\/5825"}],"wp:featuredmedia":[{"embeddable":true,"href":"https:\/\/terrasdebasto.pt\/index.php?rest_route=\/wp\/v2\/media\/5824"}],"wp:attachment":[{"href":"https:\/\/terrasdebasto.pt\/index.php?rest_route=%2Fwp%2Fv2%2Fmedia&parent=5823"}],"wp:term":[{"taxonomy":"category","embeddable":true,"href":"https:\/\/terrasdebasto.pt\/index.php?rest_route=%2Fwp%2Fv2%2Fcategories&post=5823"},{"taxonomy":"post_tag","embeddable":true,"href":"https:\/\/terrasdebasto.pt\/index.php?rest_route=%2Fwp%2Fv2%2Ftags&post=5823"}],"curies":[{"name":"wp","href":"https:\/\/api.w.org\/{rel}","templated":true}]}}