{"id":5817,"date":"2026-03-09T20:08:47","date_gmt":"2026-03-09T20:08:47","guid":{"rendered":"https:\/\/terrasdebasto.pt\/?p=5817"},"modified":"2026-03-09T20:08:47","modified_gmt":"2026-03-09T20:08:47","slug":"um-presidente-da-republica-que-nao-conhecia-as-camelias","status":"publish","type":"post","link":"https:\/\/terrasdebasto.pt\/?p=5817","title":{"rendered":"Um Presidente da Rep\u00fablica que n\u00e3o conhecia as cam\u00e9lias"},"content":{"rendered":"\n<p><\/p>\n\n\n\n<p>[Texto publicado na edi\u00e7\u00e3o impressa do Terras de Basto n.\u00ba 42, de 19 de fevereiro de 2016].<\/p>\n\n\n\n<p><strong>Muito antes do vinho o trazer at\u00e9 Basto, j\u00e1 Ant\u00f3nio Jos\u00e9 Seguro por c\u00e1 andava de vez em quando. Alimentava rela\u00e7\u00f5es com camaradas de Celorico, desde que liderou a lista \u00e0s legislativas por Braga em 2005. O jantar que lhe organizaram vinte anos depois \u00e9 apontado como o da confirma\u00e7\u00e3o da sua candidatura. Agora, os Bombeiros Celoricenses est\u00e3o \u00e0 sua espera.<\/strong><\/p>\n\n\n\n<p><strong>Jo\u00e3o Paulo Mesquita<\/strong><\/p>\n\n\n\n<p>Muito provavelmente, hoje \u2013 a dias de tomar posse como Presidente da Rep\u00fablica \u2013, Ant\u00f3nio Jos\u00e9 Seguro j\u00e1 diferencia uma cam\u00e9lia de uma rosa, o que, se assim n\u00e3o fosse, pareceria ofensa \u00e0s gentes de Basto, t\u00e3o mais familiarizadas com as jap\u00f3nicas cameleiras do que com as universais roseiras.<\/p>\n\n\n\n<p>Vem isto a prop\u00f3sito de um breve instante registado aquando de um dos momentos fundamentais no percurso que o levou a Supremo Magistrado da Na\u00e7\u00e3o: a 22 de fevereiro de 2025, terminava ele num restaurante da \u201ccapital das cam\u00e9lias\u201d aquele que foi assumido como um determinante jantar-com\u00edcio, quando os promotores lhe ofereceram um vaso com uma cameleira em flor. Agradecendo, o pr\u00e9-candidato haveria de mostrar da forma menos feliz a sua admira\u00e7\u00e3o pela oferta: \u201cah, uma roseira!\u201d.<\/p>\n\n\n\n<p>\u00c9 certo que, sendo um homem que mete as m\u00e3os na terra enquanto produtor de vinho e de azeite, tamb\u00e9m \u00e9 verdade que l\u00e1 para os lados de Penamacor, onde nasceu, ou nas Caldas da Rainha, onde vive, n\u00e3o s\u00e3o as cam\u00e9lias a flor mais vulgar, bem pelo contr\u00e1rio. Al\u00e9m do mais, se, de vez em quando suja as m\u00e3os na vinha, o mesmo j\u00e1 n\u00e3o acontece no jardim, coisa de pequena monta.<\/p>\n\n\n\n<p>Apesar de n\u00e3o reconhecer a flor oficial de Basto, com que a topi\u00e1ria desenha obras de arte nos jardins de solares e casas senhoriais, Ant\u00f3nio Jos\u00e9 Seguro j\u00e1 por c\u00e1 anda h\u00e1 mais de 20 anos, precisamente quando, em 2005, assumiu a lideran\u00e7a da candidatura \u00e0s legislativas pelo C\u00edrculo de Braga. Foi ent\u00e3o que travou conhecimento com alguns camaradas celoricenses, entre eles Jorge Teixeira, empres\u00e1rio da distribui\u00e7\u00e3o, que o foi apresentando entretanto a outros amigos.<\/p>\n\n\n\n<p>A rela\u00e7\u00e3o politico-partid\u00e1ria manteve-se, mesmo em contexto de confronto Seguro\/Costa, perdurando at\u00e9 ao momento em que, retirado da pol\u00edtica ativa, se dedicou ao vinho e ao azeite. E se de flores n\u00e3o percebe, foi o vinho que acabou por refor\u00e7ar a sua rela\u00e7\u00e3o com o grupo celoricense, com quem, a partir de ent\u00e3o, passou a privar e de que fazem parte, al\u00e9m de Jorge Teixeira, nomes como Hern\u00e2ni e Raphael Bastos, Jorge Silva Reis, Rui Monterroso, Agostinho Moura ou Joaquim Bastos.<\/p>\n\n\n\n<p>Foi a estes e a outros por eles convidados que Ant\u00f3nio Jos\u00e9 Seguro veio, h\u00e1 uns tempos atr\u00e1s, apresentar, n\u2019A Forca, o \u201cSerras P\u201d, a marca l\u00edder do seu vinho de Penamacor. E foi a partir de ent\u00e3o que se passaram a reunir, de longe a longe, n\u00e3o s\u00f3 para provar uns copos, mas tamb\u00e9m para tecer considera\u00e7\u00f5es pol\u00edticas. At\u00e9 ao dia em que se come\u00e7ou a falar de presidenciais.<\/p>\n\n\n\n<p>Conta Jorge Teixeira que, embora se desse conta de que alimentava a ideia e tinha as suas gentes de sobreaviso, Seguro nunca deixou perceber a decis\u00e3o final: \u00abest\u00e1vamos a preparar um jantar, mais ou menos para vinte pessoas\u2026 Mas, como se come\u00e7ou a alimentar a ideia da candidatura, um amigo convida outro\u2026 e j\u00e1 \u00edamos nas 70 pessoas! Ora, quase desmarcava o jantar. N\u00e3o queria grandes ajuntamentos ainda\u00bb.<\/p>\n\n\n\n<p>O que \u00e9 certo \u00e9 que as condicionantes se precipitaram e, a 22 de fevereiro de 2025, num restaurante das imedia\u00e7\u00f5es da vila celoricense, se juntaram mais de tr\u00eas centenas de pessoas, j\u00e1 com bancada para as televis\u00f5es e demais jornalistas. Numa extensa interven\u00e7\u00e3o, depois de ouvir o grupo de \u00abempres\u00e1rios amigos\u00bb incit\u00e1-lo \u00e0 candidatura, Seguro ficou a mil\u00e9simos de anunciar a vontade que alimentava desde que Pedro Nuno Santos, por mero acaso, lan\u00e7ou o seu nome como presidenci\u00e1vel.<\/p>\n\n\n\n<p>Embora n\u00e3o o tenha verbalizado, o que \u00e9 certo \u00e9 que este jantar passou a servir de confirma\u00e7\u00e3o da sua candidatura, assim voltando Celorico de Basto ao roteiro de mais uma corrida a Bel\u00e9m, como acontecera em 2015, quando Marcelo Rebelo de Sousa viera \u00e0 terra da \u201cav\u00f3 Joaquina\u201d iniciar uma caminhada que agora chega ao fim.<\/p>\n\n\n\n<p>Depois do jantar celoricense, a vida de Ant\u00f3nio Jos\u00e9 Seguro entrou numa lufa-lufa, que s\u00f3 em agosto lhe dispensou um dia para esta terra. Antes de passar pela Feira de Gastronomia, e porque est\u00e1vamos em tempo de fogos florestais, veio conhecer a \u00e1rea ardida e visitar os Bombeiros Celoricenses, onde assumiu o compromisso de, sendo eleito, voltar ao quartel da corpora\u00e7\u00e3o para assinalar o centen\u00e1rio da associa\u00e7\u00e3o humanit\u00e1ria, que passa este ano.<\/p>\n\n\n\n<p>Neste percurso, Ant\u00f3nio Jos\u00e9 Seguro carrega ainda a mais-valia de ter sido o \u00fanico, de entre 11 candidatos, a fazer campanha em Basto, numa iniciativa que o levou da P\u00f3voa de Lanhoso ao Centro Cultural celoricense para falar a um audit\u00f3rio cheio.<\/p>\n\n\n\n<p>Embora n\u00e3o saiba quando, Jorge Teixeira \u2013 que lhe operacionaliza os jantares c\u00e1 pela regi\u00e3o \u2013 acredita que \u00abo Dr. Seguro apare\u00e7a por a\u00ed, um dia destes\u00bb, sem a capa de Chefe de Estado.<\/p>\n\n\n\n<figure class=\"wp-block-gallery has-nested-images columns-default is-cropped wp-block-gallery-1 is-layout-flex wp-block-gallery-is-layout-flex\">\n<figure class=\"wp-block-image size-large\"><img loading=\"lazy\" decoding=\"async\" width=\"1024\" height=\"768\" data-id=\"5819\" src=\"https:\/\/terrasdebasto.pt\/wp-content\/uploads\/2026\/03\/FOTO-03-JANTAR-CELORICO-1024x768.jpg\" alt=\"\" class=\"wp-image-5819\" srcset=\"https:\/\/terrasdebasto.pt\/wp-content\/uploads\/2026\/03\/FOTO-03-JANTAR-CELORICO-1024x768.jpg 1024w, https:\/\/terrasdebasto.pt\/wp-content\/uploads\/2026\/03\/FOTO-03-JANTAR-CELORICO-300x225.jpg 300w, https:\/\/terrasdebasto.pt\/wp-content\/uploads\/2026\/03\/FOTO-03-JANTAR-CELORICO-768x576.jpg 768w, https:\/\/terrasdebasto.pt\/wp-content\/uploads\/2026\/03\/FOTO-03-JANTAR-CELORICO-1536x1152.jpg 1536w, https:\/\/terrasdebasto.pt\/wp-content\/uploads\/2026\/03\/FOTO-03-JANTAR-CELORICO-150x113.jpg 150w, https:\/\/terrasdebasto.pt\/wp-content\/uploads\/2026\/03\/FOTO-03-JANTAR-CELORICO-696x522.jpg 696w, https:\/\/terrasdebasto.pt\/wp-content\/uploads\/2026\/03\/FOTO-03-JANTAR-CELORICO-1068x801.jpg 1068w, https:\/\/terrasdebasto.pt\/wp-content\/uploads\/2026\/03\/FOTO-03-JANTAR-CELORICO-1920x1440.jpg 1920w, https:\/\/terrasdebasto.pt\/wp-content\/uploads\/2026\/03\/FOTO-03-JANTAR-CELORICO.jpg 2048w\" sizes=\"auto, (max-width: 1024px) 100vw, 1024px\" \/><\/figure>\n<\/figure>\n\n\n\n<p><\/p>\n\n\n\n<p><strong>Melhor em Basto do que no pa\u00eds<\/strong><\/p>\n\n\n\n<p>Foi em Celorico de Basto que Ant\u00f3nio Jos\u00e9 Seguro obteve, nas Terras de Basto, o melhor resultado eleitoral da segunda volta das elei\u00e7\u00f5es presidenciais, realizada a 8 de fevereiro, obtendo 6.574 votos (71,60%).<\/p>\n\n\n\n<p>A n\u00edvel nacional, num ato eleitoral em que o vencedor foi eleito com o maior n\u00famero de votos alguma vez expressos para um primeiro mandato \u2013 3.505.846 \u2013, o novo Presidente da Rep\u00fablica, que toma posse a 9 de mar\u00e7o, assim sucedendo a Marcelo Rebelo de Sousa, alcan\u00e7ou os 66,83%.<\/p>\n\n\n\n<p>Depois de Celorico de Basto \u2013 concelho cujo presidente de c\u00e2mara, o social-democrata Jos\u00e9 Peixoto Lima, lhe declarou publicamente apoio \u2013, foi em Cabeceiras de Basto que Ant\u00f3nio Jos\u00e9 Seguro obteve outro bom resultado, bem acima da percentagem nacional, com 6.088 votos e 70,36%.<\/p>\n\n\n\n<p>Contrariamente, foi em Mondim de Basto que o candidato da \u00e1rea socialista registou o pior resultado das Terras de Basto, conseguindo 2.197 votos, mas apenas 64,66% dos expressos.<\/p>\n\n\n\n<p>J\u00e1 em Ribeira de Pena, alcan\u00e7ou 2.092 votos, o que lhe deu tamb\u00e9m uma percentagem abaixo da nacional \u2013 68,69%.<\/p>\n\n\n\n<p>Sublinhe-se que foi em Mondim de Basto onde o candidato da extrema-direita, Andr\u00e9 Ventura, registou a sua melhor percentagem, acima da nacional \u2013 35,34% (1.201 votos) \u2013 e em Celorico de Basto a pior \u2013 28,40% (2.608 votos).<\/p>\n\n\n\n<p>Quanto a freguesias, a melhor percentagem de Ant\u00f3nio Jos\u00e9 Seguro verificou-se em Santa Marinha (Ribeira de Pena), com 79,04%, enquanto a pior se registou na Uni\u00e3o de Ermelo e Pardelhas (Mondim de Basto), com 56,10%.<\/p>\n\n\n\n<p>Em Celorico de Basto, a melhor freguesia para o vencedor foi a Uni\u00e3o de Veade, Gagos e Molares (77, 80%); e para o derrotado foi Agilde (43,04%). Em Cabeceiras de Basto, a melhor percentagem de Seguro foi em Riodouro (76,11%) e a melhor de Ventura foi S\u00e3o Nicolau (41,62%). Em Mondim de Basto, a melhor para Seguro foi S\u00e3o Crist\u00f3v\u00e3o (68,65%) e a melhor para Ventura foi a Uni\u00e3o de Ermelo e Pardelhas (43,90%). Em Ribeira de Pena, a melhor percentagem de Seguro foi em Santa Marinha (79,04%), enquanto a melhor de Ventura foi em Canedo (37,11%).<\/p>\n\n\n\n<p><strong>Eleitorado ainda valoriza<\/strong> <strong>equil\u00edbrio e modera\u00e7\u00e3o<\/strong><\/p>\n\n\n\n<p>As presentes elei\u00e7\u00f5es presidenciais \u2013 recorde-se \u2013 ficaram marcadas por um desfecho que poucos antecipavam com tanta clareza meses antes: a vit\u00f3ria de Ant\u00f3nio Jos\u00e9 Seguro \u00e0 segunda volta, ap\u00f3s uma disputa renhida e politicamente reveladora. Mais do que uma simples altern\u00e2ncia em Bel\u00e9m, o resultado traduziu uma recomposi\u00e7\u00e3o do espa\u00e7o pol\u00edtico e uma mensagem clara do eleitorado sobre estabilidade, modera\u00e7\u00e3o e confian\u00e7a institucional.<\/p>\n\n\n\n<p>Na primeira volta, o cen\u00e1rio foi fragmentado, refletindo um pa\u00eds politicamente plural e ainda a digerir ciclos recentes de instabilidade governativa e tens\u00e3o parlamentar. Ant\u00f3nio Jos\u00e9 Seguro apresentou-se como candidato independente, embora com ra\u00edzes profundas no Partido Socialista, apostando numa campanha centrada na experi\u00eancia pol\u00edtica, no perfil conciliador e na defesa do papel moderador do Presidente da Rep\u00fablica. O seu discurso evitou radicalismos e procurou captar eleitores ao centro, tanto da esquerda como da direita moderada.<\/p>\n\n\n\n<p>O resultado da primeira volta confirmou essa estrat\u00e9gia: Seguro ficou em primeiro lugar, mas longe da maioria absoluta necess\u00e1ria para vencer \u00e0 primeira. O segundo lugar foi conquistado por um candidato apoiado pela direita, que conseguiu mobilizar um eleitorado mais ideologicamente coeso, mas menos transversal. Os restantes candidatos dividiram o voto, sobretudo \u00e0 esquerda e no espa\u00e7o mais protestat\u00e1rio, impedindo qualquer defini\u00e7\u00e3o imediata.<\/p>\n\n\n\n<p>A passagem \u00e0 segunda volta colocou frente a frente duas vis\u00f5es distintas para o cargo presidencial. De um lado, Seguro, defendendo um presidente-\u00e1rbitro, atento \u00e0 coes\u00e3o institucional e social. Do outro, um candidato com discurso mais combativo, apostando na ideia de um presidente interventivo e disposto a confrontar o Governo e o Parlamento sempre que necess\u00e1rio.<\/p>\n\n\n\n<p>A segunda volta registou uma participa\u00e7\u00e3o ligeiramente superior, sinal de que o confronto direto mobilizou setores que haviam optado pela absten\u00e7\u00e3o inicial. O resultado final confirmou a vantagem de Seguro, com uma margem confort\u00e1vel, embora n\u00e3o esmagadora. O novo Presidente foi eleito com um apoio maiorit\u00e1rio claro, mas num pa\u00eds que continua politicamente dividido: em 11.039.672 inscritos, votaram 5.519.808, nada mais nada menos do que metade. Estas elei\u00e7\u00f5es n\u00e3o foram apenas um teste aos candidatos, foram tamb\u00e9m um bar\u00f3metro do estado da democracia no pa\u00eds. A escolha de Ant\u00f3nio Jos\u00e9 Seguro sugere que, apesar do ru\u00eddo pol\u00edtico dos \u00faltimos anos, o eleitorado continua a valorizar o equil\u00edbrio, a modera\u00e7\u00e3o e o di\u00e1logo institucional como pilares da estabilidade do regime.<\/p>\n\n\n\n<figure class=\"wp-block-gallery has-nested-images columns-default is-cropped wp-block-gallery-2 is-layout-flex wp-block-gallery-is-layout-flex\">\n<figure class=\"wp-block-image size-large\"><img loading=\"lazy\" decoding=\"async\" width=\"720\" height=\"480\" data-id=\"5820\" src=\"https:\/\/terrasdebasto.pt\/wp-content\/uploads\/2026\/03\/FOTO-02-SEGURO-PRESIDENTE.jpg\" alt=\"\" class=\"wp-image-5820\" srcset=\"https:\/\/terrasdebasto.pt\/wp-content\/uploads\/2026\/03\/FOTO-02-SEGURO-PRESIDENTE.jpg 720w, https:\/\/terrasdebasto.pt\/wp-content\/uploads\/2026\/03\/FOTO-02-SEGURO-PRESIDENTE-300x200.jpg 300w, https:\/\/terrasdebasto.pt\/wp-content\/uploads\/2026\/03\/FOTO-02-SEGURO-PRESIDENTE-150x100.jpg 150w, https:\/\/terrasdebasto.pt\/wp-content\/uploads\/2026\/03\/FOTO-02-SEGURO-PRESIDENTE-696x464.jpg 696w\" sizes=\"auto, (max-width: 720px) 100vw, 720px\" \/><\/figure>\n<\/figure>\n","protected":false},"excerpt":{"rendered":"<p>[Texto publicado na edi\u00e7\u00e3o impressa do Terras de Basto n.\u00ba 42, de 19 de fevereiro de 2016]. Muito antes do vinho o trazer at\u00e9 Basto, j\u00e1 Ant\u00f3nio Jos\u00e9 Seguro por c\u00e1 andava de vez em quando. Alimentava rela\u00e7\u00f5es com camaradas de Celorico, desde que liderou a lista \u00e0s legislativas por Braga em 2005. O jantar [&hellip;]<\/p>\n","protected":false},"author":7,"featured_media":5818,"comment_status":"open","ping_status":"open","sticky":false,"template":"","format":"standard","meta":{"footnotes":""},"categories":[12,13,16,26,9],"tags":[1292,40,903],"class_list":{"0":"post-5817","1":"post","2":"type-post","3":"status-publish","4":"format-standard","5":"has-post-thumbnail","7":"category-cabeceiras-de-basto","8":"category-celorico-de-basto","9":"category-mondim-de-basto","10":"category-ribeira-de-pena","11":"category-terras-de-basto","12":"tag-antonio-jose-seguro","13":"tag-celorico-de-basto","14":"tag-presidente-da-republica"},"yoast_head":"<!-- This site is optimized with the Yoast SEO plugin v25.7 - https:\/\/yoast.com\/wordpress\/plugins\/seo\/ -->\n<title>Um Presidente da Rep\u00fablica que n\u00e3o conhecia as cam\u00e9lias - Jornal Terras de Basto<\/title>\n<meta name=\"description\" content=\"Muito antes do vinho o trazer at\u00e9 Basto, j\u00e1 Ant\u00f3nio Jos\u00e9 Seguro por c\u00e1 andava de vez em quando. Alimentava rela\u00e7\u00f5es com camaradas de Celorico, desde que liderou a lista \u00e0s legislativas por Braga em 2005. O jantar que lhe organizaram vinte anos depois \u00e9 apontado como o da confirma\u00e7\u00e3o da sua candidatura. Agora, os Bombeiros Celoricenses est\u00e3o \u00e0 sua espera.\" \/>\n<meta name=\"robots\" content=\"index, follow, max-snippet:-1, max-image-preview:large, max-video-preview:-1\" \/>\n<link rel=\"canonical\" href=\"https:\/\/terrasdebasto.pt\/?p=5817\" \/>\n<meta property=\"og:locale\" content=\"pt_PT\" \/>\n<meta property=\"og:type\" content=\"article\" \/>\n<meta property=\"og:title\" content=\"Um Presidente da Rep\u00fablica que n\u00e3o conhecia as cam\u00e9lias - Jornal Terras de Basto\" \/>\n<meta property=\"og:description\" content=\"Muito antes do vinho o trazer at\u00e9 Basto, j\u00e1 Ant\u00f3nio Jos\u00e9 Seguro por c\u00e1 andava de vez em quando. Alimentava rela\u00e7\u00f5es com camaradas de Celorico, desde que liderou a lista \u00e0s legislativas por Braga em 2005. O jantar que lhe organizaram vinte anos depois \u00e9 apontado como o da confirma\u00e7\u00e3o da sua candidatura. Agora, os Bombeiros Celoricenses est\u00e3o \u00e0 sua espera.\" \/>\n<meta property=\"og:url\" content=\"https:\/\/terrasdebasto.pt\/?p=5817\" \/>\n<meta property=\"og:site_name\" content=\"Jornal Terras de Basto\" \/>\n<meta property=\"article:published_time\" content=\"2026-03-09T20:08:47+00:00\" \/>\n<meta property=\"og:image\" content=\"https:\/\/terrasdebasto.pt\/wp-content\/uploads\/2026\/03\/FOTO-01-EMPRESARIOS-CELORICO.jpg\" \/>\n\t<meta property=\"og:image:width\" content=\"965\" \/>\n\t<meta property=\"og:image:height\" content=\"1116\" \/>\n\t<meta property=\"og:image:type\" content=\"image\/jpeg\" \/>\n<meta name=\"author\" content=\"Jo\u00e3o Paulo Mesquita\" \/>\n<meta name=\"twitter:card\" content=\"summary_large_image\" \/>\n<meta name=\"twitter:label1\" content=\"Escrito por\" \/>\n\t<meta name=\"twitter:data1\" content=\"Jo\u00e3o Paulo Mesquita\" \/>\n\t<meta name=\"twitter:label2\" content=\"Tempo estimado de leitura\" \/>\n\t<meta name=\"twitter:data2\" content=\"10 minutos\" \/>\n<script type=\"application\/ld+json\" class=\"yoast-schema-graph\">{\"@context\":\"https:\/\/schema.org\",\"@graph\":[{\"@type\":\"Article\",\"@id\":\"https:\/\/terrasdebasto.pt\/?p=5817#article\",\"isPartOf\":{\"@id\":\"https:\/\/terrasdebasto.pt\/?p=5817\"},\"author\":{\"name\":\"Jo\u00e3o Paulo Mesquita\",\"@id\":\"https:\/\/terrasdebasto.pt\/#\/schema\/person\/9f6739f5394ac65c802641773b278b84\"},\"headline\":\"Um Presidente da Rep\u00fablica que n\u00e3o conhecia as cam\u00e9lias\",\"datePublished\":\"2026-03-09T20:08:47+00:00\",\"mainEntityOfPage\":{\"@id\":\"https:\/\/terrasdebasto.pt\/?p=5817\"},\"wordCount\":1685,\"commentCount\":0,\"publisher\":{\"@id\":\"https:\/\/terrasdebasto.pt\/#organization\"},\"image\":{\"@id\":\"https:\/\/terrasdebasto.pt\/?p=5817#primaryimage\"},\"thumbnailUrl\":\"https:\/\/terrasdebasto.pt\/wp-content\/uploads\/2026\/03\/FOTO-01-EMPRESARIOS-CELORICO.jpg\",\"keywords\":[\"Ant\u00f3nio Jos\u00e9 Seguro\",\"Celorico de Basto\",\"Presidente da Rep\u00fablica\"],\"articleSection\":[\"Cabeceiras de Basto\",\"Celorico de Basto\",\"Mondim de Basto\",\"Ribeira de Pena\",\"Terras de Basto\"],\"inLanguage\":\"pt-PT\",\"potentialAction\":[{\"@type\":\"CommentAction\",\"name\":\"Comment\",\"target\":[\"https:\/\/terrasdebasto.pt\/?p=5817#respond\"]}]},{\"@type\":\"WebPage\",\"@id\":\"https:\/\/terrasdebasto.pt\/?p=5817\",\"url\":\"https:\/\/terrasdebasto.pt\/?p=5817\",\"name\":\"Um Presidente da Rep\u00fablica que n\u00e3o conhecia as cam\u00e9lias - Jornal Terras de Basto\",\"isPartOf\":{\"@id\":\"https:\/\/terrasdebasto.pt\/#website\"},\"primaryImageOfPage\":{\"@id\":\"https:\/\/terrasdebasto.pt\/?p=5817#primaryimage\"},\"image\":{\"@id\":\"https:\/\/terrasdebasto.pt\/?p=5817#primaryimage\"},\"thumbnailUrl\":\"https:\/\/terrasdebasto.pt\/wp-content\/uploads\/2026\/03\/FOTO-01-EMPRESARIOS-CELORICO.jpg\",\"datePublished\":\"2026-03-09T20:08:47+00:00\",\"description\":\"Muito antes do vinho o trazer at\u00e9 Basto, j\u00e1 Ant\u00f3nio Jos\u00e9 Seguro por c\u00e1 andava de vez em quando. Alimentava rela\u00e7\u00f5es com camaradas de Celorico, desde que liderou a lista \u00e0s legislativas por Braga em 2005. O jantar que lhe organizaram vinte anos depois \u00e9 apontado como o da confirma\u00e7\u00e3o da sua candidatura. Agora, os Bombeiros Celoricenses est\u00e3o \u00e0 sua espera.\",\"breadcrumb\":{\"@id\":\"https:\/\/terrasdebasto.pt\/?p=5817#breadcrumb\"},\"inLanguage\":\"pt-PT\",\"potentialAction\":[{\"@type\":\"ReadAction\",\"target\":[\"https:\/\/terrasdebasto.pt\/?p=5817\"]}]},{\"@type\":\"ImageObject\",\"inLanguage\":\"pt-PT\",\"@id\":\"https:\/\/terrasdebasto.pt\/?p=5817#primaryimage\",\"url\":\"https:\/\/terrasdebasto.pt\/wp-content\/uploads\/2026\/03\/FOTO-01-EMPRESARIOS-CELORICO.jpg\",\"contentUrl\":\"https:\/\/terrasdebasto.pt\/wp-content\/uploads\/2026\/03\/FOTO-01-EMPRESARIOS-CELORICO.jpg\",\"width\":965,\"height\":1116},{\"@type\":\"BreadcrumbList\",\"@id\":\"https:\/\/terrasdebasto.pt\/?p=5817#breadcrumb\",\"itemListElement\":[{\"@type\":\"ListItem\",\"position\":1,\"name\":\"In\u00edcio\",\"item\":\"https:\/\/terrasdebasto.pt\/\"},{\"@type\":\"ListItem\",\"position\":2,\"name\":\"Um Presidente da Rep\u00fablica que n\u00e3o conhecia as cam\u00e9lias\"}]},{\"@type\":\"WebSite\",\"@id\":\"https:\/\/terrasdebasto.pt\/#website\",\"url\":\"https:\/\/terrasdebasto.pt\/\",\"name\":\"Jornal Terras de Basto\",\"description\":\"\",\"publisher\":{\"@id\":\"https:\/\/terrasdebasto.pt\/#organization\"},\"potentialAction\":[{\"@type\":\"SearchAction\",\"target\":{\"@type\":\"EntryPoint\",\"urlTemplate\":\"https:\/\/terrasdebasto.pt\/?s={search_term_string}\"},\"query-input\":{\"@type\":\"PropertyValueSpecification\",\"valueRequired\":true,\"valueName\":\"search_term_string\"}}],\"inLanguage\":\"pt-PT\"},{\"@type\":\"Organization\",\"@id\":\"https:\/\/terrasdebasto.pt\/#organization\",\"name\":\"Jornal Terras de Basto\",\"url\":\"https:\/\/terrasdebasto.pt\/\",\"logo\":{\"@type\":\"ImageObject\",\"inLanguage\":\"pt-PT\",\"@id\":\"https:\/\/terrasdebasto.pt\/#\/schema\/logo\/image\/\",\"url\":\"https:\/\/terrasdebasto.pt\/wp-content\/uploads\/2024\/06\/LogoNormal.png\",\"contentUrl\":\"https:\/\/terrasdebasto.pt\/wp-content\/uploads\/2024\/06\/LogoNormal.png\",\"width\":5638,\"height\":809,\"caption\":\"Jornal Terras de Basto\"},\"image\":{\"@id\":\"https:\/\/terrasdebasto.pt\/#\/schema\/logo\/image\/\"}},{\"@type\":\"Person\",\"@id\":\"https:\/\/terrasdebasto.pt\/#\/schema\/person\/9f6739f5394ac65c802641773b278b84\",\"name\":\"Jo\u00e3o Paulo Mesquita\",\"image\":{\"@type\":\"ImageObject\",\"inLanguage\":\"pt-PT\",\"@id\":\"https:\/\/terrasdebasto.pt\/#\/schema\/person\/image\/\",\"url\":\"https:\/\/secure.gravatar.com\/avatar\/9bd0f299e6d96336664aab64354168246a3ee3287c47891c50d450e47ed9d7f9?s=96&d=mm&r=g\",\"contentUrl\":\"https:\/\/secure.gravatar.com\/avatar\/9bd0f299e6d96336664aab64354168246a3ee3287c47891c50d450e47ed9d7f9?s=96&d=mm&r=g\",\"caption\":\"Jo\u00e3o Paulo Mesquita\"},\"url\":\"https:\/\/terrasdebasto.pt\/?author=7\"}]}<\/script>\n<!-- \/ Yoast SEO plugin. -->","yoast_head_json":{"title":"Um Presidente da Rep\u00fablica que n\u00e3o conhecia as cam\u00e9lias - Jornal Terras de Basto","description":"Muito antes do vinho o trazer at\u00e9 Basto, j\u00e1 Ant\u00f3nio Jos\u00e9 Seguro por c\u00e1 andava de vez em quando. Alimentava rela\u00e7\u00f5es com camaradas de Celorico, desde que liderou a lista \u00e0s legislativas por Braga em 2005. O jantar que lhe organizaram vinte anos depois \u00e9 apontado como o da confirma\u00e7\u00e3o da sua candidatura. Agora, os Bombeiros Celoricenses est\u00e3o \u00e0 sua espera.","robots":{"index":"index","follow":"follow","max-snippet":"max-snippet:-1","max-image-preview":"max-image-preview:large","max-video-preview":"max-video-preview:-1"},"canonical":"https:\/\/terrasdebasto.pt\/?p=5817","og_locale":"pt_PT","og_type":"article","og_title":"Um Presidente da Rep\u00fablica que n\u00e3o conhecia as cam\u00e9lias - Jornal Terras de Basto","og_description":"Muito antes do vinho o trazer at\u00e9 Basto, j\u00e1 Ant\u00f3nio Jos\u00e9 Seguro por c\u00e1 andava de vez em quando. Alimentava rela\u00e7\u00f5es com camaradas de Celorico, desde que liderou a lista \u00e0s legislativas por Braga em 2005. O jantar que lhe organizaram vinte anos depois \u00e9 apontado como o da confirma\u00e7\u00e3o da sua candidatura. Agora, os Bombeiros Celoricenses est\u00e3o \u00e0 sua espera.","og_url":"https:\/\/terrasdebasto.pt\/?p=5817","og_site_name":"Jornal Terras de Basto","article_published_time":"2026-03-09T20:08:47+00:00","og_image":[{"width":965,"height":1116,"url":"https:\/\/terrasdebasto.pt\/wp-content\/uploads\/2026\/03\/FOTO-01-EMPRESARIOS-CELORICO.jpg","type":"image\/jpeg"}],"author":"Jo\u00e3o Paulo Mesquita","twitter_card":"summary_large_image","twitter_misc":{"Escrito por":"Jo\u00e3o Paulo Mesquita","Tempo estimado de leitura":"10 minutos"},"schema":{"@context":"https:\/\/schema.org","@graph":[{"@type":"Article","@id":"https:\/\/terrasdebasto.pt\/?p=5817#article","isPartOf":{"@id":"https:\/\/terrasdebasto.pt\/?p=5817"},"author":{"name":"Jo\u00e3o Paulo Mesquita","@id":"https:\/\/terrasdebasto.pt\/#\/schema\/person\/9f6739f5394ac65c802641773b278b84"},"headline":"Um Presidente da Rep\u00fablica que n\u00e3o conhecia as cam\u00e9lias","datePublished":"2026-03-09T20:08:47+00:00","mainEntityOfPage":{"@id":"https:\/\/terrasdebasto.pt\/?p=5817"},"wordCount":1685,"commentCount":0,"publisher":{"@id":"https:\/\/terrasdebasto.pt\/#organization"},"image":{"@id":"https:\/\/terrasdebasto.pt\/?p=5817#primaryimage"},"thumbnailUrl":"https:\/\/terrasdebasto.pt\/wp-content\/uploads\/2026\/03\/FOTO-01-EMPRESARIOS-CELORICO.jpg","keywords":["Ant\u00f3nio Jos\u00e9 Seguro","Celorico de Basto","Presidente da Rep\u00fablica"],"articleSection":["Cabeceiras de Basto","Celorico de Basto","Mondim de Basto","Ribeira de Pena","Terras de Basto"],"inLanguage":"pt-PT","potentialAction":[{"@type":"CommentAction","name":"Comment","target":["https:\/\/terrasdebasto.pt\/?p=5817#respond"]}]},{"@type":"WebPage","@id":"https:\/\/terrasdebasto.pt\/?p=5817","url":"https:\/\/terrasdebasto.pt\/?p=5817","name":"Um Presidente da Rep\u00fablica que n\u00e3o conhecia as cam\u00e9lias - Jornal Terras de Basto","isPartOf":{"@id":"https:\/\/terrasdebasto.pt\/#website"},"primaryImageOfPage":{"@id":"https:\/\/terrasdebasto.pt\/?p=5817#primaryimage"},"image":{"@id":"https:\/\/terrasdebasto.pt\/?p=5817#primaryimage"},"thumbnailUrl":"https:\/\/terrasdebasto.pt\/wp-content\/uploads\/2026\/03\/FOTO-01-EMPRESARIOS-CELORICO.jpg","datePublished":"2026-03-09T20:08:47+00:00","description":"Muito antes do vinho o trazer at\u00e9 Basto, j\u00e1 Ant\u00f3nio Jos\u00e9 Seguro por c\u00e1 andava de vez em quando. Alimentava rela\u00e7\u00f5es com camaradas de Celorico, desde que liderou a lista \u00e0s legislativas por Braga em 2005. O jantar que lhe organizaram vinte anos depois \u00e9 apontado como o da confirma\u00e7\u00e3o da sua candidatura. Agora, os Bombeiros Celoricenses est\u00e3o \u00e0 sua espera.","breadcrumb":{"@id":"https:\/\/terrasdebasto.pt\/?p=5817#breadcrumb"},"inLanguage":"pt-PT","potentialAction":[{"@type":"ReadAction","target":["https:\/\/terrasdebasto.pt\/?p=5817"]}]},{"@type":"ImageObject","inLanguage":"pt-PT","@id":"https:\/\/terrasdebasto.pt\/?p=5817#primaryimage","url":"https:\/\/terrasdebasto.pt\/wp-content\/uploads\/2026\/03\/FOTO-01-EMPRESARIOS-CELORICO.jpg","contentUrl":"https:\/\/terrasdebasto.pt\/wp-content\/uploads\/2026\/03\/FOTO-01-EMPRESARIOS-CELORICO.jpg","width":965,"height":1116},{"@type":"BreadcrumbList","@id":"https:\/\/terrasdebasto.pt\/?p=5817#breadcrumb","itemListElement":[{"@type":"ListItem","position":1,"name":"In\u00edcio","item":"https:\/\/terrasdebasto.pt\/"},{"@type":"ListItem","position":2,"name":"Um Presidente da Rep\u00fablica que n\u00e3o conhecia as cam\u00e9lias"}]},{"@type":"WebSite","@id":"https:\/\/terrasdebasto.pt\/#website","url":"https:\/\/terrasdebasto.pt\/","name":"Jornal Terras de Basto","description":"","publisher":{"@id":"https:\/\/terrasdebasto.pt\/#organization"},"potentialAction":[{"@type":"SearchAction","target":{"@type":"EntryPoint","urlTemplate":"https:\/\/terrasdebasto.pt\/?s={search_term_string}"},"query-input":{"@type":"PropertyValueSpecification","valueRequired":true,"valueName":"search_term_string"}}],"inLanguage":"pt-PT"},{"@type":"Organization","@id":"https:\/\/terrasdebasto.pt\/#organization","name":"Jornal Terras de Basto","url":"https:\/\/terrasdebasto.pt\/","logo":{"@type":"ImageObject","inLanguage":"pt-PT","@id":"https:\/\/terrasdebasto.pt\/#\/schema\/logo\/image\/","url":"https:\/\/terrasdebasto.pt\/wp-content\/uploads\/2024\/06\/LogoNormal.png","contentUrl":"https:\/\/terrasdebasto.pt\/wp-content\/uploads\/2024\/06\/LogoNormal.png","width":5638,"height":809,"caption":"Jornal Terras de Basto"},"image":{"@id":"https:\/\/terrasdebasto.pt\/#\/schema\/logo\/image\/"}},{"@type":"Person","@id":"https:\/\/terrasdebasto.pt\/#\/schema\/person\/9f6739f5394ac65c802641773b278b84","name":"Jo\u00e3o Paulo Mesquita","image":{"@type":"ImageObject","inLanguage":"pt-PT","@id":"https:\/\/terrasdebasto.pt\/#\/schema\/person\/image\/","url":"https:\/\/secure.gravatar.com\/avatar\/9bd0f299e6d96336664aab64354168246a3ee3287c47891c50d450e47ed9d7f9?s=96&d=mm&r=g","contentUrl":"https:\/\/secure.gravatar.com\/avatar\/9bd0f299e6d96336664aab64354168246a3ee3287c47891c50d450e47ed9d7f9?s=96&d=mm&r=g","caption":"Jo\u00e3o Paulo Mesquita"},"url":"https:\/\/terrasdebasto.pt\/?author=7"}]}},"_links":{"self":[{"href":"https:\/\/terrasdebasto.pt\/index.php?rest_route=\/wp\/v2\/posts\/5817","targetHints":{"allow":["GET"]}}],"collection":[{"href":"https:\/\/terrasdebasto.pt\/index.php?rest_route=\/wp\/v2\/posts"}],"about":[{"href":"https:\/\/terrasdebasto.pt\/index.php?rest_route=\/wp\/v2\/types\/post"}],"author":[{"embeddable":true,"href":"https:\/\/terrasdebasto.pt\/index.php?rest_route=\/wp\/v2\/users\/7"}],"replies":[{"embeddable":true,"href":"https:\/\/terrasdebasto.pt\/index.php?rest_route=%2Fwp%2Fv2%2Fcomments&post=5817"}],"version-history":[{"count":1,"href":"https:\/\/terrasdebasto.pt\/index.php?rest_route=\/wp\/v2\/posts\/5817\/revisions"}],"predecessor-version":[{"id":5821,"href":"https:\/\/terrasdebasto.pt\/index.php?rest_route=\/wp\/v2\/posts\/5817\/revisions\/5821"}],"wp:featuredmedia":[{"embeddable":true,"href":"https:\/\/terrasdebasto.pt\/index.php?rest_route=\/wp\/v2\/media\/5818"}],"wp:attachment":[{"href":"https:\/\/terrasdebasto.pt\/index.php?rest_route=%2Fwp%2Fv2%2Fmedia&parent=5817"}],"wp:term":[{"taxonomy":"category","embeddable":true,"href":"https:\/\/terrasdebasto.pt\/index.php?rest_route=%2Fwp%2Fv2%2Fcategories&post=5817"},{"taxonomy":"post_tag","embeddable":true,"href":"https:\/\/terrasdebasto.pt\/index.php?rest_route=%2Fwp%2Fv2%2Ftags&post=5817"}],"curies":[{"name":"wp","href":"https:\/\/api.w.org\/{rel}","templated":true}]}}