{"id":5768,"date":"2026-03-06T16:40:18","date_gmt":"2026-03-06T16:40:18","guid":{"rendered":"https:\/\/terrasdebasto.pt\/?p=5768"},"modified":"2026-03-06T16:40:18","modified_gmt":"2026-03-06T16:40:18","slug":"parque-eolico-de-riodouro-salto-comeca-a-produzir-em-junho","status":"publish","type":"post","link":"https:\/\/terrasdebasto.pt\/?p=5768","title":{"rendered":"Parque e\u00f3lico de Riodouro\/Salto come\u00e7a a produzir em junho"},"content":{"rendered":"\n<p>O Parque E\u00f3lico do T\u00e2mega Norte, localizado em territ\u00f3rio de Cabeceiras de Basto e Montalegre, dever\u00e1 come\u00e7ar a produzir energia em junho, permitindo \u00e0 empresa concession\u00e1ria combinar energia e\u00f3lica e h\u00eddrica, num projeto considerado \u201cpioneiro\u201d e que funcionar\u00e1 em liga\u00e7\u00e3o com as barragens do Sistema Eletroprodutor do T\u00e2mega.<\/p>\n\n\n\n<p>\u00abPelo menos na \u201cIberdrola\u201d, \u00e9 um projeto pioneiro. \u00c9 um sistema que combina energia e\u00f3lica com a energia hidroel\u00e9trica do Sistema Eletroprodutor do T\u00e2mega, diz David Bernardo, respons\u00e1vel de desenvolvimento do projeto daquele \u00e9 que descrito pela empresa como \u00abo maior parque e\u00f3lico de Portugal\u00bb.<\/p>\n\n\n\n<p>David Bernardo falava aos jornalistas durante uma visita ao Parque E\u00f3lico do T\u00e2mega Norte, que est\u00e1 a ser constru\u00eddo. \u00abO objetivo \u00e9 utilizar infraestruturas existentes, neste caso linhas de evacua\u00e7\u00e3o, subesta\u00e7\u00f5es existentes, pontos de liga\u00e7\u00e3o \u00e0 rede que j\u00e1 foram constru\u00eddas no \u00e2mbito do SET, para poder conectar o parque e\u00f3lico e, assim, ser poss\u00edvel evacuar energia\u00bb, acrescentou.<\/p>\n\n\n\n<p>Tal como Terras de Basto j\u00e1 noticiou, este \u00e9 \u00abo primeiro projeto\u00bb com conex\u00e3o h\u00edbrida entre gera\u00e7\u00e3o hidroel\u00e9trica e e\u00f3lica, ficando ligado ao SET, que inclui as centrais hidroel\u00e9tricas e as barragens de Daiv\u00f5es, Gouv\u00e3es e Alto T\u00e2mega, em Ribeira de Pena. \u00abN\u00e3o h\u00e1 uma duplica\u00e7\u00e3o de infraestruturas e consequentemente h\u00e1 uma redu\u00e7\u00e3o dos custos e do impacto do pr\u00f3prio projeto\u00bb, afirmou David Bernardo.<\/p>\n\n\n\n<p>Os dois tipos de energia t\u00eam tecnologias diferentes e v\u00e3o ser combinadas, com o objetivo de \u00abmaximizar a produ\u00e7\u00e3o\u00bb. Segundo exemplificou, em alturas em que haja uma intermit\u00eancia do vento, pode ser usada a energia hidroel\u00e9trica. \u00abElas podem-se complementar, estando limitadas at\u00e9 \u00e0 capacidade m\u00e1xima que, neste caso, \u00e9 ditada pela h\u00eddrica\u00bb, referiu.<\/p>\n\n\n\n<p>O parque e\u00f3lico representa um investimento de 350 milh\u00f5es de euros e a empresa prev\u00ea uma produ\u00e7\u00e3o anual de 601 gigawatts\/hora (GWh). \u00abConsegue alimentar 128 mil habita\u00e7\u00f5es, o que equivale \u00e0 energia consumida por Guimar\u00e3es e Braga, em conjunto\u00bb, referiu.<\/p>\n\n\n\n<p>Cada um dos aerogeradores tem uma pot\u00eancia de 7,2 megawatts (MW), com uma pot\u00eancia instalada no parque de 274 MW e 1.150 MW na parte hidr\u00e1ulica. \u00abMas isto n\u00e3o funciona em conjunto, o m\u00e1ximo a que estamos limitados \u00e9 1.150 MW e poder\u00e1 entrar uma ou outra\u00bb, concretizou.<\/p>\n\n\n\n<p>O parque T\u00e2mega Norte, que est\u00e1 em fase de montagem dos aerogeradores, vai trabalhar com a barragem de Daiv\u00f5es, e o Sul, que est\u00e1 em fase inicial (movimentos de terras, prepara\u00e7\u00e3o de plataformas), entre Ribeira de Pena e Vila Pouca de Aguiar, vai ligar a de Gouv\u00e3es.<\/p>\n\n\n\n<p>David Bernardo disse que o in\u00edcio da produ\u00e7\u00e3o de energia est\u00e1 prevista para junho, no Parque Norte, enquanto no Parque Sul, a previs\u00e3o aponta para setembro. No pico da constru\u00e7\u00e3o, em que se juntaram os trabalhos de constru\u00e7\u00e3o civil e a montagem dos aerogeradores, foram criados cerca de 700 postos de trabalho diretos.<\/p>\n\n\n\n<p><strong>Parque ainda pode crescer<\/strong><\/p>\n\n\n\n<p>O projeto inicial deste Parque E\u00f3lico propunha a instala\u00e7\u00e3o de 73 aerogeradores e, posteriormente, a empresa reformulou para os 60. Em mar\u00e7o de 2023, a Ag\u00eancia Portuguesa do Ambiente (APA) emitiu uma Declara\u00e7\u00e3o de Impacte Ambiental (DIA) favor\u00e1vel condicionada ao complexo e\u00f3lico e diminuiu o n\u00famero de aerogeradores para os 38.<\/p>\n\n\n\n<p>Sara Hoya, respons\u00e1vel pela \u00e1rea ambiental, disse que a empresa tem a inten\u00e7\u00e3o, se for poss\u00edvel, de ampliar este n\u00famero. Este projeto, referiu, foi \u00abdesenhado quase ao mil\u00edmetro\u00bb para ter a \u00abmenor afeta\u00e7\u00e3o\u00bb, tendo sido alterada a localiza\u00e7\u00e3o de alguns aerogeradores, acessos e plataformas.<\/p>\n\n\n\n<p>\u00c9 ainda preciso cumprir um conjunto de programas de monitoriza\u00e7\u00e3o cont\u00ednua de sistemas ecol\u00f3gicos durante a constru\u00e7\u00e3o (avifauna, flora, habitats e arqueologia), para mitigar poss\u00edveis impactos. Uma das medidas est\u00e1 relacionada com o lobo ib\u00e9rico, sendo que, durante os meses de reprodu\u00e7\u00e3o da esp\u00e9cie protegida (primavera\/ver\u00e3o) as atividades mais ruidosas, como movimenta\u00e7\u00f5es de terras, est\u00e3o restringidas, pelo que os trabalhos decorrem essencialmente no inverno.<\/p>\n\n\n\n<p>A respons\u00e1vel disse ainda que foram feitos contratos com diferentes comunidades de baldios, que recebem uma renda por aerogerador instalado nos seus terrenos, podendo tamb\u00e9m beneficiar dos acessos aos parques, enquanto os munic\u00edpios beneficiam de um Fundo Ambiental em fun\u00e7\u00e3o da pot\u00eancia instalada.<\/p>\n\n\n\n<p><strong>O sistema inovador de transporte<\/strong><\/p>\n\n\n\n<p><strong>que tem atravessado Cabeceiras<\/strong><\/p>\n\n\n\n<p>O transporte das p\u00e1s de 85 metros dos aerogeradores, que est\u00e3o a ser instalados no Parque E\u00f3lico do T\u00e2mega, est\u00e1 a ser feito com recurso a um \u201cblade lifter\u201d, sistema que \u2013 conforme o Terras de Basto j\u00e1 explicou \u2013 permite contornar curvas apertadas e inclina\u00e7\u00f5es, como tem sido o caso dos acessos de Arco de Ba\u00falhe a Riododouro ou a Salto.<\/p>\n\n\n\n<p>\u00abEstamos a ver a instala\u00e7\u00e3o de uma p\u00e1 de uma e\u00f3lica. \u00c9 a maior p\u00e1 e\u00f3lica que temos, de momento, em Portugal, s\u00e3o 85 metros de p\u00e1. \u00c9 uma opera\u00e7\u00e3o delicada, temos de ter muito controlo do vento, da opera\u00e7\u00e3o em si, das gruas\u00bb, afirma o gestor de constru\u00e7\u00e3o Giancarlo Pedro, que especifica que a opera\u00e7\u00e3o demora mais de duas horas, desde a subida da p\u00e1 pela grua at\u00e9 \u00e0 sua instala\u00e7\u00e3o no \u2018hub\u2019, onde \u00e9 preciso apertar 240 parafusos.<\/p>\n\n\n\n<p>\u00c9 uma esp\u00e9cie de \u201cpuzzle\u201d gigante, um sistema modular. Os aerogeradores chegam \u00e0s pe\u00e7as ao parque, que s\u00e3o depois montadas no local. A m\u00e1quina tem 114 metros de altura de torre, chegando aos 199 metros com a p\u00e1 na vertical. Em termos comparativos, a torre Vasco da Gama, em Lisboa, tem uma altura de 145 metros.<\/p>\n\n\n\n<p>A torre est\u00e1 dividida em cinco tramos; depois a \u2018nacelle\u2019, onde est\u00e1 instalado o \u201ccora\u00e7\u00e3o do sistema\u201d (gerador e todo o equipamento mec\u00e2nico da turbina); e, por fim o \u2018hub\u2019, que acopla a \u2018nacelle\u2019 e onde encaixam as tr\u00eas p\u00e1s. As p\u00e1s v\u00eam inteiras via Porto de Aveiro at\u00e9 Cabeceiras de Basto, e toda a log\u00edstica de transporte obriga a uma prepara\u00e7\u00e3o \u201cespecial e demorada\u201d.<\/p>\n\n\n\n<p>At\u00e9 Cabeceiras de Basto, o transporte \u00e9 convencional, mas depois, at\u00e9 Salto, a subida de 13 quil\u00f3metros \u00e9 feita com recurso ao sistema \u201cblade lifter\u201d, um equipamento robusto, em que s\u00e3o fixadas as p\u00e1s e que as permite rodar, na vertical ou horizontal, atrav\u00e9s de um mecanismo hidr\u00e1ulico onde a p\u00e1 \u00e9 acoplada para transporte e atinge inclina\u00e7\u00f5es de at\u00e9 ao m\u00e1ximo de 60 graus. \u00c9 como uma esp\u00e9cie de elevador de p\u00e1s.<\/p>\n\n\n\n<p>Este sistema permite contornar curvas apertadas, inclina\u00e7\u00f5es e outros obst\u00e1culos, adaptando-se \u00e0s estradas existentes. Para a sua passagem, foi necess\u00e1rio efetuar algumas podas de \u00e1rvores e, em alguns tro\u00e7os, at\u00e9 a enterrar linhas de energia e de comunica\u00e7\u00f5es.<\/p>\n\n\n\n<p><strong>Transporte at\u00e9 final de mar\u00e7o<\/strong><\/p>\n\n\n\n<p>O \u201cblade lifter\u201d \u00e9 uma base de ancoragem da p\u00e1, instalada num cami\u00e3o, que \u00e9 operada por uma equipa de tr\u00eas pessoas. Anda a cinco quil\u00f3metros\/hora e o percurso demora cerca de cinco horas a ser feito. Para causar menos constrangimentos na circula\u00e7\u00e3o rodovi\u00e1ria o transporte \u00e9 feito duas vezes por semana e sobem tr\u00eas p\u00e1s de cada vez.<\/p>\n\n\n\n<p>\u00c9 tamb\u00e9m acompanhado pela GNR, os hor\u00e1rios foram ajustados para impactar o menos poss\u00edvel junto das comunidades, nomeadamente, por exemplo, nos autocarros escolares e existem ainda acessos alternativos. \u00ab\u00c9 uma atividade que requer todo um cuidado, tem uma equipa especializada s\u00f3 para trabalhar diretamente com este equipamento\u00bb, salientou Giancarlo Pedro.<\/p>\n\n\n\n<p>A expectativa, acrescenta, \u00e9 que todos os transportes, de cerca de 110 p\u00e1s, estejam conclu\u00eddos at\u00e9 final de mar\u00e7o, prevendo-se que a produ\u00e7\u00e3o de energia e\u00f3lica no Parque Norte arranque em junho. Giancarlo Pedro explicou ainda que cada aerogerador tem 7,2 megawatts de pot\u00eancia e que estas s\u00e3o m\u00e1quinas de \u00faltima gera\u00e7\u00e3o.<\/p>\n\n\n\n<p>O projeto da \u201cIberdrola Renewables Portugal\u201d est\u00e1 dividido em dois parques: o T\u00e2mega Norte, que est\u00e1 a ser constru\u00eddo entre Riodouro e Salto e tem 27 aerogeradores e, a cerca de 20 quil\u00f3metros de dist\u00e2ncia, o T\u00e2mega Sul, onde v\u00e3o ser montados 11 aerogeradores, entre Ribeira de Pena e Vila Pouca de Aguiar.<\/p>\n\n\n\n<p>A hibridiza\u00e7\u00e3o das tecnologias e\u00f3lica e hidroel\u00e9trica possibilita o compartilhamento da mesma infraestrutura de conex\u00e3o ao sistema el\u00e9trico, reduzindo os custos e minimizando os impactos ambientais.<\/p>\n\n\n\n<p>Segundo a empresa, permitir\u00e1 tamb\u00e9m evitar mais de 230 mil toneladas de di\u00f3xido de carbono (CO\u2082) por ano, vai contribuir para a autonomia energ\u00e9tica de Portugal e representa um \u00abpasso significativo\u00bb para alcan\u00e7ar os objetivos do Plano Nacional de Energia e Clima do pa\u00eds. [Com Lusa; imagens videogr\u00e1ficas de &#8220;Iberdrola&#8221;].<\/p>\n\n\n\n<figure class=\"wp-block-gallery has-nested-images columns-default is-cropped wp-block-gallery-1 is-layout-flex wp-block-gallery-is-layout-flex\">\n<figure class=\"wp-block-image size-large\"><img loading=\"lazy\" decoding=\"async\" width=\"1024\" height=\"562\" data-id=\"5770\" src=\"https:\/\/terrasdebasto.pt\/wp-content\/uploads\/2026\/03\/01-1024x562.jpg\" alt=\"\" class=\"wp-image-5770\" srcset=\"https:\/\/terrasdebasto.pt\/wp-content\/uploads\/2026\/03\/01-1024x562.jpg 1024w, https:\/\/terrasdebasto.pt\/wp-content\/uploads\/2026\/03\/01-300x165.jpg 300w, https:\/\/terrasdebasto.pt\/wp-content\/uploads\/2026\/03\/01-768x421.jpg 768w, https:\/\/terrasdebasto.pt\/wp-content\/uploads\/2026\/03\/01-150x82.jpg 150w, https:\/\/terrasdebasto.pt\/wp-content\/uploads\/2026\/03\/01-696x382.jpg 696w, https:\/\/terrasdebasto.pt\/wp-content\/uploads\/2026\/03\/01-1068x586.jpg 1068w, https:\/\/terrasdebasto.pt\/wp-content\/uploads\/2026\/03\/01.jpg 1163w\" sizes=\"auto, (max-width: 1024px) 100vw, 1024px\" \/><\/figure>\n<\/figure>\n\n\n\n<figure class=\"wp-block-gallery has-nested-images columns-default is-cropped wp-block-gallery-2 is-layout-flex wp-block-gallery-is-layout-flex\">\n<figure class=\"wp-block-image size-large\"><img loading=\"lazy\" decoding=\"async\" width=\"1024\" height=\"549\" data-id=\"5771\" src=\"https:\/\/terrasdebasto.pt\/wp-content\/uploads\/2026\/03\/02-1024x549.jpg\" alt=\"\" class=\"wp-image-5771\" srcset=\"https:\/\/terrasdebasto.pt\/wp-content\/uploads\/2026\/03\/02-1024x549.jpg 1024w, https:\/\/terrasdebasto.pt\/wp-content\/uploads\/2026\/03\/02-300x161.jpg 300w, https:\/\/terrasdebasto.pt\/wp-content\/uploads\/2026\/03\/02-768x412.jpg 768w, https:\/\/terrasdebasto.pt\/wp-content\/uploads\/2026\/03\/02-150x80.jpg 150w, https:\/\/terrasdebasto.pt\/wp-content\/uploads\/2026\/03\/02-696x373.jpg 696w, https:\/\/terrasdebasto.pt\/wp-content\/uploads\/2026\/03\/02-1068x573.jpg 1068w, https:\/\/terrasdebasto.pt\/wp-content\/uploads\/2026\/03\/02.jpg 1361w\" sizes=\"auto, (max-width: 1024px) 100vw, 1024px\" \/><\/figure>\n<\/figure>\n\n\n\n<figure class=\"wp-block-gallery has-nested-images columns-default is-cropped wp-block-gallery-3 is-layout-flex wp-block-gallery-is-layout-flex\">\n<figure class=\"wp-block-image size-large\"><img loading=\"lazy\" decoding=\"async\" width=\"1024\" height=\"555\" data-id=\"5772\" src=\"https:\/\/terrasdebasto.pt\/wp-content\/uploads\/2026\/03\/04-1024x555.jpg\" alt=\"\" class=\"wp-image-5772\" srcset=\"https:\/\/terrasdebasto.pt\/wp-content\/uploads\/2026\/03\/04-1024x555.jpg 1024w, https:\/\/terrasdebasto.pt\/wp-content\/uploads\/2026\/03\/04-300x163.jpg 300w, https:\/\/terrasdebasto.pt\/wp-content\/uploads\/2026\/03\/04-768x416.jpg 768w, https:\/\/terrasdebasto.pt\/wp-content\/uploads\/2026\/03\/04-150x81.jpg 150w, https:\/\/terrasdebasto.pt\/wp-content\/uploads\/2026\/03\/04-696x377.jpg 696w, https:\/\/terrasdebasto.pt\/wp-content\/uploads\/2026\/03\/04-1068x579.jpg 1068w, https:\/\/terrasdebasto.pt\/wp-content\/uploads\/2026\/03\/04.jpg 1297w\" sizes=\"auto, (max-width: 1024px) 100vw, 1024px\" \/><\/figure>\n<\/figure>\n","protected":false},"excerpt":{"rendered":"<p>O Parque E\u00f3lico do T\u00e2mega Norte, localizado em territ\u00f3rio de Cabeceiras de Basto e Montalegre, dever\u00e1 come\u00e7ar a produzir energia em junho, permitindo \u00e0 empresa concession\u00e1ria combinar energia e\u00f3lica e h\u00eddrica, num projeto considerado \u201cpioneiro\u201d e que funcionar\u00e1 em liga\u00e7\u00e3o com as barragens do Sistema Eletroprodutor do T\u00e2mega. \u00abPelo menos na \u201cIberdrola\u201d, \u00e9 um projeto [&hellip;]<\/p>\n","protected":false},"author":7,"featured_media":5769,"comment_status":"open","ping_status":"open","sticky":false,"template":"","format":"standard","meta":{"footnotes":""},"categories":[12,9],"tags":[1440],"class_list":{"0":"post-5768","1":"post","2":"type-post","3":"status-publish","4":"format-standard","5":"has-post-thumbnail","7":"category-cabeceiras-de-basto","8":"category-terras-de-basto","9":"tag-parque-eolico-do-tamega-norte"},"yoast_head":"<!-- This site is optimized with the Yoast SEO plugin v25.7 - https:\/\/yoast.com\/wordpress\/plugins\/seo\/ -->\n<title>Parque e\u00f3lico de Riodouro\/Salto come\u00e7a a produzir em junho - Jornal Terras de Basto<\/title>\n<meta name=\"description\" content=\"O Parque E\u00f3lico do T\u00e2mega Norte, localizado em territ\u00f3rio de Cabeceiras de Basto e Montalegre, dever\u00e1 come\u00e7ar a produzir energia em junho, permitindo \u00e0 empresa concession\u00e1ria combinar energia e\u00f3lica e h\u00eddrica, num projeto considerado \u201cpioneiro\u201d e que funcionar\u00e1 em liga\u00e7\u00e3o com as barragens do Sistema Eletroprodutor do T\u00e2mega.\" \/>\n<meta name=\"robots\" content=\"index, follow, max-snippet:-1, max-image-preview:large, max-video-preview:-1\" \/>\n<link rel=\"canonical\" href=\"https:\/\/terrasdebasto.pt\/?p=5768\" \/>\n<meta property=\"og:locale\" content=\"pt_PT\" \/>\n<meta property=\"og:type\" content=\"article\" \/>\n<meta property=\"og:title\" content=\"Parque e\u00f3lico de Riodouro\/Salto come\u00e7a a produzir em junho - Jornal Terras de Basto\" \/>\n<meta property=\"og:description\" content=\"O Parque E\u00f3lico do T\u00e2mega Norte, localizado em territ\u00f3rio de Cabeceiras de Basto e Montalegre, dever\u00e1 come\u00e7ar a produzir energia em junho, permitindo \u00e0 empresa concession\u00e1ria combinar energia e\u00f3lica e h\u00eddrica, num projeto considerado \u201cpioneiro\u201d e que funcionar\u00e1 em liga\u00e7\u00e3o com as barragens do Sistema Eletroprodutor do T\u00e2mega.\" \/>\n<meta property=\"og:url\" content=\"https:\/\/terrasdebasto.pt\/?p=5768\" \/>\n<meta property=\"og:site_name\" content=\"Jornal Terras de Basto\" \/>\n<meta property=\"article:published_time\" content=\"2026-03-06T16:40:18+00:00\" \/>\n<meta property=\"og:image\" content=\"https:\/\/terrasdebasto.pt\/wp-content\/uploads\/2026\/03\/03.jpg\" \/>\n\t<meta property=\"og:image:width\" content=\"1351\" \/>\n\t<meta property=\"og:image:height\" content=\"704\" \/>\n\t<meta property=\"og:image:type\" content=\"image\/jpeg\" \/>\n<meta name=\"author\" content=\"Jo\u00e3o Paulo Mesquita\" \/>\n<meta name=\"twitter:card\" content=\"summary_large_image\" \/>\n<meta name=\"twitter:label1\" content=\"Escrito por\" \/>\n\t<meta name=\"twitter:data1\" content=\"Jo\u00e3o Paulo Mesquita\" \/>\n\t<meta name=\"twitter:label2\" content=\"Tempo estimado de leitura\" \/>\n\t<meta name=\"twitter:data2\" content=\"9 minutos\" \/>\n<script type=\"application\/ld+json\" class=\"yoast-schema-graph\">{\"@context\":\"https:\/\/schema.org\",\"@graph\":[{\"@type\":\"Article\",\"@id\":\"https:\/\/terrasdebasto.pt\/?p=5768#article\",\"isPartOf\":{\"@id\":\"https:\/\/terrasdebasto.pt\/?p=5768\"},\"author\":{\"name\":\"Jo\u00e3o Paulo Mesquita\",\"@id\":\"https:\/\/terrasdebasto.pt\/#\/schema\/person\/9f6739f5394ac65c802641773b278b84\"},\"headline\":\"Parque e\u00f3lico de Riodouro\/Salto come\u00e7a a produzir em junho\",\"datePublished\":\"2026-03-06T16:40:18+00:00\",\"mainEntityOfPage\":{\"@id\":\"https:\/\/terrasdebasto.pt\/?p=5768\"},\"wordCount\":1471,\"commentCount\":0,\"publisher\":{\"@id\":\"https:\/\/terrasdebasto.pt\/#organization\"},\"image\":{\"@id\":\"https:\/\/terrasdebasto.pt\/?p=5768#primaryimage\"},\"thumbnailUrl\":\"https:\/\/terrasdebasto.pt\/wp-content\/uploads\/2026\/03\/03.jpg\",\"keywords\":[\"Parque E\u00f3lico do T\u00e2mega Norte\"],\"articleSection\":[\"Cabeceiras de Basto\",\"Terras de Basto\"],\"inLanguage\":\"pt-PT\",\"potentialAction\":[{\"@type\":\"CommentAction\",\"name\":\"Comment\",\"target\":[\"https:\/\/terrasdebasto.pt\/?p=5768#respond\"]}]},{\"@type\":\"WebPage\",\"@id\":\"https:\/\/terrasdebasto.pt\/?p=5768\",\"url\":\"https:\/\/terrasdebasto.pt\/?p=5768\",\"name\":\"Parque e\u00f3lico de Riodouro\/Salto come\u00e7a a produzir em junho - Jornal Terras de Basto\",\"isPartOf\":{\"@id\":\"https:\/\/terrasdebasto.pt\/#website\"},\"primaryImageOfPage\":{\"@id\":\"https:\/\/terrasdebasto.pt\/?p=5768#primaryimage\"},\"image\":{\"@id\":\"https:\/\/terrasdebasto.pt\/?p=5768#primaryimage\"},\"thumbnailUrl\":\"https:\/\/terrasdebasto.pt\/wp-content\/uploads\/2026\/03\/03.jpg\",\"datePublished\":\"2026-03-06T16:40:18+00:00\",\"description\":\"O Parque E\u00f3lico do T\u00e2mega Norte, localizado em territ\u00f3rio de Cabeceiras de Basto e Montalegre, dever\u00e1 come\u00e7ar a produzir energia em junho, permitindo \u00e0 empresa concession\u00e1ria combinar energia e\u00f3lica e h\u00eddrica, num projeto considerado \u201cpioneiro\u201d e que funcionar\u00e1 em liga\u00e7\u00e3o com as barragens do Sistema Eletroprodutor do T\u00e2mega.\",\"breadcrumb\":{\"@id\":\"https:\/\/terrasdebasto.pt\/?p=5768#breadcrumb\"},\"inLanguage\":\"pt-PT\",\"potentialAction\":[{\"@type\":\"ReadAction\",\"target\":[\"https:\/\/terrasdebasto.pt\/?p=5768\"]}]},{\"@type\":\"ImageObject\",\"inLanguage\":\"pt-PT\",\"@id\":\"https:\/\/terrasdebasto.pt\/?p=5768#primaryimage\",\"url\":\"https:\/\/terrasdebasto.pt\/wp-content\/uploads\/2026\/03\/03.jpg\",\"contentUrl\":\"https:\/\/terrasdebasto.pt\/wp-content\/uploads\/2026\/03\/03.jpg\",\"width\":1351,\"height\":704},{\"@type\":\"BreadcrumbList\",\"@id\":\"https:\/\/terrasdebasto.pt\/?p=5768#breadcrumb\",\"itemListElement\":[{\"@type\":\"ListItem\",\"position\":1,\"name\":\"In\u00edcio\",\"item\":\"https:\/\/terrasdebasto.pt\/\"},{\"@type\":\"ListItem\",\"position\":2,\"name\":\"Parque e\u00f3lico de Riodouro\/Salto come\u00e7a a produzir em junho\"}]},{\"@type\":\"WebSite\",\"@id\":\"https:\/\/terrasdebasto.pt\/#website\",\"url\":\"https:\/\/terrasdebasto.pt\/\",\"name\":\"Jornal Terras de Basto\",\"description\":\"\",\"publisher\":{\"@id\":\"https:\/\/terrasdebasto.pt\/#organization\"},\"potentialAction\":[{\"@type\":\"SearchAction\",\"target\":{\"@type\":\"EntryPoint\",\"urlTemplate\":\"https:\/\/terrasdebasto.pt\/?s={search_term_string}\"},\"query-input\":{\"@type\":\"PropertyValueSpecification\",\"valueRequired\":true,\"valueName\":\"search_term_string\"}}],\"inLanguage\":\"pt-PT\"},{\"@type\":\"Organization\",\"@id\":\"https:\/\/terrasdebasto.pt\/#organization\",\"name\":\"Jornal Terras de Basto\",\"url\":\"https:\/\/terrasdebasto.pt\/\",\"logo\":{\"@type\":\"ImageObject\",\"inLanguage\":\"pt-PT\",\"@id\":\"https:\/\/terrasdebasto.pt\/#\/schema\/logo\/image\/\",\"url\":\"https:\/\/terrasdebasto.pt\/wp-content\/uploads\/2024\/06\/LogoNormal.png\",\"contentUrl\":\"https:\/\/terrasdebasto.pt\/wp-content\/uploads\/2024\/06\/LogoNormal.png\",\"width\":5638,\"height\":809,\"caption\":\"Jornal Terras de Basto\"},\"image\":{\"@id\":\"https:\/\/terrasdebasto.pt\/#\/schema\/logo\/image\/\"}},{\"@type\":\"Person\",\"@id\":\"https:\/\/terrasdebasto.pt\/#\/schema\/person\/9f6739f5394ac65c802641773b278b84\",\"name\":\"Jo\u00e3o Paulo Mesquita\",\"image\":{\"@type\":\"ImageObject\",\"inLanguage\":\"pt-PT\",\"@id\":\"https:\/\/terrasdebasto.pt\/#\/schema\/person\/image\/\",\"url\":\"https:\/\/secure.gravatar.com\/avatar\/9bd0f299e6d96336664aab64354168246a3ee3287c47891c50d450e47ed9d7f9?s=96&d=mm&r=g\",\"contentUrl\":\"https:\/\/secure.gravatar.com\/avatar\/9bd0f299e6d96336664aab64354168246a3ee3287c47891c50d450e47ed9d7f9?s=96&d=mm&r=g\",\"caption\":\"Jo\u00e3o Paulo Mesquita\"},\"url\":\"https:\/\/terrasdebasto.pt\/?author=7\"}]}<\/script>\n<!-- \/ Yoast SEO plugin. -->","yoast_head_json":{"title":"Parque e\u00f3lico de Riodouro\/Salto come\u00e7a a produzir em junho - Jornal Terras de Basto","description":"O Parque E\u00f3lico do T\u00e2mega Norte, localizado em territ\u00f3rio de Cabeceiras de Basto e Montalegre, dever\u00e1 come\u00e7ar a produzir energia em junho, permitindo \u00e0 empresa concession\u00e1ria combinar energia e\u00f3lica e h\u00eddrica, num projeto considerado \u201cpioneiro\u201d e que funcionar\u00e1 em liga\u00e7\u00e3o com as barragens do Sistema Eletroprodutor do T\u00e2mega.","robots":{"index":"index","follow":"follow","max-snippet":"max-snippet:-1","max-image-preview":"max-image-preview:large","max-video-preview":"max-video-preview:-1"},"canonical":"https:\/\/terrasdebasto.pt\/?p=5768","og_locale":"pt_PT","og_type":"article","og_title":"Parque e\u00f3lico de Riodouro\/Salto come\u00e7a a produzir em junho - Jornal Terras de Basto","og_description":"O Parque E\u00f3lico do T\u00e2mega Norte, localizado em territ\u00f3rio de Cabeceiras de Basto e Montalegre, dever\u00e1 come\u00e7ar a produzir energia em junho, permitindo \u00e0 empresa concession\u00e1ria combinar energia e\u00f3lica e h\u00eddrica, num projeto considerado \u201cpioneiro\u201d e que funcionar\u00e1 em liga\u00e7\u00e3o com as barragens do Sistema Eletroprodutor do T\u00e2mega.","og_url":"https:\/\/terrasdebasto.pt\/?p=5768","og_site_name":"Jornal Terras de Basto","article_published_time":"2026-03-06T16:40:18+00:00","og_image":[{"width":1351,"height":704,"url":"https:\/\/terrasdebasto.pt\/wp-content\/uploads\/2026\/03\/03.jpg","type":"image\/jpeg"}],"author":"Jo\u00e3o Paulo Mesquita","twitter_card":"summary_large_image","twitter_misc":{"Escrito por":"Jo\u00e3o Paulo Mesquita","Tempo estimado de leitura":"9 minutos"},"schema":{"@context":"https:\/\/schema.org","@graph":[{"@type":"Article","@id":"https:\/\/terrasdebasto.pt\/?p=5768#article","isPartOf":{"@id":"https:\/\/terrasdebasto.pt\/?p=5768"},"author":{"name":"Jo\u00e3o Paulo Mesquita","@id":"https:\/\/terrasdebasto.pt\/#\/schema\/person\/9f6739f5394ac65c802641773b278b84"},"headline":"Parque e\u00f3lico de Riodouro\/Salto come\u00e7a a produzir em junho","datePublished":"2026-03-06T16:40:18+00:00","mainEntityOfPage":{"@id":"https:\/\/terrasdebasto.pt\/?p=5768"},"wordCount":1471,"commentCount":0,"publisher":{"@id":"https:\/\/terrasdebasto.pt\/#organization"},"image":{"@id":"https:\/\/terrasdebasto.pt\/?p=5768#primaryimage"},"thumbnailUrl":"https:\/\/terrasdebasto.pt\/wp-content\/uploads\/2026\/03\/03.jpg","keywords":["Parque E\u00f3lico do T\u00e2mega Norte"],"articleSection":["Cabeceiras de Basto","Terras de Basto"],"inLanguage":"pt-PT","potentialAction":[{"@type":"CommentAction","name":"Comment","target":["https:\/\/terrasdebasto.pt\/?p=5768#respond"]}]},{"@type":"WebPage","@id":"https:\/\/terrasdebasto.pt\/?p=5768","url":"https:\/\/terrasdebasto.pt\/?p=5768","name":"Parque e\u00f3lico de Riodouro\/Salto come\u00e7a a produzir em junho - Jornal Terras de Basto","isPartOf":{"@id":"https:\/\/terrasdebasto.pt\/#website"},"primaryImageOfPage":{"@id":"https:\/\/terrasdebasto.pt\/?p=5768#primaryimage"},"image":{"@id":"https:\/\/terrasdebasto.pt\/?p=5768#primaryimage"},"thumbnailUrl":"https:\/\/terrasdebasto.pt\/wp-content\/uploads\/2026\/03\/03.jpg","datePublished":"2026-03-06T16:40:18+00:00","description":"O Parque E\u00f3lico do T\u00e2mega Norte, localizado em territ\u00f3rio de Cabeceiras de Basto e Montalegre, dever\u00e1 come\u00e7ar a produzir energia em junho, permitindo \u00e0 empresa concession\u00e1ria combinar energia e\u00f3lica e h\u00eddrica, num projeto considerado \u201cpioneiro\u201d e que funcionar\u00e1 em liga\u00e7\u00e3o com as barragens do Sistema Eletroprodutor do T\u00e2mega.","breadcrumb":{"@id":"https:\/\/terrasdebasto.pt\/?p=5768#breadcrumb"},"inLanguage":"pt-PT","potentialAction":[{"@type":"ReadAction","target":["https:\/\/terrasdebasto.pt\/?p=5768"]}]},{"@type":"ImageObject","inLanguage":"pt-PT","@id":"https:\/\/terrasdebasto.pt\/?p=5768#primaryimage","url":"https:\/\/terrasdebasto.pt\/wp-content\/uploads\/2026\/03\/03.jpg","contentUrl":"https:\/\/terrasdebasto.pt\/wp-content\/uploads\/2026\/03\/03.jpg","width":1351,"height":704},{"@type":"BreadcrumbList","@id":"https:\/\/terrasdebasto.pt\/?p=5768#breadcrumb","itemListElement":[{"@type":"ListItem","position":1,"name":"In\u00edcio","item":"https:\/\/terrasdebasto.pt\/"},{"@type":"ListItem","position":2,"name":"Parque e\u00f3lico de Riodouro\/Salto come\u00e7a a produzir em junho"}]},{"@type":"WebSite","@id":"https:\/\/terrasdebasto.pt\/#website","url":"https:\/\/terrasdebasto.pt\/","name":"Jornal Terras de Basto","description":"","publisher":{"@id":"https:\/\/terrasdebasto.pt\/#organization"},"potentialAction":[{"@type":"SearchAction","target":{"@type":"EntryPoint","urlTemplate":"https:\/\/terrasdebasto.pt\/?s={search_term_string}"},"query-input":{"@type":"PropertyValueSpecification","valueRequired":true,"valueName":"search_term_string"}}],"inLanguage":"pt-PT"},{"@type":"Organization","@id":"https:\/\/terrasdebasto.pt\/#organization","name":"Jornal Terras de Basto","url":"https:\/\/terrasdebasto.pt\/","logo":{"@type":"ImageObject","inLanguage":"pt-PT","@id":"https:\/\/terrasdebasto.pt\/#\/schema\/logo\/image\/","url":"https:\/\/terrasdebasto.pt\/wp-content\/uploads\/2024\/06\/LogoNormal.png","contentUrl":"https:\/\/terrasdebasto.pt\/wp-content\/uploads\/2024\/06\/LogoNormal.png","width":5638,"height":809,"caption":"Jornal Terras de Basto"},"image":{"@id":"https:\/\/terrasdebasto.pt\/#\/schema\/logo\/image\/"}},{"@type":"Person","@id":"https:\/\/terrasdebasto.pt\/#\/schema\/person\/9f6739f5394ac65c802641773b278b84","name":"Jo\u00e3o Paulo Mesquita","image":{"@type":"ImageObject","inLanguage":"pt-PT","@id":"https:\/\/terrasdebasto.pt\/#\/schema\/person\/image\/","url":"https:\/\/secure.gravatar.com\/avatar\/9bd0f299e6d96336664aab64354168246a3ee3287c47891c50d450e47ed9d7f9?s=96&d=mm&r=g","contentUrl":"https:\/\/secure.gravatar.com\/avatar\/9bd0f299e6d96336664aab64354168246a3ee3287c47891c50d450e47ed9d7f9?s=96&d=mm&r=g","caption":"Jo\u00e3o Paulo Mesquita"},"url":"https:\/\/terrasdebasto.pt\/?author=7"}]}},"_links":{"self":[{"href":"https:\/\/terrasdebasto.pt\/index.php?rest_route=\/wp\/v2\/posts\/5768","targetHints":{"allow":["GET"]}}],"collection":[{"href":"https:\/\/terrasdebasto.pt\/index.php?rest_route=\/wp\/v2\/posts"}],"about":[{"href":"https:\/\/terrasdebasto.pt\/index.php?rest_route=\/wp\/v2\/types\/post"}],"author":[{"embeddable":true,"href":"https:\/\/terrasdebasto.pt\/index.php?rest_route=\/wp\/v2\/users\/7"}],"replies":[{"embeddable":true,"href":"https:\/\/terrasdebasto.pt\/index.php?rest_route=%2Fwp%2Fv2%2Fcomments&post=5768"}],"version-history":[{"count":1,"href":"https:\/\/terrasdebasto.pt\/index.php?rest_route=\/wp\/v2\/posts\/5768\/revisions"}],"predecessor-version":[{"id":5773,"href":"https:\/\/terrasdebasto.pt\/index.php?rest_route=\/wp\/v2\/posts\/5768\/revisions\/5773"}],"wp:featuredmedia":[{"embeddable":true,"href":"https:\/\/terrasdebasto.pt\/index.php?rest_route=\/wp\/v2\/media\/5769"}],"wp:attachment":[{"href":"https:\/\/terrasdebasto.pt\/index.php?rest_route=%2Fwp%2Fv2%2Fmedia&parent=5768"}],"wp:term":[{"taxonomy":"category","embeddable":true,"href":"https:\/\/terrasdebasto.pt\/index.php?rest_route=%2Fwp%2Fv2%2Fcategories&post=5768"},{"taxonomy":"post_tag","embeddable":true,"href":"https:\/\/terrasdebasto.pt\/index.php?rest_route=%2Fwp%2Fv2%2Ftags&post=5768"}],"curies":[{"name":"wp","href":"https:\/\/api.w.org\/{rel}","templated":true}]}}