{"id":5764,"date":"2026-03-06T15:17:16","date_gmt":"2026-03-06T15:17:16","guid":{"rendered":"https:\/\/terrasdebasto.pt\/?p=5764"},"modified":"2026-03-06T15:17:17","modified_gmt":"2026-03-06T15:17:17","slug":"producao-de-poneis-perdeu-apoios","status":"publish","type":"post","link":"https:\/\/terrasdebasto.pt\/?p=5764","title":{"rendered":"Produ\u00e7\u00e3o de p\u00f3neis perdeu apoios"},"content":{"rendered":"\n<p><strong>Acabaram os apoios \u00e0 produ\u00e7\u00e3o de gado equ\u00eddeo sem ra\u00e7a definida \u2013 como os p\u00f3neis, que abundam nas Terras de Basto \u2013 e os deputados socialistas dizem-se preocupados com essas altera\u00e7\u00f5es legislativas. Essas recentes altera\u00e7\u00f5es excluem dos apoios os produtores desses equ\u00eddeos e os parlamentares do PS v\u00eam agora exigir medidas de mitiga\u00e7\u00e3o para evitar as consequ\u00eancias da decis\u00e3o, nomeadamente o abandono da atividade agr\u00edcola e a perda de rendimento nas zonas desfavorecidas do Interior.<\/strong><\/p>\n\n\n\n<p>Numa pergunta dirigida ao Ministro da Agricultura e Mar, J\u00falia Rodrigues e Rui Santos \u2013 vice-presidentes do grupo parlamentar socialista e eleitos por Bragan\u00e7a e Vila Real, respetivamente \u2013 e Pedro do Carmo, da Comiss\u00e3o de Agricultura e Pescas, questionam as altera\u00e7\u00f5es que estabelecem que apenas s\u00e3o eleg\u00edveis, para efeitos de apoio, equ\u00eddeos pertencentes a ra\u00e7as tradicionalmente exploradas nas regi\u00f5es de baldio, concretamente os burros de Miranda e garranos, excluindo equ\u00eddeos sem ra\u00e7a definida e outras ra\u00e7as aut\u00f3ctones como o Lusitano e o Sorraia.<\/p>\n\n\n\n<p>Esta decis\u00e3o tem efeitos diretos nas candidaturas ao Pedido \u00danico de 2026 e no acesso a v\u00e1rias interven\u00e7\u00f5es da Pol\u00edtica Agr\u00edcola Comum, designadamente a Manuten\u00e7\u00e3o da Atividade Agr\u00edcola em Zonas Desfavorecidas, o Apoio ao Rendimento Base, o Pagamento aos Pequenos Agricultores e o Apoio Redistributivo Complementar ao Rendimento.<\/p>\n\n\n\n<p>Os deputados sublinham que, em territ\u00f3rios de Interior de montanha, em particular no distrito de Vila Real e em concelhos como Vila Real, Castro Daire e Moimenta da Beira, esta exclus\u00e3o traduz-se na elimina\u00e7\u00e3o total das ajudas para muitos produtores, com perdas abruptas de rendimento para centenas de agricultores que dependem destes apoios para a viabilidade da sua atividade.<\/p>\n\n\n\n<p>Criticam ainda o facto de esta altera\u00e7\u00e3o ter sido aprovada a 18 de fevereiro de 2026, dois dias ap\u00f3s o in\u00edcio das candidaturas ao Pedido \u00danico, com efeitos retroativos a 1 de janeiro de 2026, o que impossibilitou os agricultores de proceder a qualquer ajustamento atempado dos efetivos ou dos sistemas de explora\u00e7\u00e3o.<\/p>\n\n\n\n<p>E sublinham que a exclus\u00e3o s\u00fabita de grande parte dos equ\u00eddeos utilizados nos baldios, sem faseamento nem medidas de transi\u00e7\u00e3o, pode comprometer modelos de gest\u00e3o comunit\u00e1ria que o pr\u00f3prio Estado tem vindo a reconhecer e a valorizar, inclusive em programas como o Programa de Transforma\u00e7\u00e3o da Paisagem.<\/p>\n\n\n\n<p>Nesse sentido, os deputados perguntam ao Ministro da Agricultura se foram salvaguardados os princ\u00edpios de previsibilidade, seguran\u00e7a jur\u00eddica e confian\u00e7a leg\u00edtima dos agricultores abrangidos, e que avalia\u00e7\u00e3o de impacto foi realizada previamente, nomeadamente sobre o n\u00famero de agricultores afetados, a dimens\u00e3o da \u00e1rea de baldio abrangida e a quebra de rendimento anual estimada para os produtores, em particular nas regi\u00f5es Norte e Centro.<\/p>\n\n\n\n<p>Pretendem ainda saber qual a fundamenta\u00e7\u00e3o t\u00e9cnica e cient\u00edfica que sustentou a op\u00e7\u00e3o de considerar eleg\u00edveis, em \u00e1reas de baldio, apenas equ\u00eddeos de determinadas ra\u00e7as aut\u00f3ctones, excluindo outras ra\u00e7as ou equ\u00eddeos sem ra\u00e7a, quando estes animais desempenham uma fun\u00e7\u00e3o ecol\u00f3gica e econ\u00f3mica id\u00eantica na manuten\u00e7\u00e3o da paisagem e redu\u00e7\u00e3o do risco de inc\u00eandio.<\/p>\n\n\n\n<p>Perguntam tamb\u00e9m de que forma \u00e9 que esta exclus\u00e3o \u00e9 compat\u00edvel com o reconhecimento, por parte do pr\u00f3prio Estado, do papel estrutural dos baldios na agro-silvo-pastor\u00edcia de montanha, na preven\u00e7\u00e3o de inc\u00eandios e na coes\u00e3o territorial.<\/p>\n\n\n\n<p>Tendo em conta que a medida afeta maioritariamente a regi\u00e3o Norte (onde se situam mais de 90% das \u00e1reas de baldio candidatadas) e que os agricultores n\u00e3o tiveram tempo para ajustar os seus efetivos pecu\u00e1rios, os deputados querem saber se o Governo est\u00e1 dispon\u00edvel para, em articula\u00e7\u00e3o com a Comiss\u00e3o Europeia, suspender a aplica\u00e7\u00e3o do novo n.\u00ba 7 do artigo 16.\u00ba da Portaria n.\u00ba 54-L\/2023 ao ano de candidaturas de 2026, de forma a permitir um per\u00edodo de transi\u00e7\u00e3o que possibilite aos agricultores ajustarem os seus efetivos e os seus sistemas produtivos sem perda abrupta de rendimento.<\/p>\n\n\n\n<p>Por \u00faltimo, perguntam que medidas de mitiga\u00e7\u00e3o ou apoio extraordin\u00e1rio prev\u00ea o Governo implementar para evitar o abandono da atividade agr\u00edcola e a perda de rendimento nestas zonas desfavorecidas do interior.<\/p>\n\n\n\n<figure class=\"wp-block-gallery has-nested-images columns-default is-cropped wp-block-gallery-1 is-layout-flex wp-block-gallery-is-layout-flex\">\n<figure class=\"wp-block-image size-large\"><img loading=\"lazy\" decoding=\"async\" width=\"1024\" height=\"874\" data-id=\"5766\" src=\"https:\/\/terrasdebasto.pt\/wp-content\/uploads\/2026\/03\/PONEIS-02-1024x874.jpg\" alt=\"\" class=\"wp-image-5766\" srcset=\"https:\/\/terrasdebasto.pt\/wp-content\/uploads\/2026\/03\/PONEIS-02-1024x874.jpg 1024w, https:\/\/terrasdebasto.pt\/wp-content\/uploads\/2026\/03\/PONEIS-02-300x256.jpg 300w, https:\/\/terrasdebasto.pt\/wp-content\/uploads\/2026\/03\/PONEIS-02-768x656.jpg 768w, https:\/\/terrasdebasto.pt\/wp-content\/uploads\/2026\/03\/PONEIS-02-1536x1311.jpg 1536w, https:\/\/terrasdebasto.pt\/wp-content\/uploads\/2026\/03\/PONEIS-02-2048x1748.jpg 2048w, https:\/\/terrasdebasto.pt\/wp-content\/uploads\/2026\/03\/PONEIS-02-150x128.jpg 150w, https:\/\/terrasdebasto.pt\/wp-content\/uploads\/2026\/03\/PONEIS-02-696x594.jpg 696w, https:\/\/terrasdebasto.pt\/wp-content\/uploads\/2026\/03\/PONEIS-02-1068x912.jpg 1068w, https:\/\/terrasdebasto.pt\/wp-content\/uploads\/2026\/03\/PONEIS-02-1920x1639.jpg 1920w\" sizes=\"auto, (max-width: 1024px) 100vw, 1024px\" \/><\/figure>\n<\/figure>\n","protected":false},"excerpt":{"rendered":"<p>Acabaram os apoios \u00e0 produ\u00e7\u00e3o de gado equ\u00eddeo sem ra\u00e7a definida \u2013 como os p\u00f3neis, que abundam nas Terras de Basto \u2013 e os deputados socialistas dizem-se preocupados com essas altera\u00e7\u00f5es legislativas. Essas recentes altera\u00e7\u00f5es excluem dos apoios os produtores desses equ\u00eddeos e os parlamentares do PS v\u00eam agora exigir medidas de mitiga\u00e7\u00e3o para evitar [&hellip;]<\/p>\n","protected":false},"author":7,"featured_media":5765,"comment_status":"open","ping_status":"open","sticky":false,"template":"","format":"standard","meta":{"footnotes":""},"categories":[12,13,16,26,9],"tags":[1438,1437,1439],"class_list":{"0":"post-5764","1":"post","2":"type-post","3":"status-publish","4":"format-standard","5":"has-post-thumbnail","7":"category-cabeceiras-de-basto","8":"category-celorico-de-basto","9":"category-mondim-de-basto","10":"category-ribeira-de-pena","11":"category-terras-de-basto","12":"tag-apoios-a-producao","13":"tag-equideos","14":"tag-pecuaria"},"yoast_head":"<!-- This site is optimized with the Yoast SEO plugin v25.7 - https:\/\/yoast.com\/wordpress\/plugins\/seo\/ -->\n<title>Produ\u00e7\u00e3o de p\u00f3neis perdeu apoios - Jornal Terras de Basto<\/title>\n<meta name=\"description\" content=\"Acabaram os apoios \u00e0 produ\u00e7\u00e3o de gado equ\u00eddeo sem ra\u00e7a definida \u2013 como os p\u00f3neis, que abundam nas Terras de Basto \u2013 e os deputados socialistas dizem-se preocupados com essas altera\u00e7\u00f5es legislativas. Essas recentes altera\u00e7\u00f5es excluem dos apoios os produtores desses equ\u00eddeos e os parlamentares do PS v\u00eam agora exigir medidas de mitiga\u00e7\u00e3o para evitar as consequ\u00eancias da decis\u00e3o, nomeadamente o abandono da atividade agr\u00edcola e a perda de rendimento nas zonas desfavorecidas do Interior.\" \/>\n<meta name=\"robots\" content=\"index, follow, max-snippet:-1, max-image-preview:large, max-video-preview:-1\" \/>\n<link rel=\"canonical\" href=\"https:\/\/terrasdebasto.pt\/?p=5764\" \/>\n<meta property=\"og:locale\" content=\"pt_PT\" \/>\n<meta property=\"og:type\" content=\"article\" \/>\n<meta property=\"og:title\" content=\"Produ\u00e7\u00e3o de p\u00f3neis perdeu apoios - Jornal Terras de Basto\" \/>\n<meta property=\"og:description\" content=\"Acabaram os apoios \u00e0 produ\u00e7\u00e3o de gado equ\u00eddeo sem ra\u00e7a definida \u2013 como os p\u00f3neis, que abundam nas Terras de Basto \u2013 e os deputados socialistas dizem-se preocupados com essas altera\u00e7\u00f5es legislativas. Essas recentes altera\u00e7\u00f5es excluem dos apoios os produtores desses equ\u00eddeos e os parlamentares do PS v\u00eam agora exigir medidas de mitiga\u00e7\u00e3o para evitar as consequ\u00eancias da decis\u00e3o, nomeadamente o abandono da atividade agr\u00edcola e a perda de rendimento nas zonas desfavorecidas do Interior.\" \/>\n<meta property=\"og:url\" content=\"https:\/\/terrasdebasto.pt\/?p=5764\" \/>\n<meta property=\"og:site_name\" content=\"Jornal Terras de Basto\" \/>\n<meta property=\"article:published_time\" content=\"2026-03-06T15:17:16+00:00\" \/>\n<meta property=\"article:modified_time\" content=\"2026-03-06T15:17:17+00:00\" \/>\n<meta property=\"og:image\" content=\"https:\/\/terrasdebasto.pt\/wp-content\/uploads\/2026\/03\/PONEI-01-scaled.jpg\" \/>\n\t<meta property=\"og:image:width\" content=\"2294\" \/>\n\t<meta property=\"og:image:height\" content=\"2560\" \/>\n\t<meta property=\"og:image:type\" content=\"image\/jpeg\" \/>\n<meta name=\"author\" content=\"Jo\u00e3o Paulo Mesquita\" \/>\n<meta name=\"twitter:card\" content=\"summary_large_image\" \/>\n<meta name=\"twitter:label1\" content=\"Escrito por\" \/>\n\t<meta name=\"twitter:data1\" content=\"Jo\u00e3o Paulo Mesquita\" \/>\n\t<meta name=\"twitter:label2\" content=\"Tempo estimado de leitura\" \/>\n\t<meta name=\"twitter:data2\" content=\"4 minutos\" \/>\n<script type=\"application\/ld+json\" class=\"yoast-schema-graph\">{\"@context\":\"https:\/\/schema.org\",\"@graph\":[{\"@type\":\"Article\",\"@id\":\"https:\/\/terrasdebasto.pt\/?p=5764#article\",\"isPartOf\":{\"@id\":\"https:\/\/terrasdebasto.pt\/?p=5764\"},\"author\":{\"name\":\"Jo\u00e3o Paulo Mesquita\",\"@id\":\"https:\/\/terrasdebasto.pt\/#\/schema\/person\/9f6739f5394ac65c802641773b278b84\"},\"headline\":\"Produ\u00e7\u00e3o de p\u00f3neis perdeu apoios\",\"datePublished\":\"2026-03-06T15:17:16+00:00\",\"dateModified\":\"2026-03-06T15:17:17+00:00\",\"mainEntityOfPage\":{\"@id\":\"https:\/\/terrasdebasto.pt\/?p=5764\"},\"wordCount\":731,\"commentCount\":0,\"publisher\":{\"@id\":\"https:\/\/terrasdebasto.pt\/#organization\"},\"image\":{\"@id\":\"https:\/\/terrasdebasto.pt\/?p=5764#primaryimage\"},\"thumbnailUrl\":\"https:\/\/terrasdebasto.pt\/wp-content\/uploads\/2026\/03\/PONEI-01-scaled.jpg\",\"keywords\":[\"Apoios \u00e0 Produ\u00e7\u00e3o\",\"Equ\u00eddeos\",\"Pecu\u00e1ria\"],\"articleSection\":[\"Cabeceiras de Basto\",\"Celorico de Basto\",\"Mondim de Basto\",\"Ribeira de Pena\",\"Terras de Basto\"],\"inLanguage\":\"pt-PT\",\"potentialAction\":[{\"@type\":\"CommentAction\",\"name\":\"Comment\",\"target\":[\"https:\/\/terrasdebasto.pt\/?p=5764#respond\"]}]},{\"@type\":\"WebPage\",\"@id\":\"https:\/\/terrasdebasto.pt\/?p=5764\",\"url\":\"https:\/\/terrasdebasto.pt\/?p=5764\",\"name\":\"Produ\u00e7\u00e3o de p\u00f3neis perdeu apoios - Jornal Terras de Basto\",\"isPartOf\":{\"@id\":\"https:\/\/terrasdebasto.pt\/#website\"},\"primaryImageOfPage\":{\"@id\":\"https:\/\/terrasdebasto.pt\/?p=5764#primaryimage\"},\"image\":{\"@id\":\"https:\/\/terrasdebasto.pt\/?p=5764#primaryimage\"},\"thumbnailUrl\":\"https:\/\/terrasdebasto.pt\/wp-content\/uploads\/2026\/03\/PONEI-01-scaled.jpg\",\"datePublished\":\"2026-03-06T15:17:16+00:00\",\"dateModified\":\"2026-03-06T15:17:17+00:00\",\"description\":\"Acabaram os apoios \u00e0 produ\u00e7\u00e3o de gado equ\u00eddeo sem ra\u00e7a definida \u2013 como os p\u00f3neis, que abundam nas Terras de Basto \u2013 e os deputados socialistas dizem-se preocupados com essas altera\u00e7\u00f5es legislativas. Essas recentes altera\u00e7\u00f5es excluem dos apoios os produtores desses equ\u00eddeos e os parlamentares do PS v\u00eam agora exigir medidas de mitiga\u00e7\u00e3o para evitar as consequ\u00eancias da decis\u00e3o, nomeadamente o abandono da atividade agr\u00edcola e a perda de rendimento nas zonas desfavorecidas do Interior.\",\"breadcrumb\":{\"@id\":\"https:\/\/terrasdebasto.pt\/?p=5764#breadcrumb\"},\"inLanguage\":\"pt-PT\",\"potentialAction\":[{\"@type\":\"ReadAction\",\"target\":[\"https:\/\/terrasdebasto.pt\/?p=5764\"]}]},{\"@type\":\"ImageObject\",\"inLanguage\":\"pt-PT\",\"@id\":\"https:\/\/terrasdebasto.pt\/?p=5764#primaryimage\",\"url\":\"https:\/\/terrasdebasto.pt\/wp-content\/uploads\/2026\/03\/PONEI-01-scaled.jpg\",\"contentUrl\":\"https:\/\/terrasdebasto.pt\/wp-content\/uploads\/2026\/03\/PONEI-01-scaled.jpg\",\"width\":2294,\"height\":2560},{\"@type\":\"BreadcrumbList\",\"@id\":\"https:\/\/terrasdebasto.pt\/?p=5764#breadcrumb\",\"itemListElement\":[{\"@type\":\"ListItem\",\"position\":1,\"name\":\"In\u00edcio\",\"item\":\"https:\/\/terrasdebasto.pt\/\"},{\"@type\":\"ListItem\",\"position\":2,\"name\":\"Produ\u00e7\u00e3o de p\u00f3neis perdeu apoios\"}]},{\"@type\":\"WebSite\",\"@id\":\"https:\/\/terrasdebasto.pt\/#website\",\"url\":\"https:\/\/terrasdebasto.pt\/\",\"name\":\"Jornal Terras de Basto\",\"description\":\"\",\"publisher\":{\"@id\":\"https:\/\/terrasdebasto.pt\/#organization\"},\"potentialAction\":[{\"@type\":\"SearchAction\",\"target\":{\"@type\":\"EntryPoint\",\"urlTemplate\":\"https:\/\/terrasdebasto.pt\/?s={search_term_string}\"},\"query-input\":{\"@type\":\"PropertyValueSpecification\",\"valueRequired\":true,\"valueName\":\"search_term_string\"}}],\"inLanguage\":\"pt-PT\"},{\"@type\":\"Organization\",\"@id\":\"https:\/\/terrasdebasto.pt\/#organization\",\"name\":\"Jornal Terras de Basto\",\"url\":\"https:\/\/terrasdebasto.pt\/\",\"logo\":{\"@type\":\"ImageObject\",\"inLanguage\":\"pt-PT\",\"@id\":\"https:\/\/terrasdebasto.pt\/#\/schema\/logo\/image\/\",\"url\":\"https:\/\/terrasdebasto.pt\/wp-content\/uploads\/2024\/06\/LogoNormal.png\",\"contentUrl\":\"https:\/\/terrasdebasto.pt\/wp-content\/uploads\/2024\/06\/LogoNormal.png\",\"width\":5638,\"height\":809,\"caption\":\"Jornal Terras de Basto\"},\"image\":{\"@id\":\"https:\/\/terrasdebasto.pt\/#\/schema\/logo\/image\/\"}},{\"@type\":\"Person\",\"@id\":\"https:\/\/terrasdebasto.pt\/#\/schema\/person\/9f6739f5394ac65c802641773b278b84\",\"name\":\"Jo\u00e3o Paulo Mesquita\",\"image\":{\"@type\":\"ImageObject\",\"inLanguage\":\"pt-PT\",\"@id\":\"https:\/\/terrasdebasto.pt\/#\/schema\/person\/image\/\",\"url\":\"https:\/\/secure.gravatar.com\/avatar\/9bd0f299e6d96336664aab64354168246a3ee3287c47891c50d450e47ed9d7f9?s=96&d=mm&r=g\",\"contentUrl\":\"https:\/\/secure.gravatar.com\/avatar\/9bd0f299e6d96336664aab64354168246a3ee3287c47891c50d450e47ed9d7f9?s=96&d=mm&r=g\",\"caption\":\"Jo\u00e3o Paulo Mesquita\"},\"url\":\"https:\/\/terrasdebasto.pt\/?author=7\"}]}<\/script>\n<!-- \/ Yoast SEO plugin. -->","yoast_head_json":{"title":"Produ\u00e7\u00e3o de p\u00f3neis perdeu apoios - Jornal Terras de Basto","description":"Acabaram os apoios \u00e0 produ\u00e7\u00e3o de gado equ\u00eddeo sem ra\u00e7a definida \u2013 como os p\u00f3neis, que abundam nas Terras de Basto \u2013 e os deputados socialistas dizem-se preocupados com essas altera\u00e7\u00f5es legislativas. Essas recentes altera\u00e7\u00f5es excluem dos apoios os produtores desses equ\u00eddeos e os parlamentares do PS v\u00eam agora exigir medidas de mitiga\u00e7\u00e3o para evitar as consequ\u00eancias da decis\u00e3o, nomeadamente o abandono da atividade agr\u00edcola e a perda de rendimento nas zonas desfavorecidas do Interior.","robots":{"index":"index","follow":"follow","max-snippet":"max-snippet:-1","max-image-preview":"max-image-preview:large","max-video-preview":"max-video-preview:-1"},"canonical":"https:\/\/terrasdebasto.pt\/?p=5764","og_locale":"pt_PT","og_type":"article","og_title":"Produ\u00e7\u00e3o de p\u00f3neis perdeu apoios - Jornal Terras de Basto","og_description":"Acabaram os apoios \u00e0 produ\u00e7\u00e3o de gado equ\u00eddeo sem ra\u00e7a definida \u2013 como os p\u00f3neis, que abundam nas Terras de Basto \u2013 e os deputados socialistas dizem-se preocupados com essas altera\u00e7\u00f5es legislativas. Essas recentes altera\u00e7\u00f5es excluem dos apoios os produtores desses equ\u00eddeos e os parlamentares do PS v\u00eam agora exigir medidas de mitiga\u00e7\u00e3o para evitar as consequ\u00eancias da decis\u00e3o, nomeadamente o abandono da atividade agr\u00edcola e a perda de rendimento nas zonas desfavorecidas do Interior.","og_url":"https:\/\/terrasdebasto.pt\/?p=5764","og_site_name":"Jornal Terras de Basto","article_published_time":"2026-03-06T15:17:16+00:00","article_modified_time":"2026-03-06T15:17:17+00:00","og_image":[{"width":2294,"height":2560,"url":"https:\/\/terrasdebasto.pt\/wp-content\/uploads\/2026\/03\/PONEI-01-scaled.jpg","type":"image\/jpeg"}],"author":"Jo\u00e3o Paulo Mesquita","twitter_card":"summary_large_image","twitter_misc":{"Escrito por":"Jo\u00e3o Paulo Mesquita","Tempo estimado de leitura":"4 minutos"},"schema":{"@context":"https:\/\/schema.org","@graph":[{"@type":"Article","@id":"https:\/\/terrasdebasto.pt\/?p=5764#article","isPartOf":{"@id":"https:\/\/terrasdebasto.pt\/?p=5764"},"author":{"name":"Jo\u00e3o Paulo Mesquita","@id":"https:\/\/terrasdebasto.pt\/#\/schema\/person\/9f6739f5394ac65c802641773b278b84"},"headline":"Produ\u00e7\u00e3o de p\u00f3neis perdeu apoios","datePublished":"2026-03-06T15:17:16+00:00","dateModified":"2026-03-06T15:17:17+00:00","mainEntityOfPage":{"@id":"https:\/\/terrasdebasto.pt\/?p=5764"},"wordCount":731,"commentCount":0,"publisher":{"@id":"https:\/\/terrasdebasto.pt\/#organization"},"image":{"@id":"https:\/\/terrasdebasto.pt\/?p=5764#primaryimage"},"thumbnailUrl":"https:\/\/terrasdebasto.pt\/wp-content\/uploads\/2026\/03\/PONEI-01-scaled.jpg","keywords":["Apoios \u00e0 Produ\u00e7\u00e3o","Equ\u00eddeos","Pecu\u00e1ria"],"articleSection":["Cabeceiras de Basto","Celorico de Basto","Mondim de Basto","Ribeira de Pena","Terras de Basto"],"inLanguage":"pt-PT","potentialAction":[{"@type":"CommentAction","name":"Comment","target":["https:\/\/terrasdebasto.pt\/?p=5764#respond"]}]},{"@type":"WebPage","@id":"https:\/\/terrasdebasto.pt\/?p=5764","url":"https:\/\/terrasdebasto.pt\/?p=5764","name":"Produ\u00e7\u00e3o de p\u00f3neis perdeu apoios - Jornal Terras de Basto","isPartOf":{"@id":"https:\/\/terrasdebasto.pt\/#website"},"primaryImageOfPage":{"@id":"https:\/\/terrasdebasto.pt\/?p=5764#primaryimage"},"image":{"@id":"https:\/\/terrasdebasto.pt\/?p=5764#primaryimage"},"thumbnailUrl":"https:\/\/terrasdebasto.pt\/wp-content\/uploads\/2026\/03\/PONEI-01-scaled.jpg","datePublished":"2026-03-06T15:17:16+00:00","dateModified":"2026-03-06T15:17:17+00:00","description":"Acabaram os apoios \u00e0 produ\u00e7\u00e3o de gado equ\u00eddeo sem ra\u00e7a definida \u2013 como os p\u00f3neis, que abundam nas Terras de Basto \u2013 e os deputados socialistas dizem-se preocupados com essas altera\u00e7\u00f5es legislativas. Essas recentes altera\u00e7\u00f5es excluem dos apoios os produtores desses equ\u00eddeos e os parlamentares do PS v\u00eam agora exigir medidas de mitiga\u00e7\u00e3o para evitar as consequ\u00eancias da decis\u00e3o, nomeadamente o abandono da atividade agr\u00edcola e a perda de rendimento nas zonas desfavorecidas do Interior.","breadcrumb":{"@id":"https:\/\/terrasdebasto.pt\/?p=5764#breadcrumb"},"inLanguage":"pt-PT","potentialAction":[{"@type":"ReadAction","target":["https:\/\/terrasdebasto.pt\/?p=5764"]}]},{"@type":"ImageObject","inLanguage":"pt-PT","@id":"https:\/\/terrasdebasto.pt\/?p=5764#primaryimage","url":"https:\/\/terrasdebasto.pt\/wp-content\/uploads\/2026\/03\/PONEI-01-scaled.jpg","contentUrl":"https:\/\/terrasdebasto.pt\/wp-content\/uploads\/2026\/03\/PONEI-01-scaled.jpg","width":2294,"height":2560},{"@type":"BreadcrumbList","@id":"https:\/\/terrasdebasto.pt\/?p=5764#breadcrumb","itemListElement":[{"@type":"ListItem","position":1,"name":"In\u00edcio","item":"https:\/\/terrasdebasto.pt\/"},{"@type":"ListItem","position":2,"name":"Produ\u00e7\u00e3o de p\u00f3neis perdeu apoios"}]},{"@type":"WebSite","@id":"https:\/\/terrasdebasto.pt\/#website","url":"https:\/\/terrasdebasto.pt\/","name":"Jornal Terras de Basto","description":"","publisher":{"@id":"https:\/\/terrasdebasto.pt\/#organization"},"potentialAction":[{"@type":"SearchAction","target":{"@type":"EntryPoint","urlTemplate":"https:\/\/terrasdebasto.pt\/?s={search_term_string}"},"query-input":{"@type":"PropertyValueSpecification","valueRequired":true,"valueName":"search_term_string"}}],"inLanguage":"pt-PT"},{"@type":"Organization","@id":"https:\/\/terrasdebasto.pt\/#organization","name":"Jornal Terras de Basto","url":"https:\/\/terrasdebasto.pt\/","logo":{"@type":"ImageObject","inLanguage":"pt-PT","@id":"https:\/\/terrasdebasto.pt\/#\/schema\/logo\/image\/","url":"https:\/\/terrasdebasto.pt\/wp-content\/uploads\/2024\/06\/LogoNormal.png","contentUrl":"https:\/\/terrasdebasto.pt\/wp-content\/uploads\/2024\/06\/LogoNormal.png","width":5638,"height":809,"caption":"Jornal Terras de Basto"},"image":{"@id":"https:\/\/terrasdebasto.pt\/#\/schema\/logo\/image\/"}},{"@type":"Person","@id":"https:\/\/terrasdebasto.pt\/#\/schema\/person\/9f6739f5394ac65c802641773b278b84","name":"Jo\u00e3o Paulo Mesquita","image":{"@type":"ImageObject","inLanguage":"pt-PT","@id":"https:\/\/terrasdebasto.pt\/#\/schema\/person\/image\/","url":"https:\/\/secure.gravatar.com\/avatar\/9bd0f299e6d96336664aab64354168246a3ee3287c47891c50d450e47ed9d7f9?s=96&d=mm&r=g","contentUrl":"https:\/\/secure.gravatar.com\/avatar\/9bd0f299e6d96336664aab64354168246a3ee3287c47891c50d450e47ed9d7f9?s=96&d=mm&r=g","caption":"Jo\u00e3o Paulo Mesquita"},"url":"https:\/\/terrasdebasto.pt\/?author=7"}]}},"_links":{"self":[{"href":"https:\/\/terrasdebasto.pt\/index.php?rest_route=\/wp\/v2\/posts\/5764","targetHints":{"allow":["GET"]}}],"collection":[{"href":"https:\/\/terrasdebasto.pt\/index.php?rest_route=\/wp\/v2\/posts"}],"about":[{"href":"https:\/\/terrasdebasto.pt\/index.php?rest_route=\/wp\/v2\/types\/post"}],"author":[{"embeddable":true,"href":"https:\/\/terrasdebasto.pt\/index.php?rest_route=\/wp\/v2\/users\/7"}],"replies":[{"embeddable":true,"href":"https:\/\/terrasdebasto.pt\/index.php?rest_route=%2Fwp%2Fv2%2Fcomments&post=5764"}],"version-history":[{"count":1,"href":"https:\/\/terrasdebasto.pt\/index.php?rest_route=\/wp\/v2\/posts\/5764\/revisions"}],"predecessor-version":[{"id":5767,"href":"https:\/\/terrasdebasto.pt\/index.php?rest_route=\/wp\/v2\/posts\/5764\/revisions\/5767"}],"wp:featuredmedia":[{"embeddable":true,"href":"https:\/\/terrasdebasto.pt\/index.php?rest_route=\/wp\/v2\/media\/5765"}],"wp:attachment":[{"href":"https:\/\/terrasdebasto.pt\/index.php?rest_route=%2Fwp%2Fv2%2Fmedia&parent=5764"}],"wp:term":[{"taxonomy":"category","embeddable":true,"href":"https:\/\/terrasdebasto.pt\/index.php?rest_route=%2Fwp%2Fv2%2Fcategories&post=5764"},{"taxonomy":"post_tag","embeddable":true,"href":"https:\/\/terrasdebasto.pt\/index.php?rest_route=%2Fwp%2Fv2%2Ftags&post=5764"}],"curies":[{"name":"wp","href":"https:\/\/api.w.org\/{rel}","templated":true}]}}