{"id":5760,"date":"2026-03-06T03:09:48","date_gmt":"2026-03-06T03:09:48","guid":{"rendered":"https:\/\/terrasdebasto.pt\/?p=5760"},"modified":"2026-03-06T03:09:48","modified_gmt":"2026-03-06T03:09:48","slug":"camara-de-cabeceiras-vai-construir-de-novo-muro-que-ruiu-em-alvite","status":"publish","type":"post","link":"https:\/\/terrasdebasto.pt\/?p=5760","title":{"rendered":"C\u00e2mara de Cabeceiras vai construir de novo muro que ruiu em Alvite"},"content":{"rendered":"\n<p><strong>Ao mau-tempo podem ter-se aliado erros de execu\u00e7\u00e3o. O que \u00e9 certo \u00e9 que o muro \u2013 que resultou de um acordo verbal entre as autarquias e o propriet\u00e1rio do terreno \u2013 n\u00e3o aguentou tanta chuva e colapsou. Agora, a c\u00e2mara vai reconstru\u00ed-lo na sua totalidade. O que caiu custou ao er\u00e1rio p\u00fablico 22.480 euros. Agora vamos ver quanto custa o novo.<\/strong><\/p>\n\n\n\n<p>A C\u00e2mara de Cabeceiras de Basto n\u00e3o vai aproveitar nada do muro de suporte que a 27 de janeiro colapsou na Rua de Alvite, na freguesia hom\u00f3nima. Foi o que anunciou o seu presidente na reuni\u00e3o descentralizada que o executivo municipal realizou a 27 de fevereiro nesta localidade.<\/p>\n\n\n\n<p>Embora o assunto esteja a ser dirimido nos servi\u00e7os jur\u00eddicos da autarquia, Manuel Teixeira assumiu que a constru\u00e7\u00e3o de um novo muro \u2013 cuja queda obstruiu a circula\u00e7\u00e3o rodovi\u00e1rio no centro da localidade \u2013 decorre de um protocolo estabelecido verbalmente, no mandato anterior, entre a Junta de Freguesia de Alvite, a C\u00e2mara Municipal e o propriet\u00e1rio de uma das moradias unifamiliares a que o muro d\u00e1 suporte.<\/p>\n\n\n\n<p>O protocolo de ced\u00eancia \u2013 que n\u00e3o tem qualquer vers\u00e3o escrita e que o autarca social-democrata se prop\u00f5e agora p\u00f4r \u00abdireitinho\u00bb, \u00e0 semelhan\u00e7a de muitas outras situa\u00e7\u00f5es que diz ter encontrada quando assumiu a presid\u00eancia da autarquia \u2013 contemplou a doa\u00e7\u00e3o de alguns metros de terreno ao dom\u00ednio p\u00fablico por parte do propriet\u00e1rio em causa, \u00abpara aliviar uma curva\u00bb na principal via rodovi\u00e1ria da freguesia.<\/p>\n\n\n\n<p>\u00abH\u00e1 um protocolo de ced\u00eancia verbal, que tamb\u00e9m \u00e9 v\u00e1lido, mas que temos de passar ao papel; o problema de ser verbal \u00e9 que depois um diz que foi assim e outro diz que foi assado\u2026 O protocolo foi inicialmente estabelecido pela Junta de Freguesia, para a ced\u00eancia do terreno, e depois passou para a c\u00e2mara municipal, para execu\u00e7\u00e3o do muro\u00bb, explicou.<\/p>\n\n\n\n<p>Manuel Teixeira garantiu que \u00abexistem projetos\u00bb nos servi\u00e7os municipais relativamente a este muro, que est\u00e3o a ser analisados e que permitiram j\u00e1 saber que, \u00abda forma como estava [antes de cair]\u00bb, permitiram j\u00e1 saber que \u00abn\u00e3o estava corretamente executado\u00bb. \u00abTemos de ver de quem s\u00e3o as responsabilidades\u2026\u00bb, comentou.<\/p>\n\n\n\n<p>Depois de ter participado o colapso \u00e0 empresa seguradora, \u00abpara evitar problemas\u00bb, a c\u00e2mara incluiu esta ocorr\u00eancia no relat\u00f3rio que est\u00e1 a fazer sobre os preju\u00edzos do mau-tempo deste inverno.<\/p>\n\n\n\n<p>Interrogado pelo vereador Pedro Sousa (\u201cServir Cabeceiras\u201d) sobre quando vai estar conclu\u00edda a reconstru\u00e7\u00e3o do muro e quanto vai custar ao er\u00e1rio p\u00fablico, o presidente do executivo diz ter entregue o assunto a uma empresa externa ao munic\u00edpio, a mesma que concluiu, \u00absem lhe mexer\u00bb, que a parte que se manteve de p\u00e9 \u00abn\u00e3o estava est\u00e1vel\u00bb, tendo de \u00abser todo demolido\u00bb. \u00abEstamos \u00e0 espera do projeto para fazer a sua reconstru\u00e7\u00e3o\u00bb, concluiu.<\/p>\n\n\n\n<p>A c\u00e2mara \u2013 que, passado quase um m\u00eas sobre a queda do muro, tomara j\u00e1 a iniciativa de desobstruir a Rua de Alvite, removendo os inertes para a propriedade privada \u2013 assumira j\u00e1, em resposta ao Terras de Basto, que o terreno onde estava implantado e o sobrante para alargamento da via \u00abn\u00e3o\u00bb estava legalmente registado em nome do munic\u00edpio.<\/p>\n\n\n\n<p>Com respostas monossil\u00e1bicas, a presid\u00eancia da c\u00e2mara procurou ent\u00e3o n\u00e3o esclarecer se a interven\u00e7\u00e3o do empreiteiro por si contratado incidia apenas na desobstru\u00e7\u00e3o da via e na cria\u00e7\u00e3o de condi\u00e7\u00f5es de seguran\u00e7a na via p\u00fablica ou se j\u00e1 fazia parte da reconstru\u00e7\u00e3o da estrutura.<\/p>\n\n\n\n<p>Tendo custado ao er\u00e1rio p\u00fablico 22.480 euros, o muro \u2013 que especialistas da \u00e1rea consideraram logo aquando da queda tratar-se \u00abmais de uma estrutura de veda\u00e7\u00e3o do que de suporte\u00bb &#8212; foi mandado executar a uma empresa de Cerva &#8211; Ribeira de Pena e foi dado como conclu\u00eddo pouco tempo antes das elei\u00e7\u00f5es aut\u00e1rquicas de outubro \u00faltimo.<\/p>\n\n\n\n<p>\u00abEm que consiste a interven\u00e7\u00e3o em curso: reconstru\u00e7\u00e3o da parte que colapsou?\u00bb, perguntou este jornal ao munic\u00edpio, obtendo como resposta mais um seco \u00abn\u00e3o\u00bb. Insistimos: \u00abconsiste na reconstru\u00e7\u00e3o da totalidade do muro, ou seja, de toda a sua extens\u00e3o?\u00bb. A resposta foi novamente um frio \u00absim\u00bb, como que dito por algu\u00e9m que n\u00e3o queria responder.<\/p>\n\n\n\n<p>A outras quest\u00f5es \u2013 designadamente sobre se \u00aba interven\u00e7\u00e3o em causa foi adjudicada por concurso ou por ajuste direto\u00bb e sobre \u00abquem \u00e9 a empresa adjudicat\u00e1ria\u00bb, a presid\u00eancia municipal preferiu escudar-se numa \u00abprote\u00e7\u00e3o de dados\u00bb, que n\u00e3o se afigura pertinente na circunst\u00e2ncia.<\/p>\n","protected":false},"excerpt":{"rendered":"<p>Ao mau-tempo podem ter-se aliado erros de execu\u00e7\u00e3o. O que \u00e9 certo \u00e9 que o muro \u2013 que resultou de um acordo verbal entre as autarquias e o propriet\u00e1rio do terreno \u2013 n\u00e3o aguentou tanta chuva e colapsou. Agora, a c\u00e2mara vai reconstru\u00ed-lo na sua totalidade. O que caiu custou ao er\u00e1rio p\u00fablico 22.480 euros. [&hellip;]<\/p>\n","protected":false},"author":7,"featured_media":5761,"comment_status":"open","ping_status":"open","sticky":false,"template":"","format":"standard","meta":{"footnotes":""},"categories":[12,9],"tags":[1336,29,1381,1337],"class_list":{"0":"post-5760","1":"post","2":"type-post","3":"status-publish","4":"format-standard","5":"has-post-thumbnail","7":"category-cabeceiras-de-basto","8":"category-terras-de-basto","9":"tag-alvite","10":"tag-cabeceiras-de-basto","11":"tag-colapso","12":"tag-muro"},"yoast_head":"<!-- This site is optimized with the Yoast SEO plugin v25.7 - https:\/\/yoast.com\/wordpress\/plugins\/seo\/ -->\n<title>C\u00e2mara de Cabeceiras vai construir de novo muro que ruiu em Alvite - Jornal Terras de Basto<\/title>\n<meta name=\"description\" content=\"Ao mau-tempo podem ter-se aliado erros de execu\u00e7\u00e3o. O que \u00e9 certo \u00e9 que o muro \u2013 que resultou de um acordo verbal entre as autarquias e o propriet\u00e1rio do terreno \u2013 n\u00e3o aguentou tanta chuva e colapsou. Agora, a c\u00e2mara vai reconstru\u00ed-lo na sua totalidade. O que caiu custou ao er\u00e1rio p\u00fablico 22.480 euros. Agora vamos ver quanto custa o novo.\" \/>\n<meta name=\"robots\" content=\"index, follow, max-snippet:-1, max-image-preview:large, max-video-preview:-1\" \/>\n<link rel=\"canonical\" href=\"https:\/\/terrasdebasto.pt\/?p=5760\" \/>\n<meta property=\"og:locale\" content=\"pt_PT\" \/>\n<meta property=\"og:type\" content=\"article\" \/>\n<meta property=\"og:title\" content=\"C\u00e2mara de Cabeceiras vai construir de novo muro que ruiu em Alvite - Jornal Terras de Basto\" \/>\n<meta property=\"og:description\" content=\"Ao mau-tempo podem ter-se aliado erros de execu\u00e7\u00e3o. O que \u00e9 certo \u00e9 que o muro \u2013 que resultou de um acordo verbal entre as autarquias e o propriet\u00e1rio do terreno \u2013 n\u00e3o aguentou tanta chuva e colapsou. Agora, a c\u00e2mara vai reconstru\u00ed-lo na sua totalidade. O que caiu custou ao er\u00e1rio p\u00fablico 22.480 euros. Agora vamos ver quanto custa o novo.\" \/>\n<meta property=\"og:url\" content=\"https:\/\/terrasdebasto.pt\/?p=5760\" \/>\n<meta property=\"og:site_name\" content=\"Jornal Terras de Basto\" \/>\n<meta property=\"article:published_time\" content=\"2026-03-06T03:09:48+00:00\" \/>\n<meta property=\"og:image\" content=\"https:\/\/terrasdebasto.pt\/wp-content\/uploads\/2026\/03\/MURO-ALVITE-56548-scaled.jpg\" \/>\n\t<meta property=\"og:image:width\" content=\"2560\" \/>\n\t<meta property=\"og:image:height\" content=\"1803\" \/>\n\t<meta property=\"og:image:type\" content=\"image\/jpeg\" \/>\n<meta name=\"author\" content=\"Jo\u00e3o Paulo Mesquita\" \/>\n<meta name=\"twitter:card\" content=\"summary_large_image\" \/>\n<meta name=\"twitter:label1\" content=\"Escrito por\" \/>\n\t<meta name=\"twitter:data1\" content=\"Jo\u00e3o Paulo Mesquita\" \/>\n\t<meta name=\"twitter:label2\" content=\"Tempo estimado de leitura\" \/>\n\t<meta name=\"twitter:data2\" content=\"5 minutos\" \/>\n<script type=\"application\/ld+json\" class=\"yoast-schema-graph\">{\"@context\":\"https:\/\/schema.org\",\"@graph\":[{\"@type\":\"Article\",\"@id\":\"https:\/\/terrasdebasto.pt\/?p=5760#article\",\"isPartOf\":{\"@id\":\"https:\/\/terrasdebasto.pt\/?p=5760\"},\"author\":{\"name\":\"Jo\u00e3o Paulo Mesquita\",\"@id\":\"https:\/\/terrasdebasto.pt\/#\/schema\/person\/9f6739f5394ac65c802641773b278b84\"},\"headline\":\"C\u00e2mara de Cabeceiras vai construir de novo muro que ruiu em Alvite\",\"datePublished\":\"2026-03-06T03:09:48+00:00\",\"mainEntityOfPage\":{\"@id\":\"https:\/\/terrasdebasto.pt\/?p=5760\"},\"wordCount\":793,\"commentCount\":0,\"publisher\":{\"@id\":\"https:\/\/terrasdebasto.pt\/#organization\"},\"image\":{\"@id\":\"https:\/\/terrasdebasto.pt\/?p=5760#primaryimage\"},\"thumbnailUrl\":\"https:\/\/terrasdebasto.pt\/wp-content\/uploads\/2026\/03\/MURO-ALVITE-56548-scaled.jpg\",\"keywords\":[\"Alvite\",\"Cabeceiras de Basto\",\"Colapso\",\"Muro\"],\"articleSection\":[\"Cabeceiras de Basto\",\"Terras de Basto\"],\"inLanguage\":\"pt-PT\",\"potentialAction\":[{\"@type\":\"CommentAction\",\"name\":\"Comment\",\"target\":[\"https:\/\/terrasdebasto.pt\/?p=5760#respond\"]}]},{\"@type\":\"WebPage\",\"@id\":\"https:\/\/terrasdebasto.pt\/?p=5760\",\"url\":\"https:\/\/terrasdebasto.pt\/?p=5760\",\"name\":\"C\u00e2mara de Cabeceiras vai construir de novo muro que ruiu em Alvite - Jornal Terras de Basto\",\"isPartOf\":{\"@id\":\"https:\/\/terrasdebasto.pt\/#website\"},\"primaryImageOfPage\":{\"@id\":\"https:\/\/terrasdebasto.pt\/?p=5760#primaryimage\"},\"image\":{\"@id\":\"https:\/\/terrasdebasto.pt\/?p=5760#primaryimage\"},\"thumbnailUrl\":\"https:\/\/terrasdebasto.pt\/wp-content\/uploads\/2026\/03\/MURO-ALVITE-56548-scaled.jpg\",\"datePublished\":\"2026-03-06T03:09:48+00:00\",\"description\":\"Ao mau-tempo podem ter-se aliado erros de execu\u00e7\u00e3o. O que \u00e9 certo \u00e9 que o muro \u2013 que resultou de um acordo verbal entre as autarquias e o propriet\u00e1rio do terreno \u2013 n\u00e3o aguentou tanta chuva e colapsou. Agora, a c\u00e2mara vai reconstru\u00ed-lo na sua totalidade. O que caiu custou ao er\u00e1rio p\u00fablico 22.480 euros. Agora vamos ver quanto custa o novo.\",\"breadcrumb\":{\"@id\":\"https:\/\/terrasdebasto.pt\/?p=5760#breadcrumb\"},\"inLanguage\":\"pt-PT\",\"potentialAction\":[{\"@type\":\"ReadAction\",\"target\":[\"https:\/\/terrasdebasto.pt\/?p=5760\"]}]},{\"@type\":\"ImageObject\",\"inLanguage\":\"pt-PT\",\"@id\":\"https:\/\/terrasdebasto.pt\/?p=5760#primaryimage\",\"url\":\"https:\/\/terrasdebasto.pt\/wp-content\/uploads\/2026\/03\/MURO-ALVITE-56548-scaled.jpg\",\"contentUrl\":\"https:\/\/terrasdebasto.pt\/wp-content\/uploads\/2026\/03\/MURO-ALVITE-56548-scaled.jpg\",\"width\":2560,\"height\":1803},{\"@type\":\"BreadcrumbList\",\"@id\":\"https:\/\/terrasdebasto.pt\/?p=5760#breadcrumb\",\"itemListElement\":[{\"@type\":\"ListItem\",\"position\":1,\"name\":\"In\u00edcio\",\"item\":\"https:\/\/terrasdebasto.pt\/\"},{\"@type\":\"ListItem\",\"position\":2,\"name\":\"C\u00e2mara de Cabeceiras vai construir de novo muro que ruiu em Alvite\"}]},{\"@type\":\"WebSite\",\"@id\":\"https:\/\/terrasdebasto.pt\/#website\",\"url\":\"https:\/\/terrasdebasto.pt\/\",\"name\":\"Jornal Terras de Basto\",\"description\":\"\",\"publisher\":{\"@id\":\"https:\/\/terrasdebasto.pt\/#organization\"},\"potentialAction\":[{\"@type\":\"SearchAction\",\"target\":{\"@type\":\"EntryPoint\",\"urlTemplate\":\"https:\/\/terrasdebasto.pt\/?s={search_term_string}\"},\"query-input\":{\"@type\":\"PropertyValueSpecification\",\"valueRequired\":true,\"valueName\":\"search_term_string\"}}],\"inLanguage\":\"pt-PT\"},{\"@type\":\"Organization\",\"@id\":\"https:\/\/terrasdebasto.pt\/#organization\",\"name\":\"Jornal Terras de Basto\",\"url\":\"https:\/\/terrasdebasto.pt\/\",\"logo\":{\"@type\":\"ImageObject\",\"inLanguage\":\"pt-PT\",\"@id\":\"https:\/\/terrasdebasto.pt\/#\/schema\/logo\/image\/\",\"url\":\"https:\/\/terrasdebasto.pt\/wp-content\/uploads\/2024\/06\/LogoNormal.png\",\"contentUrl\":\"https:\/\/terrasdebasto.pt\/wp-content\/uploads\/2024\/06\/LogoNormal.png\",\"width\":5638,\"height\":809,\"caption\":\"Jornal Terras de Basto\"},\"image\":{\"@id\":\"https:\/\/terrasdebasto.pt\/#\/schema\/logo\/image\/\"}},{\"@type\":\"Person\",\"@id\":\"https:\/\/terrasdebasto.pt\/#\/schema\/person\/9f6739f5394ac65c802641773b278b84\",\"name\":\"Jo\u00e3o Paulo Mesquita\",\"image\":{\"@type\":\"ImageObject\",\"inLanguage\":\"pt-PT\",\"@id\":\"https:\/\/terrasdebasto.pt\/#\/schema\/person\/image\/\",\"url\":\"https:\/\/secure.gravatar.com\/avatar\/9bd0f299e6d96336664aab64354168246a3ee3287c47891c50d450e47ed9d7f9?s=96&d=mm&r=g\",\"contentUrl\":\"https:\/\/secure.gravatar.com\/avatar\/9bd0f299e6d96336664aab64354168246a3ee3287c47891c50d450e47ed9d7f9?s=96&d=mm&r=g\",\"caption\":\"Jo\u00e3o Paulo Mesquita\"},\"url\":\"https:\/\/terrasdebasto.pt\/?author=7\"}]}<\/script>\n<!-- \/ Yoast SEO plugin. -->","yoast_head_json":{"title":"C\u00e2mara de Cabeceiras vai construir de novo muro que ruiu em Alvite - Jornal Terras de Basto","description":"Ao mau-tempo podem ter-se aliado erros de execu\u00e7\u00e3o. O que \u00e9 certo \u00e9 que o muro \u2013 que resultou de um acordo verbal entre as autarquias e o propriet\u00e1rio do terreno \u2013 n\u00e3o aguentou tanta chuva e colapsou. Agora, a c\u00e2mara vai reconstru\u00ed-lo na sua totalidade. O que caiu custou ao er\u00e1rio p\u00fablico 22.480 euros. Agora vamos ver quanto custa o novo.","robots":{"index":"index","follow":"follow","max-snippet":"max-snippet:-1","max-image-preview":"max-image-preview:large","max-video-preview":"max-video-preview:-1"},"canonical":"https:\/\/terrasdebasto.pt\/?p=5760","og_locale":"pt_PT","og_type":"article","og_title":"C\u00e2mara de Cabeceiras vai construir de novo muro que ruiu em Alvite - Jornal Terras de Basto","og_description":"Ao mau-tempo podem ter-se aliado erros de execu\u00e7\u00e3o. O que \u00e9 certo \u00e9 que o muro \u2013 que resultou de um acordo verbal entre as autarquias e o propriet\u00e1rio do terreno \u2013 n\u00e3o aguentou tanta chuva e colapsou. Agora, a c\u00e2mara vai reconstru\u00ed-lo na sua totalidade. O que caiu custou ao er\u00e1rio p\u00fablico 22.480 euros. Agora vamos ver quanto custa o novo.","og_url":"https:\/\/terrasdebasto.pt\/?p=5760","og_site_name":"Jornal Terras de Basto","article_published_time":"2026-03-06T03:09:48+00:00","og_image":[{"width":2560,"height":1803,"url":"https:\/\/terrasdebasto.pt\/wp-content\/uploads\/2026\/03\/MURO-ALVITE-56548-scaled.jpg","type":"image\/jpeg"}],"author":"Jo\u00e3o Paulo Mesquita","twitter_card":"summary_large_image","twitter_misc":{"Escrito por":"Jo\u00e3o Paulo Mesquita","Tempo estimado de leitura":"5 minutos"},"schema":{"@context":"https:\/\/schema.org","@graph":[{"@type":"Article","@id":"https:\/\/terrasdebasto.pt\/?p=5760#article","isPartOf":{"@id":"https:\/\/terrasdebasto.pt\/?p=5760"},"author":{"name":"Jo\u00e3o Paulo Mesquita","@id":"https:\/\/terrasdebasto.pt\/#\/schema\/person\/9f6739f5394ac65c802641773b278b84"},"headline":"C\u00e2mara de Cabeceiras vai construir de novo muro que ruiu em Alvite","datePublished":"2026-03-06T03:09:48+00:00","mainEntityOfPage":{"@id":"https:\/\/terrasdebasto.pt\/?p=5760"},"wordCount":793,"commentCount":0,"publisher":{"@id":"https:\/\/terrasdebasto.pt\/#organization"},"image":{"@id":"https:\/\/terrasdebasto.pt\/?p=5760#primaryimage"},"thumbnailUrl":"https:\/\/terrasdebasto.pt\/wp-content\/uploads\/2026\/03\/MURO-ALVITE-56548-scaled.jpg","keywords":["Alvite","Cabeceiras de Basto","Colapso","Muro"],"articleSection":["Cabeceiras de Basto","Terras de Basto"],"inLanguage":"pt-PT","potentialAction":[{"@type":"CommentAction","name":"Comment","target":["https:\/\/terrasdebasto.pt\/?p=5760#respond"]}]},{"@type":"WebPage","@id":"https:\/\/terrasdebasto.pt\/?p=5760","url":"https:\/\/terrasdebasto.pt\/?p=5760","name":"C\u00e2mara de Cabeceiras vai construir de novo muro que ruiu em Alvite - Jornal Terras de Basto","isPartOf":{"@id":"https:\/\/terrasdebasto.pt\/#website"},"primaryImageOfPage":{"@id":"https:\/\/terrasdebasto.pt\/?p=5760#primaryimage"},"image":{"@id":"https:\/\/terrasdebasto.pt\/?p=5760#primaryimage"},"thumbnailUrl":"https:\/\/terrasdebasto.pt\/wp-content\/uploads\/2026\/03\/MURO-ALVITE-56548-scaled.jpg","datePublished":"2026-03-06T03:09:48+00:00","description":"Ao mau-tempo podem ter-se aliado erros de execu\u00e7\u00e3o. O que \u00e9 certo \u00e9 que o muro \u2013 que resultou de um acordo verbal entre as autarquias e o propriet\u00e1rio do terreno \u2013 n\u00e3o aguentou tanta chuva e colapsou. Agora, a c\u00e2mara vai reconstru\u00ed-lo na sua totalidade. O que caiu custou ao er\u00e1rio p\u00fablico 22.480 euros. Agora vamos ver quanto custa o novo.","breadcrumb":{"@id":"https:\/\/terrasdebasto.pt\/?p=5760#breadcrumb"},"inLanguage":"pt-PT","potentialAction":[{"@type":"ReadAction","target":["https:\/\/terrasdebasto.pt\/?p=5760"]}]},{"@type":"ImageObject","inLanguage":"pt-PT","@id":"https:\/\/terrasdebasto.pt\/?p=5760#primaryimage","url":"https:\/\/terrasdebasto.pt\/wp-content\/uploads\/2026\/03\/MURO-ALVITE-56548-scaled.jpg","contentUrl":"https:\/\/terrasdebasto.pt\/wp-content\/uploads\/2026\/03\/MURO-ALVITE-56548-scaled.jpg","width":2560,"height":1803},{"@type":"BreadcrumbList","@id":"https:\/\/terrasdebasto.pt\/?p=5760#breadcrumb","itemListElement":[{"@type":"ListItem","position":1,"name":"In\u00edcio","item":"https:\/\/terrasdebasto.pt\/"},{"@type":"ListItem","position":2,"name":"C\u00e2mara de Cabeceiras vai construir de novo muro que ruiu em Alvite"}]},{"@type":"WebSite","@id":"https:\/\/terrasdebasto.pt\/#website","url":"https:\/\/terrasdebasto.pt\/","name":"Jornal Terras de Basto","description":"","publisher":{"@id":"https:\/\/terrasdebasto.pt\/#organization"},"potentialAction":[{"@type":"SearchAction","target":{"@type":"EntryPoint","urlTemplate":"https:\/\/terrasdebasto.pt\/?s={search_term_string}"},"query-input":{"@type":"PropertyValueSpecification","valueRequired":true,"valueName":"search_term_string"}}],"inLanguage":"pt-PT"},{"@type":"Organization","@id":"https:\/\/terrasdebasto.pt\/#organization","name":"Jornal Terras de Basto","url":"https:\/\/terrasdebasto.pt\/","logo":{"@type":"ImageObject","inLanguage":"pt-PT","@id":"https:\/\/terrasdebasto.pt\/#\/schema\/logo\/image\/","url":"https:\/\/terrasdebasto.pt\/wp-content\/uploads\/2024\/06\/LogoNormal.png","contentUrl":"https:\/\/terrasdebasto.pt\/wp-content\/uploads\/2024\/06\/LogoNormal.png","width":5638,"height":809,"caption":"Jornal Terras de Basto"},"image":{"@id":"https:\/\/terrasdebasto.pt\/#\/schema\/logo\/image\/"}},{"@type":"Person","@id":"https:\/\/terrasdebasto.pt\/#\/schema\/person\/9f6739f5394ac65c802641773b278b84","name":"Jo\u00e3o Paulo Mesquita","image":{"@type":"ImageObject","inLanguage":"pt-PT","@id":"https:\/\/terrasdebasto.pt\/#\/schema\/person\/image\/","url":"https:\/\/secure.gravatar.com\/avatar\/9bd0f299e6d96336664aab64354168246a3ee3287c47891c50d450e47ed9d7f9?s=96&d=mm&r=g","contentUrl":"https:\/\/secure.gravatar.com\/avatar\/9bd0f299e6d96336664aab64354168246a3ee3287c47891c50d450e47ed9d7f9?s=96&d=mm&r=g","caption":"Jo\u00e3o Paulo Mesquita"},"url":"https:\/\/terrasdebasto.pt\/?author=7"}]}},"_links":{"self":[{"href":"https:\/\/terrasdebasto.pt\/index.php?rest_route=\/wp\/v2\/posts\/5760","targetHints":{"allow":["GET"]}}],"collection":[{"href":"https:\/\/terrasdebasto.pt\/index.php?rest_route=\/wp\/v2\/posts"}],"about":[{"href":"https:\/\/terrasdebasto.pt\/index.php?rest_route=\/wp\/v2\/types\/post"}],"author":[{"embeddable":true,"href":"https:\/\/terrasdebasto.pt\/index.php?rest_route=\/wp\/v2\/users\/7"}],"replies":[{"embeddable":true,"href":"https:\/\/terrasdebasto.pt\/index.php?rest_route=%2Fwp%2Fv2%2Fcomments&post=5760"}],"version-history":[{"count":1,"href":"https:\/\/terrasdebasto.pt\/index.php?rest_route=\/wp\/v2\/posts\/5760\/revisions"}],"predecessor-version":[{"id":5762,"href":"https:\/\/terrasdebasto.pt\/index.php?rest_route=\/wp\/v2\/posts\/5760\/revisions\/5762"}],"wp:featuredmedia":[{"embeddable":true,"href":"https:\/\/terrasdebasto.pt\/index.php?rest_route=\/wp\/v2\/media\/5761"}],"wp:attachment":[{"href":"https:\/\/terrasdebasto.pt\/index.php?rest_route=%2Fwp%2Fv2%2Fmedia&parent=5760"}],"wp:term":[{"taxonomy":"category","embeddable":true,"href":"https:\/\/terrasdebasto.pt\/index.php?rest_route=%2Fwp%2Fv2%2Fcategories&post=5760"},{"taxonomy":"post_tag","embeddable":true,"href":"https:\/\/terrasdebasto.pt\/index.php?rest_route=%2Fwp%2Fv2%2Ftags&post=5760"}],"curies":[{"name":"wp","href":"https:\/\/api.w.org\/{rel}","templated":true}]}}