{"id":5754,"date":"2026-03-06T02:26:19","date_gmt":"2026-03-06T02:26:19","guid":{"rendered":"https:\/\/terrasdebasto.pt\/?p=5754"},"modified":"2026-03-06T02:26:20","modified_gmt":"2026-03-06T02:26:20","slug":"deputados-do-ps-vem-ao-aterro-de-codecoso","status":"publish","type":"post","link":"https:\/\/terrasdebasto.pt\/?p=5754","title":{"rendered":"Deputados do PS v\u00eam ao aterro de Code\u00e7oso"},"content":{"rendered":"\n<p><strong>Um grupo de deputados eleitos pelo Partido Socialista dever\u00e1 visitar em breve o Aterro Sanit\u00e1rio de Code\u00e7oso, em Celorico de Basto, para confirmar no local as den\u00fancias sobre o seu funcionamento que recentemente lhe foram dadas a conhecer por uma associa\u00e7\u00e3o de moradores desta freguesia e pelo l\u00edder da oposi\u00e7\u00e3o no executivo municipal.<\/strong><\/p>\n\n\n\n<p>Este foi o compromisso que assumiram durante a audi\u00eancia que concederam recentemente ao grupo celoricense, em que \u00abtomaram boa nota das informa\u00e7\u00f5es transmitidas\u00bb e em que assumiram o compromisso de analisar \u00abtodas as quest\u00f5es relacionadas com o licenciamento do aterro, bem como o cumprimento das obriga\u00e7\u00f5es legais e ambientais\u00bb.<\/p>\n\n\n\n<p>\u00abEm cima da mesa estiveram as preocupa\u00e7\u00f5es relacionadas com o aterro sanit\u00e1rio intermunicipal de Code\u00e7oso, que viu aprovada pelo executivo municipal uma proposta de \u201cotimiza\u00e7\u00e3o\u201d que, para oposi\u00e7\u00e3o e moradores, n\u00e3o \u00e9 mais do que um aumento da sua volumetria e capacidade para receber res\u00edduos\u00bb, afirma-se numa nota enviada ao Terras de Basto pelo grupo parlamentar do PS.<\/p>\n\n\n\n<p>A nota adianta ainda, citando o vereador Eug\u00e9nio Carvalho, que liderou a coliga\u00e7\u00e3o \u201cJuntos por Celorico\u201d, que o aterro \u00abpoder\u00e1 receber 315.563 toneladas de res\u00edduos, o que suscita preocupa\u00e7\u00f5es ambientais e de sa\u00fade p\u00fablica, para al\u00e9m de quest\u00f5es de transpar\u00eancia pol\u00edtica\u00bb.<\/p>\n\n\n\n<p>Na circunst\u00e2ncia, Carvalho transmitiu aos deputados socialistas a sua \u00abapreens\u00e3o sobre a \u201cinexist\u00eancia de relat\u00f3rios p\u00fablicos anuais sobre a explora\u00e7\u00e3o\u201d\u00bb, bem como sobre o \u00ab\u201cimpacto ambiental continuado, nomeadamente ao n\u00edvel da gest\u00e3o de lixiviados e da emiss\u00e3o de odores, com preju\u00edzo direto para a qualidade de vida das popula\u00e7\u00f5es\u201d\u00bb.<\/p>\n\n\n\n<p>A audi\u00eancia ao grupo celoricense registou a participa\u00e7\u00e3o dos deputados eleitos pelo C\u00edrculo de Braga Irene Costa e Hern\u00e2ni Loureiro e Pedro Vaz, este \u00faltimo como coordenador do grupo parlamentar socialista na Comiss\u00e3o de Ambiente e Energia.<\/p>\n","protected":false},"excerpt":{"rendered":"<p>Um grupo de deputados eleitos pelo Partido Socialista dever\u00e1 visitar em breve o Aterro Sanit\u00e1rio de Code\u00e7oso, em Celorico de Basto, para confirmar no local as den\u00fancias sobre o seu funcionamento que recentemente lhe foram dadas a conhecer por uma associa\u00e7\u00e3o de moradores desta freguesia e pelo l\u00edder da oposi\u00e7\u00e3o no executivo municipal. Este foi [&hellip;]<\/p>\n","protected":false},"author":7,"featured_media":5755,"comment_status":"open","ping_status":"open","sticky":false,"template":"","format":"standard","meta":{"footnotes":""},"categories":[13,9],"tags":[1308,255],"class_list":{"0":"post-5754","1":"post","2":"type-post","3":"status-publish","4":"format-standard","5":"has-post-thumbnail","7":"category-celorico-de-basto","8":"category-terras-de-basto","9":"tag-aterro-sanitario-de-codecoso","10":"tag-partido-socialista"},"yoast_head":"<!-- This site is optimized with the Yoast SEO plugin v25.7 - https:\/\/yoast.com\/wordpress\/plugins\/seo\/ -->\n<title>Deputados do PS v\u00eam ao aterro de Code\u00e7oso - Jornal Terras de Basto<\/title>\n<meta name=\"description\" content=\"Um grupo de deputados eleitos pelo Partido Socialista dever\u00e1 visitar em breve o Aterro Sanit\u00e1rio de Code\u00e7oso, em Celorico de Basto, para confirmar no local as den\u00fancias sobre o seu funcionamento que recentemente lhe foram dadas a conhecer por uma associa\u00e7\u00e3o de moradores desta freguesia e pelo l\u00edder da oposi\u00e7\u00e3o no executivo municipal.\" \/>\n<meta name=\"robots\" content=\"index, follow, max-snippet:-1, max-image-preview:large, max-video-preview:-1\" \/>\n<link rel=\"canonical\" href=\"https:\/\/terrasdebasto.pt\/?p=5754\" \/>\n<meta property=\"og:locale\" content=\"pt_PT\" \/>\n<meta property=\"og:type\" content=\"article\" \/>\n<meta property=\"og:title\" content=\"Deputados do PS v\u00eam ao aterro de Code\u00e7oso - Jornal Terras de Basto\" \/>\n<meta property=\"og:description\" content=\"Um grupo de deputados eleitos pelo Partido Socialista dever\u00e1 visitar em breve o Aterro Sanit\u00e1rio de Code\u00e7oso, em Celorico de Basto, para confirmar no local as den\u00fancias sobre o seu funcionamento que recentemente lhe foram dadas a conhecer por uma associa\u00e7\u00e3o de moradores desta freguesia e pelo l\u00edder da oposi\u00e7\u00e3o no executivo municipal.\" \/>\n<meta property=\"og:url\" content=\"https:\/\/terrasdebasto.pt\/?p=5754\" \/>\n<meta property=\"og:site_name\" content=\"Jornal Terras de Basto\" \/>\n<meta property=\"article:published_time\" content=\"2026-03-06T02:26:19+00:00\" \/>\n<meta property=\"article:modified_time\" content=\"2026-03-06T02:26:20+00:00\" \/>\n<meta property=\"og:image\" content=\"https:\/\/terrasdebasto.pt\/wp-content\/uploads\/2026\/03\/ATERRO-SANITARIO-EUGENIO-CARVALHO-CELORICO-BASTO-493486.jpg\" \/>\n\t<meta property=\"og:image:width\" content=\"1599\" \/>\n\t<meta property=\"og:image:height\" content=\"898\" \/>\n\t<meta property=\"og:image:type\" content=\"image\/jpeg\" \/>\n<meta name=\"author\" content=\"Jo\u00e3o Paulo Mesquita\" \/>\n<meta name=\"twitter:card\" content=\"summary_large_image\" \/>\n<meta name=\"twitter:label1\" content=\"Escrito por\" \/>\n\t<meta name=\"twitter:data1\" content=\"Jo\u00e3o Paulo Mesquita\" \/>\n\t<meta name=\"twitter:label2\" content=\"Tempo estimado de leitura\" \/>\n\t<meta name=\"twitter:data2\" content=\"2 minutos\" \/>\n<script type=\"application\/ld+json\" class=\"yoast-schema-graph\">{\"@context\":\"https:\/\/schema.org\",\"@graph\":[{\"@type\":\"Article\",\"@id\":\"https:\/\/terrasdebasto.pt\/?p=5754#article\",\"isPartOf\":{\"@id\":\"https:\/\/terrasdebasto.pt\/?p=5754\"},\"author\":{\"name\":\"Jo\u00e3o Paulo Mesquita\",\"@id\":\"https:\/\/terrasdebasto.pt\/#\/schema\/person\/9f6739f5394ac65c802641773b278b84\"},\"headline\":\"Deputados do PS v\u00eam ao aterro de Code\u00e7oso\",\"datePublished\":\"2026-03-06T02:26:19+00:00\",\"dateModified\":\"2026-03-06T02:26:20+00:00\",\"mainEntityOfPage\":{\"@id\":\"https:\/\/terrasdebasto.pt\/?p=5754\"},\"wordCount\":338,\"commentCount\":0,\"publisher\":{\"@id\":\"https:\/\/terrasdebasto.pt\/#organization\"},\"image\":{\"@id\":\"https:\/\/terrasdebasto.pt\/?p=5754#primaryimage\"},\"thumbnailUrl\":\"https:\/\/terrasdebasto.pt\/wp-content\/uploads\/2026\/03\/ATERRO-SANITARIO-EUGENIO-CARVALHO-CELORICO-BASTO-493486.jpg\",\"keywords\":[\"Aterro Sanit\u00e1rio de Code\u00e7oso\",\"Partido Socialista\"],\"articleSection\":[\"Celorico de Basto\",\"Terras de Basto\"],\"inLanguage\":\"pt-PT\",\"potentialAction\":[{\"@type\":\"CommentAction\",\"name\":\"Comment\",\"target\":[\"https:\/\/terrasdebasto.pt\/?p=5754#respond\"]}]},{\"@type\":\"WebPage\",\"@id\":\"https:\/\/terrasdebasto.pt\/?p=5754\",\"url\":\"https:\/\/terrasdebasto.pt\/?p=5754\",\"name\":\"Deputados do PS v\u00eam ao aterro de Code\u00e7oso - Jornal Terras de Basto\",\"isPartOf\":{\"@id\":\"https:\/\/terrasdebasto.pt\/#website\"},\"primaryImageOfPage\":{\"@id\":\"https:\/\/terrasdebasto.pt\/?p=5754#primaryimage\"},\"image\":{\"@id\":\"https:\/\/terrasdebasto.pt\/?p=5754#primaryimage\"},\"thumbnailUrl\":\"https:\/\/terrasdebasto.pt\/wp-content\/uploads\/2026\/03\/ATERRO-SANITARIO-EUGENIO-CARVALHO-CELORICO-BASTO-493486.jpg\",\"datePublished\":\"2026-03-06T02:26:19+00:00\",\"dateModified\":\"2026-03-06T02:26:20+00:00\",\"description\":\"Um grupo de deputados eleitos pelo Partido Socialista dever\u00e1 visitar em breve o Aterro Sanit\u00e1rio de Code\u00e7oso, em Celorico de Basto, para confirmar no local as den\u00fancias sobre o seu funcionamento que recentemente lhe foram dadas a conhecer por uma associa\u00e7\u00e3o de moradores desta freguesia e pelo l\u00edder da oposi\u00e7\u00e3o no executivo municipal.\",\"breadcrumb\":{\"@id\":\"https:\/\/terrasdebasto.pt\/?p=5754#breadcrumb\"},\"inLanguage\":\"pt-PT\",\"potentialAction\":[{\"@type\":\"ReadAction\",\"target\":[\"https:\/\/terrasdebasto.pt\/?p=5754\"]}]},{\"@type\":\"ImageObject\",\"inLanguage\":\"pt-PT\",\"@id\":\"https:\/\/terrasdebasto.pt\/?p=5754#primaryimage\",\"url\":\"https:\/\/terrasdebasto.pt\/wp-content\/uploads\/2026\/03\/ATERRO-SANITARIO-EUGENIO-CARVALHO-CELORICO-BASTO-493486.jpg\",\"contentUrl\":\"https:\/\/terrasdebasto.pt\/wp-content\/uploads\/2026\/03\/ATERRO-SANITARIO-EUGENIO-CARVALHO-CELORICO-BASTO-493486.jpg\",\"width\":1599,\"height\":898},{\"@type\":\"BreadcrumbList\",\"@id\":\"https:\/\/terrasdebasto.pt\/?p=5754#breadcrumb\",\"itemListElement\":[{\"@type\":\"ListItem\",\"position\":1,\"name\":\"In\u00edcio\",\"item\":\"https:\/\/terrasdebasto.pt\/\"},{\"@type\":\"ListItem\",\"position\":2,\"name\":\"Deputados do PS v\u00eam ao aterro de Code\u00e7oso\"}]},{\"@type\":\"WebSite\",\"@id\":\"https:\/\/terrasdebasto.pt\/#website\",\"url\":\"https:\/\/terrasdebasto.pt\/\",\"name\":\"Jornal Terras de Basto\",\"description\":\"\",\"publisher\":{\"@id\":\"https:\/\/terrasdebasto.pt\/#organization\"},\"potentialAction\":[{\"@type\":\"SearchAction\",\"target\":{\"@type\":\"EntryPoint\",\"urlTemplate\":\"https:\/\/terrasdebasto.pt\/?s={search_term_string}\"},\"query-input\":{\"@type\":\"PropertyValueSpecification\",\"valueRequired\":true,\"valueName\":\"search_term_string\"}}],\"inLanguage\":\"pt-PT\"},{\"@type\":\"Organization\",\"@id\":\"https:\/\/terrasdebasto.pt\/#organization\",\"name\":\"Jornal Terras de Basto\",\"url\":\"https:\/\/terrasdebasto.pt\/\",\"logo\":{\"@type\":\"ImageObject\",\"inLanguage\":\"pt-PT\",\"@id\":\"https:\/\/terrasdebasto.pt\/#\/schema\/logo\/image\/\",\"url\":\"https:\/\/terrasdebasto.pt\/wp-content\/uploads\/2024\/06\/LogoNormal.png\",\"contentUrl\":\"https:\/\/terrasdebasto.pt\/wp-content\/uploads\/2024\/06\/LogoNormal.png\",\"width\":5638,\"height\":809,\"caption\":\"Jornal Terras de Basto\"},\"image\":{\"@id\":\"https:\/\/terrasdebasto.pt\/#\/schema\/logo\/image\/\"}},{\"@type\":\"Person\",\"@id\":\"https:\/\/terrasdebasto.pt\/#\/schema\/person\/9f6739f5394ac65c802641773b278b84\",\"name\":\"Jo\u00e3o Paulo Mesquita\",\"image\":{\"@type\":\"ImageObject\",\"inLanguage\":\"pt-PT\",\"@id\":\"https:\/\/terrasdebasto.pt\/#\/schema\/person\/image\/\",\"url\":\"https:\/\/secure.gravatar.com\/avatar\/9bd0f299e6d96336664aab64354168246a3ee3287c47891c50d450e47ed9d7f9?s=96&d=mm&r=g\",\"contentUrl\":\"https:\/\/secure.gravatar.com\/avatar\/9bd0f299e6d96336664aab64354168246a3ee3287c47891c50d450e47ed9d7f9?s=96&d=mm&r=g\",\"caption\":\"Jo\u00e3o Paulo Mesquita\"},\"url\":\"https:\/\/terrasdebasto.pt\/?author=7\"}]}<\/script>\n<!-- \/ Yoast SEO plugin. -->","yoast_head_json":{"title":"Deputados do PS v\u00eam ao aterro de Code\u00e7oso - Jornal Terras de Basto","description":"Um grupo de deputados eleitos pelo Partido Socialista dever\u00e1 visitar em breve o Aterro Sanit\u00e1rio de Code\u00e7oso, em Celorico de Basto, para confirmar no local as den\u00fancias sobre o seu funcionamento que recentemente lhe foram dadas a conhecer por uma associa\u00e7\u00e3o de moradores desta freguesia e pelo l\u00edder da oposi\u00e7\u00e3o no executivo municipal.","robots":{"index":"index","follow":"follow","max-snippet":"max-snippet:-1","max-image-preview":"max-image-preview:large","max-video-preview":"max-video-preview:-1"},"canonical":"https:\/\/terrasdebasto.pt\/?p=5754","og_locale":"pt_PT","og_type":"article","og_title":"Deputados do PS v\u00eam ao aterro de Code\u00e7oso - Jornal Terras de Basto","og_description":"Um grupo de deputados eleitos pelo Partido Socialista dever\u00e1 visitar em breve o Aterro Sanit\u00e1rio de Code\u00e7oso, em Celorico de Basto, para confirmar no local as den\u00fancias sobre o seu funcionamento que recentemente lhe foram dadas a conhecer por uma associa\u00e7\u00e3o de moradores desta freguesia e pelo l\u00edder da oposi\u00e7\u00e3o no executivo municipal.","og_url":"https:\/\/terrasdebasto.pt\/?p=5754","og_site_name":"Jornal Terras de Basto","article_published_time":"2026-03-06T02:26:19+00:00","article_modified_time":"2026-03-06T02:26:20+00:00","og_image":[{"width":1599,"height":898,"url":"https:\/\/terrasdebasto.pt\/wp-content\/uploads\/2026\/03\/ATERRO-SANITARIO-EUGENIO-CARVALHO-CELORICO-BASTO-493486.jpg","type":"image\/jpeg"}],"author":"Jo\u00e3o Paulo Mesquita","twitter_card":"summary_large_image","twitter_misc":{"Escrito por":"Jo\u00e3o Paulo Mesquita","Tempo estimado de leitura":"2 minutos"},"schema":{"@context":"https:\/\/schema.org","@graph":[{"@type":"Article","@id":"https:\/\/terrasdebasto.pt\/?p=5754#article","isPartOf":{"@id":"https:\/\/terrasdebasto.pt\/?p=5754"},"author":{"name":"Jo\u00e3o Paulo Mesquita","@id":"https:\/\/terrasdebasto.pt\/#\/schema\/person\/9f6739f5394ac65c802641773b278b84"},"headline":"Deputados do PS v\u00eam ao aterro de Code\u00e7oso","datePublished":"2026-03-06T02:26:19+00:00","dateModified":"2026-03-06T02:26:20+00:00","mainEntityOfPage":{"@id":"https:\/\/terrasdebasto.pt\/?p=5754"},"wordCount":338,"commentCount":0,"publisher":{"@id":"https:\/\/terrasdebasto.pt\/#organization"},"image":{"@id":"https:\/\/terrasdebasto.pt\/?p=5754#primaryimage"},"thumbnailUrl":"https:\/\/terrasdebasto.pt\/wp-content\/uploads\/2026\/03\/ATERRO-SANITARIO-EUGENIO-CARVALHO-CELORICO-BASTO-493486.jpg","keywords":["Aterro Sanit\u00e1rio de Code\u00e7oso","Partido Socialista"],"articleSection":["Celorico de Basto","Terras de Basto"],"inLanguage":"pt-PT","potentialAction":[{"@type":"CommentAction","name":"Comment","target":["https:\/\/terrasdebasto.pt\/?p=5754#respond"]}]},{"@type":"WebPage","@id":"https:\/\/terrasdebasto.pt\/?p=5754","url":"https:\/\/terrasdebasto.pt\/?p=5754","name":"Deputados do PS v\u00eam ao aterro de Code\u00e7oso - Jornal Terras de Basto","isPartOf":{"@id":"https:\/\/terrasdebasto.pt\/#website"},"primaryImageOfPage":{"@id":"https:\/\/terrasdebasto.pt\/?p=5754#primaryimage"},"image":{"@id":"https:\/\/terrasdebasto.pt\/?p=5754#primaryimage"},"thumbnailUrl":"https:\/\/terrasdebasto.pt\/wp-content\/uploads\/2026\/03\/ATERRO-SANITARIO-EUGENIO-CARVALHO-CELORICO-BASTO-493486.jpg","datePublished":"2026-03-06T02:26:19+00:00","dateModified":"2026-03-06T02:26:20+00:00","description":"Um grupo de deputados eleitos pelo Partido Socialista dever\u00e1 visitar em breve o Aterro Sanit\u00e1rio de Code\u00e7oso, em Celorico de Basto, para confirmar no local as den\u00fancias sobre o seu funcionamento que recentemente lhe foram dadas a conhecer por uma associa\u00e7\u00e3o de moradores desta freguesia e pelo l\u00edder da oposi\u00e7\u00e3o no executivo municipal.","breadcrumb":{"@id":"https:\/\/terrasdebasto.pt\/?p=5754#breadcrumb"},"inLanguage":"pt-PT","potentialAction":[{"@type":"ReadAction","target":["https:\/\/terrasdebasto.pt\/?p=5754"]}]},{"@type":"ImageObject","inLanguage":"pt-PT","@id":"https:\/\/terrasdebasto.pt\/?p=5754#primaryimage","url":"https:\/\/terrasdebasto.pt\/wp-content\/uploads\/2026\/03\/ATERRO-SANITARIO-EUGENIO-CARVALHO-CELORICO-BASTO-493486.jpg","contentUrl":"https:\/\/terrasdebasto.pt\/wp-content\/uploads\/2026\/03\/ATERRO-SANITARIO-EUGENIO-CARVALHO-CELORICO-BASTO-493486.jpg","width":1599,"height":898},{"@type":"BreadcrumbList","@id":"https:\/\/terrasdebasto.pt\/?p=5754#breadcrumb","itemListElement":[{"@type":"ListItem","position":1,"name":"In\u00edcio","item":"https:\/\/terrasdebasto.pt\/"},{"@type":"ListItem","position":2,"name":"Deputados do PS v\u00eam ao aterro de Code\u00e7oso"}]},{"@type":"WebSite","@id":"https:\/\/terrasdebasto.pt\/#website","url":"https:\/\/terrasdebasto.pt\/","name":"Jornal Terras de Basto","description":"","publisher":{"@id":"https:\/\/terrasdebasto.pt\/#organization"},"potentialAction":[{"@type":"SearchAction","target":{"@type":"EntryPoint","urlTemplate":"https:\/\/terrasdebasto.pt\/?s={search_term_string}"},"query-input":{"@type":"PropertyValueSpecification","valueRequired":true,"valueName":"search_term_string"}}],"inLanguage":"pt-PT"},{"@type":"Organization","@id":"https:\/\/terrasdebasto.pt\/#organization","name":"Jornal Terras de Basto","url":"https:\/\/terrasdebasto.pt\/","logo":{"@type":"ImageObject","inLanguage":"pt-PT","@id":"https:\/\/terrasdebasto.pt\/#\/schema\/logo\/image\/","url":"https:\/\/terrasdebasto.pt\/wp-content\/uploads\/2024\/06\/LogoNormal.png","contentUrl":"https:\/\/terrasdebasto.pt\/wp-content\/uploads\/2024\/06\/LogoNormal.png","width":5638,"height":809,"caption":"Jornal Terras de Basto"},"image":{"@id":"https:\/\/terrasdebasto.pt\/#\/schema\/logo\/image\/"}},{"@type":"Person","@id":"https:\/\/terrasdebasto.pt\/#\/schema\/person\/9f6739f5394ac65c802641773b278b84","name":"Jo\u00e3o Paulo Mesquita","image":{"@type":"ImageObject","inLanguage":"pt-PT","@id":"https:\/\/terrasdebasto.pt\/#\/schema\/person\/image\/","url":"https:\/\/secure.gravatar.com\/avatar\/9bd0f299e6d96336664aab64354168246a3ee3287c47891c50d450e47ed9d7f9?s=96&d=mm&r=g","contentUrl":"https:\/\/secure.gravatar.com\/avatar\/9bd0f299e6d96336664aab64354168246a3ee3287c47891c50d450e47ed9d7f9?s=96&d=mm&r=g","caption":"Jo\u00e3o Paulo Mesquita"},"url":"https:\/\/terrasdebasto.pt\/?author=7"}]}},"_links":{"self":[{"href":"https:\/\/terrasdebasto.pt\/index.php?rest_route=\/wp\/v2\/posts\/5754","targetHints":{"allow":["GET"]}}],"collection":[{"href":"https:\/\/terrasdebasto.pt\/index.php?rest_route=\/wp\/v2\/posts"}],"about":[{"href":"https:\/\/terrasdebasto.pt\/index.php?rest_route=\/wp\/v2\/types\/post"}],"author":[{"embeddable":true,"href":"https:\/\/terrasdebasto.pt\/index.php?rest_route=\/wp\/v2\/users\/7"}],"replies":[{"embeddable":true,"href":"https:\/\/terrasdebasto.pt\/index.php?rest_route=%2Fwp%2Fv2%2Fcomments&post=5754"}],"version-history":[{"count":1,"href":"https:\/\/terrasdebasto.pt\/index.php?rest_route=\/wp\/v2\/posts\/5754\/revisions"}],"predecessor-version":[{"id":5756,"href":"https:\/\/terrasdebasto.pt\/index.php?rest_route=\/wp\/v2\/posts\/5754\/revisions\/5756"}],"wp:featuredmedia":[{"embeddable":true,"href":"https:\/\/terrasdebasto.pt\/index.php?rest_route=\/wp\/v2\/media\/5755"}],"wp:attachment":[{"href":"https:\/\/terrasdebasto.pt\/index.php?rest_route=%2Fwp%2Fv2%2Fmedia&parent=5754"}],"wp:term":[{"taxonomy":"category","embeddable":true,"href":"https:\/\/terrasdebasto.pt\/index.php?rest_route=%2Fwp%2Fv2%2Fcategories&post=5754"},{"taxonomy":"post_tag","embeddable":true,"href":"https:\/\/terrasdebasto.pt\/index.php?rest_route=%2Fwp%2Fv2%2Ftags&post=5754"}],"curies":[{"name":"wp","href":"https:\/\/api.w.org\/{rel}","templated":true}]}}