{"id":5716,"date":"2026-03-02T02:24:05","date_gmt":"2026-03-02T02:24:05","guid":{"rendered":"https:\/\/terrasdebasto.pt\/?p=5716"},"modified":"2026-03-02T02:24:06","modified_gmt":"2026-03-02T02:24:06","slug":"flautista-cabeceirense-lanca-novo-album","status":"publish","type":"post","link":"https:\/\/terrasdebasto.pt\/?p=5716","title":{"rendered":"Flautista cabeceirense lan\u00e7a novo \u00e1lbum"},"content":{"rendered":"\n<p><strong>A flautista cabeceirense Adriana Ferreira regressou agora \u00e0 publica\u00e7\u00e3o, no caso, de um segundo trabalho do projeto \u201cPrix sans Prix\u201d, o que acontece ap\u00f3s um relevante sucesso do primeiro volume. \u201cPrix sans Prix\u201d \u00e9 um projeto discogr\u00e1fico dedicado a mulheres compositoras dos s\u00e9culos XIX a XXI, tendo este segundo disco sido gravado no Museu Nacional Soares dos Reis, em Lisboa, e agora apresentado publicamente no Museu Nacional da M\u00fasica, em Mafra.<\/strong><\/p>\n\n\n\n<p>O primeiro volume foi lan\u00e7ado em 2025, com obras de compositoras francesas laureadas com o Pr\u00e9mio de Roma; nesse \u00e1lbum foram gravadas obras originais para flauta e piano pela flautista Adriana Ferreira e pela pianista catal\u00e3 Isolda Crespi Rubio.<\/p>\n\n\n\n<p>Quanto a este segundo trabalho, inclui obras originais para flauta e harpa, interpretadas pela flautista cabeceirense e pela harpista Silvia Podrecca.<\/p>\n\n\n\n<p>De acordo com o compositor Nuno Jacinto, que escreve sobre o primeiro \u00e1lbum na revista \u201cDa Capo\u201d, o t\u00edtulo, \u00abescolhido de forma deliberadamente ir\u00f3nica\u00bb, remete para o \u201cPrix de Rome\u201d, prestigiado concurso franc\u00eas de arte que, durante s\u00e9culos, esteve vedado \u00e0s mulheres. \u00abDurante d\u00e9cadas foi sin\u00f3nimo de conservadorismo e academismo, mas tal se foi metamorfoseando com as novas tend\u00eancias fulgurantes do s\u00e9culo XIX, impulsionando a jovem carreira de compositores hoje imortalizados como Hector Berlioz, Georges Bizet, Jules Massenet ou Claude Debussy\u00bb, diz.<\/p>\n\n\n\n<p>Para Jacinto, a autora deste projeto \u00ab\u00fanico\u00bb, Adriana Ferreira, \u00e9 hoje \u00abuma das flautistas portuguesas mais prestigiadas e internacionais, com uma carreira consolidada em grandes palcos e orquestras\u00bb.<\/p>\n\n\n\n<p>Lembrando a sua forma\u00e7\u00e3o no Conservat\u00f3rio de Paris, a licenciatura em Musicologia pela Sorbonne e conquista de concursos como Genebra, Nielsen e Gazzelloni, o contributo da flautista para este trabalho discogr\u00e1fico revestiu-se de \u00ab\u00f3bvia expectativa, n\u00e3o s\u00f3 pela pertin\u00eancia program\u00e1tica, mas ainda mais pela interpreta\u00e7\u00e3o agora eternamente cristalizada no \u00e9ter musical\u00bb.<\/p>\n\n\n\n<p>O encontro com a sua pianista de elei\u00e7\u00e3o de outros projetos discogr\u00e1ficos, Isolda Crespi Rubio, formada no \u201cRoyal College of Music\u201d de Londres, permitiu a Adriana Ferreira \u00abuma parceria s\u00f3lida que, \u00e0 partida, nos providenciar\u00e1 profundidade art\u00edstica, como a j\u00e1 testemunhada noutros trabalhos discogr\u00e1ficos\u00bb.<\/p>\n\n\n\n<p>O alinhamento do disco \u201cPrix sans Prix Vol. 1\u201d reuniu, assim, nove pe\u00e7as de compositoras francesas vencedoras do \u201cPrix de Rome\u201d, \u00abexemplos dignos da tradi\u00e7\u00e3o musical francesa verdadeiramente metamorfoseante do s\u00e9culo XX\u00bb, entre elas nomes como Lili Boulanger, Jeanine Rueff, Elsa Barraine, Ginette Keller, Th\u00e9r\u00e8se Br\u00e9net, Rolande Falcinelli, Monic Cecconi-Botella, Odette Gartenlaub e Lucie Robert-Diessel.<\/p>\n\n\n\n<p>Segundo Nuno Jacinto, s\u00e3o pe\u00e7as que maioritariamente povoaram os concursos da classe de Flauta do Conservat\u00f3rio de Paris e, \u00abnalguns casos, pe\u00e7as de poucos minutos, mas cujo valor musical e de frui\u00e7\u00e3o \u00e9 elevado\u00bb.<\/p>\n\n\n\n<p>Em suma, o primeiro trabalho discogr\u00e1fico \u201cPrix sans Prix\u201d \u00e9 \u2013 de acordo com o compositor \u2013 um disco de pertin\u00eancia assinal\u00e1vel: \u00aba qualidade intr\u00ednseca das obras escolhidas, aliada \u00e0 interpreta\u00e7\u00e3o ao n\u00edvel de excel\u00eancia apenas ao alcance dos verdadeiramente dotados, coloca este projeto e os seus protagonistas, Adriana Ferreira e Isolda Crespi, num plano que merecia (e ainda merece!) maior proje\u00e7\u00e3o medi\u00e1tica, tanto a n\u00edvel nacional como internacional\u00bb.<\/p>\n\n\n\n<p>\u00abAo dar voz a compositoras esquecidas, o projeto demonstra-nos mais uma vez que a hist\u00f3ria da m\u00fasica \u00e9 mais rica, mais ampla e mais plural do que at\u00e9 agora nos ensinaram. O futuro depender\u00e1 da capacidade de continuarmos a escutar estas e outras vozes e de lhes conceder o espa\u00e7o que sempre mereceram\u00bb, conclui.<\/p>\n\n\n\n<p>Adriana Ferreira \u2013 sublinhe-se \u2013 \u00e9 uma das mais destacadas da sua gera\u00e7\u00e3o a n\u00edvel internacional, o que lhe valeu as mais altas distin\u00e7\u00f5es nalguns dos mais importantes concursos internacionais de flauta transversal, bem como o lugar de solista na Orquestra Nacional de Fran\u00e7a e na Orquestra Filarm\u00f3nica de Roterd\u00e3o.<\/p>\n\n\n\n<p>Em 2009, aos dezoito anos de idade, obteve o primeiro pr\u00e9mio no Concurso de Interpreta\u00e7\u00e3o do Estoril \u2013 Pr\u00e9mio \u201cEl Corte Ingl\u00eas\u201d, tendo ganho no ano seguinte o Primeiro Pr\u00e9mio, o Pr\u00e9mio da Orquestra e o Pr\u00e9mio do J\u00fari de Jovens Flautistas no Concurso Internacional Carl Nielsen, na Dinamarca.<\/p>\n\n\n\n<p>Em 2013, foi laureada no Jap\u00e3o com o terceiro Pr\u00e9mio no Concurso Internacional de Kobe; antes de obter em 2014 o primeiro Pr\u00e9mio e o Pr\u00e9mio Darmstadt, pela melhor interpreta\u00e7\u00e3o da Sequenza de Luciano Berio, no Concurso Internacional Severino Gazzelloni em It\u00e1lia. No mesmo ano, obteve o segundo pr\u00e9mio \u201cex-\u00e6quo\u201d \u2013 1\u00ba n\u00e3o atribu\u00eddo \u2013 e o pr\u00e9mio especial \u201cCoup de C\u0153ur\u201d, atribu\u00eddo pelos \u201cRel\u00f3gios Breguet\u201d, no Concurso Internacional de Gen\u00e8ve, na Su\u00ed\u00e7a.<\/p>\n\n\n\n<p>Natural de Cabeceiras de Basto, Adriana Ferreira come\u00e7ou a estudar flauta transversal na Banda Cabeceirense. Em 2008, obteve um Pr\u00e9mio de M\u00e9rito do Minist\u00e9rio da Educa\u00e7\u00e3o e o Pr\u00e9mio Manuela Carvalho pelos seus estudos na Escola Profissional Art\u00edstica do Vale do Ave \u2013 Artave (2002-2008), na classe de flauta de Joaquina Mota.<\/p>\n\n\n\n<p>Como bolseira da Funda\u00e7\u00e3o Calouste Gulbenkian, integrou a classe de Sophie Cherrier, Vincent Lucas e Pierre Dumail no Conservat\u00f3rio Nacional Superior de M\u00fasica e Dan\u00e7a de Paris (2008-2015), onde completou o mestrado e o terceiro ciclo superior, sob a orienta\u00e7\u00e3o de Hae-Sun Kang. Estudou ainda com Beno\u00eet Fromanger, na Hochschule Hanns Eisler de Berlim, e \u00e9 licenciada em Musicologia pela Universidade Paris-Sorbonne (Paris IV).<\/p>\n","protected":false},"excerpt":{"rendered":"<p>A flautista cabeceirense Adriana Ferreira regressou agora \u00e0 publica\u00e7\u00e3o, no caso, de um segundo trabalho do projeto \u201cPrix sans Prix\u201d, o que acontece ap\u00f3s um relevante sucesso do primeiro volume. \u201cPrix sans Prix\u201d \u00e9 um projeto discogr\u00e1fico dedicado a mulheres compositoras dos s\u00e9culos XIX a XXI, tendo este segundo disco sido gravado no Museu Nacional [&hellip;]<\/p>\n","protected":false},"author":7,"featured_media":5717,"comment_status":"open","ping_status":"open","sticky":false,"template":"","format":"standard","meta":{"footnotes":""},"categories":[12,7,9],"tags":[1425,29,1428,1426,235,1427],"class_list":{"0":"post-5716","1":"post","2":"type-post","3":"status-publish","4":"format-standard","5":"has-post-thumbnail","7":"category-cabeceiras-de-basto","8":"category-cultura","9":"category-terras-de-basto","10":"tag-adriana-ferreira","11":"tag-cabeceiras-de-basto","12":"tag-flauta","13":"tag-flautista","14":"tag-musica","15":"tag-prix-sans-prix"},"yoast_head":"<!-- This site is optimized with the Yoast SEO plugin v25.7 - https:\/\/yoast.com\/wordpress\/plugins\/seo\/ -->\n<title>Flautista cabeceirense lan\u00e7a novo \u00e1lbum - Jornal Terras de Basto<\/title>\n<meta name=\"description\" content=\"A flautista cabeceirense Adriana Ferreira regressou agora \u00e0 publica\u00e7\u00e3o, no caso, de um segundo trabalho do projeto \u201cPrix sans Prix\u201d, o que acontece ap\u00f3s um relevante sucesso do primeiro volume. \u201cPrix sans Prix\u201d \u00e9 um projeto discogr\u00e1fico dedicado a mulheres compositoras dos s\u00e9culos XIX a XXI, tendo este segundo disco sido gravado no Museu Nacional Soares dos Reis, em Lisboa, e agora apresentado publicamente no Museu Nacional da M\u00fasica, em Mafra.\" \/>\n<meta name=\"robots\" content=\"index, follow, max-snippet:-1, max-image-preview:large, max-video-preview:-1\" \/>\n<link rel=\"canonical\" href=\"https:\/\/terrasdebasto.pt\/?p=5716\" \/>\n<meta property=\"og:locale\" content=\"pt_PT\" \/>\n<meta property=\"og:type\" content=\"article\" \/>\n<meta property=\"og:title\" content=\"Flautista cabeceirense lan\u00e7a novo \u00e1lbum - Jornal Terras de Basto\" \/>\n<meta property=\"og:description\" content=\"A flautista cabeceirense Adriana Ferreira regressou agora \u00e0 publica\u00e7\u00e3o, no caso, de um segundo trabalho do projeto \u201cPrix sans Prix\u201d, o que acontece ap\u00f3s um relevante sucesso do primeiro volume. \u201cPrix sans Prix\u201d \u00e9 um projeto discogr\u00e1fico dedicado a mulheres compositoras dos s\u00e9culos XIX a XXI, tendo este segundo disco sido gravado no Museu Nacional Soares dos Reis, em Lisboa, e agora apresentado publicamente no Museu Nacional da M\u00fasica, em Mafra.\" \/>\n<meta property=\"og:url\" content=\"https:\/\/terrasdebasto.pt\/?p=5716\" \/>\n<meta property=\"og:site_name\" content=\"Jornal Terras de Basto\" \/>\n<meta property=\"article:published_time\" content=\"2026-03-02T02:24:05+00:00\" \/>\n<meta property=\"article:modified_time\" content=\"2026-03-02T02:24:06+00:00\" \/>\n<meta property=\"og:image\" content=\"https:\/\/terrasdebasto.pt\/wp-content\/uploads\/2026\/03\/ADRIANA-FERREIRA.jpg\" \/>\n\t<meta property=\"og:image:width\" content=\"940\" \/>\n\t<meta property=\"og:image:height\" content=\"731\" \/>\n\t<meta property=\"og:image:type\" content=\"image\/jpeg\" \/>\n<meta name=\"author\" content=\"Jo\u00e3o Paulo Mesquita\" \/>\n<meta name=\"twitter:card\" content=\"summary_large_image\" \/>\n<meta name=\"twitter:label1\" content=\"Escrito por\" \/>\n\t<meta name=\"twitter:data1\" content=\"Jo\u00e3o Paulo Mesquita\" \/>\n\t<meta name=\"twitter:label2\" content=\"Tempo estimado de leitura\" \/>\n\t<meta name=\"twitter:data2\" content=\"5 minutos\" \/>\n<script type=\"application\/ld+json\" class=\"yoast-schema-graph\">{\"@context\":\"https:\/\/schema.org\",\"@graph\":[{\"@type\":\"Article\",\"@id\":\"https:\/\/terrasdebasto.pt\/?p=5716#article\",\"isPartOf\":{\"@id\":\"https:\/\/terrasdebasto.pt\/?p=5716\"},\"author\":{\"name\":\"Jo\u00e3o Paulo Mesquita\",\"@id\":\"https:\/\/terrasdebasto.pt\/#\/schema\/person\/9f6739f5394ac65c802641773b278b84\"},\"headline\":\"Flautista cabeceirense lan\u00e7a novo \u00e1lbum\",\"datePublished\":\"2026-03-02T02:24:05+00:00\",\"dateModified\":\"2026-03-02T02:24:06+00:00\",\"mainEntityOfPage\":{\"@id\":\"https:\/\/terrasdebasto.pt\/?p=5716\"},\"wordCount\":911,\"commentCount\":0,\"publisher\":{\"@id\":\"https:\/\/terrasdebasto.pt\/#organization\"},\"image\":{\"@id\":\"https:\/\/terrasdebasto.pt\/?p=5716#primaryimage\"},\"thumbnailUrl\":\"https:\/\/terrasdebasto.pt\/wp-content\/uploads\/2026\/03\/ADRIANA-FERREIRA.jpg\",\"keywords\":[\"Adriana Ferreira\",\"Cabeceiras de Basto\",\"Flauta\",\"Flautista\",\"M\u00fasica\",\"Prix sans Prix\"],\"articleSection\":[\"Cabeceiras de Basto\",\"Cultura\",\"Terras de Basto\"],\"inLanguage\":\"pt-PT\",\"potentialAction\":[{\"@type\":\"CommentAction\",\"name\":\"Comment\",\"target\":[\"https:\/\/terrasdebasto.pt\/?p=5716#respond\"]}]},{\"@type\":\"WebPage\",\"@id\":\"https:\/\/terrasdebasto.pt\/?p=5716\",\"url\":\"https:\/\/terrasdebasto.pt\/?p=5716\",\"name\":\"Flautista cabeceirense lan\u00e7a novo \u00e1lbum - Jornal Terras de Basto\",\"isPartOf\":{\"@id\":\"https:\/\/terrasdebasto.pt\/#website\"},\"primaryImageOfPage\":{\"@id\":\"https:\/\/terrasdebasto.pt\/?p=5716#primaryimage\"},\"image\":{\"@id\":\"https:\/\/terrasdebasto.pt\/?p=5716#primaryimage\"},\"thumbnailUrl\":\"https:\/\/terrasdebasto.pt\/wp-content\/uploads\/2026\/03\/ADRIANA-FERREIRA.jpg\",\"datePublished\":\"2026-03-02T02:24:05+00:00\",\"dateModified\":\"2026-03-02T02:24:06+00:00\",\"description\":\"A flautista cabeceirense Adriana Ferreira regressou agora \u00e0 publica\u00e7\u00e3o, no caso, de um segundo trabalho do projeto \u201cPrix sans Prix\u201d, o que acontece ap\u00f3s um relevante sucesso do primeiro volume. \u201cPrix sans Prix\u201d \u00e9 um projeto discogr\u00e1fico dedicado a mulheres compositoras dos s\u00e9culos XIX a XXI, tendo este segundo disco sido gravado no Museu Nacional Soares dos Reis, em Lisboa, e agora apresentado publicamente no Museu Nacional da M\u00fasica, em Mafra.\",\"breadcrumb\":{\"@id\":\"https:\/\/terrasdebasto.pt\/?p=5716#breadcrumb\"},\"inLanguage\":\"pt-PT\",\"potentialAction\":[{\"@type\":\"ReadAction\",\"target\":[\"https:\/\/terrasdebasto.pt\/?p=5716\"]}]},{\"@type\":\"ImageObject\",\"inLanguage\":\"pt-PT\",\"@id\":\"https:\/\/terrasdebasto.pt\/?p=5716#primaryimage\",\"url\":\"https:\/\/terrasdebasto.pt\/wp-content\/uploads\/2026\/03\/ADRIANA-FERREIRA.jpg\",\"contentUrl\":\"https:\/\/terrasdebasto.pt\/wp-content\/uploads\/2026\/03\/ADRIANA-FERREIRA.jpg\",\"width\":940,\"height\":731},{\"@type\":\"BreadcrumbList\",\"@id\":\"https:\/\/terrasdebasto.pt\/?p=5716#breadcrumb\",\"itemListElement\":[{\"@type\":\"ListItem\",\"position\":1,\"name\":\"In\u00edcio\",\"item\":\"https:\/\/terrasdebasto.pt\/\"},{\"@type\":\"ListItem\",\"position\":2,\"name\":\"Flautista cabeceirense lan\u00e7a novo \u00e1lbum\"}]},{\"@type\":\"WebSite\",\"@id\":\"https:\/\/terrasdebasto.pt\/#website\",\"url\":\"https:\/\/terrasdebasto.pt\/\",\"name\":\"Jornal Terras de Basto\",\"description\":\"\",\"publisher\":{\"@id\":\"https:\/\/terrasdebasto.pt\/#organization\"},\"potentialAction\":[{\"@type\":\"SearchAction\",\"target\":{\"@type\":\"EntryPoint\",\"urlTemplate\":\"https:\/\/terrasdebasto.pt\/?s={search_term_string}\"},\"query-input\":{\"@type\":\"PropertyValueSpecification\",\"valueRequired\":true,\"valueName\":\"search_term_string\"}}],\"inLanguage\":\"pt-PT\"},{\"@type\":\"Organization\",\"@id\":\"https:\/\/terrasdebasto.pt\/#organization\",\"name\":\"Jornal Terras de Basto\",\"url\":\"https:\/\/terrasdebasto.pt\/\",\"logo\":{\"@type\":\"ImageObject\",\"inLanguage\":\"pt-PT\",\"@id\":\"https:\/\/terrasdebasto.pt\/#\/schema\/logo\/image\/\",\"url\":\"https:\/\/terrasdebasto.pt\/wp-content\/uploads\/2024\/06\/LogoNormal.png\",\"contentUrl\":\"https:\/\/terrasdebasto.pt\/wp-content\/uploads\/2024\/06\/LogoNormal.png\",\"width\":5638,\"height\":809,\"caption\":\"Jornal Terras de Basto\"},\"image\":{\"@id\":\"https:\/\/terrasdebasto.pt\/#\/schema\/logo\/image\/\"}},{\"@type\":\"Person\",\"@id\":\"https:\/\/terrasdebasto.pt\/#\/schema\/person\/9f6739f5394ac65c802641773b278b84\",\"name\":\"Jo\u00e3o Paulo Mesquita\",\"image\":{\"@type\":\"ImageObject\",\"inLanguage\":\"pt-PT\",\"@id\":\"https:\/\/terrasdebasto.pt\/#\/schema\/person\/image\/\",\"url\":\"https:\/\/secure.gravatar.com\/avatar\/9bd0f299e6d96336664aab64354168246a3ee3287c47891c50d450e47ed9d7f9?s=96&d=mm&r=g\",\"contentUrl\":\"https:\/\/secure.gravatar.com\/avatar\/9bd0f299e6d96336664aab64354168246a3ee3287c47891c50d450e47ed9d7f9?s=96&d=mm&r=g\",\"caption\":\"Jo\u00e3o Paulo Mesquita\"},\"url\":\"https:\/\/terrasdebasto.pt\/?author=7\"}]}<\/script>\n<!-- \/ Yoast SEO plugin. -->","yoast_head_json":{"title":"Flautista cabeceirense lan\u00e7a novo \u00e1lbum - Jornal Terras de Basto","description":"A flautista cabeceirense Adriana Ferreira regressou agora \u00e0 publica\u00e7\u00e3o, no caso, de um segundo trabalho do projeto \u201cPrix sans Prix\u201d, o que acontece ap\u00f3s um relevante sucesso do primeiro volume. \u201cPrix sans Prix\u201d \u00e9 um projeto discogr\u00e1fico dedicado a mulheres compositoras dos s\u00e9culos XIX a XXI, tendo este segundo disco sido gravado no Museu Nacional Soares dos Reis, em Lisboa, e agora apresentado publicamente no Museu Nacional da M\u00fasica, em Mafra.","robots":{"index":"index","follow":"follow","max-snippet":"max-snippet:-1","max-image-preview":"max-image-preview:large","max-video-preview":"max-video-preview:-1"},"canonical":"https:\/\/terrasdebasto.pt\/?p=5716","og_locale":"pt_PT","og_type":"article","og_title":"Flautista cabeceirense lan\u00e7a novo \u00e1lbum - Jornal Terras de Basto","og_description":"A flautista cabeceirense Adriana Ferreira regressou agora \u00e0 publica\u00e7\u00e3o, no caso, de um segundo trabalho do projeto \u201cPrix sans Prix\u201d, o que acontece ap\u00f3s um relevante sucesso do primeiro volume. \u201cPrix sans Prix\u201d \u00e9 um projeto discogr\u00e1fico dedicado a mulheres compositoras dos s\u00e9culos XIX a XXI, tendo este segundo disco sido gravado no Museu Nacional Soares dos Reis, em Lisboa, e agora apresentado publicamente no Museu Nacional da M\u00fasica, em Mafra.","og_url":"https:\/\/terrasdebasto.pt\/?p=5716","og_site_name":"Jornal Terras de Basto","article_published_time":"2026-03-02T02:24:05+00:00","article_modified_time":"2026-03-02T02:24:06+00:00","og_image":[{"width":940,"height":731,"url":"https:\/\/terrasdebasto.pt\/wp-content\/uploads\/2026\/03\/ADRIANA-FERREIRA.jpg","type":"image\/jpeg"}],"author":"Jo\u00e3o Paulo Mesquita","twitter_card":"summary_large_image","twitter_misc":{"Escrito por":"Jo\u00e3o Paulo Mesquita","Tempo estimado de leitura":"5 minutos"},"schema":{"@context":"https:\/\/schema.org","@graph":[{"@type":"Article","@id":"https:\/\/terrasdebasto.pt\/?p=5716#article","isPartOf":{"@id":"https:\/\/terrasdebasto.pt\/?p=5716"},"author":{"name":"Jo\u00e3o Paulo Mesquita","@id":"https:\/\/terrasdebasto.pt\/#\/schema\/person\/9f6739f5394ac65c802641773b278b84"},"headline":"Flautista cabeceirense lan\u00e7a novo \u00e1lbum","datePublished":"2026-03-02T02:24:05+00:00","dateModified":"2026-03-02T02:24:06+00:00","mainEntityOfPage":{"@id":"https:\/\/terrasdebasto.pt\/?p=5716"},"wordCount":911,"commentCount":0,"publisher":{"@id":"https:\/\/terrasdebasto.pt\/#organization"},"image":{"@id":"https:\/\/terrasdebasto.pt\/?p=5716#primaryimage"},"thumbnailUrl":"https:\/\/terrasdebasto.pt\/wp-content\/uploads\/2026\/03\/ADRIANA-FERREIRA.jpg","keywords":["Adriana Ferreira","Cabeceiras de Basto","Flauta","Flautista","M\u00fasica","Prix sans Prix"],"articleSection":["Cabeceiras de Basto","Cultura","Terras de Basto"],"inLanguage":"pt-PT","potentialAction":[{"@type":"CommentAction","name":"Comment","target":["https:\/\/terrasdebasto.pt\/?p=5716#respond"]}]},{"@type":"WebPage","@id":"https:\/\/terrasdebasto.pt\/?p=5716","url":"https:\/\/terrasdebasto.pt\/?p=5716","name":"Flautista cabeceirense lan\u00e7a novo \u00e1lbum - Jornal Terras de Basto","isPartOf":{"@id":"https:\/\/terrasdebasto.pt\/#website"},"primaryImageOfPage":{"@id":"https:\/\/terrasdebasto.pt\/?p=5716#primaryimage"},"image":{"@id":"https:\/\/terrasdebasto.pt\/?p=5716#primaryimage"},"thumbnailUrl":"https:\/\/terrasdebasto.pt\/wp-content\/uploads\/2026\/03\/ADRIANA-FERREIRA.jpg","datePublished":"2026-03-02T02:24:05+00:00","dateModified":"2026-03-02T02:24:06+00:00","description":"A flautista cabeceirense Adriana Ferreira regressou agora \u00e0 publica\u00e7\u00e3o, no caso, de um segundo trabalho do projeto \u201cPrix sans Prix\u201d, o que acontece ap\u00f3s um relevante sucesso do primeiro volume. \u201cPrix sans Prix\u201d \u00e9 um projeto discogr\u00e1fico dedicado a mulheres compositoras dos s\u00e9culos XIX a XXI, tendo este segundo disco sido gravado no Museu Nacional Soares dos Reis, em Lisboa, e agora apresentado publicamente no Museu Nacional da M\u00fasica, em Mafra.","breadcrumb":{"@id":"https:\/\/terrasdebasto.pt\/?p=5716#breadcrumb"},"inLanguage":"pt-PT","potentialAction":[{"@type":"ReadAction","target":["https:\/\/terrasdebasto.pt\/?p=5716"]}]},{"@type":"ImageObject","inLanguage":"pt-PT","@id":"https:\/\/terrasdebasto.pt\/?p=5716#primaryimage","url":"https:\/\/terrasdebasto.pt\/wp-content\/uploads\/2026\/03\/ADRIANA-FERREIRA.jpg","contentUrl":"https:\/\/terrasdebasto.pt\/wp-content\/uploads\/2026\/03\/ADRIANA-FERREIRA.jpg","width":940,"height":731},{"@type":"BreadcrumbList","@id":"https:\/\/terrasdebasto.pt\/?p=5716#breadcrumb","itemListElement":[{"@type":"ListItem","position":1,"name":"In\u00edcio","item":"https:\/\/terrasdebasto.pt\/"},{"@type":"ListItem","position":2,"name":"Flautista cabeceirense lan\u00e7a novo \u00e1lbum"}]},{"@type":"WebSite","@id":"https:\/\/terrasdebasto.pt\/#website","url":"https:\/\/terrasdebasto.pt\/","name":"Jornal Terras de Basto","description":"","publisher":{"@id":"https:\/\/terrasdebasto.pt\/#organization"},"potentialAction":[{"@type":"SearchAction","target":{"@type":"EntryPoint","urlTemplate":"https:\/\/terrasdebasto.pt\/?s={search_term_string}"},"query-input":{"@type":"PropertyValueSpecification","valueRequired":true,"valueName":"search_term_string"}}],"inLanguage":"pt-PT"},{"@type":"Organization","@id":"https:\/\/terrasdebasto.pt\/#organization","name":"Jornal Terras de Basto","url":"https:\/\/terrasdebasto.pt\/","logo":{"@type":"ImageObject","inLanguage":"pt-PT","@id":"https:\/\/terrasdebasto.pt\/#\/schema\/logo\/image\/","url":"https:\/\/terrasdebasto.pt\/wp-content\/uploads\/2024\/06\/LogoNormal.png","contentUrl":"https:\/\/terrasdebasto.pt\/wp-content\/uploads\/2024\/06\/LogoNormal.png","width":5638,"height":809,"caption":"Jornal Terras de Basto"},"image":{"@id":"https:\/\/terrasdebasto.pt\/#\/schema\/logo\/image\/"}},{"@type":"Person","@id":"https:\/\/terrasdebasto.pt\/#\/schema\/person\/9f6739f5394ac65c802641773b278b84","name":"Jo\u00e3o Paulo Mesquita","image":{"@type":"ImageObject","inLanguage":"pt-PT","@id":"https:\/\/terrasdebasto.pt\/#\/schema\/person\/image\/","url":"https:\/\/secure.gravatar.com\/avatar\/9bd0f299e6d96336664aab64354168246a3ee3287c47891c50d450e47ed9d7f9?s=96&d=mm&r=g","contentUrl":"https:\/\/secure.gravatar.com\/avatar\/9bd0f299e6d96336664aab64354168246a3ee3287c47891c50d450e47ed9d7f9?s=96&d=mm&r=g","caption":"Jo\u00e3o Paulo Mesquita"},"url":"https:\/\/terrasdebasto.pt\/?author=7"}]}},"_links":{"self":[{"href":"https:\/\/terrasdebasto.pt\/index.php?rest_route=\/wp\/v2\/posts\/5716","targetHints":{"allow":["GET"]}}],"collection":[{"href":"https:\/\/terrasdebasto.pt\/index.php?rest_route=\/wp\/v2\/posts"}],"about":[{"href":"https:\/\/terrasdebasto.pt\/index.php?rest_route=\/wp\/v2\/types\/post"}],"author":[{"embeddable":true,"href":"https:\/\/terrasdebasto.pt\/index.php?rest_route=\/wp\/v2\/users\/7"}],"replies":[{"embeddable":true,"href":"https:\/\/terrasdebasto.pt\/index.php?rest_route=%2Fwp%2Fv2%2Fcomments&post=5716"}],"version-history":[{"count":1,"href":"https:\/\/terrasdebasto.pt\/index.php?rest_route=\/wp\/v2\/posts\/5716\/revisions"}],"predecessor-version":[{"id":5718,"href":"https:\/\/terrasdebasto.pt\/index.php?rest_route=\/wp\/v2\/posts\/5716\/revisions\/5718"}],"wp:featuredmedia":[{"embeddable":true,"href":"https:\/\/terrasdebasto.pt\/index.php?rest_route=\/wp\/v2\/media\/5717"}],"wp:attachment":[{"href":"https:\/\/terrasdebasto.pt\/index.php?rest_route=%2Fwp%2Fv2%2Fmedia&parent=5716"}],"wp:term":[{"taxonomy":"category","embeddable":true,"href":"https:\/\/terrasdebasto.pt\/index.php?rest_route=%2Fwp%2Fv2%2Fcategories&post=5716"},{"taxonomy":"post_tag","embeddable":true,"href":"https:\/\/terrasdebasto.pt\/index.php?rest_route=%2Fwp%2Fv2%2Ftags&post=5716"}],"curies":[{"name":"wp","href":"https:\/\/api.w.org\/{rel}","templated":true}]}}