{"id":5712,"date":"2026-03-02T01:17:35","date_gmt":"2026-03-02T01:17:35","guid":{"rendered":"https:\/\/terrasdebasto.pt\/?p=5712"},"modified":"2026-03-02T01:17:35","modified_gmt":"2026-03-02T01:17:35","slug":"cabeceiras-socialistas-viabilizaram-reorganizacao-da-feira","status":"publish","type":"post","link":"https:\/\/terrasdebasto.pt\/?p=5712","title":{"rendered":"Cabeceiras: socialistas viabilizaram reorganiza\u00e7\u00e3o da feira"},"content":{"rendered":"\n<p><strong>Embora a proposta de reorganiza\u00e7\u00e3o da feira semanal de Cabeceiras de Basto levada sexta-feira (27) \u00e0 vota\u00e7\u00e3o do executivo lhes tenha suscitado \u00abalgumas reservas\u00bb que consideram \u00absignificativas\u00bb e embora tenham manifestado \u00abpreocupa\u00e7\u00e3o relativamente \u00e0 garantia plena das condi\u00e7\u00f5es de presta\u00e7\u00e3o de socorro\u00bb por parte dos bombeiros \u2013 por for\u00e7a de lhe ocupar o parque fronteiro ao quartel \u2013, os vereadores socialistas limitaram-se a abster-se no momento da sua aprova\u00e7\u00e3o.<\/strong><\/p>\n\n\n\n<p>\u00abA concentra\u00e7\u00e3o de pessoas e de viaturas, fruto da aflu\u00eancia \u00e0 feira semanal, suscita-nos d\u00favidas sobre a operacionalidade, a garantia da desobstru\u00e7\u00e3o dos acessos em situa\u00e7\u00f5es de emerg\u00eancia e do respetivo tempo de resposta\u00bb, dizem agora, depois de terem viabilizado a proposta com a sua absten\u00e7\u00e3o.<\/p>\n\n\n\n<p>Em nota no \u201cFacebook\u201d, o PS\/Cabeceiras de Basto come\u00e7a por se referir \u00e0 proposta de concentra\u00e7\u00e3o da feira no Campo do Seco, anunciada nas redes sociais do munic\u00edpio a 16 de fevereiro e apresentada publicamente a 23, sendo enviada \u00e0 verea\u00e7\u00e3o no dia seguinte e submetida a vota\u00e7\u00e3o a 27, \u00abpassados apenas quatro dias\u00bb.<\/p>\n\n\n\n<p>\u00abEntre a ausculta\u00e7\u00e3o dos cabeceirenses na sess\u00e3o p\u00fablica realizada na Casa do Tempo e a formaliza\u00e7\u00e3o da proposta pelo senhor presidente da c\u00e2mara decorreram menos de 24 horas; ora, os prazos decorridos e a celeridade entre as fases do processo suscitam que a c\u00e2mara municipal j\u00e1 tinha tudo decidido e, desta forma, n\u00e3o est\u00e1 s\u00f3 a \u201cfazer diferente\u201d, est\u00e1 a fazer de conta\u00bb, escreve o PS.<\/p>\n\n\n\n<p>Reconhecendo \u00aba import\u00e2ncia hist\u00f3rica, social e econ\u00f3mica\u00bb da feira semanal e concordando que \u00abqualquer processo de reorganiza\u00e7\u00e3o deve procurar melhorar as condi\u00e7\u00f5es existentes\u00bb, os socialistas sublinham que a proposta em causa lhes suscita \u00abalgumas reservas\u00bb, que consideram \u00absignificativas\u00bb.<\/p>\n\n\n\n<p>\u00abManifestamos preocupa\u00e7\u00e3o relativamente \u00e0 garantia plena das condi\u00e7\u00f5es de presta\u00e7\u00e3o de socorro por parte da Associa\u00e7\u00e3o Humanit\u00e1ria dos Bombeiros Volunt\u00e1rios Cabeceirenses, cujo quartel se encontra inserido na zona adjacente ao recinto da feira semanal, al\u00e9m de o seu parque exterior ser ocupado pela pr\u00f3pria feira\u00bb, insistem.<\/p>\n\n\n\n<p>Para Francisco Alves e Fernando Basto, \u00e9 \u00abimprescind\u00edvel\u00bb que estas quest\u00f5es \u00absejam devidamente ponderadas, avaliadas e acauteladas\u00bb. \u00abEntendemos que este processo exigiria uma discuss\u00e3o mais participada, com mais tempo de pondera\u00e7\u00e3o e de reflex\u00e3o\u00bb, concluem, abstendo-se. [JPM].<\/p>\n\n\n\n<figure class=\"wp-block-gallery has-nested-images columns-default is-cropped wp-block-gallery-1 is-layout-flex wp-block-gallery-is-layout-flex\">\n<figure class=\"wp-block-image size-large\"><img loading=\"lazy\" decoding=\"async\" width=\"1024\" height=\"599\" data-id=\"5714\" src=\"https:\/\/terrasdebasto.pt\/wp-content\/uploads\/2026\/03\/BOMBEIROS-CABECEIRENSES-PARQUE-EXTERIOR-1-1-1024x599.jpg\" alt=\"\" class=\"wp-image-5714\" srcset=\"https:\/\/terrasdebasto.pt\/wp-content\/uploads\/2026\/03\/BOMBEIROS-CABECEIRENSES-PARQUE-EXTERIOR-1-1-1024x599.jpg 1024w, https:\/\/terrasdebasto.pt\/wp-content\/uploads\/2026\/03\/BOMBEIROS-CABECEIRENSES-PARQUE-EXTERIOR-1-1-300x175.jpg 300w, https:\/\/terrasdebasto.pt\/wp-content\/uploads\/2026\/03\/BOMBEIROS-CABECEIRENSES-PARQUE-EXTERIOR-1-1-768x449.jpg 768w, https:\/\/terrasdebasto.pt\/wp-content\/uploads\/2026\/03\/BOMBEIROS-CABECEIRENSES-PARQUE-EXTERIOR-1-1-1536x898.jpg 1536w, https:\/\/terrasdebasto.pt\/wp-content\/uploads\/2026\/03\/BOMBEIROS-CABECEIRENSES-PARQUE-EXTERIOR-1-1-2048x1197.jpg 2048w, https:\/\/terrasdebasto.pt\/wp-content\/uploads\/2026\/03\/BOMBEIROS-CABECEIRENSES-PARQUE-EXTERIOR-1-1-150x88.jpg 150w, https:\/\/terrasdebasto.pt\/wp-content\/uploads\/2026\/03\/BOMBEIROS-CABECEIRENSES-PARQUE-EXTERIOR-1-1-696x407.jpg 696w, https:\/\/terrasdebasto.pt\/wp-content\/uploads\/2026\/03\/BOMBEIROS-CABECEIRENSES-PARQUE-EXTERIOR-1-1-1068x624.jpg 1068w, https:\/\/terrasdebasto.pt\/wp-content\/uploads\/2026\/03\/BOMBEIROS-CABECEIRENSES-PARQUE-EXTERIOR-1-1-1920x1123.jpg 1920w\" sizes=\"auto, (max-width: 1024px) 100vw, 1024px\" \/><\/figure>\n<\/figure>\n","protected":false},"excerpt":{"rendered":"<p>Embora a proposta de reorganiza\u00e7\u00e3o da feira semanal de Cabeceiras de Basto levada sexta-feira (27) \u00e0 vota\u00e7\u00e3o do executivo lhes tenha suscitado \u00abalgumas reservas\u00bb que consideram \u00absignificativas\u00bb e embora tenham manifestado \u00abpreocupa\u00e7\u00e3o relativamente \u00e0 garantia plena das condi\u00e7\u00f5es de presta\u00e7\u00e3o de socorro\u00bb por parte dos bombeiros \u2013 por for\u00e7a de lhe ocupar o parque fronteiro [&hellip;]<\/p>\n","protected":false},"author":7,"featured_media":5713,"comment_status":"open","ping_status":"open","sticky":false,"template":"","format":"standard","meta":{"footnotes":""},"categories":[12,9],"tags":[98,1424,255,251],"class_list":{"0":"post-5712","1":"post","2":"type-post","3":"status-publish","4":"format-standard","5":"has-post-thumbnail","7":"category-cabeceiras-de-basto","8":"category-terras-de-basto","9":"tag-bombeiros-cabeceirenses","10":"tag-feira-semana-de-cabeceiras-de-basto","11":"tag-partido-socialista","12":"tag-ps-cabeceiras-de-basto"},"yoast_head":"<!-- This site is optimized with the Yoast SEO plugin v25.7 - https:\/\/yoast.com\/wordpress\/plugins\/seo\/ -->\n<title>Cabeceiras: socialistas viabilizaram reorganiza\u00e7\u00e3o da feira - Jornal Terras de Basto<\/title>\n<meta name=\"description\" content=\"Embora a proposta de reorganiza\u00e7\u00e3o da feira semanal de Cabeceiras de Basto levada sexta-feira (27) \u00e0 vota\u00e7\u00e3o do executivo lhes tenha suscitado \u00abalgumas reservas\u00bb que consideram \u00absignificativas\u00bb e embora tenham manifestado \u00abpreocupa\u00e7\u00e3o relativamente \u00e0 garantia plena das condi\u00e7\u00f5es de presta\u00e7\u00e3o de socorro\u00bb por parte dos bombeiros \u2013 por for\u00e7a de lhe ocupar o parque fronteiro ao quartel \u2013, os vereadores socialistas limitaram-se a abster-se no momento da sua aprova\u00e7\u00e3o.\" \/>\n<meta name=\"robots\" content=\"index, follow, max-snippet:-1, max-image-preview:large, max-video-preview:-1\" \/>\n<link rel=\"canonical\" href=\"https:\/\/terrasdebasto.pt\/?p=5712\" \/>\n<meta property=\"og:locale\" content=\"pt_PT\" \/>\n<meta property=\"og:type\" content=\"article\" \/>\n<meta property=\"og:title\" content=\"Cabeceiras: socialistas viabilizaram reorganiza\u00e7\u00e3o da feira - Jornal Terras de Basto\" \/>\n<meta property=\"og:description\" content=\"Embora a proposta de reorganiza\u00e7\u00e3o da feira semanal de Cabeceiras de Basto levada sexta-feira (27) \u00e0 vota\u00e7\u00e3o do executivo lhes tenha suscitado \u00abalgumas reservas\u00bb que consideram \u00absignificativas\u00bb e embora tenham manifestado \u00abpreocupa\u00e7\u00e3o relativamente \u00e0 garantia plena das condi\u00e7\u00f5es de presta\u00e7\u00e3o de socorro\u00bb por parte dos bombeiros \u2013 por for\u00e7a de lhe ocupar o parque fronteiro ao quartel \u2013, os vereadores socialistas limitaram-se a abster-se no momento da sua aprova\u00e7\u00e3o.\" \/>\n<meta property=\"og:url\" content=\"https:\/\/terrasdebasto.pt\/?p=5712\" \/>\n<meta property=\"og:site_name\" content=\"Jornal Terras de Basto\" \/>\n<meta property=\"article:published_time\" content=\"2026-03-02T01:17:35+00:00\" \/>\n<meta property=\"og:image\" content=\"https:\/\/terrasdebasto.pt\/wp-content\/uploads\/2026\/03\/CM-PS.jpg\" \/>\n\t<meta property=\"og:image:width\" content=\"1679\" \/>\n\t<meta property=\"og:image:height\" content=\"1277\" \/>\n\t<meta property=\"og:image:type\" content=\"image\/jpeg\" \/>\n<meta name=\"author\" content=\"Jo\u00e3o Paulo Mesquita\" \/>\n<meta name=\"twitter:card\" content=\"summary_large_image\" \/>\n<meta name=\"twitter:label1\" content=\"Escrito por\" \/>\n\t<meta name=\"twitter:data1\" content=\"Jo\u00e3o Paulo Mesquita\" \/>\n\t<meta name=\"twitter:label2\" content=\"Tempo estimado de leitura\" \/>\n\t<meta name=\"twitter:data2\" content=\"3 minutos\" \/>\n<script type=\"application\/ld+json\" class=\"yoast-schema-graph\">{\"@context\":\"https:\/\/schema.org\",\"@graph\":[{\"@type\":\"Article\",\"@id\":\"https:\/\/terrasdebasto.pt\/?p=5712#article\",\"isPartOf\":{\"@id\":\"https:\/\/terrasdebasto.pt\/?p=5712\"},\"author\":{\"name\":\"Jo\u00e3o Paulo Mesquita\",\"@id\":\"https:\/\/terrasdebasto.pt\/#\/schema\/person\/9f6739f5394ac65c802641773b278b84\"},\"headline\":\"Cabeceiras: socialistas viabilizaram reorganiza\u00e7\u00e3o da feira\",\"datePublished\":\"2026-03-02T01:17:35+00:00\",\"mainEntityOfPage\":{\"@id\":\"https:\/\/terrasdebasto.pt\/?p=5712\"},\"wordCount\":394,\"commentCount\":0,\"publisher\":{\"@id\":\"https:\/\/terrasdebasto.pt\/#organization\"},\"image\":{\"@id\":\"https:\/\/terrasdebasto.pt\/?p=5712#primaryimage\"},\"thumbnailUrl\":\"https:\/\/terrasdebasto.pt\/wp-content\/uploads\/2026\/03\/CM-PS.jpg\",\"keywords\":[\"Bombeiros Cabeceirenses\",\"Feira Semana de Cabeceiras de Basto\",\"Partido Socialista\",\"PS\/Cabeceiras de Basto\"],\"articleSection\":[\"Cabeceiras de Basto\",\"Terras de Basto\"],\"inLanguage\":\"pt-PT\",\"potentialAction\":[{\"@type\":\"CommentAction\",\"name\":\"Comment\",\"target\":[\"https:\/\/terrasdebasto.pt\/?p=5712#respond\"]}]},{\"@type\":\"WebPage\",\"@id\":\"https:\/\/terrasdebasto.pt\/?p=5712\",\"url\":\"https:\/\/terrasdebasto.pt\/?p=5712\",\"name\":\"Cabeceiras: socialistas viabilizaram reorganiza\u00e7\u00e3o da feira - Jornal Terras de Basto\",\"isPartOf\":{\"@id\":\"https:\/\/terrasdebasto.pt\/#website\"},\"primaryImageOfPage\":{\"@id\":\"https:\/\/terrasdebasto.pt\/?p=5712#primaryimage\"},\"image\":{\"@id\":\"https:\/\/terrasdebasto.pt\/?p=5712#primaryimage\"},\"thumbnailUrl\":\"https:\/\/terrasdebasto.pt\/wp-content\/uploads\/2026\/03\/CM-PS.jpg\",\"datePublished\":\"2026-03-02T01:17:35+00:00\",\"description\":\"Embora a proposta de reorganiza\u00e7\u00e3o da feira semanal de Cabeceiras de Basto levada sexta-feira (27) \u00e0 vota\u00e7\u00e3o do executivo lhes tenha suscitado \u00abalgumas reservas\u00bb que consideram \u00absignificativas\u00bb e embora tenham manifestado \u00abpreocupa\u00e7\u00e3o relativamente \u00e0 garantia plena das condi\u00e7\u00f5es de presta\u00e7\u00e3o de socorro\u00bb por parte dos bombeiros \u2013 por for\u00e7a de lhe ocupar o parque fronteiro ao quartel \u2013, os vereadores socialistas limitaram-se a abster-se no momento da sua aprova\u00e7\u00e3o.\",\"breadcrumb\":{\"@id\":\"https:\/\/terrasdebasto.pt\/?p=5712#breadcrumb\"},\"inLanguage\":\"pt-PT\",\"potentialAction\":[{\"@type\":\"ReadAction\",\"target\":[\"https:\/\/terrasdebasto.pt\/?p=5712\"]}]},{\"@type\":\"ImageObject\",\"inLanguage\":\"pt-PT\",\"@id\":\"https:\/\/terrasdebasto.pt\/?p=5712#primaryimage\",\"url\":\"https:\/\/terrasdebasto.pt\/wp-content\/uploads\/2026\/03\/CM-PS.jpg\",\"contentUrl\":\"https:\/\/terrasdebasto.pt\/wp-content\/uploads\/2026\/03\/CM-PS.jpg\",\"width\":1679,\"height\":1277},{\"@type\":\"BreadcrumbList\",\"@id\":\"https:\/\/terrasdebasto.pt\/?p=5712#breadcrumb\",\"itemListElement\":[{\"@type\":\"ListItem\",\"position\":1,\"name\":\"In\u00edcio\",\"item\":\"https:\/\/terrasdebasto.pt\/\"},{\"@type\":\"ListItem\",\"position\":2,\"name\":\"Cabeceiras: socialistas viabilizaram reorganiza\u00e7\u00e3o da feira\"}]},{\"@type\":\"WebSite\",\"@id\":\"https:\/\/terrasdebasto.pt\/#website\",\"url\":\"https:\/\/terrasdebasto.pt\/\",\"name\":\"Jornal Terras de Basto\",\"description\":\"\",\"publisher\":{\"@id\":\"https:\/\/terrasdebasto.pt\/#organization\"},\"potentialAction\":[{\"@type\":\"SearchAction\",\"target\":{\"@type\":\"EntryPoint\",\"urlTemplate\":\"https:\/\/terrasdebasto.pt\/?s={search_term_string}\"},\"query-input\":{\"@type\":\"PropertyValueSpecification\",\"valueRequired\":true,\"valueName\":\"search_term_string\"}}],\"inLanguage\":\"pt-PT\"},{\"@type\":\"Organization\",\"@id\":\"https:\/\/terrasdebasto.pt\/#organization\",\"name\":\"Jornal Terras de Basto\",\"url\":\"https:\/\/terrasdebasto.pt\/\",\"logo\":{\"@type\":\"ImageObject\",\"inLanguage\":\"pt-PT\",\"@id\":\"https:\/\/terrasdebasto.pt\/#\/schema\/logo\/image\/\",\"url\":\"https:\/\/terrasdebasto.pt\/wp-content\/uploads\/2024\/06\/LogoNormal.png\",\"contentUrl\":\"https:\/\/terrasdebasto.pt\/wp-content\/uploads\/2024\/06\/LogoNormal.png\",\"width\":5638,\"height\":809,\"caption\":\"Jornal Terras de Basto\"},\"image\":{\"@id\":\"https:\/\/terrasdebasto.pt\/#\/schema\/logo\/image\/\"}},{\"@type\":\"Person\",\"@id\":\"https:\/\/terrasdebasto.pt\/#\/schema\/person\/9f6739f5394ac65c802641773b278b84\",\"name\":\"Jo\u00e3o Paulo Mesquita\",\"image\":{\"@type\":\"ImageObject\",\"inLanguage\":\"pt-PT\",\"@id\":\"https:\/\/terrasdebasto.pt\/#\/schema\/person\/image\/\",\"url\":\"https:\/\/secure.gravatar.com\/avatar\/9bd0f299e6d96336664aab64354168246a3ee3287c47891c50d450e47ed9d7f9?s=96&d=mm&r=g\",\"contentUrl\":\"https:\/\/secure.gravatar.com\/avatar\/9bd0f299e6d96336664aab64354168246a3ee3287c47891c50d450e47ed9d7f9?s=96&d=mm&r=g\",\"caption\":\"Jo\u00e3o Paulo Mesquita\"},\"url\":\"https:\/\/terrasdebasto.pt\/?author=7\"}]}<\/script>\n<!-- \/ Yoast SEO plugin. -->","yoast_head_json":{"title":"Cabeceiras: socialistas viabilizaram reorganiza\u00e7\u00e3o da feira - Jornal Terras de Basto","description":"Embora a proposta de reorganiza\u00e7\u00e3o da feira semanal de Cabeceiras de Basto levada sexta-feira (27) \u00e0 vota\u00e7\u00e3o do executivo lhes tenha suscitado \u00abalgumas reservas\u00bb que consideram \u00absignificativas\u00bb e embora tenham manifestado \u00abpreocupa\u00e7\u00e3o relativamente \u00e0 garantia plena das condi\u00e7\u00f5es de presta\u00e7\u00e3o de socorro\u00bb por parte dos bombeiros \u2013 por for\u00e7a de lhe ocupar o parque fronteiro ao quartel \u2013, os vereadores socialistas limitaram-se a abster-se no momento da sua aprova\u00e7\u00e3o.","robots":{"index":"index","follow":"follow","max-snippet":"max-snippet:-1","max-image-preview":"max-image-preview:large","max-video-preview":"max-video-preview:-1"},"canonical":"https:\/\/terrasdebasto.pt\/?p=5712","og_locale":"pt_PT","og_type":"article","og_title":"Cabeceiras: socialistas viabilizaram reorganiza\u00e7\u00e3o da feira - Jornal Terras de Basto","og_description":"Embora a proposta de reorganiza\u00e7\u00e3o da feira semanal de Cabeceiras de Basto levada sexta-feira (27) \u00e0 vota\u00e7\u00e3o do executivo lhes tenha suscitado \u00abalgumas reservas\u00bb que consideram \u00absignificativas\u00bb e embora tenham manifestado \u00abpreocupa\u00e7\u00e3o relativamente \u00e0 garantia plena das condi\u00e7\u00f5es de presta\u00e7\u00e3o de socorro\u00bb por parte dos bombeiros \u2013 por for\u00e7a de lhe ocupar o parque fronteiro ao quartel \u2013, os vereadores socialistas limitaram-se a abster-se no momento da sua aprova\u00e7\u00e3o.","og_url":"https:\/\/terrasdebasto.pt\/?p=5712","og_site_name":"Jornal Terras de Basto","article_published_time":"2026-03-02T01:17:35+00:00","og_image":[{"width":1679,"height":1277,"url":"https:\/\/terrasdebasto.pt\/wp-content\/uploads\/2026\/03\/CM-PS.jpg","type":"image\/jpeg"}],"author":"Jo\u00e3o Paulo Mesquita","twitter_card":"summary_large_image","twitter_misc":{"Escrito por":"Jo\u00e3o Paulo Mesquita","Tempo estimado de leitura":"3 minutos"},"schema":{"@context":"https:\/\/schema.org","@graph":[{"@type":"Article","@id":"https:\/\/terrasdebasto.pt\/?p=5712#article","isPartOf":{"@id":"https:\/\/terrasdebasto.pt\/?p=5712"},"author":{"name":"Jo\u00e3o Paulo Mesquita","@id":"https:\/\/terrasdebasto.pt\/#\/schema\/person\/9f6739f5394ac65c802641773b278b84"},"headline":"Cabeceiras: socialistas viabilizaram reorganiza\u00e7\u00e3o da feira","datePublished":"2026-03-02T01:17:35+00:00","mainEntityOfPage":{"@id":"https:\/\/terrasdebasto.pt\/?p=5712"},"wordCount":394,"commentCount":0,"publisher":{"@id":"https:\/\/terrasdebasto.pt\/#organization"},"image":{"@id":"https:\/\/terrasdebasto.pt\/?p=5712#primaryimage"},"thumbnailUrl":"https:\/\/terrasdebasto.pt\/wp-content\/uploads\/2026\/03\/CM-PS.jpg","keywords":["Bombeiros Cabeceirenses","Feira Semana de Cabeceiras de Basto","Partido Socialista","PS\/Cabeceiras de Basto"],"articleSection":["Cabeceiras de Basto","Terras de Basto"],"inLanguage":"pt-PT","potentialAction":[{"@type":"CommentAction","name":"Comment","target":["https:\/\/terrasdebasto.pt\/?p=5712#respond"]}]},{"@type":"WebPage","@id":"https:\/\/terrasdebasto.pt\/?p=5712","url":"https:\/\/terrasdebasto.pt\/?p=5712","name":"Cabeceiras: socialistas viabilizaram reorganiza\u00e7\u00e3o da feira - Jornal Terras de Basto","isPartOf":{"@id":"https:\/\/terrasdebasto.pt\/#website"},"primaryImageOfPage":{"@id":"https:\/\/terrasdebasto.pt\/?p=5712#primaryimage"},"image":{"@id":"https:\/\/terrasdebasto.pt\/?p=5712#primaryimage"},"thumbnailUrl":"https:\/\/terrasdebasto.pt\/wp-content\/uploads\/2026\/03\/CM-PS.jpg","datePublished":"2026-03-02T01:17:35+00:00","description":"Embora a proposta de reorganiza\u00e7\u00e3o da feira semanal de Cabeceiras de Basto levada sexta-feira (27) \u00e0 vota\u00e7\u00e3o do executivo lhes tenha suscitado \u00abalgumas reservas\u00bb que consideram \u00absignificativas\u00bb e embora tenham manifestado \u00abpreocupa\u00e7\u00e3o relativamente \u00e0 garantia plena das condi\u00e7\u00f5es de presta\u00e7\u00e3o de socorro\u00bb por parte dos bombeiros \u2013 por for\u00e7a de lhe ocupar o parque fronteiro ao quartel \u2013, os vereadores socialistas limitaram-se a abster-se no momento da sua aprova\u00e7\u00e3o.","breadcrumb":{"@id":"https:\/\/terrasdebasto.pt\/?p=5712#breadcrumb"},"inLanguage":"pt-PT","potentialAction":[{"@type":"ReadAction","target":["https:\/\/terrasdebasto.pt\/?p=5712"]}]},{"@type":"ImageObject","inLanguage":"pt-PT","@id":"https:\/\/terrasdebasto.pt\/?p=5712#primaryimage","url":"https:\/\/terrasdebasto.pt\/wp-content\/uploads\/2026\/03\/CM-PS.jpg","contentUrl":"https:\/\/terrasdebasto.pt\/wp-content\/uploads\/2026\/03\/CM-PS.jpg","width":1679,"height":1277},{"@type":"BreadcrumbList","@id":"https:\/\/terrasdebasto.pt\/?p=5712#breadcrumb","itemListElement":[{"@type":"ListItem","position":1,"name":"In\u00edcio","item":"https:\/\/terrasdebasto.pt\/"},{"@type":"ListItem","position":2,"name":"Cabeceiras: socialistas viabilizaram reorganiza\u00e7\u00e3o da feira"}]},{"@type":"WebSite","@id":"https:\/\/terrasdebasto.pt\/#website","url":"https:\/\/terrasdebasto.pt\/","name":"Jornal Terras de Basto","description":"","publisher":{"@id":"https:\/\/terrasdebasto.pt\/#organization"},"potentialAction":[{"@type":"SearchAction","target":{"@type":"EntryPoint","urlTemplate":"https:\/\/terrasdebasto.pt\/?s={search_term_string}"},"query-input":{"@type":"PropertyValueSpecification","valueRequired":true,"valueName":"search_term_string"}}],"inLanguage":"pt-PT"},{"@type":"Organization","@id":"https:\/\/terrasdebasto.pt\/#organization","name":"Jornal Terras de Basto","url":"https:\/\/terrasdebasto.pt\/","logo":{"@type":"ImageObject","inLanguage":"pt-PT","@id":"https:\/\/terrasdebasto.pt\/#\/schema\/logo\/image\/","url":"https:\/\/terrasdebasto.pt\/wp-content\/uploads\/2024\/06\/LogoNormal.png","contentUrl":"https:\/\/terrasdebasto.pt\/wp-content\/uploads\/2024\/06\/LogoNormal.png","width":5638,"height":809,"caption":"Jornal Terras de Basto"},"image":{"@id":"https:\/\/terrasdebasto.pt\/#\/schema\/logo\/image\/"}},{"@type":"Person","@id":"https:\/\/terrasdebasto.pt\/#\/schema\/person\/9f6739f5394ac65c802641773b278b84","name":"Jo\u00e3o Paulo Mesquita","image":{"@type":"ImageObject","inLanguage":"pt-PT","@id":"https:\/\/terrasdebasto.pt\/#\/schema\/person\/image\/","url":"https:\/\/secure.gravatar.com\/avatar\/9bd0f299e6d96336664aab64354168246a3ee3287c47891c50d450e47ed9d7f9?s=96&d=mm&r=g","contentUrl":"https:\/\/secure.gravatar.com\/avatar\/9bd0f299e6d96336664aab64354168246a3ee3287c47891c50d450e47ed9d7f9?s=96&d=mm&r=g","caption":"Jo\u00e3o Paulo Mesquita"},"url":"https:\/\/terrasdebasto.pt\/?author=7"}]}},"_links":{"self":[{"href":"https:\/\/terrasdebasto.pt\/index.php?rest_route=\/wp\/v2\/posts\/5712","targetHints":{"allow":["GET"]}}],"collection":[{"href":"https:\/\/terrasdebasto.pt\/index.php?rest_route=\/wp\/v2\/posts"}],"about":[{"href":"https:\/\/terrasdebasto.pt\/index.php?rest_route=\/wp\/v2\/types\/post"}],"author":[{"embeddable":true,"href":"https:\/\/terrasdebasto.pt\/index.php?rest_route=\/wp\/v2\/users\/7"}],"replies":[{"embeddable":true,"href":"https:\/\/terrasdebasto.pt\/index.php?rest_route=%2Fwp%2Fv2%2Fcomments&post=5712"}],"version-history":[{"count":1,"href":"https:\/\/terrasdebasto.pt\/index.php?rest_route=\/wp\/v2\/posts\/5712\/revisions"}],"predecessor-version":[{"id":5715,"href":"https:\/\/terrasdebasto.pt\/index.php?rest_route=\/wp\/v2\/posts\/5712\/revisions\/5715"}],"wp:featuredmedia":[{"embeddable":true,"href":"https:\/\/terrasdebasto.pt\/index.php?rest_route=\/wp\/v2\/media\/5713"}],"wp:attachment":[{"href":"https:\/\/terrasdebasto.pt\/index.php?rest_route=%2Fwp%2Fv2%2Fmedia&parent=5712"}],"wp:term":[{"taxonomy":"category","embeddable":true,"href":"https:\/\/terrasdebasto.pt\/index.php?rest_route=%2Fwp%2Fv2%2Fcategories&post=5712"},{"taxonomy":"post_tag","embeddable":true,"href":"https:\/\/terrasdebasto.pt\/index.php?rest_route=%2Fwp%2Fv2%2Ftags&post=5712"}],"curies":[{"name":"wp","href":"https:\/\/api.w.org\/{rel}","templated":true}]}}