{"id":5709,"date":"2026-03-02T00:17:34","date_gmt":"2026-03-02T00:17:34","guid":{"rendered":"https:\/\/terrasdebasto.pt\/?p=5709"},"modified":"2026-03-02T00:17:34","modified_gmt":"2026-03-02T00:17:34","slug":"feira-de-cabeceiras-apenas-barreto-e-sousa-votaram-contra-proposta-de-reorganizacao","status":"publish","type":"post","link":"https:\/\/terrasdebasto.pt\/?p=5709","title":{"rendered":"Feira de Cabeceiras: apenas Barreto e Sousa votaram contra proposta de reorganiza\u00e7\u00e3o"},"content":{"rendered":"\n<p><strong>Os dois vereadores eleitos pelo movimento c\u00edvico \u201cServir Cabeceiras\u201d foram os \u00fanicos que se opuseram \u00e0 proposta de reorganiza\u00e7\u00e3o da feira semanal de Cabeceiras de Basto levada pela presid\u00eancia \u00e0 reuni\u00e3o do executivo de sexta-feira (27).<\/strong><\/p>\n\n\n\n<p>Al\u00e9m de discordarem \u00abda forma como o processo foi conduzido, sem estudo pr\u00e9vio, sem ausculta\u00e7\u00e3o s\u00e9ria e sem a procura de consensos\u00bb, os dois eleitos \u2013 Joaquim Barreto e Pedro Sousa \u2013 justificaram a vota\u00e7\u00e3o contr\u00e1ria com a afirma\u00e7\u00e3o de que \u00abretirar ou condicionar \u00e1reas operacionais essenciais coloca em causa a efic\u00e1cia do socorro e a seguran\u00e7a das popula\u00e7\u00f5es\u00bb por parte dos Bombeiros Cabeceirenses.<\/p>\n\n\n\n<p>\u00abOs bombeiros precisam de espa\u00e7o para ambul\u00e2ncias, viaturas de emerg\u00eancia e apoio \u00e0s v\u00edtimas; a prote\u00e7\u00e3o de pessoas e bens n\u00e3o pode ser secundarizada\u00bb, insistem.<\/p>\n\n\n\n<p>Para os dois autarcas independentes, a forma como todo este processo foi conduzido \u2014 que levou j\u00e1 a uma tomada de posi\u00e7\u00e3o p\u00fablica da dire\u00e7\u00e3o da associa\u00e7\u00e3o humanit\u00e1ria, que contesta a proposta \u2014 \u00abpode trazer consequ\u00eancias negativas para feirantes, comerciantes, residentes das zonas envolventes e para a popula\u00e7\u00e3o em geral\u00bb.<\/p>\n\n\n\n<p>\u00abPor responsabilidade institucional, pelo respeito devido \u00e0 comunidade e em defesa de uma participa\u00e7\u00e3o democr\u00e1tica efetiva\u00bb, os dois vereadores votaram contra a proposta, que, entre outras altera\u00e7\u00f5es, concentra a feira exclusivamente no Campo do Seco, ocupando com a chamada \u201ccarreira\u201d, que passar\u00e1 a abrigar-se debaixo de tendas montadas pelo munic\u00edpio, o espa\u00e7o frontal ao quartel dos bombeiros.<\/p>\n\n\n\n<p>Al\u00e9m desta quest\u00e3o considerada relevante \u2013 e que motivou j\u00e1 a tomada de posi\u00e7\u00e3o de todos os intervenientes pol\u00edticos \u2013 Joaquim Barreto e Pedro Sousa acusam o presidente da c\u00e2mara de ter avan\u00e7ado com a decis\u00e3o \u00absem o necess\u00e1rio di\u00e1logo com feirantes, comerciantes, moradores, autarcas e vereadores\u00bb.<\/p>\n\n\n\n<p>Ali\u00e1s, o facto de ter levado a proposta ao conhecimento do audit\u00f3rio da Casa do Tempo sem que alguma vez a tivesse apresentado \u00e0 verea\u00e7\u00e3o foi invocado por Joaquim Barreto na reuni\u00e3o do executivo de sexta-feira (27), o que obrigou Manuel Teixeira a pedir-lhe desculpa duas vezes.<\/p>\n\n\n\n<p>A decis\u00e3o \u2013 lembram os dois vereadores independentes \u2013 tem impacto direto na economia local e na vida de tantas fam\u00edlias e, como tal, \u00abn\u00e3o pode ser tomada de forma fechada, nem comunicada como um facto consumado\u00bb. \u00abGovernar \u00e9 ouvir primeiro e decidir depois, com responsabilidade e transpar\u00eancia\u00bb, enfatizou Barreto.<\/p>\n\n\n\n<p><\/p>\n","protected":false},"excerpt":{"rendered":"<p>Os dois vereadores eleitos pelo movimento c\u00edvico \u201cServir Cabeceiras\u201d foram os \u00fanicos que se opuseram \u00e0 proposta de reorganiza\u00e7\u00e3o da feira semanal de Cabeceiras de Basto levada pela presid\u00eancia \u00e0 reuni\u00e3o do executivo de sexta-feira (27). Al\u00e9m de discordarem \u00abda forma como o processo foi conduzido, sem estudo pr\u00e9vio, sem ausculta\u00e7\u00e3o s\u00e9ria e sem a [&hellip;]<\/p>\n","protected":false},"author":7,"featured_media":5710,"comment_status":"open","ping_status":"open","sticky":false,"template":"","format":"standard","meta":{"footnotes":""},"categories":[12,9],"tags":[1421,1423,1066],"class_list":{"0":"post-5709","1":"post","2":"type-post","3":"status-publish","4":"format-standard","5":"has-post-thumbnail","7":"category-cabeceiras-de-basto","8":"category-terras-de-basto","9":"tag-feira-semanal-de-cabeceiras-de-basto","10":"tag-reorganizacao","11":"tag-servir-cabeceiras"},"yoast_head":"<!-- This site is optimized with the Yoast SEO plugin v25.7 - https:\/\/yoast.com\/wordpress\/plugins\/seo\/ -->\n<title>Feira de Cabeceiras: apenas Barreto e Sousa votaram contra proposta de reorganiza\u00e7\u00e3o - Jornal Terras de Basto<\/title>\n<meta name=\"description\" content=\"Os dois vereadores eleitos pelo movimento c\u00edvico \u201cServir Cabeceiras\u201d foram os \u00fanicos que se opuseram \u00e0 proposta de reorganiza\u00e7\u00e3o da feira semanal de Cabeceiras de Basto levada pela presid\u00eancia \u00e0 reuni\u00e3o do executivo de sexta-feira (27).\" \/>\n<meta name=\"robots\" content=\"index, follow, max-snippet:-1, max-image-preview:large, max-video-preview:-1\" \/>\n<link rel=\"canonical\" href=\"https:\/\/terrasdebasto.pt\/?p=5709\" \/>\n<meta property=\"og:locale\" content=\"pt_PT\" \/>\n<meta property=\"og:type\" content=\"article\" \/>\n<meta property=\"og:title\" content=\"Feira de Cabeceiras: apenas Barreto e Sousa votaram contra proposta de reorganiza\u00e7\u00e3o - Jornal Terras de Basto\" \/>\n<meta property=\"og:description\" content=\"Os dois vereadores eleitos pelo movimento c\u00edvico \u201cServir Cabeceiras\u201d foram os \u00fanicos que se opuseram \u00e0 proposta de reorganiza\u00e7\u00e3o da feira semanal de Cabeceiras de Basto levada pela presid\u00eancia \u00e0 reuni\u00e3o do executivo de sexta-feira (27).\" \/>\n<meta property=\"og:url\" content=\"https:\/\/terrasdebasto.pt\/?p=5709\" \/>\n<meta property=\"og:site_name\" content=\"Jornal Terras de Basto\" \/>\n<meta property=\"article:published_time\" content=\"2026-03-02T00:17:34+00:00\" \/>\n<meta property=\"og:image\" content=\"https:\/\/terrasdebasto.pt\/wp-content\/uploads\/2026\/03\/CM-ALVITE-scaled.jpg\" \/>\n\t<meta property=\"og:image:width\" content=\"2560\" \/>\n\t<meta property=\"og:image:height\" content=\"1528\" \/>\n\t<meta property=\"og:image:type\" content=\"image\/jpeg\" \/>\n<meta name=\"author\" content=\"Jo\u00e3o Paulo Mesquita\" \/>\n<meta name=\"twitter:card\" content=\"summary_large_image\" \/>\n<meta name=\"twitter:label1\" content=\"Escrito por\" \/>\n\t<meta name=\"twitter:data1\" content=\"Jo\u00e3o Paulo Mesquita\" \/>\n\t<meta name=\"twitter:label2\" content=\"Tempo estimado de leitura\" \/>\n\t<meta name=\"twitter:data2\" content=\"3 minutos\" \/>\n<script type=\"application\/ld+json\" class=\"yoast-schema-graph\">{\"@context\":\"https:\/\/schema.org\",\"@graph\":[{\"@type\":\"Article\",\"@id\":\"https:\/\/terrasdebasto.pt\/?p=5709#article\",\"isPartOf\":{\"@id\":\"https:\/\/terrasdebasto.pt\/?p=5709\"},\"author\":{\"name\":\"Jo\u00e3o Paulo Mesquita\",\"@id\":\"https:\/\/terrasdebasto.pt\/#\/schema\/person\/9f6739f5394ac65c802641773b278b84\"},\"headline\":\"Feira de Cabeceiras: apenas Barreto e Sousa votaram contra proposta de reorganiza\u00e7\u00e3o\",\"datePublished\":\"2026-03-02T00:17:34+00:00\",\"mainEntityOfPage\":{\"@id\":\"https:\/\/terrasdebasto.pt\/?p=5709\"},\"wordCount\":423,\"commentCount\":0,\"publisher\":{\"@id\":\"https:\/\/terrasdebasto.pt\/#organization\"},\"image\":{\"@id\":\"https:\/\/terrasdebasto.pt\/?p=5709#primaryimage\"},\"thumbnailUrl\":\"https:\/\/terrasdebasto.pt\/wp-content\/uploads\/2026\/03\/CM-ALVITE-scaled.jpg\",\"keywords\":[\"Feira Semanal de Cabeceiras de Basto\",\"Reorganiza\u00e7\u00e3o\",\"Servir Cabeceiras\"],\"articleSection\":[\"Cabeceiras de Basto\",\"Terras de Basto\"],\"inLanguage\":\"pt-PT\",\"potentialAction\":[{\"@type\":\"CommentAction\",\"name\":\"Comment\",\"target\":[\"https:\/\/terrasdebasto.pt\/?p=5709#respond\"]}]},{\"@type\":\"WebPage\",\"@id\":\"https:\/\/terrasdebasto.pt\/?p=5709\",\"url\":\"https:\/\/terrasdebasto.pt\/?p=5709\",\"name\":\"Feira de Cabeceiras: apenas Barreto e Sousa votaram contra proposta de reorganiza\u00e7\u00e3o - Jornal Terras de Basto\",\"isPartOf\":{\"@id\":\"https:\/\/terrasdebasto.pt\/#website\"},\"primaryImageOfPage\":{\"@id\":\"https:\/\/terrasdebasto.pt\/?p=5709#primaryimage\"},\"image\":{\"@id\":\"https:\/\/terrasdebasto.pt\/?p=5709#primaryimage\"},\"thumbnailUrl\":\"https:\/\/terrasdebasto.pt\/wp-content\/uploads\/2026\/03\/CM-ALVITE-scaled.jpg\",\"datePublished\":\"2026-03-02T00:17:34+00:00\",\"description\":\"Os dois vereadores eleitos pelo movimento c\u00edvico \u201cServir Cabeceiras\u201d foram os \u00fanicos que se opuseram \u00e0 proposta de reorganiza\u00e7\u00e3o da feira semanal de Cabeceiras de Basto levada pela presid\u00eancia \u00e0 reuni\u00e3o do executivo de sexta-feira (27).\",\"breadcrumb\":{\"@id\":\"https:\/\/terrasdebasto.pt\/?p=5709#breadcrumb\"},\"inLanguage\":\"pt-PT\",\"potentialAction\":[{\"@type\":\"ReadAction\",\"target\":[\"https:\/\/terrasdebasto.pt\/?p=5709\"]}]},{\"@type\":\"ImageObject\",\"inLanguage\":\"pt-PT\",\"@id\":\"https:\/\/terrasdebasto.pt\/?p=5709#primaryimage\",\"url\":\"https:\/\/terrasdebasto.pt\/wp-content\/uploads\/2026\/03\/CM-ALVITE-scaled.jpg\",\"contentUrl\":\"https:\/\/terrasdebasto.pt\/wp-content\/uploads\/2026\/03\/CM-ALVITE-scaled.jpg\",\"width\":2560,\"height\":1528},{\"@type\":\"BreadcrumbList\",\"@id\":\"https:\/\/terrasdebasto.pt\/?p=5709#breadcrumb\",\"itemListElement\":[{\"@type\":\"ListItem\",\"position\":1,\"name\":\"In\u00edcio\",\"item\":\"https:\/\/terrasdebasto.pt\/\"},{\"@type\":\"ListItem\",\"position\":2,\"name\":\"Feira de Cabeceiras: apenas Barreto e Sousa votaram contra proposta de reorganiza\u00e7\u00e3o\"}]},{\"@type\":\"WebSite\",\"@id\":\"https:\/\/terrasdebasto.pt\/#website\",\"url\":\"https:\/\/terrasdebasto.pt\/\",\"name\":\"Jornal Terras de Basto\",\"description\":\"\",\"publisher\":{\"@id\":\"https:\/\/terrasdebasto.pt\/#organization\"},\"potentialAction\":[{\"@type\":\"SearchAction\",\"target\":{\"@type\":\"EntryPoint\",\"urlTemplate\":\"https:\/\/terrasdebasto.pt\/?s={search_term_string}\"},\"query-input\":{\"@type\":\"PropertyValueSpecification\",\"valueRequired\":true,\"valueName\":\"search_term_string\"}}],\"inLanguage\":\"pt-PT\"},{\"@type\":\"Organization\",\"@id\":\"https:\/\/terrasdebasto.pt\/#organization\",\"name\":\"Jornal Terras de Basto\",\"url\":\"https:\/\/terrasdebasto.pt\/\",\"logo\":{\"@type\":\"ImageObject\",\"inLanguage\":\"pt-PT\",\"@id\":\"https:\/\/terrasdebasto.pt\/#\/schema\/logo\/image\/\",\"url\":\"https:\/\/terrasdebasto.pt\/wp-content\/uploads\/2024\/06\/LogoNormal.png\",\"contentUrl\":\"https:\/\/terrasdebasto.pt\/wp-content\/uploads\/2024\/06\/LogoNormal.png\",\"width\":5638,\"height\":809,\"caption\":\"Jornal Terras de Basto\"},\"image\":{\"@id\":\"https:\/\/terrasdebasto.pt\/#\/schema\/logo\/image\/\"}},{\"@type\":\"Person\",\"@id\":\"https:\/\/terrasdebasto.pt\/#\/schema\/person\/9f6739f5394ac65c802641773b278b84\",\"name\":\"Jo\u00e3o Paulo Mesquita\",\"image\":{\"@type\":\"ImageObject\",\"inLanguage\":\"pt-PT\",\"@id\":\"https:\/\/terrasdebasto.pt\/#\/schema\/person\/image\/\",\"url\":\"https:\/\/secure.gravatar.com\/avatar\/9bd0f299e6d96336664aab64354168246a3ee3287c47891c50d450e47ed9d7f9?s=96&d=mm&r=g\",\"contentUrl\":\"https:\/\/secure.gravatar.com\/avatar\/9bd0f299e6d96336664aab64354168246a3ee3287c47891c50d450e47ed9d7f9?s=96&d=mm&r=g\",\"caption\":\"Jo\u00e3o Paulo Mesquita\"},\"url\":\"https:\/\/terrasdebasto.pt\/?author=7\"}]}<\/script>\n<!-- \/ Yoast SEO plugin. -->","yoast_head_json":{"title":"Feira de Cabeceiras: apenas Barreto e Sousa votaram contra proposta de reorganiza\u00e7\u00e3o - Jornal Terras de Basto","description":"Os dois vereadores eleitos pelo movimento c\u00edvico \u201cServir Cabeceiras\u201d foram os \u00fanicos que se opuseram \u00e0 proposta de reorganiza\u00e7\u00e3o da feira semanal de Cabeceiras de Basto levada pela presid\u00eancia \u00e0 reuni\u00e3o do executivo de sexta-feira (27).","robots":{"index":"index","follow":"follow","max-snippet":"max-snippet:-1","max-image-preview":"max-image-preview:large","max-video-preview":"max-video-preview:-1"},"canonical":"https:\/\/terrasdebasto.pt\/?p=5709","og_locale":"pt_PT","og_type":"article","og_title":"Feira de Cabeceiras: apenas Barreto e Sousa votaram contra proposta de reorganiza\u00e7\u00e3o - Jornal Terras de Basto","og_description":"Os dois vereadores eleitos pelo movimento c\u00edvico \u201cServir Cabeceiras\u201d foram os \u00fanicos que se opuseram \u00e0 proposta de reorganiza\u00e7\u00e3o da feira semanal de Cabeceiras de Basto levada pela presid\u00eancia \u00e0 reuni\u00e3o do executivo de sexta-feira (27).","og_url":"https:\/\/terrasdebasto.pt\/?p=5709","og_site_name":"Jornal Terras de Basto","article_published_time":"2026-03-02T00:17:34+00:00","og_image":[{"width":2560,"height":1528,"url":"https:\/\/terrasdebasto.pt\/wp-content\/uploads\/2026\/03\/CM-ALVITE-scaled.jpg","type":"image\/jpeg"}],"author":"Jo\u00e3o Paulo Mesquita","twitter_card":"summary_large_image","twitter_misc":{"Escrito por":"Jo\u00e3o Paulo Mesquita","Tempo estimado de leitura":"3 minutos"},"schema":{"@context":"https:\/\/schema.org","@graph":[{"@type":"Article","@id":"https:\/\/terrasdebasto.pt\/?p=5709#article","isPartOf":{"@id":"https:\/\/terrasdebasto.pt\/?p=5709"},"author":{"name":"Jo\u00e3o Paulo Mesquita","@id":"https:\/\/terrasdebasto.pt\/#\/schema\/person\/9f6739f5394ac65c802641773b278b84"},"headline":"Feira de Cabeceiras: apenas Barreto e Sousa votaram contra proposta de reorganiza\u00e7\u00e3o","datePublished":"2026-03-02T00:17:34+00:00","mainEntityOfPage":{"@id":"https:\/\/terrasdebasto.pt\/?p=5709"},"wordCount":423,"commentCount":0,"publisher":{"@id":"https:\/\/terrasdebasto.pt\/#organization"},"image":{"@id":"https:\/\/terrasdebasto.pt\/?p=5709#primaryimage"},"thumbnailUrl":"https:\/\/terrasdebasto.pt\/wp-content\/uploads\/2026\/03\/CM-ALVITE-scaled.jpg","keywords":["Feira Semanal de Cabeceiras de Basto","Reorganiza\u00e7\u00e3o","Servir Cabeceiras"],"articleSection":["Cabeceiras de Basto","Terras de Basto"],"inLanguage":"pt-PT","potentialAction":[{"@type":"CommentAction","name":"Comment","target":["https:\/\/terrasdebasto.pt\/?p=5709#respond"]}]},{"@type":"WebPage","@id":"https:\/\/terrasdebasto.pt\/?p=5709","url":"https:\/\/terrasdebasto.pt\/?p=5709","name":"Feira de Cabeceiras: apenas Barreto e Sousa votaram contra proposta de reorganiza\u00e7\u00e3o - Jornal Terras de Basto","isPartOf":{"@id":"https:\/\/terrasdebasto.pt\/#website"},"primaryImageOfPage":{"@id":"https:\/\/terrasdebasto.pt\/?p=5709#primaryimage"},"image":{"@id":"https:\/\/terrasdebasto.pt\/?p=5709#primaryimage"},"thumbnailUrl":"https:\/\/terrasdebasto.pt\/wp-content\/uploads\/2026\/03\/CM-ALVITE-scaled.jpg","datePublished":"2026-03-02T00:17:34+00:00","description":"Os dois vereadores eleitos pelo movimento c\u00edvico \u201cServir Cabeceiras\u201d foram os \u00fanicos que se opuseram \u00e0 proposta de reorganiza\u00e7\u00e3o da feira semanal de Cabeceiras de Basto levada pela presid\u00eancia \u00e0 reuni\u00e3o do executivo de sexta-feira (27).","breadcrumb":{"@id":"https:\/\/terrasdebasto.pt\/?p=5709#breadcrumb"},"inLanguage":"pt-PT","potentialAction":[{"@type":"ReadAction","target":["https:\/\/terrasdebasto.pt\/?p=5709"]}]},{"@type":"ImageObject","inLanguage":"pt-PT","@id":"https:\/\/terrasdebasto.pt\/?p=5709#primaryimage","url":"https:\/\/terrasdebasto.pt\/wp-content\/uploads\/2026\/03\/CM-ALVITE-scaled.jpg","contentUrl":"https:\/\/terrasdebasto.pt\/wp-content\/uploads\/2026\/03\/CM-ALVITE-scaled.jpg","width":2560,"height":1528},{"@type":"BreadcrumbList","@id":"https:\/\/terrasdebasto.pt\/?p=5709#breadcrumb","itemListElement":[{"@type":"ListItem","position":1,"name":"In\u00edcio","item":"https:\/\/terrasdebasto.pt\/"},{"@type":"ListItem","position":2,"name":"Feira de Cabeceiras: apenas Barreto e Sousa votaram contra proposta de reorganiza\u00e7\u00e3o"}]},{"@type":"WebSite","@id":"https:\/\/terrasdebasto.pt\/#website","url":"https:\/\/terrasdebasto.pt\/","name":"Jornal Terras de Basto","description":"","publisher":{"@id":"https:\/\/terrasdebasto.pt\/#organization"},"potentialAction":[{"@type":"SearchAction","target":{"@type":"EntryPoint","urlTemplate":"https:\/\/terrasdebasto.pt\/?s={search_term_string}"},"query-input":{"@type":"PropertyValueSpecification","valueRequired":true,"valueName":"search_term_string"}}],"inLanguage":"pt-PT"},{"@type":"Organization","@id":"https:\/\/terrasdebasto.pt\/#organization","name":"Jornal Terras de Basto","url":"https:\/\/terrasdebasto.pt\/","logo":{"@type":"ImageObject","inLanguage":"pt-PT","@id":"https:\/\/terrasdebasto.pt\/#\/schema\/logo\/image\/","url":"https:\/\/terrasdebasto.pt\/wp-content\/uploads\/2024\/06\/LogoNormal.png","contentUrl":"https:\/\/terrasdebasto.pt\/wp-content\/uploads\/2024\/06\/LogoNormal.png","width":5638,"height":809,"caption":"Jornal Terras de Basto"},"image":{"@id":"https:\/\/terrasdebasto.pt\/#\/schema\/logo\/image\/"}},{"@type":"Person","@id":"https:\/\/terrasdebasto.pt\/#\/schema\/person\/9f6739f5394ac65c802641773b278b84","name":"Jo\u00e3o Paulo Mesquita","image":{"@type":"ImageObject","inLanguage":"pt-PT","@id":"https:\/\/terrasdebasto.pt\/#\/schema\/person\/image\/","url":"https:\/\/secure.gravatar.com\/avatar\/9bd0f299e6d96336664aab64354168246a3ee3287c47891c50d450e47ed9d7f9?s=96&d=mm&r=g","contentUrl":"https:\/\/secure.gravatar.com\/avatar\/9bd0f299e6d96336664aab64354168246a3ee3287c47891c50d450e47ed9d7f9?s=96&d=mm&r=g","caption":"Jo\u00e3o Paulo Mesquita"},"url":"https:\/\/terrasdebasto.pt\/?author=7"}]}},"_links":{"self":[{"href":"https:\/\/terrasdebasto.pt\/index.php?rest_route=\/wp\/v2\/posts\/5709","targetHints":{"allow":["GET"]}}],"collection":[{"href":"https:\/\/terrasdebasto.pt\/index.php?rest_route=\/wp\/v2\/posts"}],"about":[{"href":"https:\/\/terrasdebasto.pt\/index.php?rest_route=\/wp\/v2\/types\/post"}],"author":[{"embeddable":true,"href":"https:\/\/terrasdebasto.pt\/index.php?rest_route=\/wp\/v2\/users\/7"}],"replies":[{"embeddable":true,"href":"https:\/\/terrasdebasto.pt\/index.php?rest_route=%2Fwp%2Fv2%2Fcomments&post=5709"}],"version-history":[{"count":1,"href":"https:\/\/terrasdebasto.pt\/index.php?rest_route=\/wp\/v2\/posts\/5709\/revisions"}],"predecessor-version":[{"id":5711,"href":"https:\/\/terrasdebasto.pt\/index.php?rest_route=\/wp\/v2\/posts\/5709\/revisions\/5711"}],"wp:featuredmedia":[{"embeddable":true,"href":"https:\/\/terrasdebasto.pt\/index.php?rest_route=\/wp\/v2\/media\/5710"}],"wp:attachment":[{"href":"https:\/\/terrasdebasto.pt\/index.php?rest_route=%2Fwp%2Fv2%2Fmedia&parent=5709"}],"wp:term":[{"taxonomy":"category","embeddable":true,"href":"https:\/\/terrasdebasto.pt\/index.php?rest_route=%2Fwp%2Fv2%2Fcategories&post=5709"},{"taxonomy":"post_tag","embeddable":true,"href":"https:\/\/terrasdebasto.pt\/index.php?rest_route=%2Fwp%2Fv2%2Ftags&post=5709"}],"curies":[{"name":"wp","href":"https:\/\/api.w.org\/{rel}","templated":true}]}}