{"id":5704,"date":"2026-03-01T22:12:02","date_gmt":"2026-03-01T22:12:02","guid":{"rendered":"https:\/\/terrasdebasto.pt\/?p=5704"},"modified":"2026-03-01T22:12:03","modified_gmt":"2026-03-01T22:12:03","slug":"bombeiros-cabeceirenses-se-houver-atraso-no-socorro-sera-da-responsabilidade-da-camara","status":"publish","type":"post","link":"https:\/\/terrasdebasto.pt\/?p=5704","title":{"rendered":"Bombeiros Cabeceirenses: \u00abse houver atraso no socorro ser\u00e1 da responsabilidade da c\u00e2mara\u00bb"},"content":{"rendered":"\n<p><strong>Os Bombeiros Cabeceirenses consideram \u00abde elevada gravidade\u00bb e \u00abcom impacto direto na seguran\u00e7a e na celeridade do socorro \u00e0 popula\u00e7\u00e3o\u00bb a decis\u00e3o tomada sexta-feira (27), em delibera\u00e7\u00e3o da c\u00e2mara municipal, de vir a ocupar com a feira semanal o espa\u00e7o fronteiro ao seu quartel, habitualmente usado para manobra e parqueamento tempor\u00e1rio das viaturas de socorro.<\/strong><\/p>\n\n\n\n<p>\u00abH\u00e1 d\u00e9cadas que a corpora\u00e7\u00e3o utiliza o parque de estacionamento em causa como espa\u00e7o operacional de apoio \u00e0s viaturas, permitindo a sa\u00edda r\u00e1pida dos ve\u00edculos em situa\u00e7\u00f5es de emerg\u00eancia. Apesar de o terreno ser propriedade do Munic\u00edpio, sempre foi utilizado pelos Bombeiros para fins operacionais\u00bb, lembra em comunicado.<\/p>\n\n\n\n<p>Na requalifica\u00e7\u00e3o de 2019 do Campo do Seco \u2013 pra\u00e7a onde a c\u00e2mara se prop\u00f5e agora concentrar toda a feira semanal \u2013, o espa\u00e7o \u00abfoi sinalizado e fisicamente delimitado para apoio e uso exclusivo das viaturas operacionais\u00bb da corpora\u00e7\u00e3o.<\/p>\n\n\n\n<p>Ora, depois de ter tomado a decis\u00e3o de assim reorganizar a feira, retirando-a da Pra\u00e7a Arcipreste Almeida Barreto, a presid\u00eancia da c\u00e2mara promoveu a 23 de fevereiro uma sess\u00e3o p\u00fablica para anunciar a inten\u00e7\u00e3o e foi a partir dessa altura que os bombeiros dizem ter tomado conhecimento do prop\u00f3sito de \u00abocupar esse parque operacional com bancas destinadas \u00e0 feira semanal\u00bb.<\/p>\n\n\n\n<p>\u00abImporta esclarecer que n\u00e3o houve qualquer di\u00e1logo ou ausculta\u00e7\u00e3o institucional pr\u00e9via junto desta associa\u00e7\u00e3o [humanit\u00e1ria] e que fomos confrontados com a decis\u00e3o j\u00e1 tomada\u00bb, dizem num extenso comunicado enviado ao Terras de Basto com o t\u00edtulo \u201cC\u00e2mara retira parque exterior aos Bombeiros\u201d.<\/p>\n\n\n\n<p>Em reuni\u00e3o que solicitou ao presidente da c\u00e2mara, a dire\u00e7\u00e3o da institui\u00e7\u00e3o diz ter-lhe sido transmitido, a 26 de fevereiro, \u00abque a decis\u00e3o seria para manter, sem possibilidade de n\u00e3o ocupa\u00e7\u00e3o do espa\u00e7o\u00bb.<\/p>\n\n\n\n<p>\u00abNo dia 27, tivemos conhecimento de que, em sede de reuni\u00e3o da c\u00e2mara, foi aprovada a altera\u00e7\u00e3o da feira semanal, com a ocupa\u00e7\u00e3o do parque operacional\u00bb em causa, esclarecem.<\/p>\n\n\n\n<p>Bombeiros sempre colaboraram\u2026<\/p>\n\n\n\n<p>Neste comunicado, os bombeiros lembram que o executivo municipal completou recentemente 100 dias de mandato e que durante este per\u00edodo sempre se mantiveram dispon\u00edveis para colaborar com o munic\u00edpio \u00abem todas as mat\u00e9rias que entendessem pertinentes\u00bb, \u00abdisponibilidade que foi publicamente manifestada em diversas ocasi\u00f5es\u00bb.<\/p>\n\n\n\n<p>Mas, face ao exposto \u2013 sublinha \u2013 cabe \u00e0 corpora\u00e7\u00e3o \u00abexpor o impacto operacional\u00bb daquela decis\u00e3o, que \u00abcompromete seriamente a capacidade de resposta dos bombeiros, colocando em causa a vida das pessoas\u00bb.<\/p>\n\n\n\n<p>E concretizam com \u00aba sa\u00edda de viaturas que se encontram na linha anterior, como o ve\u00edculo urbano de inc\u00eandios ou o ve\u00edculo de desencarceramento\u00bb, que obriga a remover previamente 5 a 6 viaturas que se encontram \u00e0 frente. \u00abSem o parque exterior, a opera\u00e7\u00e3o de sa\u00edda de emerg\u00eancia fica fortemente comprometida relativamente ao tempo de resposta\u00bb, defendem.<\/p>\n\n\n\n<p>Outro momento que invocam \u00e9 \u00abquando a sirene \u00e9 acionada para situa\u00e7\u00f5es de emerg\u00eancia\u00bb, em que os bombeiros volunt\u00e1rios deixam de ter onde parar as suas viaturas para se equiparem e entrarem rapidamente nas oficiais\u00bb.<\/p>\n\n\n\n<p>Entre maio e outubro, no \u00e2mbito do Dispositivo Especial de Combate a Inc\u00eandios Rurais, altura dos inc\u00eandios florestais, \u2013 mediante esta limita\u00e7\u00e3o \u2013 o quartel deixa de poder receber ve\u00edculos de refor\u00e7o de outras corpora\u00e7\u00f5es, comprometendo a log\u00edstica e coordena\u00e7\u00e3o do combate ao fogo. \u00abO quartel \u00e9 o ponto de encontro para todas as corpora\u00e7\u00f5es e entidades, como GNR, ICNF, Ex\u00e9rcito, etc\u00bb, lembram.<\/p>\n\n\n\n<p>Al\u00e9m de tudo o mais, o quartel dos Bombeiros Cabeceirenses j\u00e1 n\u00e3o tem capacidade para todas as viaturas, havendo tr\u00eas delas que ficam sem parqueamento porque n\u00e3o cabem no interior.<\/p>\n\n\n\n<p>Pormenor relevante: neste parque exterior encontra-se instalada a \u00fanica boca de inc\u00eandio que permite o abastecimento seguro das viaturas fora das vias de circula\u00e7\u00e3o.<\/p>\n\n\n\n<p>De acordo com os bombeiros, estamos perante uma ocupa\u00e7\u00e3o semanal e permanente, durante todo o ano, que nunca aconteceu, \u00abnem durante a feira, nem durante as Festas Concelhias de S\u00e3o Miguel\u00bb.<\/p>\n\n\n\n<p>Lembra a corpora\u00e7\u00e3o que a Prote\u00e7\u00e3o Civil \u2013 de que o presidente da c\u00e2mara \u00e9 a m\u00e1xima autoridade no concelho \u2013 se rege pelos princ\u00edpios de preven\u00e7\u00e3o, precau\u00e7\u00e3o e prud\u00eancia, ou seja, \u00abqualquer decis\u00e3o suscet\u00edvel de afetar a capacidade de resposta dos agentes de socorro deve privilegiar sempre a minimiza\u00e7\u00e3o do risco\u00bb.<\/p>\n\n\n\n<p>\u00abA ocupa\u00e7\u00e3o de um espa\u00e7o essencial \u00e0 operacionalidade dos bombeiros, como \u00e9 o caso, cria um risco evit\u00e1vel de atraso no socorro, contrariando esses princ\u00edpios fundamentais\u00bb, sublinha.<\/p>\n\n\n\n<p>Acresce que, aos domingos e segundas-feiras, com a ocupa\u00e7\u00e3o integral do espa\u00e7o exterior, o quartel deixa de poder funcionar plenamente como ponto fulcral da Prote\u00e7\u00e3o Civil. \u00abEm caso de situa\u00e7\u00e3o excecional &#8212; como um apag\u00e3o, evento extremo ou necessidade de ativa\u00e7\u00e3o de um posto de comando &#8212; o quartel pode deixar de reunir condi\u00e7\u00f5es para receber viaturas, coordenar meios e assegurar a log\u00edstica necess\u00e1ria \u00e0 resposta municipal\u00bb, enfatiza.<\/p>\n\n\n\n<p>\u00abCaso se execute a implementa\u00e7\u00e3o deste condicionamento operacional, qualquer atraso no socorro \u00e0 popula\u00e7\u00e3o que venha a ocorrer desta decis\u00e3o ser\u00e1 da exclusiva responsabilidade deste executivo municipal e de quem aprovou a decis\u00e3o\u00bb, afirma a corpora\u00e7\u00e3o de forma perent\u00f3ria.<\/p>\n\n\n\n<p>\u00abNo socorro, cada minuto conta e, por vezes, um minuto pode significar uma vida; os Bombeiros Cabeceirenses reafirmam a sua total disponibilidade para um di\u00e1logo institucional s\u00e9rio e construtivo que permita encontrar solu\u00e7\u00f5es equilibradas, sempre colocando em primeiro lugar a seguran\u00e7a da popula\u00e7\u00e3o\u00bb. JPM].<\/p>\n\n\n\n<figure class=\"wp-block-gallery has-nested-images columns-default is-cropped wp-block-gallery-1 is-layout-flex wp-block-gallery-is-layout-flex\">\n<figure class=\"wp-block-image size-large\"><img loading=\"lazy\" decoding=\"async\" width=\"1024\" height=\"532\" data-id=\"5706\" src=\"https:\/\/terrasdebasto.pt\/wp-content\/uploads\/2026\/03\/BOMBEIROS-CABECEIRENSES-PARQUE-EXTERIOR-3-1024x532.jpg\" alt=\"\" class=\"wp-image-5706\" srcset=\"https:\/\/terrasdebasto.pt\/wp-content\/uploads\/2026\/03\/BOMBEIROS-CABECEIRENSES-PARQUE-EXTERIOR-3-1024x532.jpg 1024w, https:\/\/terrasdebasto.pt\/wp-content\/uploads\/2026\/03\/BOMBEIROS-CABECEIRENSES-PARQUE-EXTERIOR-3-300x156.jpg 300w, https:\/\/terrasdebasto.pt\/wp-content\/uploads\/2026\/03\/BOMBEIROS-CABECEIRENSES-PARQUE-EXTERIOR-3-768x399.jpg 768w, https:\/\/terrasdebasto.pt\/wp-content\/uploads\/2026\/03\/BOMBEIROS-CABECEIRENSES-PARQUE-EXTERIOR-3-1536x797.jpg 1536w, https:\/\/terrasdebasto.pt\/wp-content\/uploads\/2026\/03\/BOMBEIROS-CABECEIRENSES-PARQUE-EXTERIOR-3-2048x1063.jpg 2048w, https:\/\/terrasdebasto.pt\/wp-content\/uploads\/2026\/03\/BOMBEIROS-CABECEIRENSES-PARQUE-EXTERIOR-3-150x78.jpg 150w, https:\/\/terrasdebasto.pt\/wp-content\/uploads\/2026\/03\/BOMBEIROS-CABECEIRENSES-PARQUE-EXTERIOR-3-696x361.jpg 696w, https:\/\/terrasdebasto.pt\/wp-content\/uploads\/2026\/03\/BOMBEIROS-CABECEIRENSES-PARQUE-EXTERIOR-3-1068x554.jpg 1068w, https:\/\/terrasdebasto.pt\/wp-content\/uploads\/2026\/03\/BOMBEIROS-CABECEIRENSES-PARQUE-EXTERIOR-3-1920x997.jpg 1920w\" sizes=\"auto, (max-width: 1024px) 100vw, 1024px\" \/><\/figure>\n<\/figure>\n\n\n\n<figure class=\"wp-block-gallery has-nested-images columns-default is-cropped wp-block-gallery-2 is-layout-flex wp-block-gallery-is-layout-flex\">\n<figure class=\"wp-block-image size-large\"><img loading=\"lazy\" decoding=\"async\" width=\"1024\" height=\"566\" data-id=\"5707\" src=\"https:\/\/terrasdebasto.pt\/wp-content\/uploads\/2026\/03\/BOMBEIROS-CABECEIRENSES-PARQUE-EXTERIOR-4-1024x566.jpg\" alt=\"\" class=\"wp-image-5707\" srcset=\"https:\/\/terrasdebasto.pt\/wp-content\/uploads\/2026\/03\/BOMBEIROS-CABECEIRENSES-PARQUE-EXTERIOR-4-1024x566.jpg 1024w, https:\/\/terrasdebasto.pt\/wp-content\/uploads\/2026\/03\/BOMBEIROS-CABECEIRENSES-PARQUE-EXTERIOR-4-300x166.jpg 300w, https:\/\/terrasdebasto.pt\/wp-content\/uploads\/2026\/03\/BOMBEIROS-CABECEIRENSES-PARQUE-EXTERIOR-4-768x425.jpg 768w, https:\/\/terrasdebasto.pt\/wp-content\/uploads\/2026\/03\/BOMBEIROS-CABECEIRENSES-PARQUE-EXTERIOR-4-1536x850.jpg 1536w, https:\/\/terrasdebasto.pt\/wp-content\/uploads\/2026\/03\/BOMBEIROS-CABECEIRENSES-PARQUE-EXTERIOR-4-2048x1133.jpg 2048w, https:\/\/terrasdebasto.pt\/wp-content\/uploads\/2026\/03\/BOMBEIROS-CABECEIRENSES-PARQUE-EXTERIOR-4-150x83.jpg 150w, https:\/\/terrasdebasto.pt\/wp-content\/uploads\/2026\/03\/BOMBEIROS-CABECEIRENSES-PARQUE-EXTERIOR-4-696x385.jpg 696w, https:\/\/terrasdebasto.pt\/wp-content\/uploads\/2026\/03\/BOMBEIROS-CABECEIRENSES-PARQUE-EXTERIOR-4-1068x591.jpg 1068w, https:\/\/terrasdebasto.pt\/wp-content\/uploads\/2026\/03\/BOMBEIROS-CABECEIRENSES-PARQUE-EXTERIOR-4-1920x1062.jpg 1920w\" sizes=\"auto, (max-width: 1024px) 100vw, 1024px\" \/><\/figure>\n<\/figure>\n","protected":false},"excerpt":{"rendered":"<p>Os Bombeiros Cabeceirenses consideram \u00abde elevada gravidade\u00bb e \u00abcom impacto direto na seguran\u00e7a e na celeridade do socorro \u00e0 popula\u00e7\u00e3o\u00bb a decis\u00e3o tomada sexta-feira (27), em delibera\u00e7\u00e3o da c\u00e2mara municipal, de vir a ocupar com a feira semanal o espa\u00e7o fronteiro ao seu quartel, habitualmente usado para manobra e parqueamento tempor\u00e1rio das viaturas de socorro. [&hellip;]<\/p>\n","protected":false},"author":7,"featured_media":5705,"comment_status":"open","ping_status":"open","sticky":false,"template":"","format":"standard","meta":{"footnotes":""},"categories":[12,9],"tags":[98,1421],"class_list":{"0":"post-5704","1":"post","2":"type-post","3":"status-publish","4":"format-standard","5":"has-post-thumbnail","7":"category-cabeceiras-de-basto","8":"category-terras-de-basto","9":"tag-bombeiros-cabeceirenses","10":"tag-feira-semanal-de-cabeceiras-de-basto"},"yoast_head":"<!-- This site is optimized with the Yoast SEO plugin v25.7 - https:\/\/yoast.com\/wordpress\/plugins\/seo\/ -->\n<title>Bombeiros Cabeceirenses: \u00abse houver atraso no socorro ser\u00e1 da responsabilidade da c\u00e2mara\u00bb - Jornal Terras de Basto<\/title>\n<meta name=\"description\" content=\"Os Bombeiros Cabeceirenses consideram \u00abde elevada gravidade\u00bb e \u00abcom impacto direto na seguran\u00e7a e na celeridade do socorro \u00e0 popula\u00e7\u00e3o\u00bb a decis\u00e3o tomada sexta-feira (27), em delibera\u00e7\u00e3o da c\u00e2mara municipal, de vir a ocupar com a feira semanal o espa\u00e7o fronteiro ao seu quartel, habitualmente usado para manobra e parqueamento tempor\u00e1rio das viaturas de socorro.\" \/>\n<meta name=\"robots\" content=\"index, follow, max-snippet:-1, max-image-preview:large, max-video-preview:-1\" \/>\n<link rel=\"canonical\" href=\"https:\/\/terrasdebasto.pt\/?p=5704\" \/>\n<meta property=\"og:locale\" content=\"pt_PT\" \/>\n<meta property=\"og:type\" content=\"article\" \/>\n<meta property=\"og:title\" content=\"Bombeiros Cabeceirenses: \u00abse houver atraso no socorro ser\u00e1 da responsabilidade da c\u00e2mara\u00bb - Jornal Terras de Basto\" \/>\n<meta property=\"og:description\" content=\"Os Bombeiros Cabeceirenses consideram \u00abde elevada gravidade\u00bb e \u00abcom impacto direto na seguran\u00e7a e na celeridade do socorro \u00e0 popula\u00e7\u00e3o\u00bb a decis\u00e3o tomada sexta-feira (27), em delibera\u00e7\u00e3o da c\u00e2mara municipal, de vir a ocupar com a feira semanal o espa\u00e7o fronteiro ao seu quartel, habitualmente usado para manobra e parqueamento tempor\u00e1rio das viaturas de socorro.\" \/>\n<meta property=\"og:url\" content=\"https:\/\/terrasdebasto.pt\/?p=5704\" \/>\n<meta property=\"og:site_name\" content=\"Jornal Terras de Basto\" \/>\n<meta property=\"article:published_time\" content=\"2026-03-01T22:12:02+00:00\" \/>\n<meta property=\"article:modified_time\" content=\"2026-03-01T22:12:03+00:00\" \/>\n<meta property=\"og:image\" content=\"https:\/\/terrasdebasto.pt\/wp-content\/uploads\/2026\/03\/BOMBEIROS-CABECEIRENSES-PARQUE-EXTERIOR-2-scaled.jpg\" \/>\n\t<meta property=\"og:image:width\" content=\"2560\" \/>\n\t<meta property=\"og:image:height\" content=\"1539\" \/>\n\t<meta property=\"og:image:type\" content=\"image\/jpeg\" \/>\n<meta name=\"author\" content=\"Jo\u00e3o Paulo Mesquita\" \/>\n<meta name=\"twitter:card\" content=\"summary_large_image\" \/>\n<meta name=\"twitter:label1\" content=\"Escrito por\" \/>\n\t<meta name=\"twitter:data1\" content=\"Jo\u00e3o Paulo Mesquita\" \/>\n\t<meta name=\"twitter:label2\" content=\"Tempo estimado de leitura\" \/>\n\t<meta name=\"twitter:data2\" content=\"6 minutos\" \/>\n<script type=\"application\/ld+json\" class=\"yoast-schema-graph\">{\"@context\":\"https:\/\/schema.org\",\"@graph\":[{\"@type\":\"Article\",\"@id\":\"https:\/\/terrasdebasto.pt\/?p=5704#article\",\"isPartOf\":{\"@id\":\"https:\/\/terrasdebasto.pt\/?p=5704\"},\"author\":{\"name\":\"Jo\u00e3o Paulo Mesquita\",\"@id\":\"https:\/\/terrasdebasto.pt\/#\/schema\/person\/9f6739f5394ac65c802641773b278b84\"},\"headline\":\"Bombeiros Cabeceirenses: \u00abse houver atraso no socorro ser\u00e1 da responsabilidade da c\u00e2mara\u00bb\",\"datePublished\":\"2026-03-01T22:12:02+00:00\",\"dateModified\":\"2026-03-01T22:12:03+00:00\",\"mainEntityOfPage\":{\"@id\":\"https:\/\/terrasdebasto.pt\/?p=5704\"},\"wordCount\":961,\"commentCount\":0,\"publisher\":{\"@id\":\"https:\/\/terrasdebasto.pt\/#organization\"},\"image\":{\"@id\":\"https:\/\/terrasdebasto.pt\/?p=5704#primaryimage\"},\"thumbnailUrl\":\"https:\/\/terrasdebasto.pt\/wp-content\/uploads\/2026\/03\/BOMBEIROS-CABECEIRENSES-PARQUE-EXTERIOR-2-scaled.jpg\",\"keywords\":[\"Bombeiros Cabeceirenses\",\"Feira Semanal de Cabeceiras de Basto\"],\"articleSection\":[\"Cabeceiras de Basto\",\"Terras de Basto\"],\"inLanguage\":\"pt-PT\",\"potentialAction\":[{\"@type\":\"CommentAction\",\"name\":\"Comment\",\"target\":[\"https:\/\/terrasdebasto.pt\/?p=5704#respond\"]}]},{\"@type\":\"WebPage\",\"@id\":\"https:\/\/terrasdebasto.pt\/?p=5704\",\"url\":\"https:\/\/terrasdebasto.pt\/?p=5704\",\"name\":\"Bombeiros Cabeceirenses: \u00abse houver atraso no socorro ser\u00e1 da responsabilidade da c\u00e2mara\u00bb - Jornal Terras de Basto\",\"isPartOf\":{\"@id\":\"https:\/\/terrasdebasto.pt\/#website\"},\"primaryImageOfPage\":{\"@id\":\"https:\/\/terrasdebasto.pt\/?p=5704#primaryimage\"},\"image\":{\"@id\":\"https:\/\/terrasdebasto.pt\/?p=5704#primaryimage\"},\"thumbnailUrl\":\"https:\/\/terrasdebasto.pt\/wp-content\/uploads\/2026\/03\/BOMBEIROS-CABECEIRENSES-PARQUE-EXTERIOR-2-scaled.jpg\",\"datePublished\":\"2026-03-01T22:12:02+00:00\",\"dateModified\":\"2026-03-01T22:12:03+00:00\",\"description\":\"Os Bombeiros Cabeceirenses consideram \u00abde elevada gravidade\u00bb e \u00abcom impacto direto na seguran\u00e7a e na celeridade do socorro \u00e0 popula\u00e7\u00e3o\u00bb a decis\u00e3o tomada sexta-feira (27), em delibera\u00e7\u00e3o da c\u00e2mara municipal, de vir a ocupar com a feira semanal o espa\u00e7o fronteiro ao seu quartel, habitualmente usado para manobra e parqueamento tempor\u00e1rio das viaturas de socorro.\",\"breadcrumb\":{\"@id\":\"https:\/\/terrasdebasto.pt\/?p=5704#breadcrumb\"},\"inLanguage\":\"pt-PT\",\"potentialAction\":[{\"@type\":\"ReadAction\",\"target\":[\"https:\/\/terrasdebasto.pt\/?p=5704\"]}]},{\"@type\":\"ImageObject\",\"inLanguage\":\"pt-PT\",\"@id\":\"https:\/\/terrasdebasto.pt\/?p=5704#primaryimage\",\"url\":\"https:\/\/terrasdebasto.pt\/wp-content\/uploads\/2026\/03\/BOMBEIROS-CABECEIRENSES-PARQUE-EXTERIOR-2-scaled.jpg\",\"contentUrl\":\"https:\/\/terrasdebasto.pt\/wp-content\/uploads\/2026\/03\/BOMBEIROS-CABECEIRENSES-PARQUE-EXTERIOR-2-scaled.jpg\",\"width\":2560,\"height\":1539},{\"@type\":\"BreadcrumbList\",\"@id\":\"https:\/\/terrasdebasto.pt\/?p=5704#breadcrumb\",\"itemListElement\":[{\"@type\":\"ListItem\",\"position\":1,\"name\":\"In\u00edcio\",\"item\":\"https:\/\/terrasdebasto.pt\/\"},{\"@type\":\"ListItem\",\"position\":2,\"name\":\"Bombeiros Cabeceirenses: \u00abse houver atraso no socorro ser\u00e1 da responsabilidade da c\u00e2mara\u00bb\"}]},{\"@type\":\"WebSite\",\"@id\":\"https:\/\/terrasdebasto.pt\/#website\",\"url\":\"https:\/\/terrasdebasto.pt\/\",\"name\":\"Jornal Terras de Basto\",\"description\":\"\",\"publisher\":{\"@id\":\"https:\/\/terrasdebasto.pt\/#organization\"},\"potentialAction\":[{\"@type\":\"SearchAction\",\"target\":{\"@type\":\"EntryPoint\",\"urlTemplate\":\"https:\/\/terrasdebasto.pt\/?s={search_term_string}\"},\"query-input\":{\"@type\":\"PropertyValueSpecification\",\"valueRequired\":true,\"valueName\":\"search_term_string\"}}],\"inLanguage\":\"pt-PT\"},{\"@type\":\"Organization\",\"@id\":\"https:\/\/terrasdebasto.pt\/#organization\",\"name\":\"Jornal Terras de Basto\",\"url\":\"https:\/\/terrasdebasto.pt\/\",\"logo\":{\"@type\":\"ImageObject\",\"inLanguage\":\"pt-PT\",\"@id\":\"https:\/\/terrasdebasto.pt\/#\/schema\/logo\/image\/\",\"url\":\"https:\/\/terrasdebasto.pt\/wp-content\/uploads\/2024\/06\/LogoNormal.png\",\"contentUrl\":\"https:\/\/terrasdebasto.pt\/wp-content\/uploads\/2024\/06\/LogoNormal.png\",\"width\":5638,\"height\":809,\"caption\":\"Jornal Terras de Basto\"},\"image\":{\"@id\":\"https:\/\/terrasdebasto.pt\/#\/schema\/logo\/image\/\"}},{\"@type\":\"Person\",\"@id\":\"https:\/\/terrasdebasto.pt\/#\/schema\/person\/9f6739f5394ac65c802641773b278b84\",\"name\":\"Jo\u00e3o Paulo Mesquita\",\"image\":{\"@type\":\"ImageObject\",\"inLanguage\":\"pt-PT\",\"@id\":\"https:\/\/terrasdebasto.pt\/#\/schema\/person\/image\/\",\"url\":\"https:\/\/secure.gravatar.com\/avatar\/9bd0f299e6d96336664aab64354168246a3ee3287c47891c50d450e47ed9d7f9?s=96&d=mm&r=g\",\"contentUrl\":\"https:\/\/secure.gravatar.com\/avatar\/9bd0f299e6d96336664aab64354168246a3ee3287c47891c50d450e47ed9d7f9?s=96&d=mm&r=g\",\"caption\":\"Jo\u00e3o Paulo Mesquita\"},\"url\":\"https:\/\/terrasdebasto.pt\/?author=7\"}]}<\/script>\n<!-- \/ Yoast SEO plugin. -->","yoast_head_json":{"title":"Bombeiros Cabeceirenses: \u00abse houver atraso no socorro ser\u00e1 da responsabilidade da c\u00e2mara\u00bb - Jornal Terras de Basto","description":"Os Bombeiros Cabeceirenses consideram \u00abde elevada gravidade\u00bb e \u00abcom impacto direto na seguran\u00e7a e na celeridade do socorro \u00e0 popula\u00e7\u00e3o\u00bb a decis\u00e3o tomada sexta-feira (27), em delibera\u00e7\u00e3o da c\u00e2mara municipal, de vir a ocupar com a feira semanal o espa\u00e7o fronteiro ao seu quartel, habitualmente usado para manobra e parqueamento tempor\u00e1rio das viaturas de socorro.","robots":{"index":"index","follow":"follow","max-snippet":"max-snippet:-1","max-image-preview":"max-image-preview:large","max-video-preview":"max-video-preview:-1"},"canonical":"https:\/\/terrasdebasto.pt\/?p=5704","og_locale":"pt_PT","og_type":"article","og_title":"Bombeiros Cabeceirenses: \u00abse houver atraso no socorro ser\u00e1 da responsabilidade da c\u00e2mara\u00bb - Jornal Terras de Basto","og_description":"Os Bombeiros Cabeceirenses consideram \u00abde elevada gravidade\u00bb e \u00abcom impacto direto na seguran\u00e7a e na celeridade do socorro \u00e0 popula\u00e7\u00e3o\u00bb a decis\u00e3o tomada sexta-feira (27), em delibera\u00e7\u00e3o da c\u00e2mara municipal, de vir a ocupar com a feira semanal o espa\u00e7o fronteiro ao seu quartel, habitualmente usado para manobra e parqueamento tempor\u00e1rio das viaturas de socorro.","og_url":"https:\/\/terrasdebasto.pt\/?p=5704","og_site_name":"Jornal Terras de Basto","article_published_time":"2026-03-01T22:12:02+00:00","article_modified_time":"2026-03-01T22:12:03+00:00","og_image":[{"width":2560,"height":1539,"url":"https:\/\/terrasdebasto.pt\/wp-content\/uploads\/2026\/03\/BOMBEIROS-CABECEIRENSES-PARQUE-EXTERIOR-2-scaled.jpg","type":"image\/jpeg"}],"author":"Jo\u00e3o Paulo Mesquita","twitter_card":"summary_large_image","twitter_misc":{"Escrito por":"Jo\u00e3o Paulo Mesquita","Tempo estimado de leitura":"6 minutos"},"schema":{"@context":"https:\/\/schema.org","@graph":[{"@type":"Article","@id":"https:\/\/terrasdebasto.pt\/?p=5704#article","isPartOf":{"@id":"https:\/\/terrasdebasto.pt\/?p=5704"},"author":{"name":"Jo\u00e3o Paulo Mesquita","@id":"https:\/\/terrasdebasto.pt\/#\/schema\/person\/9f6739f5394ac65c802641773b278b84"},"headline":"Bombeiros Cabeceirenses: \u00abse houver atraso no socorro ser\u00e1 da responsabilidade da c\u00e2mara\u00bb","datePublished":"2026-03-01T22:12:02+00:00","dateModified":"2026-03-01T22:12:03+00:00","mainEntityOfPage":{"@id":"https:\/\/terrasdebasto.pt\/?p=5704"},"wordCount":961,"commentCount":0,"publisher":{"@id":"https:\/\/terrasdebasto.pt\/#organization"},"image":{"@id":"https:\/\/terrasdebasto.pt\/?p=5704#primaryimage"},"thumbnailUrl":"https:\/\/terrasdebasto.pt\/wp-content\/uploads\/2026\/03\/BOMBEIROS-CABECEIRENSES-PARQUE-EXTERIOR-2-scaled.jpg","keywords":["Bombeiros Cabeceirenses","Feira Semanal de Cabeceiras de Basto"],"articleSection":["Cabeceiras de Basto","Terras de Basto"],"inLanguage":"pt-PT","potentialAction":[{"@type":"CommentAction","name":"Comment","target":["https:\/\/terrasdebasto.pt\/?p=5704#respond"]}]},{"@type":"WebPage","@id":"https:\/\/terrasdebasto.pt\/?p=5704","url":"https:\/\/terrasdebasto.pt\/?p=5704","name":"Bombeiros Cabeceirenses: \u00abse houver atraso no socorro ser\u00e1 da responsabilidade da c\u00e2mara\u00bb - Jornal Terras de Basto","isPartOf":{"@id":"https:\/\/terrasdebasto.pt\/#website"},"primaryImageOfPage":{"@id":"https:\/\/terrasdebasto.pt\/?p=5704#primaryimage"},"image":{"@id":"https:\/\/terrasdebasto.pt\/?p=5704#primaryimage"},"thumbnailUrl":"https:\/\/terrasdebasto.pt\/wp-content\/uploads\/2026\/03\/BOMBEIROS-CABECEIRENSES-PARQUE-EXTERIOR-2-scaled.jpg","datePublished":"2026-03-01T22:12:02+00:00","dateModified":"2026-03-01T22:12:03+00:00","description":"Os Bombeiros Cabeceirenses consideram \u00abde elevada gravidade\u00bb e \u00abcom impacto direto na seguran\u00e7a e na celeridade do socorro \u00e0 popula\u00e7\u00e3o\u00bb a decis\u00e3o tomada sexta-feira (27), em delibera\u00e7\u00e3o da c\u00e2mara municipal, de vir a ocupar com a feira semanal o espa\u00e7o fronteiro ao seu quartel, habitualmente usado para manobra e parqueamento tempor\u00e1rio das viaturas de socorro.","breadcrumb":{"@id":"https:\/\/terrasdebasto.pt\/?p=5704#breadcrumb"},"inLanguage":"pt-PT","potentialAction":[{"@type":"ReadAction","target":["https:\/\/terrasdebasto.pt\/?p=5704"]}]},{"@type":"ImageObject","inLanguage":"pt-PT","@id":"https:\/\/terrasdebasto.pt\/?p=5704#primaryimage","url":"https:\/\/terrasdebasto.pt\/wp-content\/uploads\/2026\/03\/BOMBEIROS-CABECEIRENSES-PARQUE-EXTERIOR-2-scaled.jpg","contentUrl":"https:\/\/terrasdebasto.pt\/wp-content\/uploads\/2026\/03\/BOMBEIROS-CABECEIRENSES-PARQUE-EXTERIOR-2-scaled.jpg","width":2560,"height":1539},{"@type":"BreadcrumbList","@id":"https:\/\/terrasdebasto.pt\/?p=5704#breadcrumb","itemListElement":[{"@type":"ListItem","position":1,"name":"In\u00edcio","item":"https:\/\/terrasdebasto.pt\/"},{"@type":"ListItem","position":2,"name":"Bombeiros Cabeceirenses: \u00abse houver atraso no socorro ser\u00e1 da responsabilidade da c\u00e2mara\u00bb"}]},{"@type":"WebSite","@id":"https:\/\/terrasdebasto.pt\/#website","url":"https:\/\/terrasdebasto.pt\/","name":"Jornal Terras de Basto","description":"","publisher":{"@id":"https:\/\/terrasdebasto.pt\/#organization"},"potentialAction":[{"@type":"SearchAction","target":{"@type":"EntryPoint","urlTemplate":"https:\/\/terrasdebasto.pt\/?s={search_term_string}"},"query-input":{"@type":"PropertyValueSpecification","valueRequired":true,"valueName":"search_term_string"}}],"inLanguage":"pt-PT"},{"@type":"Organization","@id":"https:\/\/terrasdebasto.pt\/#organization","name":"Jornal Terras de Basto","url":"https:\/\/terrasdebasto.pt\/","logo":{"@type":"ImageObject","inLanguage":"pt-PT","@id":"https:\/\/terrasdebasto.pt\/#\/schema\/logo\/image\/","url":"https:\/\/terrasdebasto.pt\/wp-content\/uploads\/2024\/06\/LogoNormal.png","contentUrl":"https:\/\/terrasdebasto.pt\/wp-content\/uploads\/2024\/06\/LogoNormal.png","width":5638,"height":809,"caption":"Jornal Terras de Basto"},"image":{"@id":"https:\/\/terrasdebasto.pt\/#\/schema\/logo\/image\/"}},{"@type":"Person","@id":"https:\/\/terrasdebasto.pt\/#\/schema\/person\/9f6739f5394ac65c802641773b278b84","name":"Jo\u00e3o Paulo Mesquita","image":{"@type":"ImageObject","inLanguage":"pt-PT","@id":"https:\/\/terrasdebasto.pt\/#\/schema\/person\/image\/","url":"https:\/\/secure.gravatar.com\/avatar\/9bd0f299e6d96336664aab64354168246a3ee3287c47891c50d450e47ed9d7f9?s=96&d=mm&r=g","contentUrl":"https:\/\/secure.gravatar.com\/avatar\/9bd0f299e6d96336664aab64354168246a3ee3287c47891c50d450e47ed9d7f9?s=96&d=mm&r=g","caption":"Jo\u00e3o Paulo Mesquita"},"url":"https:\/\/terrasdebasto.pt\/?author=7"}]}},"_links":{"self":[{"href":"https:\/\/terrasdebasto.pt\/index.php?rest_route=\/wp\/v2\/posts\/5704","targetHints":{"allow":["GET"]}}],"collection":[{"href":"https:\/\/terrasdebasto.pt\/index.php?rest_route=\/wp\/v2\/posts"}],"about":[{"href":"https:\/\/terrasdebasto.pt\/index.php?rest_route=\/wp\/v2\/types\/post"}],"author":[{"embeddable":true,"href":"https:\/\/terrasdebasto.pt\/index.php?rest_route=\/wp\/v2\/users\/7"}],"replies":[{"embeddable":true,"href":"https:\/\/terrasdebasto.pt\/index.php?rest_route=%2Fwp%2Fv2%2Fcomments&post=5704"}],"version-history":[{"count":1,"href":"https:\/\/terrasdebasto.pt\/index.php?rest_route=\/wp\/v2\/posts\/5704\/revisions"}],"predecessor-version":[{"id":5708,"href":"https:\/\/terrasdebasto.pt\/index.php?rest_route=\/wp\/v2\/posts\/5704\/revisions\/5708"}],"wp:featuredmedia":[{"embeddable":true,"href":"https:\/\/terrasdebasto.pt\/index.php?rest_route=\/wp\/v2\/media\/5705"}],"wp:attachment":[{"href":"https:\/\/terrasdebasto.pt\/index.php?rest_route=%2Fwp%2Fv2%2Fmedia&parent=5704"}],"wp:term":[{"taxonomy":"category","embeddable":true,"href":"https:\/\/terrasdebasto.pt\/index.php?rest_route=%2Fwp%2Fv2%2Fcategories&post=5704"},{"taxonomy":"post_tag","embeddable":true,"href":"https:\/\/terrasdebasto.pt\/index.php?rest_route=%2Fwp%2Fv2%2Ftags&post=5704"}],"curies":[{"name":"wp","href":"https:\/\/api.w.org\/{rel}","templated":true}]}}