{"id":5701,"date":"2026-03-01T22:00:13","date_gmt":"2026-03-01T22:00:13","guid":{"rendered":"https:\/\/terrasdebasto.pt\/?p=5701"},"modified":"2026-03-01T22:00:14","modified_gmt":"2026-03-01T22:00:14","slug":"feira-de-cabeceiras-coligacao-tambem-defende-ocupacao-do-espaco-usado-pelos-bombeiros","status":"publish","type":"post","link":"https:\/\/terrasdebasto.pt\/?p=5701","title":{"rendered":"Feira de Cabeceiras: coliga\u00e7\u00e3o tamb\u00e9m defende ocupa\u00e7\u00e3o do espa\u00e7o usado pelos bombeiros"},"content":{"rendered":"\n<p><strong>Est\u00e1 a subir de tom a pol\u00e9mica entre a C\u00e2mara de Cabeceiras de Basto e os Bombeiros Cabeceirenses por causa de uma anunciada reorganiza\u00e7\u00e3o de espa\u00e7os da feira semanal. Conforme \u00e9 p\u00fablico, a concentra\u00e7\u00e3o do certame exclusivamente no Campo do Seco \u2013 anunciada sem qualquer di\u00e1logo com as partes \u2013 foi aprovada esta sexta-feira, com a absten\u00e7\u00e3o dos vereadores socialistas e o voto contr\u00e1rio dos representantes do movimento c\u00edvico \u201cServir Cabeceiras\u201d.<\/strong><\/p>\n\n\n\n<p>Depois de toda a oposi\u00e7\u00e3o ter vindo a p\u00fablico denunciar a forma como a decis\u00e3o foi tomada e o facto de n\u00e3o terem sido salvaguardados os interesses dos bombeiros \u2013 concretamente, na ocupa\u00e7\u00e3o do espa\u00e7o fronteiro ao quartel para manobra e eventual parqueamento das viaturas de socorro &#8212; a coliga\u00e7\u00e3o que sustenta a minorit\u00e1ria presid\u00eancia do executivo decidiu este domingo (1) sair em defesa daquela inten\u00e7\u00e3o.<\/p>\n\n\n\n<p>Em comunicado no \u201cFacebook\u201d, a coliga\u00e7\u00e3o PSD\/CDS opta pela acusa\u00e7\u00e3o de que se est\u00e1 perante uma \u00abtentativa de transformar uma institui\u00e7\u00e3o t\u00e3o respeitada numa ferramenta de combate pol\u00edtico\u00bb, considerando que \u00abos bombeiros merecem respeito permanente\u00bb, ou seja, \u00aba n\u00e3o instrumentaliza\u00e7\u00e3o sazonal ao servi\u00e7o de quem apenas os recorda quando precisa de criar ru\u00eddo\u00bb.<\/p>\n\n\n\n<p>Sociais-democratas e centristas dizem que o processo de reorganiza\u00e7\u00e3o da feira semanal \u00abfoi conduzido com total transpar\u00eancia\u00bb, tendo-se realizado uma sess\u00e3o p\u00fablica, depois de tomada a decis\u00e3o, que \u2013 garantem \u2013 \u00abfoi devidamente fundamentada\u00bb.<\/p>\n\n\n\n<p>A coliga\u00e7\u00e3o \u201cFazer Diferente\u201d refere-se, neste contexto, a uma reuni\u00e3o do presidente da c\u00e2mara com o presidente da dire\u00e7\u00e3o dos bombeiros, em que diz ter sido garantido que \u00aba operacionalidade da corpora\u00e7\u00e3o nunca estaria em causa\u00bb e em que \u00absolicitou expressamente que a pr\u00f3pria associa\u00e7\u00e3o [humanit\u00e1ria] indicasse quantos lugares de estacionamento considera necess\u00e1rios para que o munic\u00edpio proceda \u00e0 respetiva proibi\u00e7\u00e3o de estacionamento em frente do quartel\u00bb. \u00abEsta decis\u00e3o foi deliberadamente colocada nas m\u00e3os da pr\u00f3pria dire\u00e7\u00e3o\u00bb, diz.<\/p>\n\n\n\n<p>Os partidos que suportam a presid\u00eancia de Manuel Teixeira dizem ainda ter sido assegurado \u00abque a GNR e a Pol\u00edcia Municipal garantir\u00e3o, sempre que necess\u00e1rio, o encerramento tempor\u00e1rio da via adjacente, permitindo o acesso imediato e desimpedido das viaturas de emerg\u00eancia\u00bb.<\/p>\n\n\n\n<p>\u00abPerante estes factos, qualquer narrativa que insinue risco para o socorro n\u00e3o corresponde \u00e0 verdade; o que n\u00e3o pode ser tolerado \u00e9 a tentativa de transformar uma institui\u00e7\u00e3o t\u00e3o respeitada numa ferramenta de combate pol\u00edtico\u00bb, conclui, sublinhando que n\u00e3o vai \u00abceder \u00e0 desinforma\u00e7\u00e3o\u00bb e que n\u00e3o vai \u00abhesitar perante o oportunismo\u00bb.<\/p>\n","protected":false},"excerpt":{"rendered":"<p>Est\u00e1 a subir de tom a pol\u00e9mica entre a C\u00e2mara de Cabeceiras de Basto e os Bombeiros Cabeceirenses por causa de uma anunciada reorganiza\u00e7\u00e3o de espa\u00e7os da feira semanal. Conforme \u00e9 p\u00fablico, a concentra\u00e7\u00e3o do certame exclusivamente no Campo do Seco \u2013 anunciada sem qualquer di\u00e1logo com as partes \u2013 foi aprovada esta sexta-feira, com [&hellip;]<\/p>\n","protected":false},"author":7,"featured_media":5702,"comment_status":"open","ping_status":"open","sticky":false,"template":"","format":"standard","meta":{"footnotes":""},"categories":[12,9],"tags":[98,1421,1422],"class_list":{"0":"post-5701","1":"post","2":"type-post","3":"status-publish","4":"format-standard","5":"has-post-thumbnail","7":"category-cabeceiras-de-basto","8":"category-terras-de-basto","9":"tag-bombeiros-cabeceirenses","10":"tag-feira-semanal-de-cabeceiras-de-basto","11":"tag-parque-exterior-dos-bomberos-cabeceirenses"},"yoast_head":"<!-- This site is optimized with the Yoast SEO plugin v25.7 - https:\/\/yoast.com\/wordpress\/plugins\/seo\/ -->\n<title>Feira de Cabeceiras: coliga\u00e7\u00e3o tamb\u00e9m defende ocupa\u00e7\u00e3o do espa\u00e7o usado pelos bombeiros - Jornal Terras de Basto<\/title>\n<meta name=\"description\" content=\"Est\u00e1 a subir de tom a pol\u00e9mica entre a C\u00e2mara de Cabeceiras de Basto e os Bombeiros Cabeceirenses por causa de uma anunciada reorganiza\u00e7\u00e3o de espa\u00e7os da feira semanal. Conforme \u00e9 p\u00fablico, a concentra\u00e7\u00e3o do certame exclusivamente no Campo do Seco \u2013 anunciada sem qualquer di\u00e1logo com as partes \u2013 foi aprovada esta sexta-feira, com a absten\u00e7\u00e3o dos vereadores socialistas e o voto contr\u00e1rio dos representantes do movimento c\u00edvico \u201cServir Cabeceiras\u201d.\" \/>\n<meta name=\"robots\" content=\"index, follow, max-snippet:-1, max-image-preview:large, max-video-preview:-1\" \/>\n<link rel=\"canonical\" href=\"https:\/\/terrasdebasto.pt\/?p=5701\" \/>\n<meta property=\"og:locale\" content=\"pt_PT\" \/>\n<meta property=\"og:type\" content=\"article\" \/>\n<meta property=\"og:title\" content=\"Feira de Cabeceiras: coliga\u00e7\u00e3o tamb\u00e9m defende ocupa\u00e7\u00e3o do espa\u00e7o usado pelos bombeiros - Jornal Terras de Basto\" \/>\n<meta property=\"og:description\" content=\"Est\u00e1 a subir de tom a pol\u00e9mica entre a C\u00e2mara de Cabeceiras de Basto e os Bombeiros Cabeceirenses por causa de uma anunciada reorganiza\u00e7\u00e3o de espa\u00e7os da feira semanal. Conforme \u00e9 p\u00fablico, a concentra\u00e7\u00e3o do certame exclusivamente no Campo do Seco \u2013 anunciada sem qualquer di\u00e1logo com as partes \u2013 foi aprovada esta sexta-feira, com a absten\u00e7\u00e3o dos vereadores socialistas e o voto contr\u00e1rio dos representantes do movimento c\u00edvico \u201cServir Cabeceiras\u201d.\" \/>\n<meta property=\"og:url\" content=\"https:\/\/terrasdebasto.pt\/?p=5701\" \/>\n<meta property=\"og:site_name\" content=\"Jornal Terras de Basto\" \/>\n<meta property=\"article:published_time\" content=\"2026-03-01T22:00:13+00:00\" \/>\n<meta property=\"article:modified_time\" content=\"2026-03-01T22:00:14+00:00\" \/>\n<meta property=\"og:image\" content=\"https:\/\/terrasdebasto.pt\/wp-content\/uploads\/2026\/03\/BOMBEIROS-CABECEIRENSES-PARQUE-EXTERIOR-1-scaled.jpg\" \/>\n\t<meta property=\"og:image:width\" content=\"2560\" \/>\n\t<meta property=\"og:image:height\" content=\"1497\" \/>\n\t<meta property=\"og:image:type\" content=\"image\/jpeg\" \/>\n<meta name=\"author\" content=\"Jo\u00e3o Paulo Mesquita\" \/>\n<meta name=\"twitter:card\" content=\"summary_large_image\" \/>\n<meta name=\"twitter:label1\" content=\"Escrito por\" \/>\n\t<meta name=\"twitter:data1\" content=\"Jo\u00e3o Paulo Mesquita\" \/>\n\t<meta name=\"twitter:label2\" content=\"Tempo estimado de leitura\" \/>\n\t<meta name=\"twitter:data2\" content=\"3 minutos\" \/>\n<script type=\"application\/ld+json\" class=\"yoast-schema-graph\">{\"@context\":\"https:\/\/schema.org\",\"@graph\":[{\"@type\":\"Article\",\"@id\":\"https:\/\/terrasdebasto.pt\/?p=5701#article\",\"isPartOf\":{\"@id\":\"https:\/\/terrasdebasto.pt\/?p=5701\"},\"author\":{\"name\":\"Jo\u00e3o Paulo Mesquita\",\"@id\":\"https:\/\/terrasdebasto.pt\/#\/schema\/person\/9f6739f5394ac65c802641773b278b84\"},\"headline\":\"Feira de Cabeceiras: coliga\u00e7\u00e3o tamb\u00e9m defende ocupa\u00e7\u00e3o do espa\u00e7o usado pelos bombeiros\",\"datePublished\":\"2026-03-01T22:00:13+00:00\",\"dateModified\":\"2026-03-01T22:00:14+00:00\",\"mainEntityOfPage\":{\"@id\":\"https:\/\/terrasdebasto.pt\/?p=5701\"},\"wordCount\":463,\"commentCount\":0,\"publisher\":{\"@id\":\"https:\/\/terrasdebasto.pt\/#organization\"},\"image\":{\"@id\":\"https:\/\/terrasdebasto.pt\/?p=5701#primaryimage\"},\"thumbnailUrl\":\"https:\/\/terrasdebasto.pt\/wp-content\/uploads\/2026\/03\/BOMBEIROS-CABECEIRENSES-PARQUE-EXTERIOR-1-scaled.jpg\",\"keywords\":[\"Bombeiros Cabeceirenses\",\"Feira Semanal de Cabeceiras de Basto\",\"Parque Exterior dos Bomberos Cabeceirenses\"],\"articleSection\":[\"Cabeceiras de Basto\",\"Terras de Basto\"],\"inLanguage\":\"pt-PT\",\"potentialAction\":[{\"@type\":\"CommentAction\",\"name\":\"Comment\",\"target\":[\"https:\/\/terrasdebasto.pt\/?p=5701#respond\"]}]},{\"@type\":\"WebPage\",\"@id\":\"https:\/\/terrasdebasto.pt\/?p=5701\",\"url\":\"https:\/\/terrasdebasto.pt\/?p=5701\",\"name\":\"Feira de Cabeceiras: coliga\u00e7\u00e3o tamb\u00e9m defende ocupa\u00e7\u00e3o do espa\u00e7o usado pelos bombeiros - Jornal Terras de Basto\",\"isPartOf\":{\"@id\":\"https:\/\/terrasdebasto.pt\/#website\"},\"primaryImageOfPage\":{\"@id\":\"https:\/\/terrasdebasto.pt\/?p=5701#primaryimage\"},\"image\":{\"@id\":\"https:\/\/terrasdebasto.pt\/?p=5701#primaryimage\"},\"thumbnailUrl\":\"https:\/\/terrasdebasto.pt\/wp-content\/uploads\/2026\/03\/BOMBEIROS-CABECEIRENSES-PARQUE-EXTERIOR-1-scaled.jpg\",\"datePublished\":\"2026-03-01T22:00:13+00:00\",\"dateModified\":\"2026-03-01T22:00:14+00:00\",\"description\":\"Est\u00e1 a subir de tom a pol\u00e9mica entre a C\u00e2mara de Cabeceiras de Basto e os Bombeiros Cabeceirenses por causa de uma anunciada reorganiza\u00e7\u00e3o de espa\u00e7os da feira semanal. Conforme \u00e9 p\u00fablico, a concentra\u00e7\u00e3o do certame exclusivamente no Campo do Seco \u2013 anunciada sem qualquer di\u00e1logo com as partes \u2013 foi aprovada esta sexta-feira, com a absten\u00e7\u00e3o dos vereadores socialistas e o voto contr\u00e1rio dos representantes do movimento c\u00edvico \u201cServir Cabeceiras\u201d.\",\"breadcrumb\":{\"@id\":\"https:\/\/terrasdebasto.pt\/?p=5701#breadcrumb\"},\"inLanguage\":\"pt-PT\",\"potentialAction\":[{\"@type\":\"ReadAction\",\"target\":[\"https:\/\/terrasdebasto.pt\/?p=5701\"]}]},{\"@type\":\"ImageObject\",\"inLanguage\":\"pt-PT\",\"@id\":\"https:\/\/terrasdebasto.pt\/?p=5701#primaryimage\",\"url\":\"https:\/\/terrasdebasto.pt\/wp-content\/uploads\/2026\/03\/BOMBEIROS-CABECEIRENSES-PARQUE-EXTERIOR-1-scaled.jpg\",\"contentUrl\":\"https:\/\/terrasdebasto.pt\/wp-content\/uploads\/2026\/03\/BOMBEIROS-CABECEIRENSES-PARQUE-EXTERIOR-1-scaled.jpg\",\"width\":2560,\"height\":1497},{\"@type\":\"BreadcrumbList\",\"@id\":\"https:\/\/terrasdebasto.pt\/?p=5701#breadcrumb\",\"itemListElement\":[{\"@type\":\"ListItem\",\"position\":1,\"name\":\"In\u00edcio\",\"item\":\"https:\/\/terrasdebasto.pt\/\"},{\"@type\":\"ListItem\",\"position\":2,\"name\":\"Feira de Cabeceiras: coliga\u00e7\u00e3o tamb\u00e9m defende ocupa\u00e7\u00e3o do espa\u00e7o usado pelos bombeiros\"}]},{\"@type\":\"WebSite\",\"@id\":\"https:\/\/terrasdebasto.pt\/#website\",\"url\":\"https:\/\/terrasdebasto.pt\/\",\"name\":\"Jornal Terras de Basto\",\"description\":\"\",\"publisher\":{\"@id\":\"https:\/\/terrasdebasto.pt\/#organization\"},\"potentialAction\":[{\"@type\":\"SearchAction\",\"target\":{\"@type\":\"EntryPoint\",\"urlTemplate\":\"https:\/\/terrasdebasto.pt\/?s={search_term_string}\"},\"query-input\":{\"@type\":\"PropertyValueSpecification\",\"valueRequired\":true,\"valueName\":\"search_term_string\"}}],\"inLanguage\":\"pt-PT\"},{\"@type\":\"Organization\",\"@id\":\"https:\/\/terrasdebasto.pt\/#organization\",\"name\":\"Jornal Terras de Basto\",\"url\":\"https:\/\/terrasdebasto.pt\/\",\"logo\":{\"@type\":\"ImageObject\",\"inLanguage\":\"pt-PT\",\"@id\":\"https:\/\/terrasdebasto.pt\/#\/schema\/logo\/image\/\",\"url\":\"https:\/\/terrasdebasto.pt\/wp-content\/uploads\/2024\/06\/LogoNormal.png\",\"contentUrl\":\"https:\/\/terrasdebasto.pt\/wp-content\/uploads\/2024\/06\/LogoNormal.png\",\"width\":5638,\"height\":809,\"caption\":\"Jornal Terras de Basto\"},\"image\":{\"@id\":\"https:\/\/terrasdebasto.pt\/#\/schema\/logo\/image\/\"}},{\"@type\":\"Person\",\"@id\":\"https:\/\/terrasdebasto.pt\/#\/schema\/person\/9f6739f5394ac65c802641773b278b84\",\"name\":\"Jo\u00e3o Paulo Mesquita\",\"image\":{\"@type\":\"ImageObject\",\"inLanguage\":\"pt-PT\",\"@id\":\"https:\/\/terrasdebasto.pt\/#\/schema\/person\/image\/\",\"url\":\"https:\/\/secure.gravatar.com\/avatar\/9bd0f299e6d96336664aab64354168246a3ee3287c47891c50d450e47ed9d7f9?s=96&d=mm&r=g\",\"contentUrl\":\"https:\/\/secure.gravatar.com\/avatar\/9bd0f299e6d96336664aab64354168246a3ee3287c47891c50d450e47ed9d7f9?s=96&d=mm&r=g\",\"caption\":\"Jo\u00e3o Paulo Mesquita\"},\"url\":\"https:\/\/terrasdebasto.pt\/?author=7\"}]}<\/script>\n<!-- \/ Yoast SEO plugin. -->","yoast_head_json":{"title":"Feira de Cabeceiras: coliga\u00e7\u00e3o tamb\u00e9m defende ocupa\u00e7\u00e3o do espa\u00e7o usado pelos bombeiros - Jornal Terras de Basto","description":"Est\u00e1 a subir de tom a pol\u00e9mica entre a C\u00e2mara de Cabeceiras de Basto e os Bombeiros Cabeceirenses por causa de uma anunciada reorganiza\u00e7\u00e3o de espa\u00e7os da feira semanal. Conforme \u00e9 p\u00fablico, a concentra\u00e7\u00e3o do certame exclusivamente no Campo do Seco \u2013 anunciada sem qualquer di\u00e1logo com as partes \u2013 foi aprovada esta sexta-feira, com a absten\u00e7\u00e3o dos vereadores socialistas e o voto contr\u00e1rio dos representantes do movimento c\u00edvico \u201cServir Cabeceiras\u201d.","robots":{"index":"index","follow":"follow","max-snippet":"max-snippet:-1","max-image-preview":"max-image-preview:large","max-video-preview":"max-video-preview:-1"},"canonical":"https:\/\/terrasdebasto.pt\/?p=5701","og_locale":"pt_PT","og_type":"article","og_title":"Feira de Cabeceiras: coliga\u00e7\u00e3o tamb\u00e9m defende ocupa\u00e7\u00e3o do espa\u00e7o usado pelos bombeiros - Jornal Terras de Basto","og_description":"Est\u00e1 a subir de tom a pol\u00e9mica entre a C\u00e2mara de Cabeceiras de Basto e os Bombeiros Cabeceirenses por causa de uma anunciada reorganiza\u00e7\u00e3o de espa\u00e7os da feira semanal. Conforme \u00e9 p\u00fablico, a concentra\u00e7\u00e3o do certame exclusivamente no Campo do Seco \u2013 anunciada sem qualquer di\u00e1logo com as partes \u2013 foi aprovada esta sexta-feira, com a absten\u00e7\u00e3o dos vereadores socialistas e o voto contr\u00e1rio dos representantes do movimento c\u00edvico \u201cServir Cabeceiras\u201d.","og_url":"https:\/\/terrasdebasto.pt\/?p=5701","og_site_name":"Jornal Terras de Basto","article_published_time":"2026-03-01T22:00:13+00:00","article_modified_time":"2026-03-01T22:00:14+00:00","og_image":[{"width":2560,"height":1497,"url":"https:\/\/terrasdebasto.pt\/wp-content\/uploads\/2026\/03\/BOMBEIROS-CABECEIRENSES-PARQUE-EXTERIOR-1-scaled.jpg","type":"image\/jpeg"}],"author":"Jo\u00e3o Paulo Mesquita","twitter_card":"summary_large_image","twitter_misc":{"Escrito por":"Jo\u00e3o Paulo Mesquita","Tempo estimado de leitura":"3 minutos"},"schema":{"@context":"https:\/\/schema.org","@graph":[{"@type":"Article","@id":"https:\/\/terrasdebasto.pt\/?p=5701#article","isPartOf":{"@id":"https:\/\/terrasdebasto.pt\/?p=5701"},"author":{"name":"Jo\u00e3o Paulo Mesquita","@id":"https:\/\/terrasdebasto.pt\/#\/schema\/person\/9f6739f5394ac65c802641773b278b84"},"headline":"Feira de Cabeceiras: coliga\u00e7\u00e3o tamb\u00e9m defende ocupa\u00e7\u00e3o do espa\u00e7o usado pelos bombeiros","datePublished":"2026-03-01T22:00:13+00:00","dateModified":"2026-03-01T22:00:14+00:00","mainEntityOfPage":{"@id":"https:\/\/terrasdebasto.pt\/?p=5701"},"wordCount":463,"commentCount":0,"publisher":{"@id":"https:\/\/terrasdebasto.pt\/#organization"},"image":{"@id":"https:\/\/terrasdebasto.pt\/?p=5701#primaryimage"},"thumbnailUrl":"https:\/\/terrasdebasto.pt\/wp-content\/uploads\/2026\/03\/BOMBEIROS-CABECEIRENSES-PARQUE-EXTERIOR-1-scaled.jpg","keywords":["Bombeiros Cabeceirenses","Feira Semanal de Cabeceiras de Basto","Parque Exterior dos Bomberos Cabeceirenses"],"articleSection":["Cabeceiras de Basto","Terras de Basto"],"inLanguage":"pt-PT","potentialAction":[{"@type":"CommentAction","name":"Comment","target":["https:\/\/terrasdebasto.pt\/?p=5701#respond"]}]},{"@type":"WebPage","@id":"https:\/\/terrasdebasto.pt\/?p=5701","url":"https:\/\/terrasdebasto.pt\/?p=5701","name":"Feira de Cabeceiras: coliga\u00e7\u00e3o tamb\u00e9m defende ocupa\u00e7\u00e3o do espa\u00e7o usado pelos bombeiros - Jornal Terras de Basto","isPartOf":{"@id":"https:\/\/terrasdebasto.pt\/#website"},"primaryImageOfPage":{"@id":"https:\/\/terrasdebasto.pt\/?p=5701#primaryimage"},"image":{"@id":"https:\/\/terrasdebasto.pt\/?p=5701#primaryimage"},"thumbnailUrl":"https:\/\/terrasdebasto.pt\/wp-content\/uploads\/2026\/03\/BOMBEIROS-CABECEIRENSES-PARQUE-EXTERIOR-1-scaled.jpg","datePublished":"2026-03-01T22:00:13+00:00","dateModified":"2026-03-01T22:00:14+00:00","description":"Est\u00e1 a subir de tom a pol\u00e9mica entre a C\u00e2mara de Cabeceiras de Basto e os Bombeiros Cabeceirenses por causa de uma anunciada reorganiza\u00e7\u00e3o de espa\u00e7os da feira semanal. Conforme \u00e9 p\u00fablico, a concentra\u00e7\u00e3o do certame exclusivamente no Campo do Seco \u2013 anunciada sem qualquer di\u00e1logo com as partes \u2013 foi aprovada esta sexta-feira, com a absten\u00e7\u00e3o dos vereadores socialistas e o voto contr\u00e1rio dos representantes do movimento c\u00edvico \u201cServir Cabeceiras\u201d.","breadcrumb":{"@id":"https:\/\/terrasdebasto.pt\/?p=5701#breadcrumb"},"inLanguage":"pt-PT","potentialAction":[{"@type":"ReadAction","target":["https:\/\/terrasdebasto.pt\/?p=5701"]}]},{"@type":"ImageObject","inLanguage":"pt-PT","@id":"https:\/\/terrasdebasto.pt\/?p=5701#primaryimage","url":"https:\/\/terrasdebasto.pt\/wp-content\/uploads\/2026\/03\/BOMBEIROS-CABECEIRENSES-PARQUE-EXTERIOR-1-scaled.jpg","contentUrl":"https:\/\/terrasdebasto.pt\/wp-content\/uploads\/2026\/03\/BOMBEIROS-CABECEIRENSES-PARQUE-EXTERIOR-1-scaled.jpg","width":2560,"height":1497},{"@type":"BreadcrumbList","@id":"https:\/\/terrasdebasto.pt\/?p=5701#breadcrumb","itemListElement":[{"@type":"ListItem","position":1,"name":"In\u00edcio","item":"https:\/\/terrasdebasto.pt\/"},{"@type":"ListItem","position":2,"name":"Feira de Cabeceiras: coliga\u00e7\u00e3o tamb\u00e9m defende ocupa\u00e7\u00e3o do espa\u00e7o usado pelos bombeiros"}]},{"@type":"WebSite","@id":"https:\/\/terrasdebasto.pt\/#website","url":"https:\/\/terrasdebasto.pt\/","name":"Jornal Terras de Basto","description":"","publisher":{"@id":"https:\/\/terrasdebasto.pt\/#organization"},"potentialAction":[{"@type":"SearchAction","target":{"@type":"EntryPoint","urlTemplate":"https:\/\/terrasdebasto.pt\/?s={search_term_string}"},"query-input":{"@type":"PropertyValueSpecification","valueRequired":true,"valueName":"search_term_string"}}],"inLanguage":"pt-PT"},{"@type":"Organization","@id":"https:\/\/terrasdebasto.pt\/#organization","name":"Jornal Terras de Basto","url":"https:\/\/terrasdebasto.pt\/","logo":{"@type":"ImageObject","inLanguage":"pt-PT","@id":"https:\/\/terrasdebasto.pt\/#\/schema\/logo\/image\/","url":"https:\/\/terrasdebasto.pt\/wp-content\/uploads\/2024\/06\/LogoNormal.png","contentUrl":"https:\/\/terrasdebasto.pt\/wp-content\/uploads\/2024\/06\/LogoNormal.png","width":5638,"height":809,"caption":"Jornal Terras de Basto"},"image":{"@id":"https:\/\/terrasdebasto.pt\/#\/schema\/logo\/image\/"}},{"@type":"Person","@id":"https:\/\/terrasdebasto.pt\/#\/schema\/person\/9f6739f5394ac65c802641773b278b84","name":"Jo\u00e3o Paulo Mesquita","image":{"@type":"ImageObject","inLanguage":"pt-PT","@id":"https:\/\/terrasdebasto.pt\/#\/schema\/person\/image\/","url":"https:\/\/secure.gravatar.com\/avatar\/9bd0f299e6d96336664aab64354168246a3ee3287c47891c50d450e47ed9d7f9?s=96&d=mm&r=g","contentUrl":"https:\/\/secure.gravatar.com\/avatar\/9bd0f299e6d96336664aab64354168246a3ee3287c47891c50d450e47ed9d7f9?s=96&d=mm&r=g","caption":"Jo\u00e3o Paulo Mesquita"},"url":"https:\/\/terrasdebasto.pt\/?author=7"}]}},"_links":{"self":[{"href":"https:\/\/terrasdebasto.pt\/index.php?rest_route=\/wp\/v2\/posts\/5701","targetHints":{"allow":["GET"]}}],"collection":[{"href":"https:\/\/terrasdebasto.pt\/index.php?rest_route=\/wp\/v2\/posts"}],"about":[{"href":"https:\/\/terrasdebasto.pt\/index.php?rest_route=\/wp\/v2\/types\/post"}],"author":[{"embeddable":true,"href":"https:\/\/terrasdebasto.pt\/index.php?rest_route=\/wp\/v2\/users\/7"}],"replies":[{"embeddable":true,"href":"https:\/\/terrasdebasto.pt\/index.php?rest_route=%2Fwp%2Fv2%2Fcomments&post=5701"}],"version-history":[{"count":1,"href":"https:\/\/terrasdebasto.pt\/index.php?rest_route=\/wp\/v2\/posts\/5701\/revisions"}],"predecessor-version":[{"id":5703,"href":"https:\/\/terrasdebasto.pt\/index.php?rest_route=\/wp\/v2\/posts\/5701\/revisions\/5703"}],"wp:featuredmedia":[{"embeddable":true,"href":"https:\/\/terrasdebasto.pt\/index.php?rest_route=\/wp\/v2\/media\/5702"}],"wp:attachment":[{"href":"https:\/\/terrasdebasto.pt\/index.php?rest_route=%2Fwp%2Fv2%2Fmedia&parent=5701"}],"wp:term":[{"taxonomy":"category","embeddable":true,"href":"https:\/\/terrasdebasto.pt\/index.php?rest_route=%2Fwp%2Fv2%2Fcategories&post=5701"},{"taxonomy":"post_tag","embeddable":true,"href":"https:\/\/terrasdebasto.pt\/index.php?rest_route=%2Fwp%2Fv2%2Ftags&post=5701"}],"curies":[{"name":"wp","href":"https:\/\/api.w.org\/{rel}","templated":true}]}}