{"id":55,"date":"2024-06-27T09:47:43","date_gmt":"2024-06-27T09:47:43","guid":{"rendered":"http:\/\/tdi_178_6a1"},"modified":"2024-06-27T10:57:25","modified_gmt":"2024-06-27T10:57:25","slug":"5-directors-who-changed-the-face-of-cinema","status":"publish","type":"post","link":"https:\/\/terrasdebasto.pt\/?p=55","title":{"rendered":"Igreja do Salvadorde cara lavada"},"content":{"rendered":"<h3>Come\u00e7aram por estes dias as obras de reabilita\u00e7\u00e3o das fachadas da Igreja<br \/>\ndo Divino Salvador, um dos mais proeminentes pontos de interesse hist\u00f3rico<br \/>\ne cultural de Ribeira de Pena.<\/h3>\n<p>O templo est\u00e1 a ser \u201cembrulhado\u201d \u2013 tal como se encontra o edif\u00edcio pr\u00f3ximo, sede do munic\u00edpio \u2013, circunst\u00e2ncia que dever\u00e1 manter-se por alguns meses.<br \/>\nFinanciada por fundos comunit\u00e1rios, de acordo com candidatura ao PDR2020 formalizada pela autarquia, as obras dever\u00e3o custar cerca de 160 mil euros, focando-se essencialmente \u00abnuma limpeza e na conserva\u00e7\u00e3o das fachadas, principalmente dos elementos de granito da torre sineira\u00bb.<br \/>\nA reabilita\u00e7\u00e3o da envolvente exterior compreende o restauro dos elementos p\u00e9treos, caixilharias, funilarias e pinturas, de forma a manter o valor arquitet\u00f3nico do edif\u00edcio, que \u00e9 uma refer\u00eancia para o concelho.<\/p>\n<p>A interven\u00e7\u00e3o prev\u00ea a remo\u00e7\u00e3o dos rufos, caleiras, tubos de queda, lar\u00f3s e algeroz existentes na cobertura, a picagem de rebocos at\u00e9 \u00e0 alvenaria, remo\u00e7\u00e3o do gradeamento de vidro ou vidros de gradeamento dos v\u00e3os de janelas, a remo\u00e7\u00e3o de caixilharia de madeira e vidros, remo\u00e7\u00e3o da rede anti-aves existente nos v\u00e3os, a remo\u00e7\u00e3o de portas, e a remo\u00e7\u00e3o e acondicionamento de pavimento em lajeado de pedra e a remo\u00e7\u00e3o de elementos em ferro existentes nos v\u00e3os da torre sineira. A Igreja do Divino Salvador, localizada na freguesia hom\u00f3nima, apresenta caracter\u00edsticas arquitet\u00f3nicas que refletem diferentes per\u00edodos hist\u00f3ricos, incorporando elementos que podem remontar ao s\u00e9culo XVIII ou antes. Tem um interior ricamente decorado e altares esculpidos, pain\u00e9is de azulejos e outras obras de arte sacra t\u00edpicas das igrejas portuguesas desta \u00e9poca. Em 2020, j\u00e1 tinham sido levadas a cabo obras no im\u00f3vel, que inclu\u00edram o restauro das pe\u00e7as, ret\u00e1bulos e a pintura mural do altar-mor, num investimento de 34 mil euros, que resultou de um protocolo entre o Munic\u00edpio de Ribeira de Pena, a Dire\u00e7\u00e3o Regional da Cultura do Norte e a empresa concession\u00e1ria do empreendimento el\u00e9trico do T\u00e2mega, a espanhola \u201cIberdola\u201d. Jo\u00e3o Noronha, o presidente da c\u00e2mara municipal, considera que o restauro do templo \u00ab\u00e9 crucial para a preserva\u00e7\u00e3o e valoriza\u00e7\u00e3o do patrim\u00f3nio\u00bb local, desde logo porque a Igreja do Divino Salvador \u00e9 uma refer\u00eancia\u00bb. \u00abCom o passar do tempo, come\u00e7amos a notar sinais de desgaste; estou satisfeito por ver que, aos poucos, estamos a conseguir renovar e transformar este patrim\u00f3nio\u00bb, sublinha.<\/p>\n","protected":false},"excerpt":{"rendered":"<p>Come\u00e7aram por estes dias as obras de reabilita\u00e7\u00e3o das fachadas da Igreja do Divino Salvador, um dos mais proeminentes pontos de interesse hist\u00f3rico e cultural de Ribeira de Pena. O templo est\u00e1 a ser \u201cembrulhado\u201d \u2013 tal como se encontra o edif\u00edcio pr\u00f3ximo, sede do munic\u00edpio \u2013, circunst\u00e2ncia que dever\u00e1 manter-se por alguns meses. Financiada [&hellip;]<\/p>\n","protected":false},"author":2,"featured_media":309,"comment_status":"open","ping_status":"open","sticky":false,"template":"","format":"standard","meta":{"footnotes":""},"categories":[7,26],"tags":[],"class_list":{"0":"post-55","1":"post","2":"type-post","3":"status-publish","4":"format-standard","5":"has-post-thumbnail","7":"category-cultura","8":"category-ribeira-de-pena"},"yoast_head":"<!-- This site is optimized with the Yoast SEO plugin v25.7 - https:\/\/yoast.com\/wordpress\/plugins\/seo\/ -->\n<title>Igreja do Salvadorde cara lavada - Jornal Terras de Basto<\/title>\n<meta name=\"robots\" content=\"index, follow, max-snippet:-1, max-image-preview:large, max-video-preview:-1\" \/>\n<link rel=\"canonical\" href=\"https:\/\/terrasdebasto.pt\/?p=55\" \/>\n<meta property=\"og:locale\" content=\"pt_PT\" \/>\n<meta property=\"og:type\" content=\"article\" \/>\n<meta property=\"og:title\" content=\"Igreja do Salvadorde cara lavada - Jornal Terras de Basto\" \/>\n<meta property=\"og:description\" content=\"Come\u00e7aram por estes dias as obras de reabilita\u00e7\u00e3o das fachadas da Igreja do Divino Salvador, um dos mais proeminentes pontos de interesse hist\u00f3rico e cultural de Ribeira de Pena. O templo est\u00e1 a ser \u201cembrulhado\u201d \u2013 tal como se encontra o edif\u00edcio pr\u00f3ximo, sede do munic\u00edpio \u2013, circunst\u00e2ncia que dever\u00e1 manter-se por alguns meses. Financiada [&hellip;]\" \/>\n<meta property=\"og:url\" content=\"https:\/\/terrasdebasto.pt\/?p=55\" \/>\n<meta property=\"og:site_name\" content=\"Jornal Terras de Basto\" \/>\n<meta property=\"article:published_time\" content=\"2024-06-27T09:47:43+00:00\" \/>\n<meta property=\"article:modified_time\" content=\"2024-06-27T10:57:25+00:00\" \/>\n<meta property=\"og:image\" content=\"https:\/\/terrasdebasto.pt\/wp-content\/uploads\/2024\/06\/igreja.jpg\" \/>\n\t<meta property=\"og:image:width\" content=\"750\" \/>\n\t<meta property=\"og:image:height\" content=\"400\" \/>\n\t<meta property=\"og:image:type\" content=\"image\/jpeg\" \/>\n<meta name=\"author\" content=\"addjornal\" \/>\n<meta name=\"twitter:card\" content=\"summary_large_image\" \/>\n<meta name=\"twitter:label1\" content=\"Escrito por\" \/>\n\t<meta name=\"twitter:data1\" content=\"addjornal\" \/>\n\t<meta name=\"twitter:label2\" content=\"Tempo estimado de leitura\" \/>\n\t<meta name=\"twitter:data2\" content=\"2 minutos\" \/>\n<script type=\"application\/ld+json\" class=\"yoast-schema-graph\">{\"@context\":\"https:\/\/schema.org\",\"@graph\":[{\"@type\":\"Article\",\"@id\":\"https:\/\/terrasdebasto.pt\/?p=55#article\",\"isPartOf\":{\"@id\":\"https:\/\/terrasdebasto.pt\/?p=55\"},\"author\":{\"name\":\"addjornal\",\"@id\":\"https:\/\/terrasdebasto.pt\/#\/schema\/person\/f149e6885841de810906b698e796ffaf\"},\"headline\":\"Igreja do Salvadorde cara lavada\",\"datePublished\":\"2024-06-27T09:47:43+00:00\",\"dateModified\":\"2024-06-27T10:57:25+00:00\",\"mainEntityOfPage\":{\"@id\":\"https:\/\/terrasdebasto.pt\/?p=55\"},\"wordCount\":424,\"commentCount\":0,\"publisher\":{\"@id\":\"https:\/\/terrasdebasto.pt\/#organization\"},\"image\":{\"@id\":\"https:\/\/terrasdebasto.pt\/?p=55#primaryimage\"},\"thumbnailUrl\":\"https:\/\/terrasdebasto.pt\/wp-content\/uploads\/2024\/06\/igreja.jpg\",\"articleSection\":[\"Cultura\",\"Ribeira de Pena\"],\"inLanguage\":\"pt-PT\",\"potentialAction\":[{\"@type\":\"CommentAction\",\"name\":\"Comment\",\"target\":[\"https:\/\/terrasdebasto.pt\/?p=55#respond\"]}]},{\"@type\":\"WebPage\",\"@id\":\"https:\/\/terrasdebasto.pt\/?p=55\",\"url\":\"https:\/\/terrasdebasto.pt\/?p=55\",\"name\":\"Igreja do Salvadorde cara lavada - Jornal Terras de Basto\",\"isPartOf\":{\"@id\":\"https:\/\/terrasdebasto.pt\/#website\"},\"primaryImageOfPage\":{\"@id\":\"https:\/\/terrasdebasto.pt\/?p=55#primaryimage\"},\"image\":{\"@id\":\"https:\/\/terrasdebasto.pt\/?p=55#primaryimage\"},\"thumbnailUrl\":\"https:\/\/terrasdebasto.pt\/wp-content\/uploads\/2024\/06\/igreja.jpg\",\"datePublished\":\"2024-06-27T09:47:43+00:00\",\"dateModified\":\"2024-06-27T10:57:25+00:00\",\"breadcrumb\":{\"@id\":\"https:\/\/terrasdebasto.pt\/?p=55#breadcrumb\"},\"inLanguage\":\"pt-PT\",\"potentialAction\":[{\"@type\":\"ReadAction\",\"target\":[\"https:\/\/terrasdebasto.pt\/?p=55\"]}]},{\"@type\":\"ImageObject\",\"inLanguage\":\"pt-PT\",\"@id\":\"https:\/\/terrasdebasto.pt\/?p=55#primaryimage\",\"url\":\"https:\/\/terrasdebasto.pt\/wp-content\/uploads\/2024\/06\/igreja.jpg\",\"contentUrl\":\"https:\/\/terrasdebasto.pt\/wp-content\/uploads\/2024\/06\/igreja.jpg\",\"width\":750,\"height\":400},{\"@type\":\"BreadcrumbList\",\"@id\":\"https:\/\/terrasdebasto.pt\/?p=55#breadcrumb\",\"itemListElement\":[{\"@type\":\"ListItem\",\"position\":1,\"name\":\"In\u00edcio\",\"item\":\"https:\/\/terrasdebasto.pt\/\"},{\"@type\":\"ListItem\",\"position\":2,\"name\":\"Igreja do Salvadorde cara lavada\"}]},{\"@type\":\"WebSite\",\"@id\":\"https:\/\/terrasdebasto.pt\/#website\",\"url\":\"https:\/\/terrasdebasto.pt\/\",\"name\":\"Jornal Terras de Basto\",\"description\":\"\",\"publisher\":{\"@id\":\"https:\/\/terrasdebasto.pt\/#organization\"},\"potentialAction\":[{\"@type\":\"SearchAction\",\"target\":{\"@type\":\"EntryPoint\",\"urlTemplate\":\"https:\/\/terrasdebasto.pt\/?s={search_term_string}\"},\"query-input\":{\"@type\":\"PropertyValueSpecification\",\"valueRequired\":true,\"valueName\":\"search_term_string\"}}],\"inLanguage\":\"pt-PT\"},{\"@type\":\"Organization\",\"@id\":\"https:\/\/terrasdebasto.pt\/#organization\",\"name\":\"Jornal Terras de Basto\",\"url\":\"https:\/\/terrasdebasto.pt\/\",\"logo\":{\"@type\":\"ImageObject\",\"inLanguage\":\"pt-PT\",\"@id\":\"https:\/\/terrasdebasto.pt\/#\/schema\/logo\/image\/\",\"url\":\"https:\/\/terrasdebasto.pt\/wp-content\/uploads\/2024\/06\/LogoNormal.png\",\"contentUrl\":\"https:\/\/terrasdebasto.pt\/wp-content\/uploads\/2024\/06\/LogoNormal.png\",\"width\":5638,\"height\":809,\"caption\":\"Jornal Terras de Basto\"},\"image\":{\"@id\":\"https:\/\/terrasdebasto.pt\/#\/schema\/logo\/image\/\"}},{\"@type\":\"Person\",\"@id\":\"https:\/\/terrasdebasto.pt\/#\/schema\/person\/f149e6885841de810906b698e796ffaf\",\"name\":\"addjornal\",\"image\":{\"@type\":\"ImageObject\",\"inLanguage\":\"pt-PT\",\"@id\":\"https:\/\/terrasdebasto.pt\/#\/schema\/person\/image\/\",\"url\":\"https:\/\/secure.gravatar.com\/avatar\/2e5367a437686317c4cd184cb863b4793855bc14c94e104154a1dccfcfeb20ff?s=96&d=mm&r=g\",\"contentUrl\":\"https:\/\/secure.gravatar.com\/avatar\/2e5367a437686317c4cd184cb863b4793855bc14c94e104154a1dccfcfeb20ff?s=96&d=mm&r=g\",\"caption\":\"addjornal\"},\"url\":\"https:\/\/terrasdebasto.pt\/?author=2\"}]}<\/script>\n<!-- \/ Yoast SEO plugin. -->","yoast_head_json":{"title":"Igreja do Salvadorde cara lavada - Jornal Terras de Basto","robots":{"index":"index","follow":"follow","max-snippet":"max-snippet:-1","max-image-preview":"max-image-preview:large","max-video-preview":"max-video-preview:-1"},"canonical":"https:\/\/terrasdebasto.pt\/?p=55","og_locale":"pt_PT","og_type":"article","og_title":"Igreja do Salvadorde cara lavada - Jornal Terras de Basto","og_description":"Come\u00e7aram por estes dias as obras de reabilita\u00e7\u00e3o das fachadas da Igreja do Divino Salvador, um dos mais proeminentes pontos de interesse hist\u00f3rico e cultural de Ribeira de Pena. O templo est\u00e1 a ser \u201cembrulhado\u201d \u2013 tal como se encontra o edif\u00edcio pr\u00f3ximo, sede do munic\u00edpio \u2013, circunst\u00e2ncia que dever\u00e1 manter-se por alguns meses. Financiada [&hellip;]","og_url":"https:\/\/terrasdebasto.pt\/?p=55","og_site_name":"Jornal Terras de Basto","article_published_time":"2024-06-27T09:47:43+00:00","article_modified_time":"2024-06-27T10:57:25+00:00","og_image":[{"width":750,"height":400,"url":"https:\/\/terrasdebasto.pt\/wp-content\/uploads\/2024\/06\/igreja.jpg","type":"image\/jpeg"}],"author":"addjornal","twitter_card":"summary_large_image","twitter_misc":{"Escrito por":"addjornal","Tempo estimado de leitura":"2 minutos"},"schema":{"@context":"https:\/\/schema.org","@graph":[{"@type":"Article","@id":"https:\/\/terrasdebasto.pt\/?p=55#article","isPartOf":{"@id":"https:\/\/terrasdebasto.pt\/?p=55"},"author":{"name":"addjornal","@id":"https:\/\/terrasdebasto.pt\/#\/schema\/person\/f149e6885841de810906b698e796ffaf"},"headline":"Igreja do Salvadorde cara lavada","datePublished":"2024-06-27T09:47:43+00:00","dateModified":"2024-06-27T10:57:25+00:00","mainEntityOfPage":{"@id":"https:\/\/terrasdebasto.pt\/?p=55"},"wordCount":424,"commentCount":0,"publisher":{"@id":"https:\/\/terrasdebasto.pt\/#organization"},"image":{"@id":"https:\/\/terrasdebasto.pt\/?p=55#primaryimage"},"thumbnailUrl":"https:\/\/terrasdebasto.pt\/wp-content\/uploads\/2024\/06\/igreja.jpg","articleSection":["Cultura","Ribeira de Pena"],"inLanguage":"pt-PT","potentialAction":[{"@type":"CommentAction","name":"Comment","target":["https:\/\/terrasdebasto.pt\/?p=55#respond"]}]},{"@type":"WebPage","@id":"https:\/\/terrasdebasto.pt\/?p=55","url":"https:\/\/terrasdebasto.pt\/?p=55","name":"Igreja do Salvadorde cara lavada - Jornal Terras de Basto","isPartOf":{"@id":"https:\/\/terrasdebasto.pt\/#website"},"primaryImageOfPage":{"@id":"https:\/\/terrasdebasto.pt\/?p=55#primaryimage"},"image":{"@id":"https:\/\/terrasdebasto.pt\/?p=55#primaryimage"},"thumbnailUrl":"https:\/\/terrasdebasto.pt\/wp-content\/uploads\/2024\/06\/igreja.jpg","datePublished":"2024-06-27T09:47:43+00:00","dateModified":"2024-06-27T10:57:25+00:00","breadcrumb":{"@id":"https:\/\/terrasdebasto.pt\/?p=55#breadcrumb"},"inLanguage":"pt-PT","potentialAction":[{"@type":"ReadAction","target":["https:\/\/terrasdebasto.pt\/?p=55"]}]},{"@type":"ImageObject","inLanguage":"pt-PT","@id":"https:\/\/terrasdebasto.pt\/?p=55#primaryimage","url":"https:\/\/terrasdebasto.pt\/wp-content\/uploads\/2024\/06\/igreja.jpg","contentUrl":"https:\/\/terrasdebasto.pt\/wp-content\/uploads\/2024\/06\/igreja.jpg","width":750,"height":400},{"@type":"BreadcrumbList","@id":"https:\/\/terrasdebasto.pt\/?p=55#breadcrumb","itemListElement":[{"@type":"ListItem","position":1,"name":"In\u00edcio","item":"https:\/\/terrasdebasto.pt\/"},{"@type":"ListItem","position":2,"name":"Igreja do Salvadorde cara lavada"}]},{"@type":"WebSite","@id":"https:\/\/terrasdebasto.pt\/#website","url":"https:\/\/terrasdebasto.pt\/","name":"Jornal Terras de Basto","description":"","publisher":{"@id":"https:\/\/terrasdebasto.pt\/#organization"},"potentialAction":[{"@type":"SearchAction","target":{"@type":"EntryPoint","urlTemplate":"https:\/\/terrasdebasto.pt\/?s={search_term_string}"},"query-input":{"@type":"PropertyValueSpecification","valueRequired":true,"valueName":"search_term_string"}}],"inLanguage":"pt-PT"},{"@type":"Organization","@id":"https:\/\/terrasdebasto.pt\/#organization","name":"Jornal Terras de Basto","url":"https:\/\/terrasdebasto.pt\/","logo":{"@type":"ImageObject","inLanguage":"pt-PT","@id":"https:\/\/terrasdebasto.pt\/#\/schema\/logo\/image\/","url":"https:\/\/terrasdebasto.pt\/wp-content\/uploads\/2024\/06\/LogoNormal.png","contentUrl":"https:\/\/terrasdebasto.pt\/wp-content\/uploads\/2024\/06\/LogoNormal.png","width":5638,"height":809,"caption":"Jornal Terras de Basto"},"image":{"@id":"https:\/\/terrasdebasto.pt\/#\/schema\/logo\/image\/"}},{"@type":"Person","@id":"https:\/\/terrasdebasto.pt\/#\/schema\/person\/f149e6885841de810906b698e796ffaf","name":"addjornal","image":{"@type":"ImageObject","inLanguage":"pt-PT","@id":"https:\/\/terrasdebasto.pt\/#\/schema\/person\/image\/","url":"https:\/\/secure.gravatar.com\/avatar\/2e5367a437686317c4cd184cb863b4793855bc14c94e104154a1dccfcfeb20ff?s=96&d=mm&r=g","contentUrl":"https:\/\/secure.gravatar.com\/avatar\/2e5367a437686317c4cd184cb863b4793855bc14c94e104154a1dccfcfeb20ff?s=96&d=mm&r=g","caption":"addjornal"},"url":"https:\/\/terrasdebasto.pt\/?author=2"}]}},"_links":{"self":[{"href":"https:\/\/terrasdebasto.pt\/index.php?rest_route=\/wp\/v2\/posts\/55","targetHints":{"allow":["GET"]}}],"collection":[{"href":"https:\/\/terrasdebasto.pt\/index.php?rest_route=\/wp\/v2\/posts"}],"about":[{"href":"https:\/\/terrasdebasto.pt\/index.php?rest_route=\/wp\/v2\/types\/post"}],"author":[{"embeddable":true,"href":"https:\/\/terrasdebasto.pt\/index.php?rest_route=\/wp\/v2\/users\/2"}],"replies":[{"embeddable":true,"href":"https:\/\/terrasdebasto.pt\/index.php?rest_route=%2Fwp%2Fv2%2Fcomments&post=55"}],"version-history":[{"count":2,"href":"https:\/\/terrasdebasto.pt\/index.php?rest_route=\/wp\/v2\/posts\/55\/revisions"}],"predecessor-version":[{"id":310,"href":"https:\/\/terrasdebasto.pt\/index.php?rest_route=\/wp\/v2\/posts\/55\/revisions\/310"}],"wp:featuredmedia":[{"embeddable":true,"href":"https:\/\/terrasdebasto.pt\/index.php?rest_route=\/wp\/v2\/media\/309"}],"wp:attachment":[{"href":"https:\/\/terrasdebasto.pt\/index.php?rest_route=%2Fwp%2Fv2%2Fmedia&parent=55"}],"wp:term":[{"taxonomy":"category","embeddable":true,"href":"https:\/\/terrasdebasto.pt\/index.php?rest_route=%2Fwp%2Fv2%2Fcategories&post=55"},{"taxonomy":"post_tag","embeddable":true,"href":"https:\/\/terrasdebasto.pt\/index.php?rest_route=%2Fwp%2Fv2%2Ftags&post=55"}],"curies":[{"name":"wp","href":"https:\/\/api.w.org\/{rel}","templated":true}]}}