{"id":5420,"date":"2026-01-21T12:46:29","date_gmt":"2026-01-21T12:46:29","guid":{"rendered":"https:\/\/terrasdebasto.pt\/?p=5420"},"modified":"2026-01-21T12:46:30","modified_gmt":"2026-01-21T12:46:30","slug":"mais-uma-otima-edicao-do-terras-de-basto-21","status":"publish","type":"post","link":"https:\/\/terrasdebasto.pt\/?p=5420","title":{"rendered":"Mais uma \u00f3tima edi\u00e7\u00e3o do Terras de Basto"},"content":{"rendered":"\n<p><strong>O aumento da capacidade do Aterro Sanit\u00e1rio de Code\u00e7oso, em Celorico de Basto, traz \u00e0 cola\u00e7\u00e3o um problema que n\u00e3o \u00e9 s\u00f3 das Terras de Basto, mas de todo o pa\u00eds: n\u00e3o h\u00e1 onde depositar mais lixo. Dos 35 aterros, 22 j\u00e1 ultrapassaram os 80%. A ministra do Ambiente lembra uma recomenda\u00e7\u00e3o europeia para reduzirmos o que vai para aterro para 10%. N\u00f3s levamos mais de 50%. \u00abPor isso n\u00e3o faz sentido aumentar a capacidade com novos aterros\u00bb, diz. Sob o t\u00edtulo \u201cMais lixo para Code\u00e7oso\u201d, este \u00e9 o principal destaque de mais uma \u00f3tima edi\u00e7\u00e3o do Terras de Basto.<\/strong><\/p>\n\n\n\n<p>Na capa do jornal que esta quinta-feira (22) sai para distribui\u00e7\u00e3o, damos tamb\u00e9m destaque a uma festa popular de Ribeira de Pena, a Festa das Carranhosas. A vila reencontra, nesta passagem de janeiro para fevereiro, uma das suas mais singulares e carism\u00e1ticas tradi\u00e7\u00f5es\u2026 A Festa das Carranhosas mistura mem\u00f3ria popular, folclore comunit\u00e1rio e uma alegria contagiante que conquista gera\u00e7\u00f5es.<\/p>\n\n\n\n<p>Tamb\u00e9m nesta edi\u00e7\u00e3o, o Terras de Basto inicia, com Abadim, de Cabeceiras de Basto, um p\u00e9riplo pelas freguesias dos quatro concelhos desta sub-regi\u00e3o. Vamos procurar fazer o retrato de cada localidade.<\/p>\n\n\n\n<p>Ainda em Cabeceiras de Basto, voltamos a um tema que j\u00e1 deu muito que falar\u2026. E at\u00e9 pode ser que o problema j\u00e1 esteja ultrapassado, o que n\u00e3o \u00e9 muito prov\u00e1vel. A constru\u00e7\u00e3o de um pr\u00e9dio de dois andares para habita\u00e7\u00e3o social, nas Cerdeirinhas, em Refojos, corre o risco de se tornar muito caro para o Munic\u00edpio, por causa das penaliza\u00e7\u00f5es do PRR.<\/p>\n\n\n\n<p>Voltamos a Celorico de Basto para falar das obras em curso no centro de sa\u00fade. S\u00e3o cerca de 2 milh\u00f5es de euros, pagos pelo PRR. O Munic\u00edpio promete mais investimentos nesta \u00e1rea durante o mandato.<\/p>\n\n\n\n<p>E o \u00faltimo t\u00edtulo da capa vai para Mondim de Basto, onde a aldeia de Travassos, no Bilh\u00f3, volta a ser palco do emblem\u00e1tico Leil\u00e3o das Carnes, um evento que marca o \u201cDomingo Magro\u201d, mas que este ano, por raz\u00f5es eleitorais, se realiza no s\u00e1bado (7 de fevereiro). \u00c9 o in\u00edcio oficioso das festividades carnavalescas no concelho.<\/p>\n\n\n\n<p>Al\u00e9m dos destaques de capa, nesta \u00f3tima edi\u00e7\u00e3o do Terras de Basto pode ainda encontrar entrevistas com os autores Irene Teixeira e Marco Magalh\u00e3es, que apresentam os seus primeiros livros em Celorico de Basto, bem como abordagens a temas como as \u201cDiverg\u00eancias internas\u201d nos Bombeiros Celoricenses, o Entrudo de Gondar\u00e9m ou a prospe\u00e7\u00e3o de l\u00edtio no per\u00edmetro Seixoso-Vieiros, que implica com territ\u00f3rios de Celorico e Mondim de Basto.<\/p>\n\n\n\n<p>E, claro, temos ainda para ler com aten\u00e7\u00e3o a opini\u00e3o de Rosabela Afonso, Afonso Valente Batista, Manuel Quinta, Lu\u00edsa Teixeira, Maria In\u00eas Alves e Jo\u00e3o Miranda.<\/p>\n\n\n\n<p>Tenha boas leituras, com o Terras de Basto.<\/p>\n\n\n\n<p>Jo\u00e3o Paulo Mesquita, diretor<\/p>\n","protected":false},"excerpt":{"rendered":"<p>O aumento da capacidade do Aterro Sanit\u00e1rio de Code\u00e7oso, em Celorico de Basto, traz \u00e0 cola\u00e7\u00e3o um problema que n\u00e3o \u00e9 s\u00f3 das Terras de Basto, mas de todo o pa\u00eds: n\u00e3o h\u00e1 onde depositar mais lixo. Dos 35 aterros, 22 j\u00e1 ultrapassaram os 80%. A ministra do Ambiente lembra uma recomenda\u00e7\u00e3o europeia para reduzirmos [&hellip;]<\/p>\n","protected":false},"author":7,"featured_media":5421,"comment_status":"open","ping_status":"open","sticky":false,"template":"","format":"standard","meta":{"footnotes":""},"categories":[27,12,13,7,11,28,2,14,16,26,10,15,9],"tags":[775,502,230],"class_list":{"0":"post-5420","1":"post","2":"type-post","3":"status-publish","4":"format-standard","5":"has-post-thumbnail","7":"category-artigo-de-opiniao","8":"category-cabeceiras-de-basto","9":"category-celorico-de-basto","10":"category-cultura","11":"category-educacao","12":"category-entrevista","13":"category-featured","14":"category-gastronomia","15":"category-mondim-de-basto","16":"category-ribeira-de-pena","17":"category-saude","18":"category-technology","19":"category-terras-de-basto","20":"tag-imprensa-regional","21":"tag-jornal-terras-de-basto","22":"tag-terras-de-basto"},"yoast_head":"<!-- This site is optimized with the Yoast SEO plugin v25.7 - https:\/\/yoast.com\/wordpress\/plugins\/seo\/ -->\n<title>Mais uma \u00f3tima edi\u00e7\u00e3o do Terras de Basto - Jornal Terras de Basto<\/title>\n<meta name=\"description\" content=\"O aumento da capacidade do Aterro Sanit\u00e1rio de Code\u00e7oso, em Celorico de Basto, traz \u00e0 cola\u00e7\u00e3o um problema que n\u00e3o \u00e9 s\u00f3 das Terras de Basto, mas de todo o pa\u00eds: n\u00e3o h\u00e1 onde depositar mais lixo. Dos 35 aterros, 22 j\u00e1 ultrapassaram os 80%. A ministra do Ambiente lembra uma recomenda\u00e7\u00e3o europeia para reduzirmos o que vai para aterro para 10%. N\u00f3s levamos mais de 50%. \u00abPor isso n\u00e3o faz sentido aumentar a capacidade com novos aterros\u00bb, diz. Sob o t\u00edtulo \u201cMais lixo para Code\u00e7oso\u201d, este \u00e9 o principal destaque de mais uma \u00f3tima edi\u00e7\u00e3o do Terras de Basto.\" \/>\n<meta name=\"robots\" content=\"index, follow, max-snippet:-1, max-image-preview:large, max-video-preview:-1\" \/>\n<link rel=\"canonical\" href=\"https:\/\/terrasdebasto.pt\/?p=5420\" \/>\n<meta property=\"og:locale\" content=\"pt_PT\" \/>\n<meta property=\"og:type\" content=\"article\" \/>\n<meta property=\"og:title\" content=\"Mais uma \u00f3tima edi\u00e7\u00e3o do Terras de Basto - Jornal Terras de Basto\" \/>\n<meta property=\"og:description\" content=\"O aumento da capacidade do Aterro Sanit\u00e1rio de Code\u00e7oso, em Celorico de Basto, traz \u00e0 cola\u00e7\u00e3o um problema que n\u00e3o \u00e9 s\u00f3 das Terras de Basto, mas de todo o pa\u00eds: n\u00e3o h\u00e1 onde depositar mais lixo. Dos 35 aterros, 22 j\u00e1 ultrapassaram os 80%. A ministra do Ambiente lembra uma recomenda\u00e7\u00e3o europeia para reduzirmos o que vai para aterro para 10%. N\u00f3s levamos mais de 50%. \u00abPor isso n\u00e3o faz sentido aumentar a capacidade com novos aterros\u00bb, diz. Sob o t\u00edtulo \u201cMais lixo para Code\u00e7oso\u201d, este \u00e9 o principal destaque de mais uma \u00f3tima edi\u00e7\u00e3o do Terras de Basto.\" \/>\n<meta property=\"og:url\" content=\"https:\/\/terrasdebasto.pt\/?p=5420\" \/>\n<meta property=\"og:site_name\" content=\"Jornal Terras de Basto\" \/>\n<meta property=\"article:published_time\" content=\"2026-01-21T12:46:29+00:00\" \/>\n<meta property=\"article:modified_time\" content=\"2026-01-21T12:46:30+00:00\" \/>\n<meta property=\"og:image\" content=\"https:\/\/terrasdebasto.pt\/wp-content\/uploads\/2026\/01\/TB-CAPA.jpg\" \/>\n\t<meta property=\"og:image:width\" content=\"1048\" \/>\n\t<meta property=\"og:image:height\" content=\"1280\" \/>\n\t<meta property=\"og:image:type\" content=\"image\/jpeg\" \/>\n<meta name=\"author\" content=\"Jo\u00e3o Paulo Mesquita\" \/>\n<meta name=\"twitter:card\" content=\"summary_large_image\" \/>\n<meta name=\"twitter:label1\" content=\"Escrito por\" \/>\n\t<meta name=\"twitter:data1\" content=\"Jo\u00e3o Paulo Mesquita\" \/>\n\t<meta name=\"twitter:label2\" content=\"Tempo estimado de leitura\" \/>\n\t<meta name=\"twitter:data2\" content=\"3 minutos\" \/>\n<script type=\"application\/ld+json\" class=\"yoast-schema-graph\">{\"@context\":\"https:\/\/schema.org\",\"@graph\":[{\"@type\":\"Article\",\"@id\":\"https:\/\/terrasdebasto.pt\/?p=5420#article\",\"isPartOf\":{\"@id\":\"https:\/\/terrasdebasto.pt\/?p=5420\"},\"author\":{\"name\":\"Jo\u00e3o Paulo Mesquita\",\"@id\":\"https:\/\/terrasdebasto.pt\/#\/schema\/person\/9f6739f5394ac65c802641773b278b84\"},\"headline\":\"Mais uma \u00f3tima edi\u00e7\u00e3o do Terras de Basto\",\"datePublished\":\"2026-01-21T12:46:29+00:00\",\"dateModified\":\"2026-01-21T12:46:30+00:00\",\"mainEntityOfPage\":{\"@id\":\"https:\/\/terrasdebasto.pt\/?p=5420\"},\"wordCount\":502,\"commentCount\":0,\"publisher\":{\"@id\":\"https:\/\/terrasdebasto.pt\/#organization\"},\"image\":{\"@id\":\"https:\/\/terrasdebasto.pt\/?p=5420#primaryimage\"},\"thumbnailUrl\":\"https:\/\/terrasdebasto.pt\/wp-content\/uploads\/2026\/01\/TB-CAPA.jpg\",\"keywords\":[\"Imprensa Regional\",\"Jornal Terras de Basto\",\"Terras de Basto\"],\"articleSection\":[\"Artigo de opini\u00e3o\",\"Cabeceiras de Basto\",\"Celorico de Basto\",\"Cultura\",\"Educa\u00e7\u00e3o\",\"Entrevista\",\"Featured\",\"Gastronomia\",\"Mondim de Basto\",\"Ribeira de Pena\",\"Sa\u00fade\",\"Tecnologia\",\"Terras de Basto\"],\"inLanguage\":\"pt-PT\",\"potentialAction\":[{\"@type\":\"CommentAction\",\"name\":\"Comment\",\"target\":[\"https:\/\/terrasdebasto.pt\/?p=5420#respond\"]}]},{\"@type\":\"WebPage\",\"@id\":\"https:\/\/terrasdebasto.pt\/?p=5420\",\"url\":\"https:\/\/terrasdebasto.pt\/?p=5420\",\"name\":\"Mais uma \u00f3tima edi\u00e7\u00e3o do Terras de Basto - Jornal Terras de Basto\",\"isPartOf\":{\"@id\":\"https:\/\/terrasdebasto.pt\/#website\"},\"primaryImageOfPage\":{\"@id\":\"https:\/\/terrasdebasto.pt\/?p=5420#primaryimage\"},\"image\":{\"@id\":\"https:\/\/terrasdebasto.pt\/?p=5420#primaryimage\"},\"thumbnailUrl\":\"https:\/\/terrasdebasto.pt\/wp-content\/uploads\/2026\/01\/TB-CAPA.jpg\",\"datePublished\":\"2026-01-21T12:46:29+00:00\",\"dateModified\":\"2026-01-21T12:46:30+00:00\",\"description\":\"O aumento da capacidade do Aterro Sanit\u00e1rio de Code\u00e7oso, em Celorico de Basto, traz \u00e0 cola\u00e7\u00e3o um problema que n\u00e3o \u00e9 s\u00f3 das Terras de Basto, mas de todo o pa\u00eds: n\u00e3o h\u00e1 onde depositar mais lixo. Dos 35 aterros, 22 j\u00e1 ultrapassaram os 80%. A ministra do Ambiente lembra uma recomenda\u00e7\u00e3o europeia para reduzirmos o que vai para aterro para 10%. N\u00f3s levamos mais de 50%. \u00abPor isso n\u00e3o faz sentido aumentar a capacidade com novos aterros\u00bb, diz. Sob o t\u00edtulo \u201cMais lixo para Code\u00e7oso\u201d, este \u00e9 o principal destaque de mais uma \u00f3tima edi\u00e7\u00e3o do Terras de Basto.\",\"breadcrumb\":{\"@id\":\"https:\/\/terrasdebasto.pt\/?p=5420#breadcrumb\"},\"inLanguage\":\"pt-PT\",\"potentialAction\":[{\"@type\":\"ReadAction\",\"target\":[\"https:\/\/terrasdebasto.pt\/?p=5420\"]}]},{\"@type\":\"ImageObject\",\"inLanguage\":\"pt-PT\",\"@id\":\"https:\/\/terrasdebasto.pt\/?p=5420#primaryimage\",\"url\":\"https:\/\/terrasdebasto.pt\/wp-content\/uploads\/2026\/01\/TB-CAPA.jpg\",\"contentUrl\":\"https:\/\/terrasdebasto.pt\/wp-content\/uploads\/2026\/01\/TB-CAPA.jpg\",\"width\":1048,\"height\":1280},{\"@type\":\"BreadcrumbList\",\"@id\":\"https:\/\/terrasdebasto.pt\/?p=5420#breadcrumb\",\"itemListElement\":[{\"@type\":\"ListItem\",\"position\":1,\"name\":\"In\u00edcio\",\"item\":\"https:\/\/terrasdebasto.pt\/\"},{\"@type\":\"ListItem\",\"position\":2,\"name\":\"Mais uma \u00f3tima edi\u00e7\u00e3o do Terras de Basto\"}]},{\"@type\":\"WebSite\",\"@id\":\"https:\/\/terrasdebasto.pt\/#website\",\"url\":\"https:\/\/terrasdebasto.pt\/\",\"name\":\"Jornal Terras de Basto\",\"description\":\"\",\"publisher\":{\"@id\":\"https:\/\/terrasdebasto.pt\/#organization\"},\"potentialAction\":[{\"@type\":\"SearchAction\",\"target\":{\"@type\":\"EntryPoint\",\"urlTemplate\":\"https:\/\/terrasdebasto.pt\/?s={search_term_string}\"},\"query-input\":{\"@type\":\"PropertyValueSpecification\",\"valueRequired\":true,\"valueName\":\"search_term_string\"}}],\"inLanguage\":\"pt-PT\"},{\"@type\":\"Organization\",\"@id\":\"https:\/\/terrasdebasto.pt\/#organization\",\"name\":\"Jornal Terras de Basto\",\"url\":\"https:\/\/terrasdebasto.pt\/\",\"logo\":{\"@type\":\"ImageObject\",\"inLanguage\":\"pt-PT\",\"@id\":\"https:\/\/terrasdebasto.pt\/#\/schema\/logo\/image\/\",\"url\":\"https:\/\/terrasdebasto.pt\/wp-content\/uploads\/2024\/06\/LogoNormal.png\",\"contentUrl\":\"https:\/\/terrasdebasto.pt\/wp-content\/uploads\/2024\/06\/LogoNormal.png\",\"width\":5638,\"height\":809,\"caption\":\"Jornal Terras de Basto\"},\"image\":{\"@id\":\"https:\/\/terrasdebasto.pt\/#\/schema\/logo\/image\/\"}},{\"@type\":\"Person\",\"@id\":\"https:\/\/terrasdebasto.pt\/#\/schema\/person\/9f6739f5394ac65c802641773b278b84\",\"name\":\"Jo\u00e3o Paulo Mesquita\",\"image\":{\"@type\":\"ImageObject\",\"inLanguage\":\"pt-PT\",\"@id\":\"https:\/\/terrasdebasto.pt\/#\/schema\/person\/image\/\",\"url\":\"https:\/\/secure.gravatar.com\/avatar\/9bd0f299e6d96336664aab64354168246a3ee3287c47891c50d450e47ed9d7f9?s=96&d=mm&r=g\",\"contentUrl\":\"https:\/\/secure.gravatar.com\/avatar\/9bd0f299e6d96336664aab64354168246a3ee3287c47891c50d450e47ed9d7f9?s=96&d=mm&r=g\",\"caption\":\"Jo\u00e3o Paulo Mesquita\"},\"url\":\"https:\/\/terrasdebasto.pt\/?author=7\"}]}<\/script>\n<!-- \/ Yoast SEO plugin. -->","yoast_head_json":{"title":"Mais uma \u00f3tima edi\u00e7\u00e3o do Terras de Basto - Jornal Terras de Basto","description":"O aumento da capacidade do Aterro Sanit\u00e1rio de Code\u00e7oso, em Celorico de Basto, traz \u00e0 cola\u00e7\u00e3o um problema que n\u00e3o \u00e9 s\u00f3 das Terras de Basto, mas de todo o pa\u00eds: n\u00e3o h\u00e1 onde depositar mais lixo. Dos 35 aterros, 22 j\u00e1 ultrapassaram os 80%. A ministra do Ambiente lembra uma recomenda\u00e7\u00e3o europeia para reduzirmos o que vai para aterro para 10%. N\u00f3s levamos mais de 50%. \u00abPor isso n\u00e3o faz sentido aumentar a capacidade com novos aterros\u00bb, diz. Sob o t\u00edtulo \u201cMais lixo para Code\u00e7oso\u201d, este \u00e9 o principal destaque de mais uma \u00f3tima edi\u00e7\u00e3o do Terras de Basto.","robots":{"index":"index","follow":"follow","max-snippet":"max-snippet:-1","max-image-preview":"max-image-preview:large","max-video-preview":"max-video-preview:-1"},"canonical":"https:\/\/terrasdebasto.pt\/?p=5420","og_locale":"pt_PT","og_type":"article","og_title":"Mais uma \u00f3tima edi\u00e7\u00e3o do Terras de Basto - Jornal Terras de Basto","og_description":"O aumento da capacidade do Aterro Sanit\u00e1rio de Code\u00e7oso, em Celorico de Basto, traz \u00e0 cola\u00e7\u00e3o um problema que n\u00e3o \u00e9 s\u00f3 das Terras de Basto, mas de todo o pa\u00eds: n\u00e3o h\u00e1 onde depositar mais lixo. Dos 35 aterros, 22 j\u00e1 ultrapassaram os 80%. A ministra do Ambiente lembra uma recomenda\u00e7\u00e3o europeia para reduzirmos o que vai para aterro para 10%. N\u00f3s levamos mais de 50%. \u00abPor isso n\u00e3o faz sentido aumentar a capacidade com novos aterros\u00bb, diz. Sob o t\u00edtulo \u201cMais lixo para Code\u00e7oso\u201d, este \u00e9 o principal destaque de mais uma \u00f3tima edi\u00e7\u00e3o do Terras de Basto.","og_url":"https:\/\/terrasdebasto.pt\/?p=5420","og_site_name":"Jornal Terras de Basto","article_published_time":"2026-01-21T12:46:29+00:00","article_modified_time":"2026-01-21T12:46:30+00:00","og_image":[{"width":1048,"height":1280,"url":"https:\/\/terrasdebasto.pt\/wp-content\/uploads\/2026\/01\/TB-CAPA.jpg","type":"image\/jpeg"}],"author":"Jo\u00e3o Paulo Mesquita","twitter_card":"summary_large_image","twitter_misc":{"Escrito por":"Jo\u00e3o Paulo Mesquita","Tempo estimado de leitura":"3 minutos"},"schema":{"@context":"https:\/\/schema.org","@graph":[{"@type":"Article","@id":"https:\/\/terrasdebasto.pt\/?p=5420#article","isPartOf":{"@id":"https:\/\/terrasdebasto.pt\/?p=5420"},"author":{"name":"Jo\u00e3o Paulo Mesquita","@id":"https:\/\/terrasdebasto.pt\/#\/schema\/person\/9f6739f5394ac65c802641773b278b84"},"headline":"Mais uma \u00f3tima edi\u00e7\u00e3o do Terras de Basto","datePublished":"2026-01-21T12:46:29+00:00","dateModified":"2026-01-21T12:46:30+00:00","mainEntityOfPage":{"@id":"https:\/\/terrasdebasto.pt\/?p=5420"},"wordCount":502,"commentCount":0,"publisher":{"@id":"https:\/\/terrasdebasto.pt\/#organization"},"image":{"@id":"https:\/\/terrasdebasto.pt\/?p=5420#primaryimage"},"thumbnailUrl":"https:\/\/terrasdebasto.pt\/wp-content\/uploads\/2026\/01\/TB-CAPA.jpg","keywords":["Imprensa Regional","Jornal Terras de Basto","Terras de Basto"],"articleSection":["Artigo de opini\u00e3o","Cabeceiras de Basto","Celorico de Basto","Cultura","Educa\u00e7\u00e3o","Entrevista","Featured","Gastronomia","Mondim de Basto","Ribeira de Pena","Sa\u00fade","Tecnologia","Terras de Basto"],"inLanguage":"pt-PT","potentialAction":[{"@type":"CommentAction","name":"Comment","target":["https:\/\/terrasdebasto.pt\/?p=5420#respond"]}]},{"@type":"WebPage","@id":"https:\/\/terrasdebasto.pt\/?p=5420","url":"https:\/\/terrasdebasto.pt\/?p=5420","name":"Mais uma \u00f3tima edi\u00e7\u00e3o do Terras de Basto - Jornal Terras de Basto","isPartOf":{"@id":"https:\/\/terrasdebasto.pt\/#website"},"primaryImageOfPage":{"@id":"https:\/\/terrasdebasto.pt\/?p=5420#primaryimage"},"image":{"@id":"https:\/\/terrasdebasto.pt\/?p=5420#primaryimage"},"thumbnailUrl":"https:\/\/terrasdebasto.pt\/wp-content\/uploads\/2026\/01\/TB-CAPA.jpg","datePublished":"2026-01-21T12:46:29+00:00","dateModified":"2026-01-21T12:46:30+00:00","description":"O aumento da capacidade do Aterro Sanit\u00e1rio de Code\u00e7oso, em Celorico de Basto, traz \u00e0 cola\u00e7\u00e3o um problema que n\u00e3o \u00e9 s\u00f3 das Terras de Basto, mas de todo o pa\u00eds: n\u00e3o h\u00e1 onde depositar mais lixo. Dos 35 aterros, 22 j\u00e1 ultrapassaram os 80%. A ministra do Ambiente lembra uma recomenda\u00e7\u00e3o europeia para reduzirmos o que vai para aterro para 10%. N\u00f3s levamos mais de 50%. \u00abPor isso n\u00e3o faz sentido aumentar a capacidade com novos aterros\u00bb, diz. Sob o t\u00edtulo \u201cMais lixo para Code\u00e7oso\u201d, este \u00e9 o principal destaque de mais uma \u00f3tima edi\u00e7\u00e3o do Terras de Basto.","breadcrumb":{"@id":"https:\/\/terrasdebasto.pt\/?p=5420#breadcrumb"},"inLanguage":"pt-PT","potentialAction":[{"@type":"ReadAction","target":["https:\/\/terrasdebasto.pt\/?p=5420"]}]},{"@type":"ImageObject","inLanguage":"pt-PT","@id":"https:\/\/terrasdebasto.pt\/?p=5420#primaryimage","url":"https:\/\/terrasdebasto.pt\/wp-content\/uploads\/2026\/01\/TB-CAPA.jpg","contentUrl":"https:\/\/terrasdebasto.pt\/wp-content\/uploads\/2026\/01\/TB-CAPA.jpg","width":1048,"height":1280},{"@type":"BreadcrumbList","@id":"https:\/\/terrasdebasto.pt\/?p=5420#breadcrumb","itemListElement":[{"@type":"ListItem","position":1,"name":"In\u00edcio","item":"https:\/\/terrasdebasto.pt\/"},{"@type":"ListItem","position":2,"name":"Mais uma \u00f3tima edi\u00e7\u00e3o do Terras de Basto"}]},{"@type":"WebSite","@id":"https:\/\/terrasdebasto.pt\/#website","url":"https:\/\/terrasdebasto.pt\/","name":"Jornal Terras de Basto","description":"","publisher":{"@id":"https:\/\/terrasdebasto.pt\/#organization"},"potentialAction":[{"@type":"SearchAction","target":{"@type":"EntryPoint","urlTemplate":"https:\/\/terrasdebasto.pt\/?s={search_term_string}"},"query-input":{"@type":"PropertyValueSpecification","valueRequired":true,"valueName":"search_term_string"}}],"inLanguage":"pt-PT"},{"@type":"Organization","@id":"https:\/\/terrasdebasto.pt\/#organization","name":"Jornal Terras de Basto","url":"https:\/\/terrasdebasto.pt\/","logo":{"@type":"ImageObject","inLanguage":"pt-PT","@id":"https:\/\/terrasdebasto.pt\/#\/schema\/logo\/image\/","url":"https:\/\/terrasdebasto.pt\/wp-content\/uploads\/2024\/06\/LogoNormal.png","contentUrl":"https:\/\/terrasdebasto.pt\/wp-content\/uploads\/2024\/06\/LogoNormal.png","width":5638,"height":809,"caption":"Jornal Terras de Basto"},"image":{"@id":"https:\/\/terrasdebasto.pt\/#\/schema\/logo\/image\/"}},{"@type":"Person","@id":"https:\/\/terrasdebasto.pt\/#\/schema\/person\/9f6739f5394ac65c802641773b278b84","name":"Jo\u00e3o Paulo Mesquita","image":{"@type":"ImageObject","inLanguage":"pt-PT","@id":"https:\/\/terrasdebasto.pt\/#\/schema\/person\/image\/","url":"https:\/\/secure.gravatar.com\/avatar\/9bd0f299e6d96336664aab64354168246a3ee3287c47891c50d450e47ed9d7f9?s=96&d=mm&r=g","contentUrl":"https:\/\/secure.gravatar.com\/avatar\/9bd0f299e6d96336664aab64354168246a3ee3287c47891c50d450e47ed9d7f9?s=96&d=mm&r=g","caption":"Jo\u00e3o Paulo Mesquita"},"url":"https:\/\/terrasdebasto.pt\/?author=7"}]}},"_links":{"self":[{"href":"https:\/\/terrasdebasto.pt\/index.php?rest_route=\/wp\/v2\/posts\/5420","targetHints":{"allow":["GET"]}}],"collection":[{"href":"https:\/\/terrasdebasto.pt\/index.php?rest_route=\/wp\/v2\/posts"}],"about":[{"href":"https:\/\/terrasdebasto.pt\/index.php?rest_route=\/wp\/v2\/types\/post"}],"author":[{"embeddable":true,"href":"https:\/\/terrasdebasto.pt\/index.php?rest_route=\/wp\/v2\/users\/7"}],"replies":[{"embeddable":true,"href":"https:\/\/terrasdebasto.pt\/index.php?rest_route=%2Fwp%2Fv2%2Fcomments&post=5420"}],"version-history":[{"count":1,"href":"https:\/\/terrasdebasto.pt\/index.php?rest_route=\/wp\/v2\/posts\/5420\/revisions"}],"predecessor-version":[{"id":5422,"href":"https:\/\/terrasdebasto.pt\/index.php?rest_route=\/wp\/v2\/posts\/5420\/revisions\/5422"}],"wp:featuredmedia":[{"embeddable":true,"href":"https:\/\/terrasdebasto.pt\/index.php?rest_route=\/wp\/v2\/media\/5421"}],"wp:attachment":[{"href":"https:\/\/terrasdebasto.pt\/index.php?rest_route=%2Fwp%2Fv2%2Fmedia&parent=5420"}],"wp:term":[{"taxonomy":"category","embeddable":true,"href":"https:\/\/terrasdebasto.pt\/index.php?rest_route=%2Fwp%2Fv2%2Fcategories&post=5420"},{"taxonomy":"post_tag","embeddable":true,"href":"https:\/\/terrasdebasto.pt\/index.php?rest_route=%2Fwp%2Fv2%2Ftags&post=5420"}],"curies":[{"name":"wp","href":"https:\/\/api.w.org\/{rel}","templated":true}]}}