{"id":5365,"date":"2025-12-29T23:24:33","date_gmt":"2025-12-29T23:24:33","guid":{"rendered":"https:\/\/terrasdebasto.pt\/?p=5365"},"modified":"2025-12-29T23:24:34","modified_gmt":"2025-12-29T23:24:34","slug":"jesus-poderia-nascer-no-varzigueto-diz-d-sergio-dinis","status":"publish","type":"post","link":"https:\/\/terrasdebasto.pt\/?p=5365","title":{"rendered":"Jesus poderia nascer no Varzigueto \u2013 diz D. S\u00e9rgio Dinis"},"content":{"rendered":"\n<p><\/p>\n\n\n\n<p><strong>O bispo das For\u00e7as Armadas considera que a aldeia de Varzigueto, em Ermelo \u2013 Mondim de Basto, poderia muito bem ser \u00abum dos lugares onde Jesus escolheria nascer hoje\u00bb.<\/strong><\/p>\n\n\n\n<p>Falando nas suas redes sociais a prop\u00f3sito da celebra\u00e7\u00e3o da eucaristia, a que presidiu no dia de Natal nesta \u00abaldeia pequena, quase invis\u00edvel no mapa, escondida na serra do Alv\u00e3o\u00bb &#8212; a sua terra-natal \u2013, D. S\u00e9rgio Dinis relevou ainda o facto de estarmos perante um local com \u00abpoucos habitantes, casas simples, um sil\u00eancio que fala ao cora\u00e7\u00e3o\u00bb.<\/p>\n\n\n\n<p>Embora em linguagem figurada, disse o prelado que, se Jesus escolhesse hoje o Varzigueto para nascer, f\u00e1-lo-ia \u00abn\u00e3o no centro das luzes, mas na periferia do mundo\u00bb, \u00abn\u00e3o no ru\u00eddo, mas no discreto\u00bb, \u00abn\u00e3o no poder, mas na humildade\u00bb.<\/p>\n\n\n\n<p>O Natal \u2013 diz o bispo que tutela h\u00e1 menos de um ano o Ordinariato Castrense \u2013 \u00abacontece onde h\u00e1 simplicidade, onde algu\u00e9m espera, onde Deus encontra espa\u00e7o para se fazer pequeno\u00bb. \u00abVarzigueto \u00e9 assim; e por isso, hoje, foi Bel\u00e9m\u00bb, concluiu.<\/p>\n\n\n\n<figure class=\"wp-block-gallery has-nested-images columns-default is-cropped wp-block-gallery-1 is-layout-flex wp-block-gallery-is-layout-flex\">\n<figure class=\"wp-block-image size-large\"><img loading=\"lazy\" decoding=\"async\" width=\"1024\" height=\"536\" data-id=\"5367\" src=\"https:\/\/terrasdebasto.pt\/wp-content\/uploads\/2025\/12\/VARZIGUETO-MONDIM-DE-BASTO-1024x536.jpg\" alt=\"\" class=\"wp-image-5367\" srcset=\"https:\/\/terrasdebasto.pt\/wp-content\/uploads\/2025\/12\/VARZIGUETO-MONDIM-DE-BASTO-1024x536.jpg 1024w, https:\/\/terrasdebasto.pt\/wp-content\/uploads\/2025\/12\/VARZIGUETO-MONDIM-DE-BASTO-300x157.jpg 300w, https:\/\/terrasdebasto.pt\/wp-content\/uploads\/2025\/12\/VARZIGUETO-MONDIM-DE-BASTO-768x402.jpg 768w, https:\/\/terrasdebasto.pt\/wp-content\/uploads\/2025\/12\/VARZIGUETO-MONDIM-DE-BASTO-150x79.jpg 150w, https:\/\/terrasdebasto.pt\/wp-content\/uploads\/2025\/12\/VARZIGUETO-MONDIM-DE-BASTO-696x364.jpg 696w, https:\/\/terrasdebasto.pt\/wp-content\/uploads\/2025\/12\/VARZIGUETO-MONDIM-DE-BASTO.jpg 1068w\" sizes=\"auto, (max-width: 1024px) 100vw, 1024px\" \/><\/figure>\n<\/figure>\n\n\n\n<figure class=\"wp-block-gallery has-nested-images columns-default is-cropped wp-block-gallery-2 is-layout-flex wp-block-gallery-is-layout-flex\">\n<figure class=\"wp-block-image size-large\"><img loading=\"lazy\" decoding=\"async\" width=\"1024\" height=\"536\" data-id=\"5368\" src=\"https:\/\/terrasdebasto.pt\/wp-content\/uploads\/2025\/12\/SERGIO-DINIS-2-1024x536.jpg\" alt=\"\" class=\"wp-image-5368\" srcset=\"https:\/\/terrasdebasto.pt\/wp-content\/uploads\/2025\/12\/SERGIO-DINIS-2-1024x536.jpg 1024w, https:\/\/terrasdebasto.pt\/wp-content\/uploads\/2025\/12\/SERGIO-DINIS-2-300x157.jpg 300w, https:\/\/terrasdebasto.pt\/wp-content\/uploads\/2025\/12\/SERGIO-DINIS-2-768x402.jpg 768w, https:\/\/terrasdebasto.pt\/wp-content\/uploads\/2025\/12\/SERGIO-DINIS-2-150x79.jpg 150w, https:\/\/terrasdebasto.pt\/wp-content\/uploads\/2025\/12\/SERGIO-DINIS-2-696x364.jpg 696w, https:\/\/terrasdebasto.pt\/wp-content\/uploads\/2025\/12\/SERGIO-DINIS-2.jpg 1047w\" sizes=\"auto, (max-width: 1024px) 100vw, 1024px\" \/><\/figure>\n<\/figure>\n\n\n\n<figure class=\"wp-block-gallery has-nested-images columns-default is-cropped wp-block-gallery-3 is-layout-flex wp-block-gallery-is-layout-flex\">\n<figure class=\"wp-block-image size-large\"><img loading=\"lazy\" decoding=\"async\" width=\"942\" height=\"497\" data-id=\"5369\" src=\"https:\/\/terrasdebasto.pt\/wp-content\/uploads\/2025\/12\/SERGIO-DINIS-4.jpg\" alt=\"\" class=\"wp-image-5369\" srcset=\"https:\/\/terrasdebasto.pt\/wp-content\/uploads\/2025\/12\/SERGIO-DINIS-4.jpg 942w, https:\/\/terrasdebasto.pt\/wp-content\/uploads\/2025\/12\/SERGIO-DINIS-4-300x158.jpg 300w, https:\/\/terrasdebasto.pt\/wp-content\/uploads\/2025\/12\/SERGIO-DINIS-4-768x405.jpg 768w, https:\/\/terrasdebasto.pt\/wp-content\/uploads\/2025\/12\/SERGIO-DINIS-4-150x79.jpg 150w, https:\/\/terrasdebasto.pt\/wp-content\/uploads\/2025\/12\/SERGIO-DINIS-4-696x367.jpg 696w\" sizes=\"auto, (max-width: 942px) 100vw, 942px\" \/><\/figure>\n<\/figure>\n","protected":false},"excerpt":{"rendered":"<p>O bispo das For\u00e7as Armadas considera que a aldeia de Varzigueto, em Ermelo \u2013 Mondim de Basto, poderia muito bem ser \u00abum dos lugares onde Jesus escolheria nascer hoje\u00bb. Falando nas suas redes sociais a prop\u00f3sito da celebra\u00e7\u00e3o da eucaristia, a que presidiu no dia de Natal nesta \u00abaldeia pequena, quase invis\u00edvel no mapa, escondida [&hellip;]<\/p>\n","protected":false},"author":7,"featured_media":5366,"comment_status":"open","ping_status":"open","sticky":false,"template":"","format":"standard","meta":{"footnotes":""},"categories":[16,9],"tags":[1268,1265,85,1266,1293],"class_list":{"0":"post-5365","1":"post","2":"type-post","3":"status-publish","4":"format-standard","5":"has-post-thumbnail","7":"category-mondim-de-basto","8":"category-terras-de-basto","9":"tag-bispo-das-forcas-armadas","10":"tag-d-sergio-dinis","11":"tag-mondim-de-basto","12":"tag-ordinariato-castrense","13":"tag-varzigueto"},"yoast_head":"<!-- This site is optimized with the Yoast SEO plugin v25.7 - https:\/\/yoast.com\/wordpress\/plugins\/seo\/ -->\n<title>Jesus poderia nascer no Varzigueto \u2013 diz D. S\u00e9rgio Dinis - Jornal Terras de Basto<\/title>\n<meta name=\"description\" content=\"O bispo das For\u00e7as Armadas considera que a aldeia de Varzigueto, em Ermelo \u2013 Mondim de Basto, poderia muito bem ser \u00abum dos lugares onde Jesus escolheria nascer hoje\u00bb.\" \/>\n<meta name=\"robots\" content=\"index, follow, max-snippet:-1, max-image-preview:large, max-video-preview:-1\" \/>\n<link rel=\"canonical\" href=\"https:\/\/terrasdebasto.pt\/?p=5365\" \/>\n<meta property=\"og:locale\" content=\"pt_PT\" \/>\n<meta property=\"og:type\" content=\"article\" \/>\n<meta property=\"og:title\" content=\"Jesus poderia nascer no Varzigueto \u2013 diz D. S\u00e9rgio Dinis - Jornal Terras de Basto\" \/>\n<meta property=\"og:description\" content=\"O bispo das For\u00e7as Armadas considera que a aldeia de Varzigueto, em Ermelo \u2013 Mondim de Basto, poderia muito bem ser \u00abum dos lugares onde Jesus escolheria nascer hoje\u00bb.\" \/>\n<meta property=\"og:url\" content=\"https:\/\/terrasdebasto.pt\/?p=5365\" \/>\n<meta property=\"og:site_name\" content=\"Jornal Terras de Basto\" \/>\n<meta property=\"article:published_time\" content=\"2025-12-29T23:24:33+00:00\" \/>\n<meta property=\"article:modified_time\" content=\"2025-12-29T23:24:34+00:00\" \/>\n<meta property=\"og:image\" content=\"https:\/\/terrasdebasto.pt\/wp-content\/uploads\/2025\/12\/SERGIO-DINIS-1.webp\" \/>\n\t<meta property=\"og:image:width\" content=\"1280\" \/>\n\t<meta property=\"og:image:height\" content=\"640\" \/>\n\t<meta property=\"og:image:type\" content=\"image\/webp\" \/>\n<meta name=\"author\" content=\"Jo\u00e3o Paulo Mesquita\" \/>\n<meta name=\"twitter:card\" content=\"summary_large_image\" \/>\n<meta name=\"twitter:label1\" content=\"Escrito por\" \/>\n\t<meta name=\"twitter:data1\" content=\"Jo\u00e3o Paulo Mesquita\" \/>\n\t<meta name=\"twitter:label2\" content=\"Tempo estimado de leitura\" \/>\n\t<meta name=\"twitter:data2\" content=\"2 minutos\" \/>\n<script type=\"application\/ld+json\" class=\"yoast-schema-graph\">{\"@context\":\"https:\/\/schema.org\",\"@graph\":[{\"@type\":\"Article\",\"@id\":\"https:\/\/terrasdebasto.pt\/?p=5365#article\",\"isPartOf\":{\"@id\":\"https:\/\/terrasdebasto.pt\/?p=5365\"},\"author\":{\"name\":\"Jo\u00e3o Paulo Mesquita\",\"@id\":\"https:\/\/terrasdebasto.pt\/#\/schema\/person\/9f6739f5394ac65c802641773b278b84\"},\"headline\":\"Jesus poderia nascer no Varzigueto \u2013 diz D. S\u00e9rgio Dinis\",\"datePublished\":\"2025-12-29T23:24:33+00:00\",\"dateModified\":\"2025-12-29T23:24:34+00:00\",\"mainEntityOfPage\":{\"@id\":\"https:\/\/terrasdebasto.pt\/?p=5365\"},\"wordCount\":189,\"commentCount\":0,\"publisher\":{\"@id\":\"https:\/\/terrasdebasto.pt\/#organization\"},\"image\":{\"@id\":\"https:\/\/terrasdebasto.pt\/?p=5365#primaryimage\"},\"thumbnailUrl\":\"https:\/\/terrasdebasto.pt\/wp-content\/uploads\/2025\/12\/SERGIO-DINIS-1.webp\",\"keywords\":[\"BISPO DAS FOR\u00c7AS ARMADAS\",\"D. S\u00c9RGIO DINIS\",\"Mondim de Basto\",\"ORDINARIATO CASTRENSE\",\"Varzigueto\"],\"articleSection\":[\"Mondim de Basto\",\"Terras de Basto\"],\"inLanguage\":\"pt-PT\",\"potentialAction\":[{\"@type\":\"CommentAction\",\"name\":\"Comment\",\"target\":[\"https:\/\/terrasdebasto.pt\/?p=5365#respond\"]}]},{\"@type\":\"WebPage\",\"@id\":\"https:\/\/terrasdebasto.pt\/?p=5365\",\"url\":\"https:\/\/terrasdebasto.pt\/?p=5365\",\"name\":\"Jesus poderia nascer no Varzigueto \u2013 diz D. S\u00e9rgio Dinis - Jornal Terras de Basto\",\"isPartOf\":{\"@id\":\"https:\/\/terrasdebasto.pt\/#website\"},\"primaryImageOfPage\":{\"@id\":\"https:\/\/terrasdebasto.pt\/?p=5365#primaryimage\"},\"image\":{\"@id\":\"https:\/\/terrasdebasto.pt\/?p=5365#primaryimage\"},\"thumbnailUrl\":\"https:\/\/terrasdebasto.pt\/wp-content\/uploads\/2025\/12\/SERGIO-DINIS-1.webp\",\"datePublished\":\"2025-12-29T23:24:33+00:00\",\"dateModified\":\"2025-12-29T23:24:34+00:00\",\"description\":\"O bispo das For\u00e7as Armadas considera que a aldeia de Varzigueto, em Ermelo \u2013 Mondim de Basto, poderia muito bem ser \u00abum dos lugares onde Jesus escolheria nascer hoje\u00bb.\",\"breadcrumb\":{\"@id\":\"https:\/\/terrasdebasto.pt\/?p=5365#breadcrumb\"},\"inLanguage\":\"pt-PT\",\"potentialAction\":[{\"@type\":\"ReadAction\",\"target\":[\"https:\/\/terrasdebasto.pt\/?p=5365\"]}]},{\"@type\":\"ImageObject\",\"inLanguage\":\"pt-PT\",\"@id\":\"https:\/\/terrasdebasto.pt\/?p=5365#primaryimage\",\"url\":\"https:\/\/terrasdebasto.pt\/wp-content\/uploads\/2025\/12\/SERGIO-DINIS-1.webp\",\"contentUrl\":\"https:\/\/terrasdebasto.pt\/wp-content\/uploads\/2025\/12\/SERGIO-DINIS-1.webp\",\"width\":1280,\"height\":640},{\"@type\":\"BreadcrumbList\",\"@id\":\"https:\/\/terrasdebasto.pt\/?p=5365#breadcrumb\",\"itemListElement\":[{\"@type\":\"ListItem\",\"position\":1,\"name\":\"In\u00edcio\",\"item\":\"https:\/\/terrasdebasto.pt\/\"},{\"@type\":\"ListItem\",\"position\":2,\"name\":\"Jesus poderia nascer no Varzigueto \u2013 diz D. S\u00e9rgio Dinis\"}]},{\"@type\":\"WebSite\",\"@id\":\"https:\/\/terrasdebasto.pt\/#website\",\"url\":\"https:\/\/terrasdebasto.pt\/\",\"name\":\"Jornal Terras de Basto\",\"description\":\"\",\"publisher\":{\"@id\":\"https:\/\/terrasdebasto.pt\/#organization\"},\"potentialAction\":[{\"@type\":\"SearchAction\",\"target\":{\"@type\":\"EntryPoint\",\"urlTemplate\":\"https:\/\/terrasdebasto.pt\/?s={search_term_string}\"},\"query-input\":{\"@type\":\"PropertyValueSpecification\",\"valueRequired\":true,\"valueName\":\"search_term_string\"}}],\"inLanguage\":\"pt-PT\"},{\"@type\":\"Organization\",\"@id\":\"https:\/\/terrasdebasto.pt\/#organization\",\"name\":\"Jornal Terras de Basto\",\"url\":\"https:\/\/terrasdebasto.pt\/\",\"logo\":{\"@type\":\"ImageObject\",\"inLanguage\":\"pt-PT\",\"@id\":\"https:\/\/terrasdebasto.pt\/#\/schema\/logo\/image\/\",\"url\":\"https:\/\/terrasdebasto.pt\/wp-content\/uploads\/2024\/06\/LogoNormal.png\",\"contentUrl\":\"https:\/\/terrasdebasto.pt\/wp-content\/uploads\/2024\/06\/LogoNormal.png\",\"width\":5638,\"height\":809,\"caption\":\"Jornal Terras de Basto\"},\"image\":{\"@id\":\"https:\/\/terrasdebasto.pt\/#\/schema\/logo\/image\/\"}},{\"@type\":\"Person\",\"@id\":\"https:\/\/terrasdebasto.pt\/#\/schema\/person\/9f6739f5394ac65c802641773b278b84\",\"name\":\"Jo\u00e3o Paulo Mesquita\",\"image\":{\"@type\":\"ImageObject\",\"inLanguage\":\"pt-PT\",\"@id\":\"https:\/\/terrasdebasto.pt\/#\/schema\/person\/image\/\",\"url\":\"https:\/\/secure.gravatar.com\/avatar\/9bd0f299e6d96336664aab64354168246a3ee3287c47891c50d450e47ed9d7f9?s=96&d=mm&r=g\",\"contentUrl\":\"https:\/\/secure.gravatar.com\/avatar\/9bd0f299e6d96336664aab64354168246a3ee3287c47891c50d450e47ed9d7f9?s=96&d=mm&r=g\",\"caption\":\"Jo\u00e3o Paulo Mesquita\"},\"url\":\"https:\/\/terrasdebasto.pt\/?author=7\"}]}<\/script>\n<!-- \/ Yoast SEO plugin. -->","yoast_head_json":{"title":"Jesus poderia nascer no Varzigueto \u2013 diz D. S\u00e9rgio Dinis - Jornal Terras de Basto","description":"O bispo das For\u00e7as Armadas considera que a aldeia de Varzigueto, em Ermelo \u2013 Mondim de Basto, poderia muito bem ser \u00abum dos lugares onde Jesus escolheria nascer hoje\u00bb.","robots":{"index":"index","follow":"follow","max-snippet":"max-snippet:-1","max-image-preview":"max-image-preview:large","max-video-preview":"max-video-preview:-1"},"canonical":"https:\/\/terrasdebasto.pt\/?p=5365","og_locale":"pt_PT","og_type":"article","og_title":"Jesus poderia nascer no Varzigueto \u2013 diz D. S\u00e9rgio Dinis - Jornal Terras de Basto","og_description":"O bispo das For\u00e7as Armadas considera que a aldeia de Varzigueto, em Ermelo \u2013 Mondim de Basto, poderia muito bem ser \u00abum dos lugares onde Jesus escolheria nascer hoje\u00bb.","og_url":"https:\/\/terrasdebasto.pt\/?p=5365","og_site_name":"Jornal Terras de Basto","article_published_time":"2025-12-29T23:24:33+00:00","article_modified_time":"2025-12-29T23:24:34+00:00","og_image":[{"width":1280,"height":640,"url":"https:\/\/terrasdebasto.pt\/wp-content\/uploads\/2025\/12\/SERGIO-DINIS-1.webp","type":"image\/webp"}],"author":"Jo\u00e3o Paulo Mesquita","twitter_card":"summary_large_image","twitter_misc":{"Escrito por":"Jo\u00e3o Paulo Mesquita","Tempo estimado de leitura":"2 minutos"},"schema":{"@context":"https:\/\/schema.org","@graph":[{"@type":"Article","@id":"https:\/\/terrasdebasto.pt\/?p=5365#article","isPartOf":{"@id":"https:\/\/terrasdebasto.pt\/?p=5365"},"author":{"name":"Jo\u00e3o Paulo Mesquita","@id":"https:\/\/terrasdebasto.pt\/#\/schema\/person\/9f6739f5394ac65c802641773b278b84"},"headline":"Jesus poderia nascer no Varzigueto \u2013 diz D. S\u00e9rgio Dinis","datePublished":"2025-12-29T23:24:33+00:00","dateModified":"2025-12-29T23:24:34+00:00","mainEntityOfPage":{"@id":"https:\/\/terrasdebasto.pt\/?p=5365"},"wordCount":189,"commentCount":0,"publisher":{"@id":"https:\/\/terrasdebasto.pt\/#organization"},"image":{"@id":"https:\/\/terrasdebasto.pt\/?p=5365#primaryimage"},"thumbnailUrl":"https:\/\/terrasdebasto.pt\/wp-content\/uploads\/2025\/12\/SERGIO-DINIS-1.webp","keywords":["BISPO DAS FOR\u00c7AS ARMADAS","D. S\u00c9RGIO DINIS","Mondim de Basto","ORDINARIATO CASTRENSE","Varzigueto"],"articleSection":["Mondim de Basto","Terras de Basto"],"inLanguage":"pt-PT","potentialAction":[{"@type":"CommentAction","name":"Comment","target":["https:\/\/terrasdebasto.pt\/?p=5365#respond"]}]},{"@type":"WebPage","@id":"https:\/\/terrasdebasto.pt\/?p=5365","url":"https:\/\/terrasdebasto.pt\/?p=5365","name":"Jesus poderia nascer no Varzigueto \u2013 diz D. S\u00e9rgio Dinis - Jornal Terras de Basto","isPartOf":{"@id":"https:\/\/terrasdebasto.pt\/#website"},"primaryImageOfPage":{"@id":"https:\/\/terrasdebasto.pt\/?p=5365#primaryimage"},"image":{"@id":"https:\/\/terrasdebasto.pt\/?p=5365#primaryimage"},"thumbnailUrl":"https:\/\/terrasdebasto.pt\/wp-content\/uploads\/2025\/12\/SERGIO-DINIS-1.webp","datePublished":"2025-12-29T23:24:33+00:00","dateModified":"2025-12-29T23:24:34+00:00","description":"O bispo das For\u00e7as Armadas considera que a aldeia de Varzigueto, em Ermelo \u2013 Mondim de Basto, poderia muito bem ser \u00abum dos lugares onde Jesus escolheria nascer hoje\u00bb.","breadcrumb":{"@id":"https:\/\/terrasdebasto.pt\/?p=5365#breadcrumb"},"inLanguage":"pt-PT","potentialAction":[{"@type":"ReadAction","target":["https:\/\/terrasdebasto.pt\/?p=5365"]}]},{"@type":"ImageObject","inLanguage":"pt-PT","@id":"https:\/\/terrasdebasto.pt\/?p=5365#primaryimage","url":"https:\/\/terrasdebasto.pt\/wp-content\/uploads\/2025\/12\/SERGIO-DINIS-1.webp","contentUrl":"https:\/\/terrasdebasto.pt\/wp-content\/uploads\/2025\/12\/SERGIO-DINIS-1.webp","width":1280,"height":640},{"@type":"BreadcrumbList","@id":"https:\/\/terrasdebasto.pt\/?p=5365#breadcrumb","itemListElement":[{"@type":"ListItem","position":1,"name":"In\u00edcio","item":"https:\/\/terrasdebasto.pt\/"},{"@type":"ListItem","position":2,"name":"Jesus poderia nascer no Varzigueto \u2013 diz D. S\u00e9rgio Dinis"}]},{"@type":"WebSite","@id":"https:\/\/terrasdebasto.pt\/#website","url":"https:\/\/terrasdebasto.pt\/","name":"Jornal Terras de Basto","description":"","publisher":{"@id":"https:\/\/terrasdebasto.pt\/#organization"},"potentialAction":[{"@type":"SearchAction","target":{"@type":"EntryPoint","urlTemplate":"https:\/\/terrasdebasto.pt\/?s={search_term_string}"},"query-input":{"@type":"PropertyValueSpecification","valueRequired":true,"valueName":"search_term_string"}}],"inLanguage":"pt-PT"},{"@type":"Organization","@id":"https:\/\/terrasdebasto.pt\/#organization","name":"Jornal Terras de Basto","url":"https:\/\/terrasdebasto.pt\/","logo":{"@type":"ImageObject","inLanguage":"pt-PT","@id":"https:\/\/terrasdebasto.pt\/#\/schema\/logo\/image\/","url":"https:\/\/terrasdebasto.pt\/wp-content\/uploads\/2024\/06\/LogoNormal.png","contentUrl":"https:\/\/terrasdebasto.pt\/wp-content\/uploads\/2024\/06\/LogoNormal.png","width":5638,"height":809,"caption":"Jornal Terras de Basto"},"image":{"@id":"https:\/\/terrasdebasto.pt\/#\/schema\/logo\/image\/"}},{"@type":"Person","@id":"https:\/\/terrasdebasto.pt\/#\/schema\/person\/9f6739f5394ac65c802641773b278b84","name":"Jo\u00e3o Paulo Mesquita","image":{"@type":"ImageObject","inLanguage":"pt-PT","@id":"https:\/\/terrasdebasto.pt\/#\/schema\/person\/image\/","url":"https:\/\/secure.gravatar.com\/avatar\/9bd0f299e6d96336664aab64354168246a3ee3287c47891c50d450e47ed9d7f9?s=96&d=mm&r=g","contentUrl":"https:\/\/secure.gravatar.com\/avatar\/9bd0f299e6d96336664aab64354168246a3ee3287c47891c50d450e47ed9d7f9?s=96&d=mm&r=g","caption":"Jo\u00e3o Paulo Mesquita"},"url":"https:\/\/terrasdebasto.pt\/?author=7"}]}},"_links":{"self":[{"href":"https:\/\/terrasdebasto.pt\/index.php?rest_route=\/wp\/v2\/posts\/5365","targetHints":{"allow":["GET"]}}],"collection":[{"href":"https:\/\/terrasdebasto.pt\/index.php?rest_route=\/wp\/v2\/posts"}],"about":[{"href":"https:\/\/terrasdebasto.pt\/index.php?rest_route=\/wp\/v2\/types\/post"}],"author":[{"embeddable":true,"href":"https:\/\/terrasdebasto.pt\/index.php?rest_route=\/wp\/v2\/users\/7"}],"replies":[{"embeddable":true,"href":"https:\/\/terrasdebasto.pt\/index.php?rest_route=%2Fwp%2Fv2%2Fcomments&post=5365"}],"version-history":[{"count":1,"href":"https:\/\/terrasdebasto.pt\/index.php?rest_route=\/wp\/v2\/posts\/5365\/revisions"}],"predecessor-version":[{"id":5370,"href":"https:\/\/terrasdebasto.pt\/index.php?rest_route=\/wp\/v2\/posts\/5365\/revisions\/5370"}],"wp:featuredmedia":[{"embeddable":true,"href":"https:\/\/terrasdebasto.pt\/index.php?rest_route=\/wp\/v2\/media\/5366"}],"wp:attachment":[{"href":"https:\/\/terrasdebasto.pt\/index.php?rest_route=%2Fwp%2Fv2%2Fmedia&parent=5365"}],"wp:term":[{"taxonomy":"category","embeddable":true,"href":"https:\/\/terrasdebasto.pt\/index.php?rest_route=%2Fwp%2Fv2%2Fcategories&post=5365"},{"taxonomy":"post_tag","embeddable":true,"href":"https:\/\/terrasdebasto.pt\/index.php?rest_route=%2Fwp%2Fv2%2Ftags&post=5365"}],"curies":[{"name":"wp","href":"https:\/\/api.w.org\/{rel}","templated":true}]}}