{"id":5362,"date":"2025-12-29T20:17:07","date_gmt":"2025-12-29T20:17:07","guid":{"rendered":"https:\/\/terrasdebasto.pt\/?p=5362"},"modified":"2025-12-29T20:17:08","modified_gmt":"2025-12-29T20:17:08","slug":"seguro-vem-encontrar-se-com-amigos-a-celorico","status":"publish","type":"post","link":"https:\/\/terrasdebasto.pt\/?p=5362","title":{"rendered":"Seguro vem encontrar-se com amigos a Celorico"},"content":{"rendered":"\n<p><\/p>\n\n\n\n<p><strong>O candidato presidencial Ant\u00f3nio Jos\u00e9 Seguro vai estar em Celorico de Basto a 10 de janeiro para participar naquele que \u00e9 apresentado pelos promotores como \u00abum encontro de amigos\u00bb. Acontece a partir das 17h45, no audit\u00f3rio do centro cultural local.<\/strong><\/p>\n\n\n\n<p>A candidatura presidencial de Ant\u00f3nio Jos\u00e9 Seguro tem sido encarada como uma proposta de perfil moderado, centrada na estabilidade institucional e no refor\u00e7o da confian\u00e7a dos cidad\u00e3os na democracia.<\/p>\n\n\n\n<p>Com um percurso pol\u00edtico marcado pela lideran\u00e7a do Partido Socialista e por uma atua\u00e7\u00e3o discreta, mas consistente, na vida p\u00fablica, Seguro apresenta-se como um candidato que valoriza o di\u00e1logo, o consenso e o respeito pelas institui\u00e7\u00f5es, procurando posicionar-se acima das l\u00f3gicas partid\u00e1rias mais imediatas, como tradicionalmente se espera de um Presidente da Rep\u00fablica.<\/p>\n\n\n\n<p>No plano pol\u00edtico, a sua candidatura destaca temas como a coes\u00e3o social, a defesa do Estado de direito e a necessidade de uma presid\u00eancia pedag\u00f3gica e pr\u00f3xima dos cidad\u00e3os.<\/p>\n\n\n\n<p>Ant\u00f3nio Jos\u00e9 Seguro tende a sublinhar o papel do Presidente como garante da Constitui\u00e7\u00e3o e moderador do sistema pol\u00edtico, num contexto de desafios econ\u00f3micos, sociais e internacionais exigentes.<\/p>\n\n\n\n<p>A abordagem que tem feito nesta campanha aposta mais na serenidade e na experi\u00eancia do que no confronto, procurando captar eleitores que valorizam previsibilidade, equil\u00edbrio e compromisso democr\u00e1tico.<\/p>\n\n\n\n<p>As elei\u00e7\u00f5es presidenciais realizam-se a 18 de janeiro. Caso nenhum candidato obtenha mais de 50% dos votos v\u00e1lidos nessa primeira volta, est\u00e1 prevista a realiza\u00e7\u00e3o de um segundo turno (segunda volta) tr\u00eas semanas depois, ou seja, a 8 de fevereiro de 2026.<\/p>\n","protected":false},"excerpt":{"rendered":"<p>O candidato presidencial Ant\u00f3nio Jos\u00e9 Seguro vai estar em Celorico de Basto a 10 de janeiro para participar naquele que \u00e9 apresentado pelos promotores como \u00abum encontro de amigos\u00bb. Acontece a partir das 17h45, no audit\u00f3rio do centro cultural local. A candidatura presidencial de Ant\u00f3nio Jos\u00e9 Seguro tem sido encarada como uma proposta de perfil [&hellip;]<\/p>\n","protected":false},"author":7,"featured_media":5363,"comment_status":"open","ping_status":"open","sticky":false,"template":"","format":"standard","meta":{"footnotes":""},"categories":[13,9],"tags":[1292,1291,40],"class_list":{"0":"post-5362","1":"post","2":"type-post","3":"status-publish","4":"format-standard","5":"has-post-thumbnail","7":"category-celorico-de-basto","8":"category-terras-de-basto","9":"tag-antonio-jose-seguro","10":"tag-campanha-presidencial","11":"tag-celorico-de-basto"},"yoast_head":"<!-- This site is optimized with the Yoast SEO plugin v25.7 - https:\/\/yoast.com\/wordpress\/plugins\/seo\/ -->\n<title>Seguro vem encontrar-se com amigos a Celorico - Jornal Terras de Basto<\/title>\n<meta name=\"description\" content=\"O candidato presidencial Ant\u00f3nio Jos\u00e9 Seguro vai estar em Celorico de Basto a 10 de janeiro para participar naquele que \u00e9 apresentado pelos promotores como \u00abum encontro de amigos\u00bb. Acontece a partir das 17h45, no audit\u00f3rio do centro cultural local.\" \/>\n<meta name=\"robots\" content=\"index, follow, max-snippet:-1, max-image-preview:large, max-video-preview:-1\" \/>\n<link rel=\"canonical\" href=\"https:\/\/terrasdebasto.pt\/?p=5362\" \/>\n<meta property=\"og:locale\" content=\"pt_PT\" \/>\n<meta property=\"og:type\" content=\"article\" \/>\n<meta property=\"og:title\" content=\"Seguro vem encontrar-se com amigos a Celorico - Jornal Terras de Basto\" \/>\n<meta property=\"og:description\" content=\"O candidato presidencial Ant\u00f3nio Jos\u00e9 Seguro vai estar em Celorico de Basto a 10 de janeiro para participar naquele que \u00e9 apresentado pelos promotores como \u00abum encontro de amigos\u00bb. Acontece a partir das 17h45, no audit\u00f3rio do centro cultural local.\" \/>\n<meta property=\"og:url\" content=\"https:\/\/terrasdebasto.pt\/?p=5362\" \/>\n<meta property=\"og:site_name\" content=\"Jornal Terras de Basto\" \/>\n<meta property=\"article:published_time\" content=\"2025-12-29T20:17:07+00:00\" \/>\n<meta property=\"article:modified_time\" content=\"2025-12-29T20:17:08+00:00\" \/>\n<meta property=\"og:image\" content=\"https:\/\/terrasdebasto.pt\/wp-content\/uploads\/2025\/12\/ANTONIO-JOSE-SEGURO.jpg\" \/>\n\t<meta property=\"og:image:width\" content=\"960\" \/>\n\t<meta property=\"og:image:height\" content=\"715\" \/>\n\t<meta property=\"og:image:type\" content=\"image\/jpeg\" \/>\n<meta name=\"author\" content=\"Jo\u00e3o Paulo Mesquita\" \/>\n<meta name=\"twitter:card\" content=\"summary_large_image\" \/>\n<meta name=\"twitter:label1\" content=\"Escrito por\" \/>\n\t<meta name=\"twitter:data1\" content=\"Jo\u00e3o Paulo Mesquita\" \/>\n\t<meta name=\"twitter:label2\" content=\"Tempo estimado de leitura\" \/>\n\t<meta name=\"twitter:data2\" content=\"2 minutos\" \/>\n<script type=\"application\/ld+json\" class=\"yoast-schema-graph\">{\"@context\":\"https:\/\/schema.org\",\"@graph\":[{\"@type\":\"Article\",\"@id\":\"https:\/\/terrasdebasto.pt\/?p=5362#article\",\"isPartOf\":{\"@id\":\"https:\/\/terrasdebasto.pt\/?p=5362\"},\"author\":{\"name\":\"Jo\u00e3o Paulo Mesquita\",\"@id\":\"https:\/\/terrasdebasto.pt\/#\/schema\/person\/9f6739f5394ac65c802641773b278b84\"},\"headline\":\"Seguro vem encontrar-se com amigos a Celorico\",\"datePublished\":\"2025-12-29T20:17:07+00:00\",\"dateModified\":\"2025-12-29T20:17:08+00:00\",\"mainEntityOfPage\":{\"@id\":\"https:\/\/terrasdebasto.pt\/?p=5362\"},\"wordCount\":282,\"commentCount\":0,\"publisher\":{\"@id\":\"https:\/\/terrasdebasto.pt\/#organization\"},\"image\":{\"@id\":\"https:\/\/terrasdebasto.pt\/?p=5362#primaryimage\"},\"thumbnailUrl\":\"https:\/\/terrasdebasto.pt\/wp-content\/uploads\/2025\/12\/ANTONIO-JOSE-SEGURO.jpg\",\"keywords\":[\"Ant\u00f3nio Jos\u00e9 Seguro\",\"Campanha Presidencial\",\"Celorico de Basto\"],\"articleSection\":[\"Celorico de Basto\",\"Terras de Basto\"],\"inLanguage\":\"pt-PT\",\"potentialAction\":[{\"@type\":\"CommentAction\",\"name\":\"Comment\",\"target\":[\"https:\/\/terrasdebasto.pt\/?p=5362#respond\"]}]},{\"@type\":\"WebPage\",\"@id\":\"https:\/\/terrasdebasto.pt\/?p=5362\",\"url\":\"https:\/\/terrasdebasto.pt\/?p=5362\",\"name\":\"Seguro vem encontrar-se com amigos a Celorico - Jornal Terras de Basto\",\"isPartOf\":{\"@id\":\"https:\/\/terrasdebasto.pt\/#website\"},\"primaryImageOfPage\":{\"@id\":\"https:\/\/terrasdebasto.pt\/?p=5362#primaryimage\"},\"image\":{\"@id\":\"https:\/\/terrasdebasto.pt\/?p=5362#primaryimage\"},\"thumbnailUrl\":\"https:\/\/terrasdebasto.pt\/wp-content\/uploads\/2025\/12\/ANTONIO-JOSE-SEGURO.jpg\",\"datePublished\":\"2025-12-29T20:17:07+00:00\",\"dateModified\":\"2025-12-29T20:17:08+00:00\",\"description\":\"O candidato presidencial Ant\u00f3nio Jos\u00e9 Seguro vai estar em Celorico de Basto a 10 de janeiro para participar naquele que \u00e9 apresentado pelos promotores como \u00abum encontro de amigos\u00bb. Acontece a partir das 17h45, no audit\u00f3rio do centro cultural local.\",\"breadcrumb\":{\"@id\":\"https:\/\/terrasdebasto.pt\/?p=5362#breadcrumb\"},\"inLanguage\":\"pt-PT\",\"potentialAction\":[{\"@type\":\"ReadAction\",\"target\":[\"https:\/\/terrasdebasto.pt\/?p=5362\"]}]},{\"@type\":\"ImageObject\",\"inLanguage\":\"pt-PT\",\"@id\":\"https:\/\/terrasdebasto.pt\/?p=5362#primaryimage\",\"url\":\"https:\/\/terrasdebasto.pt\/wp-content\/uploads\/2025\/12\/ANTONIO-JOSE-SEGURO.jpg\",\"contentUrl\":\"https:\/\/terrasdebasto.pt\/wp-content\/uploads\/2025\/12\/ANTONIO-JOSE-SEGURO.jpg\",\"width\":960,\"height\":715},{\"@type\":\"BreadcrumbList\",\"@id\":\"https:\/\/terrasdebasto.pt\/?p=5362#breadcrumb\",\"itemListElement\":[{\"@type\":\"ListItem\",\"position\":1,\"name\":\"In\u00edcio\",\"item\":\"https:\/\/terrasdebasto.pt\/\"},{\"@type\":\"ListItem\",\"position\":2,\"name\":\"Seguro vem encontrar-se com amigos a Celorico\"}]},{\"@type\":\"WebSite\",\"@id\":\"https:\/\/terrasdebasto.pt\/#website\",\"url\":\"https:\/\/terrasdebasto.pt\/\",\"name\":\"Jornal Terras de Basto\",\"description\":\"\",\"publisher\":{\"@id\":\"https:\/\/terrasdebasto.pt\/#organization\"},\"potentialAction\":[{\"@type\":\"SearchAction\",\"target\":{\"@type\":\"EntryPoint\",\"urlTemplate\":\"https:\/\/terrasdebasto.pt\/?s={search_term_string}\"},\"query-input\":{\"@type\":\"PropertyValueSpecification\",\"valueRequired\":true,\"valueName\":\"search_term_string\"}}],\"inLanguage\":\"pt-PT\"},{\"@type\":\"Organization\",\"@id\":\"https:\/\/terrasdebasto.pt\/#organization\",\"name\":\"Jornal Terras de Basto\",\"url\":\"https:\/\/terrasdebasto.pt\/\",\"logo\":{\"@type\":\"ImageObject\",\"inLanguage\":\"pt-PT\",\"@id\":\"https:\/\/terrasdebasto.pt\/#\/schema\/logo\/image\/\",\"url\":\"https:\/\/terrasdebasto.pt\/wp-content\/uploads\/2024\/06\/LogoNormal.png\",\"contentUrl\":\"https:\/\/terrasdebasto.pt\/wp-content\/uploads\/2024\/06\/LogoNormal.png\",\"width\":5638,\"height\":809,\"caption\":\"Jornal Terras de Basto\"},\"image\":{\"@id\":\"https:\/\/terrasdebasto.pt\/#\/schema\/logo\/image\/\"}},{\"@type\":\"Person\",\"@id\":\"https:\/\/terrasdebasto.pt\/#\/schema\/person\/9f6739f5394ac65c802641773b278b84\",\"name\":\"Jo\u00e3o Paulo Mesquita\",\"image\":{\"@type\":\"ImageObject\",\"inLanguage\":\"pt-PT\",\"@id\":\"https:\/\/terrasdebasto.pt\/#\/schema\/person\/image\/\",\"url\":\"https:\/\/secure.gravatar.com\/avatar\/9bd0f299e6d96336664aab64354168246a3ee3287c47891c50d450e47ed9d7f9?s=96&d=mm&r=g\",\"contentUrl\":\"https:\/\/secure.gravatar.com\/avatar\/9bd0f299e6d96336664aab64354168246a3ee3287c47891c50d450e47ed9d7f9?s=96&d=mm&r=g\",\"caption\":\"Jo\u00e3o Paulo Mesquita\"},\"url\":\"https:\/\/terrasdebasto.pt\/?author=7\"}]}<\/script>\n<!-- \/ Yoast SEO plugin. -->","yoast_head_json":{"title":"Seguro vem encontrar-se com amigos a Celorico - Jornal Terras de Basto","description":"O candidato presidencial Ant\u00f3nio Jos\u00e9 Seguro vai estar em Celorico de Basto a 10 de janeiro para participar naquele que \u00e9 apresentado pelos promotores como \u00abum encontro de amigos\u00bb. Acontece a partir das 17h45, no audit\u00f3rio do centro cultural local.","robots":{"index":"index","follow":"follow","max-snippet":"max-snippet:-1","max-image-preview":"max-image-preview:large","max-video-preview":"max-video-preview:-1"},"canonical":"https:\/\/terrasdebasto.pt\/?p=5362","og_locale":"pt_PT","og_type":"article","og_title":"Seguro vem encontrar-se com amigos a Celorico - Jornal Terras de Basto","og_description":"O candidato presidencial Ant\u00f3nio Jos\u00e9 Seguro vai estar em Celorico de Basto a 10 de janeiro para participar naquele que \u00e9 apresentado pelos promotores como \u00abum encontro de amigos\u00bb. Acontece a partir das 17h45, no audit\u00f3rio do centro cultural local.","og_url":"https:\/\/terrasdebasto.pt\/?p=5362","og_site_name":"Jornal Terras de Basto","article_published_time":"2025-12-29T20:17:07+00:00","article_modified_time":"2025-12-29T20:17:08+00:00","og_image":[{"width":960,"height":715,"url":"https:\/\/terrasdebasto.pt\/wp-content\/uploads\/2025\/12\/ANTONIO-JOSE-SEGURO.jpg","type":"image\/jpeg"}],"author":"Jo\u00e3o Paulo Mesquita","twitter_card":"summary_large_image","twitter_misc":{"Escrito por":"Jo\u00e3o Paulo Mesquita","Tempo estimado de leitura":"2 minutos"},"schema":{"@context":"https:\/\/schema.org","@graph":[{"@type":"Article","@id":"https:\/\/terrasdebasto.pt\/?p=5362#article","isPartOf":{"@id":"https:\/\/terrasdebasto.pt\/?p=5362"},"author":{"name":"Jo\u00e3o Paulo Mesquita","@id":"https:\/\/terrasdebasto.pt\/#\/schema\/person\/9f6739f5394ac65c802641773b278b84"},"headline":"Seguro vem encontrar-se com amigos a Celorico","datePublished":"2025-12-29T20:17:07+00:00","dateModified":"2025-12-29T20:17:08+00:00","mainEntityOfPage":{"@id":"https:\/\/terrasdebasto.pt\/?p=5362"},"wordCount":282,"commentCount":0,"publisher":{"@id":"https:\/\/terrasdebasto.pt\/#organization"},"image":{"@id":"https:\/\/terrasdebasto.pt\/?p=5362#primaryimage"},"thumbnailUrl":"https:\/\/terrasdebasto.pt\/wp-content\/uploads\/2025\/12\/ANTONIO-JOSE-SEGURO.jpg","keywords":["Ant\u00f3nio Jos\u00e9 Seguro","Campanha Presidencial","Celorico de Basto"],"articleSection":["Celorico de Basto","Terras de Basto"],"inLanguage":"pt-PT","potentialAction":[{"@type":"CommentAction","name":"Comment","target":["https:\/\/terrasdebasto.pt\/?p=5362#respond"]}]},{"@type":"WebPage","@id":"https:\/\/terrasdebasto.pt\/?p=5362","url":"https:\/\/terrasdebasto.pt\/?p=5362","name":"Seguro vem encontrar-se com amigos a Celorico - Jornal Terras de Basto","isPartOf":{"@id":"https:\/\/terrasdebasto.pt\/#website"},"primaryImageOfPage":{"@id":"https:\/\/terrasdebasto.pt\/?p=5362#primaryimage"},"image":{"@id":"https:\/\/terrasdebasto.pt\/?p=5362#primaryimage"},"thumbnailUrl":"https:\/\/terrasdebasto.pt\/wp-content\/uploads\/2025\/12\/ANTONIO-JOSE-SEGURO.jpg","datePublished":"2025-12-29T20:17:07+00:00","dateModified":"2025-12-29T20:17:08+00:00","description":"O candidato presidencial Ant\u00f3nio Jos\u00e9 Seguro vai estar em Celorico de Basto a 10 de janeiro para participar naquele que \u00e9 apresentado pelos promotores como \u00abum encontro de amigos\u00bb. Acontece a partir das 17h45, no audit\u00f3rio do centro cultural local.","breadcrumb":{"@id":"https:\/\/terrasdebasto.pt\/?p=5362#breadcrumb"},"inLanguage":"pt-PT","potentialAction":[{"@type":"ReadAction","target":["https:\/\/terrasdebasto.pt\/?p=5362"]}]},{"@type":"ImageObject","inLanguage":"pt-PT","@id":"https:\/\/terrasdebasto.pt\/?p=5362#primaryimage","url":"https:\/\/terrasdebasto.pt\/wp-content\/uploads\/2025\/12\/ANTONIO-JOSE-SEGURO.jpg","contentUrl":"https:\/\/terrasdebasto.pt\/wp-content\/uploads\/2025\/12\/ANTONIO-JOSE-SEGURO.jpg","width":960,"height":715},{"@type":"BreadcrumbList","@id":"https:\/\/terrasdebasto.pt\/?p=5362#breadcrumb","itemListElement":[{"@type":"ListItem","position":1,"name":"In\u00edcio","item":"https:\/\/terrasdebasto.pt\/"},{"@type":"ListItem","position":2,"name":"Seguro vem encontrar-se com amigos a Celorico"}]},{"@type":"WebSite","@id":"https:\/\/terrasdebasto.pt\/#website","url":"https:\/\/terrasdebasto.pt\/","name":"Jornal Terras de Basto","description":"","publisher":{"@id":"https:\/\/terrasdebasto.pt\/#organization"},"potentialAction":[{"@type":"SearchAction","target":{"@type":"EntryPoint","urlTemplate":"https:\/\/terrasdebasto.pt\/?s={search_term_string}"},"query-input":{"@type":"PropertyValueSpecification","valueRequired":true,"valueName":"search_term_string"}}],"inLanguage":"pt-PT"},{"@type":"Organization","@id":"https:\/\/terrasdebasto.pt\/#organization","name":"Jornal Terras de Basto","url":"https:\/\/terrasdebasto.pt\/","logo":{"@type":"ImageObject","inLanguage":"pt-PT","@id":"https:\/\/terrasdebasto.pt\/#\/schema\/logo\/image\/","url":"https:\/\/terrasdebasto.pt\/wp-content\/uploads\/2024\/06\/LogoNormal.png","contentUrl":"https:\/\/terrasdebasto.pt\/wp-content\/uploads\/2024\/06\/LogoNormal.png","width":5638,"height":809,"caption":"Jornal Terras de Basto"},"image":{"@id":"https:\/\/terrasdebasto.pt\/#\/schema\/logo\/image\/"}},{"@type":"Person","@id":"https:\/\/terrasdebasto.pt\/#\/schema\/person\/9f6739f5394ac65c802641773b278b84","name":"Jo\u00e3o Paulo Mesquita","image":{"@type":"ImageObject","inLanguage":"pt-PT","@id":"https:\/\/terrasdebasto.pt\/#\/schema\/person\/image\/","url":"https:\/\/secure.gravatar.com\/avatar\/9bd0f299e6d96336664aab64354168246a3ee3287c47891c50d450e47ed9d7f9?s=96&d=mm&r=g","contentUrl":"https:\/\/secure.gravatar.com\/avatar\/9bd0f299e6d96336664aab64354168246a3ee3287c47891c50d450e47ed9d7f9?s=96&d=mm&r=g","caption":"Jo\u00e3o Paulo Mesquita"},"url":"https:\/\/terrasdebasto.pt\/?author=7"}]}},"_links":{"self":[{"href":"https:\/\/terrasdebasto.pt\/index.php?rest_route=\/wp\/v2\/posts\/5362","targetHints":{"allow":["GET"]}}],"collection":[{"href":"https:\/\/terrasdebasto.pt\/index.php?rest_route=\/wp\/v2\/posts"}],"about":[{"href":"https:\/\/terrasdebasto.pt\/index.php?rest_route=\/wp\/v2\/types\/post"}],"author":[{"embeddable":true,"href":"https:\/\/terrasdebasto.pt\/index.php?rest_route=\/wp\/v2\/users\/7"}],"replies":[{"embeddable":true,"href":"https:\/\/terrasdebasto.pt\/index.php?rest_route=%2Fwp%2Fv2%2Fcomments&post=5362"}],"version-history":[{"count":1,"href":"https:\/\/terrasdebasto.pt\/index.php?rest_route=\/wp\/v2\/posts\/5362\/revisions"}],"predecessor-version":[{"id":5364,"href":"https:\/\/terrasdebasto.pt\/index.php?rest_route=\/wp\/v2\/posts\/5362\/revisions\/5364"}],"wp:featuredmedia":[{"embeddable":true,"href":"https:\/\/terrasdebasto.pt\/index.php?rest_route=\/wp\/v2\/media\/5363"}],"wp:attachment":[{"href":"https:\/\/terrasdebasto.pt\/index.php?rest_route=%2Fwp%2Fv2%2Fmedia&parent=5362"}],"wp:term":[{"taxonomy":"category","embeddable":true,"href":"https:\/\/terrasdebasto.pt\/index.php?rest_route=%2Fwp%2Fv2%2Fcategories&post=5362"},{"taxonomy":"post_tag","embeddable":true,"href":"https:\/\/terrasdebasto.pt\/index.php?rest_route=%2Fwp%2Fv2%2Ftags&post=5362"}],"curies":[{"name":"wp","href":"https:\/\/api.w.org\/{rel}","templated":true}]}}