{"id":5354,"date":"2025-12-26T01:17:05","date_gmt":"2025-12-26T01:17:05","guid":{"rendered":"https:\/\/terrasdebasto.pt\/?p=5354"},"modified":"2025-12-26T01:17:06","modified_gmt":"2025-12-26T01:17:06","slug":"cabeceiras-lugar-a-meio-tempo-para-remunerar-vereador","status":"publish","type":"post","link":"https:\/\/terrasdebasto.pt\/?p=5354","title":{"rendered":"Cabeceiras: lugar a meio-tempo para remunerar vereador"},"content":{"rendered":"\n<p><\/p>\n\n\n\n<p><strong>\u00abExtempor\u00e2nea\u00bb e \u00abinusitada\u00bb. \u00c9 assim que os vereadores socialistas consideram a decis\u00e3o do presidente da C\u00e2mara de Cabeceiras de Basto de, dois meses depois de tomar posse, criar agora mais um lugar a meio-tempo na verea\u00e7\u00e3o municipal.<\/strong><\/p>\n\n\n\n<p>A proposta \u2013 que acabou aprovada na reuni\u00e3o do executivo de 17 de dezembro, com a absten\u00e7\u00e3o dos dois vereadores do PS e o voto favor\u00e1vel dos dois eleitos do movimento \u201cServir Cabeceiras\u201d \u2013 \u00e9 justificada com o facto de, na opini\u00e3o de Manuel Ant\u00f3nio Teixeira, um vereador a tempo inteiro n\u00e3o ser o bastante para responder politicamente pelas solicita\u00e7\u00f5es a que o exerc\u00edcio da gest\u00e3o municipal obriga.<\/p>\n\n\n\n<p>Nesse sentido, levou \u00e0 c\u00e2mara a cria\u00e7\u00e3o de um lugar a meio-tempo para o vereador Ant\u00f3nio Ribeiro Fernandes, o segundo na hierarquia municipal, que assumira, no in\u00edcio do mandato, sem tempo atribu\u00eddo, quase uma d\u00fazia de pelouros, que se propunha exercer em situa\u00e7\u00e3o de \u201cpro bono\u201d.<\/p>\n\n\n\n<p>Por for\u00e7a do normativo legal \u2013 munic\u00edpio com menos de 20 mil eleitores \u2013, a c\u00e2mara cabeceirense tem o n\u00famero de vereadores a tempo inteiro fixado em apenas um lugar, que foi assumido pelo ent\u00e3o terceiro eleito da coliga\u00e7\u00e3o \u201cFazer Diferente\u201d, a vereadora Laura Magalh\u00e3es, agora temporariamente substitu\u00edda por In\u00eas Bastos.<\/p>\n\n\n\n<p>Desempenhando fun\u00e7\u00f5es de substitui\u00e7\u00e3o do presidente nos seus impedimentos, como vice-presidente, Ant\u00f3nio Ribeiro Fernandes assumiu, assim, logo de in\u00edcio, onze pelouros, que exercia sem remunera\u00e7\u00e3o, para que pudesse manter outros rendimentos de que auferia.<\/p>\n\n\n\n<p>A justificar a sua proposta, o presidente da c\u00e2mara sublinha agora que, \u00abde acordo com a estrutura org\u00e2nica, se torna necess\u00e1rio assegurar um melhor e mais eficiente controlo pol\u00edtico da multiplicidade de tarefas das diversas unidades org\u00e2nicas municipais, pretendendo-se com isso maior operacionalidade e celeridade na tomada de decis\u00f5es por parte da autarquia\u00bb.<\/p>\n\n\n\n<p>Ribeiro Fernandes mant\u00e9m, contudo, as mesmas pastas, acrescentando-lhe uma remunera\u00e7\u00e3o b\u00e1sica que se presume da ordem dos 1.500 euros, a que acrescem as ajudas de custo e de representa\u00e7\u00e3o inerentes ao cargo.<\/p>\n\n\n\n<p><strong>Socialistas discordam<\/strong><\/p>\n\n\n\n<p>Apesar de se terem abstido, os socialistas fizeram quest\u00e3o de lembrar ao presidente da c\u00e2mara, em declara\u00e7\u00e3o de voto, que seis dias depois de ter decidido, no in\u00edcio do mandato, que o vereador a tempo inteiro seria Laura Magalh\u00e3es, procedeu \u00e0 distribui\u00e7\u00e3o de pelouros, assim cumprindo a delega\u00e7\u00e3o de compet\u00eancias tamb\u00e9m no vereador Ant\u00f3nio Ribeiro Fernandes.<\/p>\n\n\n\n<p>Essa distribui\u00e7\u00e3o de pelouros \u2013 recordaram \u2013 era justificada por Manuel Ant\u00f3nio Teixeira com a inten\u00e7\u00e3o de \u00abalcan\u00e7ar uma maior efic\u00e1cia na a\u00e7\u00e3o da c\u00e2mara e uma resposta mais c\u00e9lere aos mun\u00edcipes\u00bb.<\/p>\n\n\n\n<p>\u00abOra, os tr\u00eas membros do executivo com pelouros atribu\u00eddos mant\u00eam-se desde a primeira hora; estranhamos, por isso, que depois de votadas e aprovadas as propostas do presidente no \u00e2mbito da organiza\u00e7\u00e3o e funcionamento deste \u00f3rg\u00e3o pol\u00edtico, e decorridos apenas dois meses das elei\u00e7\u00f5es aut\u00e1rquicas, se proponha autorizar a exist\u00eancia de mais um vereador a meio-tempo\u00bb, leu o vereador Fernando Basto.<\/p>\n\n\n\n<p>De acordo com a declara\u00e7\u00e3o, \u00abo n\u00famero de vereadores com pelouros mant\u00e9m-se; os pelouros mant\u00eam-se; a distribui\u00e7\u00e3o desses pelouros mant\u00e9m-se; a estrutura mant\u00e9m-se. O que muda \u00e9 apenas e s\u00f3 a remunera\u00e7\u00e3o\u00bb. A decis\u00e3o \u00abextempor\u00e2nea e inusitada\u00bb \u2013 conclu\u00edam ent\u00e3o os socialistas \u2013 \u00abcompromete e responsabiliza\u00bb apenas \u00abo presidente que a prop\u00f5e e o vereador que a aufere\u00bb.<\/p>\n\n\n\n<p>Aprovada, assim, a proposta, Ribeiro Fernandes continua a tutelar, como j\u00e1 fazia, as pastas da internacionaliza\u00e7\u00e3o, coes\u00e3o territorial, seguran\u00e7a e prote\u00e7\u00e3o civil, articula\u00e7\u00e3o com os eleitos locais, gemina\u00e7\u00f5es, contraordena\u00e7\u00f5es, transi\u00e7\u00e3o clim\u00e1tica e mobilidade, sinaliza\u00e7\u00e3o e tr\u00e2nsito, cemit\u00e9rios, turismo e topon\u00edmia.<\/p>\n\n\n\n<p>Ant\u00f3nio Ribeiro Fernandes tem 62 anos, \u00e9 natural e residente em Riodouro, licenciado em Matem\u00e1tica pela Universidade Lus\u00f3fona de Humanidades e Tecnologias e bacharel em Tecnologias Militares Aeron\u00e1uticas (Engenharia Mec\u00e2nica) pela Academia da For\u00e7a A\u00e9rea. Tenente-coronel da For\u00e7a A\u00e9rea, teve uma carreira significativa ligada a esta for\u00e7a, em que desempenhou fun\u00e7\u00f5es de forma\u00e7\u00e3o e dire\u00e7\u00e3o em diferentes unidades, incluindo a de chefe da delega\u00e7\u00e3o Norte do Centro de Recrutamento da For\u00e7a A\u00e9rea (2012\u20132019), diretor e formador no Centro de Forma\u00e7\u00e3o Militar e T\u00e9cnica, e comandante de Esquadrilha de Manuten\u00e7\u00e3o de Base.<\/p>\n\n\n\n<p>Est\u00e1 envolvido no associativismo local h\u00e1 muitos anos, designadamente como presidente da dire\u00e7\u00e3o da Associa\u00e7\u00e3o de Ca\u00e7a e Pesca da Freguesia de Riodouro (desde 2000), presidente da dire\u00e7\u00e3o da Associa\u00e7\u00e3o de Agrupamentos de Baldios de Cabeceiras de Basto (desde 2019), e presidente do Conselho Diretivo da Comunidade Local de Baldios da Freguesia de Riodouro (desde 2014). [JPM].<\/p>\n","protected":false},"excerpt":{"rendered":"<p>\u00abExtempor\u00e2nea\u00bb e \u00abinusitada\u00bb. \u00c9 assim que os vereadores socialistas consideram a decis\u00e3o do presidente da C\u00e2mara de Cabeceiras de Basto de, dois meses depois de tomar posse, criar agora mais um lugar a meio-tempo na verea\u00e7\u00e3o municipal. A proposta \u2013 que acabou aprovada na reuni\u00e3o do executivo de 17 de dezembro, com a absten\u00e7\u00e3o dos [&hellip;]<\/p>\n","protected":false},"author":7,"featured_media":5355,"comment_status":"open","ping_status":"open","sticky":false,"template":"","format":"standard","meta":{"footnotes":""},"categories":[12,9],"tags":[1061,568,525,1059],"class_list":{"0":"post-5354","1":"post","2":"type-post","3":"status-publish","4":"format-standard","5":"has-post-thumbnail","7":"category-cabeceiras-de-basto","8":"category-terras-de-basto","9":"tag-antonio-ribeiro-fernandes","10":"tag-camara-municipal-de-cabeceiras-de-basto","11":"tag-manuel-antonio-teixeira","12":"tag-vereadores"},"yoast_head":"<!-- This site is optimized with the Yoast SEO plugin v25.7 - https:\/\/yoast.com\/wordpress\/plugins\/seo\/ -->\n<title>Cabeceiras: lugar a meio-tempo para remunerar vereador - Jornal Terras de Basto<\/title>\n<meta name=\"description\" content=\"\u00abExtempor\u00e2nea\u00bb e \u00abinusitada\u00bb. \u00c9 assim que os vereadores socialistas consideram a decis\u00e3o do presidente da C\u00e2mara de Cabeceiras de Basto de, dois meses depois de tomar posse, criar agora mais um lugar a meio-tempo na verea\u00e7\u00e3o municipal.\" \/>\n<meta name=\"robots\" content=\"index, follow, max-snippet:-1, max-image-preview:large, max-video-preview:-1\" \/>\n<link rel=\"canonical\" href=\"https:\/\/terrasdebasto.pt\/?p=5354\" \/>\n<meta property=\"og:locale\" content=\"pt_PT\" \/>\n<meta property=\"og:type\" content=\"article\" \/>\n<meta property=\"og:title\" content=\"Cabeceiras: lugar a meio-tempo para remunerar vereador - Jornal Terras de Basto\" \/>\n<meta property=\"og:description\" content=\"\u00abExtempor\u00e2nea\u00bb e \u00abinusitada\u00bb. \u00c9 assim que os vereadores socialistas consideram a decis\u00e3o do presidente da C\u00e2mara de Cabeceiras de Basto de, dois meses depois de tomar posse, criar agora mais um lugar a meio-tempo na verea\u00e7\u00e3o municipal.\" \/>\n<meta property=\"og:url\" content=\"https:\/\/terrasdebasto.pt\/?p=5354\" \/>\n<meta property=\"og:site_name\" content=\"Jornal Terras de Basto\" \/>\n<meta property=\"article:published_time\" content=\"2025-12-26T01:17:05+00:00\" \/>\n<meta property=\"article:modified_time\" content=\"2025-12-26T01:17:06+00:00\" \/>\n<meta property=\"og:image\" content=\"https:\/\/terrasdebasto.pt\/wp-content\/uploads\/2025\/12\/MAT-ARF.jpg\" \/>\n\t<meta property=\"og:image:width\" content=\"2048\" \/>\n\t<meta property=\"og:image:height\" content=\"1125\" \/>\n\t<meta property=\"og:image:type\" content=\"image\/jpeg\" \/>\n<meta name=\"author\" content=\"Jo\u00e3o Paulo Mesquita\" \/>\n<meta name=\"twitter:card\" content=\"summary_large_image\" \/>\n<meta name=\"twitter:label1\" content=\"Escrito por\" \/>\n\t<meta name=\"twitter:data1\" content=\"Jo\u00e3o Paulo Mesquita\" \/>\n\t<meta name=\"twitter:label2\" content=\"Tempo estimado de leitura\" \/>\n\t<meta name=\"twitter:data2\" content=\"5 minutos\" \/>\n<script type=\"application\/ld+json\" class=\"yoast-schema-graph\">{\"@context\":\"https:\/\/schema.org\",\"@graph\":[{\"@type\":\"Article\",\"@id\":\"https:\/\/terrasdebasto.pt\/?p=5354#article\",\"isPartOf\":{\"@id\":\"https:\/\/terrasdebasto.pt\/?p=5354\"},\"author\":{\"name\":\"Jo\u00e3o Paulo Mesquita\",\"@id\":\"https:\/\/terrasdebasto.pt\/#\/schema\/person\/9f6739f5394ac65c802641773b278b84\"},\"headline\":\"Cabeceiras: lugar a meio-tempo para remunerar vereador\",\"datePublished\":\"2025-12-26T01:17:05+00:00\",\"dateModified\":\"2025-12-26T01:17:06+00:00\",\"mainEntityOfPage\":{\"@id\":\"https:\/\/terrasdebasto.pt\/?p=5354\"},\"wordCount\":824,\"commentCount\":0,\"publisher\":{\"@id\":\"https:\/\/terrasdebasto.pt\/#organization\"},\"image\":{\"@id\":\"https:\/\/terrasdebasto.pt\/?p=5354#primaryimage\"},\"thumbnailUrl\":\"https:\/\/terrasdebasto.pt\/wp-content\/uploads\/2025\/12\/MAT-ARF.jpg\",\"keywords\":[\"Ant\u00f3nio Ribeiro Fernandes\",\"C\u00e2mara Municipal de Cabeceiras de Basto\",\"Manuel Ant\u00f3nio Teixeira\",\"Vereadores\"],\"articleSection\":[\"Cabeceiras de Basto\",\"Terras de Basto\"],\"inLanguage\":\"pt-PT\",\"potentialAction\":[{\"@type\":\"CommentAction\",\"name\":\"Comment\",\"target\":[\"https:\/\/terrasdebasto.pt\/?p=5354#respond\"]}]},{\"@type\":\"WebPage\",\"@id\":\"https:\/\/terrasdebasto.pt\/?p=5354\",\"url\":\"https:\/\/terrasdebasto.pt\/?p=5354\",\"name\":\"Cabeceiras: lugar a meio-tempo para remunerar vereador - Jornal Terras de Basto\",\"isPartOf\":{\"@id\":\"https:\/\/terrasdebasto.pt\/#website\"},\"primaryImageOfPage\":{\"@id\":\"https:\/\/terrasdebasto.pt\/?p=5354#primaryimage\"},\"image\":{\"@id\":\"https:\/\/terrasdebasto.pt\/?p=5354#primaryimage\"},\"thumbnailUrl\":\"https:\/\/terrasdebasto.pt\/wp-content\/uploads\/2025\/12\/MAT-ARF.jpg\",\"datePublished\":\"2025-12-26T01:17:05+00:00\",\"dateModified\":\"2025-12-26T01:17:06+00:00\",\"description\":\"\u00abExtempor\u00e2nea\u00bb e \u00abinusitada\u00bb. \u00c9 assim que os vereadores socialistas consideram a decis\u00e3o do presidente da C\u00e2mara de Cabeceiras de Basto de, dois meses depois de tomar posse, criar agora mais um lugar a meio-tempo na verea\u00e7\u00e3o municipal.\",\"breadcrumb\":{\"@id\":\"https:\/\/terrasdebasto.pt\/?p=5354#breadcrumb\"},\"inLanguage\":\"pt-PT\",\"potentialAction\":[{\"@type\":\"ReadAction\",\"target\":[\"https:\/\/terrasdebasto.pt\/?p=5354\"]}]},{\"@type\":\"ImageObject\",\"inLanguage\":\"pt-PT\",\"@id\":\"https:\/\/terrasdebasto.pt\/?p=5354#primaryimage\",\"url\":\"https:\/\/terrasdebasto.pt\/wp-content\/uploads\/2025\/12\/MAT-ARF.jpg\",\"contentUrl\":\"https:\/\/terrasdebasto.pt\/wp-content\/uploads\/2025\/12\/MAT-ARF.jpg\",\"width\":2048,\"height\":1125},{\"@type\":\"BreadcrumbList\",\"@id\":\"https:\/\/terrasdebasto.pt\/?p=5354#breadcrumb\",\"itemListElement\":[{\"@type\":\"ListItem\",\"position\":1,\"name\":\"In\u00edcio\",\"item\":\"https:\/\/terrasdebasto.pt\/\"},{\"@type\":\"ListItem\",\"position\":2,\"name\":\"Cabeceiras: lugar a meio-tempo para remunerar vereador\"}]},{\"@type\":\"WebSite\",\"@id\":\"https:\/\/terrasdebasto.pt\/#website\",\"url\":\"https:\/\/terrasdebasto.pt\/\",\"name\":\"Jornal Terras de Basto\",\"description\":\"\",\"publisher\":{\"@id\":\"https:\/\/terrasdebasto.pt\/#organization\"},\"potentialAction\":[{\"@type\":\"SearchAction\",\"target\":{\"@type\":\"EntryPoint\",\"urlTemplate\":\"https:\/\/terrasdebasto.pt\/?s={search_term_string}\"},\"query-input\":{\"@type\":\"PropertyValueSpecification\",\"valueRequired\":true,\"valueName\":\"search_term_string\"}}],\"inLanguage\":\"pt-PT\"},{\"@type\":\"Organization\",\"@id\":\"https:\/\/terrasdebasto.pt\/#organization\",\"name\":\"Jornal Terras de Basto\",\"url\":\"https:\/\/terrasdebasto.pt\/\",\"logo\":{\"@type\":\"ImageObject\",\"inLanguage\":\"pt-PT\",\"@id\":\"https:\/\/terrasdebasto.pt\/#\/schema\/logo\/image\/\",\"url\":\"https:\/\/terrasdebasto.pt\/wp-content\/uploads\/2024\/06\/LogoNormal.png\",\"contentUrl\":\"https:\/\/terrasdebasto.pt\/wp-content\/uploads\/2024\/06\/LogoNormal.png\",\"width\":5638,\"height\":809,\"caption\":\"Jornal Terras de Basto\"},\"image\":{\"@id\":\"https:\/\/terrasdebasto.pt\/#\/schema\/logo\/image\/\"}},{\"@type\":\"Person\",\"@id\":\"https:\/\/terrasdebasto.pt\/#\/schema\/person\/9f6739f5394ac65c802641773b278b84\",\"name\":\"Jo\u00e3o Paulo Mesquita\",\"image\":{\"@type\":\"ImageObject\",\"inLanguage\":\"pt-PT\",\"@id\":\"https:\/\/terrasdebasto.pt\/#\/schema\/person\/image\/\",\"url\":\"https:\/\/secure.gravatar.com\/avatar\/9bd0f299e6d96336664aab64354168246a3ee3287c47891c50d450e47ed9d7f9?s=96&d=mm&r=g\",\"contentUrl\":\"https:\/\/secure.gravatar.com\/avatar\/9bd0f299e6d96336664aab64354168246a3ee3287c47891c50d450e47ed9d7f9?s=96&d=mm&r=g\",\"caption\":\"Jo\u00e3o Paulo Mesquita\"},\"url\":\"https:\/\/terrasdebasto.pt\/?author=7\"}]}<\/script>\n<!-- \/ Yoast SEO plugin. -->","yoast_head_json":{"title":"Cabeceiras: lugar a meio-tempo para remunerar vereador - Jornal Terras de Basto","description":"\u00abExtempor\u00e2nea\u00bb e \u00abinusitada\u00bb. \u00c9 assim que os vereadores socialistas consideram a decis\u00e3o do presidente da C\u00e2mara de Cabeceiras de Basto de, dois meses depois de tomar posse, criar agora mais um lugar a meio-tempo na verea\u00e7\u00e3o municipal.","robots":{"index":"index","follow":"follow","max-snippet":"max-snippet:-1","max-image-preview":"max-image-preview:large","max-video-preview":"max-video-preview:-1"},"canonical":"https:\/\/terrasdebasto.pt\/?p=5354","og_locale":"pt_PT","og_type":"article","og_title":"Cabeceiras: lugar a meio-tempo para remunerar vereador - Jornal Terras de Basto","og_description":"\u00abExtempor\u00e2nea\u00bb e \u00abinusitada\u00bb. \u00c9 assim que os vereadores socialistas consideram a decis\u00e3o do presidente da C\u00e2mara de Cabeceiras de Basto de, dois meses depois de tomar posse, criar agora mais um lugar a meio-tempo na verea\u00e7\u00e3o municipal.","og_url":"https:\/\/terrasdebasto.pt\/?p=5354","og_site_name":"Jornal Terras de Basto","article_published_time":"2025-12-26T01:17:05+00:00","article_modified_time":"2025-12-26T01:17:06+00:00","og_image":[{"width":2048,"height":1125,"url":"https:\/\/terrasdebasto.pt\/wp-content\/uploads\/2025\/12\/MAT-ARF.jpg","type":"image\/jpeg"}],"author":"Jo\u00e3o Paulo Mesquita","twitter_card":"summary_large_image","twitter_misc":{"Escrito por":"Jo\u00e3o Paulo Mesquita","Tempo estimado de leitura":"5 minutos"},"schema":{"@context":"https:\/\/schema.org","@graph":[{"@type":"Article","@id":"https:\/\/terrasdebasto.pt\/?p=5354#article","isPartOf":{"@id":"https:\/\/terrasdebasto.pt\/?p=5354"},"author":{"name":"Jo\u00e3o Paulo Mesquita","@id":"https:\/\/terrasdebasto.pt\/#\/schema\/person\/9f6739f5394ac65c802641773b278b84"},"headline":"Cabeceiras: lugar a meio-tempo para remunerar vereador","datePublished":"2025-12-26T01:17:05+00:00","dateModified":"2025-12-26T01:17:06+00:00","mainEntityOfPage":{"@id":"https:\/\/terrasdebasto.pt\/?p=5354"},"wordCount":824,"commentCount":0,"publisher":{"@id":"https:\/\/terrasdebasto.pt\/#organization"},"image":{"@id":"https:\/\/terrasdebasto.pt\/?p=5354#primaryimage"},"thumbnailUrl":"https:\/\/terrasdebasto.pt\/wp-content\/uploads\/2025\/12\/MAT-ARF.jpg","keywords":["Ant\u00f3nio Ribeiro Fernandes","C\u00e2mara Municipal de Cabeceiras de Basto","Manuel Ant\u00f3nio Teixeira","Vereadores"],"articleSection":["Cabeceiras de Basto","Terras de Basto"],"inLanguage":"pt-PT","potentialAction":[{"@type":"CommentAction","name":"Comment","target":["https:\/\/terrasdebasto.pt\/?p=5354#respond"]}]},{"@type":"WebPage","@id":"https:\/\/terrasdebasto.pt\/?p=5354","url":"https:\/\/terrasdebasto.pt\/?p=5354","name":"Cabeceiras: lugar a meio-tempo para remunerar vereador - Jornal Terras de Basto","isPartOf":{"@id":"https:\/\/terrasdebasto.pt\/#website"},"primaryImageOfPage":{"@id":"https:\/\/terrasdebasto.pt\/?p=5354#primaryimage"},"image":{"@id":"https:\/\/terrasdebasto.pt\/?p=5354#primaryimage"},"thumbnailUrl":"https:\/\/terrasdebasto.pt\/wp-content\/uploads\/2025\/12\/MAT-ARF.jpg","datePublished":"2025-12-26T01:17:05+00:00","dateModified":"2025-12-26T01:17:06+00:00","description":"\u00abExtempor\u00e2nea\u00bb e \u00abinusitada\u00bb. \u00c9 assim que os vereadores socialistas consideram a decis\u00e3o do presidente da C\u00e2mara de Cabeceiras de Basto de, dois meses depois de tomar posse, criar agora mais um lugar a meio-tempo na verea\u00e7\u00e3o municipal.","breadcrumb":{"@id":"https:\/\/terrasdebasto.pt\/?p=5354#breadcrumb"},"inLanguage":"pt-PT","potentialAction":[{"@type":"ReadAction","target":["https:\/\/terrasdebasto.pt\/?p=5354"]}]},{"@type":"ImageObject","inLanguage":"pt-PT","@id":"https:\/\/terrasdebasto.pt\/?p=5354#primaryimage","url":"https:\/\/terrasdebasto.pt\/wp-content\/uploads\/2025\/12\/MAT-ARF.jpg","contentUrl":"https:\/\/terrasdebasto.pt\/wp-content\/uploads\/2025\/12\/MAT-ARF.jpg","width":2048,"height":1125},{"@type":"BreadcrumbList","@id":"https:\/\/terrasdebasto.pt\/?p=5354#breadcrumb","itemListElement":[{"@type":"ListItem","position":1,"name":"In\u00edcio","item":"https:\/\/terrasdebasto.pt\/"},{"@type":"ListItem","position":2,"name":"Cabeceiras: lugar a meio-tempo para remunerar vereador"}]},{"@type":"WebSite","@id":"https:\/\/terrasdebasto.pt\/#website","url":"https:\/\/terrasdebasto.pt\/","name":"Jornal Terras de Basto","description":"","publisher":{"@id":"https:\/\/terrasdebasto.pt\/#organization"},"potentialAction":[{"@type":"SearchAction","target":{"@type":"EntryPoint","urlTemplate":"https:\/\/terrasdebasto.pt\/?s={search_term_string}"},"query-input":{"@type":"PropertyValueSpecification","valueRequired":true,"valueName":"search_term_string"}}],"inLanguage":"pt-PT"},{"@type":"Organization","@id":"https:\/\/terrasdebasto.pt\/#organization","name":"Jornal Terras de Basto","url":"https:\/\/terrasdebasto.pt\/","logo":{"@type":"ImageObject","inLanguage":"pt-PT","@id":"https:\/\/terrasdebasto.pt\/#\/schema\/logo\/image\/","url":"https:\/\/terrasdebasto.pt\/wp-content\/uploads\/2024\/06\/LogoNormal.png","contentUrl":"https:\/\/terrasdebasto.pt\/wp-content\/uploads\/2024\/06\/LogoNormal.png","width":5638,"height":809,"caption":"Jornal Terras de Basto"},"image":{"@id":"https:\/\/terrasdebasto.pt\/#\/schema\/logo\/image\/"}},{"@type":"Person","@id":"https:\/\/terrasdebasto.pt\/#\/schema\/person\/9f6739f5394ac65c802641773b278b84","name":"Jo\u00e3o Paulo Mesquita","image":{"@type":"ImageObject","inLanguage":"pt-PT","@id":"https:\/\/terrasdebasto.pt\/#\/schema\/person\/image\/","url":"https:\/\/secure.gravatar.com\/avatar\/9bd0f299e6d96336664aab64354168246a3ee3287c47891c50d450e47ed9d7f9?s=96&d=mm&r=g","contentUrl":"https:\/\/secure.gravatar.com\/avatar\/9bd0f299e6d96336664aab64354168246a3ee3287c47891c50d450e47ed9d7f9?s=96&d=mm&r=g","caption":"Jo\u00e3o Paulo Mesquita"},"url":"https:\/\/terrasdebasto.pt\/?author=7"}]}},"_links":{"self":[{"href":"https:\/\/terrasdebasto.pt\/index.php?rest_route=\/wp\/v2\/posts\/5354","targetHints":{"allow":["GET"]}}],"collection":[{"href":"https:\/\/terrasdebasto.pt\/index.php?rest_route=\/wp\/v2\/posts"}],"about":[{"href":"https:\/\/terrasdebasto.pt\/index.php?rest_route=\/wp\/v2\/types\/post"}],"author":[{"embeddable":true,"href":"https:\/\/terrasdebasto.pt\/index.php?rest_route=\/wp\/v2\/users\/7"}],"replies":[{"embeddable":true,"href":"https:\/\/terrasdebasto.pt\/index.php?rest_route=%2Fwp%2Fv2%2Fcomments&post=5354"}],"version-history":[{"count":1,"href":"https:\/\/terrasdebasto.pt\/index.php?rest_route=\/wp\/v2\/posts\/5354\/revisions"}],"predecessor-version":[{"id":5356,"href":"https:\/\/terrasdebasto.pt\/index.php?rest_route=\/wp\/v2\/posts\/5354\/revisions\/5356"}],"wp:featuredmedia":[{"embeddable":true,"href":"https:\/\/terrasdebasto.pt\/index.php?rest_route=\/wp\/v2\/media\/5355"}],"wp:attachment":[{"href":"https:\/\/terrasdebasto.pt\/index.php?rest_route=%2Fwp%2Fv2%2Fmedia&parent=5354"}],"wp:term":[{"taxonomy":"category","embeddable":true,"href":"https:\/\/terrasdebasto.pt\/index.php?rest_route=%2Fwp%2Fv2%2Fcategories&post=5354"},{"taxonomy":"post_tag","embeddable":true,"href":"https:\/\/terrasdebasto.pt\/index.php?rest_route=%2Fwp%2Fv2%2Ftags&post=5354"}],"curies":[{"name":"wp","href":"https:\/\/api.w.org\/{rel}","templated":true}]}}