{"id":5350,"date":"2025-12-26T00:57:50","date_gmt":"2025-12-26T00:57:50","guid":{"rendered":"https:\/\/terrasdebasto.pt\/?p=5350"},"modified":"2025-12-26T00:57:50","modified_gmt":"2025-12-26T00:57:50","slug":"ps-cabeceiras-goncalves-abandona-comissao-politica","status":"publish","type":"post","link":"https:\/\/terrasdebasto.pt\/?p=5350","title":{"rendered":"PS\/Cabeceiras: Gon\u00e7alves abandona comiss\u00e3o pol\u00edtica"},"content":{"rendered":"\n<p><\/p>\n\n\n\n<p><strong>Manuel Gon\u00e7alves, l\u00edder da bancada socialista na Assembleia Municipal de Cabeceiras de Basto no final do mandato anterior, vai apresentar na pr\u00f3xima semana a demiss\u00e3o de membro da comiss\u00e3o pol\u00edtica concelhia do seu partido, estando igualmente a ponderar o que dever\u00e1 decidir relativamente \u00e0 sua perman\u00eancia no plen\u00e1rio municipal sem que da sua decis\u00e3o resultem preju\u00edzos para o PS.<\/strong><\/p>\n\n\n\n<p>Esta tomada de posi\u00e7\u00e3o \u2013 expressa ao Terras de Basto em dia de consoada natal\u00edcia \u2013 resulta do desagrado com que acompanha a gest\u00e3o pol\u00edtica do seu partido, designadamente as decis\u00f5es de quem tra\u00e7ou a estrat\u00e9gia eleitoral que conduziu a uma \u00abmonumental derrota\u00bb: Fernando Basto, enquanto presidente da concelhia socialista, e Francisco Alves, ent\u00e3o presidente da c\u00e2mara.<\/p>\n\n\n\n<p>Manuel Gon\u00e7alves insurge-se, neste contexto, contra a perman\u00eancia na verea\u00e7\u00e3o e nos \u00f3rg\u00e3os do partido daqueles que s\u00e3o \u00abos grandes respons\u00e1veis pela monumental derrota sofrida pelo PS nas \u00faltimas elei\u00e7\u00f5es aut\u00e1rquicas\u00bb.<\/p>\n\n\n\n<p>Esta derrota \u2013 sublinha \u2013 \u00e9, ali\u00e1s, fruto de uma estrat\u00e9gia que considera \u00abmuito mal delineada\u00bb e de uma campanha \u00abdesastrosa\u00bb, alegadamente planeada \u00ab\u00e0 revelia da comiss\u00e3o pol\u00edtica, pois a \u00fanica coisa que a\u00ed foi votada foi a escolha do candidato a presidente de c\u00e2mara\u00bb.<\/p>\n\n\n\n<p>Neste contexto, o destacado militante socialista traz \u00e0 cola\u00e7\u00e3o as reuni\u00f5es feitas com a dire\u00e7\u00e3o nacional do PS antes das elei\u00e7\u00f5es aut\u00e1rquicas, designadamente com o secret\u00e1rio-geral Jos\u00e9 Lu\u00eds Carneiro, e que pretendiam encontrar uma candidatura consensual, em que teriam lugar Francisco Alves, como candidato \u00e0 c\u00e2mara, e Joaquim Barreto, como cabe\u00e7a-de-lista \u00e0 assembleia, indicando cada um deles nomes para a verea\u00e7\u00e3o.<\/p>\n\n\n\n<p>Diz Gon\u00e7alves que essa seria uma candidatura \u00abperfeitamente normal\u00bb e que \u00abteria evitado\u00bb a derrota, tal como aconteceu.<\/p>\n\n\n\n<p>Outra das considera\u00e7\u00f5es feitas a este jornal pelo militante socialista \u00e9 a de que o acordo alegadamente estabelecido entre o PS e o movimento de cidad\u00e3os \u201cIndependentes Por Cabeceiras\u201d, liderado por Jorge Machado, \u00abnada acrescentou \u00e0 vota\u00e7\u00e3o\u00bb alcan\u00e7ada nas aut\u00e1rquicas de 12 de outubro.<\/p>\n\n\n\n<p>Recorde-se que, embora os socialistas nunca tenham assumido publicamente um acordo eleitoral com o \u201cIPC\u201d, este movimento \u2013 provavelmente na sua \u00fanica comunica\u00e7\u00e3o oficial do mandato \u2013 tornou p\u00fablico o apoio \u00e0 candidatura aut\u00e1rquica do PS, anunciando a sua n\u00e3o participa\u00e7\u00e3o nas elei\u00e7\u00f5es, exceto nas assembleias de freguesias de Cavez e de Pedra\u00e7a, onde os socialistas n\u00e3o apresentariam candidatura.<\/p>\n\n\n\n<p>Nas declara\u00e7\u00f5es ao Terras de Basto, Manuel Gon\u00e7alves refere-se tamb\u00e9m \u00e0 escolha da cabe\u00e7a-de-lista \u00e0 Assembleia Municipal, Andreia Ribeiro \u2013 que j\u00e1 se demitiu do plen\u00e1rio por desacordo com a dire\u00e7\u00e3o do partido. \u00abNada disto foi objeto de discuss\u00e3o e aprova\u00e7\u00e3o na comiss\u00e3o pol\u00edtica, tendo sido violados, desta forma, os estatutos do partido\u00bb, diz.<\/p>\n\n\n\n<p>O comiss\u00e1rio concelhio volta aos resultados eleitorais \u2013 nas 14 freguesias, o PS \u00abn\u00e3o ganhou numa \u00fanica mesa de voto\u00bb &#8212; para afirmar que seria normal \u00aba demiss\u00e3o dos respons\u00e1veis de todos os \u00f3rg\u00e3os do partido\u00bb e que Francisco Alves e Fernando Basto, eleitos como \u00fanicos vereadores do PS, n\u00e3o deviam ter tomado posse.<\/p>\n\n\n\n<p>\u00abNada disso aconteceu; continuam a assobiar para o lado, como se nada tivesse acontecido. Tudo isto est\u00e1 a conduzir o partido para um &#8220;lama\u00e7al&#8221;, de que ser\u00e1 dif\u00edcil voltar a tir\u00e1-lo\u00bb, verbaliza, sublinhando que, \u00abcom estes protagonistas\u00bb, \u00abo Partido Socialista vai desaparecer em Cabeceiras de Basto\u00bb.<\/p>\n\n\n\n<p>Gon\u00e7alves refere-se ainda \u00e0 forma como foram feitas, ter\u00e7a-feira (22), meia-hora antes de se iniciar o plen\u00e1rio, as elei\u00e7\u00f5es para a lideran\u00e7a da bancada do partido na assembleia municipal, ato em que n\u00e3o esteve presente, alegadamente por se encontrar doente e retido em casa.<\/p>\n\n\n\n<p>Tal como noticiou este jornal na circunst\u00e2ncia, os dirigentes socialistas escolheram ent\u00e3o Pedro Barroso de Oliveira para chefiar a bancada socialista, em detrimento do n\u00famero dois da lista eleitoral, N\u00f3brega de Moura, indicado pelo \u201cIPC\u201d. Embora n\u00e3o estivesse presente, o nome de Manuel Gon\u00e7alves tamb\u00e9m foi proposto, mas \u00abs\u00f3 obteve um voto\u00bb, disse fonte que participou na escolha.<\/p>\n\n\n\n<p>Refere-se tamb\u00e9m ao \u201cquiproquo\u201d em que ele pr\u00f3prio esteve envolvido na pen\u00faltima sess\u00e3o da assembleia municipal \u2013 sanado pelo presidente do \u00f3rg\u00e3o \u2013 quando \u00abse esqueceram\u00bb de indicar o seu nome como proposta do partido para suplente na representa\u00e7\u00e3o do munic\u00edpio na Comiss\u00e3o Intermunicipal do Vale do Ave.<\/p>\n\n\n\n<p>\u00abComo algu\u00e9m com mais de 40 anos de militante e como ainda membro da comiss\u00e3o pol\u00edtica, exijo a demiss\u00e3o de todos os \u00f3rg\u00e3os do PS\/Cabeceiras de Basto e dos senhores vereadores em exerc\u00edcio de fun\u00e7\u00f5es, Francisco Alves e Fernando Basto\u00bb, afirma, defendendo que o partido seja \u00abgerido por uma comiss\u00e3o administrativa at\u00e9 \u00e0 realiza\u00e7\u00e3o de novo ato eleitoral\u00bb.<\/p>\n\n\n\n<p>\u00abNa pr\u00f3xima semana, irei apresentar o meu pedido de demiss\u00e3o da comiss\u00e3o pol\u00edtica; na assembleia municipal, irei tentar encontrar a melhor forma de n\u00e3o prejudicar o partido\u00bb, conclui a declara\u00e7\u00e3o feita ao Terras de Basto<\/p>\n\n\n\n<p>Recorde-se que Gon\u00e7alves se demitiu j\u00e1 do grupo de camaradas que coordena a bancada da assembleia municipal, n\u00e3o tendo participado na sess\u00e3o realizada ter\u00e7a-feira (22).<\/p>\n\n\n\n<p>A comiss\u00e3o pol\u00edtica concelhia do PS\/Cabeceiras de Basto \u00e9 agora presidida por Carla Lousada, sucessora de Fernando Basto, que, no meio da press\u00e3o que os militantes lhe faziam sentir, optou por se demitir apenas das fun\u00e7\u00f5es diretivas no partido, mantendo-se como vereador e dirigente de v\u00e1rias inst\u00e2ncias a que ascendeu por for\u00e7a da lideran\u00e7a partid\u00e1ria. [JPM].<\/p>\n","protected":false},"excerpt":{"rendered":"<p>Manuel Gon\u00e7alves, l\u00edder da bancada socialista na Assembleia Municipal de Cabeceiras de Basto no final do mandato anterior, vai apresentar na pr\u00f3xima semana a demiss\u00e3o de membro da comiss\u00e3o pol\u00edtica concelhia do seu partido, estando igualmente a ponderar o que dever\u00e1 decidir relativamente \u00e0 sua perman\u00eancia no plen\u00e1rio municipal sem que da sua decis\u00e3o resultem [&hellip;]<\/p>\n","protected":false},"author":7,"featured_media":5351,"comment_status":"open","ping_status":"open","sticky":false,"template":"","format":"standard","meta":{"footnotes":""},"categories":[12,9],"tags":[803,1246,945,251],"class_list":{"0":"post-5350","1":"post","2":"type-post","3":"status-publish","4":"format-standard","5":"has-post-thumbnail","7":"category-cabeceiras-de-basto","8":"category-terras-de-basto","9":"tag-assembleia-municipal-de-cabeceiras-de-basto","10":"tag-comissao-politica-do-ps-cabeceiras-de-basto","11":"tag-manuel-goncalves","12":"tag-ps-cabeceiras-de-basto"},"yoast_head":"<!-- This site is optimized with the Yoast SEO plugin v25.7 - https:\/\/yoast.com\/wordpress\/plugins\/seo\/ -->\n<title>PS\/Cabeceiras: Gon\u00e7alves abandona comiss\u00e3o pol\u00edtica - Jornal Terras de Basto<\/title>\n<meta name=\"description\" content=\"Manuel Gon\u00e7alves, l\u00edder da bancada socialista na Assembleia Municipal de Cabeceiras de Basto no final do mandato anterior, vai apresentar na pr\u00f3xima semana a demiss\u00e3o de membro da comiss\u00e3o pol\u00edtica concelhia do seu partido, estando igualmente a ponderar o que dever\u00e1 decidir relativamente \u00e0 sua perman\u00eancia no plen\u00e1rio municipal sem que da sua decis\u00e3o resultem preju\u00edzos para o PS.\" \/>\n<meta name=\"robots\" content=\"index, follow, max-snippet:-1, max-image-preview:large, max-video-preview:-1\" \/>\n<link rel=\"canonical\" href=\"https:\/\/terrasdebasto.pt\/?p=5350\" \/>\n<meta property=\"og:locale\" content=\"pt_PT\" \/>\n<meta property=\"og:type\" content=\"article\" \/>\n<meta property=\"og:title\" content=\"PS\/Cabeceiras: Gon\u00e7alves abandona comiss\u00e3o pol\u00edtica - Jornal Terras de Basto\" \/>\n<meta property=\"og:description\" content=\"Manuel Gon\u00e7alves, l\u00edder da bancada socialista na Assembleia Municipal de Cabeceiras de Basto no final do mandato anterior, vai apresentar na pr\u00f3xima semana a demiss\u00e3o de membro da comiss\u00e3o pol\u00edtica concelhia do seu partido, estando igualmente a ponderar o que dever\u00e1 decidir relativamente \u00e0 sua perman\u00eancia no plen\u00e1rio municipal sem que da sua decis\u00e3o resultem preju\u00edzos para o PS.\" \/>\n<meta property=\"og:url\" content=\"https:\/\/terrasdebasto.pt\/?p=5350\" \/>\n<meta property=\"og:site_name\" content=\"Jornal Terras de Basto\" \/>\n<meta property=\"article:published_time\" content=\"2025-12-26T00:57:50+00:00\" \/>\n<meta property=\"og:image\" content=\"https:\/\/terrasdebasto.pt\/wp-content\/uploads\/2025\/12\/MANUEL-GONCALVES.jpg\" \/>\n\t<meta property=\"og:image:width\" content=\"750\" \/>\n\t<meta property=\"og:image:height\" content=\"662\" \/>\n\t<meta property=\"og:image:type\" content=\"image\/jpeg\" \/>\n<meta name=\"author\" content=\"Jo\u00e3o Paulo Mesquita\" \/>\n<meta name=\"twitter:card\" content=\"summary_large_image\" \/>\n<meta name=\"twitter:label1\" content=\"Escrito por\" \/>\n\t<meta name=\"twitter:data1\" content=\"Jo\u00e3o Paulo Mesquita\" \/>\n\t<meta name=\"twitter:label2\" content=\"Tempo estimado de leitura\" \/>\n\t<meta name=\"twitter:data2\" content=\"5 minutos\" \/>\n<script type=\"application\/ld+json\" class=\"yoast-schema-graph\">{\"@context\":\"https:\/\/schema.org\",\"@graph\":[{\"@type\":\"Article\",\"@id\":\"https:\/\/terrasdebasto.pt\/?p=5350#article\",\"isPartOf\":{\"@id\":\"https:\/\/terrasdebasto.pt\/?p=5350\"},\"author\":{\"name\":\"Jo\u00e3o Paulo Mesquita\",\"@id\":\"https:\/\/terrasdebasto.pt\/#\/schema\/person\/9f6739f5394ac65c802641773b278b84\"},\"headline\":\"PS\/Cabeceiras: Gon\u00e7alves abandona comiss\u00e3o pol\u00edtica\",\"datePublished\":\"2025-12-26T00:57:50+00:00\",\"mainEntityOfPage\":{\"@id\":\"https:\/\/terrasdebasto.pt\/?p=5350\"},\"wordCount\":958,\"commentCount\":0,\"publisher\":{\"@id\":\"https:\/\/terrasdebasto.pt\/#organization\"},\"image\":{\"@id\":\"https:\/\/terrasdebasto.pt\/?p=5350#primaryimage\"},\"thumbnailUrl\":\"https:\/\/terrasdebasto.pt\/wp-content\/uploads\/2025\/12\/MANUEL-GONCALVES.jpg\",\"keywords\":[\"Assembleia Municipal de Cabeceiras de Basto\",\"Comiss\u00e3o Pol\u00edtica do PS\/Cabeceiras de Basto\",\"Manuel Gon\u00e7alves\",\"PS\/Cabeceiras de Basto\"],\"articleSection\":[\"Cabeceiras de Basto\",\"Terras de Basto\"],\"inLanguage\":\"pt-PT\",\"potentialAction\":[{\"@type\":\"CommentAction\",\"name\":\"Comment\",\"target\":[\"https:\/\/terrasdebasto.pt\/?p=5350#respond\"]}]},{\"@type\":\"WebPage\",\"@id\":\"https:\/\/terrasdebasto.pt\/?p=5350\",\"url\":\"https:\/\/terrasdebasto.pt\/?p=5350\",\"name\":\"PS\/Cabeceiras: Gon\u00e7alves abandona comiss\u00e3o pol\u00edtica - Jornal Terras de Basto\",\"isPartOf\":{\"@id\":\"https:\/\/terrasdebasto.pt\/#website\"},\"primaryImageOfPage\":{\"@id\":\"https:\/\/terrasdebasto.pt\/?p=5350#primaryimage\"},\"image\":{\"@id\":\"https:\/\/terrasdebasto.pt\/?p=5350#primaryimage\"},\"thumbnailUrl\":\"https:\/\/terrasdebasto.pt\/wp-content\/uploads\/2025\/12\/MANUEL-GONCALVES.jpg\",\"datePublished\":\"2025-12-26T00:57:50+00:00\",\"description\":\"Manuel Gon\u00e7alves, l\u00edder da bancada socialista na Assembleia Municipal de Cabeceiras de Basto no final do mandato anterior, vai apresentar na pr\u00f3xima semana a demiss\u00e3o de membro da comiss\u00e3o pol\u00edtica concelhia do seu partido, estando igualmente a ponderar o que dever\u00e1 decidir relativamente \u00e0 sua perman\u00eancia no plen\u00e1rio municipal sem que da sua decis\u00e3o resultem preju\u00edzos para o PS.\",\"breadcrumb\":{\"@id\":\"https:\/\/terrasdebasto.pt\/?p=5350#breadcrumb\"},\"inLanguage\":\"pt-PT\",\"potentialAction\":[{\"@type\":\"ReadAction\",\"target\":[\"https:\/\/terrasdebasto.pt\/?p=5350\"]}]},{\"@type\":\"ImageObject\",\"inLanguage\":\"pt-PT\",\"@id\":\"https:\/\/terrasdebasto.pt\/?p=5350#primaryimage\",\"url\":\"https:\/\/terrasdebasto.pt\/wp-content\/uploads\/2025\/12\/MANUEL-GONCALVES.jpg\",\"contentUrl\":\"https:\/\/terrasdebasto.pt\/wp-content\/uploads\/2025\/12\/MANUEL-GONCALVES.jpg\",\"width\":750,\"height\":662},{\"@type\":\"BreadcrumbList\",\"@id\":\"https:\/\/terrasdebasto.pt\/?p=5350#breadcrumb\",\"itemListElement\":[{\"@type\":\"ListItem\",\"position\":1,\"name\":\"In\u00edcio\",\"item\":\"https:\/\/terrasdebasto.pt\/\"},{\"@type\":\"ListItem\",\"position\":2,\"name\":\"PS\/Cabeceiras: Gon\u00e7alves abandona comiss\u00e3o pol\u00edtica\"}]},{\"@type\":\"WebSite\",\"@id\":\"https:\/\/terrasdebasto.pt\/#website\",\"url\":\"https:\/\/terrasdebasto.pt\/\",\"name\":\"Jornal Terras de Basto\",\"description\":\"\",\"publisher\":{\"@id\":\"https:\/\/terrasdebasto.pt\/#organization\"},\"potentialAction\":[{\"@type\":\"SearchAction\",\"target\":{\"@type\":\"EntryPoint\",\"urlTemplate\":\"https:\/\/terrasdebasto.pt\/?s={search_term_string}\"},\"query-input\":{\"@type\":\"PropertyValueSpecification\",\"valueRequired\":true,\"valueName\":\"search_term_string\"}}],\"inLanguage\":\"pt-PT\"},{\"@type\":\"Organization\",\"@id\":\"https:\/\/terrasdebasto.pt\/#organization\",\"name\":\"Jornal Terras de Basto\",\"url\":\"https:\/\/terrasdebasto.pt\/\",\"logo\":{\"@type\":\"ImageObject\",\"inLanguage\":\"pt-PT\",\"@id\":\"https:\/\/terrasdebasto.pt\/#\/schema\/logo\/image\/\",\"url\":\"https:\/\/terrasdebasto.pt\/wp-content\/uploads\/2024\/06\/LogoNormal.png\",\"contentUrl\":\"https:\/\/terrasdebasto.pt\/wp-content\/uploads\/2024\/06\/LogoNormal.png\",\"width\":5638,\"height\":809,\"caption\":\"Jornal Terras de Basto\"},\"image\":{\"@id\":\"https:\/\/terrasdebasto.pt\/#\/schema\/logo\/image\/\"}},{\"@type\":\"Person\",\"@id\":\"https:\/\/terrasdebasto.pt\/#\/schema\/person\/9f6739f5394ac65c802641773b278b84\",\"name\":\"Jo\u00e3o Paulo Mesquita\",\"image\":{\"@type\":\"ImageObject\",\"inLanguage\":\"pt-PT\",\"@id\":\"https:\/\/terrasdebasto.pt\/#\/schema\/person\/image\/\",\"url\":\"https:\/\/secure.gravatar.com\/avatar\/9bd0f299e6d96336664aab64354168246a3ee3287c47891c50d450e47ed9d7f9?s=96&d=mm&r=g\",\"contentUrl\":\"https:\/\/secure.gravatar.com\/avatar\/9bd0f299e6d96336664aab64354168246a3ee3287c47891c50d450e47ed9d7f9?s=96&d=mm&r=g\",\"caption\":\"Jo\u00e3o Paulo Mesquita\"},\"url\":\"https:\/\/terrasdebasto.pt\/?author=7\"}]}<\/script>\n<!-- \/ Yoast SEO plugin. -->","yoast_head_json":{"title":"PS\/Cabeceiras: Gon\u00e7alves abandona comiss\u00e3o pol\u00edtica - Jornal Terras de Basto","description":"Manuel Gon\u00e7alves, l\u00edder da bancada socialista na Assembleia Municipal de Cabeceiras de Basto no final do mandato anterior, vai apresentar na pr\u00f3xima semana a demiss\u00e3o de membro da comiss\u00e3o pol\u00edtica concelhia do seu partido, estando igualmente a ponderar o que dever\u00e1 decidir relativamente \u00e0 sua perman\u00eancia no plen\u00e1rio municipal sem que da sua decis\u00e3o resultem preju\u00edzos para o PS.","robots":{"index":"index","follow":"follow","max-snippet":"max-snippet:-1","max-image-preview":"max-image-preview:large","max-video-preview":"max-video-preview:-1"},"canonical":"https:\/\/terrasdebasto.pt\/?p=5350","og_locale":"pt_PT","og_type":"article","og_title":"PS\/Cabeceiras: Gon\u00e7alves abandona comiss\u00e3o pol\u00edtica - Jornal Terras de Basto","og_description":"Manuel Gon\u00e7alves, l\u00edder da bancada socialista na Assembleia Municipal de Cabeceiras de Basto no final do mandato anterior, vai apresentar na pr\u00f3xima semana a demiss\u00e3o de membro da comiss\u00e3o pol\u00edtica concelhia do seu partido, estando igualmente a ponderar o que dever\u00e1 decidir relativamente \u00e0 sua perman\u00eancia no plen\u00e1rio municipal sem que da sua decis\u00e3o resultem preju\u00edzos para o PS.","og_url":"https:\/\/terrasdebasto.pt\/?p=5350","og_site_name":"Jornal Terras de Basto","article_published_time":"2025-12-26T00:57:50+00:00","og_image":[{"width":750,"height":662,"url":"https:\/\/terrasdebasto.pt\/wp-content\/uploads\/2025\/12\/MANUEL-GONCALVES.jpg","type":"image\/jpeg"}],"author":"Jo\u00e3o Paulo Mesquita","twitter_card":"summary_large_image","twitter_misc":{"Escrito por":"Jo\u00e3o Paulo Mesquita","Tempo estimado de leitura":"5 minutos"},"schema":{"@context":"https:\/\/schema.org","@graph":[{"@type":"Article","@id":"https:\/\/terrasdebasto.pt\/?p=5350#article","isPartOf":{"@id":"https:\/\/terrasdebasto.pt\/?p=5350"},"author":{"name":"Jo\u00e3o Paulo Mesquita","@id":"https:\/\/terrasdebasto.pt\/#\/schema\/person\/9f6739f5394ac65c802641773b278b84"},"headline":"PS\/Cabeceiras: Gon\u00e7alves abandona comiss\u00e3o pol\u00edtica","datePublished":"2025-12-26T00:57:50+00:00","mainEntityOfPage":{"@id":"https:\/\/terrasdebasto.pt\/?p=5350"},"wordCount":958,"commentCount":0,"publisher":{"@id":"https:\/\/terrasdebasto.pt\/#organization"},"image":{"@id":"https:\/\/terrasdebasto.pt\/?p=5350#primaryimage"},"thumbnailUrl":"https:\/\/terrasdebasto.pt\/wp-content\/uploads\/2025\/12\/MANUEL-GONCALVES.jpg","keywords":["Assembleia Municipal de Cabeceiras de Basto","Comiss\u00e3o Pol\u00edtica do PS\/Cabeceiras de Basto","Manuel Gon\u00e7alves","PS\/Cabeceiras de Basto"],"articleSection":["Cabeceiras de Basto","Terras de Basto"],"inLanguage":"pt-PT","potentialAction":[{"@type":"CommentAction","name":"Comment","target":["https:\/\/terrasdebasto.pt\/?p=5350#respond"]}]},{"@type":"WebPage","@id":"https:\/\/terrasdebasto.pt\/?p=5350","url":"https:\/\/terrasdebasto.pt\/?p=5350","name":"PS\/Cabeceiras: Gon\u00e7alves abandona comiss\u00e3o pol\u00edtica - Jornal Terras de Basto","isPartOf":{"@id":"https:\/\/terrasdebasto.pt\/#website"},"primaryImageOfPage":{"@id":"https:\/\/terrasdebasto.pt\/?p=5350#primaryimage"},"image":{"@id":"https:\/\/terrasdebasto.pt\/?p=5350#primaryimage"},"thumbnailUrl":"https:\/\/terrasdebasto.pt\/wp-content\/uploads\/2025\/12\/MANUEL-GONCALVES.jpg","datePublished":"2025-12-26T00:57:50+00:00","description":"Manuel Gon\u00e7alves, l\u00edder da bancada socialista na Assembleia Municipal de Cabeceiras de Basto no final do mandato anterior, vai apresentar na pr\u00f3xima semana a demiss\u00e3o de membro da comiss\u00e3o pol\u00edtica concelhia do seu partido, estando igualmente a ponderar o que dever\u00e1 decidir relativamente \u00e0 sua perman\u00eancia no plen\u00e1rio municipal sem que da sua decis\u00e3o resultem preju\u00edzos para o PS.","breadcrumb":{"@id":"https:\/\/terrasdebasto.pt\/?p=5350#breadcrumb"},"inLanguage":"pt-PT","potentialAction":[{"@type":"ReadAction","target":["https:\/\/terrasdebasto.pt\/?p=5350"]}]},{"@type":"ImageObject","inLanguage":"pt-PT","@id":"https:\/\/terrasdebasto.pt\/?p=5350#primaryimage","url":"https:\/\/terrasdebasto.pt\/wp-content\/uploads\/2025\/12\/MANUEL-GONCALVES.jpg","contentUrl":"https:\/\/terrasdebasto.pt\/wp-content\/uploads\/2025\/12\/MANUEL-GONCALVES.jpg","width":750,"height":662},{"@type":"BreadcrumbList","@id":"https:\/\/terrasdebasto.pt\/?p=5350#breadcrumb","itemListElement":[{"@type":"ListItem","position":1,"name":"In\u00edcio","item":"https:\/\/terrasdebasto.pt\/"},{"@type":"ListItem","position":2,"name":"PS\/Cabeceiras: Gon\u00e7alves abandona comiss\u00e3o pol\u00edtica"}]},{"@type":"WebSite","@id":"https:\/\/terrasdebasto.pt\/#website","url":"https:\/\/terrasdebasto.pt\/","name":"Jornal Terras de Basto","description":"","publisher":{"@id":"https:\/\/terrasdebasto.pt\/#organization"},"potentialAction":[{"@type":"SearchAction","target":{"@type":"EntryPoint","urlTemplate":"https:\/\/terrasdebasto.pt\/?s={search_term_string}"},"query-input":{"@type":"PropertyValueSpecification","valueRequired":true,"valueName":"search_term_string"}}],"inLanguage":"pt-PT"},{"@type":"Organization","@id":"https:\/\/terrasdebasto.pt\/#organization","name":"Jornal Terras de Basto","url":"https:\/\/terrasdebasto.pt\/","logo":{"@type":"ImageObject","inLanguage":"pt-PT","@id":"https:\/\/terrasdebasto.pt\/#\/schema\/logo\/image\/","url":"https:\/\/terrasdebasto.pt\/wp-content\/uploads\/2024\/06\/LogoNormal.png","contentUrl":"https:\/\/terrasdebasto.pt\/wp-content\/uploads\/2024\/06\/LogoNormal.png","width":5638,"height":809,"caption":"Jornal Terras de Basto"},"image":{"@id":"https:\/\/terrasdebasto.pt\/#\/schema\/logo\/image\/"}},{"@type":"Person","@id":"https:\/\/terrasdebasto.pt\/#\/schema\/person\/9f6739f5394ac65c802641773b278b84","name":"Jo\u00e3o Paulo Mesquita","image":{"@type":"ImageObject","inLanguage":"pt-PT","@id":"https:\/\/terrasdebasto.pt\/#\/schema\/person\/image\/","url":"https:\/\/secure.gravatar.com\/avatar\/9bd0f299e6d96336664aab64354168246a3ee3287c47891c50d450e47ed9d7f9?s=96&d=mm&r=g","contentUrl":"https:\/\/secure.gravatar.com\/avatar\/9bd0f299e6d96336664aab64354168246a3ee3287c47891c50d450e47ed9d7f9?s=96&d=mm&r=g","caption":"Jo\u00e3o Paulo Mesquita"},"url":"https:\/\/terrasdebasto.pt\/?author=7"}]}},"_links":{"self":[{"href":"https:\/\/terrasdebasto.pt\/index.php?rest_route=\/wp\/v2\/posts\/5350","targetHints":{"allow":["GET"]}}],"collection":[{"href":"https:\/\/terrasdebasto.pt\/index.php?rest_route=\/wp\/v2\/posts"}],"about":[{"href":"https:\/\/terrasdebasto.pt\/index.php?rest_route=\/wp\/v2\/types\/post"}],"author":[{"embeddable":true,"href":"https:\/\/terrasdebasto.pt\/index.php?rest_route=\/wp\/v2\/users\/7"}],"replies":[{"embeddable":true,"href":"https:\/\/terrasdebasto.pt\/index.php?rest_route=%2Fwp%2Fv2%2Fcomments&post=5350"}],"version-history":[{"count":1,"href":"https:\/\/terrasdebasto.pt\/index.php?rest_route=\/wp\/v2\/posts\/5350\/revisions"}],"predecessor-version":[{"id":5352,"href":"https:\/\/terrasdebasto.pt\/index.php?rest_route=\/wp\/v2\/posts\/5350\/revisions\/5352"}],"wp:featuredmedia":[{"embeddable":true,"href":"https:\/\/terrasdebasto.pt\/index.php?rest_route=\/wp\/v2\/media\/5351"}],"wp:attachment":[{"href":"https:\/\/terrasdebasto.pt\/index.php?rest_route=%2Fwp%2Fv2%2Fmedia&parent=5350"}],"wp:term":[{"taxonomy":"category","embeddable":true,"href":"https:\/\/terrasdebasto.pt\/index.php?rest_route=%2Fwp%2Fv2%2Fcategories&post=5350"},{"taxonomy":"post_tag","embeddable":true,"href":"https:\/\/terrasdebasto.pt\/index.php?rest_route=%2Fwp%2Fv2%2Ftags&post=5350"}],"curies":[{"name":"wp","href":"https:\/\/api.w.org\/{rel}","templated":true}]}}