{"id":5347,"date":"2025-12-25T22:28:13","date_gmt":"2025-12-25T22:28:13","guid":{"rendered":"https:\/\/terrasdebasto.pt\/?p=5347"},"modified":"2025-12-25T22:28:13","modified_gmt":"2025-12-25T22:28:13","slug":"celorico-aprova-orcamento-de-45-milhoes","status":"publish","type":"post","link":"https:\/\/terrasdebasto.pt\/?p=5347","title":{"rendered":"Celorico aprova or\u00e7amento de 45 milh\u00f5es"},"content":{"rendered":"\n<p><\/p>\n\n\n\n<p><strong>A presid\u00eancia do Munic\u00edpio de Celorico de Basto est\u00e1 a exibir os n\u00fameros do or\u00e7amento para o pr\u00f3ximo ano com expressivo orgulho: s\u00e3o 45 milh\u00f5es de euros, o maior de sempre. O documento, acompanhado pelo plano de atividades, foi aprovado em sede de executivo a 22 de dezembro e dever\u00e1 ser validado pela assembleia municipal nesta sexta-feira (26), em sess\u00e3o a partir das 16h00.<\/strong><\/p>\n\n\n\n<p>Em nota ao Terras de Basto, s\u00e3o destacadas quatro \u00ab\u00e1reas estrat\u00e9gicas fundamentais para o desenvolvimento do concelho\u00bb: a sa\u00fade, a habita\u00e7\u00e3o, a educa\u00e7\u00e3o e os parques empresariais\/fortalecimento econ\u00f3mico.<\/p>\n\n\n\n<p>Tal como tem sido referido ami\u00fade, a sa\u00fade assume \u00abum papel central enquanto pilar essencial do bem-estar da popula\u00e7\u00e3o\u00bb, estando previsto um investimento de 8 milh\u00f5es de euros at\u00e9 2029 para obras de beneficia\u00e7\u00e3o do centro de sa\u00fade e dos postos m\u00e9dicos do concelho.<\/p>\n\n\n\n<p>Este investimento, cuja parte significativa dever\u00e1 efetivar-se ao longo de 2026, permitir\u00e1 a \u00abmelhoria das condi\u00e7\u00f5es de acesso aos cuidados de sa\u00fade e uma maior articula\u00e7\u00e3o com os diferentes agentes do setor\u00bb.<\/p>\n\n\n\n<p>Quanto \u00e0 habita\u00e7\u00e3o, \u00e9 objetivo do munic\u00edpio celoricense dar continuidade \u00e0 constru\u00e7\u00e3o de alojamento a rendas acess\u00edveis nos centros urbanos de Gandarela, Fermil, Celorico e Mota, com edif\u00edcios de raiz, bem como atrav\u00e9s da reabilita\u00e7\u00e3o dos edif\u00edcios das antigas escolas prim\u00e1rias, num investimento, at\u00e9 2030, de 21 milh\u00f5es de euros.<\/p>\n\n\n\n<p>\u00abPara combater a indignidade de muitas habita\u00e7\u00f5es, nomeadamente da nossa popula\u00e7\u00e3o mais idosa e mais vulner\u00e1vel, promoveremos a cria\u00e7\u00e3o de solu\u00e7\u00f5es acess\u00edveis, a reabilita\u00e7\u00e3o urbana e pol\u00edticas que favore\u00e7am a fixa\u00e7\u00e3o da popula\u00e7\u00e3o e a inclus\u00e3o social\u00bb, afirma-se no documento.<\/p>\n\n\n\n<p>Na educa\u00e7\u00e3o, est\u00e1 previsto um investimento de 10 milh\u00f5es de euros at\u00e9 2030, orientado para a reabilita\u00e7\u00e3o do parque escolar e equipamentos desportivos com ele interligados.<\/p>\n\n\n\n<p>Igualmente prevista est\u00e1 a reabilita\u00e7\u00e3o e amplia\u00e7\u00e3o dos parques empresariais, bem a constru\u00e7\u00e3o de novas \u00e1reas de localiza\u00e7\u00e3o empresarial, que se confirmam cruciais enquanto motores de desenvolvimento econ\u00f3mico e de cria\u00e7\u00e3o de emprego e atra\u00e7\u00e3o de investimento, contribuindo para a competitividade do territ\u00f3rio.<\/p>\n\n\n\n<p>\u00abTal como tem vindo a acontecer nos \u00faltimos anos, sempre em sentido crescente, temos o maior or\u00e7amento de sempre, o que evidencia a nossa capacidade de planear e executar investimentos de impacto\u00bb, diz Jos\u00e9 Peixoto Lima.<\/p>\n\n\n\n<p>Para o presidente da c\u00e2mara, os documentos fundamentais agora aprovados correspondem a \u00abum ciclo de continuidade e consolida\u00e7\u00e3o das estrat\u00e9gias e medidas que t\u00eam vindo a orientar o plano de a\u00e7\u00e3o do executivo nos \u00faltimos anos\u00bb.<\/p>\n","protected":false},"excerpt":{"rendered":"<p>A presid\u00eancia do Munic\u00edpio de Celorico de Basto est\u00e1 a exibir os n\u00fameros do or\u00e7amento para o pr\u00f3ximo ano com expressivo orgulho: s\u00e3o 45 milh\u00f5es de euros, o maior de sempre. O documento, acompanhado pelo plano de atividades, foi aprovado em sede de executivo a 22 de dezembro e dever\u00e1 ser validado pela assembleia municipal [&hellip;]<\/p>\n","protected":false},"author":7,"featured_media":5348,"comment_status":"open","ping_status":"open","sticky":false,"template":"","format":"standard","meta":{"footnotes":""},"categories":[13,9],"tags":[40,1285],"class_list":{"0":"post-5347","1":"post","2":"type-post","3":"status-publish","4":"format-standard","5":"has-post-thumbnail","7":"category-celorico-de-basto","8":"category-terras-de-basto","9":"tag-celorico-de-basto","10":"tag-orcamento-2026"},"yoast_head":"<!-- This site is optimized with the Yoast SEO plugin v25.7 - https:\/\/yoast.com\/wordpress\/plugins\/seo\/ -->\n<title>Celorico aprova or\u00e7amento de 45 milh\u00f5es - Jornal Terras de Basto<\/title>\n<meta name=\"description\" content=\"A presid\u00eancia do Munic\u00edpio de Celorico de Basto est\u00e1 a exibir os n\u00fameros do or\u00e7amento para o pr\u00f3ximo ano com expressivo orgulho: s\u00e3o 45 milh\u00f5es de euros, o maior de sempre. O documento, acompanhado pelo plano de atividades, foi aprovado em sede de executivo a 22 de dezembro e dever\u00e1 ser validado pela assembleia municipal nesta sexta-feira (26), em sess\u00e3o a partir das 16h00.\" \/>\n<meta name=\"robots\" content=\"index, follow, max-snippet:-1, max-image-preview:large, max-video-preview:-1\" \/>\n<link rel=\"canonical\" href=\"https:\/\/terrasdebasto.pt\/?p=5347\" \/>\n<meta property=\"og:locale\" content=\"pt_PT\" \/>\n<meta property=\"og:type\" content=\"article\" \/>\n<meta property=\"og:title\" content=\"Celorico aprova or\u00e7amento de 45 milh\u00f5es - Jornal Terras de Basto\" \/>\n<meta property=\"og:description\" content=\"A presid\u00eancia do Munic\u00edpio de Celorico de Basto est\u00e1 a exibir os n\u00fameros do or\u00e7amento para o pr\u00f3ximo ano com expressivo orgulho: s\u00e3o 45 milh\u00f5es de euros, o maior de sempre. O documento, acompanhado pelo plano de atividades, foi aprovado em sede de executivo a 22 de dezembro e dever\u00e1 ser validado pela assembleia municipal nesta sexta-feira (26), em sess\u00e3o a partir das 16h00.\" \/>\n<meta property=\"og:url\" content=\"https:\/\/terrasdebasto.pt\/?p=5347\" \/>\n<meta property=\"og:site_name\" content=\"Jornal Terras de Basto\" \/>\n<meta property=\"article:published_time\" content=\"2025-12-25T22:28:13+00:00\" \/>\n<meta property=\"og:image\" content=\"https:\/\/terrasdebasto.pt\/wp-content\/uploads\/2025\/12\/ORCAMENTO-CELORICO.png\" \/>\n\t<meta property=\"og:image:width\" content=\"1410\" \/>\n\t<meta property=\"og:image:height\" content=\"1182\" \/>\n\t<meta property=\"og:image:type\" content=\"image\/png\" \/>\n<meta name=\"author\" content=\"Jo\u00e3o Paulo Mesquita\" \/>\n<meta name=\"twitter:card\" content=\"summary_large_image\" \/>\n<meta name=\"twitter:label1\" content=\"Escrito por\" \/>\n\t<meta name=\"twitter:data1\" content=\"Jo\u00e3o Paulo Mesquita\" \/>\n\t<meta name=\"twitter:label2\" content=\"Tempo estimado de leitura\" \/>\n\t<meta name=\"twitter:data2\" content=\"3 minutos\" \/>\n<script type=\"application\/ld+json\" class=\"yoast-schema-graph\">{\"@context\":\"https:\/\/schema.org\",\"@graph\":[{\"@type\":\"Article\",\"@id\":\"https:\/\/terrasdebasto.pt\/?p=5347#article\",\"isPartOf\":{\"@id\":\"https:\/\/terrasdebasto.pt\/?p=5347\"},\"author\":{\"name\":\"Jo\u00e3o Paulo Mesquita\",\"@id\":\"https:\/\/terrasdebasto.pt\/#\/schema\/person\/9f6739f5394ac65c802641773b278b84\"},\"headline\":\"Celorico aprova or\u00e7amento de 45 milh\u00f5es\",\"datePublished\":\"2025-12-25T22:28:13+00:00\",\"mainEntityOfPage\":{\"@id\":\"https:\/\/terrasdebasto.pt\/?p=5347\"},\"wordCount\":457,\"commentCount\":0,\"publisher\":{\"@id\":\"https:\/\/terrasdebasto.pt\/#organization\"},\"image\":{\"@id\":\"https:\/\/terrasdebasto.pt\/?p=5347#primaryimage\"},\"thumbnailUrl\":\"https:\/\/terrasdebasto.pt\/wp-content\/uploads\/2025\/12\/ORCAMENTO-CELORICO.png\",\"keywords\":[\"Celorico de Basto\",\"Or\u00e7amento 2026\"],\"articleSection\":[\"Celorico de Basto\",\"Terras de Basto\"],\"inLanguage\":\"pt-PT\",\"potentialAction\":[{\"@type\":\"CommentAction\",\"name\":\"Comment\",\"target\":[\"https:\/\/terrasdebasto.pt\/?p=5347#respond\"]}]},{\"@type\":\"WebPage\",\"@id\":\"https:\/\/terrasdebasto.pt\/?p=5347\",\"url\":\"https:\/\/terrasdebasto.pt\/?p=5347\",\"name\":\"Celorico aprova or\u00e7amento de 45 milh\u00f5es - Jornal Terras de Basto\",\"isPartOf\":{\"@id\":\"https:\/\/terrasdebasto.pt\/#website\"},\"primaryImageOfPage\":{\"@id\":\"https:\/\/terrasdebasto.pt\/?p=5347#primaryimage\"},\"image\":{\"@id\":\"https:\/\/terrasdebasto.pt\/?p=5347#primaryimage\"},\"thumbnailUrl\":\"https:\/\/terrasdebasto.pt\/wp-content\/uploads\/2025\/12\/ORCAMENTO-CELORICO.png\",\"datePublished\":\"2025-12-25T22:28:13+00:00\",\"description\":\"A presid\u00eancia do Munic\u00edpio de Celorico de Basto est\u00e1 a exibir os n\u00fameros do or\u00e7amento para o pr\u00f3ximo ano com expressivo orgulho: s\u00e3o 45 milh\u00f5es de euros, o maior de sempre. O documento, acompanhado pelo plano de atividades, foi aprovado em sede de executivo a 22 de dezembro e dever\u00e1 ser validado pela assembleia municipal nesta sexta-feira (26), em sess\u00e3o a partir das 16h00.\",\"breadcrumb\":{\"@id\":\"https:\/\/terrasdebasto.pt\/?p=5347#breadcrumb\"},\"inLanguage\":\"pt-PT\",\"potentialAction\":[{\"@type\":\"ReadAction\",\"target\":[\"https:\/\/terrasdebasto.pt\/?p=5347\"]}]},{\"@type\":\"ImageObject\",\"inLanguage\":\"pt-PT\",\"@id\":\"https:\/\/terrasdebasto.pt\/?p=5347#primaryimage\",\"url\":\"https:\/\/terrasdebasto.pt\/wp-content\/uploads\/2025\/12\/ORCAMENTO-CELORICO.png\",\"contentUrl\":\"https:\/\/terrasdebasto.pt\/wp-content\/uploads\/2025\/12\/ORCAMENTO-CELORICO.png\",\"width\":1410,\"height\":1182},{\"@type\":\"BreadcrumbList\",\"@id\":\"https:\/\/terrasdebasto.pt\/?p=5347#breadcrumb\",\"itemListElement\":[{\"@type\":\"ListItem\",\"position\":1,\"name\":\"In\u00edcio\",\"item\":\"https:\/\/terrasdebasto.pt\/\"},{\"@type\":\"ListItem\",\"position\":2,\"name\":\"Celorico aprova or\u00e7amento de 45 milh\u00f5es\"}]},{\"@type\":\"WebSite\",\"@id\":\"https:\/\/terrasdebasto.pt\/#website\",\"url\":\"https:\/\/terrasdebasto.pt\/\",\"name\":\"Jornal Terras de Basto\",\"description\":\"\",\"publisher\":{\"@id\":\"https:\/\/terrasdebasto.pt\/#organization\"},\"potentialAction\":[{\"@type\":\"SearchAction\",\"target\":{\"@type\":\"EntryPoint\",\"urlTemplate\":\"https:\/\/terrasdebasto.pt\/?s={search_term_string}\"},\"query-input\":{\"@type\":\"PropertyValueSpecification\",\"valueRequired\":true,\"valueName\":\"search_term_string\"}}],\"inLanguage\":\"pt-PT\"},{\"@type\":\"Organization\",\"@id\":\"https:\/\/terrasdebasto.pt\/#organization\",\"name\":\"Jornal Terras de Basto\",\"url\":\"https:\/\/terrasdebasto.pt\/\",\"logo\":{\"@type\":\"ImageObject\",\"inLanguage\":\"pt-PT\",\"@id\":\"https:\/\/terrasdebasto.pt\/#\/schema\/logo\/image\/\",\"url\":\"https:\/\/terrasdebasto.pt\/wp-content\/uploads\/2024\/06\/LogoNormal.png\",\"contentUrl\":\"https:\/\/terrasdebasto.pt\/wp-content\/uploads\/2024\/06\/LogoNormal.png\",\"width\":5638,\"height\":809,\"caption\":\"Jornal Terras de Basto\"},\"image\":{\"@id\":\"https:\/\/terrasdebasto.pt\/#\/schema\/logo\/image\/\"}},{\"@type\":\"Person\",\"@id\":\"https:\/\/terrasdebasto.pt\/#\/schema\/person\/9f6739f5394ac65c802641773b278b84\",\"name\":\"Jo\u00e3o Paulo Mesquita\",\"image\":{\"@type\":\"ImageObject\",\"inLanguage\":\"pt-PT\",\"@id\":\"https:\/\/terrasdebasto.pt\/#\/schema\/person\/image\/\",\"url\":\"https:\/\/secure.gravatar.com\/avatar\/9bd0f299e6d96336664aab64354168246a3ee3287c47891c50d450e47ed9d7f9?s=96&d=mm&r=g\",\"contentUrl\":\"https:\/\/secure.gravatar.com\/avatar\/9bd0f299e6d96336664aab64354168246a3ee3287c47891c50d450e47ed9d7f9?s=96&d=mm&r=g\",\"caption\":\"Jo\u00e3o Paulo Mesquita\"},\"url\":\"https:\/\/terrasdebasto.pt\/?author=7\"}]}<\/script>\n<!-- \/ Yoast SEO plugin. -->","yoast_head_json":{"title":"Celorico aprova or\u00e7amento de 45 milh\u00f5es - Jornal Terras de Basto","description":"A presid\u00eancia do Munic\u00edpio de Celorico de Basto est\u00e1 a exibir os n\u00fameros do or\u00e7amento para o pr\u00f3ximo ano com expressivo orgulho: s\u00e3o 45 milh\u00f5es de euros, o maior de sempre. O documento, acompanhado pelo plano de atividades, foi aprovado em sede de executivo a 22 de dezembro e dever\u00e1 ser validado pela assembleia municipal nesta sexta-feira (26), em sess\u00e3o a partir das 16h00.","robots":{"index":"index","follow":"follow","max-snippet":"max-snippet:-1","max-image-preview":"max-image-preview:large","max-video-preview":"max-video-preview:-1"},"canonical":"https:\/\/terrasdebasto.pt\/?p=5347","og_locale":"pt_PT","og_type":"article","og_title":"Celorico aprova or\u00e7amento de 45 milh\u00f5es - Jornal Terras de Basto","og_description":"A presid\u00eancia do Munic\u00edpio de Celorico de Basto est\u00e1 a exibir os n\u00fameros do or\u00e7amento para o pr\u00f3ximo ano com expressivo orgulho: s\u00e3o 45 milh\u00f5es de euros, o maior de sempre. O documento, acompanhado pelo plano de atividades, foi aprovado em sede de executivo a 22 de dezembro e dever\u00e1 ser validado pela assembleia municipal nesta sexta-feira (26), em sess\u00e3o a partir das 16h00.","og_url":"https:\/\/terrasdebasto.pt\/?p=5347","og_site_name":"Jornal Terras de Basto","article_published_time":"2025-12-25T22:28:13+00:00","og_image":[{"width":1410,"height":1182,"url":"https:\/\/terrasdebasto.pt\/wp-content\/uploads\/2025\/12\/ORCAMENTO-CELORICO.png","type":"image\/png"}],"author":"Jo\u00e3o Paulo Mesquita","twitter_card":"summary_large_image","twitter_misc":{"Escrito por":"Jo\u00e3o Paulo Mesquita","Tempo estimado de leitura":"3 minutos"},"schema":{"@context":"https:\/\/schema.org","@graph":[{"@type":"Article","@id":"https:\/\/terrasdebasto.pt\/?p=5347#article","isPartOf":{"@id":"https:\/\/terrasdebasto.pt\/?p=5347"},"author":{"name":"Jo\u00e3o Paulo Mesquita","@id":"https:\/\/terrasdebasto.pt\/#\/schema\/person\/9f6739f5394ac65c802641773b278b84"},"headline":"Celorico aprova or\u00e7amento de 45 milh\u00f5es","datePublished":"2025-12-25T22:28:13+00:00","mainEntityOfPage":{"@id":"https:\/\/terrasdebasto.pt\/?p=5347"},"wordCount":457,"commentCount":0,"publisher":{"@id":"https:\/\/terrasdebasto.pt\/#organization"},"image":{"@id":"https:\/\/terrasdebasto.pt\/?p=5347#primaryimage"},"thumbnailUrl":"https:\/\/terrasdebasto.pt\/wp-content\/uploads\/2025\/12\/ORCAMENTO-CELORICO.png","keywords":["Celorico de Basto","Or\u00e7amento 2026"],"articleSection":["Celorico de Basto","Terras de Basto"],"inLanguage":"pt-PT","potentialAction":[{"@type":"CommentAction","name":"Comment","target":["https:\/\/terrasdebasto.pt\/?p=5347#respond"]}]},{"@type":"WebPage","@id":"https:\/\/terrasdebasto.pt\/?p=5347","url":"https:\/\/terrasdebasto.pt\/?p=5347","name":"Celorico aprova or\u00e7amento de 45 milh\u00f5es - Jornal Terras de Basto","isPartOf":{"@id":"https:\/\/terrasdebasto.pt\/#website"},"primaryImageOfPage":{"@id":"https:\/\/terrasdebasto.pt\/?p=5347#primaryimage"},"image":{"@id":"https:\/\/terrasdebasto.pt\/?p=5347#primaryimage"},"thumbnailUrl":"https:\/\/terrasdebasto.pt\/wp-content\/uploads\/2025\/12\/ORCAMENTO-CELORICO.png","datePublished":"2025-12-25T22:28:13+00:00","description":"A presid\u00eancia do Munic\u00edpio de Celorico de Basto est\u00e1 a exibir os n\u00fameros do or\u00e7amento para o pr\u00f3ximo ano com expressivo orgulho: s\u00e3o 45 milh\u00f5es de euros, o maior de sempre. O documento, acompanhado pelo plano de atividades, foi aprovado em sede de executivo a 22 de dezembro e dever\u00e1 ser validado pela assembleia municipal nesta sexta-feira (26), em sess\u00e3o a partir das 16h00.","breadcrumb":{"@id":"https:\/\/terrasdebasto.pt\/?p=5347#breadcrumb"},"inLanguage":"pt-PT","potentialAction":[{"@type":"ReadAction","target":["https:\/\/terrasdebasto.pt\/?p=5347"]}]},{"@type":"ImageObject","inLanguage":"pt-PT","@id":"https:\/\/terrasdebasto.pt\/?p=5347#primaryimage","url":"https:\/\/terrasdebasto.pt\/wp-content\/uploads\/2025\/12\/ORCAMENTO-CELORICO.png","contentUrl":"https:\/\/terrasdebasto.pt\/wp-content\/uploads\/2025\/12\/ORCAMENTO-CELORICO.png","width":1410,"height":1182},{"@type":"BreadcrumbList","@id":"https:\/\/terrasdebasto.pt\/?p=5347#breadcrumb","itemListElement":[{"@type":"ListItem","position":1,"name":"In\u00edcio","item":"https:\/\/terrasdebasto.pt\/"},{"@type":"ListItem","position":2,"name":"Celorico aprova or\u00e7amento de 45 milh\u00f5es"}]},{"@type":"WebSite","@id":"https:\/\/terrasdebasto.pt\/#website","url":"https:\/\/terrasdebasto.pt\/","name":"Jornal Terras de Basto","description":"","publisher":{"@id":"https:\/\/terrasdebasto.pt\/#organization"},"potentialAction":[{"@type":"SearchAction","target":{"@type":"EntryPoint","urlTemplate":"https:\/\/terrasdebasto.pt\/?s={search_term_string}"},"query-input":{"@type":"PropertyValueSpecification","valueRequired":true,"valueName":"search_term_string"}}],"inLanguage":"pt-PT"},{"@type":"Organization","@id":"https:\/\/terrasdebasto.pt\/#organization","name":"Jornal Terras de Basto","url":"https:\/\/terrasdebasto.pt\/","logo":{"@type":"ImageObject","inLanguage":"pt-PT","@id":"https:\/\/terrasdebasto.pt\/#\/schema\/logo\/image\/","url":"https:\/\/terrasdebasto.pt\/wp-content\/uploads\/2024\/06\/LogoNormal.png","contentUrl":"https:\/\/terrasdebasto.pt\/wp-content\/uploads\/2024\/06\/LogoNormal.png","width":5638,"height":809,"caption":"Jornal Terras de Basto"},"image":{"@id":"https:\/\/terrasdebasto.pt\/#\/schema\/logo\/image\/"}},{"@type":"Person","@id":"https:\/\/terrasdebasto.pt\/#\/schema\/person\/9f6739f5394ac65c802641773b278b84","name":"Jo\u00e3o Paulo Mesquita","image":{"@type":"ImageObject","inLanguage":"pt-PT","@id":"https:\/\/terrasdebasto.pt\/#\/schema\/person\/image\/","url":"https:\/\/secure.gravatar.com\/avatar\/9bd0f299e6d96336664aab64354168246a3ee3287c47891c50d450e47ed9d7f9?s=96&d=mm&r=g","contentUrl":"https:\/\/secure.gravatar.com\/avatar\/9bd0f299e6d96336664aab64354168246a3ee3287c47891c50d450e47ed9d7f9?s=96&d=mm&r=g","caption":"Jo\u00e3o Paulo Mesquita"},"url":"https:\/\/terrasdebasto.pt\/?author=7"}]}},"_links":{"self":[{"href":"https:\/\/terrasdebasto.pt\/index.php?rest_route=\/wp\/v2\/posts\/5347","targetHints":{"allow":["GET"]}}],"collection":[{"href":"https:\/\/terrasdebasto.pt\/index.php?rest_route=\/wp\/v2\/posts"}],"about":[{"href":"https:\/\/terrasdebasto.pt\/index.php?rest_route=\/wp\/v2\/types\/post"}],"author":[{"embeddable":true,"href":"https:\/\/terrasdebasto.pt\/index.php?rest_route=\/wp\/v2\/users\/7"}],"replies":[{"embeddable":true,"href":"https:\/\/terrasdebasto.pt\/index.php?rest_route=%2Fwp%2Fv2%2Fcomments&post=5347"}],"version-history":[{"count":1,"href":"https:\/\/terrasdebasto.pt\/index.php?rest_route=\/wp\/v2\/posts\/5347\/revisions"}],"predecessor-version":[{"id":5349,"href":"https:\/\/terrasdebasto.pt\/index.php?rest_route=\/wp\/v2\/posts\/5347\/revisions\/5349"}],"wp:featuredmedia":[{"embeddable":true,"href":"https:\/\/terrasdebasto.pt\/index.php?rest_route=\/wp\/v2\/media\/5348"}],"wp:attachment":[{"href":"https:\/\/terrasdebasto.pt\/index.php?rest_route=%2Fwp%2Fv2%2Fmedia&parent=5347"}],"wp:term":[{"taxonomy":"category","embeddable":true,"href":"https:\/\/terrasdebasto.pt\/index.php?rest_route=%2Fwp%2Fv2%2Fcategories&post=5347"},{"taxonomy":"post_tag","embeddable":true,"href":"https:\/\/terrasdebasto.pt\/index.php?rest_route=%2Fwp%2Fv2%2Ftags&post=5347"}],"curies":[{"name":"wp","href":"https:\/\/api.w.org\/{rel}","templated":true}]}}