{"id":5290,"date":"2025-12-11T02:09:10","date_gmt":"2025-12-11T02:09:10","guid":{"rendered":"https:\/\/terrasdebasto.pt\/?p=5290"},"modified":"2025-12-11T02:09:10","modified_gmt":"2025-12-11T02:09:10","slug":"d-sergio-dinis-olhemos-uns-pelos-outros","status":"publish","type":"post","link":"https:\/\/terrasdebasto.pt\/?p=5290","title":{"rendered":"D. S\u00e9rgio Dinis: \u00abolhemos uns pelos outros\u00bb"},"content":{"rendered":"\n<p><\/p>\n\n\n\n<p><strong>\u00abOlhemos uns pelos outros\u00bb.<\/strong><strong> Este \u00e9 um pedido natal\u00edcio do bispo das For\u00e7as Armadas. D. S\u00e9rgio Dinis \u2013 natural de Ermelo, em Mondim de Basto \u2013 assumiu no in\u00edcio deste ano o Ordinariato Castrense, designa\u00e7\u00e3o para a presen\u00e7a da Igreja Cat\u00f3lica junto dos militares. \u00c9 ele o entrevistado do Terras de Basto nesta edi\u00e7\u00e3o a caminho do Natal. \u00ab<\/strong><strong>Na nossa vida de servi\u00e7o h\u00e1 quem carregue lutas silenciosas<\/strong><strong> <\/strong><strong>e pobreza escondida. Cuidemos do outro que vive ao nosso lado.<\/strong><strong> <\/strong><strong>Uma palavra, um gesto, uma ajuda pode ser luz para algu\u00e9m\u00bb, diz.<\/strong><\/p>\n\n\n\n<p><strong>De trato simples e reconhecidamente prest\u00e1vel \u2013 o que reverenciamos \u2013 destaca-se pela capacidade de conciliar a dimens\u00e3o espiritual com a compreens\u00e3o pr\u00e1tica das exig\u00eancias quotidianas das For\u00e7as Armadas e de Seguran\u00e7a. O seu perfil combina sensibilidade pastoral, aten\u00e7\u00e3o \u00e0s fragilidades humanas e uma vis\u00e3o clara do papel da Igreja num universo hierarquizado.<\/strong><\/p>\n\n\n\n<p><strong>Para o prelado \u2013 nascido em Campanh\u00f3 e com escola feita entre o Varzigueto e o Ermelo \u2013 \u00ab<\/strong><strong>a guerra \u00e9 sempre uma derrota da humanidade\u00bb, mas a paz \u00abn\u00e3o \u00e9 mera aus\u00eancia de conflito; \u00e9 fruto da justi\u00e7a, da verdade e do respeito pela pessoa\u00bb.<\/strong><strong><\/strong><\/p>\n\n\n\n<p><strong>Por Jo\u00e3o Paulo Mesquita<\/strong><\/p>\n\n\n\n<p><strong>P. D. S\u00e9rgio Dinis, que trajeto faz um jovem do Ermelo at\u00e9 ao bispado e da\u00ed \u00e0 tutela do Ordinariato Castrense? Pode falar-me das suas origens em Mondim de Basto e do seu percurso acad\u00e9mico e eclesial?<\/strong><\/p>\n\n\n\n<p><strong>R.<\/strong> Nasci no ano de 1970, mais concretamente no m\u00eas de maio. Nasci na aldeia de Campanh\u00f3, em Mondim de Basto. O meu pai, natural da freguesia de Ermelo e tendo vivido a sua inf\u00e2ncia e juventude na aldeia de Varzigueto, registou-me como natural de Ermelo. Com 11 meses de idade, fui viver para a casa florestal de Arjuiz, na freguesia de Ermelo, onde cresci at\u00e9 os seis anos de idade, junto dos meus pais. Quando chegou a altura de frequentar a primeira classe, hoje o primeiro ano, fui para Varzigueto, para casa dos meus av\u00f3s paternos. No segundo, terceiro e quarto anos, voltei a viver com os meus pais em Arjuiz e passei a frequentar a escola prim\u00e1ria em Ermelo, percorrendo diariamente cinco quil\u00f3metros em cada sentido.<\/p>\n\n\n\n<p>Quando terminei a escola prim\u00e1ria, que agora se diz primeiro ciclo, o meu pai procurou informa\u00e7\u00f5es na escola EB 2,3 e Secund\u00e1ria de Mondim sobre a possibilidade de eu a\u00ed estudar. Nessa \u00e9poca, a c\u00e2mara municipal ainda n\u00e3o tinha organizado os transportes escolares, para ir a Arjuiz buscar um s\u00f3 aluno. O autocarro da \u201cAuto-Mondinense\u201d, que passava junto \u00e0 casa florestal e fazia a liga\u00e7\u00e3o entre Mondim de Basto e a Campe\u00e3, n\u00e3o tinha hor\u00e1rios compat\u00edveis com a escola.<\/p>\n\n\n\n<p>Foi ent\u00e3o que, por interm\u00e9dio de um primo, salesiano, fui estudar para Poiares da R\u00e9gua, no semin\u00e1rio, onde frequentei o quinto e o sexto anos. A continuidade dos estudos nos salesianos obrigava a deslocar-me para Mogofores, concelho de Anadia, o que fiz nos s\u00e9timo, oitavo e nono anos. Mantive-me como seminarista dos salesianos at\u00e9 ao d\u00e9cimo ano, j\u00e1 num col\u00e9gio da mesma congrega\u00e7\u00e3o no Porto.&nbsp; No d\u00e9cimo ano, resolvi sair, pois n\u00e3o sentia voca\u00e7\u00e3o para o sacerd\u00f3cio.<\/p>\n\n\n\n<p>No d\u00e9cimo primeiro ano, continuei como aluno dos salesianos, mas j\u00e1 n\u00e3o como seminarista. O d\u00e9cimo segundo ano frequentei-o no Liceu Camilo Castelo Branco, em Vila Real.\u2028Foi ao terminar o d\u00e9cimo segundo ano que a minha vida sofreu uma reviravolta. Depois de ter abandonado o semin\u00e1rio, senti que talvez Deus me chamasse a ser padre. Foi ent\u00e3o que bati \u00e0 porta do Semin\u00e1rio de Vila Real e fui acolhido pelo seu reitor, tamb\u00e9m ele um mondinense, natural de Atei, Monsenhor Jos\u00e9 da Costa Celas.<\/p>\n\n\n\n<p>Os seminaristas maiores da Diocese de Vila Real estudavam \u2014 como ainda hoje estudam \u2014 no Porto, frequentando o Semin\u00e1rio Maior do Porto e a Faculdade de Teologia da Universidade Cat\u00f3lica. Durante cinco anos, talvez os cinco anos mais belos da minha vida, recebi a forma\u00e7\u00e3o do Semin\u00e1rio Maior do Porto e a forma\u00e7\u00e3o teol\u00f3gica na Universidade Cat\u00f3lica. Terminados os estudos, a licenciatura, regressei a Vila Real. Tinha apenas 23 anos e tive de aguardar um ano at\u00e9 me ordenar sacerdote, j\u00e1 que a idade m\u00ednima para ser ordenado presb\u00edtero \u00e9 de 24 anos.<\/p>\n\n\n\n<p>Entretanto, fui nomeado secret\u00e1rio do Bispo D. Joaquim Gon\u00e7alves e respons\u00e1vel pela pastoral da juventude na diocese. Quando me ordenei sacerdote, fui tamb\u00e9m nomeado capel\u00e3o das \u201cFlorinhas da Neve\u201d, institui\u00e7\u00e3o que acolhe meninas de fam\u00edlias em dificuldades e que hoje se encontra integrada na Miseric\u00f3rdia de Vila Real. Mais tarde, em 1996, fui nomeado p\u00e1roco de Mur\u00e7a, acumulando tamb\u00e9m a responsabilidade pelas par\u00f3quias de Fiolhoso, no mesmo concelho, e a do P\u00f3pulo, no concelho de Alij\u00f3.<\/p>\n\n\n\n<p>Ao longo da minha vida, procurei sempre estudar com o intuito de me manter atualizado. Cerca de dez anos ap\u00f3s a minha ordena\u00e7\u00e3o, uma vez que a minha licenciatura ainda era anterior ao processo de Bolonha, regressei \u00e0 Universidade, Faculdade de Teologia no Porto, para fazer um mestrado em Antropologia Teol\u00f3gica. Em 2011, com o consentimento do Bispo D. Am\u00e2ndio Tom\u00e1s, iniciei uma nova licenciatura em Direito Can\u00f3nico, na Universidade Pontif\u00edcia de Salamanca. Ap\u00f3s concluir a minha forma\u00e7\u00e3o em Direito Can\u00f3nico, para al\u00e9m de continuar como p\u00e1roco, assumi tamb\u00e9m responsabilidades no Tribunal Interdiocesano Vilarealense, um tribunal eclesi\u00e1stico que serve as dioceses de Vila Real, Lamego e Bragan\u00e7a.<\/p>\n\n\n\n<p>J\u00e1 antes da doen\u00e7a do meu pai, tinha solicitado ao ent\u00e3o bispo de Vila Real, D. Ant\u00f3nio Augusto Azevedo, que me transferisse de par\u00f3quias, para estar mais pr\u00f3ximo dos meus pais, uma vez que j\u00e1 exercia o minist\u00e9rio de p\u00e1roco h\u00e1 28 anos por terras de Mur\u00e7a.<\/p>\n\n\n\n<p>Praticamente um ano ap\u00f3s o falecimento do meu pai, fui chamado \u00e0 Nunciatura Apost\u00f3lica, em Lisboa, onde me informaram de que tinha sido escolhido pelo Papa Francisco para Bispo do Ordinariato Castrense de Portugal, Bispo das For\u00e7as Armadas e das For\u00e7as de Seguran\u00e7a.<\/p>\n\n\n\n<p>Portanto, nada fiz de especial para me tornar bispo. Foi um trajeto simples, como o de qualquer outro sacerdote, e nunca tive como aspira\u00e7\u00e3o tornar-me bispo. Procurei sempre exercer o minist\u00e9rio sacerdotal como presb\u00edtero, com total dedica\u00e7\u00e3o a todos aqueles a quem Deus, ao longo do tempo, me foi confiando.<\/p>\n\n\n\n<p>LEIA ESTA ENTREVISTA NA \u00cdNTEGRA NA EDI\u00c7\u00c3O IMPRESSA DO TERRAS DE BASTO, QUE SAI AGORA PARA DISTRIBUI\u00c7\u00c3O. APROVEITE E FA\u00c7A UMA ASSINATURA ANUAL DESTE JORNAL: 24 EUROS POR 24 EDI\u00c7\u00d5ES E RECEBA-O EM CASA].<\/p>\n\n\n\n<figure class=\"wp-block-gallery has-nested-images columns-default is-cropped wp-block-gallery-1 is-layout-flex wp-block-gallery-is-layout-flex\">\n<figure class=\"wp-block-image size-large\"><img loading=\"lazy\" decoding=\"async\" width=\"878\" height=\"752\" data-id=\"5293\" src=\"https:\/\/terrasdebasto.pt\/wp-content\/uploads\/2025\/12\/FOTO-01-D.-SERGIO-DINIS-1.jpg\" alt=\"\" class=\"wp-image-5293\" srcset=\"https:\/\/terrasdebasto.pt\/wp-content\/uploads\/2025\/12\/FOTO-01-D.-SERGIO-DINIS-1.jpg 878w, https:\/\/terrasdebasto.pt\/wp-content\/uploads\/2025\/12\/FOTO-01-D.-SERGIO-DINIS-1-300x257.jpg 300w, https:\/\/terrasdebasto.pt\/wp-content\/uploads\/2025\/12\/FOTO-01-D.-SERGIO-DINIS-1-768x658.jpg 768w, https:\/\/terrasdebasto.pt\/wp-content\/uploads\/2025\/12\/FOTO-01-D.-SERGIO-DINIS-1-150x128.jpg 150w, https:\/\/terrasdebasto.pt\/wp-content\/uploads\/2025\/12\/FOTO-01-D.-SERGIO-DINIS-1-696x596.jpg 696w\" sizes=\"auto, (max-width: 878px) 100vw, 878px\" \/><\/figure>\n<\/figure>\n\n\n\n<figure class=\"wp-block-gallery has-nested-images columns-default is-cropped wp-block-gallery-2 is-layout-flex wp-block-gallery-is-layout-flex\">\n<figure class=\"wp-block-image size-large\"><img loading=\"lazy\" decoding=\"async\" width=\"888\" height=\"676\" data-id=\"5294\" src=\"https:\/\/terrasdebasto.pt\/wp-content\/uploads\/2025\/12\/FOTO-01-D.-SERGIO-DINIS-2.jpg\" alt=\"\" class=\"wp-image-5294\" srcset=\"https:\/\/terrasdebasto.pt\/wp-content\/uploads\/2025\/12\/FOTO-01-D.-SERGIO-DINIS-2.jpg 888w, https:\/\/terrasdebasto.pt\/wp-content\/uploads\/2025\/12\/FOTO-01-D.-SERGIO-DINIS-2-300x228.jpg 300w, https:\/\/terrasdebasto.pt\/wp-content\/uploads\/2025\/12\/FOTO-01-D.-SERGIO-DINIS-2-768x585.jpg 768w, https:\/\/terrasdebasto.pt\/wp-content\/uploads\/2025\/12\/FOTO-01-D.-SERGIO-DINIS-2-150x114.jpg 150w, https:\/\/terrasdebasto.pt\/wp-content\/uploads\/2025\/12\/FOTO-01-D.-SERGIO-DINIS-2-696x530.jpg 696w\" sizes=\"auto, (max-width: 888px) 100vw, 888px\" \/><\/figure>\n<\/figure>\n\n\n\n<figure class=\"wp-block-gallery has-nested-images columns-default is-cropped wp-block-gallery-3 is-layout-flex wp-block-gallery-is-layout-flex\">\n<figure class=\"wp-block-image size-large\"><img loading=\"lazy\" decoding=\"async\" width=\"1024\" height=\"985\" data-id=\"5295\" src=\"https:\/\/terrasdebasto.pt\/wp-content\/uploads\/2025\/12\/FOTO-02-D.-SERGIO-DINIS-1024x985.jpg\" alt=\"\" class=\"wp-image-5295\" srcset=\"https:\/\/terrasdebasto.pt\/wp-content\/uploads\/2025\/12\/FOTO-02-D.-SERGIO-DINIS-1024x985.jpg 1024w, https:\/\/terrasdebasto.pt\/wp-content\/uploads\/2025\/12\/FOTO-02-D.-SERGIO-DINIS-300x288.jpg 300w, https:\/\/terrasdebasto.pt\/wp-content\/uploads\/2025\/12\/FOTO-02-D.-SERGIO-DINIS-768x739.jpg 768w, https:\/\/terrasdebasto.pt\/wp-content\/uploads\/2025\/12\/FOTO-02-D.-SERGIO-DINIS-150x144.jpg 150w, https:\/\/terrasdebasto.pt\/wp-content\/uploads\/2025\/12\/FOTO-02-D.-SERGIO-DINIS-696x669.jpg 696w, https:\/\/terrasdebasto.pt\/wp-content\/uploads\/2025\/12\/FOTO-02-D.-SERGIO-DINIS-1068x1027.jpg 1068w, https:\/\/terrasdebasto.pt\/wp-content\/uploads\/2025\/12\/FOTO-02-D.-SERGIO-DINIS.jpg 1434w\" sizes=\"auto, (max-width: 1024px) 100vw, 1024px\" \/><\/figure>\n<\/figure>\n\n\n\n<figure class=\"wp-block-gallery has-nested-images columns-default is-cropped wp-block-gallery-4 is-layout-flex wp-block-gallery-is-layout-flex\">\n<figure class=\"wp-block-image size-large\"><img loading=\"lazy\" decoding=\"async\" width=\"480\" height=\"300\" data-id=\"5296\" src=\"https:\/\/terrasdebasto.pt\/wp-content\/uploads\/2025\/12\/FOTO-07-D.-SERGIO-DINIS.jpg\" alt=\"\" class=\"wp-image-5296\" srcset=\"https:\/\/terrasdebasto.pt\/wp-content\/uploads\/2025\/12\/FOTO-07-D.-SERGIO-DINIS.jpg 480w, https:\/\/terrasdebasto.pt\/wp-content\/uploads\/2025\/12\/FOTO-07-D.-SERGIO-DINIS-300x188.jpg 300w, https:\/\/terrasdebasto.pt\/wp-content\/uploads\/2025\/12\/FOTO-07-D.-SERGIO-DINIS-150x94.jpg 150w\" sizes=\"auto, (max-width: 480px) 100vw, 480px\" \/><\/figure>\n<\/figure>\n\n\n\n<figure class=\"wp-block-gallery has-nested-images columns-default is-cropped wp-block-gallery-5 is-layout-flex wp-block-gallery-is-layout-flex\">\n<figure class=\"wp-block-image size-large\"><img loading=\"lazy\" decoding=\"async\" width=\"1024\" height=\"919\" data-id=\"5297\" src=\"https:\/\/terrasdebasto.pt\/wp-content\/uploads\/2025\/12\/FOTO-18-1024x919.jpg\" alt=\"\" class=\"wp-image-5297\" srcset=\"https:\/\/terrasdebasto.pt\/wp-content\/uploads\/2025\/12\/FOTO-18-1024x919.jpg 1024w, https:\/\/terrasdebasto.pt\/wp-content\/uploads\/2025\/12\/FOTO-18-300x269.jpg 300w, https:\/\/terrasdebasto.pt\/wp-content\/uploads\/2025\/12\/FOTO-18-768x690.jpg 768w, https:\/\/terrasdebasto.pt\/wp-content\/uploads\/2025\/12\/FOTO-18-150x135.jpg 150w, https:\/\/terrasdebasto.pt\/wp-content\/uploads\/2025\/12\/FOTO-18-696x625.jpg 696w, https:\/\/terrasdebasto.pt\/wp-content\/uploads\/2025\/12\/FOTO-18-1068x959.jpg 1068w, https:\/\/terrasdebasto.pt\/wp-content\/uploads\/2025\/12\/FOTO-18.jpg 1086w\" sizes=\"auto, (max-width: 1024px) 100vw, 1024px\" \/><\/figure>\n<\/figure>\n\n\n\n<figure class=\"wp-block-gallery has-nested-images columns-default is-cropped wp-block-gallery-6 is-layout-flex wp-block-gallery-is-layout-flex\">\n<figure class=\"wp-block-image size-large\"><img loading=\"lazy\" decoding=\"async\" width=\"1024\" height=\"694\" data-id=\"5298\" src=\"https:\/\/terrasdebasto.pt\/wp-content\/uploads\/2025\/12\/FOTO-13-1024x694.jpg\" alt=\"\" class=\"wp-image-5298\" srcset=\"https:\/\/terrasdebasto.pt\/wp-content\/uploads\/2025\/12\/FOTO-13-1024x694.jpg 1024w, https:\/\/terrasdebasto.pt\/wp-content\/uploads\/2025\/12\/FOTO-13-300x203.jpg 300w, https:\/\/terrasdebasto.pt\/wp-content\/uploads\/2025\/12\/FOTO-13-768x520.jpg 768w, https:\/\/terrasdebasto.pt\/wp-content\/uploads\/2025\/12\/FOTO-13-150x102.jpg 150w, https:\/\/terrasdebasto.pt\/wp-content\/uploads\/2025\/12\/FOTO-13-696x472.jpg 696w, https:\/\/terrasdebasto.pt\/wp-content\/uploads\/2025\/12\/FOTO-13-1068x724.jpg 1068w, https:\/\/terrasdebasto.pt\/wp-content\/uploads\/2025\/12\/FOTO-13.jpg 1079w\" sizes=\"auto, (max-width: 1024px) 100vw, 1024px\" \/><\/figure>\n<\/figure>\n","protected":false},"excerpt":{"rendered":"<p>\u00abOlhemos uns pelos outros\u00bb. Este \u00e9 um pedido natal\u00edcio do bispo das For\u00e7as Armadas. D. S\u00e9rgio Dinis \u2013 natural de Ermelo, em Mondim de Basto \u2013 assumiu no in\u00edcio deste ano o Ordinariato Castrense, designa\u00e7\u00e3o para a presen\u00e7a da Igreja Cat\u00f3lica junto dos militares. \u00c9 ele o entrevistado do Terras de Basto nesta edi\u00e7\u00e3o a [&hellip;]<\/p>\n","protected":false},"author":7,"featured_media":5292,"comment_status":"open","ping_status":"open","sticky":false,"template":"","format":"standard","meta":{"footnotes":""},"categories":[12,13,7,16,26,9],"tags":[1268,1265,1267,85,1266],"class_list":{"0":"post-5290","1":"post","2":"type-post","3":"status-publish","4":"format-standard","5":"has-post-thumbnail","7":"category-cabeceiras-de-basto","8":"category-celorico-de-basto","9":"category-cultura","10":"category-mondim-de-basto","11":"category-ribeira-de-pena","12":"category-terras-de-basto","13":"tag-bispo-das-forcas-armadas","14":"tag-d-sergio-dinis","15":"tag-ermelo","16":"tag-mondim-de-basto","17":"tag-ordinariato-castrense"},"yoast_head":"<!-- This site is optimized with the Yoast SEO plugin v25.7 - https:\/\/yoast.com\/wordpress\/plugins\/seo\/ -->\n<title>D. S\u00e9rgio Dinis: \u00abolhemos uns pelos outros\u00bb - Jornal Terras de Basto<\/title>\n<meta name=\"description\" content=\"\u00abOlhemos uns pelos outros\u00bb. Este \u00e9 um pedido natal\u00edcio do bispo das For\u00e7as Armadas. D. S\u00e9rgio Dinis \u2013 natural de Ermelo, em Mondim de Basto \u2013 assumiu no in\u00edcio deste ano o Ordinariato Castrense, designa\u00e7\u00e3o para a presen\u00e7a da Igreja Cat\u00f3lica junto dos militares. \u00c9 ele o entrevistado do Terras de Basto nesta edi\u00e7\u00e3o a caminho do Natal. \u00abNa nossa vida de servi\u00e7o h\u00e1 quem carregue lutas silenciosas e pobreza escondida. Cuidemos do outro que vive ao nosso lado. Uma palavra, um gesto, uma ajuda pode ser luz para algu\u00e9m\u00bb, diz.\" \/>\n<meta name=\"robots\" content=\"index, follow, max-snippet:-1, max-image-preview:large, max-video-preview:-1\" \/>\n<link rel=\"canonical\" href=\"https:\/\/terrasdebasto.pt\/?p=5290\" \/>\n<meta property=\"og:locale\" content=\"pt_PT\" \/>\n<meta property=\"og:type\" content=\"article\" \/>\n<meta property=\"og:title\" content=\"D. S\u00e9rgio Dinis: \u00abolhemos uns pelos outros\u00bb - Jornal Terras de Basto\" \/>\n<meta property=\"og:description\" content=\"\u00abOlhemos uns pelos outros\u00bb. Este \u00e9 um pedido natal\u00edcio do bispo das For\u00e7as Armadas. D. S\u00e9rgio Dinis \u2013 natural de Ermelo, em Mondim de Basto \u2013 assumiu no in\u00edcio deste ano o Ordinariato Castrense, designa\u00e7\u00e3o para a presen\u00e7a da Igreja Cat\u00f3lica junto dos militares. \u00c9 ele o entrevistado do Terras de Basto nesta edi\u00e7\u00e3o a caminho do Natal. \u00abNa nossa vida de servi\u00e7o h\u00e1 quem carregue lutas silenciosas e pobreza escondida. Cuidemos do outro que vive ao nosso lado. Uma palavra, um gesto, uma ajuda pode ser luz para algu\u00e9m\u00bb, diz.\" \/>\n<meta property=\"og:url\" content=\"https:\/\/terrasdebasto.pt\/?p=5290\" \/>\n<meta property=\"og:site_name\" content=\"Jornal Terras de Basto\" \/>\n<meta property=\"article:published_time\" content=\"2025-12-11T02:09:10+00:00\" \/>\n<meta property=\"og:image\" content=\"https:\/\/terrasdebasto.pt\/wp-content\/uploads\/2025\/12\/FOTO-03-D.-SERGIO-DINIS.jpg\" \/>\n\t<meta property=\"og:image:width\" content=\"586\" \/>\n\t<meta property=\"og:image:height\" content=\"618\" \/>\n\t<meta property=\"og:image:type\" content=\"image\/jpeg\" \/>\n<meta name=\"author\" content=\"Jo\u00e3o Paulo Mesquita\" \/>\n<meta name=\"twitter:card\" content=\"summary_large_image\" \/>\n<meta name=\"twitter:label1\" content=\"Escrito por\" \/>\n\t<meta name=\"twitter:data1\" content=\"Jo\u00e3o Paulo Mesquita\" \/>\n\t<meta name=\"twitter:label2\" content=\"Tempo estimado de leitura\" \/>\n\t<meta name=\"twitter:data2\" content=\"8 minutos\" \/>\n<script type=\"application\/ld+json\" class=\"yoast-schema-graph\">{\"@context\":\"https:\/\/schema.org\",\"@graph\":[{\"@type\":\"Article\",\"@id\":\"https:\/\/terrasdebasto.pt\/?p=5290#article\",\"isPartOf\":{\"@id\":\"https:\/\/terrasdebasto.pt\/?p=5290\"},\"author\":{\"name\":\"Jo\u00e3o Paulo Mesquita\",\"@id\":\"https:\/\/terrasdebasto.pt\/#\/schema\/person\/9f6739f5394ac65c802641773b278b84\"},\"headline\":\"D. S\u00e9rgio Dinis: \u00abolhemos uns pelos outros\u00bb\",\"datePublished\":\"2025-12-11T02:09:10+00:00\",\"mainEntityOfPage\":{\"@id\":\"https:\/\/terrasdebasto.pt\/?p=5290\"},\"wordCount\":1148,\"commentCount\":0,\"publisher\":{\"@id\":\"https:\/\/terrasdebasto.pt\/#organization\"},\"image\":{\"@id\":\"https:\/\/terrasdebasto.pt\/?p=5290#primaryimage\"},\"thumbnailUrl\":\"https:\/\/terrasdebasto.pt\/wp-content\/uploads\/2025\/12\/FOTO-03-D.-SERGIO-DINIS.jpg\",\"keywords\":[\"BISPO DAS FOR\u00c7AS ARMADAS\",\"D. S\u00c9RGIO DINIS\",\"ERMELO\",\"Mondim de Basto\",\"ORDINARIATO CASTRENSE\"],\"articleSection\":[\"Cabeceiras de Basto\",\"Celorico de Basto\",\"Cultura\",\"Mondim de Basto\",\"Ribeira de Pena\",\"Terras de Basto\"],\"inLanguage\":\"pt-PT\",\"potentialAction\":[{\"@type\":\"CommentAction\",\"name\":\"Comment\",\"target\":[\"https:\/\/terrasdebasto.pt\/?p=5290#respond\"]}]},{\"@type\":\"WebPage\",\"@id\":\"https:\/\/terrasdebasto.pt\/?p=5290\",\"url\":\"https:\/\/terrasdebasto.pt\/?p=5290\",\"name\":\"D. S\u00e9rgio Dinis: \u00abolhemos uns pelos outros\u00bb - Jornal Terras de Basto\",\"isPartOf\":{\"@id\":\"https:\/\/terrasdebasto.pt\/#website\"},\"primaryImageOfPage\":{\"@id\":\"https:\/\/terrasdebasto.pt\/?p=5290#primaryimage\"},\"image\":{\"@id\":\"https:\/\/terrasdebasto.pt\/?p=5290#primaryimage\"},\"thumbnailUrl\":\"https:\/\/terrasdebasto.pt\/wp-content\/uploads\/2025\/12\/FOTO-03-D.-SERGIO-DINIS.jpg\",\"datePublished\":\"2025-12-11T02:09:10+00:00\",\"description\":\"\u00abOlhemos uns pelos outros\u00bb. Este \u00e9 um pedido natal\u00edcio do bispo das For\u00e7as Armadas. D. S\u00e9rgio Dinis \u2013 natural de Ermelo, em Mondim de Basto \u2013 assumiu no in\u00edcio deste ano o Ordinariato Castrense, designa\u00e7\u00e3o para a presen\u00e7a da Igreja Cat\u00f3lica junto dos militares. \u00c9 ele o entrevistado do Terras de Basto nesta edi\u00e7\u00e3o a caminho do Natal. \u00abNa nossa vida de servi\u00e7o h\u00e1 quem carregue lutas silenciosas e pobreza escondida. Cuidemos do outro que vive ao nosso lado. Uma palavra, um gesto, uma ajuda pode ser luz para algu\u00e9m\u00bb, diz.\",\"breadcrumb\":{\"@id\":\"https:\/\/terrasdebasto.pt\/?p=5290#breadcrumb\"},\"inLanguage\":\"pt-PT\",\"potentialAction\":[{\"@type\":\"ReadAction\",\"target\":[\"https:\/\/terrasdebasto.pt\/?p=5290\"]}]},{\"@type\":\"ImageObject\",\"inLanguage\":\"pt-PT\",\"@id\":\"https:\/\/terrasdebasto.pt\/?p=5290#primaryimage\",\"url\":\"https:\/\/terrasdebasto.pt\/wp-content\/uploads\/2025\/12\/FOTO-03-D.-SERGIO-DINIS.jpg\",\"contentUrl\":\"https:\/\/terrasdebasto.pt\/wp-content\/uploads\/2025\/12\/FOTO-03-D.-SERGIO-DINIS.jpg\",\"width\":586,\"height\":618},{\"@type\":\"BreadcrumbList\",\"@id\":\"https:\/\/terrasdebasto.pt\/?p=5290#breadcrumb\",\"itemListElement\":[{\"@type\":\"ListItem\",\"position\":1,\"name\":\"In\u00edcio\",\"item\":\"https:\/\/terrasdebasto.pt\/\"},{\"@type\":\"ListItem\",\"position\":2,\"name\":\"D. S\u00e9rgio Dinis: \u00abolhemos uns pelos outros\u00bb\"}]},{\"@type\":\"WebSite\",\"@id\":\"https:\/\/terrasdebasto.pt\/#website\",\"url\":\"https:\/\/terrasdebasto.pt\/\",\"name\":\"Jornal Terras de Basto\",\"description\":\"\",\"publisher\":{\"@id\":\"https:\/\/terrasdebasto.pt\/#organization\"},\"potentialAction\":[{\"@type\":\"SearchAction\",\"target\":{\"@type\":\"EntryPoint\",\"urlTemplate\":\"https:\/\/terrasdebasto.pt\/?s={search_term_string}\"},\"query-input\":{\"@type\":\"PropertyValueSpecification\",\"valueRequired\":true,\"valueName\":\"search_term_string\"}}],\"inLanguage\":\"pt-PT\"},{\"@type\":\"Organization\",\"@id\":\"https:\/\/terrasdebasto.pt\/#organization\",\"name\":\"Jornal Terras de Basto\",\"url\":\"https:\/\/terrasdebasto.pt\/\",\"logo\":{\"@type\":\"ImageObject\",\"inLanguage\":\"pt-PT\",\"@id\":\"https:\/\/terrasdebasto.pt\/#\/schema\/logo\/image\/\",\"url\":\"https:\/\/terrasdebasto.pt\/wp-content\/uploads\/2024\/06\/LogoNormal.png\",\"contentUrl\":\"https:\/\/terrasdebasto.pt\/wp-content\/uploads\/2024\/06\/LogoNormal.png\",\"width\":5638,\"height\":809,\"caption\":\"Jornal Terras de Basto\"},\"image\":{\"@id\":\"https:\/\/terrasdebasto.pt\/#\/schema\/logo\/image\/\"}},{\"@type\":\"Person\",\"@id\":\"https:\/\/terrasdebasto.pt\/#\/schema\/person\/9f6739f5394ac65c802641773b278b84\",\"name\":\"Jo\u00e3o Paulo Mesquita\",\"image\":{\"@type\":\"ImageObject\",\"inLanguage\":\"pt-PT\",\"@id\":\"https:\/\/terrasdebasto.pt\/#\/schema\/person\/image\/\",\"url\":\"https:\/\/secure.gravatar.com\/avatar\/9bd0f299e6d96336664aab64354168246a3ee3287c47891c50d450e47ed9d7f9?s=96&d=mm&r=g\",\"contentUrl\":\"https:\/\/secure.gravatar.com\/avatar\/9bd0f299e6d96336664aab64354168246a3ee3287c47891c50d450e47ed9d7f9?s=96&d=mm&r=g\",\"caption\":\"Jo\u00e3o Paulo Mesquita\"},\"url\":\"https:\/\/terrasdebasto.pt\/?author=7\"}]}<\/script>\n<!-- \/ Yoast SEO plugin. -->","yoast_head_json":{"title":"D. S\u00e9rgio Dinis: \u00abolhemos uns pelos outros\u00bb - Jornal Terras de Basto","description":"\u00abOlhemos uns pelos outros\u00bb. Este \u00e9 um pedido natal\u00edcio do bispo das For\u00e7as Armadas. D. S\u00e9rgio Dinis \u2013 natural de Ermelo, em Mondim de Basto \u2013 assumiu no in\u00edcio deste ano o Ordinariato Castrense, designa\u00e7\u00e3o para a presen\u00e7a da Igreja Cat\u00f3lica junto dos militares. \u00c9 ele o entrevistado do Terras de Basto nesta edi\u00e7\u00e3o a caminho do Natal. \u00abNa nossa vida de servi\u00e7o h\u00e1 quem carregue lutas silenciosas e pobreza escondida. Cuidemos do outro que vive ao nosso lado. Uma palavra, um gesto, uma ajuda pode ser luz para algu\u00e9m\u00bb, diz.","robots":{"index":"index","follow":"follow","max-snippet":"max-snippet:-1","max-image-preview":"max-image-preview:large","max-video-preview":"max-video-preview:-1"},"canonical":"https:\/\/terrasdebasto.pt\/?p=5290","og_locale":"pt_PT","og_type":"article","og_title":"D. S\u00e9rgio Dinis: \u00abolhemos uns pelos outros\u00bb - Jornal Terras de Basto","og_description":"\u00abOlhemos uns pelos outros\u00bb. Este \u00e9 um pedido natal\u00edcio do bispo das For\u00e7as Armadas. D. S\u00e9rgio Dinis \u2013 natural de Ermelo, em Mondim de Basto \u2013 assumiu no in\u00edcio deste ano o Ordinariato Castrense, designa\u00e7\u00e3o para a presen\u00e7a da Igreja Cat\u00f3lica junto dos militares. \u00c9 ele o entrevistado do Terras de Basto nesta edi\u00e7\u00e3o a caminho do Natal. \u00abNa nossa vida de servi\u00e7o h\u00e1 quem carregue lutas silenciosas e pobreza escondida. Cuidemos do outro que vive ao nosso lado. Uma palavra, um gesto, uma ajuda pode ser luz para algu\u00e9m\u00bb, diz.","og_url":"https:\/\/terrasdebasto.pt\/?p=5290","og_site_name":"Jornal Terras de Basto","article_published_time":"2025-12-11T02:09:10+00:00","og_image":[{"width":586,"height":618,"url":"https:\/\/terrasdebasto.pt\/wp-content\/uploads\/2025\/12\/FOTO-03-D.-SERGIO-DINIS.jpg","type":"image\/jpeg"}],"author":"Jo\u00e3o Paulo Mesquita","twitter_card":"summary_large_image","twitter_misc":{"Escrito por":"Jo\u00e3o Paulo Mesquita","Tempo estimado de leitura":"8 minutos"},"schema":{"@context":"https:\/\/schema.org","@graph":[{"@type":"Article","@id":"https:\/\/terrasdebasto.pt\/?p=5290#article","isPartOf":{"@id":"https:\/\/terrasdebasto.pt\/?p=5290"},"author":{"name":"Jo\u00e3o Paulo Mesquita","@id":"https:\/\/terrasdebasto.pt\/#\/schema\/person\/9f6739f5394ac65c802641773b278b84"},"headline":"D. S\u00e9rgio Dinis: \u00abolhemos uns pelos outros\u00bb","datePublished":"2025-12-11T02:09:10+00:00","mainEntityOfPage":{"@id":"https:\/\/terrasdebasto.pt\/?p=5290"},"wordCount":1148,"commentCount":0,"publisher":{"@id":"https:\/\/terrasdebasto.pt\/#organization"},"image":{"@id":"https:\/\/terrasdebasto.pt\/?p=5290#primaryimage"},"thumbnailUrl":"https:\/\/terrasdebasto.pt\/wp-content\/uploads\/2025\/12\/FOTO-03-D.-SERGIO-DINIS.jpg","keywords":["BISPO DAS FOR\u00c7AS ARMADAS","D. S\u00c9RGIO DINIS","ERMELO","Mondim de Basto","ORDINARIATO CASTRENSE"],"articleSection":["Cabeceiras de Basto","Celorico de Basto","Cultura","Mondim de Basto","Ribeira de Pena","Terras de Basto"],"inLanguage":"pt-PT","potentialAction":[{"@type":"CommentAction","name":"Comment","target":["https:\/\/terrasdebasto.pt\/?p=5290#respond"]}]},{"@type":"WebPage","@id":"https:\/\/terrasdebasto.pt\/?p=5290","url":"https:\/\/terrasdebasto.pt\/?p=5290","name":"D. S\u00e9rgio Dinis: \u00abolhemos uns pelos outros\u00bb - Jornal Terras de Basto","isPartOf":{"@id":"https:\/\/terrasdebasto.pt\/#website"},"primaryImageOfPage":{"@id":"https:\/\/terrasdebasto.pt\/?p=5290#primaryimage"},"image":{"@id":"https:\/\/terrasdebasto.pt\/?p=5290#primaryimage"},"thumbnailUrl":"https:\/\/terrasdebasto.pt\/wp-content\/uploads\/2025\/12\/FOTO-03-D.-SERGIO-DINIS.jpg","datePublished":"2025-12-11T02:09:10+00:00","description":"\u00abOlhemos uns pelos outros\u00bb. Este \u00e9 um pedido natal\u00edcio do bispo das For\u00e7as Armadas. D. S\u00e9rgio Dinis \u2013 natural de Ermelo, em Mondim de Basto \u2013 assumiu no in\u00edcio deste ano o Ordinariato Castrense, designa\u00e7\u00e3o para a presen\u00e7a da Igreja Cat\u00f3lica junto dos militares. \u00c9 ele o entrevistado do Terras de Basto nesta edi\u00e7\u00e3o a caminho do Natal. \u00abNa nossa vida de servi\u00e7o h\u00e1 quem carregue lutas silenciosas e pobreza escondida. Cuidemos do outro que vive ao nosso lado. Uma palavra, um gesto, uma ajuda pode ser luz para algu\u00e9m\u00bb, diz.","breadcrumb":{"@id":"https:\/\/terrasdebasto.pt\/?p=5290#breadcrumb"},"inLanguage":"pt-PT","potentialAction":[{"@type":"ReadAction","target":["https:\/\/terrasdebasto.pt\/?p=5290"]}]},{"@type":"ImageObject","inLanguage":"pt-PT","@id":"https:\/\/terrasdebasto.pt\/?p=5290#primaryimage","url":"https:\/\/terrasdebasto.pt\/wp-content\/uploads\/2025\/12\/FOTO-03-D.-SERGIO-DINIS.jpg","contentUrl":"https:\/\/terrasdebasto.pt\/wp-content\/uploads\/2025\/12\/FOTO-03-D.-SERGIO-DINIS.jpg","width":586,"height":618},{"@type":"BreadcrumbList","@id":"https:\/\/terrasdebasto.pt\/?p=5290#breadcrumb","itemListElement":[{"@type":"ListItem","position":1,"name":"In\u00edcio","item":"https:\/\/terrasdebasto.pt\/"},{"@type":"ListItem","position":2,"name":"D. S\u00e9rgio Dinis: \u00abolhemos uns pelos outros\u00bb"}]},{"@type":"WebSite","@id":"https:\/\/terrasdebasto.pt\/#website","url":"https:\/\/terrasdebasto.pt\/","name":"Jornal Terras de Basto","description":"","publisher":{"@id":"https:\/\/terrasdebasto.pt\/#organization"},"potentialAction":[{"@type":"SearchAction","target":{"@type":"EntryPoint","urlTemplate":"https:\/\/terrasdebasto.pt\/?s={search_term_string}"},"query-input":{"@type":"PropertyValueSpecification","valueRequired":true,"valueName":"search_term_string"}}],"inLanguage":"pt-PT"},{"@type":"Organization","@id":"https:\/\/terrasdebasto.pt\/#organization","name":"Jornal Terras de Basto","url":"https:\/\/terrasdebasto.pt\/","logo":{"@type":"ImageObject","inLanguage":"pt-PT","@id":"https:\/\/terrasdebasto.pt\/#\/schema\/logo\/image\/","url":"https:\/\/terrasdebasto.pt\/wp-content\/uploads\/2024\/06\/LogoNormal.png","contentUrl":"https:\/\/terrasdebasto.pt\/wp-content\/uploads\/2024\/06\/LogoNormal.png","width":5638,"height":809,"caption":"Jornal Terras de Basto"},"image":{"@id":"https:\/\/terrasdebasto.pt\/#\/schema\/logo\/image\/"}},{"@type":"Person","@id":"https:\/\/terrasdebasto.pt\/#\/schema\/person\/9f6739f5394ac65c802641773b278b84","name":"Jo\u00e3o Paulo Mesquita","image":{"@type":"ImageObject","inLanguage":"pt-PT","@id":"https:\/\/terrasdebasto.pt\/#\/schema\/person\/image\/","url":"https:\/\/secure.gravatar.com\/avatar\/9bd0f299e6d96336664aab64354168246a3ee3287c47891c50d450e47ed9d7f9?s=96&d=mm&r=g","contentUrl":"https:\/\/secure.gravatar.com\/avatar\/9bd0f299e6d96336664aab64354168246a3ee3287c47891c50d450e47ed9d7f9?s=96&d=mm&r=g","caption":"Jo\u00e3o Paulo Mesquita"},"url":"https:\/\/terrasdebasto.pt\/?author=7"}]}},"_links":{"self":[{"href":"https:\/\/terrasdebasto.pt\/index.php?rest_route=\/wp\/v2\/posts\/5290","targetHints":{"allow":["GET"]}}],"collection":[{"href":"https:\/\/terrasdebasto.pt\/index.php?rest_route=\/wp\/v2\/posts"}],"about":[{"href":"https:\/\/terrasdebasto.pt\/index.php?rest_route=\/wp\/v2\/types\/post"}],"author":[{"embeddable":true,"href":"https:\/\/terrasdebasto.pt\/index.php?rest_route=\/wp\/v2\/users\/7"}],"replies":[{"embeddable":true,"href":"https:\/\/terrasdebasto.pt\/index.php?rest_route=%2Fwp%2Fv2%2Fcomments&post=5290"}],"version-history":[{"count":1,"href":"https:\/\/terrasdebasto.pt\/index.php?rest_route=\/wp\/v2\/posts\/5290\/revisions"}],"predecessor-version":[{"id":5299,"href":"https:\/\/terrasdebasto.pt\/index.php?rest_route=\/wp\/v2\/posts\/5290\/revisions\/5299"}],"wp:featuredmedia":[{"embeddable":true,"href":"https:\/\/terrasdebasto.pt\/index.php?rest_route=\/wp\/v2\/media\/5292"}],"wp:attachment":[{"href":"https:\/\/terrasdebasto.pt\/index.php?rest_route=%2Fwp%2Fv2%2Fmedia&parent=5290"}],"wp:term":[{"taxonomy":"category","embeddable":true,"href":"https:\/\/terrasdebasto.pt\/index.php?rest_route=%2Fwp%2Fv2%2Fcategories&post=5290"},{"taxonomy":"post_tag","embeddable":true,"href":"https:\/\/terrasdebasto.pt\/index.php?rest_route=%2Fwp%2Fv2%2Ftags&post=5290"}],"curies":[{"name":"wp","href":"https:\/\/api.w.org\/{rel}","templated":true}]}}