{"id":5286,"date":"2025-12-11T00:48:05","date_gmt":"2025-12-11T00:48:05","guid":{"rendered":"https:\/\/terrasdebasto.pt\/?p=5286"},"modified":"2025-12-11T00:48:06","modified_gmt":"2025-12-11T00:48:06","slug":"bispos-encerram-visita-pastoral-a-celorico-de-basto","status":"publish","type":"post","link":"https:\/\/terrasdebasto.pt\/?p=5286","title":{"rendered":"Bispos encerram visita pastoral a Celorico de Basto"},"content":{"rendered":"\n<p><\/p>\n\n\n\n<p><strong>A tomada de posse dos conselhos pastorais paroquiais de Celorico de Basto vai marcar, este domingo (14), na igreja do Mosteiro de Arnoia, a cerim\u00f3nia de encerramento da visita pastoral ao arciprestado, momento especialmente significativo para as comunidades cat\u00f3licas da regi\u00e3o.<\/strong><\/p>\n\n\n\n<p>De acordo com fonte do arciprestado, a celebra\u00e7\u00e3o congrega os tr\u00eas bispos bracarenses \u2013 o arcebispo Jos\u00e9 Cordeiro e os bispos-auxiliares Delfim Gomes e N\u00e9lio Pita \u2013 e inicia-se \u00e0s 15h00, com um tempo a \u201cOra\u00e7\u00e3o de V\u00e9speras\u201d, \u00abseguindo a linha espiritual vivida na abertura da visita e convidando os fi\u00e9is \u00e0 reflex\u00e3o e \u00e0 comunh\u00e3o\u00bb.<\/p>\n\n\n\n<p>A Arquidiocese de Braga sublinha, a prop\u00f3sito, a recente aprova\u00e7\u00e3o dos novos Estatutos do Conselho Pastoral Arquidiocesano, documento que reafirma \u00abo compromisso com a corresponsabilidade dos fi\u00e9is e com a renova\u00e7\u00e3o da miss\u00e3o evangelizadora\u00bb.<\/p>\n\n\n\n<p>Os Estatutos agora promulgados s\u00e3o fruto de um processo alargado de escuta e participa\u00e7\u00e3o, que integrou os contributos dos membros do CPA e os pareceres dos diversos \u00f3rg\u00e3os arquidiocesanos de discernimento.<\/p>\n\n\n\n<p>A 25 de novembro \u2013 recorde-se \u2013 realizou-se em Famalic\u00e3o a quarta assembleia arquidiocesana, durante a qual foram apresentados os novos membros do CPA, entre os quais se incluem dois celoricenses: Hugo Peixoto Henriques, reconduzido como representante do arciprestado, e Ricardo Martins, nomeado pelo Departamento dos Movimentos e Obras, para o pr\u00f3ximo quinqu\u00e9nio.<\/p>\n\n\n\n<p>A celebra\u00e7\u00e3o no Mosteiro de Arnoia encerra a visita pastoral a Celorico de Basto, que fica marcada pela \u00abproximidade, di\u00e1logo e presen\u00e7a ativa do episcopado, refor\u00e7ando o compromisso conjunto de evangeliza\u00e7\u00e3o no arciprestado de Celorico de Basto\u00bb.<\/p>\n\n\n\n<figure class=\"wp-block-gallery has-nested-images columns-default is-cropped wp-block-gallery-1 is-layout-flex wp-block-gallery-is-layout-flex\">\n<figure class=\"wp-block-image size-large\"><img loading=\"lazy\" decoding=\"async\" width=\"1024\" height=\"584\" data-id=\"5288\" src=\"https:\/\/terrasdebasto.pt\/wp-content\/uploads\/2025\/12\/Assembleia-Braga1-1024x584.jpeg\" alt=\"\" class=\"wp-image-5288\" srcset=\"https:\/\/terrasdebasto.pt\/wp-content\/uploads\/2025\/12\/Assembleia-Braga1-1024x584.jpeg 1024w, https:\/\/terrasdebasto.pt\/wp-content\/uploads\/2025\/12\/Assembleia-Braga1-300x171.jpeg 300w, https:\/\/terrasdebasto.pt\/wp-content\/uploads\/2025\/12\/Assembleia-Braga1-768x438.jpeg 768w, https:\/\/terrasdebasto.pt\/wp-content\/uploads\/2025\/12\/Assembleia-Braga1-1536x875.jpeg 1536w, https:\/\/terrasdebasto.pt\/wp-content\/uploads\/2025\/12\/Assembleia-Braga1-150x85.jpeg 150w, https:\/\/terrasdebasto.pt\/wp-content\/uploads\/2025\/12\/Assembleia-Braga1-696x397.jpeg 696w, https:\/\/terrasdebasto.pt\/wp-content\/uploads\/2025\/12\/Assembleia-Braga1-1068x609.jpeg 1068w, https:\/\/terrasdebasto.pt\/wp-content\/uploads\/2025\/12\/Assembleia-Braga1.jpeg 1881w\" sizes=\"auto, (max-width: 1024px) 100vw, 1024px\" \/><\/figure>\n<\/figure>\n","protected":false},"excerpt":{"rendered":"<p>A tomada de posse dos conselhos pastorais paroquiais de Celorico de Basto vai marcar, este domingo (14), na igreja do Mosteiro de Arnoia, a cerim\u00f3nia de encerramento da visita pastoral ao arciprestado, momento especialmente significativo para as comunidades cat\u00f3licas da regi\u00e3o. De acordo com fonte do arciprestado, a celebra\u00e7\u00e3o congrega os tr\u00eas bispos bracarenses \u2013 [&hellip;]<\/p>\n","protected":false},"author":7,"featured_media":5287,"comment_status":"open","ping_status":"open","sticky":false,"template":"","format":"standard","meta":{"footnotes":""},"categories":[13,9],"tags":[177,963,1263,136,1262,1264,1085],"class_list":{"0":"post-5286","1":"post","2":"type-post","3":"status-publish","4":"format-standard","5":"has-post-thumbnail","7":"category-celorico-de-basto","8":"category-terras-de-basto","9":"tag-arciprestado-de-celorico-de-basto","10":"tag-arquidiocese-de-braga","11":"tag-delfim-gomes","12":"tag-igreja-catolica","13":"tag-jose-cordeiro","14":"tag-nelio-pita","15":"tag-visita-pastoral"},"yoast_head":"<!-- This site is optimized with the Yoast SEO plugin v25.7 - https:\/\/yoast.com\/wordpress\/plugins\/seo\/ -->\n<title>Bispos encerram visita pastoral a Celorico de Basto - Jornal Terras de Basto<\/title>\n<meta name=\"description\" content=\"A tomada de posse dos conselhos pastorais paroquiais de Celorico de Basto vai marcar, este domingo (14), na igreja do Mosteiro de Arnoia, a cerim\u00f3nia de encerramento da visita pastoral ao arciprestado, momento especialmente significativo para as comunidades cat\u00f3licas da regi\u00e3o.\" \/>\n<meta name=\"robots\" content=\"index, follow, max-snippet:-1, max-image-preview:large, max-video-preview:-1\" \/>\n<link rel=\"canonical\" href=\"https:\/\/terrasdebasto.pt\/?p=5286\" \/>\n<meta property=\"og:locale\" content=\"pt_PT\" \/>\n<meta property=\"og:type\" content=\"article\" \/>\n<meta property=\"og:title\" content=\"Bispos encerram visita pastoral a Celorico de Basto - Jornal Terras de Basto\" \/>\n<meta property=\"og:description\" content=\"A tomada de posse dos conselhos pastorais paroquiais de Celorico de Basto vai marcar, este domingo (14), na igreja do Mosteiro de Arnoia, a cerim\u00f3nia de encerramento da visita pastoral ao arciprestado, momento especialmente significativo para as comunidades cat\u00f3licas da regi\u00e3o.\" \/>\n<meta property=\"og:url\" content=\"https:\/\/terrasdebasto.pt\/?p=5286\" \/>\n<meta property=\"og:site_name\" content=\"Jornal Terras de Basto\" \/>\n<meta property=\"article:published_time\" content=\"2025-12-11T00:48:05+00:00\" \/>\n<meta property=\"article:modified_time\" content=\"2025-12-11T00:48:06+00:00\" \/>\n<meta property=\"og:image\" content=\"https:\/\/terrasdebasto.pt\/wp-content\/uploads\/2025\/12\/ARCEBISPO-DE-BRAGA-2.jpg\" \/>\n\t<meta property=\"og:image:width\" content=\"779\" \/>\n\t<meta property=\"og:image:height\" content=\"767\" \/>\n\t<meta property=\"og:image:type\" content=\"image\/jpeg\" \/>\n<meta name=\"author\" content=\"Jo\u00e3o Paulo Mesquita\" \/>\n<meta name=\"twitter:card\" content=\"summary_large_image\" \/>\n<meta name=\"twitter:label1\" content=\"Escrito por\" \/>\n\t<meta name=\"twitter:data1\" content=\"Jo\u00e3o Paulo Mesquita\" \/>\n\t<meta name=\"twitter:label2\" content=\"Tempo estimado de leitura\" \/>\n\t<meta name=\"twitter:data2\" content=\"2 minutos\" \/>\n<script type=\"application\/ld+json\" class=\"yoast-schema-graph\">{\"@context\":\"https:\/\/schema.org\",\"@graph\":[{\"@type\":\"Article\",\"@id\":\"https:\/\/terrasdebasto.pt\/?p=5286#article\",\"isPartOf\":{\"@id\":\"https:\/\/terrasdebasto.pt\/?p=5286\"},\"author\":{\"name\":\"Jo\u00e3o Paulo Mesquita\",\"@id\":\"https:\/\/terrasdebasto.pt\/#\/schema\/person\/9f6739f5394ac65c802641773b278b84\"},\"headline\":\"Bispos encerram visita pastoral a Celorico de Basto\",\"datePublished\":\"2025-12-11T00:48:05+00:00\",\"dateModified\":\"2025-12-11T00:48:06+00:00\",\"mainEntityOfPage\":{\"@id\":\"https:\/\/terrasdebasto.pt\/?p=5286\"},\"wordCount\":279,\"commentCount\":0,\"publisher\":{\"@id\":\"https:\/\/terrasdebasto.pt\/#organization\"},\"image\":{\"@id\":\"https:\/\/terrasdebasto.pt\/?p=5286#primaryimage\"},\"thumbnailUrl\":\"https:\/\/terrasdebasto.pt\/wp-content\/uploads\/2025\/12\/ARCEBISPO-DE-BRAGA-2.jpg\",\"keywords\":[\"Arciprestado de Celorico de Basto\",\"Arquidiocese de Braga\",\"Delfim Gomes\",\"Igreja Cat\u00f3lica\",\"Jos\u00e9 Cordeiro\",\"N\u00e9lio Pita\",\"Visita Pastoral\"],\"articleSection\":[\"Celorico de Basto\",\"Terras de Basto\"],\"inLanguage\":\"pt-PT\",\"potentialAction\":[{\"@type\":\"CommentAction\",\"name\":\"Comment\",\"target\":[\"https:\/\/terrasdebasto.pt\/?p=5286#respond\"]}]},{\"@type\":\"WebPage\",\"@id\":\"https:\/\/terrasdebasto.pt\/?p=5286\",\"url\":\"https:\/\/terrasdebasto.pt\/?p=5286\",\"name\":\"Bispos encerram visita pastoral a Celorico de Basto - Jornal Terras de Basto\",\"isPartOf\":{\"@id\":\"https:\/\/terrasdebasto.pt\/#website\"},\"primaryImageOfPage\":{\"@id\":\"https:\/\/terrasdebasto.pt\/?p=5286#primaryimage\"},\"image\":{\"@id\":\"https:\/\/terrasdebasto.pt\/?p=5286#primaryimage\"},\"thumbnailUrl\":\"https:\/\/terrasdebasto.pt\/wp-content\/uploads\/2025\/12\/ARCEBISPO-DE-BRAGA-2.jpg\",\"datePublished\":\"2025-12-11T00:48:05+00:00\",\"dateModified\":\"2025-12-11T00:48:06+00:00\",\"description\":\"A tomada de posse dos conselhos pastorais paroquiais de Celorico de Basto vai marcar, este domingo (14), na igreja do Mosteiro de Arnoia, a cerim\u00f3nia de encerramento da visita pastoral ao arciprestado, momento especialmente significativo para as comunidades cat\u00f3licas da regi\u00e3o.\",\"breadcrumb\":{\"@id\":\"https:\/\/terrasdebasto.pt\/?p=5286#breadcrumb\"},\"inLanguage\":\"pt-PT\",\"potentialAction\":[{\"@type\":\"ReadAction\",\"target\":[\"https:\/\/terrasdebasto.pt\/?p=5286\"]}]},{\"@type\":\"ImageObject\",\"inLanguage\":\"pt-PT\",\"@id\":\"https:\/\/terrasdebasto.pt\/?p=5286#primaryimage\",\"url\":\"https:\/\/terrasdebasto.pt\/wp-content\/uploads\/2025\/12\/ARCEBISPO-DE-BRAGA-2.jpg\",\"contentUrl\":\"https:\/\/terrasdebasto.pt\/wp-content\/uploads\/2025\/12\/ARCEBISPO-DE-BRAGA-2.jpg\",\"width\":779,\"height\":767},{\"@type\":\"BreadcrumbList\",\"@id\":\"https:\/\/terrasdebasto.pt\/?p=5286#breadcrumb\",\"itemListElement\":[{\"@type\":\"ListItem\",\"position\":1,\"name\":\"In\u00edcio\",\"item\":\"https:\/\/terrasdebasto.pt\/\"},{\"@type\":\"ListItem\",\"position\":2,\"name\":\"Bispos encerram visita pastoral a Celorico de Basto\"}]},{\"@type\":\"WebSite\",\"@id\":\"https:\/\/terrasdebasto.pt\/#website\",\"url\":\"https:\/\/terrasdebasto.pt\/\",\"name\":\"Jornal Terras de Basto\",\"description\":\"\",\"publisher\":{\"@id\":\"https:\/\/terrasdebasto.pt\/#organization\"},\"potentialAction\":[{\"@type\":\"SearchAction\",\"target\":{\"@type\":\"EntryPoint\",\"urlTemplate\":\"https:\/\/terrasdebasto.pt\/?s={search_term_string}\"},\"query-input\":{\"@type\":\"PropertyValueSpecification\",\"valueRequired\":true,\"valueName\":\"search_term_string\"}}],\"inLanguage\":\"pt-PT\"},{\"@type\":\"Organization\",\"@id\":\"https:\/\/terrasdebasto.pt\/#organization\",\"name\":\"Jornal Terras de Basto\",\"url\":\"https:\/\/terrasdebasto.pt\/\",\"logo\":{\"@type\":\"ImageObject\",\"inLanguage\":\"pt-PT\",\"@id\":\"https:\/\/terrasdebasto.pt\/#\/schema\/logo\/image\/\",\"url\":\"https:\/\/terrasdebasto.pt\/wp-content\/uploads\/2024\/06\/LogoNormal.png\",\"contentUrl\":\"https:\/\/terrasdebasto.pt\/wp-content\/uploads\/2024\/06\/LogoNormal.png\",\"width\":5638,\"height\":809,\"caption\":\"Jornal Terras de Basto\"},\"image\":{\"@id\":\"https:\/\/terrasdebasto.pt\/#\/schema\/logo\/image\/\"}},{\"@type\":\"Person\",\"@id\":\"https:\/\/terrasdebasto.pt\/#\/schema\/person\/9f6739f5394ac65c802641773b278b84\",\"name\":\"Jo\u00e3o Paulo Mesquita\",\"image\":{\"@type\":\"ImageObject\",\"inLanguage\":\"pt-PT\",\"@id\":\"https:\/\/terrasdebasto.pt\/#\/schema\/person\/image\/\",\"url\":\"https:\/\/secure.gravatar.com\/avatar\/9bd0f299e6d96336664aab64354168246a3ee3287c47891c50d450e47ed9d7f9?s=96&d=mm&r=g\",\"contentUrl\":\"https:\/\/secure.gravatar.com\/avatar\/9bd0f299e6d96336664aab64354168246a3ee3287c47891c50d450e47ed9d7f9?s=96&d=mm&r=g\",\"caption\":\"Jo\u00e3o Paulo Mesquita\"},\"url\":\"https:\/\/terrasdebasto.pt\/?author=7\"}]}<\/script>\n<!-- \/ Yoast SEO plugin. -->","yoast_head_json":{"title":"Bispos encerram visita pastoral a Celorico de Basto - Jornal Terras de Basto","description":"A tomada de posse dos conselhos pastorais paroquiais de Celorico de Basto vai marcar, este domingo (14), na igreja do Mosteiro de Arnoia, a cerim\u00f3nia de encerramento da visita pastoral ao arciprestado, momento especialmente significativo para as comunidades cat\u00f3licas da regi\u00e3o.","robots":{"index":"index","follow":"follow","max-snippet":"max-snippet:-1","max-image-preview":"max-image-preview:large","max-video-preview":"max-video-preview:-1"},"canonical":"https:\/\/terrasdebasto.pt\/?p=5286","og_locale":"pt_PT","og_type":"article","og_title":"Bispos encerram visita pastoral a Celorico de Basto - Jornal Terras de Basto","og_description":"A tomada de posse dos conselhos pastorais paroquiais de Celorico de Basto vai marcar, este domingo (14), na igreja do Mosteiro de Arnoia, a cerim\u00f3nia de encerramento da visita pastoral ao arciprestado, momento especialmente significativo para as comunidades cat\u00f3licas da regi\u00e3o.","og_url":"https:\/\/terrasdebasto.pt\/?p=5286","og_site_name":"Jornal Terras de Basto","article_published_time":"2025-12-11T00:48:05+00:00","article_modified_time":"2025-12-11T00:48:06+00:00","og_image":[{"width":779,"height":767,"url":"https:\/\/terrasdebasto.pt\/wp-content\/uploads\/2025\/12\/ARCEBISPO-DE-BRAGA-2.jpg","type":"image\/jpeg"}],"author":"Jo\u00e3o Paulo Mesquita","twitter_card":"summary_large_image","twitter_misc":{"Escrito por":"Jo\u00e3o Paulo Mesquita","Tempo estimado de leitura":"2 minutos"},"schema":{"@context":"https:\/\/schema.org","@graph":[{"@type":"Article","@id":"https:\/\/terrasdebasto.pt\/?p=5286#article","isPartOf":{"@id":"https:\/\/terrasdebasto.pt\/?p=5286"},"author":{"name":"Jo\u00e3o Paulo Mesquita","@id":"https:\/\/terrasdebasto.pt\/#\/schema\/person\/9f6739f5394ac65c802641773b278b84"},"headline":"Bispos encerram visita pastoral a Celorico de Basto","datePublished":"2025-12-11T00:48:05+00:00","dateModified":"2025-12-11T00:48:06+00:00","mainEntityOfPage":{"@id":"https:\/\/terrasdebasto.pt\/?p=5286"},"wordCount":279,"commentCount":0,"publisher":{"@id":"https:\/\/terrasdebasto.pt\/#organization"},"image":{"@id":"https:\/\/terrasdebasto.pt\/?p=5286#primaryimage"},"thumbnailUrl":"https:\/\/terrasdebasto.pt\/wp-content\/uploads\/2025\/12\/ARCEBISPO-DE-BRAGA-2.jpg","keywords":["Arciprestado de Celorico de Basto","Arquidiocese de Braga","Delfim Gomes","Igreja Cat\u00f3lica","Jos\u00e9 Cordeiro","N\u00e9lio Pita","Visita Pastoral"],"articleSection":["Celorico de Basto","Terras de Basto"],"inLanguage":"pt-PT","potentialAction":[{"@type":"CommentAction","name":"Comment","target":["https:\/\/terrasdebasto.pt\/?p=5286#respond"]}]},{"@type":"WebPage","@id":"https:\/\/terrasdebasto.pt\/?p=5286","url":"https:\/\/terrasdebasto.pt\/?p=5286","name":"Bispos encerram visita pastoral a Celorico de Basto - Jornal Terras de Basto","isPartOf":{"@id":"https:\/\/terrasdebasto.pt\/#website"},"primaryImageOfPage":{"@id":"https:\/\/terrasdebasto.pt\/?p=5286#primaryimage"},"image":{"@id":"https:\/\/terrasdebasto.pt\/?p=5286#primaryimage"},"thumbnailUrl":"https:\/\/terrasdebasto.pt\/wp-content\/uploads\/2025\/12\/ARCEBISPO-DE-BRAGA-2.jpg","datePublished":"2025-12-11T00:48:05+00:00","dateModified":"2025-12-11T00:48:06+00:00","description":"A tomada de posse dos conselhos pastorais paroquiais de Celorico de Basto vai marcar, este domingo (14), na igreja do Mosteiro de Arnoia, a cerim\u00f3nia de encerramento da visita pastoral ao arciprestado, momento especialmente significativo para as comunidades cat\u00f3licas da regi\u00e3o.","breadcrumb":{"@id":"https:\/\/terrasdebasto.pt\/?p=5286#breadcrumb"},"inLanguage":"pt-PT","potentialAction":[{"@type":"ReadAction","target":["https:\/\/terrasdebasto.pt\/?p=5286"]}]},{"@type":"ImageObject","inLanguage":"pt-PT","@id":"https:\/\/terrasdebasto.pt\/?p=5286#primaryimage","url":"https:\/\/terrasdebasto.pt\/wp-content\/uploads\/2025\/12\/ARCEBISPO-DE-BRAGA-2.jpg","contentUrl":"https:\/\/terrasdebasto.pt\/wp-content\/uploads\/2025\/12\/ARCEBISPO-DE-BRAGA-2.jpg","width":779,"height":767},{"@type":"BreadcrumbList","@id":"https:\/\/terrasdebasto.pt\/?p=5286#breadcrumb","itemListElement":[{"@type":"ListItem","position":1,"name":"In\u00edcio","item":"https:\/\/terrasdebasto.pt\/"},{"@type":"ListItem","position":2,"name":"Bispos encerram visita pastoral a Celorico de Basto"}]},{"@type":"WebSite","@id":"https:\/\/terrasdebasto.pt\/#website","url":"https:\/\/terrasdebasto.pt\/","name":"Jornal Terras de Basto","description":"","publisher":{"@id":"https:\/\/terrasdebasto.pt\/#organization"},"potentialAction":[{"@type":"SearchAction","target":{"@type":"EntryPoint","urlTemplate":"https:\/\/terrasdebasto.pt\/?s={search_term_string}"},"query-input":{"@type":"PropertyValueSpecification","valueRequired":true,"valueName":"search_term_string"}}],"inLanguage":"pt-PT"},{"@type":"Organization","@id":"https:\/\/terrasdebasto.pt\/#organization","name":"Jornal Terras de Basto","url":"https:\/\/terrasdebasto.pt\/","logo":{"@type":"ImageObject","inLanguage":"pt-PT","@id":"https:\/\/terrasdebasto.pt\/#\/schema\/logo\/image\/","url":"https:\/\/terrasdebasto.pt\/wp-content\/uploads\/2024\/06\/LogoNormal.png","contentUrl":"https:\/\/terrasdebasto.pt\/wp-content\/uploads\/2024\/06\/LogoNormal.png","width":5638,"height":809,"caption":"Jornal Terras de Basto"},"image":{"@id":"https:\/\/terrasdebasto.pt\/#\/schema\/logo\/image\/"}},{"@type":"Person","@id":"https:\/\/terrasdebasto.pt\/#\/schema\/person\/9f6739f5394ac65c802641773b278b84","name":"Jo\u00e3o Paulo Mesquita","image":{"@type":"ImageObject","inLanguage":"pt-PT","@id":"https:\/\/terrasdebasto.pt\/#\/schema\/person\/image\/","url":"https:\/\/secure.gravatar.com\/avatar\/9bd0f299e6d96336664aab64354168246a3ee3287c47891c50d450e47ed9d7f9?s=96&d=mm&r=g","contentUrl":"https:\/\/secure.gravatar.com\/avatar\/9bd0f299e6d96336664aab64354168246a3ee3287c47891c50d450e47ed9d7f9?s=96&d=mm&r=g","caption":"Jo\u00e3o Paulo Mesquita"},"url":"https:\/\/terrasdebasto.pt\/?author=7"}]}},"_links":{"self":[{"href":"https:\/\/terrasdebasto.pt\/index.php?rest_route=\/wp\/v2\/posts\/5286","targetHints":{"allow":["GET"]}}],"collection":[{"href":"https:\/\/terrasdebasto.pt\/index.php?rest_route=\/wp\/v2\/posts"}],"about":[{"href":"https:\/\/terrasdebasto.pt\/index.php?rest_route=\/wp\/v2\/types\/post"}],"author":[{"embeddable":true,"href":"https:\/\/terrasdebasto.pt\/index.php?rest_route=\/wp\/v2\/users\/7"}],"replies":[{"embeddable":true,"href":"https:\/\/terrasdebasto.pt\/index.php?rest_route=%2Fwp%2Fv2%2Fcomments&post=5286"}],"version-history":[{"count":1,"href":"https:\/\/terrasdebasto.pt\/index.php?rest_route=\/wp\/v2\/posts\/5286\/revisions"}],"predecessor-version":[{"id":5289,"href":"https:\/\/terrasdebasto.pt\/index.php?rest_route=\/wp\/v2\/posts\/5286\/revisions\/5289"}],"wp:featuredmedia":[{"embeddable":true,"href":"https:\/\/terrasdebasto.pt\/index.php?rest_route=\/wp\/v2\/media\/5287"}],"wp:attachment":[{"href":"https:\/\/terrasdebasto.pt\/index.php?rest_route=%2Fwp%2Fv2%2Fmedia&parent=5286"}],"wp:term":[{"taxonomy":"category","embeddable":true,"href":"https:\/\/terrasdebasto.pt\/index.php?rest_route=%2Fwp%2Fv2%2Fcategories&post=5286"},{"taxonomy":"post_tag","embeddable":true,"href":"https:\/\/terrasdebasto.pt\/index.php?rest_route=%2Fwp%2Fv2%2Ftags&post=5286"}],"curies":[{"name":"wp","href":"https:\/\/api.w.org\/{rel}","templated":true}]}}