{"id":5283,"date":"2025-12-11T00:21:02","date_gmt":"2025-12-11T00:21:02","guid":{"rendered":"https:\/\/terrasdebasto.pt\/?p=5283"},"modified":"2025-12-11T00:21:02","modified_gmt":"2025-12-11T00:21:02","slug":"mais-uma-otima-edicao-do-terras-de-basto-19","status":"publish","type":"post","link":"https:\/\/terrasdebasto.pt\/?p=5283","title":{"rendered":"Mais uma \u00f3tima edi\u00e7\u00e3o do Terras de Basto"},"content":{"rendered":"\n<p><\/p>\n\n\n\n<p><strong>A opera\u00e7\u00e3o \u201cPuro Verde\u201d levada a cabo, h\u00e1 dias, pela Pol\u00edcia judici\u00e1ria e que se consumou na deten\u00e7\u00e3o de quatro funcion\u00e1rios da Comiss\u00e3o de Viticultura da Regi\u00e3o dos Vinhos Verdes e quatro empres\u00e1rios do setor \u2013 entre eles, um de Celorico de Basto \u2013 faz o primeiro destaque de capa de mais uma \u00f3tima edi\u00e7\u00e3o do Terras de Basto, agora a sair para distribui\u00e7\u00e3o. Conforme noticiamos, os detidos s\u00e3o suspeitos de corrup\u00e7\u00e3o na atribui\u00e7\u00e3o da \u201cdenomina\u00e7\u00e3o de origem\u201d a produtos vin\u00edcolas. A opera\u00e7\u00e3o decorreu na zona norte do pa\u00eds e foram feitas 21 buscas domicili\u00e1rias e n\u00e3o domicili\u00e1rias.<\/strong><\/p>\n\n\n\n<p>Mas o principal destaque de primeira p\u00e1gina vai para uma entrevista natal\u00edcia com D. S\u00e9rgio Dinis, o bispo das For\u00e7as Armadas. \u00c9 natural das Terras de Basto, concretamente de Ermelo, em Mondim de Basto, onde vem habitualmente em visita \u00e0 fam\u00edlia. \u00abOlhemos uns pelos outros\u00bb. Este \u00e9 um pedido natal\u00edcio do prelado mondinense, que tutela desde o in\u00edcio deste ano o Ordinariato Castrense, designa\u00e7\u00e3o para a presen\u00e7a da Igreja Cat\u00f3lica junto dos militares. \u00c9 ele o entrevistado do Terras de Basto nesta edi\u00e7\u00e3o a caminho do Natal. \u00abNa nossa vida de servi\u00e7o h\u00e1 quem carregue lutas silenciosas e pobreza escondida. Cuidemos do outro que vive ao nosso lado. Uma palavra, um gesto, uma ajuda pode ser luz para algu\u00e9m\u00bb, diz D. S\u00e9rgio Dinis.<\/p>\n\n\n\n<p>Passamos depois por Cabeceiras de Basto, onde continuam atribulados os tempos para os socialistas locais. O facto mais recente foi mesmo a substitui\u00e7\u00e3o do l\u00edder \u2013 o vereador Fernando Basto \u2013 pelo nome seguinte na lista da comiss\u00e3o pol\u00edtica, a ex-vereadora Carla Lousada. Mas tudo continua na mesma \u2013 dizem.<\/p>\n\n\n\n<p>Ainda em Celorico de Basto, passamos pela geografia camiliana, isto quando o concelho assinala o bicenten\u00e1rio de Camilo Castelo Branco e quando \u00e9 publicada um sobre a tem\u00e1tica, que passa em revisita o concelho atrav\u00e9s das refer\u00eancias dispersas na obra do escritor.<\/p>\n\n\n\n<p>Em Ribeira de Pena, a refer\u00eancia \u00e9 o futebolista Rom\u00e1rio Cunha, um dos grandes rostos da conquista hist\u00f3rica de Portugal no Campeonato do Mundo de Futebol para Sub-17, disputado no Qatar. O jovem guarda-redes terminou o torneio como o menos batido e recebeu a \u201cluva de ouro\u201d.<\/p>\n\n\n\n<p>E s\u00e3o estes os t\u00edtulos que fazem a capa de mais uma \u00f3tima edi\u00e7\u00e3o do Terras de Basto, distribu\u00eddo a partir desta quinta-feira, 11 de dezembro. Tenha boas leituras.<\/p>\n\n\n\n<p><strong><em>Jo\u00e3o Paulo Mesquita, diretor<\/em><\/strong><\/p>\n","protected":false},"excerpt":{"rendered":"<p>A opera\u00e7\u00e3o \u201cPuro Verde\u201d levada a cabo, h\u00e1 dias, pela Pol\u00edcia judici\u00e1ria e que se consumou na deten\u00e7\u00e3o de quatro funcion\u00e1rios da Comiss\u00e3o de Viticultura da Regi\u00e3o dos Vinhos Verdes e quatro empres\u00e1rios do setor \u2013 entre eles, um de Celorico de Basto \u2013 faz o primeiro destaque de capa de mais uma \u00f3tima edi\u00e7\u00e3o [&hellip;]<\/p>\n","protected":false},"author":7,"featured_media":5284,"comment_status":"open","ping_status":"open","sticky":false,"template":"","format":"standard","meta":{"footnotes":""},"categories":[12,13,7,8,11,28,2,14,16,26,10,15,9],"tags":[1164,1037,502,230],"class_list":{"0":"post-5283","1":"post","2":"type-post","3":"status-publish","4":"format-standard","5":"has-post-thumbnail","7":"category-cabeceiras-de-basto","8":"category-celorico-de-basto","9":"category-cultura","10":"category-desporto","11":"category-educacao","12":"category-entrevista","13":"category-featured","14":"category-gastronomia","15":"category-mondim-de-basto","16":"category-ribeira-de-pena","17":"category-saude","18":"category-technology","19":"category-terras-de-basto","20":"tag-comunicacao-social","21":"tag-imprensa-de-basto","22":"tag-jornal-terras-de-basto","23":"tag-terras-de-basto"},"yoast_head":"<!-- This site is optimized with the Yoast SEO plugin v25.7 - https:\/\/yoast.com\/wordpress\/plugins\/seo\/ -->\n<title>Mais uma \u00f3tima edi\u00e7\u00e3o do Terras de Basto - Jornal Terras de Basto<\/title>\n<meta name=\"description\" content=\"A opera\u00e7\u00e3o \u201cPuro Verde\u201d levada a cabo, h\u00e1 dias, pela Pol\u00edcia judici\u00e1ria e que se consumou na deten\u00e7\u00e3o de quatro funcion\u00e1rios da Comiss\u00e3o de Viticultura da Regi\u00e3o dos Vinhos Verdes e quatro empres\u00e1rios do setor \u2013 entre eles, um de Celorico de Basto \u2013 faz o primeiro destaque de capa de mais uma \u00f3tima edi\u00e7\u00e3o do Terras de Basto, agora a sair para distribui\u00e7\u00e3o. Conforme noticiamos, os detidos s\u00e3o suspeitos de corrup\u00e7\u00e3o na atribui\u00e7\u00e3o da \u201cdenomina\u00e7\u00e3o de origem\u201d a produtos vin\u00edcolas. A opera\u00e7\u00e3o decorreu na zona norte do pa\u00eds e foram feitas 21 buscas domicili\u00e1rias e n\u00e3o domicili\u00e1rias.\" \/>\n<meta name=\"robots\" content=\"index, follow, max-snippet:-1, max-image-preview:large, max-video-preview:-1\" \/>\n<link rel=\"canonical\" href=\"https:\/\/terrasdebasto.pt\/?p=5283\" \/>\n<meta property=\"og:locale\" content=\"pt_PT\" \/>\n<meta property=\"og:type\" content=\"article\" \/>\n<meta property=\"og:title\" content=\"Mais uma \u00f3tima edi\u00e7\u00e3o do Terras de Basto - Jornal Terras de Basto\" \/>\n<meta property=\"og:description\" content=\"A opera\u00e7\u00e3o \u201cPuro Verde\u201d levada a cabo, h\u00e1 dias, pela Pol\u00edcia judici\u00e1ria e que se consumou na deten\u00e7\u00e3o de quatro funcion\u00e1rios da Comiss\u00e3o de Viticultura da Regi\u00e3o dos Vinhos Verdes e quatro empres\u00e1rios do setor \u2013 entre eles, um de Celorico de Basto \u2013 faz o primeiro destaque de capa de mais uma \u00f3tima edi\u00e7\u00e3o do Terras de Basto, agora a sair para distribui\u00e7\u00e3o. Conforme noticiamos, os detidos s\u00e3o suspeitos de corrup\u00e7\u00e3o na atribui\u00e7\u00e3o da \u201cdenomina\u00e7\u00e3o de origem\u201d a produtos vin\u00edcolas. A opera\u00e7\u00e3o decorreu na zona norte do pa\u00eds e foram feitas 21 buscas domicili\u00e1rias e n\u00e3o domicili\u00e1rias.\" \/>\n<meta property=\"og:url\" content=\"https:\/\/terrasdebasto.pt\/?p=5283\" \/>\n<meta property=\"og:site_name\" content=\"Jornal Terras de Basto\" \/>\n<meta property=\"article:published_time\" content=\"2025-12-11T00:21:02+00:00\" \/>\n<meta property=\"og:image\" content=\"https:\/\/terrasdebasto.pt\/wp-content\/uploads\/2025\/12\/CAPA-TB-11.12.25.jpg\" \/>\n\t<meta property=\"og:image:width\" content=\"1054\" \/>\n\t<meta property=\"og:image:height\" content=\"1280\" \/>\n\t<meta property=\"og:image:type\" content=\"image\/jpeg\" \/>\n<meta name=\"author\" content=\"Jo\u00e3o Paulo Mesquita\" \/>\n<meta name=\"twitter:card\" content=\"summary_large_image\" \/>\n<meta name=\"twitter:label1\" content=\"Escrito por\" \/>\n\t<meta name=\"twitter:data1\" content=\"Jo\u00e3o Paulo Mesquita\" \/>\n\t<meta name=\"twitter:label2\" content=\"Tempo estimado de leitura\" \/>\n\t<meta name=\"twitter:data2\" content=\"3 minutos\" \/>\n<script type=\"application\/ld+json\" class=\"yoast-schema-graph\">{\"@context\":\"https:\/\/schema.org\",\"@graph\":[{\"@type\":\"Article\",\"@id\":\"https:\/\/terrasdebasto.pt\/?p=5283#article\",\"isPartOf\":{\"@id\":\"https:\/\/terrasdebasto.pt\/?p=5283\"},\"author\":{\"name\":\"Jo\u00e3o Paulo Mesquita\",\"@id\":\"https:\/\/terrasdebasto.pt\/#\/schema\/person\/9f6739f5394ac65c802641773b278b84\"},\"headline\":\"Mais uma \u00f3tima edi\u00e7\u00e3o do Terras de Basto\",\"datePublished\":\"2025-12-11T00:21:02+00:00\",\"mainEntityOfPage\":{\"@id\":\"https:\/\/terrasdebasto.pt\/?p=5283\"},\"wordCount\":439,\"commentCount\":0,\"publisher\":{\"@id\":\"https:\/\/terrasdebasto.pt\/#organization\"},\"image\":{\"@id\":\"https:\/\/terrasdebasto.pt\/?p=5283#primaryimage\"},\"thumbnailUrl\":\"https:\/\/terrasdebasto.pt\/wp-content\/uploads\/2025\/12\/CAPA-TB-11.12.25.jpg\",\"keywords\":[\"Comunica\u00e7\u00e3o Social\",\"Imprensa de Basto\",\"Jornal Terras de Basto\",\"Terras de Basto\"],\"articleSection\":[\"Cabeceiras de Basto\",\"Celorico de Basto\",\"Cultura\",\"Desporto\",\"Educa\u00e7\u00e3o\",\"Entrevista\",\"Featured\",\"Gastronomia\",\"Mondim de Basto\",\"Ribeira de Pena\",\"Sa\u00fade\",\"Tecnologia\",\"Terras de Basto\"],\"inLanguage\":\"pt-PT\",\"potentialAction\":[{\"@type\":\"CommentAction\",\"name\":\"Comment\",\"target\":[\"https:\/\/terrasdebasto.pt\/?p=5283#respond\"]}]},{\"@type\":\"WebPage\",\"@id\":\"https:\/\/terrasdebasto.pt\/?p=5283\",\"url\":\"https:\/\/terrasdebasto.pt\/?p=5283\",\"name\":\"Mais uma \u00f3tima edi\u00e7\u00e3o do Terras de Basto - Jornal Terras de Basto\",\"isPartOf\":{\"@id\":\"https:\/\/terrasdebasto.pt\/#website\"},\"primaryImageOfPage\":{\"@id\":\"https:\/\/terrasdebasto.pt\/?p=5283#primaryimage\"},\"image\":{\"@id\":\"https:\/\/terrasdebasto.pt\/?p=5283#primaryimage\"},\"thumbnailUrl\":\"https:\/\/terrasdebasto.pt\/wp-content\/uploads\/2025\/12\/CAPA-TB-11.12.25.jpg\",\"datePublished\":\"2025-12-11T00:21:02+00:00\",\"description\":\"A opera\u00e7\u00e3o \u201cPuro Verde\u201d levada a cabo, h\u00e1 dias, pela Pol\u00edcia judici\u00e1ria e que se consumou na deten\u00e7\u00e3o de quatro funcion\u00e1rios da Comiss\u00e3o de Viticultura da Regi\u00e3o dos Vinhos Verdes e quatro empres\u00e1rios do setor \u2013 entre eles, um de Celorico de Basto \u2013 faz o primeiro destaque de capa de mais uma \u00f3tima edi\u00e7\u00e3o do Terras de Basto, agora a sair para distribui\u00e7\u00e3o. Conforme noticiamos, os detidos s\u00e3o suspeitos de corrup\u00e7\u00e3o na atribui\u00e7\u00e3o da \u201cdenomina\u00e7\u00e3o de origem\u201d a produtos vin\u00edcolas. A opera\u00e7\u00e3o decorreu na zona norte do pa\u00eds e foram feitas 21 buscas domicili\u00e1rias e n\u00e3o domicili\u00e1rias.\",\"breadcrumb\":{\"@id\":\"https:\/\/terrasdebasto.pt\/?p=5283#breadcrumb\"},\"inLanguage\":\"pt-PT\",\"potentialAction\":[{\"@type\":\"ReadAction\",\"target\":[\"https:\/\/terrasdebasto.pt\/?p=5283\"]}]},{\"@type\":\"ImageObject\",\"inLanguage\":\"pt-PT\",\"@id\":\"https:\/\/terrasdebasto.pt\/?p=5283#primaryimage\",\"url\":\"https:\/\/terrasdebasto.pt\/wp-content\/uploads\/2025\/12\/CAPA-TB-11.12.25.jpg\",\"contentUrl\":\"https:\/\/terrasdebasto.pt\/wp-content\/uploads\/2025\/12\/CAPA-TB-11.12.25.jpg\",\"width\":1054,\"height\":1280},{\"@type\":\"BreadcrumbList\",\"@id\":\"https:\/\/terrasdebasto.pt\/?p=5283#breadcrumb\",\"itemListElement\":[{\"@type\":\"ListItem\",\"position\":1,\"name\":\"In\u00edcio\",\"item\":\"https:\/\/terrasdebasto.pt\/\"},{\"@type\":\"ListItem\",\"position\":2,\"name\":\"Mais uma \u00f3tima edi\u00e7\u00e3o do Terras de Basto\"}]},{\"@type\":\"WebSite\",\"@id\":\"https:\/\/terrasdebasto.pt\/#website\",\"url\":\"https:\/\/terrasdebasto.pt\/\",\"name\":\"Jornal Terras de Basto\",\"description\":\"\",\"publisher\":{\"@id\":\"https:\/\/terrasdebasto.pt\/#organization\"},\"potentialAction\":[{\"@type\":\"SearchAction\",\"target\":{\"@type\":\"EntryPoint\",\"urlTemplate\":\"https:\/\/terrasdebasto.pt\/?s={search_term_string}\"},\"query-input\":{\"@type\":\"PropertyValueSpecification\",\"valueRequired\":true,\"valueName\":\"search_term_string\"}}],\"inLanguage\":\"pt-PT\"},{\"@type\":\"Organization\",\"@id\":\"https:\/\/terrasdebasto.pt\/#organization\",\"name\":\"Jornal Terras de Basto\",\"url\":\"https:\/\/terrasdebasto.pt\/\",\"logo\":{\"@type\":\"ImageObject\",\"inLanguage\":\"pt-PT\",\"@id\":\"https:\/\/terrasdebasto.pt\/#\/schema\/logo\/image\/\",\"url\":\"https:\/\/terrasdebasto.pt\/wp-content\/uploads\/2024\/06\/LogoNormal.png\",\"contentUrl\":\"https:\/\/terrasdebasto.pt\/wp-content\/uploads\/2024\/06\/LogoNormal.png\",\"width\":5638,\"height\":809,\"caption\":\"Jornal Terras de Basto\"},\"image\":{\"@id\":\"https:\/\/terrasdebasto.pt\/#\/schema\/logo\/image\/\"}},{\"@type\":\"Person\",\"@id\":\"https:\/\/terrasdebasto.pt\/#\/schema\/person\/9f6739f5394ac65c802641773b278b84\",\"name\":\"Jo\u00e3o Paulo Mesquita\",\"image\":{\"@type\":\"ImageObject\",\"inLanguage\":\"pt-PT\",\"@id\":\"https:\/\/terrasdebasto.pt\/#\/schema\/person\/image\/\",\"url\":\"https:\/\/secure.gravatar.com\/avatar\/9bd0f299e6d96336664aab64354168246a3ee3287c47891c50d450e47ed9d7f9?s=96&d=mm&r=g\",\"contentUrl\":\"https:\/\/secure.gravatar.com\/avatar\/9bd0f299e6d96336664aab64354168246a3ee3287c47891c50d450e47ed9d7f9?s=96&d=mm&r=g\",\"caption\":\"Jo\u00e3o Paulo Mesquita\"},\"url\":\"https:\/\/terrasdebasto.pt\/?author=7\"}]}<\/script>\n<!-- \/ Yoast SEO plugin. -->","yoast_head_json":{"title":"Mais uma \u00f3tima edi\u00e7\u00e3o do Terras de Basto - Jornal Terras de Basto","description":"A opera\u00e7\u00e3o \u201cPuro Verde\u201d levada a cabo, h\u00e1 dias, pela Pol\u00edcia judici\u00e1ria e que se consumou na deten\u00e7\u00e3o de quatro funcion\u00e1rios da Comiss\u00e3o de Viticultura da Regi\u00e3o dos Vinhos Verdes e quatro empres\u00e1rios do setor \u2013 entre eles, um de Celorico de Basto \u2013 faz o primeiro destaque de capa de mais uma \u00f3tima edi\u00e7\u00e3o do Terras de Basto, agora a sair para distribui\u00e7\u00e3o. Conforme noticiamos, os detidos s\u00e3o suspeitos de corrup\u00e7\u00e3o na atribui\u00e7\u00e3o da \u201cdenomina\u00e7\u00e3o de origem\u201d a produtos vin\u00edcolas. A opera\u00e7\u00e3o decorreu na zona norte do pa\u00eds e foram feitas 21 buscas domicili\u00e1rias e n\u00e3o domicili\u00e1rias.","robots":{"index":"index","follow":"follow","max-snippet":"max-snippet:-1","max-image-preview":"max-image-preview:large","max-video-preview":"max-video-preview:-1"},"canonical":"https:\/\/terrasdebasto.pt\/?p=5283","og_locale":"pt_PT","og_type":"article","og_title":"Mais uma \u00f3tima edi\u00e7\u00e3o do Terras de Basto - Jornal Terras de Basto","og_description":"A opera\u00e7\u00e3o \u201cPuro Verde\u201d levada a cabo, h\u00e1 dias, pela Pol\u00edcia judici\u00e1ria e que se consumou na deten\u00e7\u00e3o de quatro funcion\u00e1rios da Comiss\u00e3o de Viticultura da Regi\u00e3o dos Vinhos Verdes e quatro empres\u00e1rios do setor \u2013 entre eles, um de Celorico de Basto \u2013 faz o primeiro destaque de capa de mais uma \u00f3tima edi\u00e7\u00e3o do Terras de Basto, agora a sair para distribui\u00e7\u00e3o. Conforme noticiamos, os detidos s\u00e3o suspeitos de corrup\u00e7\u00e3o na atribui\u00e7\u00e3o da \u201cdenomina\u00e7\u00e3o de origem\u201d a produtos vin\u00edcolas. A opera\u00e7\u00e3o decorreu na zona norte do pa\u00eds e foram feitas 21 buscas domicili\u00e1rias e n\u00e3o domicili\u00e1rias.","og_url":"https:\/\/terrasdebasto.pt\/?p=5283","og_site_name":"Jornal Terras de Basto","article_published_time":"2025-12-11T00:21:02+00:00","og_image":[{"width":1054,"height":1280,"url":"https:\/\/terrasdebasto.pt\/wp-content\/uploads\/2025\/12\/CAPA-TB-11.12.25.jpg","type":"image\/jpeg"}],"author":"Jo\u00e3o Paulo Mesquita","twitter_card":"summary_large_image","twitter_misc":{"Escrito por":"Jo\u00e3o Paulo Mesquita","Tempo estimado de leitura":"3 minutos"},"schema":{"@context":"https:\/\/schema.org","@graph":[{"@type":"Article","@id":"https:\/\/terrasdebasto.pt\/?p=5283#article","isPartOf":{"@id":"https:\/\/terrasdebasto.pt\/?p=5283"},"author":{"name":"Jo\u00e3o Paulo Mesquita","@id":"https:\/\/terrasdebasto.pt\/#\/schema\/person\/9f6739f5394ac65c802641773b278b84"},"headline":"Mais uma \u00f3tima edi\u00e7\u00e3o do Terras de Basto","datePublished":"2025-12-11T00:21:02+00:00","mainEntityOfPage":{"@id":"https:\/\/terrasdebasto.pt\/?p=5283"},"wordCount":439,"commentCount":0,"publisher":{"@id":"https:\/\/terrasdebasto.pt\/#organization"},"image":{"@id":"https:\/\/terrasdebasto.pt\/?p=5283#primaryimage"},"thumbnailUrl":"https:\/\/terrasdebasto.pt\/wp-content\/uploads\/2025\/12\/CAPA-TB-11.12.25.jpg","keywords":["Comunica\u00e7\u00e3o Social","Imprensa de Basto","Jornal Terras de Basto","Terras de Basto"],"articleSection":["Cabeceiras de Basto","Celorico de Basto","Cultura","Desporto","Educa\u00e7\u00e3o","Entrevista","Featured","Gastronomia","Mondim de Basto","Ribeira de Pena","Sa\u00fade","Tecnologia","Terras de Basto"],"inLanguage":"pt-PT","potentialAction":[{"@type":"CommentAction","name":"Comment","target":["https:\/\/terrasdebasto.pt\/?p=5283#respond"]}]},{"@type":"WebPage","@id":"https:\/\/terrasdebasto.pt\/?p=5283","url":"https:\/\/terrasdebasto.pt\/?p=5283","name":"Mais uma \u00f3tima edi\u00e7\u00e3o do Terras de Basto - Jornal Terras de Basto","isPartOf":{"@id":"https:\/\/terrasdebasto.pt\/#website"},"primaryImageOfPage":{"@id":"https:\/\/terrasdebasto.pt\/?p=5283#primaryimage"},"image":{"@id":"https:\/\/terrasdebasto.pt\/?p=5283#primaryimage"},"thumbnailUrl":"https:\/\/terrasdebasto.pt\/wp-content\/uploads\/2025\/12\/CAPA-TB-11.12.25.jpg","datePublished":"2025-12-11T00:21:02+00:00","description":"A opera\u00e7\u00e3o \u201cPuro Verde\u201d levada a cabo, h\u00e1 dias, pela Pol\u00edcia judici\u00e1ria e que se consumou na deten\u00e7\u00e3o de quatro funcion\u00e1rios da Comiss\u00e3o de Viticultura da Regi\u00e3o dos Vinhos Verdes e quatro empres\u00e1rios do setor \u2013 entre eles, um de Celorico de Basto \u2013 faz o primeiro destaque de capa de mais uma \u00f3tima edi\u00e7\u00e3o do Terras de Basto, agora a sair para distribui\u00e7\u00e3o. Conforme noticiamos, os detidos s\u00e3o suspeitos de corrup\u00e7\u00e3o na atribui\u00e7\u00e3o da \u201cdenomina\u00e7\u00e3o de origem\u201d a produtos vin\u00edcolas. A opera\u00e7\u00e3o decorreu na zona norte do pa\u00eds e foram feitas 21 buscas domicili\u00e1rias e n\u00e3o domicili\u00e1rias.","breadcrumb":{"@id":"https:\/\/terrasdebasto.pt\/?p=5283#breadcrumb"},"inLanguage":"pt-PT","potentialAction":[{"@type":"ReadAction","target":["https:\/\/terrasdebasto.pt\/?p=5283"]}]},{"@type":"ImageObject","inLanguage":"pt-PT","@id":"https:\/\/terrasdebasto.pt\/?p=5283#primaryimage","url":"https:\/\/terrasdebasto.pt\/wp-content\/uploads\/2025\/12\/CAPA-TB-11.12.25.jpg","contentUrl":"https:\/\/terrasdebasto.pt\/wp-content\/uploads\/2025\/12\/CAPA-TB-11.12.25.jpg","width":1054,"height":1280},{"@type":"BreadcrumbList","@id":"https:\/\/terrasdebasto.pt\/?p=5283#breadcrumb","itemListElement":[{"@type":"ListItem","position":1,"name":"In\u00edcio","item":"https:\/\/terrasdebasto.pt\/"},{"@type":"ListItem","position":2,"name":"Mais uma \u00f3tima edi\u00e7\u00e3o do Terras de Basto"}]},{"@type":"WebSite","@id":"https:\/\/terrasdebasto.pt\/#website","url":"https:\/\/terrasdebasto.pt\/","name":"Jornal Terras de Basto","description":"","publisher":{"@id":"https:\/\/terrasdebasto.pt\/#organization"},"potentialAction":[{"@type":"SearchAction","target":{"@type":"EntryPoint","urlTemplate":"https:\/\/terrasdebasto.pt\/?s={search_term_string}"},"query-input":{"@type":"PropertyValueSpecification","valueRequired":true,"valueName":"search_term_string"}}],"inLanguage":"pt-PT"},{"@type":"Organization","@id":"https:\/\/terrasdebasto.pt\/#organization","name":"Jornal Terras de Basto","url":"https:\/\/terrasdebasto.pt\/","logo":{"@type":"ImageObject","inLanguage":"pt-PT","@id":"https:\/\/terrasdebasto.pt\/#\/schema\/logo\/image\/","url":"https:\/\/terrasdebasto.pt\/wp-content\/uploads\/2024\/06\/LogoNormal.png","contentUrl":"https:\/\/terrasdebasto.pt\/wp-content\/uploads\/2024\/06\/LogoNormal.png","width":5638,"height":809,"caption":"Jornal Terras de Basto"},"image":{"@id":"https:\/\/terrasdebasto.pt\/#\/schema\/logo\/image\/"}},{"@type":"Person","@id":"https:\/\/terrasdebasto.pt\/#\/schema\/person\/9f6739f5394ac65c802641773b278b84","name":"Jo\u00e3o Paulo Mesquita","image":{"@type":"ImageObject","inLanguage":"pt-PT","@id":"https:\/\/terrasdebasto.pt\/#\/schema\/person\/image\/","url":"https:\/\/secure.gravatar.com\/avatar\/9bd0f299e6d96336664aab64354168246a3ee3287c47891c50d450e47ed9d7f9?s=96&d=mm&r=g","contentUrl":"https:\/\/secure.gravatar.com\/avatar\/9bd0f299e6d96336664aab64354168246a3ee3287c47891c50d450e47ed9d7f9?s=96&d=mm&r=g","caption":"Jo\u00e3o Paulo Mesquita"},"url":"https:\/\/terrasdebasto.pt\/?author=7"}]}},"_links":{"self":[{"href":"https:\/\/terrasdebasto.pt\/index.php?rest_route=\/wp\/v2\/posts\/5283","targetHints":{"allow":["GET"]}}],"collection":[{"href":"https:\/\/terrasdebasto.pt\/index.php?rest_route=\/wp\/v2\/posts"}],"about":[{"href":"https:\/\/terrasdebasto.pt\/index.php?rest_route=\/wp\/v2\/types\/post"}],"author":[{"embeddable":true,"href":"https:\/\/terrasdebasto.pt\/index.php?rest_route=\/wp\/v2\/users\/7"}],"replies":[{"embeddable":true,"href":"https:\/\/terrasdebasto.pt\/index.php?rest_route=%2Fwp%2Fv2%2Fcomments&post=5283"}],"version-history":[{"count":1,"href":"https:\/\/terrasdebasto.pt\/index.php?rest_route=\/wp\/v2\/posts\/5283\/revisions"}],"predecessor-version":[{"id":5285,"href":"https:\/\/terrasdebasto.pt\/index.php?rest_route=\/wp\/v2\/posts\/5283\/revisions\/5285"}],"wp:featuredmedia":[{"embeddable":true,"href":"https:\/\/terrasdebasto.pt\/index.php?rest_route=\/wp\/v2\/media\/5284"}],"wp:attachment":[{"href":"https:\/\/terrasdebasto.pt\/index.php?rest_route=%2Fwp%2Fv2%2Fmedia&parent=5283"}],"wp:term":[{"taxonomy":"category","embeddable":true,"href":"https:\/\/terrasdebasto.pt\/index.php?rest_route=%2Fwp%2Fv2%2Fcategories&post=5283"},{"taxonomy":"post_tag","embeddable":true,"href":"https:\/\/terrasdebasto.pt\/index.php?rest_route=%2Fwp%2Fv2%2Ftags&post=5283"}],"curies":[{"name":"wp","href":"https:\/\/api.w.org\/{rel}","templated":true}]}}