{"id":5275,"date":"2025-12-05T21:13:09","date_gmt":"2025-12-05T21:13:09","guid":{"rendered":"https:\/\/terrasdebasto.pt\/?p=5275"},"modified":"2025-12-10T11:43:55","modified_gmt":"2025-12-10T11:43:55","slug":"mafia-do-vinho-verde-tribunal-decreta-caucao-a-empresarios-e-suspensao-de-funcionarios","status":"publish","type":"post","link":"https:\/\/terrasdebasto.pt\/?p=5275","title":{"rendered":"\u201cM\u00e1fia do vinho verde\u201d: tribunal decreta cau\u00e7\u00e3o a empres\u00e1rios e suspens\u00e3o de funcion\u00e1rios"},"content":{"rendered":"\n<p><\/p>\n\n\n\n<p><strong>O tribunal decretou, esta sexta-feira (5), a suspens\u00e3o de fun\u00e7\u00f5es dos funcion\u00e1rios da Comiss\u00e3o de Viticultura da Regi\u00e3o dos Vinhos Verdes (CVRVV) detidos por alegado favorecimento a empres\u00e1rios, na sequ\u00eancia da opera\u00e7\u00e3o \u201cPuro Verde\u201d desencadeada quarta-feira pela Pol\u00edcia Judici\u00e1ria.<\/strong><\/p>\n\n\n\n<p>Segundo fonte judicial citada pela ag\u00eancia Lusa, o Tribunal de Instru\u00e7\u00e3o Criminal do Porto, onde foram ouvidos em primeiro interrogat\u00f3rio, aos quatro funcion\u00e1rios da Divis\u00e3o de Fiscaliza\u00e7\u00e3o e Controlo da CRVV detidos foi dada a informa\u00e7\u00e3o de que ir\u00e3o ser suspensos, bem como as medidas de coa\u00e7\u00e3o de proibi\u00e7\u00e3o de contactos entre si e com os demais arguidos no processo.<\/p>\n\n\n\n<p>Das medidas de coa\u00e7\u00e3o, consta ainda a presta\u00e7\u00e3o de cau\u00e7\u00f5es pelos quatro empres\u00e1rios detidos no \u00e2mbito da mesma opera\u00e7\u00e3o, ficando um deles tamb\u00e9m sujeito \u00e0 obrigatoriedade de apresenta\u00e7\u00f5es peri\u00f3dicas \u00e0s autoridades, indicou a fonte.<\/p>\n\n\n\n<p>Na quarta-feira, foram realizadas pela Pol\u00edcia Judici\u00e1ria do Porto 21 buscas domicili\u00e1rias e n\u00e3o domicili\u00e1rias, incluindo na sede da CVRVV, no Porto, estando em causa \u00abum alegado esquema de conluio entre funcion\u00e1rios da comiss\u00e3o e empres\u00e1rios do setor vin\u00edcola, com vista ao favorecimento destes, designadamente, mediante a omiss\u00e3o dos deveres de fiscaliza\u00e7\u00e3o da origem e tr\u00e2nsito das uvas e seu dep\u00f3sito em adegas e produtores durante a vindima de 2025\u00bb.<\/p>\n\n\n\n<p>Foram detidos quatro funcion\u00e1rios da Divis\u00e3o de Fiscaliza\u00e7\u00e3o e Controlo da CVRVV e quatro empres\u00e1rios do setor de produ\u00e7\u00e3o e distribui\u00e7\u00e3o de vinhos verdes, tendo ainda sido constitu\u00eddos arguidos \u00ab17 pessoas singulares e coletivas e apreendidos bens em esp\u00e9cie e numer\u00e1rio\u00bb.<\/p>\n\n\n\n<p>Conforme o Terras de Basto noticiou, um dos empres\u00e1rios detidos e hoje levado ao juiz tem em Celorico de Basto a base dos seus neg\u00f3cios, sendo respons\u00e1vel pelo maior volume neg\u00f3cio de uvas na regi\u00e3o.<\/p>\n\n\n\n<p>A investiga\u00e7\u00e3o teve origem numa den\u00fancia an\u00f3nima e o objetivo dos suspeitos seria \u00abbeneficiar certos operadores econ\u00f3micos atrav\u00e9s da oferta e aceita\u00e7\u00e3o de vantagens, tanto em bens como em dinheiro\u00bb, e \u00abvisou detetar e recolher provas sobre o esquema referido, confirmar se houve viola\u00e7\u00e3o das regras da certifica\u00e7\u00e3o e impedimento do refor\u00e7o da fiscaliza\u00e7\u00e3o, vindo as pr\u00e1ticas detetadas a mostrar-se complexas e de muito dif\u00edcil dete\u00e7\u00e3o n\u00e3o obstante os esfor\u00e7os da Dire\u00e7\u00e3o da Comiss\u00e3o e de opera\u00e7\u00f5es especiais de fiscaliza\u00e7\u00e3o conduzidas pela GNR e ASAE\u00bb.<\/p>\n","protected":false},"excerpt":{"rendered":"<p>O tribunal decretou, esta sexta-feira (5), a suspens\u00e3o de fun\u00e7\u00f5es dos funcion\u00e1rios da Comiss\u00e3o de Viticultura da Regi\u00e3o dos Vinhos Verdes (CVRVV) detidos por alegado favorecimento a empres\u00e1rios, na sequ\u00eancia da opera\u00e7\u00e3o \u201cPuro Verde\u201d desencadeada quarta-feira pela Pol\u00edcia Judici\u00e1ria. Segundo fonte judicial citada pela ag\u00eancia Lusa, o Tribunal de Instru\u00e7\u00e3o Criminal do Porto, onde foram [&hellip;]<\/p>\n","protected":false},"author":7,"featured_media":0,"comment_status":"open","ping_status":"open","sticky":false,"template":"","format":"standard","meta":{"footnotes":""},"categories":[12,13,16,26,9],"tags":[1240,1258,1239],"class_list":{"0":"post-5275","1":"post","2":"type-post","3":"status-publish","4":"format-standard","6":"category-cabeceiras-de-basto","7":"category-celorico-de-basto","8":"category-mondim-de-basto","9":"category-ribeira-de-pena","10":"category-terras-de-basto","11":"tag-policia-judiciaria","12":"tag-puro-verde","13":"tag-vinho-verde"},"yoast_head":"<!-- This site is optimized with the Yoast SEO plugin v25.7 - https:\/\/yoast.com\/wordpress\/plugins\/seo\/ -->\n<title>\u201cM\u00e1fia do vinho verde\u201d: tribunal decreta cau\u00e7\u00e3o a empres\u00e1rios e suspens\u00e3o de funcion\u00e1rios - Jornal Terras de Basto<\/title>\n<meta name=\"description\" content=\"O tribunal decretou, esta sexta-feira (5), a suspens\u00e3o de fun\u00e7\u00f5es dos funcion\u00e1rios da Comiss\u00e3o de Viticultura da Regi\u00e3o dos Vinhos Verdes (CVRVV) detidos por alegado favorecimento a empres\u00e1rios, na sequ\u00eancia da opera\u00e7\u00e3o \u201cPuro Verde\u201d desencadeada quarta-feira pela Pol\u00edcia Judici\u00e1ria.\" \/>\n<meta name=\"robots\" content=\"index, follow, max-snippet:-1, max-image-preview:large, max-video-preview:-1\" \/>\n<link rel=\"canonical\" href=\"https:\/\/terrasdebasto.pt\/?p=5275\" \/>\n<meta property=\"og:locale\" content=\"pt_PT\" \/>\n<meta property=\"og:type\" content=\"article\" \/>\n<meta property=\"og:title\" content=\"\u201cM\u00e1fia do vinho verde\u201d: tribunal decreta cau\u00e7\u00e3o a empres\u00e1rios e suspens\u00e3o de funcion\u00e1rios - Jornal Terras de Basto\" \/>\n<meta property=\"og:description\" content=\"O tribunal decretou, esta sexta-feira (5), a suspens\u00e3o de fun\u00e7\u00f5es dos funcion\u00e1rios da Comiss\u00e3o de Viticultura da Regi\u00e3o dos Vinhos Verdes (CVRVV) detidos por alegado favorecimento a empres\u00e1rios, na sequ\u00eancia da opera\u00e7\u00e3o \u201cPuro Verde\u201d desencadeada quarta-feira pela Pol\u00edcia Judici\u00e1ria.\" \/>\n<meta property=\"og:url\" content=\"https:\/\/terrasdebasto.pt\/?p=5275\" \/>\n<meta property=\"og:site_name\" content=\"Jornal Terras de Basto\" \/>\n<meta property=\"article:published_time\" content=\"2025-12-05T21:13:09+00:00\" \/>\n<meta property=\"article:modified_time\" content=\"2025-12-10T11:43:55+00:00\" \/>\n<meta name=\"author\" content=\"Jo\u00e3o Paulo Mesquita\" \/>\n<meta name=\"twitter:card\" content=\"summary_large_image\" \/>\n<meta name=\"twitter:label1\" content=\"Escrito por\" \/>\n\t<meta name=\"twitter:data1\" content=\"Jo\u00e3o Paulo Mesquita\" \/>\n\t<meta name=\"twitter:label2\" content=\"Tempo estimado de leitura\" \/>\n\t<meta name=\"twitter:data2\" content=\"3 minutos\" \/>\n<script type=\"application\/ld+json\" class=\"yoast-schema-graph\">{\"@context\":\"https:\/\/schema.org\",\"@graph\":[{\"@type\":\"Article\",\"@id\":\"https:\/\/terrasdebasto.pt\/?p=5275#article\",\"isPartOf\":{\"@id\":\"https:\/\/terrasdebasto.pt\/?p=5275\"},\"author\":{\"name\":\"Jo\u00e3o Paulo Mesquita\",\"@id\":\"https:\/\/terrasdebasto.pt\/#\/schema\/person\/9f6739f5394ac65c802641773b278b84\"},\"headline\":\"\u201cM\u00e1fia do vinho verde\u201d: tribunal decreta cau\u00e7\u00e3o a empres\u00e1rios e suspens\u00e3o de funcion\u00e1rios\",\"datePublished\":\"2025-12-05T21:13:09+00:00\",\"dateModified\":\"2025-12-10T11:43:55+00:00\",\"mainEntityOfPage\":{\"@id\":\"https:\/\/terrasdebasto.pt\/?p=5275\"},\"wordCount\":451,\"commentCount\":0,\"publisher\":{\"@id\":\"https:\/\/terrasdebasto.pt\/#organization\"},\"keywords\":[\"Pol\u00edcia Judici\u00e1ria\",\"Puro Verde\",\"Vinho Verde\"],\"articleSection\":[\"Cabeceiras de Basto\",\"Celorico de Basto\",\"Mondim de Basto\",\"Ribeira de Pena\",\"Terras de Basto\"],\"inLanguage\":\"pt-PT\",\"potentialAction\":[{\"@type\":\"CommentAction\",\"name\":\"Comment\",\"target\":[\"https:\/\/terrasdebasto.pt\/?p=5275#respond\"]}]},{\"@type\":\"WebPage\",\"@id\":\"https:\/\/terrasdebasto.pt\/?p=5275\",\"url\":\"https:\/\/terrasdebasto.pt\/?p=5275\",\"name\":\"\u201cM\u00e1fia do vinho verde\u201d: tribunal decreta cau\u00e7\u00e3o a empres\u00e1rios e suspens\u00e3o de funcion\u00e1rios - Jornal Terras de Basto\",\"isPartOf\":{\"@id\":\"https:\/\/terrasdebasto.pt\/#website\"},\"datePublished\":\"2025-12-05T21:13:09+00:00\",\"dateModified\":\"2025-12-10T11:43:55+00:00\",\"description\":\"O tribunal decretou, esta sexta-feira (5), a suspens\u00e3o de fun\u00e7\u00f5es dos funcion\u00e1rios da Comiss\u00e3o de Viticultura da Regi\u00e3o dos Vinhos Verdes (CVRVV) detidos por alegado favorecimento a empres\u00e1rios, na sequ\u00eancia da opera\u00e7\u00e3o \u201cPuro Verde\u201d desencadeada quarta-feira pela Pol\u00edcia Judici\u00e1ria.\",\"breadcrumb\":{\"@id\":\"https:\/\/terrasdebasto.pt\/?p=5275#breadcrumb\"},\"inLanguage\":\"pt-PT\",\"potentialAction\":[{\"@type\":\"ReadAction\",\"target\":[\"https:\/\/terrasdebasto.pt\/?p=5275\"]}]},{\"@type\":\"BreadcrumbList\",\"@id\":\"https:\/\/terrasdebasto.pt\/?p=5275#breadcrumb\",\"itemListElement\":[{\"@type\":\"ListItem\",\"position\":1,\"name\":\"In\u00edcio\",\"item\":\"https:\/\/terrasdebasto.pt\/\"},{\"@type\":\"ListItem\",\"position\":2,\"name\":\"\u201cM\u00e1fia do vinho verde\u201d: tribunal decreta cau\u00e7\u00e3o a empres\u00e1rios e suspens\u00e3o de funcion\u00e1rios\"}]},{\"@type\":\"WebSite\",\"@id\":\"https:\/\/terrasdebasto.pt\/#website\",\"url\":\"https:\/\/terrasdebasto.pt\/\",\"name\":\"Jornal Terras de Basto\",\"description\":\"\",\"publisher\":{\"@id\":\"https:\/\/terrasdebasto.pt\/#organization\"},\"potentialAction\":[{\"@type\":\"SearchAction\",\"target\":{\"@type\":\"EntryPoint\",\"urlTemplate\":\"https:\/\/terrasdebasto.pt\/?s={search_term_string}\"},\"query-input\":{\"@type\":\"PropertyValueSpecification\",\"valueRequired\":true,\"valueName\":\"search_term_string\"}}],\"inLanguage\":\"pt-PT\"},{\"@type\":\"Organization\",\"@id\":\"https:\/\/terrasdebasto.pt\/#organization\",\"name\":\"Jornal Terras de Basto\",\"url\":\"https:\/\/terrasdebasto.pt\/\",\"logo\":{\"@type\":\"ImageObject\",\"inLanguage\":\"pt-PT\",\"@id\":\"https:\/\/terrasdebasto.pt\/#\/schema\/logo\/image\/\",\"url\":\"https:\/\/terrasdebasto.pt\/wp-content\/uploads\/2024\/06\/LogoNormal.png\",\"contentUrl\":\"https:\/\/terrasdebasto.pt\/wp-content\/uploads\/2024\/06\/LogoNormal.png\",\"width\":5638,\"height\":809,\"caption\":\"Jornal Terras de Basto\"},\"image\":{\"@id\":\"https:\/\/terrasdebasto.pt\/#\/schema\/logo\/image\/\"}},{\"@type\":\"Person\",\"@id\":\"https:\/\/terrasdebasto.pt\/#\/schema\/person\/9f6739f5394ac65c802641773b278b84\",\"name\":\"Jo\u00e3o Paulo Mesquita\",\"image\":{\"@type\":\"ImageObject\",\"inLanguage\":\"pt-PT\",\"@id\":\"https:\/\/terrasdebasto.pt\/#\/schema\/person\/image\/\",\"url\":\"https:\/\/secure.gravatar.com\/avatar\/9bd0f299e6d96336664aab64354168246a3ee3287c47891c50d450e47ed9d7f9?s=96&d=mm&r=g\",\"contentUrl\":\"https:\/\/secure.gravatar.com\/avatar\/9bd0f299e6d96336664aab64354168246a3ee3287c47891c50d450e47ed9d7f9?s=96&d=mm&r=g\",\"caption\":\"Jo\u00e3o Paulo Mesquita\"},\"url\":\"https:\/\/terrasdebasto.pt\/?author=7\"}]}<\/script>\n<!-- \/ Yoast SEO plugin. -->","yoast_head_json":{"title":"\u201cM\u00e1fia do vinho verde\u201d: tribunal decreta cau\u00e7\u00e3o a empres\u00e1rios e suspens\u00e3o de funcion\u00e1rios - Jornal Terras de Basto","description":"O tribunal decretou, esta sexta-feira (5), a suspens\u00e3o de fun\u00e7\u00f5es dos funcion\u00e1rios da Comiss\u00e3o de Viticultura da Regi\u00e3o dos Vinhos Verdes (CVRVV) detidos por alegado favorecimento a empres\u00e1rios, na sequ\u00eancia da opera\u00e7\u00e3o \u201cPuro Verde\u201d desencadeada quarta-feira pela Pol\u00edcia Judici\u00e1ria.","robots":{"index":"index","follow":"follow","max-snippet":"max-snippet:-1","max-image-preview":"max-image-preview:large","max-video-preview":"max-video-preview:-1"},"canonical":"https:\/\/terrasdebasto.pt\/?p=5275","og_locale":"pt_PT","og_type":"article","og_title":"\u201cM\u00e1fia do vinho verde\u201d: tribunal decreta cau\u00e7\u00e3o a empres\u00e1rios e suspens\u00e3o de funcion\u00e1rios - Jornal Terras de Basto","og_description":"O tribunal decretou, esta sexta-feira (5), a suspens\u00e3o de fun\u00e7\u00f5es dos funcion\u00e1rios da Comiss\u00e3o de Viticultura da Regi\u00e3o dos Vinhos Verdes (CVRVV) detidos por alegado favorecimento a empres\u00e1rios, na sequ\u00eancia da opera\u00e7\u00e3o \u201cPuro Verde\u201d desencadeada quarta-feira pela Pol\u00edcia Judici\u00e1ria.","og_url":"https:\/\/terrasdebasto.pt\/?p=5275","og_site_name":"Jornal Terras de Basto","article_published_time":"2025-12-05T21:13:09+00:00","article_modified_time":"2025-12-10T11:43:55+00:00","author":"Jo\u00e3o Paulo Mesquita","twitter_card":"summary_large_image","twitter_misc":{"Escrito por":"Jo\u00e3o Paulo Mesquita","Tempo estimado de leitura":"3 minutos"},"schema":{"@context":"https:\/\/schema.org","@graph":[{"@type":"Article","@id":"https:\/\/terrasdebasto.pt\/?p=5275#article","isPartOf":{"@id":"https:\/\/terrasdebasto.pt\/?p=5275"},"author":{"name":"Jo\u00e3o Paulo Mesquita","@id":"https:\/\/terrasdebasto.pt\/#\/schema\/person\/9f6739f5394ac65c802641773b278b84"},"headline":"\u201cM\u00e1fia do vinho verde\u201d: tribunal decreta cau\u00e7\u00e3o a empres\u00e1rios e suspens\u00e3o de funcion\u00e1rios","datePublished":"2025-12-05T21:13:09+00:00","dateModified":"2025-12-10T11:43:55+00:00","mainEntityOfPage":{"@id":"https:\/\/terrasdebasto.pt\/?p=5275"},"wordCount":451,"commentCount":0,"publisher":{"@id":"https:\/\/terrasdebasto.pt\/#organization"},"keywords":["Pol\u00edcia Judici\u00e1ria","Puro Verde","Vinho Verde"],"articleSection":["Cabeceiras de Basto","Celorico de Basto","Mondim de Basto","Ribeira de Pena","Terras de Basto"],"inLanguage":"pt-PT","potentialAction":[{"@type":"CommentAction","name":"Comment","target":["https:\/\/terrasdebasto.pt\/?p=5275#respond"]}]},{"@type":"WebPage","@id":"https:\/\/terrasdebasto.pt\/?p=5275","url":"https:\/\/terrasdebasto.pt\/?p=5275","name":"\u201cM\u00e1fia do vinho verde\u201d: tribunal decreta cau\u00e7\u00e3o a empres\u00e1rios e suspens\u00e3o de funcion\u00e1rios - Jornal Terras de Basto","isPartOf":{"@id":"https:\/\/terrasdebasto.pt\/#website"},"datePublished":"2025-12-05T21:13:09+00:00","dateModified":"2025-12-10T11:43:55+00:00","description":"O tribunal decretou, esta sexta-feira (5), a suspens\u00e3o de fun\u00e7\u00f5es dos funcion\u00e1rios da Comiss\u00e3o de Viticultura da Regi\u00e3o dos Vinhos Verdes (CVRVV) detidos por alegado favorecimento a empres\u00e1rios, na sequ\u00eancia da opera\u00e7\u00e3o \u201cPuro Verde\u201d desencadeada quarta-feira pela Pol\u00edcia Judici\u00e1ria.","breadcrumb":{"@id":"https:\/\/terrasdebasto.pt\/?p=5275#breadcrumb"},"inLanguage":"pt-PT","potentialAction":[{"@type":"ReadAction","target":["https:\/\/terrasdebasto.pt\/?p=5275"]}]},{"@type":"BreadcrumbList","@id":"https:\/\/terrasdebasto.pt\/?p=5275#breadcrumb","itemListElement":[{"@type":"ListItem","position":1,"name":"In\u00edcio","item":"https:\/\/terrasdebasto.pt\/"},{"@type":"ListItem","position":2,"name":"\u201cM\u00e1fia do vinho verde\u201d: tribunal decreta cau\u00e7\u00e3o a empres\u00e1rios e suspens\u00e3o de funcion\u00e1rios"}]},{"@type":"WebSite","@id":"https:\/\/terrasdebasto.pt\/#website","url":"https:\/\/terrasdebasto.pt\/","name":"Jornal Terras de Basto","description":"","publisher":{"@id":"https:\/\/terrasdebasto.pt\/#organization"},"potentialAction":[{"@type":"SearchAction","target":{"@type":"EntryPoint","urlTemplate":"https:\/\/terrasdebasto.pt\/?s={search_term_string}"},"query-input":{"@type":"PropertyValueSpecification","valueRequired":true,"valueName":"search_term_string"}}],"inLanguage":"pt-PT"},{"@type":"Organization","@id":"https:\/\/terrasdebasto.pt\/#organization","name":"Jornal Terras de Basto","url":"https:\/\/terrasdebasto.pt\/","logo":{"@type":"ImageObject","inLanguage":"pt-PT","@id":"https:\/\/terrasdebasto.pt\/#\/schema\/logo\/image\/","url":"https:\/\/terrasdebasto.pt\/wp-content\/uploads\/2024\/06\/LogoNormal.png","contentUrl":"https:\/\/terrasdebasto.pt\/wp-content\/uploads\/2024\/06\/LogoNormal.png","width":5638,"height":809,"caption":"Jornal Terras de Basto"},"image":{"@id":"https:\/\/terrasdebasto.pt\/#\/schema\/logo\/image\/"}},{"@type":"Person","@id":"https:\/\/terrasdebasto.pt\/#\/schema\/person\/9f6739f5394ac65c802641773b278b84","name":"Jo\u00e3o Paulo Mesquita","image":{"@type":"ImageObject","inLanguage":"pt-PT","@id":"https:\/\/terrasdebasto.pt\/#\/schema\/person\/image\/","url":"https:\/\/secure.gravatar.com\/avatar\/9bd0f299e6d96336664aab64354168246a3ee3287c47891c50d450e47ed9d7f9?s=96&d=mm&r=g","contentUrl":"https:\/\/secure.gravatar.com\/avatar\/9bd0f299e6d96336664aab64354168246a3ee3287c47891c50d450e47ed9d7f9?s=96&d=mm&r=g","caption":"Jo\u00e3o Paulo Mesquita"},"url":"https:\/\/terrasdebasto.pt\/?author=7"}]}},"_links":{"self":[{"href":"https:\/\/terrasdebasto.pt\/index.php?rest_route=\/wp\/v2\/posts\/5275","targetHints":{"allow":["GET"]}}],"collection":[{"href":"https:\/\/terrasdebasto.pt\/index.php?rest_route=\/wp\/v2\/posts"}],"about":[{"href":"https:\/\/terrasdebasto.pt\/index.php?rest_route=\/wp\/v2\/types\/post"}],"author":[{"embeddable":true,"href":"https:\/\/terrasdebasto.pt\/index.php?rest_route=\/wp\/v2\/users\/7"}],"replies":[{"embeddable":true,"href":"https:\/\/terrasdebasto.pt\/index.php?rest_route=%2Fwp%2Fv2%2Fcomments&post=5275"}],"version-history":[{"count":1,"href":"https:\/\/terrasdebasto.pt\/index.php?rest_route=\/wp\/v2\/posts\/5275\/revisions"}],"predecessor-version":[{"id":5277,"href":"https:\/\/terrasdebasto.pt\/index.php?rest_route=\/wp\/v2\/posts\/5275\/revisions\/5277"}],"wp:attachment":[{"href":"https:\/\/terrasdebasto.pt\/index.php?rest_route=%2Fwp%2Fv2%2Fmedia&parent=5275"}],"wp:term":[{"taxonomy":"category","embeddable":true,"href":"https:\/\/terrasdebasto.pt\/index.php?rest_route=%2Fwp%2Fv2%2Fcategories&post=5275"},{"taxonomy":"post_tag","embeddable":true,"href":"https:\/\/terrasdebasto.pt\/index.php?rest_route=%2Fwp%2Fv2%2Ftags&post=5275"}],"curies":[{"name":"wp","href":"https:\/\/api.w.org\/{rel}","templated":true}]}}