{"id":5267,"date":"2025-12-05T18:49:19","date_gmt":"2025-12-05T18:49:19","guid":{"rendered":"https:\/\/terrasdebasto.pt\/?p=5267"},"modified":"2025-12-05T18:49:19","modified_gmt":"2025-12-05T18:49:19","slug":"basto-vida-vota-plano-de-acao-e-orcamento","status":"publish","type":"post","link":"https:\/\/terrasdebasto.pt\/?p=5267","title":{"rendered":"\u201cBasto Vida\u201d vota plano de a\u00e7\u00e3o e or\u00e7amento"},"content":{"rendered":"\n<p><\/p>\n\n\n\n<p><strong>A \u201cBasto Vida\u201d, cooperativa de solidariedade social de Cabeceiras de Basto, est\u00e1 neste momento reunida em assembleia geral para discutir e votar o seu programa de a\u00e7\u00e3o e o or\u00e7amento para o pr\u00f3ximo ano.<\/strong><\/p>\n\n\n\n<p>Neste plen\u00e1rio de cooperantes \u2013 em que participa o presidente da c\u00e2mara municipal, que det\u00e9m 80 por cento do capital \u2013 faz-se notar como \u00fanica aus\u00eancia a do vereador Fernando Basto, tamb\u00e9m ele detentor de a\u00e7\u00f5es da r\u00e9gie-cooperativa.<\/p>\n\n\n\n<p>De acordo com a introdu\u00e7\u00e3o ao plano de a\u00e7\u00e3o, \u00e9 proposto para 2026 \u00abdar continuidade aos servi\u00e7os prestados\u00bb, \u00abnuma din\u00e2mica de forte interven\u00e7\u00e3o, sobretudo social e de sa\u00fade\u00bb.<\/p>\n\n\n\n<p>Neste \u00e2mbito, destaca-se \u00abo importante papel que a Unidade de Cuidados Continuados Integrados de M\u00e9dia Dura\u00e7\u00e3o e Reabilita\u00e7\u00e3o tem vindo, e pretende continuar, a desempenhar para a comunidade, principalmente para aqueles que se v\u00eaem numa situa\u00e7\u00e3o de fragilidade\u00bb.<\/p>\n\n\n\n<p>Para a Unidade de Cuidados Continuados Integrados (UCCI), que iniciou a sua atividade a 2 de abril de 2018, perspetiva-se para 2026 a sua plena ocupa\u00e7\u00e3o, bem como a realiza\u00e7\u00e3o das a\u00e7\u00f5es previstas no \u00e2mbito do projeto &#8220;Cuidar+&#8221;, do Contrato Local de Desenvolvimento Social, e do &#8220;Cabeceiras de Basto + Igual\u201d, referente \u00e0 dinamiza\u00e7\u00e3o dos Espa\u00e7os de Conv\u00edvio e Lazer.<\/p>\n\n\n\n<p>\u00abOutras oportunidades poder\u00e3o colocar-se, e sejam quais forem os caminhos que se coloquem, n\u00e3o deixaremos de ponderar o aprofundamento da sua interven\u00e7\u00e3o e da sua presen\u00e7a na comunidade, cumprindo assim os seus des\u00edgnios estatut\u00e1rios\u00bb, afirma-se.<\/p>\n\n\n\n<figure class=\"wp-block-gallery has-nested-images columns-default is-cropped wp-block-gallery-1 is-layout-flex wp-block-gallery-is-layout-flex\">\n<figure class=\"wp-block-image size-large\"><img loading=\"lazy\" decoding=\"async\" width=\"1024\" height=\"704\" data-id=\"5269\" src=\"https:\/\/terrasdebasto.pt\/wp-content\/uploads\/2025\/12\/BASTO-VIDA-12-1024x704.jpg\" alt=\"\" class=\"wp-image-5269\" srcset=\"https:\/\/terrasdebasto.pt\/wp-content\/uploads\/2025\/12\/BASTO-VIDA-12-1024x704.jpg 1024w, https:\/\/terrasdebasto.pt\/wp-content\/uploads\/2025\/12\/BASTO-VIDA-12-300x206.jpg 300w, https:\/\/terrasdebasto.pt\/wp-content\/uploads\/2025\/12\/BASTO-VIDA-12-768x528.jpg 768w, https:\/\/terrasdebasto.pt\/wp-content\/uploads\/2025\/12\/BASTO-VIDA-12-150x103.jpg 150w, https:\/\/terrasdebasto.pt\/wp-content\/uploads\/2025\/12\/BASTO-VIDA-12-218x150.jpg 218w, https:\/\/terrasdebasto.pt\/wp-content\/uploads\/2025\/12\/BASTO-VIDA-12-696x478.jpg 696w, https:\/\/terrasdebasto.pt\/wp-content\/uploads\/2025\/12\/BASTO-VIDA-12-1068x734.jpg 1068w, https:\/\/terrasdebasto.pt\/wp-content\/uploads\/2025\/12\/BASTO-VIDA-12.jpg 1475w\" sizes=\"auto, (max-width: 1024px) 100vw, 1024px\" \/><\/figure>\n<\/figure>\n\n\n\n<figure class=\"wp-block-gallery has-nested-images columns-default is-cropped wp-block-gallery-2 is-layout-flex wp-block-gallery-is-layout-flex\">\n<figure class=\"wp-block-image size-large\"><img loading=\"lazy\" decoding=\"async\" width=\"1024\" height=\"719\" data-id=\"5270\" src=\"https:\/\/terrasdebasto.pt\/wp-content\/uploads\/2025\/12\/BASTO-VIDA-13-1024x719.jpg\" alt=\"\" class=\"wp-image-5270\" srcset=\"https:\/\/terrasdebasto.pt\/wp-content\/uploads\/2025\/12\/BASTO-VIDA-13-1024x719.jpg 1024w, https:\/\/terrasdebasto.pt\/wp-content\/uploads\/2025\/12\/BASTO-VIDA-13-300x211.jpg 300w, https:\/\/terrasdebasto.pt\/wp-content\/uploads\/2025\/12\/BASTO-VIDA-13-768x540.jpg 768w, https:\/\/terrasdebasto.pt\/wp-content\/uploads\/2025\/12\/BASTO-VIDA-13-150x105.jpg 150w, https:\/\/terrasdebasto.pt\/wp-content\/uploads\/2025\/12\/BASTO-VIDA-13-696x489.jpg 696w, https:\/\/terrasdebasto.pt\/wp-content\/uploads\/2025\/12\/BASTO-VIDA-13-1068x750.jpg 1068w, https:\/\/terrasdebasto.pt\/wp-content\/uploads\/2025\/12\/BASTO-VIDA-13.jpg 1493w\" sizes=\"auto, (max-width: 1024px) 100vw, 1024px\" \/><\/figure>\n<\/figure>\n\n\n\n<figure class=\"wp-block-gallery has-nested-images columns-default is-cropped wp-block-gallery-3 is-layout-flex wp-block-gallery-is-layout-flex\">\n<figure class=\"wp-block-image size-large\"><img loading=\"lazy\" decoding=\"async\" width=\"1024\" height=\"656\" data-id=\"5271\" src=\"https:\/\/terrasdebasto.pt\/wp-content\/uploads\/2025\/12\/BASTO-VIDA-14-1024x656.jpg\" alt=\"\" class=\"wp-image-5271\" srcset=\"https:\/\/terrasdebasto.pt\/wp-content\/uploads\/2025\/12\/BASTO-VIDA-14-1024x656.jpg 1024w, https:\/\/terrasdebasto.pt\/wp-content\/uploads\/2025\/12\/BASTO-VIDA-14-300x192.jpg 300w, https:\/\/terrasdebasto.pt\/wp-content\/uploads\/2025\/12\/BASTO-VIDA-14-768x492.jpg 768w, https:\/\/terrasdebasto.pt\/wp-content\/uploads\/2025\/12\/BASTO-VIDA-14-150x96.jpg 150w, https:\/\/terrasdebasto.pt\/wp-content\/uploads\/2025\/12\/BASTO-VIDA-14-696x446.jpg 696w, https:\/\/terrasdebasto.pt\/wp-content\/uploads\/2025\/12\/BASTO-VIDA-14-1068x684.jpg 1068w, https:\/\/terrasdebasto.pt\/wp-content\/uploads\/2025\/12\/BASTO-VIDA-14.jpg 1434w\" sizes=\"auto, (max-width: 1024px) 100vw, 1024px\" \/><\/figure>\n<\/figure>\n\n\n\n<figure class=\"wp-block-gallery has-nested-images columns-default is-cropped wp-block-gallery-4 is-layout-flex wp-block-gallery-is-layout-flex\">\n<figure class=\"wp-block-image size-large\"><img loading=\"lazy\" decoding=\"async\" width=\"1024\" height=\"709\" data-id=\"5272\" src=\"https:\/\/terrasdebasto.pt\/wp-content\/uploads\/2025\/12\/BASTO-VIDA-15-1024x709.jpg\" alt=\"\" class=\"wp-image-5272\" srcset=\"https:\/\/terrasdebasto.pt\/wp-content\/uploads\/2025\/12\/BASTO-VIDA-15-1024x709.jpg 1024w, https:\/\/terrasdebasto.pt\/wp-content\/uploads\/2025\/12\/BASTO-VIDA-15-300x208.jpg 300w, https:\/\/terrasdebasto.pt\/wp-content\/uploads\/2025\/12\/BASTO-VIDA-15-768x532.jpg 768w, https:\/\/terrasdebasto.pt\/wp-content\/uploads\/2025\/12\/BASTO-VIDA-15-150x104.jpg 150w, https:\/\/terrasdebasto.pt\/wp-content\/uploads\/2025\/12\/BASTO-VIDA-15-218x150.jpg 218w, https:\/\/terrasdebasto.pt\/wp-content\/uploads\/2025\/12\/BASTO-VIDA-15-696x482.jpg 696w, https:\/\/terrasdebasto.pt\/wp-content\/uploads\/2025\/12\/BASTO-VIDA-15.jpg 1056w\" sizes=\"auto, (max-width: 1024px) 100vw, 1024px\" \/><\/figure>\n<\/figure>\n","protected":false},"excerpt":{"rendered":"<p>A \u201cBasto Vida\u201d, cooperativa de solidariedade social de Cabeceiras de Basto, est\u00e1 neste momento reunida em assembleia geral para discutir e votar o seu programa de a\u00e7\u00e3o e o or\u00e7amento para o pr\u00f3ximo ano. Neste plen\u00e1rio de cooperantes \u2013 em que participa o presidente da c\u00e2mara municipal, que det\u00e9m 80 por cento do capital \u2013 [&hellip;]<\/p>\n","protected":false},"author":7,"featured_media":5268,"comment_status":"open","ping_status":"open","sticky":false,"template":"","format":"standard","meta":{"footnotes":""},"categories":[12,10,9],"tags":[1171,785,1257],"class_list":{"0":"post-5267","1":"post","2":"type-post","3":"status-publish","4":"format-standard","5":"has-post-thumbnail","7":"category-cabeceiras-de-basto","8":"category-saude","9":"category-terras-de-basto","10":"tag-assembleia-geral","11":"tag-basto-vida","12":"tag-plano-e-orcamento-2026"},"yoast_head":"<!-- This site is optimized with the Yoast SEO plugin v25.7 - https:\/\/yoast.com\/wordpress\/plugins\/seo\/ -->\n<title>\u201cBasto Vida\u201d vota plano de a\u00e7\u00e3o e or\u00e7amento - Jornal Terras de Basto<\/title>\n<meta name=\"description\" content=\"A \u201cBasto Vida\u201d, cooperativa de solidariedade social de Cabeceiras de Basto, est\u00e1 neste momento reunida em assembleia geral para discutir e votar o seu programa de a\u00e7\u00e3o e o or\u00e7amento para o pr\u00f3ximo ano.\" \/>\n<meta name=\"robots\" content=\"index, follow, max-snippet:-1, max-image-preview:large, max-video-preview:-1\" \/>\n<link rel=\"canonical\" href=\"https:\/\/terrasdebasto.pt\/?p=5267\" \/>\n<meta property=\"og:locale\" content=\"pt_PT\" \/>\n<meta property=\"og:type\" content=\"article\" \/>\n<meta property=\"og:title\" content=\"\u201cBasto Vida\u201d vota plano de a\u00e7\u00e3o e or\u00e7amento - Jornal Terras de Basto\" \/>\n<meta property=\"og:description\" content=\"A \u201cBasto Vida\u201d, cooperativa de solidariedade social de Cabeceiras de Basto, est\u00e1 neste momento reunida em assembleia geral para discutir e votar o seu programa de a\u00e7\u00e3o e o or\u00e7amento para o pr\u00f3ximo ano.\" \/>\n<meta property=\"og:url\" content=\"https:\/\/terrasdebasto.pt\/?p=5267\" \/>\n<meta property=\"og:site_name\" content=\"Jornal Terras de Basto\" \/>\n<meta property=\"article:published_time\" content=\"2025-12-05T18:49:19+00:00\" \/>\n<meta property=\"og:image\" content=\"https:\/\/terrasdebasto.pt\/wp-content\/uploads\/2025\/12\/BASTO-VIDA-10.jpg\" \/>\n\t<meta property=\"og:image:width\" content=\"1158\" \/>\n\t<meta property=\"og:image:height\" content=\"759\" \/>\n\t<meta property=\"og:image:type\" content=\"image\/jpeg\" \/>\n<meta name=\"author\" content=\"Jo\u00e3o Paulo Mesquita\" \/>\n<meta name=\"twitter:card\" content=\"summary_large_image\" \/>\n<meta name=\"twitter:label1\" content=\"Escrito por\" \/>\n\t<meta name=\"twitter:data1\" content=\"Jo\u00e3o Paulo Mesquita\" \/>\n\t<meta name=\"twitter:label2\" content=\"Tempo estimado de leitura\" \/>\n\t<meta name=\"twitter:data2\" content=\"3 minutos\" \/>\n<script type=\"application\/ld+json\" class=\"yoast-schema-graph\">{\"@context\":\"https:\/\/schema.org\",\"@graph\":[{\"@type\":\"Article\",\"@id\":\"https:\/\/terrasdebasto.pt\/?p=5267#article\",\"isPartOf\":{\"@id\":\"https:\/\/terrasdebasto.pt\/?p=5267\"},\"author\":{\"name\":\"Jo\u00e3o Paulo Mesquita\",\"@id\":\"https:\/\/terrasdebasto.pt\/#\/schema\/person\/9f6739f5394ac65c802641773b278b84\"},\"headline\":\"\u201cBasto Vida\u201d vota plano de a\u00e7\u00e3o e or\u00e7amento\",\"datePublished\":\"2025-12-05T18:49:19+00:00\",\"mainEntityOfPage\":{\"@id\":\"https:\/\/terrasdebasto.pt\/?p=5267\"},\"wordCount\":266,\"commentCount\":0,\"publisher\":{\"@id\":\"https:\/\/terrasdebasto.pt\/#organization\"},\"image\":{\"@id\":\"https:\/\/terrasdebasto.pt\/?p=5267#primaryimage\"},\"thumbnailUrl\":\"https:\/\/terrasdebasto.pt\/wp-content\/uploads\/2025\/12\/BASTO-VIDA-10.jpg\",\"keywords\":[\"Assembleia Geral\",\"Basto Vida\",\"Plano e Or\u00e7amento 2026\"],\"articleSection\":[\"Cabeceiras de Basto\",\"Sa\u00fade\",\"Terras de Basto\"],\"inLanguage\":\"pt-PT\",\"potentialAction\":[{\"@type\":\"CommentAction\",\"name\":\"Comment\",\"target\":[\"https:\/\/terrasdebasto.pt\/?p=5267#respond\"]}]},{\"@type\":\"WebPage\",\"@id\":\"https:\/\/terrasdebasto.pt\/?p=5267\",\"url\":\"https:\/\/terrasdebasto.pt\/?p=5267\",\"name\":\"\u201cBasto Vida\u201d vota plano de a\u00e7\u00e3o e or\u00e7amento - Jornal Terras de Basto\",\"isPartOf\":{\"@id\":\"https:\/\/terrasdebasto.pt\/#website\"},\"primaryImageOfPage\":{\"@id\":\"https:\/\/terrasdebasto.pt\/?p=5267#primaryimage\"},\"image\":{\"@id\":\"https:\/\/terrasdebasto.pt\/?p=5267#primaryimage\"},\"thumbnailUrl\":\"https:\/\/terrasdebasto.pt\/wp-content\/uploads\/2025\/12\/BASTO-VIDA-10.jpg\",\"datePublished\":\"2025-12-05T18:49:19+00:00\",\"description\":\"A \u201cBasto Vida\u201d, cooperativa de solidariedade social de Cabeceiras de Basto, est\u00e1 neste momento reunida em assembleia geral para discutir e votar o seu programa de a\u00e7\u00e3o e o or\u00e7amento para o pr\u00f3ximo ano.\",\"breadcrumb\":{\"@id\":\"https:\/\/terrasdebasto.pt\/?p=5267#breadcrumb\"},\"inLanguage\":\"pt-PT\",\"potentialAction\":[{\"@type\":\"ReadAction\",\"target\":[\"https:\/\/terrasdebasto.pt\/?p=5267\"]}]},{\"@type\":\"ImageObject\",\"inLanguage\":\"pt-PT\",\"@id\":\"https:\/\/terrasdebasto.pt\/?p=5267#primaryimage\",\"url\":\"https:\/\/terrasdebasto.pt\/wp-content\/uploads\/2025\/12\/BASTO-VIDA-10.jpg\",\"contentUrl\":\"https:\/\/terrasdebasto.pt\/wp-content\/uploads\/2025\/12\/BASTO-VIDA-10.jpg\",\"width\":1158,\"height\":759},{\"@type\":\"BreadcrumbList\",\"@id\":\"https:\/\/terrasdebasto.pt\/?p=5267#breadcrumb\",\"itemListElement\":[{\"@type\":\"ListItem\",\"position\":1,\"name\":\"In\u00edcio\",\"item\":\"https:\/\/terrasdebasto.pt\/\"},{\"@type\":\"ListItem\",\"position\":2,\"name\":\"\u201cBasto Vida\u201d vota plano de a\u00e7\u00e3o e or\u00e7amento\"}]},{\"@type\":\"WebSite\",\"@id\":\"https:\/\/terrasdebasto.pt\/#website\",\"url\":\"https:\/\/terrasdebasto.pt\/\",\"name\":\"Jornal Terras de Basto\",\"description\":\"\",\"publisher\":{\"@id\":\"https:\/\/terrasdebasto.pt\/#organization\"},\"potentialAction\":[{\"@type\":\"SearchAction\",\"target\":{\"@type\":\"EntryPoint\",\"urlTemplate\":\"https:\/\/terrasdebasto.pt\/?s={search_term_string}\"},\"query-input\":{\"@type\":\"PropertyValueSpecification\",\"valueRequired\":true,\"valueName\":\"search_term_string\"}}],\"inLanguage\":\"pt-PT\"},{\"@type\":\"Organization\",\"@id\":\"https:\/\/terrasdebasto.pt\/#organization\",\"name\":\"Jornal Terras de Basto\",\"url\":\"https:\/\/terrasdebasto.pt\/\",\"logo\":{\"@type\":\"ImageObject\",\"inLanguage\":\"pt-PT\",\"@id\":\"https:\/\/terrasdebasto.pt\/#\/schema\/logo\/image\/\",\"url\":\"https:\/\/terrasdebasto.pt\/wp-content\/uploads\/2024\/06\/LogoNormal.png\",\"contentUrl\":\"https:\/\/terrasdebasto.pt\/wp-content\/uploads\/2024\/06\/LogoNormal.png\",\"width\":5638,\"height\":809,\"caption\":\"Jornal Terras de Basto\"},\"image\":{\"@id\":\"https:\/\/terrasdebasto.pt\/#\/schema\/logo\/image\/\"}},{\"@type\":\"Person\",\"@id\":\"https:\/\/terrasdebasto.pt\/#\/schema\/person\/9f6739f5394ac65c802641773b278b84\",\"name\":\"Jo\u00e3o Paulo Mesquita\",\"image\":{\"@type\":\"ImageObject\",\"inLanguage\":\"pt-PT\",\"@id\":\"https:\/\/terrasdebasto.pt\/#\/schema\/person\/image\/\",\"url\":\"https:\/\/secure.gravatar.com\/avatar\/9bd0f299e6d96336664aab64354168246a3ee3287c47891c50d450e47ed9d7f9?s=96&d=mm&r=g\",\"contentUrl\":\"https:\/\/secure.gravatar.com\/avatar\/9bd0f299e6d96336664aab64354168246a3ee3287c47891c50d450e47ed9d7f9?s=96&d=mm&r=g\",\"caption\":\"Jo\u00e3o Paulo Mesquita\"},\"url\":\"https:\/\/terrasdebasto.pt\/?author=7\"}]}<\/script>\n<!-- \/ Yoast SEO plugin. -->","yoast_head_json":{"title":"\u201cBasto Vida\u201d vota plano de a\u00e7\u00e3o e or\u00e7amento - Jornal Terras de Basto","description":"A \u201cBasto Vida\u201d, cooperativa de solidariedade social de Cabeceiras de Basto, est\u00e1 neste momento reunida em assembleia geral para discutir e votar o seu programa de a\u00e7\u00e3o e o or\u00e7amento para o pr\u00f3ximo ano.","robots":{"index":"index","follow":"follow","max-snippet":"max-snippet:-1","max-image-preview":"max-image-preview:large","max-video-preview":"max-video-preview:-1"},"canonical":"https:\/\/terrasdebasto.pt\/?p=5267","og_locale":"pt_PT","og_type":"article","og_title":"\u201cBasto Vida\u201d vota plano de a\u00e7\u00e3o e or\u00e7amento - Jornal Terras de Basto","og_description":"A \u201cBasto Vida\u201d, cooperativa de solidariedade social de Cabeceiras de Basto, est\u00e1 neste momento reunida em assembleia geral para discutir e votar o seu programa de a\u00e7\u00e3o e o or\u00e7amento para o pr\u00f3ximo ano.","og_url":"https:\/\/terrasdebasto.pt\/?p=5267","og_site_name":"Jornal Terras de Basto","article_published_time":"2025-12-05T18:49:19+00:00","og_image":[{"width":1158,"height":759,"url":"https:\/\/terrasdebasto.pt\/wp-content\/uploads\/2025\/12\/BASTO-VIDA-10.jpg","type":"image\/jpeg"}],"author":"Jo\u00e3o Paulo Mesquita","twitter_card":"summary_large_image","twitter_misc":{"Escrito por":"Jo\u00e3o Paulo Mesquita","Tempo estimado de leitura":"3 minutos"},"schema":{"@context":"https:\/\/schema.org","@graph":[{"@type":"Article","@id":"https:\/\/terrasdebasto.pt\/?p=5267#article","isPartOf":{"@id":"https:\/\/terrasdebasto.pt\/?p=5267"},"author":{"name":"Jo\u00e3o Paulo Mesquita","@id":"https:\/\/terrasdebasto.pt\/#\/schema\/person\/9f6739f5394ac65c802641773b278b84"},"headline":"\u201cBasto Vida\u201d vota plano de a\u00e7\u00e3o e or\u00e7amento","datePublished":"2025-12-05T18:49:19+00:00","mainEntityOfPage":{"@id":"https:\/\/terrasdebasto.pt\/?p=5267"},"wordCount":266,"commentCount":0,"publisher":{"@id":"https:\/\/terrasdebasto.pt\/#organization"},"image":{"@id":"https:\/\/terrasdebasto.pt\/?p=5267#primaryimage"},"thumbnailUrl":"https:\/\/terrasdebasto.pt\/wp-content\/uploads\/2025\/12\/BASTO-VIDA-10.jpg","keywords":["Assembleia Geral","Basto Vida","Plano e Or\u00e7amento 2026"],"articleSection":["Cabeceiras de Basto","Sa\u00fade","Terras de Basto"],"inLanguage":"pt-PT","potentialAction":[{"@type":"CommentAction","name":"Comment","target":["https:\/\/terrasdebasto.pt\/?p=5267#respond"]}]},{"@type":"WebPage","@id":"https:\/\/terrasdebasto.pt\/?p=5267","url":"https:\/\/terrasdebasto.pt\/?p=5267","name":"\u201cBasto Vida\u201d vota plano de a\u00e7\u00e3o e or\u00e7amento - Jornal Terras de Basto","isPartOf":{"@id":"https:\/\/terrasdebasto.pt\/#website"},"primaryImageOfPage":{"@id":"https:\/\/terrasdebasto.pt\/?p=5267#primaryimage"},"image":{"@id":"https:\/\/terrasdebasto.pt\/?p=5267#primaryimage"},"thumbnailUrl":"https:\/\/terrasdebasto.pt\/wp-content\/uploads\/2025\/12\/BASTO-VIDA-10.jpg","datePublished":"2025-12-05T18:49:19+00:00","description":"A \u201cBasto Vida\u201d, cooperativa de solidariedade social de Cabeceiras de Basto, est\u00e1 neste momento reunida em assembleia geral para discutir e votar o seu programa de a\u00e7\u00e3o e o or\u00e7amento para o pr\u00f3ximo ano.","breadcrumb":{"@id":"https:\/\/terrasdebasto.pt\/?p=5267#breadcrumb"},"inLanguage":"pt-PT","potentialAction":[{"@type":"ReadAction","target":["https:\/\/terrasdebasto.pt\/?p=5267"]}]},{"@type":"ImageObject","inLanguage":"pt-PT","@id":"https:\/\/terrasdebasto.pt\/?p=5267#primaryimage","url":"https:\/\/terrasdebasto.pt\/wp-content\/uploads\/2025\/12\/BASTO-VIDA-10.jpg","contentUrl":"https:\/\/terrasdebasto.pt\/wp-content\/uploads\/2025\/12\/BASTO-VIDA-10.jpg","width":1158,"height":759},{"@type":"BreadcrumbList","@id":"https:\/\/terrasdebasto.pt\/?p=5267#breadcrumb","itemListElement":[{"@type":"ListItem","position":1,"name":"In\u00edcio","item":"https:\/\/terrasdebasto.pt\/"},{"@type":"ListItem","position":2,"name":"\u201cBasto Vida\u201d vota plano de a\u00e7\u00e3o e or\u00e7amento"}]},{"@type":"WebSite","@id":"https:\/\/terrasdebasto.pt\/#website","url":"https:\/\/terrasdebasto.pt\/","name":"Jornal Terras de Basto","description":"","publisher":{"@id":"https:\/\/terrasdebasto.pt\/#organization"},"potentialAction":[{"@type":"SearchAction","target":{"@type":"EntryPoint","urlTemplate":"https:\/\/terrasdebasto.pt\/?s={search_term_string}"},"query-input":{"@type":"PropertyValueSpecification","valueRequired":true,"valueName":"search_term_string"}}],"inLanguage":"pt-PT"},{"@type":"Organization","@id":"https:\/\/terrasdebasto.pt\/#organization","name":"Jornal Terras de Basto","url":"https:\/\/terrasdebasto.pt\/","logo":{"@type":"ImageObject","inLanguage":"pt-PT","@id":"https:\/\/terrasdebasto.pt\/#\/schema\/logo\/image\/","url":"https:\/\/terrasdebasto.pt\/wp-content\/uploads\/2024\/06\/LogoNormal.png","contentUrl":"https:\/\/terrasdebasto.pt\/wp-content\/uploads\/2024\/06\/LogoNormal.png","width":5638,"height":809,"caption":"Jornal Terras de Basto"},"image":{"@id":"https:\/\/terrasdebasto.pt\/#\/schema\/logo\/image\/"}},{"@type":"Person","@id":"https:\/\/terrasdebasto.pt\/#\/schema\/person\/9f6739f5394ac65c802641773b278b84","name":"Jo\u00e3o Paulo Mesquita","image":{"@type":"ImageObject","inLanguage":"pt-PT","@id":"https:\/\/terrasdebasto.pt\/#\/schema\/person\/image\/","url":"https:\/\/secure.gravatar.com\/avatar\/9bd0f299e6d96336664aab64354168246a3ee3287c47891c50d450e47ed9d7f9?s=96&d=mm&r=g","contentUrl":"https:\/\/secure.gravatar.com\/avatar\/9bd0f299e6d96336664aab64354168246a3ee3287c47891c50d450e47ed9d7f9?s=96&d=mm&r=g","caption":"Jo\u00e3o Paulo Mesquita"},"url":"https:\/\/terrasdebasto.pt\/?author=7"}]}},"_links":{"self":[{"href":"https:\/\/terrasdebasto.pt\/index.php?rest_route=\/wp\/v2\/posts\/5267","targetHints":{"allow":["GET"]}}],"collection":[{"href":"https:\/\/terrasdebasto.pt\/index.php?rest_route=\/wp\/v2\/posts"}],"about":[{"href":"https:\/\/terrasdebasto.pt\/index.php?rest_route=\/wp\/v2\/types\/post"}],"author":[{"embeddable":true,"href":"https:\/\/terrasdebasto.pt\/index.php?rest_route=\/wp\/v2\/users\/7"}],"replies":[{"embeddable":true,"href":"https:\/\/terrasdebasto.pt\/index.php?rest_route=%2Fwp%2Fv2%2Fcomments&post=5267"}],"version-history":[{"count":1,"href":"https:\/\/terrasdebasto.pt\/index.php?rest_route=\/wp\/v2\/posts\/5267\/revisions"}],"predecessor-version":[{"id":5273,"href":"https:\/\/terrasdebasto.pt\/index.php?rest_route=\/wp\/v2\/posts\/5267\/revisions\/5273"}],"wp:featuredmedia":[{"embeddable":true,"href":"https:\/\/terrasdebasto.pt\/index.php?rest_route=\/wp\/v2\/media\/5268"}],"wp:attachment":[{"href":"https:\/\/terrasdebasto.pt\/index.php?rest_route=%2Fwp%2Fv2%2Fmedia&parent=5267"}],"wp:term":[{"taxonomy":"category","embeddable":true,"href":"https:\/\/terrasdebasto.pt\/index.php?rest_route=%2Fwp%2Fv2%2Fcategories&post=5267"},{"taxonomy":"post_tag","embeddable":true,"href":"https:\/\/terrasdebasto.pt\/index.php?rest_route=%2Fwp%2Fv2%2Ftags&post=5267"}],"curies":[{"name":"wp","href":"https:\/\/api.w.org\/{rel}","templated":true}]}}