{"id":5262,"date":"2025-12-05T17:35:58","date_gmt":"2025-12-05T17:35:58","guid":{"rendered":"https:\/\/terrasdebasto.pt\/?p=5262"},"modified":"2025-12-05T17:35:58","modified_gmt":"2025-12-05T17:35:58","slug":"martinha-leva-basto-a-final-do-mundial-de-futsal-feminino","status":"publish","type":"post","link":"https:\/\/terrasdebasto.pt\/?p=5262","title":{"rendered":"Martinha leva Basto \u00e0 final do Mundial de Futsal Feminino"},"content":{"rendered":"\n<p><strong>A cabeceirense Marta Teixeira \u00e9 a representante das Terras de Basto na sele\u00e7\u00e3o nacional A de futsal feminino que se apurou agora para a final do mundial da modalidade ap\u00f3s a estrondosa vit\u00f3ria por 7-1 sobre a Argentina.<\/strong><\/p>\n\n\n\n<p>Martinha, como \u00e9 conhecida, \u00e9 atleta do Grupo Cultural e Recreativo Nun&#8217;\u00c1lvares, de Fafe, e foi convocada \u00e0 \u00faltima da hora, n\u00e3o tendo sido muito utilizada nesta fase final, que est\u00e1 a decorrer nas Filipinas.<\/p>\n\n\n\n<p>A atleta de Basto \u2013 que regista nove internacionaliza\u00e7\u00e3o pela sele\u00e7\u00e3o A, ao servi\u00e7o de quem jogou 170 minutos \u2013 marcou, contudo, o nono dos 10 golos com que Portugal derrotou a sele\u00e7\u00e3o da Nova Zel\u00e2ndia, em jogo do Grupo C.<\/p>\n\n\n\n<p>A final do \u201c2025 FIFA Futsal Women\u2019s World Cup\u201d est\u00e1 marcada para a \u201cPhilSports Arena\u201d, em Pasig, na \u00e1rea da Grande Manila, e Portugal vai defrontar o Brasil, este domingo (7), \u00e0s 11h30 (RTP).<\/p>\n\n\n\n<p>A estreia da Sele\u00e7\u00e3o fez-se com uma goleada: 10-0 frente \u00e0 Tanz\u00e2nia. Portugal n\u00e3o deu hip\u00f3teses, marcando de forma intensa e variada. No segundo jogo, frente ao Jap\u00e3o, repetiu o bom desempenho e venceu por 3-1, garantindo a qualifica\u00e7\u00e3o para os quartos-de-final e assegurando o 1.\u00ba lugar do Grupo C. Para fechar a fase de grupos, defrontou a Nova Zel\u00e2ndia e voltou a vencer por 10-0, fechando o \u201cpleno\u201d: tr\u00eas vit\u00f3rias, muitos golos marcados, limpeza defensiva e classifica\u00e7\u00e3o direta como l\u00edder de grupo.<\/p>\n\n\n\n<p>Nos quartos-de-final, Portugal enfrentou a It\u00e1lia e venceu de forma convincente por 7-2. A partida confirmou o favoritismo luso e garantiu lugar nas meias-finais. Na meia-final, o advers\u00e1rio foi a Argentina. Portugal entrou a todo o g\u00e1s e desfez qualquer d\u00favida com uma vit\u00f3ria por 7-1, mostrando equil\u00edbrio defensivo e efic\u00e1cia ofensiva. Com essas duas vit\u00f3rias expressivas em jogos eliminat\u00f3rios, a sele\u00e7\u00e3o portuguesa confirmou a presen\u00e7a na final do Mundial, um feito hist\u00f3rico para o futsal feminino nacional.<\/p>\n","protected":false},"excerpt":{"rendered":"<p>A cabeceirense Marta Teixeira \u00e9 a representante das Terras de Basto na sele\u00e7\u00e3o nacional A de futsal feminino que se apurou agora para a final do mundial da modalidade ap\u00f3s a estrondosa vit\u00f3ria por 7-1 sobre a Argentina. Martinha, como \u00e9 conhecida, \u00e9 atleta do Grupo Cultural e Recreativo Nun&#8217;\u00c1lvares, de Fafe, e foi convocada [&hellip;]<\/p>\n","protected":false},"author":7,"featured_media":5263,"comment_status":"open","ping_status":"open","sticky":false,"template":"","format":"standard","meta":{"footnotes":""},"categories":[12,8,9],"tags":[432,1256,1255],"class_list":{"0":"post-5262","1":"post","2":"type-post","3":"status-publish","4":"format-standard","5":"has-post-thumbnail","7":"category-cabeceiras-de-basto","8":"category-desporto","9":"category-terras-de-basto","10":"tag-futsal","11":"tag-marta-teixeira","12":"tag-selecao-a-de-futsal-feminino-de-portugal"},"yoast_head":"<!-- This site is optimized with the Yoast SEO plugin v25.7 - https:\/\/yoast.com\/wordpress\/plugins\/seo\/ -->\n<title>Martinha leva Basto \u00e0 final do Mundial de Futsal Feminino - Jornal Terras de Basto<\/title>\n<meta name=\"description\" content=\"A cabeceirense Marta Teixeira \u00e9 a representante das Terras de Basto na sele\u00e7\u00e3o nacional A de futsal feminino que se apurou agora para a final do mundial da modalidade ap\u00f3s a estrondosa vit\u00f3ria por 7-1 sobre a Argentina.\" \/>\n<meta name=\"robots\" content=\"index, follow, max-snippet:-1, max-image-preview:large, max-video-preview:-1\" \/>\n<link rel=\"canonical\" href=\"https:\/\/terrasdebasto.pt\/?p=5262\" \/>\n<meta property=\"og:locale\" content=\"pt_PT\" \/>\n<meta property=\"og:type\" content=\"article\" \/>\n<meta property=\"og:title\" content=\"Martinha leva Basto \u00e0 final do Mundial de Futsal Feminino - Jornal Terras de Basto\" \/>\n<meta property=\"og:description\" content=\"A cabeceirense Marta Teixeira \u00e9 a representante das Terras de Basto na sele\u00e7\u00e3o nacional A de futsal feminino que se apurou agora para a final do mundial da modalidade ap\u00f3s a estrondosa vit\u00f3ria por 7-1 sobre a Argentina.\" \/>\n<meta property=\"og:url\" content=\"https:\/\/terrasdebasto.pt\/?p=5262\" \/>\n<meta property=\"og:site_name\" content=\"Jornal Terras de Basto\" \/>\n<meta property=\"article:published_time\" content=\"2025-12-05T17:35:58+00:00\" \/>\n<meta property=\"og:image\" content=\"https:\/\/terrasdebasto.pt\/wp-content\/uploads\/2025\/12\/MARTA-TEIXEIRA.jpg\" \/>\n\t<meta property=\"og:image:width\" content=\"926\" \/>\n\t<meta property=\"og:image:height\" content=\"490\" \/>\n\t<meta property=\"og:image:type\" content=\"image\/jpeg\" \/>\n<meta name=\"author\" content=\"Jo\u00e3o Paulo Mesquita\" \/>\n<meta name=\"twitter:card\" content=\"summary_large_image\" \/>\n<meta name=\"twitter:label1\" content=\"Escrito por\" \/>\n\t<meta name=\"twitter:data1\" content=\"Jo\u00e3o Paulo Mesquita\" \/>\n\t<meta name=\"twitter:label2\" content=\"Tempo estimado de leitura\" \/>\n\t<meta name=\"twitter:data2\" content=\"2 minutos\" \/>\n<script type=\"application\/ld+json\" class=\"yoast-schema-graph\">{\"@context\":\"https:\/\/schema.org\",\"@graph\":[{\"@type\":\"Article\",\"@id\":\"https:\/\/terrasdebasto.pt\/?p=5262#article\",\"isPartOf\":{\"@id\":\"https:\/\/terrasdebasto.pt\/?p=5262\"},\"author\":{\"name\":\"Jo\u00e3o Paulo Mesquita\",\"@id\":\"https:\/\/terrasdebasto.pt\/#\/schema\/person\/9f6739f5394ac65c802641773b278b84\"},\"headline\":\"Martinha leva Basto \u00e0 final do Mundial de Futsal Feminino\",\"datePublished\":\"2025-12-05T17:35:58+00:00\",\"mainEntityOfPage\":{\"@id\":\"https:\/\/terrasdebasto.pt\/?p=5262\"},\"wordCount\":340,\"commentCount\":0,\"publisher\":{\"@id\":\"https:\/\/terrasdebasto.pt\/#organization\"},\"image\":{\"@id\":\"https:\/\/terrasdebasto.pt\/?p=5262#primaryimage\"},\"thumbnailUrl\":\"https:\/\/terrasdebasto.pt\/wp-content\/uploads\/2025\/12\/MARTA-TEIXEIRA.jpg\",\"keywords\":[\"Futsal\",\"Marta Teixeira\",\"Sele\u00e7\u00e3o A de Futsal Feminino de Portugal\"],\"articleSection\":[\"Cabeceiras de Basto\",\"Desporto\",\"Terras de Basto\"],\"inLanguage\":\"pt-PT\",\"potentialAction\":[{\"@type\":\"CommentAction\",\"name\":\"Comment\",\"target\":[\"https:\/\/terrasdebasto.pt\/?p=5262#respond\"]}]},{\"@type\":\"WebPage\",\"@id\":\"https:\/\/terrasdebasto.pt\/?p=5262\",\"url\":\"https:\/\/terrasdebasto.pt\/?p=5262\",\"name\":\"Martinha leva Basto \u00e0 final do Mundial de Futsal Feminino - Jornal Terras de Basto\",\"isPartOf\":{\"@id\":\"https:\/\/terrasdebasto.pt\/#website\"},\"primaryImageOfPage\":{\"@id\":\"https:\/\/terrasdebasto.pt\/?p=5262#primaryimage\"},\"image\":{\"@id\":\"https:\/\/terrasdebasto.pt\/?p=5262#primaryimage\"},\"thumbnailUrl\":\"https:\/\/terrasdebasto.pt\/wp-content\/uploads\/2025\/12\/MARTA-TEIXEIRA.jpg\",\"datePublished\":\"2025-12-05T17:35:58+00:00\",\"description\":\"A cabeceirense Marta Teixeira \u00e9 a representante das Terras de Basto na sele\u00e7\u00e3o nacional A de futsal feminino que se apurou agora para a final do mundial da modalidade ap\u00f3s a estrondosa vit\u00f3ria por 7-1 sobre a Argentina.\",\"breadcrumb\":{\"@id\":\"https:\/\/terrasdebasto.pt\/?p=5262#breadcrumb\"},\"inLanguage\":\"pt-PT\",\"potentialAction\":[{\"@type\":\"ReadAction\",\"target\":[\"https:\/\/terrasdebasto.pt\/?p=5262\"]}]},{\"@type\":\"ImageObject\",\"inLanguage\":\"pt-PT\",\"@id\":\"https:\/\/terrasdebasto.pt\/?p=5262#primaryimage\",\"url\":\"https:\/\/terrasdebasto.pt\/wp-content\/uploads\/2025\/12\/MARTA-TEIXEIRA.jpg\",\"contentUrl\":\"https:\/\/terrasdebasto.pt\/wp-content\/uploads\/2025\/12\/MARTA-TEIXEIRA.jpg\",\"width\":926,\"height\":490},{\"@type\":\"BreadcrumbList\",\"@id\":\"https:\/\/terrasdebasto.pt\/?p=5262#breadcrumb\",\"itemListElement\":[{\"@type\":\"ListItem\",\"position\":1,\"name\":\"In\u00edcio\",\"item\":\"https:\/\/terrasdebasto.pt\/\"},{\"@type\":\"ListItem\",\"position\":2,\"name\":\"Martinha leva Basto \u00e0 final do Mundial de Futsal Feminino\"}]},{\"@type\":\"WebSite\",\"@id\":\"https:\/\/terrasdebasto.pt\/#website\",\"url\":\"https:\/\/terrasdebasto.pt\/\",\"name\":\"Jornal Terras de Basto\",\"description\":\"\",\"publisher\":{\"@id\":\"https:\/\/terrasdebasto.pt\/#organization\"},\"potentialAction\":[{\"@type\":\"SearchAction\",\"target\":{\"@type\":\"EntryPoint\",\"urlTemplate\":\"https:\/\/terrasdebasto.pt\/?s={search_term_string}\"},\"query-input\":{\"@type\":\"PropertyValueSpecification\",\"valueRequired\":true,\"valueName\":\"search_term_string\"}}],\"inLanguage\":\"pt-PT\"},{\"@type\":\"Organization\",\"@id\":\"https:\/\/terrasdebasto.pt\/#organization\",\"name\":\"Jornal Terras de Basto\",\"url\":\"https:\/\/terrasdebasto.pt\/\",\"logo\":{\"@type\":\"ImageObject\",\"inLanguage\":\"pt-PT\",\"@id\":\"https:\/\/terrasdebasto.pt\/#\/schema\/logo\/image\/\",\"url\":\"https:\/\/terrasdebasto.pt\/wp-content\/uploads\/2024\/06\/LogoNormal.png\",\"contentUrl\":\"https:\/\/terrasdebasto.pt\/wp-content\/uploads\/2024\/06\/LogoNormal.png\",\"width\":5638,\"height\":809,\"caption\":\"Jornal Terras de Basto\"},\"image\":{\"@id\":\"https:\/\/terrasdebasto.pt\/#\/schema\/logo\/image\/\"}},{\"@type\":\"Person\",\"@id\":\"https:\/\/terrasdebasto.pt\/#\/schema\/person\/9f6739f5394ac65c802641773b278b84\",\"name\":\"Jo\u00e3o Paulo Mesquita\",\"image\":{\"@type\":\"ImageObject\",\"inLanguage\":\"pt-PT\",\"@id\":\"https:\/\/terrasdebasto.pt\/#\/schema\/person\/image\/\",\"url\":\"https:\/\/secure.gravatar.com\/avatar\/9bd0f299e6d96336664aab64354168246a3ee3287c47891c50d450e47ed9d7f9?s=96&d=mm&r=g\",\"contentUrl\":\"https:\/\/secure.gravatar.com\/avatar\/9bd0f299e6d96336664aab64354168246a3ee3287c47891c50d450e47ed9d7f9?s=96&d=mm&r=g\",\"caption\":\"Jo\u00e3o Paulo Mesquita\"},\"url\":\"https:\/\/terrasdebasto.pt\/?author=7\"}]}<\/script>\n<!-- \/ Yoast SEO plugin. -->","yoast_head_json":{"title":"Martinha leva Basto \u00e0 final do Mundial de Futsal Feminino - Jornal Terras de Basto","description":"A cabeceirense Marta Teixeira \u00e9 a representante das Terras de Basto na sele\u00e7\u00e3o nacional A de futsal feminino que se apurou agora para a final do mundial da modalidade ap\u00f3s a estrondosa vit\u00f3ria por 7-1 sobre a Argentina.","robots":{"index":"index","follow":"follow","max-snippet":"max-snippet:-1","max-image-preview":"max-image-preview:large","max-video-preview":"max-video-preview:-1"},"canonical":"https:\/\/terrasdebasto.pt\/?p=5262","og_locale":"pt_PT","og_type":"article","og_title":"Martinha leva Basto \u00e0 final do Mundial de Futsal Feminino - Jornal Terras de Basto","og_description":"A cabeceirense Marta Teixeira \u00e9 a representante das Terras de Basto na sele\u00e7\u00e3o nacional A de futsal feminino que se apurou agora para a final do mundial da modalidade ap\u00f3s a estrondosa vit\u00f3ria por 7-1 sobre a Argentina.","og_url":"https:\/\/terrasdebasto.pt\/?p=5262","og_site_name":"Jornal Terras de Basto","article_published_time":"2025-12-05T17:35:58+00:00","og_image":[{"width":926,"height":490,"url":"https:\/\/terrasdebasto.pt\/wp-content\/uploads\/2025\/12\/MARTA-TEIXEIRA.jpg","type":"image\/jpeg"}],"author":"Jo\u00e3o Paulo Mesquita","twitter_card":"summary_large_image","twitter_misc":{"Escrito por":"Jo\u00e3o Paulo Mesquita","Tempo estimado de leitura":"2 minutos"},"schema":{"@context":"https:\/\/schema.org","@graph":[{"@type":"Article","@id":"https:\/\/terrasdebasto.pt\/?p=5262#article","isPartOf":{"@id":"https:\/\/terrasdebasto.pt\/?p=5262"},"author":{"name":"Jo\u00e3o Paulo Mesquita","@id":"https:\/\/terrasdebasto.pt\/#\/schema\/person\/9f6739f5394ac65c802641773b278b84"},"headline":"Martinha leva Basto \u00e0 final do Mundial de Futsal Feminino","datePublished":"2025-12-05T17:35:58+00:00","mainEntityOfPage":{"@id":"https:\/\/terrasdebasto.pt\/?p=5262"},"wordCount":340,"commentCount":0,"publisher":{"@id":"https:\/\/terrasdebasto.pt\/#organization"},"image":{"@id":"https:\/\/terrasdebasto.pt\/?p=5262#primaryimage"},"thumbnailUrl":"https:\/\/terrasdebasto.pt\/wp-content\/uploads\/2025\/12\/MARTA-TEIXEIRA.jpg","keywords":["Futsal","Marta Teixeira","Sele\u00e7\u00e3o A de Futsal Feminino de Portugal"],"articleSection":["Cabeceiras de Basto","Desporto","Terras de Basto"],"inLanguage":"pt-PT","potentialAction":[{"@type":"CommentAction","name":"Comment","target":["https:\/\/terrasdebasto.pt\/?p=5262#respond"]}]},{"@type":"WebPage","@id":"https:\/\/terrasdebasto.pt\/?p=5262","url":"https:\/\/terrasdebasto.pt\/?p=5262","name":"Martinha leva Basto \u00e0 final do Mundial de Futsal Feminino - Jornal Terras de Basto","isPartOf":{"@id":"https:\/\/terrasdebasto.pt\/#website"},"primaryImageOfPage":{"@id":"https:\/\/terrasdebasto.pt\/?p=5262#primaryimage"},"image":{"@id":"https:\/\/terrasdebasto.pt\/?p=5262#primaryimage"},"thumbnailUrl":"https:\/\/terrasdebasto.pt\/wp-content\/uploads\/2025\/12\/MARTA-TEIXEIRA.jpg","datePublished":"2025-12-05T17:35:58+00:00","description":"A cabeceirense Marta Teixeira \u00e9 a representante das Terras de Basto na sele\u00e7\u00e3o nacional A de futsal feminino que se apurou agora para a final do mundial da modalidade ap\u00f3s a estrondosa vit\u00f3ria por 7-1 sobre a Argentina.","breadcrumb":{"@id":"https:\/\/terrasdebasto.pt\/?p=5262#breadcrumb"},"inLanguage":"pt-PT","potentialAction":[{"@type":"ReadAction","target":["https:\/\/terrasdebasto.pt\/?p=5262"]}]},{"@type":"ImageObject","inLanguage":"pt-PT","@id":"https:\/\/terrasdebasto.pt\/?p=5262#primaryimage","url":"https:\/\/terrasdebasto.pt\/wp-content\/uploads\/2025\/12\/MARTA-TEIXEIRA.jpg","contentUrl":"https:\/\/terrasdebasto.pt\/wp-content\/uploads\/2025\/12\/MARTA-TEIXEIRA.jpg","width":926,"height":490},{"@type":"BreadcrumbList","@id":"https:\/\/terrasdebasto.pt\/?p=5262#breadcrumb","itemListElement":[{"@type":"ListItem","position":1,"name":"In\u00edcio","item":"https:\/\/terrasdebasto.pt\/"},{"@type":"ListItem","position":2,"name":"Martinha leva Basto \u00e0 final do Mundial de Futsal Feminino"}]},{"@type":"WebSite","@id":"https:\/\/terrasdebasto.pt\/#website","url":"https:\/\/terrasdebasto.pt\/","name":"Jornal Terras de Basto","description":"","publisher":{"@id":"https:\/\/terrasdebasto.pt\/#organization"},"potentialAction":[{"@type":"SearchAction","target":{"@type":"EntryPoint","urlTemplate":"https:\/\/terrasdebasto.pt\/?s={search_term_string}"},"query-input":{"@type":"PropertyValueSpecification","valueRequired":true,"valueName":"search_term_string"}}],"inLanguage":"pt-PT"},{"@type":"Organization","@id":"https:\/\/terrasdebasto.pt\/#organization","name":"Jornal Terras de Basto","url":"https:\/\/terrasdebasto.pt\/","logo":{"@type":"ImageObject","inLanguage":"pt-PT","@id":"https:\/\/terrasdebasto.pt\/#\/schema\/logo\/image\/","url":"https:\/\/terrasdebasto.pt\/wp-content\/uploads\/2024\/06\/LogoNormal.png","contentUrl":"https:\/\/terrasdebasto.pt\/wp-content\/uploads\/2024\/06\/LogoNormal.png","width":5638,"height":809,"caption":"Jornal Terras de Basto"},"image":{"@id":"https:\/\/terrasdebasto.pt\/#\/schema\/logo\/image\/"}},{"@type":"Person","@id":"https:\/\/terrasdebasto.pt\/#\/schema\/person\/9f6739f5394ac65c802641773b278b84","name":"Jo\u00e3o Paulo Mesquita","image":{"@type":"ImageObject","inLanguage":"pt-PT","@id":"https:\/\/terrasdebasto.pt\/#\/schema\/person\/image\/","url":"https:\/\/secure.gravatar.com\/avatar\/9bd0f299e6d96336664aab64354168246a3ee3287c47891c50d450e47ed9d7f9?s=96&d=mm&r=g","contentUrl":"https:\/\/secure.gravatar.com\/avatar\/9bd0f299e6d96336664aab64354168246a3ee3287c47891c50d450e47ed9d7f9?s=96&d=mm&r=g","caption":"Jo\u00e3o Paulo Mesquita"},"url":"https:\/\/terrasdebasto.pt\/?author=7"}]}},"_links":{"self":[{"href":"https:\/\/terrasdebasto.pt\/index.php?rest_route=\/wp\/v2\/posts\/5262","targetHints":{"allow":["GET"]}}],"collection":[{"href":"https:\/\/terrasdebasto.pt\/index.php?rest_route=\/wp\/v2\/posts"}],"about":[{"href":"https:\/\/terrasdebasto.pt\/index.php?rest_route=\/wp\/v2\/types\/post"}],"author":[{"embeddable":true,"href":"https:\/\/terrasdebasto.pt\/index.php?rest_route=\/wp\/v2\/users\/7"}],"replies":[{"embeddable":true,"href":"https:\/\/terrasdebasto.pt\/index.php?rest_route=%2Fwp%2Fv2%2Fcomments&post=5262"}],"version-history":[{"count":1,"href":"https:\/\/terrasdebasto.pt\/index.php?rest_route=\/wp\/v2\/posts\/5262\/revisions"}],"predecessor-version":[{"id":5264,"href":"https:\/\/terrasdebasto.pt\/index.php?rest_route=\/wp\/v2\/posts\/5262\/revisions\/5264"}],"wp:featuredmedia":[{"embeddable":true,"href":"https:\/\/terrasdebasto.pt\/index.php?rest_route=\/wp\/v2\/media\/5263"}],"wp:attachment":[{"href":"https:\/\/terrasdebasto.pt\/index.php?rest_route=%2Fwp%2Fv2%2Fmedia&parent=5262"}],"wp:term":[{"taxonomy":"category","embeddable":true,"href":"https:\/\/terrasdebasto.pt\/index.php?rest_route=%2Fwp%2Fv2%2Fcategories&post=5262"},{"taxonomy":"post_tag","embeddable":true,"href":"https:\/\/terrasdebasto.pt\/index.php?rest_route=%2Fwp%2Fv2%2Ftags&post=5262"}],"curies":[{"name":"wp","href":"https:\/\/api.w.org\/{rel}","templated":true}]}}