{"id":5252,"date":"2025-12-05T16:34:09","date_gmt":"2025-12-05T16:34:09","guid":{"rendered":"https:\/\/terrasdebasto.pt\/?p=5252"},"modified":"2025-12-05T16:34:09","modified_gmt":"2025-12-05T16:34:09","slug":"cabeceiras-campo-de-futebol-das-cerdeirinhas-precisa-de-mais-obras","status":"publish","type":"post","link":"https:\/\/terrasdebasto.pt\/?p=5252","title":{"rendered":"Cabeceiras: campo de futebol das Cerdeirinhas precisa de mais obras"},"content":{"rendered":"\n<p><\/p>\n\n\n\n<p><strong>O presidente da C\u00e2mara de Cabeceiras de Basto diz que \u00abest\u00e3o identificadas novas interven\u00e7\u00f5es que n\u00e3o estavam inicialmente or\u00e7adas ou contratadas\u00bb relativamente \u00e0 empreitada de reabilita\u00e7\u00e3o do campo de futebol das Cerdeirinhas.<\/strong><\/p>\n\n\n\n<p>A afirma\u00e7\u00e3o \u00e9 de Manuel Ant\u00f3nio Teixeira, feita numa nota relativa \u00e0 visita que fez, na manh\u00e3 desta sexta-feira (5), \u00e0quele equipamento, uma visita em que se fez acompanhar por t\u00e9cnicos municipais e pelos restantes vereadores sociais-democratas, \u00abpara acompanhar a evolu\u00e7\u00e3o das obras em curso e avaliar as condi\u00e7\u00f5es deste importante equipamento desportivo\u00bb.<\/p>\n\n\n\n<p>\u00abEstas obras adicionais s\u00e3o essenciais para que o est\u00e1dio cumpra todos os requisitos de certifica\u00e7\u00e3o pela Associa\u00e7\u00e3o de Futebol de Braga, garantindo condi\u00e7\u00f5es adequadas para a pr\u00e1tica desportiva e para a seguran\u00e7a de atletas e p\u00fablico\u00bb, diz, sem identificar a que interven\u00e7\u00f5es se refere.<\/p>\n\n\n\n<p>De acordo com o autarca, ser\u00e1 ainda realizado um desaterro que permita \u00abque uma futura pista de atletismo possa ser constru\u00edda com as dimens\u00f5es regulamentares para receber competi\u00e7\u00f5es oficiais\u00bb.<\/p>\n\n\n\n<figure class=\"wp-block-gallery has-nested-images columns-default is-cropped wp-block-gallery-1 is-layout-flex wp-block-gallery-is-layout-flex\">\n<figure class=\"wp-block-image size-large\"><img loading=\"lazy\" decoding=\"async\" width=\"1024\" height=\"769\" data-id=\"5254\" src=\"https:\/\/terrasdebasto.pt\/wp-content\/uploads\/2025\/12\/09-1024x769.jpg\" alt=\"\" class=\"wp-image-5254\" srcset=\"https:\/\/terrasdebasto.pt\/wp-content\/uploads\/2025\/12\/09-1024x769.jpg 1024w, https:\/\/terrasdebasto.pt\/wp-content\/uploads\/2025\/12\/09-300x225.jpg 300w, https:\/\/terrasdebasto.pt\/wp-content\/uploads\/2025\/12\/09-768x576.jpg 768w, https:\/\/terrasdebasto.pt\/wp-content\/uploads\/2025\/12\/09-1536x1153.jpg 1536w, https:\/\/terrasdebasto.pt\/wp-content\/uploads\/2025\/12\/09-150x113.jpg 150w, https:\/\/terrasdebasto.pt\/wp-content\/uploads\/2025\/12\/09-696x522.jpg 696w, https:\/\/terrasdebasto.pt\/wp-content\/uploads\/2025\/12\/09-1068x802.jpg 1068w, https:\/\/terrasdebasto.pt\/wp-content\/uploads\/2025\/12\/09-1920x1441.jpg 1920w, https:\/\/terrasdebasto.pt\/wp-content\/uploads\/2025\/12\/09.jpg 2048w\" sizes=\"auto, (max-width: 1024px) 100vw, 1024px\" \/><\/figure>\n<\/figure>\n\n\n\n<figure class=\"wp-block-gallery has-nested-images columns-default is-cropped wp-block-gallery-2 is-layout-flex wp-block-gallery-is-layout-flex\">\n<figure class=\"wp-block-image size-large\"><img loading=\"lazy\" decoding=\"async\" width=\"1024\" height=\"769\" data-id=\"5255\" src=\"https:\/\/terrasdebasto.pt\/wp-content\/uploads\/2025\/12\/11-1024x769.jpg\" alt=\"\" class=\"wp-image-5255\" srcset=\"https:\/\/terrasdebasto.pt\/wp-content\/uploads\/2025\/12\/11-1024x769.jpg 1024w, https:\/\/terrasdebasto.pt\/wp-content\/uploads\/2025\/12\/11-300x225.jpg 300w, https:\/\/terrasdebasto.pt\/wp-content\/uploads\/2025\/12\/11-768x576.jpg 768w, https:\/\/terrasdebasto.pt\/wp-content\/uploads\/2025\/12\/11-1536x1153.jpg 1536w, https:\/\/terrasdebasto.pt\/wp-content\/uploads\/2025\/12\/11-150x113.jpg 150w, https:\/\/terrasdebasto.pt\/wp-content\/uploads\/2025\/12\/11-696x522.jpg 696w, https:\/\/terrasdebasto.pt\/wp-content\/uploads\/2025\/12\/11-1068x802.jpg 1068w, https:\/\/terrasdebasto.pt\/wp-content\/uploads\/2025\/12\/11-1920x1441.jpg 1920w, https:\/\/terrasdebasto.pt\/wp-content\/uploads\/2025\/12\/11.jpg 2048w\" sizes=\"auto, (max-width: 1024px) 100vw, 1024px\" \/><\/figure>\n<\/figure>\n\n\n\n<figure class=\"wp-block-gallery has-nested-images columns-default is-cropped wp-block-gallery-3 is-layout-flex wp-block-gallery-is-layout-flex\">\n<figure class=\"wp-block-image size-large\"><img loading=\"lazy\" decoding=\"async\" width=\"1024\" height=\"769\" data-id=\"5256\" src=\"https:\/\/terrasdebasto.pt\/wp-content\/uploads\/2025\/12\/12-1024x769.jpg\" alt=\"\" class=\"wp-image-5256\" srcset=\"https:\/\/terrasdebasto.pt\/wp-content\/uploads\/2025\/12\/12-1024x769.jpg 1024w, https:\/\/terrasdebasto.pt\/wp-content\/uploads\/2025\/12\/12-300x225.jpg 300w, https:\/\/terrasdebasto.pt\/wp-content\/uploads\/2025\/12\/12-768x576.jpg 768w, https:\/\/terrasdebasto.pt\/wp-content\/uploads\/2025\/12\/12-1536x1153.jpg 1536w, https:\/\/terrasdebasto.pt\/wp-content\/uploads\/2025\/12\/12-150x113.jpg 150w, https:\/\/terrasdebasto.pt\/wp-content\/uploads\/2025\/12\/12-696x522.jpg 696w, https:\/\/terrasdebasto.pt\/wp-content\/uploads\/2025\/12\/12-1068x802.jpg 1068w, https:\/\/terrasdebasto.pt\/wp-content\/uploads\/2025\/12\/12-1920x1441.jpg 1920w, https:\/\/terrasdebasto.pt\/wp-content\/uploads\/2025\/12\/12.jpg 2048w\" sizes=\"auto, (max-width: 1024px) 100vw, 1024px\" \/><\/figure>\n\n\n\n<figure class=\"wp-block-image size-large\"><img loading=\"lazy\" decoding=\"async\" width=\"1024\" height=\"769\" data-id=\"5257\" src=\"https:\/\/terrasdebasto.pt\/wp-content\/uploads\/2025\/12\/593581210_1326356929534099_3148191281105223545_n-1024x769.jpg\" alt=\"\" class=\"wp-image-5257\" srcset=\"https:\/\/terrasdebasto.pt\/wp-content\/uploads\/2025\/12\/593581210_1326356929534099_3148191281105223545_n-1024x769.jpg 1024w, https:\/\/terrasdebasto.pt\/wp-content\/uploads\/2025\/12\/593581210_1326356929534099_3148191281105223545_n-300x225.jpg 300w, https:\/\/terrasdebasto.pt\/wp-content\/uploads\/2025\/12\/593581210_1326356929534099_3148191281105223545_n-768x576.jpg 768w, https:\/\/terrasdebasto.pt\/wp-content\/uploads\/2025\/12\/593581210_1326356929534099_3148191281105223545_n-1536x1153.jpg 1536w, https:\/\/terrasdebasto.pt\/wp-content\/uploads\/2025\/12\/593581210_1326356929534099_3148191281105223545_n-150x113.jpg 150w, https:\/\/terrasdebasto.pt\/wp-content\/uploads\/2025\/12\/593581210_1326356929534099_3148191281105223545_n-696x522.jpg 696w, https:\/\/terrasdebasto.pt\/wp-content\/uploads\/2025\/12\/593581210_1326356929534099_3148191281105223545_n-1068x802.jpg 1068w, https:\/\/terrasdebasto.pt\/wp-content\/uploads\/2025\/12\/593581210_1326356929534099_3148191281105223545_n-1920x1441.jpg 1920w, https:\/\/terrasdebasto.pt\/wp-content\/uploads\/2025\/12\/593581210_1326356929534099_3148191281105223545_n.jpg 2048w\" sizes=\"auto, (max-width: 1024px) 100vw, 1024px\" \/><\/figure>\n<\/figure>\n\n\n\n<figure class=\"wp-block-gallery has-nested-images columns-default is-cropped wp-block-gallery-4 is-layout-flex wp-block-gallery-is-layout-flex\">\n<figure class=\"wp-block-image size-large\"><img loading=\"lazy\" decoding=\"async\" width=\"1024\" height=\"769\" data-id=\"5258\" src=\"https:\/\/terrasdebasto.pt\/wp-content\/uploads\/2025\/12\/594135765_1326356819534110_1654558751037791274_n-1024x769.jpg\" alt=\"\" class=\"wp-image-5258\" srcset=\"https:\/\/terrasdebasto.pt\/wp-content\/uploads\/2025\/12\/594135765_1326356819534110_1654558751037791274_n-1024x769.jpg 1024w, https:\/\/terrasdebasto.pt\/wp-content\/uploads\/2025\/12\/594135765_1326356819534110_1654558751037791274_n-300x225.jpg 300w, https:\/\/terrasdebasto.pt\/wp-content\/uploads\/2025\/12\/594135765_1326356819534110_1654558751037791274_n-768x576.jpg 768w, https:\/\/terrasdebasto.pt\/wp-content\/uploads\/2025\/12\/594135765_1326356819534110_1654558751037791274_n-1536x1153.jpg 1536w, https:\/\/terrasdebasto.pt\/wp-content\/uploads\/2025\/12\/594135765_1326356819534110_1654558751037791274_n-150x113.jpg 150w, https:\/\/terrasdebasto.pt\/wp-content\/uploads\/2025\/12\/594135765_1326356819534110_1654558751037791274_n-696x522.jpg 696w, https:\/\/terrasdebasto.pt\/wp-content\/uploads\/2025\/12\/594135765_1326356819534110_1654558751037791274_n-1068x802.jpg 1068w, https:\/\/terrasdebasto.pt\/wp-content\/uploads\/2025\/12\/594135765_1326356819534110_1654558751037791274_n-1920x1441.jpg 1920w, https:\/\/terrasdebasto.pt\/wp-content\/uploads\/2025\/12\/594135765_1326356819534110_1654558751037791274_n.jpg 2048w\" sizes=\"auto, (max-width: 1024px) 100vw, 1024px\" \/><\/figure>\n\n\n\n<figure class=\"wp-block-image size-large\"><img loading=\"lazy\" decoding=\"async\" width=\"1024\" height=\"769\" data-id=\"5259\" src=\"https:\/\/terrasdebasto.pt\/wp-content\/uploads\/2025\/12\/594975650_1326356869534105_2009827823488478775_n-1024x769.jpg\" alt=\"\" class=\"wp-image-5259\" srcset=\"https:\/\/terrasdebasto.pt\/wp-content\/uploads\/2025\/12\/594975650_1326356869534105_2009827823488478775_n-1024x769.jpg 1024w, https:\/\/terrasdebasto.pt\/wp-content\/uploads\/2025\/12\/594975650_1326356869534105_2009827823488478775_n-300x225.jpg 300w, https:\/\/terrasdebasto.pt\/wp-content\/uploads\/2025\/12\/594975650_1326356869534105_2009827823488478775_n-768x576.jpg 768w, https:\/\/terrasdebasto.pt\/wp-content\/uploads\/2025\/12\/594975650_1326356869534105_2009827823488478775_n-1536x1153.jpg 1536w, https:\/\/terrasdebasto.pt\/wp-content\/uploads\/2025\/12\/594975650_1326356869534105_2009827823488478775_n-150x113.jpg 150w, https:\/\/terrasdebasto.pt\/wp-content\/uploads\/2025\/12\/594975650_1326356869534105_2009827823488478775_n-696x522.jpg 696w, https:\/\/terrasdebasto.pt\/wp-content\/uploads\/2025\/12\/594975650_1326356869534105_2009827823488478775_n-1068x802.jpg 1068w, https:\/\/terrasdebasto.pt\/wp-content\/uploads\/2025\/12\/594975650_1326356869534105_2009827823488478775_n-1920x1441.jpg 1920w, https:\/\/terrasdebasto.pt\/wp-content\/uploads\/2025\/12\/594975650_1326356869534105_2009827823488478775_n.jpg 2048w\" sizes=\"auto, (max-width: 1024px) 100vw, 1024px\" \/><\/figure>\n<\/figure>\n\n\n\n<figure class=\"wp-block-gallery has-nested-images columns-default is-cropped wp-block-gallery-5 is-layout-flex wp-block-gallery-is-layout-flex\">\n<figure class=\"wp-block-image size-large\"><img loading=\"lazy\" decoding=\"async\" width=\"1024\" height=\"769\" data-id=\"5260\" src=\"https:\/\/terrasdebasto.pt\/wp-content\/uploads\/2025\/12\/594976762_1326357109534081_3310809640400967778_n-1024x769.jpg\" alt=\"\" class=\"wp-image-5260\" srcset=\"https:\/\/terrasdebasto.pt\/wp-content\/uploads\/2025\/12\/594976762_1326357109534081_3310809640400967778_n-1024x769.jpg 1024w, https:\/\/terrasdebasto.pt\/wp-content\/uploads\/2025\/12\/594976762_1326357109534081_3310809640400967778_n-300x225.jpg 300w, https:\/\/terrasdebasto.pt\/wp-content\/uploads\/2025\/12\/594976762_1326357109534081_3310809640400967778_n-768x576.jpg 768w, https:\/\/terrasdebasto.pt\/wp-content\/uploads\/2025\/12\/594976762_1326357109534081_3310809640400967778_n-1536x1153.jpg 1536w, https:\/\/terrasdebasto.pt\/wp-content\/uploads\/2025\/12\/594976762_1326357109534081_3310809640400967778_n-150x113.jpg 150w, https:\/\/terrasdebasto.pt\/wp-content\/uploads\/2025\/12\/594976762_1326357109534081_3310809640400967778_n-696x522.jpg 696w, https:\/\/terrasdebasto.pt\/wp-content\/uploads\/2025\/12\/594976762_1326357109534081_3310809640400967778_n-1068x802.jpg 1068w, https:\/\/terrasdebasto.pt\/wp-content\/uploads\/2025\/12\/594976762_1326357109534081_3310809640400967778_n-1920x1441.jpg 1920w, https:\/\/terrasdebasto.pt\/wp-content\/uploads\/2025\/12\/594976762_1326357109534081_3310809640400967778_n.jpg 2048w\" sizes=\"auto, (max-width: 1024px) 100vw, 1024px\" \/><\/figure>\n<\/figure>\n","protected":false},"excerpt":{"rendered":"<p>O presidente da C\u00e2mara de Cabeceiras de Basto diz que \u00abest\u00e3o identificadas novas interven\u00e7\u00f5es que n\u00e3o estavam inicialmente or\u00e7adas ou contratadas\u00bb relativamente \u00e0 empreitada de reabilita\u00e7\u00e3o do campo de futebol das Cerdeirinhas. A afirma\u00e7\u00e3o \u00e9 de Manuel Ant\u00f3nio Teixeira, feita numa nota relativa \u00e0 visita que fez, na manh\u00e3 desta sexta-feira (5), \u00e0quele equipamento, uma [&hellip;]<\/p>\n","protected":false},"author":7,"featured_media":5253,"comment_status":"open","ping_status":"open","sticky":false,"template":"","format":"standard","meta":{"footnotes":""},"categories":[12,8,9],"tags":[29,1254,240],"class_list":{"0":"post-5252","1":"post","2":"type-post","3":"status-publish","4":"format-standard","5":"has-post-thumbnail","7":"category-cabeceiras-de-basto","8":"category-desporto","9":"category-terras-de-basto","10":"tag-cabeceiras-de-basto","11":"tag-campo-de-futebol-das-cerdeirinhas","12":"tag-obras"},"yoast_head":"<!-- This site is optimized with the Yoast SEO plugin v25.7 - https:\/\/yoast.com\/wordpress\/plugins\/seo\/ -->\n<title>Cabeceiras: campo de futebol das Cerdeirinhas precisa de mais obras - Jornal Terras de Basto<\/title>\n<meta name=\"description\" content=\"O presidente da C\u00e2mara de Cabeceiras de Basto diz que \u00abest\u00e3o identificadas novas interven\u00e7\u00f5es que n\u00e3o estavam inicialmente or\u00e7adas ou contratadas\u00bb relativamente \u00e0 empreitada de reabilita\u00e7\u00e3o do campo de futebol das Cerdeirinhas.\" \/>\n<meta name=\"robots\" content=\"index, follow, max-snippet:-1, max-image-preview:large, max-video-preview:-1\" \/>\n<link rel=\"canonical\" href=\"https:\/\/terrasdebasto.pt\/?p=5252\" \/>\n<meta property=\"og:locale\" content=\"pt_PT\" \/>\n<meta property=\"og:type\" content=\"article\" \/>\n<meta property=\"og:title\" content=\"Cabeceiras: campo de futebol das Cerdeirinhas precisa de mais obras - Jornal Terras de Basto\" \/>\n<meta property=\"og:description\" content=\"O presidente da C\u00e2mara de Cabeceiras de Basto diz que \u00abest\u00e3o identificadas novas interven\u00e7\u00f5es que n\u00e3o estavam inicialmente or\u00e7adas ou contratadas\u00bb relativamente \u00e0 empreitada de reabilita\u00e7\u00e3o do campo de futebol das Cerdeirinhas.\" \/>\n<meta property=\"og:url\" content=\"https:\/\/terrasdebasto.pt\/?p=5252\" \/>\n<meta property=\"og:site_name\" content=\"Jornal Terras de Basto\" \/>\n<meta property=\"article:published_time\" content=\"2025-12-05T16:34:09+00:00\" \/>\n<meta property=\"og:image\" content=\"https:\/\/terrasdebasto.pt\/wp-content\/uploads\/2025\/12\/10.jpg\" \/>\n\t<meta property=\"og:image:width\" content=\"1901\" \/>\n\t<meta property=\"og:image:height\" content=\"1427\" \/>\n\t<meta property=\"og:image:type\" content=\"image\/jpeg\" \/>\n<meta name=\"author\" content=\"Jo\u00e3o Paulo Mesquita\" \/>\n<meta name=\"twitter:card\" content=\"summary_large_image\" \/>\n<meta name=\"twitter:label1\" content=\"Escrito por\" \/>\n\t<meta name=\"twitter:data1\" content=\"Jo\u00e3o Paulo Mesquita\" \/>\n\t<meta name=\"twitter:label2\" content=\"Tempo estimado de leitura\" \/>\n\t<meta name=\"twitter:data2\" content=\"3 minutos\" \/>\n<script type=\"application\/ld+json\" class=\"yoast-schema-graph\">{\"@context\":\"https:\/\/schema.org\",\"@graph\":[{\"@type\":\"Article\",\"@id\":\"https:\/\/terrasdebasto.pt\/?p=5252#article\",\"isPartOf\":{\"@id\":\"https:\/\/terrasdebasto.pt\/?p=5252\"},\"author\":{\"name\":\"Jo\u00e3o Paulo Mesquita\",\"@id\":\"https:\/\/terrasdebasto.pt\/#\/schema\/person\/9f6739f5394ac65c802641773b278b84\"},\"headline\":\"Cabeceiras: campo de futebol das Cerdeirinhas precisa de mais obras\",\"datePublished\":\"2025-12-05T16:34:09+00:00\",\"mainEntityOfPage\":{\"@id\":\"https:\/\/terrasdebasto.pt\/?p=5252\"},\"wordCount\":187,\"commentCount\":0,\"publisher\":{\"@id\":\"https:\/\/terrasdebasto.pt\/#organization\"},\"image\":{\"@id\":\"https:\/\/terrasdebasto.pt\/?p=5252#primaryimage\"},\"thumbnailUrl\":\"https:\/\/terrasdebasto.pt\/wp-content\/uploads\/2025\/12\/10.jpg\",\"keywords\":[\"Cabeceiras de Basto\",\"Campo de futebol das Cerdeirinhas\",\"Obras\"],\"articleSection\":[\"Cabeceiras de Basto\",\"Desporto\",\"Terras de Basto\"],\"inLanguage\":\"pt-PT\",\"potentialAction\":[{\"@type\":\"CommentAction\",\"name\":\"Comment\",\"target\":[\"https:\/\/terrasdebasto.pt\/?p=5252#respond\"]}]},{\"@type\":\"WebPage\",\"@id\":\"https:\/\/terrasdebasto.pt\/?p=5252\",\"url\":\"https:\/\/terrasdebasto.pt\/?p=5252\",\"name\":\"Cabeceiras: campo de futebol das Cerdeirinhas precisa de mais obras - Jornal Terras de Basto\",\"isPartOf\":{\"@id\":\"https:\/\/terrasdebasto.pt\/#website\"},\"primaryImageOfPage\":{\"@id\":\"https:\/\/terrasdebasto.pt\/?p=5252#primaryimage\"},\"image\":{\"@id\":\"https:\/\/terrasdebasto.pt\/?p=5252#primaryimage\"},\"thumbnailUrl\":\"https:\/\/terrasdebasto.pt\/wp-content\/uploads\/2025\/12\/10.jpg\",\"datePublished\":\"2025-12-05T16:34:09+00:00\",\"description\":\"O presidente da C\u00e2mara de Cabeceiras de Basto diz que \u00abest\u00e3o identificadas novas interven\u00e7\u00f5es que n\u00e3o estavam inicialmente or\u00e7adas ou contratadas\u00bb relativamente \u00e0 empreitada de reabilita\u00e7\u00e3o do campo de futebol das Cerdeirinhas.\",\"breadcrumb\":{\"@id\":\"https:\/\/terrasdebasto.pt\/?p=5252#breadcrumb\"},\"inLanguage\":\"pt-PT\",\"potentialAction\":[{\"@type\":\"ReadAction\",\"target\":[\"https:\/\/terrasdebasto.pt\/?p=5252\"]}]},{\"@type\":\"ImageObject\",\"inLanguage\":\"pt-PT\",\"@id\":\"https:\/\/terrasdebasto.pt\/?p=5252#primaryimage\",\"url\":\"https:\/\/terrasdebasto.pt\/wp-content\/uploads\/2025\/12\/10.jpg\",\"contentUrl\":\"https:\/\/terrasdebasto.pt\/wp-content\/uploads\/2025\/12\/10.jpg\",\"width\":1901,\"height\":1427},{\"@type\":\"BreadcrumbList\",\"@id\":\"https:\/\/terrasdebasto.pt\/?p=5252#breadcrumb\",\"itemListElement\":[{\"@type\":\"ListItem\",\"position\":1,\"name\":\"In\u00edcio\",\"item\":\"https:\/\/terrasdebasto.pt\/\"},{\"@type\":\"ListItem\",\"position\":2,\"name\":\"Cabeceiras: campo de futebol das Cerdeirinhas precisa de mais obras\"}]},{\"@type\":\"WebSite\",\"@id\":\"https:\/\/terrasdebasto.pt\/#website\",\"url\":\"https:\/\/terrasdebasto.pt\/\",\"name\":\"Jornal Terras de Basto\",\"description\":\"\",\"publisher\":{\"@id\":\"https:\/\/terrasdebasto.pt\/#organization\"},\"potentialAction\":[{\"@type\":\"SearchAction\",\"target\":{\"@type\":\"EntryPoint\",\"urlTemplate\":\"https:\/\/terrasdebasto.pt\/?s={search_term_string}\"},\"query-input\":{\"@type\":\"PropertyValueSpecification\",\"valueRequired\":true,\"valueName\":\"search_term_string\"}}],\"inLanguage\":\"pt-PT\"},{\"@type\":\"Organization\",\"@id\":\"https:\/\/terrasdebasto.pt\/#organization\",\"name\":\"Jornal Terras de Basto\",\"url\":\"https:\/\/terrasdebasto.pt\/\",\"logo\":{\"@type\":\"ImageObject\",\"inLanguage\":\"pt-PT\",\"@id\":\"https:\/\/terrasdebasto.pt\/#\/schema\/logo\/image\/\",\"url\":\"https:\/\/terrasdebasto.pt\/wp-content\/uploads\/2024\/06\/LogoNormal.png\",\"contentUrl\":\"https:\/\/terrasdebasto.pt\/wp-content\/uploads\/2024\/06\/LogoNormal.png\",\"width\":5638,\"height\":809,\"caption\":\"Jornal Terras de Basto\"},\"image\":{\"@id\":\"https:\/\/terrasdebasto.pt\/#\/schema\/logo\/image\/\"}},{\"@type\":\"Person\",\"@id\":\"https:\/\/terrasdebasto.pt\/#\/schema\/person\/9f6739f5394ac65c802641773b278b84\",\"name\":\"Jo\u00e3o Paulo Mesquita\",\"image\":{\"@type\":\"ImageObject\",\"inLanguage\":\"pt-PT\",\"@id\":\"https:\/\/terrasdebasto.pt\/#\/schema\/person\/image\/\",\"url\":\"https:\/\/secure.gravatar.com\/avatar\/9bd0f299e6d96336664aab64354168246a3ee3287c47891c50d450e47ed9d7f9?s=96&d=mm&r=g\",\"contentUrl\":\"https:\/\/secure.gravatar.com\/avatar\/9bd0f299e6d96336664aab64354168246a3ee3287c47891c50d450e47ed9d7f9?s=96&d=mm&r=g\",\"caption\":\"Jo\u00e3o Paulo Mesquita\"},\"url\":\"https:\/\/terrasdebasto.pt\/?author=7\"}]}<\/script>\n<!-- \/ Yoast SEO plugin. -->","yoast_head_json":{"title":"Cabeceiras: campo de futebol das Cerdeirinhas precisa de mais obras - Jornal Terras de Basto","description":"O presidente da C\u00e2mara de Cabeceiras de Basto diz que \u00abest\u00e3o identificadas novas interven\u00e7\u00f5es que n\u00e3o estavam inicialmente or\u00e7adas ou contratadas\u00bb relativamente \u00e0 empreitada de reabilita\u00e7\u00e3o do campo de futebol das Cerdeirinhas.","robots":{"index":"index","follow":"follow","max-snippet":"max-snippet:-1","max-image-preview":"max-image-preview:large","max-video-preview":"max-video-preview:-1"},"canonical":"https:\/\/terrasdebasto.pt\/?p=5252","og_locale":"pt_PT","og_type":"article","og_title":"Cabeceiras: campo de futebol das Cerdeirinhas precisa de mais obras - Jornal Terras de Basto","og_description":"O presidente da C\u00e2mara de Cabeceiras de Basto diz que \u00abest\u00e3o identificadas novas interven\u00e7\u00f5es que n\u00e3o estavam inicialmente or\u00e7adas ou contratadas\u00bb relativamente \u00e0 empreitada de reabilita\u00e7\u00e3o do campo de futebol das Cerdeirinhas.","og_url":"https:\/\/terrasdebasto.pt\/?p=5252","og_site_name":"Jornal Terras de Basto","article_published_time":"2025-12-05T16:34:09+00:00","og_image":[{"width":1901,"height":1427,"url":"https:\/\/terrasdebasto.pt\/wp-content\/uploads\/2025\/12\/10.jpg","type":"image\/jpeg"}],"author":"Jo\u00e3o Paulo Mesquita","twitter_card":"summary_large_image","twitter_misc":{"Escrito por":"Jo\u00e3o Paulo Mesquita","Tempo estimado de leitura":"3 minutos"},"schema":{"@context":"https:\/\/schema.org","@graph":[{"@type":"Article","@id":"https:\/\/terrasdebasto.pt\/?p=5252#article","isPartOf":{"@id":"https:\/\/terrasdebasto.pt\/?p=5252"},"author":{"name":"Jo\u00e3o Paulo Mesquita","@id":"https:\/\/terrasdebasto.pt\/#\/schema\/person\/9f6739f5394ac65c802641773b278b84"},"headline":"Cabeceiras: campo de futebol das Cerdeirinhas precisa de mais obras","datePublished":"2025-12-05T16:34:09+00:00","mainEntityOfPage":{"@id":"https:\/\/terrasdebasto.pt\/?p=5252"},"wordCount":187,"commentCount":0,"publisher":{"@id":"https:\/\/terrasdebasto.pt\/#organization"},"image":{"@id":"https:\/\/terrasdebasto.pt\/?p=5252#primaryimage"},"thumbnailUrl":"https:\/\/terrasdebasto.pt\/wp-content\/uploads\/2025\/12\/10.jpg","keywords":["Cabeceiras de Basto","Campo de futebol das Cerdeirinhas","Obras"],"articleSection":["Cabeceiras de Basto","Desporto","Terras de Basto"],"inLanguage":"pt-PT","potentialAction":[{"@type":"CommentAction","name":"Comment","target":["https:\/\/terrasdebasto.pt\/?p=5252#respond"]}]},{"@type":"WebPage","@id":"https:\/\/terrasdebasto.pt\/?p=5252","url":"https:\/\/terrasdebasto.pt\/?p=5252","name":"Cabeceiras: campo de futebol das Cerdeirinhas precisa de mais obras - Jornal Terras de Basto","isPartOf":{"@id":"https:\/\/terrasdebasto.pt\/#website"},"primaryImageOfPage":{"@id":"https:\/\/terrasdebasto.pt\/?p=5252#primaryimage"},"image":{"@id":"https:\/\/terrasdebasto.pt\/?p=5252#primaryimage"},"thumbnailUrl":"https:\/\/terrasdebasto.pt\/wp-content\/uploads\/2025\/12\/10.jpg","datePublished":"2025-12-05T16:34:09+00:00","description":"O presidente da C\u00e2mara de Cabeceiras de Basto diz que \u00abest\u00e3o identificadas novas interven\u00e7\u00f5es que n\u00e3o estavam inicialmente or\u00e7adas ou contratadas\u00bb relativamente \u00e0 empreitada de reabilita\u00e7\u00e3o do campo de futebol das Cerdeirinhas.","breadcrumb":{"@id":"https:\/\/terrasdebasto.pt\/?p=5252#breadcrumb"},"inLanguage":"pt-PT","potentialAction":[{"@type":"ReadAction","target":["https:\/\/terrasdebasto.pt\/?p=5252"]}]},{"@type":"ImageObject","inLanguage":"pt-PT","@id":"https:\/\/terrasdebasto.pt\/?p=5252#primaryimage","url":"https:\/\/terrasdebasto.pt\/wp-content\/uploads\/2025\/12\/10.jpg","contentUrl":"https:\/\/terrasdebasto.pt\/wp-content\/uploads\/2025\/12\/10.jpg","width":1901,"height":1427},{"@type":"BreadcrumbList","@id":"https:\/\/terrasdebasto.pt\/?p=5252#breadcrumb","itemListElement":[{"@type":"ListItem","position":1,"name":"In\u00edcio","item":"https:\/\/terrasdebasto.pt\/"},{"@type":"ListItem","position":2,"name":"Cabeceiras: campo de futebol das Cerdeirinhas precisa de mais obras"}]},{"@type":"WebSite","@id":"https:\/\/terrasdebasto.pt\/#website","url":"https:\/\/terrasdebasto.pt\/","name":"Jornal Terras de Basto","description":"","publisher":{"@id":"https:\/\/terrasdebasto.pt\/#organization"},"potentialAction":[{"@type":"SearchAction","target":{"@type":"EntryPoint","urlTemplate":"https:\/\/terrasdebasto.pt\/?s={search_term_string}"},"query-input":{"@type":"PropertyValueSpecification","valueRequired":true,"valueName":"search_term_string"}}],"inLanguage":"pt-PT"},{"@type":"Organization","@id":"https:\/\/terrasdebasto.pt\/#organization","name":"Jornal Terras de Basto","url":"https:\/\/terrasdebasto.pt\/","logo":{"@type":"ImageObject","inLanguage":"pt-PT","@id":"https:\/\/terrasdebasto.pt\/#\/schema\/logo\/image\/","url":"https:\/\/terrasdebasto.pt\/wp-content\/uploads\/2024\/06\/LogoNormal.png","contentUrl":"https:\/\/terrasdebasto.pt\/wp-content\/uploads\/2024\/06\/LogoNormal.png","width":5638,"height":809,"caption":"Jornal Terras de Basto"},"image":{"@id":"https:\/\/terrasdebasto.pt\/#\/schema\/logo\/image\/"}},{"@type":"Person","@id":"https:\/\/terrasdebasto.pt\/#\/schema\/person\/9f6739f5394ac65c802641773b278b84","name":"Jo\u00e3o Paulo Mesquita","image":{"@type":"ImageObject","inLanguage":"pt-PT","@id":"https:\/\/terrasdebasto.pt\/#\/schema\/person\/image\/","url":"https:\/\/secure.gravatar.com\/avatar\/9bd0f299e6d96336664aab64354168246a3ee3287c47891c50d450e47ed9d7f9?s=96&d=mm&r=g","contentUrl":"https:\/\/secure.gravatar.com\/avatar\/9bd0f299e6d96336664aab64354168246a3ee3287c47891c50d450e47ed9d7f9?s=96&d=mm&r=g","caption":"Jo\u00e3o Paulo Mesquita"},"url":"https:\/\/terrasdebasto.pt\/?author=7"}]}},"_links":{"self":[{"href":"https:\/\/terrasdebasto.pt\/index.php?rest_route=\/wp\/v2\/posts\/5252","targetHints":{"allow":["GET"]}}],"collection":[{"href":"https:\/\/terrasdebasto.pt\/index.php?rest_route=\/wp\/v2\/posts"}],"about":[{"href":"https:\/\/terrasdebasto.pt\/index.php?rest_route=\/wp\/v2\/types\/post"}],"author":[{"embeddable":true,"href":"https:\/\/terrasdebasto.pt\/index.php?rest_route=\/wp\/v2\/users\/7"}],"replies":[{"embeddable":true,"href":"https:\/\/terrasdebasto.pt\/index.php?rest_route=%2Fwp%2Fv2%2Fcomments&post=5252"}],"version-history":[{"count":1,"href":"https:\/\/terrasdebasto.pt\/index.php?rest_route=\/wp\/v2\/posts\/5252\/revisions"}],"predecessor-version":[{"id":5261,"href":"https:\/\/terrasdebasto.pt\/index.php?rest_route=\/wp\/v2\/posts\/5252\/revisions\/5261"}],"wp:featuredmedia":[{"embeddable":true,"href":"https:\/\/terrasdebasto.pt\/index.php?rest_route=\/wp\/v2\/media\/5253"}],"wp:attachment":[{"href":"https:\/\/terrasdebasto.pt\/index.php?rest_route=%2Fwp%2Fv2%2Fmedia&parent=5252"}],"wp:term":[{"taxonomy":"category","embeddable":true,"href":"https:\/\/terrasdebasto.pt\/index.php?rest_route=%2Fwp%2Fv2%2Fcategories&post=5252"},{"taxonomy":"post_tag","embeddable":true,"href":"https:\/\/terrasdebasto.pt\/index.php?rest_route=%2Fwp%2Fv2%2Ftags&post=5252"}],"curies":[{"name":"wp","href":"https:\/\/api.w.org\/{rel}","templated":true}]}}