{"id":5245,"date":"2025-12-04T19:48:01","date_gmt":"2025-12-04T19:48:01","guid":{"rendered":"https:\/\/terrasdebasto.pt\/?p=5245"},"modified":"2025-12-04T19:48:01","modified_gmt":"2025-12-04T19:48:01","slug":"cabeceiras-socialista-elisabete-ribeiro-renuncia-a-assembleia","status":"publish","type":"post","link":"https:\/\/terrasdebasto.pt\/?p=5245","title":{"rendered":"Cabeceiras: socialista Elisabete Ribeiro renuncia \u00e0 Assembleia"},"content":{"rendered":"\n<p><\/p>\n\n\n\n<p><strong>Elisabete Ribeiro, destacada militante do Partido Socialista em Cabeceiras de Basto, acaba de renunciar \u00e0 sua integra\u00e7\u00e3o na Assembleia Municipal, confirmou o Terras de Basto com a pr\u00f3pria.<\/strong><\/p>\n\n\n\n<p>Professora, a lecionar fora do concelho, alega \u00abraz\u00f5es profissionais\u00bb para esta tomada de decis\u00e3o, evitando considera\u00e7\u00f5es do foro partid\u00e1rio.<\/p>\n\n\n\n<p>Elisabete Ribeiro integrou a candidatura do PS \u00e0 Assembleia Municipal nas aut\u00e1rquicas de 12 de outubro em s\u00e9timo lugar, tendo sido agora chamada a assumir o lugar por for\u00e7a da demiss\u00e3o, anunciada sexta-feira (5), da cabe\u00e7a-de-lista, Andreia Ribeiro.<\/p>\n\n\n\n<p>A ren\u00fancia em refer\u00eancia sucede-se a um conjunto de demiss\u00f5es em v\u00e1rias inst\u00e2ncias do PS\/Cabeceiras de Basto, desde logo a do pr\u00f3prio presidente da comiss\u00e3o pol\u00edtica concelhia, Fernando Basto, substitu\u00eddo esta quarta-feira (3) pela \u201cn\u00famero dois\u201d deste \u00f3rg\u00e3o, Carla Lousada.<\/p>\n\n\n\n<p>As demiss\u00f5es come\u00e7aram h\u00e1 j\u00e1 algum tempo, com a sa\u00edda da l\u00edder da Juventude Socialista, Ana Catarina Carvalho, que alegou \u00abfalta de solidariedade\u00bb no interior da equipa com que tinha sido eleita uma semana antes.<\/p>\n\n\n\n<p>A ren\u00fancia de Elisabete Ribeiro \u00e0 Assembleia Municipal faz com que a bancada dos eleitos socialistas se apresente agora equilibrada entre representantes do partido e membros afetos ao ex-movimento de cidad\u00e3os \u201cIndependentes por Cabeceiras\u201d: N\u00f3brega de Moura (IPC) sobe agora ao primeiro lugar dos eleitos, preparando-se para liderar a bancada, vontade que est\u00e1 j\u00e1 a motivar contesta\u00e7\u00e3o evidente por parte dos militantes socialistas.<\/p>\n\n\n\n<p>A N\u00f3brega de Moura juntam-se Sofia Nunes, tamb\u00e9m IPC, e agora, vindo do oitavo lugar da lista, outro IPC, Pedro Teixeira, filho do empres\u00e1rio Joaquim Teixeira. A par destes tr\u00eas \u201cindependentes\u201d, a bancada conta com tr\u00eas socialistas: Pedro Oliveira, que foi diretor de campanha, Manuel Carneiro e Manuel Gon\u00e7alves. Este \u00faltimo tornou tamb\u00e9m p\u00fablica a sua demiss\u00e3o de membro da dire\u00e7\u00e3o da bancada. [JPM].<\/p>\n","protected":false},"excerpt":{"rendered":"<p>Elisabete Ribeiro, destacada militante do Partido Socialista em Cabeceiras de Basto, acaba de renunciar \u00e0 sua integra\u00e7\u00e3o na Assembleia Municipal, confirmou o Terras de Basto com a pr\u00f3pria. Professora, a lecionar fora do concelho, alega \u00abraz\u00f5es profissionais\u00bb para esta tomada de decis\u00e3o, evitando considera\u00e7\u00f5es do foro partid\u00e1rio. Elisabete Ribeiro integrou a candidatura do PS \u00e0 [&hellip;]<\/p>\n","protected":false},"author":7,"featured_media":5246,"comment_status":"open","ping_status":"open","sticky":false,"template":"","format":"standard","meta":{"footnotes":""},"categories":[12,9],"tags":[803,1252,251],"class_list":{"0":"post-5245","1":"post","2":"type-post","3":"status-publish","4":"format-standard","5":"has-post-thumbnail","7":"category-cabeceiras-de-basto","8":"category-terras-de-basto","9":"tag-assembleia-municipal-de-cabeceiras-de-basto","10":"tag-elisabete-ribeiro","11":"tag-ps-cabeceiras-de-basto"},"yoast_head":"<!-- This site is optimized with the Yoast SEO plugin v25.7 - https:\/\/yoast.com\/wordpress\/plugins\/seo\/ -->\n<title>Cabeceiras: socialista Elisabete Ribeiro renuncia \u00e0 Assembleia - Jornal Terras de Basto<\/title>\n<meta name=\"description\" content=\"Elisabete Ribeiro, destacada militante do Partido Socialista em Cabeceiras de Basto, acaba de renunciar \u00e0 sua integra\u00e7\u00e3o na Assembleia Municipal, confirmou o Terras de Basto com a pr\u00f3pria.\" \/>\n<meta name=\"robots\" content=\"index, follow, max-snippet:-1, max-image-preview:large, max-video-preview:-1\" \/>\n<link rel=\"canonical\" href=\"https:\/\/terrasdebasto.pt\/?p=5245\" \/>\n<meta property=\"og:locale\" content=\"pt_PT\" \/>\n<meta property=\"og:type\" content=\"article\" \/>\n<meta property=\"og:title\" content=\"Cabeceiras: socialista Elisabete Ribeiro renuncia \u00e0 Assembleia - Jornal Terras de Basto\" \/>\n<meta property=\"og:description\" content=\"Elisabete Ribeiro, destacada militante do Partido Socialista em Cabeceiras de Basto, acaba de renunciar \u00e0 sua integra\u00e7\u00e3o na Assembleia Municipal, confirmou o Terras de Basto com a pr\u00f3pria.\" \/>\n<meta property=\"og:url\" content=\"https:\/\/terrasdebasto.pt\/?p=5245\" \/>\n<meta property=\"og:site_name\" content=\"Jornal Terras de Basto\" \/>\n<meta property=\"article:published_time\" content=\"2025-12-04T19:48:01+00:00\" \/>\n<meta property=\"og:image\" content=\"https:\/\/terrasdebasto.pt\/wp-content\/uploads\/2025\/12\/ELISABETE-RIBEIRO.jpg\" \/>\n\t<meta property=\"og:image:width\" content=\"1278\" \/>\n\t<meta property=\"og:image:height\" content=\"932\" \/>\n\t<meta property=\"og:image:type\" content=\"image\/jpeg\" \/>\n<meta name=\"author\" content=\"Jo\u00e3o Paulo Mesquita\" \/>\n<meta name=\"twitter:card\" content=\"summary_large_image\" \/>\n<meta name=\"twitter:label1\" content=\"Escrito por\" \/>\n\t<meta name=\"twitter:data1\" content=\"Jo\u00e3o Paulo Mesquita\" \/>\n\t<meta name=\"twitter:label2\" content=\"Tempo estimado de leitura\" \/>\n\t<meta name=\"twitter:data2\" content=\"2 minutos\" \/>\n<script type=\"application\/ld+json\" class=\"yoast-schema-graph\">{\"@context\":\"https:\/\/schema.org\",\"@graph\":[{\"@type\":\"Article\",\"@id\":\"https:\/\/terrasdebasto.pt\/?p=5245#article\",\"isPartOf\":{\"@id\":\"https:\/\/terrasdebasto.pt\/?p=5245\"},\"author\":{\"name\":\"Jo\u00e3o Paulo Mesquita\",\"@id\":\"https:\/\/terrasdebasto.pt\/#\/schema\/person\/9f6739f5394ac65c802641773b278b84\"},\"headline\":\"Cabeceiras: socialista Elisabete Ribeiro renuncia \u00e0 Assembleia\",\"datePublished\":\"2025-12-04T19:48:01+00:00\",\"mainEntityOfPage\":{\"@id\":\"https:\/\/terrasdebasto.pt\/?p=5245\"},\"wordCount\":328,\"commentCount\":0,\"publisher\":{\"@id\":\"https:\/\/terrasdebasto.pt\/#organization\"},\"image\":{\"@id\":\"https:\/\/terrasdebasto.pt\/?p=5245#primaryimage\"},\"thumbnailUrl\":\"https:\/\/terrasdebasto.pt\/wp-content\/uploads\/2025\/12\/ELISABETE-RIBEIRO.jpg\",\"keywords\":[\"Assembleia Municipal de Cabeceiras de Basto\",\"Elisabete Ribeiro\",\"PS\/Cabeceiras de Basto\"],\"articleSection\":[\"Cabeceiras de Basto\",\"Terras de Basto\"],\"inLanguage\":\"pt-PT\",\"potentialAction\":[{\"@type\":\"CommentAction\",\"name\":\"Comment\",\"target\":[\"https:\/\/terrasdebasto.pt\/?p=5245#respond\"]}]},{\"@type\":\"WebPage\",\"@id\":\"https:\/\/terrasdebasto.pt\/?p=5245\",\"url\":\"https:\/\/terrasdebasto.pt\/?p=5245\",\"name\":\"Cabeceiras: socialista Elisabete Ribeiro renuncia \u00e0 Assembleia - Jornal Terras de Basto\",\"isPartOf\":{\"@id\":\"https:\/\/terrasdebasto.pt\/#website\"},\"primaryImageOfPage\":{\"@id\":\"https:\/\/terrasdebasto.pt\/?p=5245#primaryimage\"},\"image\":{\"@id\":\"https:\/\/terrasdebasto.pt\/?p=5245#primaryimage\"},\"thumbnailUrl\":\"https:\/\/terrasdebasto.pt\/wp-content\/uploads\/2025\/12\/ELISABETE-RIBEIRO.jpg\",\"datePublished\":\"2025-12-04T19:48:01+00:00\",\"description\":\"Elisabete Ribeiro, destacada militante do Partido Socialista em Cabeceiras de Basto, acaba de renunciar \u00e0 sua integra\u00e7\u00e3o na Assembleia Municipal, confirmou o Terras de Basto com a pr\u00f3pria.\",\"breadcrumb\":{\"@id\":\"https:\/\/terrasdebasto.pt\/?p=5245#breadcrumb\"},\"inLanguage\":\"pt-PT\",\"potentialAction\":[{\"@type\":\"ReadAction\",\"target\":[\"https:\/\/terrasdebasto.pt\/?p=5245\"]}]},{\"@type\":\"ImageObject\",\"inLanguage\":\"pt-PT\",\"@id\":\"https:\/\/terrasdebasto.pt\/?p=5245#primaryimage\",\"url\":\"https:\/\/terrasdebasto.pt\/wp-content\/uploads\/2025\/12\/ELISABETE-RIBEIRO.jpg\",\"contentUrl\":\"https:\/\/terrasdebasto.pt\/wp-content\/uploads\/2025\/12\/ELISABETE-RIBEIRO.jpg\",\"width\":1278,\"height\":932},{\"@type\":\"BreadcrumbList\",\"@id\":\"https:\/\/terrasdebasto.pt\/?p=5245#breadcrumb\",\"itemListElement\":[{\"@type\":\"ListItem\",\"position\":1,\"name\":\"In\u00edcio\",\"item\":\"https:\/\/terrasdebasto.pt\/\"},{\"@type\":\"ListItem\",\"position\":2,\"name\":\"Cabeceiras: socialista Elisabete Ribeiro renuncia \u00e0 Assembleia\"}]},{\"@type\":\"WebSite\",\"@id\":\"https:\/\/terrasdebasto.pt\/#website\",\"url\":\"https:\/\/terrasdebasto.pt\/\",\"name\":\"Jornal Terras de Basto\",\"description\":\"\",\"publisher\":{\"@id\":\"https:\/\/terrasdebasto.pt\/#organization\"},\"potentialAction\":[{\"@type\":\"SearchAction\",\"target\":{\"@type\":\"EntryPoint\",\"urlTemplate\":\"https:\/\/terrasdebasto.pt\/?s={search_term_string}\"},\"query-input\":{\"@type\":\"PropertyValueSpecification\",\"valueRequired\":true,\"valueName\":\"search_term_string\"}}],\"inLanguage\":\"pt-PT\"},{\"@type\":\"Organization\",\"@id\":\"https:\/\/terrasdebasto.pt\/#organization\",\"name\":\"Jornal Terras de Basto\",\"url\":\"https:\/\/terrasdebasto.pt\/\",\"logo\":{\"@type\":\"ImageObject\",\"inLanguage\":\"pt-PT\",\"@id\":\"https:\/\/terrasdebasto.pt\/#\/schema\/logo\/image\/\",\"url\":\"https:\/\/terrasdebasto.pt\/wp-content\/uploads\/2024\/06\/LogoNormal.png\",\"contentUrl\":\"https:\/\/terrasdebasto.pt\/wp-content\/uploads\/2024\/06\/LogoNormal.png\",\"width\":5638,\"height\":809,\"caption\":\"Jornal Terras de Basto\"},\"image\":{\"@id\":\"https:\/\/terrasdebasto.pt\/#\/schema\/logo\/image\/\"}},{\"@type\":\"Person\",\"@id\":\"https:\/\/terrasdebasto.pt\/#\/schema\/person\/9f6739f5394ac65c802641773b278b84\",\"name\":\"Jo\u00e3o Paulo Mesquita\",\"image\":{\"@type\":\"ImageObject\",\"inLanguage\":\"pt-PT\",\"@id\":\"https:\/\/terrasdebasto.pt\/#\/schema\/person\/image\/\",\"url\":\"https:\/\/secure.gravatar.com\/avatar\/9bd0f299e6d96336664aab64354168246a3ee3287c47891c50d450e47ed9d7f9?s=96&d=mm&r=g\",\"contentUrl\":\"https:\/\/secure.gravatar.com\/avatar\/9bd0f299e6d96336664aab64354168246a3ee3287c47891c50d450e47ed9d7f9?s=96&d=mm&r=g\",\"caption\":\"Jo\u00e3o Paulo Mesquita\"},\"url\":\"https:\/\/terrasdebasto.pt\/?author=7\"}]}<\/script>\n<!-- \/ Yoast SEO plugin. -->","yoast_head_json":{"title":"Cabeceiras: socialista Elisabete Ribeiro renuncia \u00e0 Assembleia - Jornal Terras de Basto","description":"Elisabete Ribeiro, destacada militante do Partido Socialista em Cabeceiras de Basto, acaba de renunciar \u00e0 sua integra\u00e7\u00e3o na Assembleia Municipal, confirmou o Terras de Basto com a pr\u00f3pria.","robots":{"index":"index","follow":"follow","max-snippet":"max-snippet:-1","max-image-preview":"max-image-preview:large","max-video-preview":"max-video-preview:-1"},"canonical":"https:\/\/terrasdebasto.pt\/?p=5245","og_locale":"pt_PT","og_type":"article","og_title":"Cabeceiras: socialista Elisabete Ribeiro renuncia \u00e0 Assembleia - Jornal Terras de Basto","og_description":"Elisabete Ribeiro, destacada militante do Partido Socialista em Cabeceiras de Basto, acaba de renunciar \u00e0 sua integra\u00e7\u00e3o na Assembleia Municipal, confirmou o Terras de Basto com a pr\u00f3pria.","og_url":"https:\/\/terrasdebasto.pt\/?p=5245","og_site_name":"Jornal Terras de Basto","article_published_time":"2025-12-04T19:48:01+00:00","og_image":[{"width":1278,"height":932,"url":"https:\/\/terrasdebasto.pt\/wp-content\/uploads\/2025\/12\/ELISABETE-RIBEIRO.jpg","type":"image\/jpeg"}],"author":"Jo\u00e3o Paulo Mesquita","twitter_card":"summary_large_image","twitter_misc":{"Escrito por":"Jo\u00e3o Paulo Mesquita","Tempo estimado de leitura":"2 minutos"},"schema":{"@context":"https:\/\/schema.org","@graph":[{"@type":"Article","@id":"https:\/\/terrasdebasto.pt\/?p=5245#article","isPartOf":{"@id":"https:\/\/terrasdebasto.pt\/?p=5245"},"author":{"name":"Jo\u00e3o Paulo Mesquita","@id":"https:\/\/terrasdebasto.pt\/#\/schema\/person\/9f6739f5394ac65c802641773b278b84"},"headline":"Cabeceiras: socialista Elisabete Ribeiro renuncia \u00e0 Assembleia","datePublished":"2025-12-04T19:48:01+00:00","mainEntityOfPage":{"@id":"https:\/\/terrasdebasto.pt\/?p=5245"},"wordCount":328,"commentCount":0,"publisher":{"@id":"https:\/\/terrasdebasto.pt\/#organization"},"image":{"@id":"https:\/\/terrasdebasto.pt\/?p=5245#primaryimage"},"thumbnailUrl":"https:\/\/terrasdebasto.pt\/wp-content\/uploads\/2025\/12\/ELISABETE-RIBEIRO.jpg","keywords":["Assembleia Municipal de Cabeceiras de Basto","Elisabete Ribeiro","PS\/Cabeceiras de Basto"],"articleSection":["Cabeceiras de Basto","Terras de Basto"],"inLanguage":"pt-PT","potentialAction":[{"@type":"CommentAction","name":"Comment","target":["https:\/\/terrasdebasto.pt\/?p=5245#respond"]}]},{"@type":"WebPage","@id":"https:\/\/terrasdebasto.pt\/?p=5245","url":"https:\/\/terrasdebasto.pt\/?p=5245","name":"Cabeceiras: socialista Elisabete Ribeiro renuncia \u00e0 Assembleia - Jornal Terras de Basto","isPartOf":{"@id":"https:\/\/terrasdebasto.pt\/#website"},"primaryImageOfPage":{"@id":"https:\/\/terrasdebasto.pt\/?p=5245#primaryimage"},"image":{"@id":"https:\/\/terrasdebasto.pt\/?p=5245#primaryimage"},"thumbnailUrl":"https:\/\/terrasdebasto.pt\/wp-content\/uploads\/2025\/12\/ELISABETE-RIBEIRO.jpg","datePublished":"2025-12-04T19:48:01+00:00","description":"Elisabete Ribeiro, destacada militante do Partido Socialista em Cabeceiras de Basto, acaba de renunciar \u00e0 sua integra\u00e7\u00e3o na Assembleia Municipal, confirmou o Terras de Basto com a pr\u00f3pria.","breadcrumb":{"@id":"https:\/\/terrasdebasto.pt\/?p=5245#breadcrumb"},"inLanguage":"pt-PT","potentialAction":[{"@type":"ReadAction","target":["https:\/\/terrasdebasto.pt\/?p=5245"]}]},{"@type":"ImageObject","inLanguage":"pt-PT","@id":"https:\/\/terrasdebasto.pt\/?p=5245#primaryimage","url":"https:\/\/terrasdebasto.pt\/wp-content\/uploads\/2025\/12\/ELISABETE-RIBEIRO.jpg","contentUrl":"https:\/\/terrasdebasto.pt\/wp-content\/uploads\/2025\/12\/ELISABETE-RIBEIRO.jpg","width":1278,"height":932},{"@type":"BreadcrumbList","@id":"https:\/\/terrasdebasto.pt\/?p=5245#breadcrumb","itemListElement":[{"@type":"ListItem","position":1,"name":"In\u00edcio","item":"https:\/\/terrasdebasto.pt\/"},{"@type":"ListItem","position":2,"name":"Cabeceiras: socialista Elisabete Ribeiro renuncia \u00e0 Assembleia"}]},{"@type":"WebSite","@id":"https:\/\/terrasdebasto.pt\/#website","url":"https:\/\/terrasdebasto.pt\/","name":"Jornal Terras de Basto","description":"","publisher":{"@id":"https:\/\/terrasdebasto.pt\/#organization"},"potentialAction":[{"@type":"SearchAction","target":{"@type":"EntryPoint","urlTemplate":"https:\/\/terrasdebasto.pt\/?s={search_term_string}"},"query-input":{"@type":"PropertyValueSpecification","valueRequired":true,"valueName":"search_term_string"}}],"inLanguage":"pt-PT"},{"@type":"Organization","@id":"https:\/\/terrasdebasto.pt\/#organization","name":"Jornal Terras de Basto","url":"https:\/\/terrasdebasto.pt\/","logo":{"@type":"ImageObject","inLanguage":"pt-PT","@id":"https:\/\/terrasdebasto.pt\/#\/schema\/logo\/image\/","url":"https:\/\/terrasdebasto.pt\/wp-content\/uploads\/2024\/06\/LogoNormal.png","contentUrl":"https:\/\/terrasdebasto.pt\/wp-content\/uploads\/2024\/06\/LogoNormal.png","width":5638,"height":809,"caption":"Jornal Terras de Basto"},"image":{"@id":"https:\/\/terrasdebasto.pt\/#\/schema\/logo\/image\/"}},{"@type":"Person","@id":"https:\/\/terrasdebasto.pt\/#\/schema\/person\/9f6739f5394ac65c802641773b278b84","name":"Jo\u00e3o Paulo Mesquita","image":{"@type":"ImageObject","inLanguage":"pt-PT","@id":"https:\/\/terrasdebasto.pt\/#\/schema\/person\/image\/","url":"https:\/\/secure.gravatar.com\/avatar\/9bd0f299e6d96336664aab64354168246a3ee3287c47891c50d450e47ed9d7f9?s=96&d=mm&r=g","contentUrl":"https:\/\/secure.gravatar.com\/avatar\/9bd0f299e6d96336664aab64354168246a3ee3287c47891c50d450e47ed9d7f9?s=96&d=mm&r=g","caption":"Jo\u00e3o Paulo Mesquita"},"url":"https:\/\/terrasdebasto.pt\/?author=7"}]}},"_links":{"self":[{"href":"https:\/\/terrasdebasto.pt\/index.php?rest_route=\/wp\/v2\/posts\/5245","targetHints":{"allow":["GET"]}}],"collection":[{"href":"https:\/\/terrasdebasto.pt\/index.php?rest_route=\/wp\/v2\/posts"}],"about":[{"href":"https:\/\/terrasdebasto.pt\/index.php?rest_route=\/wp\/v2\/types\/post"}],"author":[{"embeddable":true,"href":"https:\/\/terrasdebasto.pt\/index.php?rest_route=\/wp\/v2\/users\/7"}],"replies":[{"embeddable":true,"href":"https:\/\/terrasdebasto.pt\/index.php?rest_route=%2Fwp%2Fv2%2Fcomments&post=5245"}],"version-history":[{"count":1,"href":"https:\/\/terrasdebasto.pt\/index.php?rest_route=\/wp\/v2\/posts\/5245\/revisions"}],"predecessor-version":[{"id":5247,"href":"https:\/\/terrasdebasto.pt\/index.php?rest_route=\/wp\/v2\/posts\/5245\/revisions\/5247"}],"wp:featuredmedia":[{"embeddable":true,"href":"https:\/\/terrasdebasto.pt\/index.php?rest_route=\/wp\/v2\/media\/5246"}],"wp:attachment":[{"href":"https:\/\/terrasdebasto.pt\/index.php?rest_route=%2Fwp%2Fv2%2Fmedia&parent=5245"}],"wp:term":[{"taxonomy":"category","embeddable":true,"href":"https:\/\/terrasdebasto.pt\/index.php?rest_route=%2Fwp%2Fv2%2Fcategories&post=5245"},{"taxonomy":"post_tag","embeddable":true,"href":"https:\/\/terrasdebasto.pt\/index.php?rest_route=%2Fwp%2Fv2%2Ftags&post=5245"}],"curies":[{"name":"wp","href":"https:\/\/api.w.org\/{rel}","templated":true}]}}