{"id":5242,"date":"2025-12-04T18:28:15","date_gmt":"2025-12-04T18:28:15","guid":{"rendered":"https:\/\/terrasdebasto.pt\/?p=5242"},"modified":"2025-12-04T18:28:16","modified_gmt":"2025-12-04T18:28:16","slug":"operacao-puro-verde-empresario-de-celorico-e-um-dos-detidos","status":"publish","type":"post","link":"https:\/\/terrasdebasto.pt\/?p=5242","title":{"rendered":"Opera\u00e7\u00e3o \u201cPuro Verde\u201d: empres\u00e1rio de Celorico \u00e9 um dos detidos"},"content":{"rendered":"\n<p><\/p>\n\n\n\n<p><strong>Exerce a sua atividade em Celorico de Basto um dos empres\u00e1rios do setor dos vinhos verdes detidos nesta quarta-feira (3) pela Pol\u00edcia Judici\u00e1ria por suspeitas de corrup\u00e7\u00e3o na atribui\u00e7\u00e3o da Denomina\u00e7\u00e3o de Origem de produtos vin\u00edcolas, soube o Terras de Basto.<\/strong><\/p>\n\n\n\n<p>Tal como notici\u00e1mos, no \u00e2mbito da opera\u00e7\u00e3o &#8220;Puro Verde&#8221; foram detidas oito pessoas \u2013 quatro empres\u00e1rios e quatro funcion\u00e1rios da comiss\u00e3o de viticultura da regi\u00e3o dos vinhos verdes, que estava previsto serem apresentados esta quinta-feira ao Tribunal de Instru\u00e7\u00e3o Criminal do Porto, para primeiro interrogat\u00f3rio.<\/p>\n\n\n\n<p>\u00abOs detidos s\u00e3o quatro membros da Divis\u00e3o de Fiscaliza\u00e7\u00e3o e Controlo da CVRVV e quatro empres\u00e1rios do setor de produ\u00e7\u00e3o e distribui\u00e7\u00e3o de vinhos verdes\u00bb, anunciava a nota da PJ. Ao todo, no entanto, foram constitu\u00eddos arguidos 17 pessoas singulares e coletivas no \u00e2mbito desta opera\u00e7\u00e3o, que apreendeu ainda \u00abbens em esp\u00e9cie e numer\u00e1rio\u00bb.<\/p>\n\n\n\n<p>De acordo com o \u201cJN\u201d, a troco de almo\u00e7os, garrafas de vinho ou bilhetes para espet\u00e1culos, os quatro funcion\u00e1rios da Divis\u00e3o de Fiscaliza\u00e7\u00e3o e Controlo da CVRVV ter\u00e3o alertado os empres\u00e1rios do setor vin\u00edcola para opera\u00e7\u00f5es de fiscaliza\u00e7\u00e3o iminentes. Tamb\u00e9m fechariam os olhos a todo o rigoroso processo de obten\u00e7\u00e3o da certifica\u00e7\u00e3o da Denomina\u00e7\u00e3o de Origem (DO) ou da Indica\u00e7\u00e3o Geogr\u00e1fica (IG), para facilitar o neg\u00f3cio dos empres\u00e1rios.<\/p>\n\n\n\n<p>O empres\u00e1rio celoricense \u2013 um dos maiores produtores\/armazenistas de vinho no Norte \u2013 ter\u00e1 sido detido na casa onde reside, num concelho vizinho, e da\u00ed conduzido para o Porto. Em causa est\u00e1 um dos tr\u00eas representantes da Casa do Agricultor, de Celorico de Basto, no conselho geral da CVRVV, sendo que os outros dois s\u00e3o a produtora Paula Andrade e o pr\u00f3prio presidente desta estrutura, V\u00edtor Costa.<\/p>\n\n\n\n<p>De acordo com fonte do setor, o empres\u00e1rio, com adega na zona norte do concelho celoricense, \u00e9 um dos principais \u201cplayers\u201d da viticultura na regi\u00e3o, sendo respons\u00e1vel pela \u00abcompra de 90 por cento das uvas produzidas no concelho\u00bb.<\/p>\n\n\n\n<p>A investiga\u00e7\u00e3o teve origem numa den\u00fancia em agosto deste ano, \u00absobre um alegado esquema de conluio entre funcion\u00e1rios da CVRVV e empres\u00e1rios do setor, com vista ao favorecimento destes, designadamente, mediante a omiss\u00e3o dos deveres de fiscaliza\u00e7\u00e3o da origem e tr\u00e2nsito das uvas e seu dep\u00f3sito em adegas e produtores durante a vindima de 2025\u00bb.<\/p>\n\n\n\n<p>A CVRVV controla a produ\u00e7\u00e3o, com\u00e9rcio e certifica\u00e7\u00e3o dos produtos vin\u00edcolas \u00abcom direito a atribui\u00e7\u00e3o de DO (Denomina\u00e7\u00e3o de Origem) e \u00e0 IG (Indica\u00e7\u00e3o Geogr\u00e1fica), bem como a empresas relacionadas com a produ\u00e7\u00e3o e comercializa\u00e7\u00e3o de vinhos\u00bb.<\/p>\n\n\n\n<p>Atrav\u00e9s do alegado esquema, a PJ explicou que \u00e9 colocado em risco o processo de certifica\u00e7\u00e3o da qualidade do vinho com DO, \u00abque confere e atesta a sua origem, as castas utilizadas, os processos de tratamento da vinha, vinifica\u00e7\u00e3o e est\u00e1gios, que caracterizam os vinhos de uma determinada DO e os distinguem dos restantes\u00bb.<\/p>\n\n\n\n<p>O objetivo, esclareceu a pol\u00edcia de investiga\u00e7\u00e3o, \u00abseria beneficiar certos operadores econ\u00f3micos atrav\u00e9s da oferta e aceita\u00e7\u00e3o de vantagens, tanto em bens como em dinheiro\u00bb.<\/p>\n\n\n\n<p>As pr\u00e1ticas usadas no alegado esquema, frisou ainda a PJ, mostraram-se \u00abcomplexas e de muito dif\u00edcil dete\u00e7\u00e3o\u00bb, mesmo com os esfor\u00e7os da dire\u00e7\u00e3o da CVRVV e de opera\u00e7\u00f5es especiais de fiscaliza\u00e7\u00e3o, tanto da Guarda Nacional Republicana (GNR), como da Autoridade de Seguran\u00e7a Alimentar e Econ\u00f3mica (ASAE).<\/p>\n\n\n\n<p>A investiga\u00e7\u00e3o foi dirigida pela diretoria do Norte da PJ, e visou \u00abdetetar e recolher provas sobre o esquema referido, confirmar se houve viola\u00e7\u00e3o das regras da certifica\u00e7\u00e3o e impedimento do refor\u00e7o da fiscaliza\u00e7\u00e3o\u00bb.<\/p>\n\n\n\n<p>A presidente da CVRVV, Dora Sim\u00f5es, garantiu entretanto a colabora\u00e7\u00e3o \u00ababsoluta e interessada\u00bb com as autoridades ap\u00f3s a institui\u00e7\u00e3o ter sido alvo de buscas da PJ. \u00abColabora\u00e7\u00e3o absoluta a interessada. Temos interesse em que as coisas sejam averiguadas da melhor forma e o mais rapidamente poss\u00edvel\u00bb, disse \u00e0 ag\u00eancia Lusa.<\/p>\n","protected":false},"excerpt":{"rendered":"<p>Exerce a sua atividade em Celorico de Basto um dos empres\u00e1rios do setor dos vinhos verdes detidos nesta quarta-feira (3) pela Pol\u00edcia Judici\u00e1ria por suspeitas de corrup\u00e7\u00e3o na atribui\u00e7\u00e3o da Denomina\u00e7\u00e3o de Origem de produtos vin\u00edcolas, soube o Terras de Basto. Tal como notici\u00e1mos, no \u00e2mbito da opera\u00e7\u00e3o &#8220;Puro Verde&#8221; foram detidas oito pessoas \u2013 [&hellip;]<\/p>\n","protected":false},"author":7,"featured_media":5243,"comment_status":"open","ping_status":"open","sticky":false,"template":"","format":"standard","meta":{"footnotes":""},"categories":[12,13,16,26,9],"tags":[1249,1250,1251,280,1240],"class_list":{"0":"post-5242","1":"post","2":"type-post","3":"status-publish","4":"format-standard","5":"has-post-thumbnail","7":"category-cabeceiras-de-basto","8":"category-celorico-de-basto","9":"category-mondim-de-basto","10":"category-ribeira-de-pena","11":"category-terras-de-basto","12":"tag-comissao-de-viticultura-da-regiao-dos-vinhos-verdes","13":"tag-detidos","14":"tag-empresarios-do-setor-vinicola","15":"tag-investigacao","16":"tag-policia-judiciaria"},"yoast_head":"<!-- This site is optimized with the Yoast SEO plugin v25.7 - https:\/\/yoast.com\/wordpress\/plugins\/seo\/ -->\n<title>Opera\u00e7\u00e3o \u201cPuro Verde\u201d: empres\u00e1rio de Celorico \u00e9 um dos detidos - Jornal Terras de Basto<\/title>\n<meta name=\"description\" content=\"Exerce a sua atividade em Celorico de Basto um dos empres\u00e1rios do setor dos vinhos verdes detidos nesta quarta-feira (3) pela Pol\u00edcia Judici\u00e1ria por suspeitas de corrup\u00e7\u00e3o na atribui\u00e7\u00e3o da Denomina\u00e7\u00e3o de Origem de produtos vin\u00edcolas, soube o Terras de Basto.\" \/>\n<meta name=\"robots\" content=\"index, follow, max-snippet:-1, max-image-preview:large, max-video-preview:-1\" \/>\n<link rel=\"canonical\" href=\"https:\/\/terrasdebasto.pt\/?p=5242\" \/>\n<meta property=\"og:locale\" content=\"pt_PT\" \/>\n<meta property=\"og:type\" content=\"article\" \/>\n<meta property=\"og:title\" content=\"Opera\u00e7\u00e3o \u201cPuro Verde\u201d: empres\u00e1rio de Celorico \u00e9 um dos detidos - Jornal Terras de Basto\" \/>\n<meta property=\"og:description\" content=\"Exerce a sua atividade em Celorico de Basto um dos empres\u00e1rios do setor dos vinhos verdes detidos nesta quarta-feira (3) pela Pol\u00edcia Judici\u00e1ria por suspeitas de corrup\u00e7\u00e3o na atribui\u00e7\u00e3o da Denomina\u00e7\u00e3o de Origem de produtos vin\u00edcolas, soube o Terras de Basto.\" \/>\n<meta property=\"og:url\" content=\"https:\/\/terrasdebasto.pt\/?p=5242\" \/>\n<meta property=\"og:site_name\" content=\"Jornal Terras de Basto\" \/>\n<meta property=\"article:published_time\" content=\"2025-12-04T18:28:15+00:00\" \/>\n<meta property=\"article:modified_time\" content=\"2025-12-04T18:28:16+00:00\" \/>\n<meta property=\"og:image\" content=\"https:\/\/terrasdebasto.pt\/wp-content\/uploads\/2025\/12\/UVAS.jpg\" \/>\n\t<meta property=\"og:image:width\" content=\"660\" \/>\n\t<meta property=\"og:image:height\" content=\"330\" \/>\n\t<meta property=\"og:image:type\" content=\"image\/jpeg\" \/>\n<meta name=\"author\" content=\"Jo\u00e3o Paulo Mesquita\" \/>\n<meta name=\"twitter:card\" content=\"summary_large_image\" \/>\n<meta name=\"twitter:label1\" content=\"Escrito por\" \/>\n\t<meta name=\"twitter:data1\" content=\"Jo\u00e3o Paulo Mesquita\" \/>\n\t<meta name=\"twitter:label2\" content=\"Tempo estimado de leitura\" \/>\n\t<meta name=\"twitter:data2\" content=\"4 minutos\" \/>\n<script type=\"application\/ld+json\" class=\"yoast-schema-graph\">{\"@context\":\"https:\/\/schema.org\",\"@graph\":[{\"@type\":\"Article\",\"@id\":\"https:\/\/terrasdebasto.pt\/?p=5242#article\",\"isPartOf\":{\"@id\":\"https:\/\/terrasdebasto.pt\/?p=5242\"},\"author\":{\"name\":\"Jo\u00e3o Paulo Mesquita\",\"@id\":\"https:\/\/terrasdebasto.pt\/#\/schema\/person\/9f6739f5394ac65c802641773b278b84\"},\"headline\":\"Opera\u00e7\u00e3o \u201cPuro Verde\u201d: empres\u00e1rio de Celorico \u00e9 um dos detidos\",\"datePublished\":\"2025-12-04T18:28:15+00:00\",\"dateModified\":\"2025-12-04T18:28:16+00:00\",\"mainEntityOfPage\":{\"@id\":\"https:\/\/terrasdebasto.pt\/?p=5242\"},\"wordCount\":714,\"commentCount\":0,\"publisher\":{\"@id\":\"https:\/\/terrasdebasto.pt\/#organization\"},\"image\":{\"@id\":\"https:\/\/terrasdebasto.pt\/?p=5242#primaryimage\"},\"thumbnailUrl\":\"https:\/\/terrasdebasto.pt\/wp-content\/uploads\/2025\/12\/UVAS.jpg\",\"keywords\":[\"Comiss\u00e3o de Viticultura da Regi\u00e3o dos Vinhos Verdes\",\"Detidos\",\"Empres\u00e1rios do setor vin\u00edcola\",\"Investiga\u00e7\u00e3o\",\"Pol\u00edcia Judici\u00e1ria\"],\"articleSection\":[\"Cabeceiras de Basto\",\"Celorico de Basto\",\"Mondim de Basto\",\"Ribeira de Pena\",\"Terras de Basto\"],\"inLanguage\":\"pt-PT\",\"potentialAction\":[{\"@type\":\"CommentAction\",\"name\":\"Comment\",\"target\":[\"https:\/\/terrasdebasto.pt\/?p=5242#respond\"]}]},{\"@type\":\"WebPage\",\"@id\":\"https:\/\/terrasdebasto.pt\/?p=5242\",\"url\":\"https:\/\/terrasdebasto.pt\/?p=5242\",\"name\":\"Opera\u00e7\u00e3o \u201cPuro Verde\u201d: empres\u00e1rio de Celorico \u00e9 um dos detidos - Jornal Terras de Basto\",\"isPartOf\":{\"@id\":\"https:\/\/terrasdebasto.pt\/#website\"},\"primaryImageOfPage\":{\"@id\":\"https:\/\/terrasdebasto.pt\/?p=5242#primaryimage\"},\"image\":{\"@id\":\"https:\/\/terrasdebasto.pt\/?p=5242#primaryimage\"},\"thumbnailUrl\":\"https:\/\/terrasdebasto.pt\/wp-content\/uploads\/2025\/12\/UVAS.jpg\",\"datePublished\":\"2025-12-04T18:28:15+00:00\",\"dateModified\":\"2025-12-04T18:28:16+00:00\",\"description\":\"Exerce a sua atividade em Celorico de Basto um dos empres\u00e1rios do setor dos vinhos verdes detidos nesta quarta-feira (3) pela Pol\u00edcia Judici\u00e1ria por suspeitas de corrup\u00e7\u00e3o na atribui\u00e7\u00e3o da Denomina\u00e7\u00e3o de Origem de produtos vin\u00edcolas, soube o Terras de Basto.\",\"breadcrumb\":{\"@id\":\"https:\/\/terrasdebasto.pt\/?p=5242#breadcrumb\"},\"inLanguage\":\"pt-PT\",\"potentialAction\":[{\"@type\":\"ReadAction\",\"target\":[\"https:\/\/terrasdebasto.pt\/?p=5242\"]}]},{\"@type\":\"ImageObject\",\"inLanguage\":\"pt-PT\",\"@id\":\"https:\/\/terrasdebasto.pt\/?p=5242#primaryimage\",\"url\":\"https:\/\/terrasdebasto.pt\/wp-content\/uploads\/2025\/12\/UVAS.jpg\",\"contentUrl\":\"https:\/\/terrasdebasto.pt\/wp-content\/uploads\/2025\/12\/UVAS.jpg\",\"width\":660,\"height\":330},{\"@type\":\"BreadcrumbList\",\"@id\":\"https:\/\/terrasdebasto.pt\/?p=5242#breadcrumb\",\"itemListElement\":[{\"@type\":\"ListItem\",\"position\":1,\"name\":\"In\u00edcio\",\"item\":\"https:\/\/terrasdebasto.pt\/\"},{\"@type\":\"ListItem\",\"position\":2,\"name\":\"Opera\u00e7\u00e3o \u201cPuro Verde\u201d: empres\u00e1rio de Celorico \u00e9 um dos detidos\"}]},{\"@type\":\"WebSite\",\"@id\":\"https:\/\/terrasdebasto.pt\/#website\",\"url\":\"https:\/\/terrasdebasto.pt\/\",\"name\":\"Jornal Terras de Basto\",\"description\":\"\",\"publisher\":{\"@id\":\"https:\/\/terrasdebasto.pt\/#organization\"},\"potentialAction\":[{\"@type\":\"SearchAction\",\"target\":{\"@type\":\"EntryPoint\",\"urlTemplate\":\"https:\/\/terrasdebasto.pt\/?s={search_term_string}\"},\"query-input\":{\"@type\":\"PropertyValueSpecification\",\"valueRequired\":true,\"valueName\":\"search_term_string\"}}],\"inLanguage\":\"pt-PT\"},{\"@type\":\"Organization\",\"@id\":\"https:\/\/terrasdebasto.pt\/#organization\",\"name\":\"Jornal Terras de Basto\",\"url\":\"https:\/\/terrasdebasto.pt\/\",\"logo\":{\"@type\":\"ImageObject\",\"inLanguage\":\"pt-PT\",\"@id\":\"https:\/\/terrasdebasto.pt\/#\/schema\/logo\/image\/\",\"url\":\"https:\/\/terrasdebasto.pt\/wp-content\/uploads\/2024\/06\/LogoNormal.png\",\"contentUrl\":\"https:\/\/terrasdebasto.pt\/wp-content\/uploads\/2024\/06\/LogoNormal.png\",\"width\":5638,\"height\":809,\"caption\":\"Jornal Terras de Basto\"},\"image\":{\"@id\":\"https:\/\/terrasdebasto.pt\/#\/schema\/logo\/image\/\"}},{\"@type\":\"Person\",\"@id\":\"https:\/\/terrasdebasto.pt\/#\/schema\/person\/9f6739f5394ac65c802641773b278b84\",\"name\":\"Jo\u00e3o Paulo Mesquita\",\"image\":{\"@type\":\"ImageObject\",\"inLanguage\":\"pt-PT\",\"@id\":\"https:\/\/terrasdebasto.pt\/#\/schema\/person\/image\/\",\"url\":\"https:\/\/secure.gravatar.com\/avatar\/9bd0f299e6d96336664aab64354168246a3ee3287c47891c50d450e47ed9d7f9?s=96&d=mm&r=g\",\"contentUrl\":\"https:\/\/secure.gravatar.com\/avatar\/9bd0f299e6d96336664aab64354168246a3ee3287c47891c50d450e47ed9d7f9?s=96&d=mm&r=g\",\"caption\":\"Jo\u00e3o Paulo Mesquita\"},\"url\":\"https:\/\/terrasdebasto.pt\/?author=7\"}]}<\/script>\n<!-- \/ Yoast SEO plugin. -->","yoast_head_json":{"title":"Opera\u00e7\u00e3o \u201cPuro Verde\u201d: empres\u00e1rio de Celorico \u00e9 um dos detidos - Jornal Terras de Basto","description":"Exerce a sua atividade em Celorico de Basto um dos empres\u00e1rios do setor dos vinhos verdes detidos nesta quarta-feira (3) pela Pol\u00edcia Judici\u00e1ria por suspeitas de corrup\u00e7\u00e3o na atribui\u00e7\u00e3o da Denomina\u00e7\u00e3o de Origem de produtos vin\u00edcolas, soube o Terras de Basto.","robots":{"index":"index","follow":"follow","max-snippet":"max-snippet:-1","max-image-preview":"max-image-preview:large","max-video-preview":"max-video-preview:-1"},"canonical":"https:\/\/terrasdebasto.pt\/?p=5242","og_locale":"pt_PT","og_type":"article","og_title":"Opera\u00e7\u00e3o \u201cPuro Verde\u201d: empres\u00e1rio de Celorico \u00e9 um dos detidos - Jornal Terras de Basto","og_description":"Exerce a sua atividade em Celorico de Basto um dos empres\u00e1rios do setor dos vinhos verdes detidos nesta quarta-feira (3) pela Pol\u00edcia Judici\u00e1ria por suspeitas de corrup\u00e7\u00e3o na atribui\u00e7\u00e3o da Denomina\u00e7\u00e3o de Origem de produtos vin\u00edcolas, soube o Terras de Basto.","og_url":"https:\/\/terrasdebasto.pt\/?p=5242","og_site_name":"Jornal Terras de Basto","article_published_time":"2025-12-04T18:28:15+00:00","article_modified_time":"2025-12-04T18:28:16+00:00","og_image":[{"width":660,"height":330,"url":"https:\/\/terrasdebasto.pt\/wp-content\/uploads\/2025\/12\/UVAS.jpg","type":"image\/jpeg"}],"author":"Jo\u00e3o Paulo Mesquita","twitter_card":"summary_large_image","twitter_misc":{"Escrito por":"Jo\u00e3o Paulo Mesquita","Tempo estimado de leitura":"4 minutos"},"schema":{"@context":"https:\/\/schema.org","@graph":[{"@type":"Article","@id":"https:\/\/terrasdebasto.pt\/?p=5242#article","isPartOf":{"@id":"https:\/\/terrasdebasto.pt\/?p=5242"},"author":{"name":"Jo\u00e3o Paulo Mesquita","@id":"https:\/\/terrasdebasto.pt\/#\/schema\/person\/9f6739f5394ac65c802641773b278b84"},"headline":"Opera\u00e7\u00e3o \u201cPuro Verde\u201d: empres\u00e1rio de Celorico \u00e9 um dos detidos","datePublished":"2025-12-04T18:28:15+00:00","dateModified":"2025-12-04T18:28:16+00:00","mainEntityOfPage":{"@id":"https:\/\/terrasdebasto.pt\/?p=5242"},"wordCount":714,"commentCount":0,"publisher":{"@id":"https:\/\/terrasdebasto.pt\/#organization"},"image":{"@id":"https:\/\/terrasdebasto.pt\/?p=5242#primaryimage"},"thumbnailUrl":"https:\/\/terrasdebasto.pt\/wp-content\/uploads\/2025\/12\/UVAS.jpg","keywords":["Comiss\u00e3o de Viticultura da Regi\u00e3o dos Vinhos Verdes","Detidos","Empres\u00e1rios do setor vin\u00edcola","Investiga\u00e7\u00e3o","Pol\u00edcia Judici\u00e1ria"],"articleSection":["Cabeceiras de Basto","Celorico de Basto","Mondim de Basto","Ribeira de Pena","Terras de Basto"],"inLanguage":"pt-PT","potentialAction":[{"@type":"CommentAction","name":"Comment","target":["https:\/\/terrasdebasto.pt\/?p=5242#respond"]}]},{"@type":"WebPage","@id":"https:\/\/terrasdebasto.pt\/?p=5242","url":"https:\/\/terrasdebasto.pt\/?p=5242","name":"Opera\u00e7\u00e3o \u201cPuro Verde\u201d: empres\u00e1rio de Celorico \u00e9 um dos detidos - Jornal Terras de Basto","isPartOf":{"@id":"https:\/\/terrasdebasto.pt\/#website"},"primaryImageOfPage":{"@id":"https:\/\/terrasdebasto.pt\/?p=5242#primaryimage"},"image":{"@id":"https:\/\/terrasdebasto.pt\/?p=5242#primaryimage"},"thumbnailUrl":"https:\/\/terrasdebasto.pt\/wp-content\/uploads\/2025\/12\/UVAS.jpg","datePublished":"2025-12-04T18:28:15+00:00","dateModified":"2025-12-04T18:28:16+00:00","description":"Exerce a sua atividade em Celorico de Basto um dos empres\u00e1rios do setor dos vinhos verdes detidos nesta quarta-feira (3) pela Pol\u00edcia Judici\u00e1ria por suspeitas de corrup\u00e7\u00e3o na atribui\u00e7\u00e3o da Denomina\u00e7\u00e3o de Origem de produtos vin\u00edcolas, soube o Terras de Basto.","breadcrumb":{"@id":"https:\/\/terrasdebasto.pt\/?p=5242#breadcrumb"},"inLanguage":"pt-PT","potentialAction":[{"@type":"ReadAction","target":["https:\/\/terrasdebasto.pt\/?p=5242"]}]},{"@type":"ImageObject","inLanguage":"pt-PT","@id":"https:\/\/terrasdebasto.pt\/?p=5242#primaryimage","url":"https:\/\/terrasdebasto.pt\/wp-content\/uploads\/2025\/12\/UVAS.jpg","contentUrl":"https:\/\/terrasdebasto.pt\/wp-content\/uploads\/2025\/12\/UVAS.jpg","width":660,"height":330},{"@type":"BreadcrumbList","@id":"https:\/\/terrasdebasto.pt\/?p=5242#breadcrumb","itemListElement":[{"@type":"ListItem","position":1,"name":"In\u00edcio","item":"https:\/\/terrasdebasto.pt\/"},{"@type":"ListItem","position":2,"name":"Opera\u00e7\u00e3o \u201cPuro Verde\u201d: empres\u00e1rio de Celorico \u00e9 um dos detidos"}]},{"@type":"WebSite","@id":"https:\/\/terrasdebasto.pt\/#website","url":"https:\/\/terrasdebasto.pt\/","name":"Jornal Terras de Basto","description":"","publisher":{"@id":"https:\/\/terrasdebasto.pt\/#organization"},"potentialAction":[{"@type":"SearchAction","target":{"@type":"EntryPoint","urlTemplate":"https:\/\/terrasdebasto.pt\/?s={search_term_string}"},"query-input":{"@type":"PropertyValueSpecification","valueRequired":true,"valueName":"search_term_string"}}],"inLanguage":"pt-PT"},{"@type":"Organization","@id":"https:\/\/terrasdebasto.pt\/#organization","name":"Jornal Terras de Basto","url":"https:\/\/terrasdebasto.pt\/","logo":{"@type":"ImageObject","inLanguage":"pt-PT","@id":"https:\/\/terrasdebasto.pt\/#\/schema\/logo\/image\/","url":"https:\/\/terrasdebasto.pt\/wp-content\/uploads\/2024\/06\/LogoNormal.png","contentUrl":"https:\/\/terrasdebasto.pt\/wp-content\/uploads\/2024\/06\/LogoNormal.png","width":5638,"height":809,"caption":"Jornal Terras de Basto"},"image":{"@id":"https:\/\/terrasdebasto.pt\/#\/schema\/logo\/image\/"}},{"@type":"Person","@id":"https:\/\/terrasdebasto.pt\/#\/schema\/person\/9f6739f5394ac65c802641773b278b84","name":"Jo\u00e3o Paulo Mesquita","image":{"@type":"ImageObject","inLanguage":"pt-PT","@id":"https:\/\/terrasdebasto.pt\/#\/schema\/person\/image\/","url":"https:\/\/secure.gravatar.com\/avatar\/9bd0f299e6d96336664aab64354168246a3ee3287c47891c50d450e47ed9d7f9?s=96&d=mm&r=g","contentUrl":"https:\/\/secure.gravatar.com\/avatar\/9bd0f299e6d96336664aab64354168246a3ee3287c47891c50d450e47ed9d7f9?s=96&d=mm&r=g","caption":"Jo\u00e3o Paulo Mesquita"},"url":"https:\/\/terrasdebasto.pt\/?author=7"}]}},"_links":{"self":[{"href":"https:\/\/terrasdebasto.pt\/index.php?rest_route=\/wp\/v2\/posts\/5242","targetHints":{"allow":["GET"]}}],"collection":[{"href":"https:\/\/terrasdebasto.pt\/index.php?rest_route=\/wp\/v2\/posts"}],"about":[{"href":"https:\/\/terrasdebasto.pt\/index.php?rest_route=\/wp\/v2\/types\/post"}],"author":[{"embeddable":true,"href":"https:\/\/terrasdebasto.pt\/index.php?rest_route=\/wp\/v2\/users\/7"}],"replies":[{"embeddable":true,"href":"https:\/\/terrasdebasto.pt\/index.php?rest_route=%2Fwp%2Fv2%2Fcomments&post=5242"}],"version-history":[{"count":1,"href":"https:\/\/terrasdebasto.pt\/index.php?rest_route=\/wp\/v2\/posts\/5242\/revisions"}],"predecessor-version":[{"id":5244,"href":"https:\/\/terrasdebasto.pt\/index.php?rest_route=\/wp\/v2\/posts\/5242\/revisions\/5244"}],"wp:featuredmedia":[{"embeddable":true,"href":"https:\/\/terrasdebasto.pt\/index.php?rest_route=\/wp\/v2\/media\/5243"}],"wp:attachment":[{"href":"https:\/\/terrasdebasto.pt\/index.php?rest_route=%2Fwp%2Fv2%2Fmedia&parent=5242"}],"wp:term":[{"taxonomy":"category","embeddable":true,"href":"https:\/\/terrasdebasto.pt\/index.php?rest_route=%2Fwp%2Fv2%2Fcategories&post=5242"},{"taxonomy":"post_tag","embeddable":true,"href":"https:\/\/terrasdebasto.pt\/index.php?rest_route=%2Fwp%2Fv2%2Ftags&post=5242"}],"curies":[{"name":"wp","href":"https:\/\/api.w.org\/{rel}","templated":true}]}}