{"id":5237,"date":"2025-12-04T17:08:58","date_gmt":"2025-12-04T17:08:58","guid":{"rendered":"https:\/\/terrasdebasto.pt\/?p=5237"},"modified":"2025-12-04T17:11:01","modified_gmt":"2025-12-04T17:11:01","slug":"nefrectomia-parcial-robotica-uls-do-alto-ave-da-mais-um-passo-na-inovacao","status":"publish","type":"post","link":"https:\/\/terrasdebasto.pt\/?p=5237","title":{"rendered":"Nefrectomia parcial rob\u00f3tica: ULS do Alto Ave d\u00e1 \u00abmais um passo\u00bb na inova\u00e7\u00e3o"},"content":{"rendered":"\n<p><\/p>\n\n\n\n<p><strong>O hospital de refer\u00eancia da Unidade Local de Sa\u00fade do Alto Ave acaba de realizar duas nefrectomias parciais com equipamento robotizado, anunciou agora a coordenadora dos servi\u00e7os de sa\u00fade na regi\u00e3o.<\/strong><\/p>\n\n\n\n<p>Uma nefrectomia parcial rob\u00f3tica \u00e9 uma cirurgia realizada para remover apenas a parte do rim que cont\u00e9m um tumor, preservando o restante do \u00f3rg\u00e3o, no caso feita com o aux\u00edlio de um sistema rob\u00f3tico, sob a responsabilidade dos urologistas Rui Versos e Duarte Vieira e Brito, este como ajudante.<\/p>\n\n\n\n<p>De acordo com a ULS do Alto Ave, este foi \u00abmais um passo na excel\u00eancia da cirurgia rob\u00f3tica\u00bb que est\u00e1 a desenvolver, consolidando a sua posi\u00e7\u00e3o como \u00abrefer\u00eancia nacional e internacional na utiliza\u00e7\u00e3o da mais avan\u00e7ada tecnologia ao servi\u00e7o da sa\u00fade\u00bb.<\/p>\n\n\n\n<p>\u00abO programa de cirurgia rob\u00f3tica, iniciado h\u00e1 cerca de meio ano, tem proporcionado resultados cl\u00ednicos muito positivos, traduzidos em menor tempo de internamento, recupera\u00e7\u00e3o mais r\u00e1pida e redu\u00e7\u00e3o das complica\u00e7\u00f5es p\u00f3s-operat\u00f3rias\u00bb, sublinha a unidade de sa\u00fade.<\/p>\n\n\n\n<p>A aposta na cirurgia rob\u00f3tica \u2013 sublinha \u2013 insere-se numa estrat\u00e9gia de modernizar os servi\u00e7os cir\u00fargicos, refor\u00e7ar a capacidade formativa das equipas m\u00e9dicas e de enfermagem, e garantir que os utentes da regi\u00e3o t\u00eam acesso aos padr\u00f5es mais elevados de seguran\u00e7a e efic\u00e1cia da atualidade.<\/p>\n\n\n\n<p>\u00ab\u00c9 mais um passo na consolida\u00e7\u00e3o de um projeto que coloca o Alto Ave na linha da frente da cirurgia minimamente invasiva em Portugal\u00bb, repete Pedro Cunha, presidente desta ULS, real\u00e7ando que a inten\u00e7\u00e3o \u00e9 \u00aboferecer aos utentes a melhor tecnologia para o tratamento das suas doen\u00e7as\u00bb, \u00abcom inova\u00e7\u00e3o, conforto, humaniza\u00e7\u00e3o e qualidade dos servi\u00e7os\u00bb.<\/p>\n\n\n\n<p>A ULS do Alto Ave diz continuar o investimento na inova\u00e7\u00e3o tecnol\u00f3gica e na valoriza\u00e7\u00e3o dos seus profissionais de sa\u00fade, \u00abcom o objetivo de oferecer cuidados cada vez mais diferenciados\u00bb.<\/p>\n\n\n\n<p>Al\u00e9m de Celorico de Basto, Cabeceiras de Basto e Mondim de Basto, a Unidade Local de Sa\u00fade do Alto Ave integra os cuidados de sa\u00fade hospitalares e prim\u00e1rios dos concelhos de Guimar\u00e3es, Fafe e Vizela.<\/p>\n\n\n\n<figure class=\"wp-block-gallery has-nested-images columns-default is-cropped wp-block-gallery-1 is-layout-flex wp-block-gallery-is-layout-flex\">\n<figure class=\"wp-block-image size-large\"><img loading=\"lazy\" decoding=\"async\" width=\"1024\" height=\"768\" data-id=\"5240\" src=\"https:\/\/terrasdebasto.pt\/wp-content\/uploads\/2025\/12\/NEFRECTOMIA-1-1024x768.jpg\" alt=\"\" class=\"wp-image-5240\" srcset=\"https:\/\/terrasdebasto.pt\/wp-content\/uploads\/2025\/12\/NEFRECTOMIA-1-1024x768.jpg 1024w, https:\/\/terrasdebasto.pt\/wp-content\/uploads\/2025\/12\/NEFRECTOMIA-1-300x225.jpg 300w, https:\/\/terrasdebasto.pt\/wp-content\/uploads\/2025\/12\/NEFRECTOMIA-1-768x576.jpg 768w, https:\/\/terrasdebasto.pt\/wp-content\/uploads\/2025\/12\/NEFRECTOMIA-1-150x112.jpg 150w, https:\/\/terrasdebasto.pt\/wp-content\/uploads\/2025\/12\/NEFRECTOMIA-1-696x522.jpg 696w, https:\/\/terrasdebasto.pt\/wp-content\/uploads\/2025\/12\/NEFRECTOMIA-1-1068x801.jpg 1068w, https:\/\/terrasdebasto.pt\/wp-content\/uploads\/2025\/12\/NEFRECTOMIA-1.jpg 1463w\" sizes=\"auto, (max-width: 1024px) 100vw, 1024px\" \/><\/figure>\n<\/figure>\n","protected":false},"excerpt":{"rendered":"<p>O hospital de refer\u00eancia da Unidade Local de Sa\u00fade do Alto Ave acaba de realizar duas nefrectomias parciais com equipamento robotizado, anunciou agora a coordenadora dos servi\u00e7os de sa\u00fade na regi\u00e3o. Uma nefrectomia parcial rob\u00f3tica \u00e9 uma cirurgia realizada para remover apenas a parte do rim que cont\u00e9m um tumor, preservando o restante do \u00f3rg\u00e3o, [&hellip;]<\/p>\n","protected":false},"author":7,"featured_media":5238,"comment_status":"open","ping_status":"open","sticky":false,"template":"","format":"standard","meta":{"footnotes":""},"categories":[12,13,16,10,9],"tags":[1247,1248,221],"class_list":{"0":"post-5237","1":"post","2":"type-post","3":"status-publish","4":"format-standard","5":"has-post-thumbnail","7":"category-cabeceiras-de-basto","8":"category-celorico-de-basto","9":"category-mondim-de-basto","10":"category-saude","11":"category-terras-de-basto","12":"tag-cirurgia-robotica","13":"tag-nefrectomia-parcial-robotica","14":"tag-uls-do-alto-ave"},"yoast_head":"<!-- This site is optimized with the Yoast SEO plugin v25.7 - https:\/\/yoast.com\/wordpress\/plugins\/seo\/ -->\n<title>Nefrectomia parcial rob\u00f3tica: ULS do Alto Ave d\u00e1 \u00abmais um passo\u00bb na inova\u00e7\u00e3o - Jornal Terras de Basto<\/title>\n<meta name=\"description\" content=\"O hospital de refer\u00eancia da Unidade Local de Sa\u00fade do Alto Ave acaba de realizar duas nefrectomias parciais com equipamento robotizado, anunciou agora a coordenadora dos servi\u00e7os de sa\u00fade na regi\u00e3o.\" \/>\n<meta name=\"robots\" content=\"index, follow, max-snippet:-1, max-image-preview:large, max-video-preview:-1\" \/>\n<link rel=\"canonical\" href=\"https:\/\/terrasdebasto.pt\/?p=5237\" \/>\n<meta property=\"og:locale\" content=\"pt_PT\" \/>\n<meta property=\"og:type\" content=\"article\" \/>\n<meta property=\"og:title\" content=\"Nefrectomia parcial rob\u00f3tica: ULS do Alto Ave d\u00e1 \u00abmais um passo\u00bb na inova\u00e7\u00e3o - Jornal Terras de Basto\" \/>\n<meta property=\"og:description\" content=\"O hospital de refer\u00eancia da Unidade Local de Sa\u00fade do Alto Ave acaba de realizar duas nefrectomias parciais com equipamento robotizado, anunciou agora a coordenadora dos servi\u00e7os de sa\u00fade na regi\u00e3o.\" \/>\n<meta property=\"og:url\" content=\"https:\/\/terrasdebasto.pt\/?p=5237\" \/>\n<meta property=\"og:site_name\" content=\"Jornal Terras de Basto\" \/>\n<meta property=\"article:published_time\" content=\"2025-12-04T17:08:58+00:00\" \/>\n<meta property=\"article:modified_time\" content=\"2025-12-04T17:11:01+00:00\" \/>\n<meta property=\"og:image\" content=\"https:\/\/terrasdebasto.pt\/wp-content\/uploads\/2025\/12\/NEFRECTOMIA-2.jpg\" \/>\n\t<meta property=\"og:image:width\" content=\"1206\" \/>\n\t<meta property=\"og:image:height\" content=\"950\" \/>\n\t<meta property=\"og:image:type\" content=\"image\/jpeg\" \/>\n<meta name=\"author\" content=\"Jo\u00e3o Paulo Mesquita\" \/>\n<meta name=\"twitter:card\" content=\"summary_large_image\" \/>\n<meta name=\"twitter:label1\" content=\"Escrito por\" \/>\n\t<meta name=\"twitter:data1\" content=\"Jo\u00e3o Paulo Mesquita\" \/>\n\t<meta name=\"twitter:label2\" content=\"Tempo estimado de leitura\" \/>\n\t<meta name=\"twitter:data2\" content=\"3 minutos\" \/>\n<script type=\"application\/ld+json\" class=\"yoast-schema-graph\">{\"@context\":\"https:\/\/schema.org\",\"@graph\":[{\"@type\":\"Article\",\"@id\":\"https:\/\/terrasdebasto.pt\/?p=5237#article\",\"isPartOf\":{\"@id\":\"https:\/\/terrasdebasto.pt\/?p=5237\"},\"author\":{\"name\":\"Jo\u00e3o Paulo Mesquita\",\"@id\":\"https:\/\/terrasdebasto.pt\/#\/schema\/person\/9f6739f5394ac65c802641773b278b84\"},\"headline\":\"Nefrectomia parcial rob\u00f3tica: ULS do Alto Ave d\u00e1 \u00abmais um passo\u00bb na inova\u00e7\u00e3o\",\"datePublished\":\"2025-12-04T17:08:58+00:00\",\"dateModified\":\"2025-12-04T17:11:01+00:00\",\"mainEntityOfPage\":{\"@id\":\"https:\/\/terrasdebasto.pt\/?p=5237\"},\"wordCount\":386,\"commentCount\":0,\"publisher\":{\"@id\":\"https:\/\/terrasdebasto.pt\/#organization\"},\"image\":{\"@id\":\"https:\/\/terrasdebasto.pt\/?p=5237#primaryimage\"},\"thumbnailUrl\":\"https:\/\/terrasdebasto.pt\/wp-content\/uploads\/2025\/12\/NEFRECTOMIA-2.jpg\",\"keywords\":[\"Cirurgia Rob\u00f3tica\",\"Nefrectomia Parcial Rob\u00f3tica\",\"ULS do Alto Ave\"],\"articleSection\":[\"Cabeceiras de Basto\",\"Celorico de Basto\",\"Mondim de Basto\",\"Sa\u00fade\",\"Terras de Basto\"],\"inLanguage\":\"pt-PT\",\"potentialAction\":[{\"@type\":\"CommentAction\",\"name\":\"Comment\",\"target\":[\"https:\/\/terrasdebasto.pt\/?p=5237#respond\"]}]},{\"@type\":\"WebPage\",\"@id\":\"https:\/\/terrasdebasto.pt\/?p=5237\",\"url\":\"https:\/\/terrasdebasto.pt\/?p=5237\",\"name\":\"Nefrectomia parcial rob\u00f3tica: ULS do Alto Ave d\u00e1 \u00abmais um passo\u00bb na inova\u00e7\u00e3o - Jornal Terras de Basto\",\"isPartOf\":{\"@id\":\"https:\/\/terrasdebasto.pt\/#website\"},\"primaryImageOfPage\":{\"@id\":\"https:\/\/terrasdebasto.pt\/?p=5237#primaryimage\"},\"image\":{\"@id\":\"https:\/\/terrasdebasto.pt\/?p=5237#primaryimage\"},\"thumbnailUrl\":\"https:\/\/terrasdebasto.pt\/wp-content\/uploads\/2025\/12\/NEFRECTOMIA-2.jpg\",\"datePublished\":\"2025-12-04T17:08:58+00:00\",\"dateModified\":\"2025-12-04T17:11:01+00:00\",\"description\":\"O hospital de refer\u00eancia da Unidade Local de Sa\u00fade do Alto Ave acaba de realizar duas nefrectomias parciais com equipamento robotizado, anunciou agora a coordenadora dos servi\u00e7os de sa\u00fade na regi\u00e3o.\",\"breadcrumb\":{\"@id\":\"https:\/\/terrasdebasto.pt\/?p=5237#breadcrumb\"},\"inLanguage\":\"pt-PT\",\"potentialAction\":[{\"@type\":\"ReadAction\",\"target\":[\"https:\/\/terrasdebasto.pt\/?p=5237\"]}]},{\"@type\":\"ImageObject\",\"inLanguage\":\"pt-PT\",\"@id\":\"https:\/\/terrasdebasto.pt\/?p=5237#primaryimage\",\"url\":\"https:\/\/terrasdebasto.pt\/wp-content\/uploads\/2025\/12\/NEFRECTOMIA-2.jpg\",\"contentUrl\":\"https:\/\/terrasdebasto.pt\/wp-content\/uploads\/2025\/12\/NEFRECTOMIA-2.jpg\",\"width\":1206,\"height\":950},{\"@type\":\"BreadcrumbList\",\"@id\":\"https:\/\/terrasdebasto.pt\/?p=5237#breadcrumb\",\"itemListElement\":[{\"@type\":\"ListItem\",\"position\":1,\"name\":\"In\u00edcio\",\"item\":\"https:\/\/terrasdebasto.pt\/\"},{\"@type\":\"ListItem\",\"position\":2,\"name\":\"Nefrectomia parcial rob\u00f3tica: ULS do Alto Ave d\u00e1 \u00abmais um passo\u00bb na inova\u00e7\u00e3o\"}]},{\"@type\":\"WebSite\",\"@id\":\"https:\/\/terrasdebasto.pt\/#website\",\"url\":\"https:\/\/terrasdebasto.pt\/\",\"name\":\"Jornal Terras de Basto\",\"description\":\"\",\"publisher\":{\"@id\":\"https:\/\/terrasdebasto.pt\/#organization\"},\"potentialAction\":[{\"@type\":\"SearchAction\",\"target\":{\"@type\":\"EntryPoint\",\"urlTemplate\":\"https:\/\/terrasdebasto.pt\/?s={search_term_string}\"},\"query-input\":{\"@type\":\"PropertyValueSpecification\",\"valueRequired\":true,\"valueName\":\"search_term_string\"}}],\"inLanguage\":\"pt-PT\"},{\"@type\":\"Organization\",\"@id\":\"https:\/\/terrasdebasto.pt\/#organization\",\"name\":\"Jornal Terras de Basto\",\"url\":\"https:\/\/terrasdebasto.pt\/\",\"logo\":{\"@type\":\"ImageObject\",\"inLanguage\":\"pt-PT\",\"@id\":\"https:\/\/terrasdebasto.pt\/#\/schema\/logo\/image\/\",\"url\":\"https:\/\/terrasdebasto.pt\/wp-content\/uploads\/2024\/06\/LogoNormal.png\",\"contentUrl\":\"https:\/\/terrasdebasto.pt\/wp-content\/uploads\/2024\/06\/LogoNormal.png\",\"width\":5638,\"height\":809,\"caption\":\"Jornal Terras de Basto\"},\"image\":{\"@id\":\"https:\/\/terrasdebasto.pt\/#\/schema\/logo\/image\/\"}},{\"@type\":\"Person\",\"@id\":\"https:\/\/terrasdebasto.pt\/#\/schema\/person\/9f6739f5394ac65c802641773b278b84\",\"name\":\"Jo\u00e3o Paulo Mesquita\",\"image\":{\"@type\":\"ImageObject\",\"inLanguage\":\"pt-PT\",\"@id\":\"https:\/\/terrasdebasto.pt\/#\/schema\/person\/image\/\",\"url\":\"https:\/\/secure.gravatar.com\/avatar\/9bd0f299e6d96336664aab64354168246a3ee3287c47891c50d450e47ed9d7f9?s=96&d=mm&r=g\",\"contentUrl\":\"https:\/\/secure.gravatar.com\/avatar\/9bd0f299e6d96336664aab64354168246a3ee3287c47891c50d450e47ed9d7f9?s=96&d=mm&r=g\",\"caption\":\"Jo\u00e3o Paulo Mesquita\"},\"url\":\"https:\/\/terrasdebasto.pt\/?author=7\"}]}<\/script>\n<!-- \/ Yoast SEO plugin. -->","yoast_head_json":{"title":"Nefrectomia parcial rob\u00f3tica: ULS do Alto Ave d\u00e1 \u00abmais um passo\u00bb na inova\u00e7\u00e3o - Jornal Terras de Basto","description":"O hospital de refer\u00eancia da Unidade Local de Sa\u00fade do Alto Ave acaba de realizar duas nefrectomias parciais com equipamento robotizado, anunciou agora a coordenadora dos servi\u00e7os de sa\u00fade na regi\u00e3o.","robots":{"index":"index","follow":"follow","max-snippet":"max-snippet:-1","max-image-preview":"max-image-preview:large","max-video-preview":"max-video-preview:-1"},"canonical":"https:\/\/terrasdebasto.pt\/?p=5237","og_locale":"pt_PT","og_type":"article","og_title":"Nefrectomia parcial rob\u00f3tica: ULS do Alto Ave d\u00e1 \u00abmais um passo\u00bb na inova\u00e7\u00e3o - Jornal Terras de Basto","og_description":"O hospital de refer\u00eancia da Unidade Local de Sa\u00fade do Alto Ave acaba de realizar duas nefrectomias parciais com equipamento robotizado, anunciou agora a coordenadora dos servi\u00e7os de sa\u00fade na regi\u00e3o.","og_url":"https:\/\/terrasdebasto.pt\/?p=5237","og_site_name":"Jornal Terras de Basto","article_published_time":"2025-12-04T17:08:58+00:00","article_modified_time":"2025-12-04T17:11:01+00:00","og_image":[{"width":1206,"height":950,"url":"https:\/\/terrasdebasto.pt\/wp-content\/uploads\/2025\/12\/NEFRECTOMIA-2.jpg","type":"image\/jpeg"}],"author":"Jo\u00e3o Paulo Mesquita","twitter_card":"summary_large_image","twitter_misc":{"Escrito por":"Jo\u00e3o Paulo Mesquita","Tempo estimado de leitura":"3 minutos"},"schema":{"@context":"https:\/\/schema.org","@graph":[{"@type":"Article","@id":"https:\/\/terrasdebasto.pt\/?p=5237#article","isPartOf":{"@id":"https:\/\/terrasdebasto.pt\/?p=5237"},"author":{"name":"Jo\u00e3o Paulo Mesquita","@id":"https:\/\/terrasdebasto.pt\/#\/schema\/person\/9f6739f5394ac65c802641773b278b84"},"headline":"Nefrectomia parcial rob\u00f3tica: ULS do Alto Ave d\u00e1 \u00abmais um passo\u00bb na inova\u00e7\u00e3o","datePublished":"2025-12-04T17:08:58+00:00","dateModified":"2025-12-04T17:11:01+00:00","mainEntityOfPage":{"@id":"https:\/\/terrasdebasto.pt\/?p=5237"},"wordCount":386,"commentCount":0,"publisher":{"@id":"https:\/\/terrasdebasto.pt\/#organization"},"image":{"@id":"https:\/\/terrasdebasto.pt\/?p=5237#primaryimage"},"thumbnailUrl":"https:\/\/terrasdebasto.pt\/wp-content\/uploads\/2025\/12\/NEFRECTOMIA-2.jpg","keywords":["Cirurgia Rob\u00f3tica","Nefrectomia Parcial Rob\u00f3tica","ULS do Alto Ave"],"articleSection":["Cabeceiras de Basto","Celorico de Basto","Mondim de Basto","Sa\u00fade","Terras de Basto"],"inLanguage":"pt-PT","potentialAction":[{"@type":"CommentAction","name":"Comment","target":["https:\/\/terrasdebasto.pt\/?p=5237#respond"]}]},{"@type":"WebPage","@id":"https:\/\/terrasdebasto.pt\/?p=5237","url":"https:\/\/terrasdebasto.pt\/?p=5237","name":"Nefrectomia parcial rob\u00f3tica: ULS do Alto Ave d\u00e1 \u00abmais um passo\u00bb na inova\u00e7\u00e3o - Jornal Terras de Basto","isPartOf":{"@id":"https:\/\/terrasdebasto.pt\/#website"},"primaryImageOfPage":{"@id":"https:\/\/terrasdebasto.pt\/?p=5237#primaryimage"},"image":{"@id":"https:\/\/terrasdebasto.pt\/?p=5237#primaryimage"},"thumbnailUrl":"https:\/\/terrasdebasto.pt\/wp-content\/uploads\/2025\/12\/NEFRECTOMIA-2.jpg","datePublished":"2025-12-04T17:08:58+00:00","dateModified":"2025-12-04T17:11:01+00:00","description":"O hospital de refer\u00eancia da Unidade Local de Sa\u00fade do Alto Ave acaba de realizar duas nefrectomias parciais com equipamento robotizado, anunciou agora a coordenadora dos servi\u00e7os de sa\u00fade na regi\u00e3o.","breadcrumb":{"@id":"https:\/\/terrasdebasto.pt\/?p=5237#breadcrumb"},"inLanguage":"pt-PT","potentialAction":[{"@type":"ReadAction","target":["https:\/\/terrasdebasto.pt\/?p=5237"]}]},{"@type":"ImageObject","inLanguage":"pt-PT","@id":"https:\/\/terrasdebasto.pt\/?p=5237#primaryimage","url":"https:\/\/terrasdebasto.pt\/wp-content\/uploads\/2025\/12\/NEFRECTOMIA-2.jpg","contentUrl":"https:\/\/terrasdebasto.pt\/wp-content\/uploads\/2025\/12\/NEFRECTOMIA-2.jpg","width":1206,"height":950},{"@type":"BreadcrumbList","@id":"https:\/\/terrasdebasto.pt\/?p=5237#breadcrumb","itemListElement":[{"@type":"ListItem","position":1,"name":"In\u00edcio","item":"https:\/\/terrasdebasto.pt\/"},{"@type":"ListItem","position":2,"name":"Nefrectomia parcial rob\u00f3tica: ULS do Alto Ave d\u00e1 \u00abmais um passo\u00bb na inova\u00e7\u00e3o"}]},{"@type":"WebSite","@id":"https:\/\/terrasdebasto.pt\/#website","url":"https:\/\/terrasdebasto.pt\/","name":"Jornal Terras de Basto","description":"","publisher":{"@id":"https:\/\/terrasdebasto.pt\/#organization"},"potentialAction":[{"@type":"SearchAction","target":{"@type":"EntryPoint","urlTemplate":"https:\/\/terrasdebasto.pt\/?s={search_term_string}"},"query-input":{"@type":"PropertyValueSpecification","valueRequired":true,"valueName":"search_term_string"}}],"inLanguage":"pt-PT"},{"@type":"Organization","@id":"https:\/\/terrasdebasto.pt\/#organization","name":"Jornal Terras de Basto","url":"https:\/\/terrasdebasto.pt\/","logo":{"@type":"ImageObject","inLanguage":"pt-PT","@id":"https:\/\/terrasdebasto.pt\/#\/schema\/logo\/image\/","url":"https:\/\/terrasdebasto.pt\/wp-content\/uploads\/2024\/06\/LogoNormal.png","contentUrl":"https:\/\/terrasdebasto.pt\/wp-content\/uploads\/2024\/06\/LogoNormal.png","width":5638,"height":809,"caption":"Jornal Terras de Basto"},"image":{"@id":"https:\/\/terrasdebasto.pt\/#\/schema\/logo\/image\/"}},{"@type":"Person","@id":"https:\/\/terrasdebasto.pt\/#\/schema\/person\/9f6739f5394ac65c802641773b278b84","name":"Jo\u00e3o Paulo Mesquita","image":{"@type":"ImageObject","inLanguage":"pt-PT","@id":"https:\/\/terrasdebasto.pt\/#\/schema\/person\/image\/","url":"https:\/\/secure.gravatar.com\/avatar\/9bd0f299e6d96336664aab64354168246a3ee3287c47891c50d450e47ed9d7f9?s=96&d=mm&r=g","contentUrl":"https:\/\/secure.gravatar.com\/avatar\/9bd0f299e6d96336664aab64354168246a3ee3287c47891c50d450e47ed9d7f9?s=96&d=mm&r=g","caption":"Jo\u00e3o Paulo Mesquita"},"url":"https:\/\/terrasdebasto.pt\/?author=7"}]}},"_links":{"self":[{"href":"https:\/\/terrasdebasto.pt\/index.php?rest_route=\/wp\/v2\/posts\/5237","targetHints":{"allow":["GET"]}}],"collection":[{"href":"https:\/\/terrasdebasto.pt\/index.php?rest_route=\/wp\/v2\/posts"}],"about":[{"href":"https:\/\/terrasdebasto.pt\/index.php?rest_route=\/wp\/v2\/types\/post"}],"author":[{"embeddable":true,"href":"https:\/\/terrasdebasto.pt\/index.php?rest_route=\/wp\/v2\/users\/7"}],"replies":[{"embeddable":true,"href":"https:\/\/terrasdebasto.pt\/index.php?rest_route=%2Fwp%2Fv2%2Fcomments&post=5237"}],"version-history":[{"count":2,"href":"https:\/\/terrasdebasto.pt\/index.php?rest_route=\/wp\/v2\/posts\/5237\/revisions"}],"predecessor-version":[{"id":5241,"href":"https:\/\/terrasdebasto.pt\/index.php?rest_route=\/wp\/v2\/posts\/5237\/revisions\/5241"}],"wp:featuredmedia":[{"embeddable":true,"href":"https:\/\/terrasdebasto.pt\/index.php?rest_route=\/wp\/v2\/media\/5238"}],"wp:attachment":[{"href":"https:\/\/terrasdebasto.pt\/index.php?rest_route=%2Fwp%2Fv2%2Fmedia&parent=5237"}],"wp:term":[{"taxonomy":"category","embeddable":true,"href":"https:\/\/terrasdebasto.pt\/index.php?rest_route=%2Fwp%2Fv2%2Fcategories&post=5237"},{"taxonomy":"post_tag","embeddable":true,"href":"https:\/\/terrasdebasto.pt\/index.php?rest_route=%2Fwp%2Fv2%2Ftags&post=5237"}],"curies":[{"name":"wp","href":"https:\/\/api.w.org\/{rel}","templated":true}]}}