{"id":5231,"date":"2025-12-04T13:56:53","date_gmt":"2025-12-04T13:56:53","guid":{"rendered":"https:\/\/terrasdebasto.pt\/?p=5231"},"modified":"2025-12-04T13:56:53","modified_gmt":"2025-12-04T13:56:53","slug":"autarca-de-celorico-exorta-a-denuncia-de-casos-de-violencia-domestica","status":"publish","type":"post","link":"https:\/\/terrasdebasto.pt\/?p=5231","title":{"rendered":"Autarca de Celorico exorta \u00e0 den\u00fancia de casos de viol\u00eancia dom\u00e9stica"},"content":{"rendered":"\n<p><\/p>\n\n\n\n<p><strong>\u00abN\u00e3o podemos ficar indiferentes, temos de atuar, temos de ir \u00e0 raiz do problema, temos de ser agentes de mudan\u00e7a. No ano de 2024 morreram 22 pessoas, 19 mulheres e 3 homens; em 2025, o n\u00famero subiu para 24. Algo est\u00e1 mal, muito mal. A viol\u00eancia dom\u00e9stica \u00e9 um crime p\u00fablico h\u00e1 25 anos, todos somos respons\u00e1veis, \u00e9 preciso agir com maior determina\u00e7\u00e3o\u00bb. Esta \u00e9 a convic\u00e7\u00e3o do vereador da A\u00e7\u00e3o Social na C\u00e2mara de Celorico de Basto.<\/strong><\/p>\n\n\n\n<p>Falando a prop\u00f3sito da X Semana de Preven\u00e7\u00e3o e Combate \u00e0 Viol\u00eancia Dom\u00e9stica, iniciativa municipal que investe na sensibiliza\u00e7\u00e3o para este \u00abflagelo\u00bb, Jos\u00e9 Sousa sublinhou a import\u00e2ncia da rede social concelhia e do \u201cGabinete Girassol\u201d, que re\u00fanem condi\u00e7\u00f5es para acolher as v\u00edtimas e afast\u00e1-las do agressor, distanciando-as da viol\u00eancia.<\/p>\n\n\n\n<p>Foi neste contexto que o autarca \u2013 que ora assumiu esta pasta municipal \u2013 exortou os celoricenses a denunciar junto das entidades competentes qualquer situa\u00e7\u00e3o de viol\u00eancia dom\u00e9stica de que tenham conhecimento. \u00abS\u00f3 assim se pode ajudar as pessoas que se encontram nesta situa\u00e7\u00e3o\u00bb, diz.<\/p>\n\n\n\n<p>A X Semana da Preven\u00e7\u00e3o e Combate \u00e0 Viol\u00eancia Dom\u00e9stica decorreu entre 24 e 28 de novembro e pretendeu refor\u00e7ar a consci\u00eancia coletiva sobre a gravidade deste problema, sensibilizando a comunidade para a import\u00e2ncia da den\u00fancia e da prote\u00e7\u00e3o das v\u00edtimas.<\/p>\n\n\n\n<p>O programa abriu, a 24 de novembro, com a apresenta\u00e7\u00e3o do trabalho dram\u00e1tico \u201cA Terra da Igualdade\u201d, dirigida ao 3.\u00ba ano de escolaridade. \u00abAtrav\u00e9s da express\u00e3o art\u00edstica, procurou-se transmitir \u00e0s crian\u00e7as valores fundamentais como o respeito, a igualdade de g\u00e9nero e o rep\u00fadio de qualquer forma de viol\u00eancia, incutindo-lhes desde cedo uma cultura de n\u00e3o toler\u00e2ncia a comportamentos abusivos\u00bb, afirma-se numa nota oficial.<\/p>\n\n\n\n<p>No mesmo dia, foi promovida uma \u00abhomenagem \u00e0s v\u00edtimas de viol\u00eancia dom\u00e9stica\u00bb, atrav\u00e9s da coloca\u00e7\u00e3o de um \u201ccemit\u00e9rio de cruzes\u201d nos quatro polos urbanos concelhios, \u00absimbolizando cada cruz uma vida perdida ao longo de 2024 devido a este crime\u00bb.<\/p>\n\n\n\n<p>Conforme sublinhou o vereador da tutela, at\u00e9 ao momento j\u00e1 foram mortas neste ano 24 pessoas, v\u00edtimas de viol\u00eancia dom\u00e9stica, um n\u00famero \u00abque a todos deve envergonhar\u00bb.<\/p>\n\n\n\n<figure class=\"wp-block-gallery has-nested-images columns-default is-cropped wp-block-gallery-1 is-layout-flex wp-block-gallery-is-layout-flex\">\n<figure class=\"wp-block-image size-large\"><img loading=\"lazy\" decoding=\"async\" width=\"1024\" height=\"683\" data-id=\"5233\" src=\"https:\/\/terrasdebasto.pt\/wp-content\/uploads\/2025\/12\/02-1024x683.jpg\" alt=\"\" class=\"wp-image-5233\" srcset=\"https:\/\/terrasdebasto.pt\/wp-content\/uploads\/2025\/12\/02-1024x683.jpg 1024w, https:\/\/terrasdebasto.pt\/wp-content\/uploads\/2025\/12\/02-300x200.jpg 300w, https:\/\/terrasdebasto.pt\/wp-content\/uploads\/2025\/12\/02-768x512.jpg 768w, https:\/\/terrasdebasto.pt\/wp-content\/uploads\/2025\/12\/02-1536x1024.jpg 1536w, https:\/\/terrasdebasto.pt\/wp-content\/uploads\/2025\/12\/02-150x100.jpg 150w, https:\/\/terrasdebasto.pt\/wp-content\/uploads\/2025\/12\/02-696x464.jpg 696w, https:\/\/terrasdebasto.pt\/wp-content\/uploads\/2025\/12\/02-1068x712.jpg 1068w, https:\/\/terrasdebasto.pt\/wp-content\/uploads\/2025\/12\/02-1920x1280.jpg 1920w, https:\/\/terrasdebasto.pt\/wp-content\/uploads\/2025\/12\/02.jpg 2048w\" sizes=\"auto, (max-width: 1024px) 100vw, 1024px\" \/><\/figure>\n<\/figure>\n\n\n\n<figure class=\"wp-block-gallery has-nested-images columns-default is-cropped wp-block-gallery-2 is-layout-flex wp-block-gallery-is-layout-flex\">\n<figure class=\"wp-block-image size-large\"><img loading=\"lazy\" decoding=\"async\" width=\"1024\" height=\"768\" data-id=\"5234\" src=\"https:\/\/terrasdebasto.pt\/wp-content\/uploads\/2025\/12\/03-1024x768.jpg\" alt=\"\" class=\"wp-image-5234\" srcset=\"https:\/\/terrasdebasto.pt\/wp-content\/uploads\/2025\/12\/03-1024x768.jpg 1024w, https:\/\/terrasdebasto.pt\/wp-content\/uploads\/2025\/12\/03-300x225.jpg 300w, https:\/\/terrasdebasto.pt\/wp-content\/uploads\/2025\/12\/03-768x576.jpg 768w, https:\/\/terrasdebasto.pt\/wp-content\/uploads\/2025\/12\/03-1536x1152.jpg 1536w, https:\/\/terrasdebasto.pt\/wp-content\/uploads\/2025\/12\/03-150x113.jpg 150w, https:\/\/terrasdebasto.pt\/wp-content\/uploads\/2025\/12\/03-696x522.jpg 696w, https:\/\/terrasdebasto.pt\/wp-content\/uploads\/2025\/12\/03-1068x801.jpg 1068w, https:\/\/terrasdebasto.pt\/wp-content\/uploads\/2025\/12\/03-1920x1440.jpg 1920w, https:\/\/terrasdebasto.pt\/wp-content\/uploads\/2025\/12\/03.jpg 2000w\" sizes=\"auto, (max-width: 1024px) 100vw, 1024px\" \/><\/figure>\n<\/figure>\n","protected":false},"excerpt":{"rendered":"<p>\u00abN\u00e3o podemos ficar indiferentes, temos de atuar, temos de ir \u00e0 raiz do problema, temos de ser agentes de mudan\u00e7a. No ano de 2024 morreram 22 pessoas, 19 mulheres e 3 homens; em 2025, o n\u00famero subiu para 24. Algo est\u00e1 mal, muito mal. A viol\u00eancia dom\u00e9stica \u00e9 um crime p\u00fablico h\u00e1 25 anos, todos [&hellip;]<\/p>\n","protected":false},"author":7,"featured_media":5232,"comment_status":"open","ping_status":"open","sticky":false,"template":"","format":"standard","meta":{"footnotes":""},"categories":[13,7,11,9],"tags":[40,625,627],"class_list":{"0":"post-5231","1":"post","2":"type-post","3":"status-publish","4":"format-standard","5":"has-post-thumbnail","7":"category-celorico-de-basto","8":"category-cultura","9":"category-educacao","10":"category-terras-de-basto","11":"tag-celorico-de-basto","12":"tag-sensibilizacao","13":"tag-violencia-domestica"},"yoast_head":"<!-- This site is optimized with the Yoast SEO plugin v25.7 - https:\/\/yoast.com\/wordpress\/plugins\/seo\/ -->\n<title>Autarca de Celorico exorta \u00e0 den\u00fancia de casos de viol\u00eancia dom\u00e9stica - Jornal Terras de Basto<\/title>\n<meta name=\"description\" content=\"\u00abN\u00e3o podemos ficar indiferentes, temos de atuar, temos de ir \u00e0 raiz do problema, temos de ser agentes de mudan\u00e7a. No ano de 2024 morreram 22 pessoas, 19 mulheres e 3 homens; em 2025, o n\u00famero subiu para 24. Algo est\u00e1 mal, muito mal. A viol\u00eancia dom\u00e9stica \u00e9 um crime p\u00fablico h\u00e1 25 anos, todos somos respons\u00e1veis, \u00e9 preciso agir com maior determina\u00e7\u00e3o\u00bb. Esta \u00e9 a convic\u00e7\u00e3o do vereador da A\u00e7\u00e3o Social na C\u00e2mara de Celorico de Basto.\" \/>\n<meta name=\"robots\" content=\"index, follow, max-snippet:-1, max-image-preview:large, max-video-preview:-1\" \/>\n<link rel=\"canonical\" href=\"https:\/\/terrasdebasto.pt\/?p=5231\" \/>\n<meta property=\"og:locale\" content=\"pt_PT\" \/>\n<meta property=\"og:type\" content=\"article\" \/>\n<meta property=\"og:title\" content=\"Autarca de Celorico exorta \u00e0 den\u00fancia de casos de viol\u00eancia dom\u00e9stica - Jornal Terras de Basto\" \/>\n<meta property=\"og:description\" content=\"\u00abN\u00e3o podemos ficar indiferentes, temos de atuar, temos de ir \u00e0 raiz do problema, temos de ser agentes de mudan\u00e7a. No ano de 2024 morreram 22 pessoas, 19 mulheres e 3 homens; em 2025, o n\u00famero subiu para 24. Algo est\u00e1 mal, muito mal. A viol\u00eancia dom\u00e9stica \u00e9 um crime p\u00fablico h\u00e1 25 anos, todos somos respons\u00e1veis, \u00e9 preciso agir com maior determina\u00e7\u00e3o\u00bb. Esta \u00e9 a convic\u00e7\u00e3o do vereador da A\u00e7\u00e3o Social na C\u00e2mara de Celorico de Basto.\" \/>\n<meta property=\"og:url\" content=\"https:\/\/terrasdebasto.pt\/?p=5231\" \/>\n<meta property=\"og:site_name\" content=\"Jornal Terras de Basto\" \/>\n<meta property=\"article:published_time\" content=\"2025-12-04T13:56:53+00:00\" \/>\n<meta property=\"og:image\" content=\"https:\/\/terrasdebasto.pt\/wp-content\/uploads\/2025\/12\/01.jpg\" \/>\n\t<meta property=\"og:image:width\" content=\"1807\" \/>\n\t<meta property=\"og:image:height\" content=\"1255\" \/>\n\t<meta property=\"og:image:type\" content=\"image\/jpeg\" \/>\n<meta name=\"author\" content=\"Jo\u00e3o Paulo Mesquita\" \/>\n<meta name=\"twitter:card\" content=\"summary_large_image\" \/>\n<meta name=\"twitter:label1\" content=\"Escrito por\" \/>\n\t<meta name=\"twitter:data1\" content=\"Jo\u00e3o Paulo Mesquita\" \/>\n\t<meta name=\"twitter:label2\" content=\"Tempo estimado de leitura\" \/>\n\t<meta name=\"twitter:data2\" content=\"3 minutos\" \/>\n<script type=\"application\/ld+json\" class=\"yoast-schema-graph\">{\"@context\":\"https:\/\/schema.org\",\"@graph\":[{\"@type\":\"Article\",\"@id\":\"https:\/\/terrasdebasto.pt\/?p=5231#article\",\"isPartOf\":{\"@id\":\"https:\/\/terrasdebasto.pt\/?p=5231\"},\"author\":{\"name\":\"Jo\u00e3o Paulo Mesquita\",\"@id\":\"https:\/\/terrasdebasto.pt\/#\/schema\/person\/9f6739f5394ac65c802641773b278b84\"},\"headline\":\"Autarca de Celorico exorta \u00e0 den\u00fancia de casos de viol\u00eancia dom\u00e9stica\",\"datePublished\":\"2025-12-04T13:56:53+00:00\",\"mainEntityOfPage\":{\"@id\":\"https:\/\/terrasdebasto.pt\/?p=5231\"},\"wordCount\":390,\"commentCount\":0,\"publisher\":{\"@id\":\"https:\/\/terrasdebasto.pt\/#organization\"},\"image\":{\"@id\":\"https:\/\/terrasdebasto.pt\/?p=5231#primaryimage\"},\"thumbnailUrl\":\"https:\/\/terrasdebasto.pt\/wp-content\/uploads\/2025\/12\/01.jpg\",\"keywords\":[\"Celorico de Basto\",\"Sensibiliza\u00e7\u00e3o\",\"Viol\u00eancia Dom\u00e9stica\"],\"articleSection\":[\"Celorico de Basto\",\"Cultura\",\"Educa\u00e7\u00e3o\",\"Terras de Basto\"],\"inLanguage\":\"pt-PT\",\"potentialAction\":[{\"@type\":\"CommentAction\",\"name\":\"Comment\",\"target\":[\"https:\/\/terrasdebasto.pt\/?p=5231#respond\"]}]},{\"@type\":\"WebPage\",\"@id\":\"https:\/\/terrasdebasto.pt\/?p=5231\",\"url\":\"https:\/\/terrasdebasto.pt\/?p=5231\",\"name\":\"Autarca de Celorico exorta \u00e0 den\u00fancia de casos de viol\u00eancia dom\u00e9stica - Jornal Terras de Basto\",\"isPartOf\":{\"@id\":\"https:\/\/terrasdebasto.pt\/#website\"},\"primaryImageOfPage\":{\"@id\":\"https:\/\/terrasdebasto.pt\/?p=5231#primaryimage\"},\"image\":{\"@id\":\"https:\/\/terrasdebasto.pt\/?p=5231#primaryimage\"},\"thumbnailUrl\":\"https:\/\/terrasdebasto.pt\/wp-content\/uploads\/2025\/12\/01.jpg\",\"datePublished\":\"2025-12-04T13:56:53+00:00\",\"description\":\"\u00abN\u00e3o podemos ficar indiferentes, temos de atuar, temos de ir \u00e0 raiz do problema, temos de ser agentes de mudan\u00e7a. No ano de 2024 morreram 22 pessoas, 19 mulheres e 3 homens; em 2025, o n\u00famero subiu para 24. Algo est\u00e1 mal, muito mal. A viol\u00eancia dom\u00e9stica \u00e9 um crime p\u00fablico h\u00e1 25 anos, todos somos respons\u00e1veis, \u00e9 preciso agir com maior determina\u00e7\u00e3o\u00bb. Esta \u00e9 a convic\u00e7\u00e3o do vereador da A\u00e7\u00e3o Social na C\u00e2mara de Celorico de Basto.\",\"breadcrumb\":{\"@id\":\"https:\/\/terrasdebasto.pt\/?p=5231#breadcrumb\"},\"inLanguage\":\"pt-PT\",\"potentialAction\":[{\"@type\":\"ReadAction\",\"target\":[\"https:\/\/terrasdebasto.pt\/?p=5231\"]}]},{\"@type\":\"ImageObject\",\"inLanguage\":\"pt-PT\",\"@id\":\"https:\/\/terrasdebasto.pt\/?p=5231#primaryimage\",\"url\":\"https:\/\/terrasdebasto.pt\/wp-content\/uploads\/2025\/12\/01.jpg\",\"contentUrl\":\"https:\/\/terrasdebasto.pt\/wp-content\/uploads\/2025\/12\/01.jpg\",\"width\":1807,\"height\":1255},{\"@type\":\"BreadcrumbList\",\"@id\":\"https:\/\/terrasdebasto.pt\/?p=5231#breadcrumb\",\"itemListElement\":[{\"@type\":\"ListItem\",\"position\":1,\"name\":\"In\u00edcio\",\"item\":\"https:\/\/terrasdebasto.pt\/\"},{\"@type\":\"ListItem\",\"position\":2,\"name\":\"Autarca de Celorico exorta \u00e0 den\u00fancia de casos de viol\u00eancia dom\u00e9stica\"}]},{\"@type\":\"WebSite\",\"@id\":\"https:\/\/terrasdebasto.pt\/#website\",\"url\":\"https:\/\/terrasdebasto.pt\/\",\"name\":\"Jornal Terras de Basto\",\"description\":\"\",\"publisher\":{\"@id\":\"https:\/\/terrasdebasto.pt\/#organization\"},\"potentialAction\":[{\"@type\":\"SearchAction\",\"target\":{\"@type\":\"EntryPoint\",\"urlTemplate\":\"https:\/\/terrasdebasto.pt\/?s={search_term_string}\"},\"query-input\":{\"@type\":\"PropertyValueSpecification\",\"valueRequired\":true,\"valueName\":\"search_term_string\"}}],\"inLanguage\":\"pt-PT\"},{\"@type\":\"Organization\",\"@id\":\"https:\/\/terrasdebasto.pt\/#organization\",\"name\":\"Jornal Terras de Basto\",\"url\":\"https:\/\/terrasdebasto.pt\/\",\"logo\":{\"@type\":\"ImageObject\",\"inLanguage\":\"pt-PT\",\"@id\":\"https:\/\/terrasdebasto.pt\/#\/schema\/logo\/image\/\",\"url\":\"https:\/\/terrasdebasto.pt\/wp-content\/uploads\/2024\/06\/LogoNormal.png\",\"contentUrl\":\"https:\/\/terrasdebasto.pt\/wp-content\/uploads\/2024\/06\/LogoNormal.png\",\"width\":5638,\"height\":809,\"caption\":\"Jornal Terras de Basto\"},\"image\":{\"@id\":\"https:\/\/terrasdebasto.pt\/#\/schema\/logo\/image\/\"}},{\"@type\":\"Person\",\"@id\":\"https:\/\/terrasdebasto.pt\/#\/schema\/person\/9f6739f5394ac65c802641773b278b84\",\"name\":\"Jo\u00e3o Paulo Mesquita\",\"image\":{\"@type\":\"ImageObject\",\"inLanguage\":\"pt-PT\",\"@id\":\"https:\/\/terrasdebasto.pt\/#\/schema\/person\/image\/\",\"url\":\"https:\/\/secure.gravatar.com\/avatar\/9bd0f299e6d96336664aab64354168246a3ee3287c47891c50d450e47ed9d7f9?s=96&d=mm&r=g\",\"contentUrl\":\"https:\/\/secure.gravatar.com\/avatar\/9bd0f299e6d96336664aab64354168246a3ee3287c47891c50d450e47ed9d7f9?s=96&d=mm&r=g\",\"caption\":\"Jo\u00e3o Paulo Mesquita\"},\"url\":\"https:\/\/terrasdebasto.pt\/?author=7\"}]}<\/script>\n<!-- \/ Yoast SEO plugin. -->","yoast_head_json":{"title":"Autarca de Celorico exorta \u00e0 den\u00fancia de casos de viol\u00eancia dom\u00e9stica - Jornal Terras de Basto","description":"\u00abN\u00e3o podemos ficar indiferentes, temos de atuar, temos de ir \u00e0 raiz do problema, temos de ser agentes de mudan\u00e7a. No ano de 2024 morreram 22 pessoas, 19 mulheres e 3 homens; em 2025, o n\u00famero subiu para 24. Algo est\u00e1 mal, muito mal. A viol\u00eancia dom\u00e9stica \u00e9 um crime p\u00fablico h\u00e1 25 anos, todos somos respons\u00e1veis, \u00e9 preciso agir com maior determina\u00e7\u00e3o\u00bb. Esta \u00e9 a convic\u00e7\u00e3o do vereador da A\u00e7\u00e3o Social na C\u00e2mara de Celorico de Basto.","robots":{"index":"index","follow":"follow","max-snippet":"max-snippet:-1","max-image-preview":"max-image-preview:large","max-video-preview":"max-video-preview:-1"},"canonical":"https:\/\/terrasdebasto.pt\/?p=5231","og_locale":"pt_PT","og_type":"article","og_title":"Autarca de Celorico exorta \u00e0 den\u00fancia de casos de viol\u00eancia dom\u00e9stica - Jornal Terras de Basto","og_description":"\u00abN\u00e3o podemos ficar indiferentes, temos de atuar, temos de ir \u00e0 raiz do problema, temos de ser agentes de mudan\u00e7a. No ano de 2024 morreram 22 pessoas, 19 mulheres e 3 homens; em 2025, o n\u00famero subiu para 24. Algo est\u00e1 mal, muito mal. A viol\u00eancia dom\u00e9stica \u00e9 um crime p\u00fablico h\u00e1 25 anos, todos somos respons\u00e1veis, \u00e9 preciso agir com maior determina\u00e7\u00e3o\u00bb. Esta \u00e9 a convic\u00e7\u00e3o do vereador da A\u00e7\u00e3o Social na C\u00e2mara de Celorico de Basto.","og_url":"https:\/\/terrasdebasto.pt\/?p=5231","og_site_name":"Jornal Terras de Basto","article_published_time":"2025-12-04T13:56:53+00:00","og_image":[{"width":1807,"height":1255,"url":"https:\/\/terrasdebasto.pt\/wp-content\/uploads\/2025\/12\/01.jpg","type":"image\/jpeg"}],"author":"Jo\u00e3o Paulo Mesquita","twitter_card":"summary_large_image","twitter_misc":{"Escrito por":"Jo\u00e3o Paulo Mesquita","Tempo estimado de leitura":"3 minutos"},"schema":{"@context":"https:\/\/schema.org","@graph":[{"@type":"Article","@id":"https:\/\/terrasdebasto.pt\/?p=5231#article","isPartOf":{"@id":"https:\/\/terrasdebasto.pt\/?p=5231"},"author":{"name":"Jo\u00e3o Paulo Mesquita","@id":"https:\/\/terrasdebasto.pt\/#\/schema\/person\/9f6739f5394ac65c802641773b278b84"},"headline":"Autarca de Celorico exorta \u00e0 den\u00fancia de casos de viol\u00eancia dom\u00e9stica","datePublished":"2025-12-04T13:56:53+00:00","mainEntityOfPage":{"@id":"https:\/\/terrasdebasto.pt\/?p=5231"},"wordCount":390,"commentCount":0,"publisher":{"@id":"https:\/\/terrasdebasto.pt\/#organization"},"image":{"@id":"https:\/\/terrasdebasto.pt\/?p=5231#primaryimage"},"thumbnailUrl":"https:\/\/terrasdebasto.pt\/wp-content\/uploads\/2025\/12\/01.jpg","keywords":["Celorico de Basto","Sensibiliza\u00e7\u00e3o","Viol\u00eancia Dom\u00e9stica"],"articleSection":["Celorico de Basto","Cultura","Educa\u00e7\u00e3o","Terras de Basto"],"inLanguage":"pt-PT","potentialAction":[{"@type":"CommentAction","name":"Comment","target":["https:\/\/terrasdebasto.pt\/?p=5231#respond"]}]},{"@type":"WebPage","@id":"https:\/\/terrasdebasto.pt\/?p=5231","url":"https:\/\/terrasdebasto.pt\/?p=5231","name":"Autarca de Celorico exorta \u00e0 den\u00fancia de casos de viol\u00eancia dom\u00e9stica - Jornal Terras de Basto","isPartOf":{"@id":"https:\/\/terrasdebasto.pt\/#website"},"primaryImageOfPage":{"@id":"https:\/\/terrasdebasto.pt\/?p=5231#primaryimage"},"image":{"@id":"https:\/\/terrasdebasto.pt\/?p=5231#primaryimage"},"thumbnailUrl":"https:\/\/terrasdebasto.pt\/wp-content\/uploads\/2025\/12\/01.jpg","datePublished":"2025-12-04T13:56:53+00:00","description":"\u00abN\u00e3o podemos ficar indiferentes, temos de atuar, temos de ir \u00e0 raiz do problema, temos de ser agentes de mudan\u00e7a. No ano de 2024 morreram 22 pessoas, 19 mulheres e 3 homens; em 2025, o n\u00famero subiu para 24. Algo est\u00e1 mal, muito mal. A viol\u00eancia dom\u00e9stica \u00e9 um crime p\u00fablico h\u00e1 25 anos, todos somos respons\u00e1veis, \u00e9 preciso agir com maior determina\u00e7\u00e3o\u00bb. Esta \u00e9 a convic\u00e7\u00e3o do vereador da A\u00e7\u00e3o Social na C\u00e2mara de Celorico de Basto.","breadcrumb":{"@id":"https:\/\/terrasdebasto.pt\/?p=5231#breadcrumb"},"inLanguage":"pt-PT","potentialAction":[{"@type":"ReadAction","target":["https:\/\/terrasdebasto.pt\/?p=5231"]}]},{"@type":"ImageObject","inLanguage":"pt-PT","@id":"https:\/\/terrasdebasto.pt\/?p=5231#primaryimage","url":"https:\/\/terrasdebasto.pt\/wp-content\/uploads\/2025\/12\/01.jpg","contentUrl":"https:\/\/terrasdebasto.pt\/wp-content\/uploads\/2025\/12\/01.jpg","width":1807,"height":1255},{"@type":"BreadcrumbList","@id":"https:\/\/terrasdebasto.pt\/?p=5231#breadcrumb","itemListElement":[{"@type":"ListItem","position":1,"name":"In\u00edcio","item":"https:\/\/terrasdebasto.pt\/"},{"@type":"ListItem","position":2,"name":"Autarca de Celorico exorta \u00e0 den\u00fancia de casos de viol\u00eancia dom\u00e9stica"}]},{"@type":"WebSite","@id":"https:\/\/terrasdebasto.pt\/#website","url":"https:\/\/terrasdebasto.pt\/","name":"Jornal Terras de Basto","description":"","publisher":{"@id":"https:\/\/terrasdebasto.pt\/#organization"},"potentialAction":[{"@type":"SearchAction","target":{"@type":"EntryPoint","urlTemplate":"https:\/\/terrasdebasto.pt\/?s={search_term_string}"},"query-input":{"@type":"PropertyValueSpecification","valueRequired":true,"valueName":"search_term_string"}}],"inLanguage":"pt-PT"},{"@type":"Organization","@id":"https:\/\/terrasdebasto.pt\/#organization","name":"Jornal Terras de Basto","url":"https:\/\/terrasdebasto.pt\/","logo":{"@type":"ImageObject","inLanguage":"pt-PT","@id":"https:\/\/terrasdebasto.pt\/#\/schema\/logo\/image\/","url":"https:\/\/terrasdebasto.pt\/wp-content\/uploads\/2024\/06\/LogoNormal.png","contentUrl":"https:\/\/terrasdebasto.pt\/wp-content\/uploads\/2024\/06\/LogoNormal.png","width":5638,"height":809,"caption":"Jornal Terras de Basto"},"image":{"@id":"https:\/\/terrasdebasto.pt\/#\/schema\/logo\/image\/"}},{"@type":"Person","@id":"https:\/\/terrasdebasto.pt\/#\/schema\/person\/9f6739f5394ac65c802641773b278b84","name":"Jo\u00e3o Paulo Mesquita","image":{"@type":"ImageObject","inLanguage":"pt-PT","@id":"https:\/\/terrasdebasto.pt\/#\/schema\/person\/image\/","url":"https:\/\/secure.gravatar.com\/avatar\/9bd0f299e6d96336664aab64354168246a3ee3287c47891c50d450e47ed9d7f9?s=96&d=mm&r=g","contentUrl":"https:\/\/secure.gravatar.com\/avatar\/9bd0f299e6d96336664aab64354168246a3ee3287c47891c50d450e47ed9d7f9?s=96&d=mm&r=g","caption":"Jo\u00e3o Paulo Mesquita"},"url":"https:\/\/terrasdebasto.pt\/?author=7"}]}},"_links":{"self":[{"href":"https:\/\/terrasdebasto.pt\/index.php?rest_route=\/wp\/v2\/posts\/5231","targetHints":{"allow":["GET"]}}],"collection":[{"href":"https:\/\/terrasdebasto.pt\/index.php?rest_route=\/wp\/v2\/posts"}],"about":[{"href":"https:\/\/terrasdebasto.pt\/index.php?rest_route=\/wp\/v2\/types\/post"}],"author":[{"embeddable":true,"href":"https:\/\/terrasdebasto.pt\/index.php?rest_route=\/wp\/v2\/users\/7"}],"replies":[{"embeddable":true,"href":"https:\/\/terrasdebasto.pt\/index.php?rest_route=%2Fwp%2Fv2%2Fcomments&post=5231"}],"version-history":[{"count":1,"href":"https:\/\/terrasdebasto.pt\/index.php?rest_route=\/wp\/v2\/posts\/5231\/revisions"}],"predecessor-version":[{"id":5235,"href":"https:\/\/terrasdebasto.pt\/index.php?rest_route=\/wp\/v2\/posts\/5231\/revisions\/5235"}],"wp:featuredmedia":[{"embeddable":true,"href":"https:\/\/terrasdebasto.pt\/index.php?rest_route=\/wp\/v2\/media\/5232"}],"wp:attachment":[{"href":"https:\/\/terrasdebasto.pt\/index.php?rest_route=%2Fwp%2Fv2%2Fmedia&parent=5231"}],"wp:term":[{"taxonomy":"category","embeddable":true,"href":"https:\/\/terrasdebasto.pt\/index.php?rest_route=%2Fwp%2Fv2%2Fcategories&post=5231"},{"taxonomy":"post_tag","embeddable":true,"href":"https:\/\/terrasdebasto.pt\/index.php?rest_route=%2Fwp%2Fv2%2Ftags&post=5231"}],"curies":[{"name":"wp","href":"https:\/\/api.w.org\/{rel}","templated":true}]}}