{"id":5224,"date":"2025-12-03T19:52:35","date_gmt":"2025-12-03T19:52:35","guid":{"rendered":"https:\/\/terrasdebasto.pt\/?p=5224"},"modified":"2025-12-03T19:52:36","modified_gmt":"2025-12-03T19:52:36","slug":"carla-lousada-e-capaz-de-assumir-ps-cabeceiras-de-basto","status":"publish","type":"post","link":"https:\/\/terrasdebasto.pt\/?p=5224","title":{"rendered":"Carla Lousada \u00e9 capaz de assumir PS\/Cabeceiras de Basto"},"content":{"rendered":"\n<p><\/p>\n\n\n\n<p><strong>A ex-vereadora Carla Lousada dever\u00e1 assumir esta quarta-feira (3) a lideran\u00e7a da concelhia do Partido Socialista de Cabeceiras de Basto, por for\u00e7a da demiss\u00e3o anunciada domingo (30) pelo seu titular, Fernando Basto. A assun\u00e7\u00e3o da lideran\u00e7a por parte da \u201cn\u00famero dois\u201d dever\u00e1 acontecer durante uma reuni\u00e3o da comiss\u00e3o pol\u00edtica concelhia, a primeira depois da derrota do partido nas aut\u00e1rquicas de 12 de outubro, em que perdeu a presid\u00eancia dos \u00f3rg\u00e3os municipais.<\/strong><\/p>\n\n\n\n<p>Embora n\u00e3o tenha \u00aba cultura do partido\u00bb, Lousada n\u00e3o dever\u00e1 resistir \u00e0 press\u00e3o de Fernando Basto e Francisco Alves, a dupla que, com a pr\u00f3pria vereadora, forma o triunvirato do \u201cbloco camar\u00e1rio\u201d que tra\u00e7ou as pol\u00edticas e as pr\u00e1ticas socialistas dos \u00faltimos anos de governa\u00e7\u00e3o municipal, estrat\u00e9gia que redundou numa divis\u00e3o interna e na consequente derrota eleitoral.<\/p>\n\n\n\n<p>A reuni\u00e3o desta quarta-feira \u00e0 noite, na sede da Pra\u00e7a da Rep\u00fablica, vai decorrer \u00absob evidente tens\u00e3o\u00bb, at\u00e9 porque alguns dos militantes, entre eles presidentes de junta, prometem \u00abpedir contas aos respons\u00e1veis pelo estado das coisas\u00bb, designadamente a demiss\u00e3o de Fernando Basto \u00abde todos os cargos que ocupa\u00bb por for\u00e7a da sua interven\u00e7\u00e3o partid\u00e1ria.<\/p>\n\n\n\n<p>Al\u00e9m da presid\u00eancia da comiss\u00e3o pol\u00edtica, o ex-vice-presidente da c\u00e2mara continua a ocupar o lugar de vereador \u2013 nunca admitiu abdicar do segundo lugar na lista de candidatos aut\u00e1rquicos \u2013, bem assim como a presid\u00eancia de uma entidade de direito privado que se identifica pr\u00f3xima do poder socialista, a \u201cM\u00fatua de Basto\u201d.<\/p>\n\n\n\n<p>Os militantes mais descontentes com \u00abo estado das coisas\u00bb lembram ainda que Fernando Basto, al\u00e9m de continuar a presidir \u00e0 cooperativa \u201c+Terra Verde\u201d, tem ascendente, atrav\u00e9s da sua filha, sobre a dire\u00e7\u00e3o da Associa\u00e7\u00e3o de Defesa dos Interesses de Basto e, tamb\u00e9m assim, sobre o jornal para-oficial dos socialistas cabeceirenses.<\/p>\n\n\n\n<p>\u00abObviamente\u2026 Se h\u00e1 algu\u00e9m mais respons\u00e1vel que o Francisco [Alves] \u00e9 o Fernando. Ambos tra\u00e7aram o caminho que nos trouxe gradualmente para a derrota e para a oposi\u00e7\u00e3o. Ambos andaram a encostar-se ao Jorge Machado e depois nem sequer acabaram a casar. O Fernando nunca soube ler os sinais e ambos se limitaram a desafiar o Joaquim Barreto, como se bastasse chegar \u00e0s elei\u00e7\u00f5es com o s\u00edmbolo do partido na frente\u00bb, desabafa a este jornal um dos autarcas que vai estar presente, logo mais, na reuni\u00e3o da comiss\u00e3o pol\u00edtica.<\/p>\n\n\n\n<p>Falando num \u00abbarco \u00e0 deriva\u00bb e insistindo na ideia de que \u00abas mesmas raz\u00f5es que levaram [Fernando Basto] a demitir-se do partido\u00bb s\u00e3o justifica\u00e7\u00e3o bastante para \u00abque se demita da c\u00e2mara e dos outros lugares que o partido lhe deu\u00bb, o mesmo autarca desenha como sa\u00edda prov\u00e1vel \u00aba entrega do partido \u00e0 Carla Lousada\u00bb, que, tendo em conta as suas caracter\u00edsticas \u2013 diz &#8212; \u00abdaqui a pouco, quando come\u00e7ar a ver onde se meteu, demite-se tamb\u00e9m\u00bb.<\/p>\n\n\n\n<p>Um outro autarca ouvido pelo Terras de Basto \u2013 que pede, obviamente, reservas \u2013 diz que entregar o partido, \u00abconforme est\u00e1\u00bb, a Carla Lousada \u00e9 manter Fernando Basto a mandar nos destinos socialistas, desde logo porque tem ascendente sobre ela e porque \u00abquem tra\u00e7a estrat\u00e9gias ao Fernando \u00e9 a filha\u00bb, ex-l\u00edder da Juventude Socialista, que tem agora como aliado o namorado, atual l\u00edder da mesma JS. \u00abOs destinos do PS\/Cabeceiras e os interesses do PS\/Cabeceiras limitam-se \u00e0 casa do Fernando Basto\u00bb, enfatiza.<\/p>\n\n\n\n<p>Para agudizar mais a tens\u00e3o, um militante \u00abdos antigos\u00bb traz tamb\u00e9m \u00e0 cola\u00e7\u00e3o o facto de Joaquim Teixeira, um empres\u00e1rio \u00abque se passou do PS para os Independentes\u00bb de Jorge Machado estar a exercer agora \u2013 em sua opini\u00e3o \u2013 forte influ\u00eancia sobre alguns dirigentes socialistas, tendo imposto, \u00abpor exemplo, o diretor do jornal\u00bb, nomeado pela filha de Fernando Basto. \u00abAl\u00e9m de ter imposto os filhos e outros familiares para as listas aut\u00e1rquicas, o Quim lan\u00e7ou uma OPA sobre o PS\u2026 Ele tem distribu\u00eddo as suas pe\u00e7as por a\u00ed e, junto com o Fernando, dominam totalmente o PS\u00bb, diz.<\/p>\n\n\n\n<p>Uma outra achega passa ainda por \u00abalguns funcion\u00e1rios\u00bb da c\u00e2mara, \u00abque estavam habituados a fazer o que lhes apetecia\u00bb e que \u00abtrabalhavam mais para quem mandava no partido do que para o munic\u00edpio\u00bb, e que correm agora riscos de, \u00abcontinuando a fazer o que est\u00e3o a fazer, um dia destes serem postos na rua\u00bb. \u00abE isso ser\u00e1 mais uma vergonha para o PS\u00bb, considera.<\/p>\n\n\n\n<p>Estes e outros ingredientes fazem com que a reuni\u00e3o desta noite, fria, prometa aquecer toda a Pra\u00e7a da Rep\u00fablica, em Cabeceiras de Basto. [JPM].<\/p>\n","protected":false},"excerpt":{"rendered":"<p>A ex-vereadora Carla Lousada dever\u00e1 assumir esta quarta-feira (3) a lideran\u00e7a da concelhia do Partido Socialista de Cabeceiras de Basto, por for\u00e7a da demiss\u00e3o anunciada domingo (30) pelo seu titular, Fernando Basto. A assun\u00e7\u00e3o da lideran\u00e7a por parte da \u201cn\u00famero dois\u201d dever\u00e1 acontecer durante uma reuni\u00e3o da comiss\u00e3o pol\u00edtica concelhia, a primeira depois da derrota [&hellip;]<\/p>\n","protected":false},"author":7,"featured_media":5225,"comment_status":"open","ping_status":"open","sticky":false,"template":"","format":"standard","meta":{"footnotes":""},"categories":[12,9],"tags":[1244,1245,810,251],"class_list":{"0":"post-5224","1":"post","2":"type-post","3":"status-publish","4":"format-standard","5":"has-post-thumbnail","7":"category-cabeceiras-de-basto","8":"category-terras-de-basto","9":"tag-carla-lousada","10":"tag-fernando-basto","11":"tag-francisco-alves","12":"tag-ps-cabeceiras-de-basto"},"yoast_head":"<!-- This site is optimized with the Yoast SEO plugin v25.7 - https:\/\/yoast.com\/wordpress\/plugins\/seo\/ -->\n<title>Carla Lousada \u00e9 capaz de assumir PS\/Cabeceiras de Basto - Jornal Terras de Basto<\/title>\n<meta name=\"description\" content=\"A ex-vereadora Carla Lousada dever\u00e1 assumir esta quarta-feira (3) a lideran\u00e7a da concelhia do Partido Socialista de Cabeceiras de Basto, por for\u00e7a da demiss\u00e3o anunciada domingo (30) pelo seu titular, Fernando Basto. A assun\u00e7\u00e3o da lideran\u00e7a por parte da \u201cn\u00famero dois\u201d dever\u00e1 acontecer durante uma reuni\u00e3o da comiss\u00e3o pol\u00edtica concelhia, a primeira depois da derrota do partido nas aut\u00e1rquicas de 12 de outubro, em que perdeu a presid\u00eancia dos \u00f3rg\u00e3os municipais.\" \/>\n<meta name=\"robots\" content=\"index, follow, max-snippet:-1, max-image-preview:large, max-video-preview:-1\" \/>\n<link rel=\"canonical\" href=\"https:\/\/terrasdebasto.pt\/?p=5224\" \/>\n<meta property=\"og:locale\" content=\"pt_PT\" \/>\n<meta property=\"og:type\" content=\"article\" \/>\n<meta property=\"og:title\" content=\"Carla Lousada \u00e9 capaz de assumir PS\/Cabeceiras de Basto - Jornal Terras de Basto\" \/>\n<meta property=\"og:description\" content=\"A ex-vereadora Carla Lousada dever\u00e1 assumir esta quarta-feira (3) a lideran\u00e7a da concelhia do Partido Socialista de Cabeceiras de Basto, por for\u00e7a da demiss\u00e3o anunciada domingo (30) pelo seu titular, Fernando Basto. A assun\u00e7\u00e3o da lideran\u00e7a por parte da \u201cn\u00famero dois\u201d dever\u00e1 acontecer durante uma reuni\u00e3o da comiss\u00e3o pol\u00edtica concelhia, a primeira depois da derrota do partido nas aut\u00e1rquicas de 12 de outubro, em que perdeu a presid\u00eancia dos \u00f3rg\u00e3os municipais.\" \/>\n<meta property=\"og:url\" content=\"https:\/\/terrasdebasto.pt\/?p=5224\" \/>\n<meta property=\"og:site_name\" content=\"Jornal Terras de Basto\" \/>\n<meta property=\"article:published_time\" content=\"2025-12-03T19:52:35+00:00\" \/>\n<meta property=\"article:modified_time\" content=\"2025-12-03T19:52:36+00:00\" \/>\n<meta property=\"og:image\" content=\"https:\/\/terrasdebasto.pt\/wp-content\/uploads\/2025\/12\/CARLA-LOUSADA-1.jpg\" \/>\n\t<meta property=\"og:image:width\" content=\"1363\" \/>\n\t<meta property=\"og:image:height\" content=\"1074\" \/>\n\t<meta property=\"og:image:type\" content=\"image\/jpeg\" \/>\n<meta name=\"author\" content=\"Jo\u00e3o Paulo Mesquita\" \/>\n<meta name=\"twitter:card\" content=\"summary_large_image\" \/>\n<meta name=\"twitter:label1\" content=\"Escrito por\" \/>\n\t<meta name=\"twitter:data1\" content=\"Jo\u00e3o Paulo Mesquita\" \/>\n\t<meta name=\"twitter:label2\" content=\"Tempo estimado de leitura\" \/>\n\t<meta name=\"twitter:data2\" content=\"5 minutos\" \/>\n<script type=\"application\/ld+json\" class=\"yoast-schema-graph\">{\"@context\":\"https:\/\/schema.org\",\"@graph\":[{\"@type\":\"Article\",\"@id\":\"https:\/\/terrasdebasto.pt\/?p=5224#article\",\"isPartOf\":{\"@id\":\"https:\/\/terrasdebasto.pt\/?p=5224\"},\"author\":{\"name\":\"Jo\u00e3o Paulo Mesquita\",\"@id\":\"https:\/\/terrasdebasto.pt\/#\/schema\/person\/9f6739f5394ac65c802641773b278b84\"},\"headline\":\"Carla Lousada \u00e9 capaz de assumir PS\/Cabeceiras de Basto\",\"datePublished\":\"2025-12-03T19:52:35+00:00\",\"dateModified\":\"2025-12-03T19:52:36+00:00\",\"mainEntityOfPage\":{\"@id\":\"https:\/\/terrasdebasto.pt\/?p=5224\"},\"wordCount\":795,\"commentCount\":0,\"publisher\":{\"@id\":\"https:\/\/terrasdebasto.pt\/#organization\"},\"image\":{\"@id\":\"https:\/\/terrasdebasto.pt\/?p=5224#primaryimage\"},\"thumbnailUrl\":\"https:\/\/terrasdebasto.pt\/wp-content\/uploads\/2025\/12\/CARLA-LOUSADA-1.jpg\",\"keywords\":[\"Carla Lousada\",\"Fernando Basto\",\"Francisco Alves\",\"PS\/Cabeceiras de Basto\"],\"articleSection\":[\"Cabeceiras de Basto\",\"Terras de Basto\"],\"inLanguage\":\"pt-PT\",\"potentialAction\":[{\"@type\":\"CommentAction\",\"name\":\"Comment\",\"target\":[\"https:\/\/terrasdebasto.pt\/?p=5224#respond\"]}]},{\"@type\":\"WebPage\",\"@id\":\"https:\/\/terrasdebasto.pt\/?p=5224\",\"url\":\"https:\/\/terrasdebasto.pt\/?p=5224\",\"name\":\"Carla Lousada \u00e9 capaz de assumir PS\/Cabeceiras de Basto - Jornal Terras de Basto\",\"isPartOf\":{\"@id\":\"https:\/\/terrasdebasto.pt\/#website\"},\"primaryImageOfPage\":{\"@id\":\"https:\/\/terrasdebasto.pt\/?p=5224#primaryimage\"},\"image\":{\"@id\":\"https:\/\/terrasdebasto.pt\/?p=5224#primaryimage\"},\"thumbnailUrl\":\"https:\/\/terrasdebasto.pt\/wp-content\/uploads\/2025\/12\/CARLA-LOUSADA-1.jpg\",\"datePublished\":\"2025-12-03T19:52:35+00:00\",\"dateModified\":\"2025-12-03T19:52:36+00:00\",\"description\":\"A ex-vereadora Carla Lousada dever\u00e1 assumir esta quarta-feira (3) a lideran\u00e7a da concelhia do Partido Socialista de Cabeceiras de Basto, por for\u00e7a da demiss\u00e3o anunciada domingo (30) pelo seu titular, Fernando Basto. A assun\u00e7\u00e3o da lideran\u00e7a por parte da \u201cn\u00famero dois\u201d dever\u00e1 acontecer durante uma reuni\u00e3o da comiss\u00e3o pol\u00edtica concelhia, a primeira depois da derrota do partido nas aut\u00e1rquicas de 12 de outubro, em que perdeu a presid\u00eancia dos \u00f3rg\u00e3os municipais.\",\"breadcrumb\":{\"@id\":\"https:\/\/terrasdebasto.pt\/?p=5224#breadcrumb\"},\"inLanguage\":\"pt-PT\",\"potentialAction\":[{\"@type\":\"ReadAction\",\"target\":[\"https:\/\/terrasdebasto.pt\/?p=5224\"]}]},{\"@type\":\"ImageObject\",\"inLanguage\":\"pt-PT\",\"@id\":\"https:\/\/terrasdebasto.pt\/?p=5224#primaryimage\",\"url\":\"https:\/\/terrasdebasto.pt\/wp-content\/uploads\/2025\/12\/CARLA-LOUSADA-1.jpg\",\"contentUrl\":\"https:\/\/terrasdebasto.pt\/wp-content\/uploads\/2025\/12\/CARLA-LOUSADA-1.jpg\",\"width\":1363,\"height\":1074},{\"@type\":\"BreadcrumbList\",\"@id\":\"https:\/\/terrasdebasto.pt\/?p=5224#breadcrumb\",\"itemListElement\":[{\"@type\":\"ListItem\",\"position\":1,\"name\":\"In\u00edcio\",\"item\":\"https:\/\/terrasdebasto.pt\/\"},{\"@type\":\"ListItem\",\"position\":2,\"name\":\"Carla Lousada \u00e9 capaz de assumir PS\/Cabeceiras de Basto\"}]},{\"@type\":\"WebSite\",\"@id\":\"https:\/\/terrasdebasto.pt\/#website\",\"url\":\"https:\/\/terrasdebasto.pt\/\",\"name\":\"Jornal Terras de Basto\",\"description\":\"\",\"publisher\":{\"@id\":\"https:\/\/terrasdebasto.pt\/#organization\"},\"potentialAction\":[{\"@type\":\"SearchAction\",\"target\":{\"@type\":\"EntryPoint\",\"urlTemplate\":\"https:\/\/terrasdebasto.pt\/?s={search_term_string}\"},\"query-input\":{\"@type\":\"PropertyValueSpecification\",\"valueRequired\":true,\"valueName\":\"search_term_string\"}}],\"inLanguage\":\"pt-PT\"},{\"@type\":\"Organization\",\"@id\":\"https:\/\/terrasdebasto.pt\/#organization\",\"name\":\"Jornal Terras de Basto\",\"url\":\"https:\/\/terrasdebasto.pt\/\",\"logo\":{\"@type\":\"ImageObject\",\"inLanguage\":\"pt-PT\",\"@id\":\"https:\/\/terrasdebasto.pt\/#\/schema\/logo\/image\/\",\"url\":\"https:\/\/terrasdebasto.pt\/wp-content\/uploads\/2024\/06\/LogoNormal.png\",\"contentUrl\":\"https:\/\/terrasdebasto.pt\/wp-content\/uploads\/2024\/06\/LogoNormal.png\",\"width\":5638,\"height\":809,\"caption\":\"Jornal Terras de Basto\"},\"image\":{\"@id\":\"https:\/\/terrasdebasto.pt\/#\/schema\/logo\/image\/\"}},{\"@type\":\"Person\",\"@id\":\"https:\/\/terrasdebasto.pt\/#\/schema\/person\/9f6739f5394ac65c802641773b278b84\",\"name\":\"Jo\u00e3o Paulo Mesquita\",\"image\":{\"@type\":\"ImageObject\",\"inLanguage\":\"pt-PT\",\"@id\":\"https:\/\/terrasdebasto.pt\/#\/schema\/person\/image\/\",\"url\":\"https:\/\/secure.gravatar.com\/avatar\/9bd0f299e6d96336664aab64354168246a3ee3287c47891c50d450e47ed9d7f9?s=96&d=mm&r=g\",\"contentUrl\":\"https:\/\/secure.gravatar.com\/avatar\/9bd0f299e6d96336664aab64354168246a3ee3287c47891c50d450e47ed9d7f9?s=96&d=mm&r=g\",\"caption\":\"Jo\u00e3o Paulo Mesquita\"},\"url\":\"https:\/\/terrasdebasto.pt\/?author=7\"}]}<\/script>\n<!-- \/ Yoast SEO plugin. -->","yoast_head_json":{"title":"Carla Lousada \u00e9 capaz de assumir PS\/Cabeceiras de Basto - Jornal Terras de Basto","description":"A ex-vereadora Carla Lousada dever\u00e1 assumir esta quarta-feira (3) a lideran\u00e7a da concelhia do Partido Socialista de Cabeceiras de Basto, por for\u00e7a da demiss\u00e3o anunciada domingo (30) pelo seu titular, Fernando Basto. A assun\u00e7\u00e3o da lideran\u00e7a por parte da \u201cn\u00famero dois\u201d dever\u00e1 acontecer durante uma reuni\u00e3o da comiss\u00e3o pol\u00edtica concelhia, a primeira depois da derrota do partido nas aut\u00e1rquicas de 12 de outubro, em que perdeu a presid\u00eancia dos \u00f3rg\u00e3os municipais.","robots":{"index":"index","follow":"follow","max-snippet":"max-snippet:-1","max-image-preview":"max-image-preview:large","max-video-preview":"max-video-preview:-1"},"canonical":"https:\/\/terrasdebasto.pt\/?p=5224","og_locale":"pt_PT","og_type":"article","og_title":"Carla Lousada \u00e9 capaz de assumir PS\/Cabeceiras de Basto - Jornal Terras de Basto","og_description":"A ex-vereadora Carla Lousada dever\u00e1 assumir esta quarta-feira (3) a lideran\u00e7a da concelhia do Partido Socialista de Cabeceiras de Basto, por for\u00e7a da demiss\u00e3o anunciada domingo (30) pelo seu titular, Fernando Basto. A assun\u00e7\u00e3o da lideran\u00e7a por parte da \u201cn\u00famero dois\u201d dever\u00e1 acontecer durante uma reuni\u00e3o da comiss\u00e3o pol\u00edtica concelhia, a primeira depois da derrota do partido nas aut\u00e1rquicas de 12 de outubro, em que perdeu a presid\u00eancia dos \u00f3rg\u00e3os municipais.","og_url":"https:\/\/terrasdebasto.pt\/?p=5224","og_site_name":"Jornal Terras de Basto","article_published_time":"2025-12-03T19:52:35+00:00","article_modified_time":"2025-12-03T19:52:36+00:00","og_image":[{"width":1363,"height":1074,"url":"https:\/\/terrasdebasto.pt\/wp-content\/uploads\/2025\/12\/CARLA-LOUSADA-1.jpg","type":"image\/jpeg"}],"author":"Jo\u00e3o Paulo Mesquita","twitter_card":"summary_large_image","twitter_misc":{"Escrito por":"Jo\u00e3o Paulo Mesquita","Tempo estimado de leitura":"5 minutos"},"schema":{"@context":"https:\/\/schema.org","@graph":[{"@type":"Article","@id":"https:\/\/terrasdebasto.pt\/?p=5224#article","isPartOf":{"@id":"https:\/\/terrasdebasto.pt\/?p=5224"},"author":{"name":"Jo\u00e3o Paulo Mesquita","@id":"https:\/\/terrasdebasto.pt\/#\/schema\/person\/9f6739f5394ac65c802641773b278b84"},"headline":"Carla Lousada \u00e9 capaz de assumir PS\/Cabeceiras de Basto","datePublished":"2025-12-03T19:52:35+00:00","dateModified":"2025-12-03T19:52:36+00:00","mainEntityOfPage":{"@id":"https:\/\/terrasdebasto.pt\/?p=5224"},"wordCount":795,"commentCount":0,"publisher":{"@id":"https:\/\/terrasdebasto.pt\/#organization"},"image":{"@id":"https:\/\/terrasdebasto.pt\/?p=5224#primaryimage"},"thumbnailUrl":"https:\/\/terrasdebasto.pt\/wp-content\/uploads\/2025\/12\/CARLA-LOUSADA-1.jpg","keywords":["Carla Lousada","Fernando Basto","Francisco Alves","PS\/Cabeceiras de Basto"],"articleSection":["Cabeceiras de Basto","Terras de Basto"],"inLanguage":"pt-PT","potentialAction":[{"@type":"CommentAction","name":"Comment","target":["https:\/\/terrasdebasto.pt\/?p=5224#respond"]}]},{"@type":"WebPage","@id":"https:\/\/terrasdebasto.pt\/?p=5224","url":"https:\/\/terrasdebasto.pt\/?p=5224","name":"Carla Lousada \u00e9 capaz de assumir PS\/Cabeceiras de Basto - Jornal Terras de Basto","isPartOf":{"@id":"https:\/\/terrasdebasto.pt\/#website"},"primaryImageOfPage":{"@id":"https:\/\/terrasdebasto.pt\/?p=5224#primaryimage"},"image":{"@id":"https:\/\/terrasdebasto.pt\/?p=5224#primaryimage"},"thumbnailUrl":"https:\/\/terrasdebasto.pt\/wp-content\/uploads\/2025\/12\/CARLA-LOUSADA-1.jpg","datePublished":"2025-12-03T19:52:35+00:00","dateModified":"2025-12-03T19:52:36+00:00","description":"A ex-vereadora Carla Lousada dever\u00e1 assumir esta quarta-feira (3) a lideran\u00e7a da concelhia do Partido Socialista de Cabeceiras de Basto, por for\u00e7a da demiss\u00e3o anunciada domingo (30) pelo seu titular, Fernando Basto. A assun\u00e7\u00e3o da lideran\u00e7a por parte da \u201cn\u00famero dois\u201d dever\u00e1 acontecer durante uma reuni\u00e3o da comiss\u00e3o pol\u00edtica concelhia, a primeira depois da derrota do partido nas aut\u00e1rquicas de 12 de outubro, em que perdeu a presid\u00eancia dos \u00f3rg\u00e3os municipais.","breadcrumb":{"@id":"https:\/\/terrasdebasto.pt\/?p=5224#breadcrumb"},"inLanguage":"pt-PT","potentialAction":[{"@type":"ReadAction","target":["https:\/\/terrasdebasto.pt\/?p=5224"]}]},{"@type":"ImageObject","inLanguage":"pt-PT","@id":"https:\/\/terrasdebasto.pt\/?p=5224#primaryimage","url":"https:\/\/terrasdebasto.pt\/wp-content\/uploads\/2025\/12\/CARLA-LOUSADA-1.jpg","contentUrl":"https:\/\/terrasdebasto.pt\/wp-content\/uploads\/2025\/12\/CARLA-LOUSADA-1.jpg","width":1363,"height":1074},{"@type":"BreadcrumbList","@id":"https:\/\/terrasdebasto.pt\/?p=5224#breadcrumb","itemListElement":[{"@type":"ListItem","position":1,"name":"In\u00edcio","item":"https:\/\/terrasdebasto.pt\/"},{"@type":"ListItem","position":2,"name":"Carla Lousada \u00e9 capaz de assumir PS\/Cabeceiras de Basto"}]},{"@type":"WebSite","@id":"https:\/\/terrasdebasto.pt\/#website","url":"https:\/\/terrasdebasto.pt\/","name":"Jornal Terras de Basto","description":"","publisher":{"@id":"https:\/\/terrasdebasto.pt\/#organization"},"potentialAction":[{"@type":"SearchAction","target":{"@type":"EntryPoint","urlTemplate":"https:\/\/terrasdebasto.pt\/?s={search_term_string}"},"query-input":{"@type":"PropertyValueSpecification","valueRequired":true,"valueName":"search_term_string"}}],"inLanguage":"pt-PT"},{"@type":"Organization","@id":"https:\/\/terrasdebasto.pt\/#organization","name":"Jornal Terras de Basto","url":"https:\/\/terrasdebasto.pt\/","logo":{"@type":"ImageObject","inLanguage":"pt-PT","@id":"https:\/\/terrasdebasto.pt\/#\/schema\/logo\/image\/","url":"https:\/\/terrasdebasto.pt\/wp-content\/uploads\/2024\/06\/LogoNormal.png","contentUrl":"https:\/\/terrasdebasto.pt\/wp-content\/uploads\/2024\/06\/LogoNormal.png","width":5638,"height":809,"caption":"Jornal Terras de Basto"},"image":{"@id":"https:\/\/terrasdebasto.pt\/#\/schema\/logo\/image\/"}},{"@type":"Person","@id":"https:\/\/terrasdebasto.pt\/#\/schema\/person\/9f6739f5394ac65c802641773b278b84","name":"Jo\u00e3o Paulo Mesquita","image":{"@type":"ImageObject","inLanguage":"pt-PT","@id":"https:\/\/terrasdebasto.pt\/#\/schema\/person\/image\/","url":"https:\/\/secure.gravatar.com\/avatar\/9bd0f299e6d96336664aab64354168246a3ee3287c47891c50d450e47ed9d7f9?s=96&d=mm&r=g","contentUrl":"https:\/\/secure.gravatar.com\/avatar\/9bd0f299e6d96336664aab64354168246a3ee3287c47891c50d450e47ed9d7f9?s=96&d=mm&r=g","caption":"Jo\u00e3o Paulo Mesquita"},"url":"https:\/\/terrasdebasto.pt\/?author=7"}]}},"_links":{"self":[{"href":"https:\/\/terrasdebasto.pt\/index.php?rest_route=\/wp\/v2\/posts\/5224","targetHints":{"allow":["GET"]}}],"collection":[{"href":"https:\/\/terrasdebasto.pt\/index.php?rest_route=\/wp\/v2\/posts"}],"about":[{"href":"https:\/\/terrasdebasto.pt\/index.php?rest_route=\/wp\/v2\/types\/post"}],"author":[{"embeddable":true,"href":"https:\/\/terrasdebasto.pt\/index.php?rest_route=\/wp\/v2\/users\/7"}],"replies":[{"embeddable":true,"href":"https:\/\/terrasdebasto.pt\/index.php?rest_route=%2Fwp%2Fv2%2Fcomments&post=5224"}],"version-history":[{"count":1,"href":"https:\/\/terrasdebasto.pt\/index.php?rest_route=\/wp\/v2\/posts\/5224\/revisions"}],"predecessor-version":[{"id":5226,"href":"https:\/\/terrasdebasto.pt\/index.php?rest_route=\/wp\/v2\/posts\/5224\/revisions\/5226"}],"wp:featuredmedia":[{"embeddable":true,"href":"https:\/\/terrasdebasto.pt\/index.php?rest_route=\/wp\/v2\/media\/5225"}],"wp:attachment":[{"href":"https:\/\/terrasdebasto.pt\/index.php?rest_route=%2Fwp%2Fv2%2Fmedia&parent=5224"}],"wp:term":[{"taxonomy":"category","embeddable":true,"href":"https:\/\/terrasdebasto.pt\/index.php?rest_route=%2Fwp%2Fv2%2Fcategories&post=5224"},{"taxonomy":"post_tag","embeddable":true,"href":"https:\/\/terrasdebasto.pt\/index.php?rest_route=%2Fwp%2Fv2%2Ftags&post=5224"}],"curies":[{"name":"wp","href":"https:\/\/api.w.org\/{rel}","templated":true}]}}