{"id":5217,"date":"2025-12-03T16:22:41","date_gmt":"2025-12-03T16:22:41","guid":{"rendered":"https:\/\/terrasdebasto.pt\/?p=5217"},"modified":"2025-12-03T16:23:08","modified_gmt":"2025-12-03T16:23:08","slug":"negocios-do-vinho-verde-pj-detem-oito-pessoas","status":"publish","type":"post","link":"https:\/\/terrasdebasto.pt\/?p=5217","title":{"rendered":"Neg\u00f3cios do vinho verde: PJ det\u00e9m oito pessoas"},"content":{"rendered":"\n<p><\/p>\n\n\n\n<p><strong>A Pol\u00edcia Judici\u00e1ria do Porto anunciou esta quarta-feira (3) a deten\u00e7\u00e3o de oito pessoas, entre funcion\u00e1rios da Comiss\u00e3o de Viticultura da Regi\u00e3o dos Vinhos Verdes (CVRVV) e alguns empres\u00e1rios do setor, durante a opera\u00e7\u00e3o \u201cPuro Verde\u201d. Em causa est\u00e3o suspeitas de corrup\u00e7\u00e3o ativa e passiva, falsifica\u00e7\u00e3o de documentos e abuso de poder.<\/strong><\/p>\n\n\n\n<p>As deten\u00e7\u00f5es verificaram-se durante a opera\u00e7\u00e3o que levou a cabo na zona norte do pa\u00eds, em que realizou 21 buscas domicili\u00e1rias e n\u00e3o domicili\u00e1rias, incluindo na sede da CVRVV.<\/p>\n\n\n\n<p>A investiga\u00e7\u00e3o, iniciada em agosto \u00faltimo, teve origem numa den\u00fancia sobre um alegado esquema de conluio entre funcion\u00e1rios da CVRVV e empres\u00e1rios do setor vin\u00edcola, com vista ao favorecimento destes, designadamente, mediante a omiss\u00e3o dos deveres de fiscaliza\u00e7\u00e3o da origem e tr\u00e2nsito das uvas e seu dep\u00f3sito em adegas e produtores durante a vindima de 2025.<\/p>\n\n\n\n<p>A PJ lembra que a CVRVV tem fun\u00e7\u00f5es de controlo da produ\u00e7\u00e3o e com\u00e9rcio e de certifica\u00e7\u00e3o dos produtos vin\u00edcolas com direito a atribui\u00e7\u00e3o do estatuto de \u201cDenomina\u00e7\u00e3o de Origem\u201d e \u201cIndica\u00e7\u00e3o Geogr\u00e1fica\u201d, bem como a empresas relacionadas com a produ\u00e7\u00e3o e comercializa\u00e7\u00e3o de vinhos.<\/p>\n\n\n\n<p>Segundo a pol\u00edcia de investiga\u00e7\u00e3o, atrav\u00e9s da conduta suspeita \u00e9 colocado em risco o processo de certifica\u00e7\u00e3o da qualidade do vinho, que confere e atesta a sua origem, as castas utilizadas, os processos de tratamento da vinha, vinifica\u00e7\u00e3o e est\u00e1gios, que caracterizam os vinhos de uma determinada \u201cDO\u201d e os distingue dos restantes.<\/p>\n\n\n\n<p>O objetivo \u2013 diz \u2013 seria beneficiar certos operadores econ\u00f3micos atrav\u00e9s da oferta e aceita\u00e7\u00e3o de vantagens, tanto em bens, como em dinheiro.<\/p>\n\n\n\n<p>Os detidos s\u00e3o quatro membros da Divis\u00e3o de Fiscaliza\u00e7\u00e3o e Controlo da CVRVV e quatro empres\u00e1rios do setor de produ\u00e7\u00e3o e distribui\u00e7\u00e3o de vinhos verdes.<\/p>\n\n\n\n<p>A investiga\u00e7\u00e3o, dirigida pela diretoria do norte da PJ, visou detetar e recolher provas sobre o esquema referido, confirmar se houve viola\u00e7\u00e3o das regras da certifica\u00e7\u00e3o e impedimento do refor\u00e7o da fiscaliza\u00e7\u00e3o, vindo as pr\u00e1ticas detetadas a mostrar-se complexas e de muito dif\u00edcil dete\u00e7\u00e3o, n\u00e3o obstante os esfor\u00e7os da dire\u00e7\u00e3o da CVRVV e de opera\u00e7\u00f5es especiais de fiscaliza\u00e7\u00e3o conduzidas pela GNR e ASAE \u2013 diz a PJ.<\/p>\n\n\n\n<p>No decurso da Opera\u00e7\u00e3o \u201cPuro Verde\u201d foram constitu\u00eddos arguidos 17 pessoas singulares e coletivas e apreendidos bens em esp\u00e9cie e numer\u00e1rio.<\/p>\n\n\n\n<p>Os detidos v\u00e3o ser presentes \u00e0 competente autoridade judici\u00e1ria no Tribunal de Instru\u00e7\u00e3o Criminal do Porto, para primeiro interrogat\u00f3rio judicial de arguido detido e aplica\u00e7\u00e3o de medidas de coa\u00e7\u00e3o. O inqu\u00e9rito \u00e9 titulado pela 6.\u00aa Sec\u00e7\u00e3o do DIAP do Porto.<\/p>\n","protected":false},"excerpt":{"rendered":"<p>A Pol\u00edcia Judici\u00e1ria do Porto anunciou esta quarta-feira (3) a deten\u00e7\u00e3o de oito pessoas, entre funcion\u00e1rios da Comiss\u00e3o de Viticultura da Regi\u00e3o dos Vinhos Verdes (CVRVV) e alguns empres\u00e1rios do setor, durante a opera\u00e7\u00e3o \u201cPuro Verde\u201d. Em causa est\u00e3o suspeitas de corrup\u00e7\u00e3o ativa e passiva, falsifica\u00e7\u00e3o de documentos e abuso de poder. As deten\u00e7\u00f5es verificaram-se [&hellip;]<\/p>\n","protected":false},"author":7,"featured_media":5218,"comment_status":"open","ping_status":"open","sticky":false,"template":"","format":"standard","meta":{"footnotes":""},"categories":[12,13,16,26,9],"tags":[1242,1241,1014,280,1240,1243,1239],"class_list":{"0":"post-5217","1":"post","2":"type-post","3":"status-publish","4":"format-standard","5":"has-post-thumbnail","7":"category-cabeceiras-de-basto","8":"category-celorico-de-basto","9":"category-mondim-de-basto","10":"category-ribeira-de-pena","11":"category-terras-de-basto","12":"tag-conluio","13":"tag-denominacao-de-origem","14":"tag-detencao","15":"tag-investigacao","16":"tag-policia-judiciaria","17":"tag-transito-de-uvas","18":"tag-vinho-verde"},"yoast_head":"<!-- This site is optimized with the Yoast SEO plugin v25.7 - https:\/\/yoast.com\/wordpress\/plugins\/seo\/ -->\n<title>Neg\u00f3cios do vinho verde: PJ det\u00e9m oito pessoas - Jornal Terras de Basto<\/title>\n<meta name=\"description\" content=\"A Pol\u00edcia Judici\u00e1ria do Porto anunciou esta quarta-feira (3) a deten\u00e7\u00e3o de oito pessoas, entre funcion\u00e1rios da Comiss\u00e3o de Viticultura da Regi\u00e3o dos Vinhos Verdes (CVRVV) e alguns empres\u00e1rios do setor, durante a opera\u00e7\u00e3o \u201cPuro Verde\u201d. Em causa est\u00e3o suspeitas de corrup\u00e7\u00e3o ativa e passiva, falsifica\u00e7\u00e3o de documentos e abuso de poder.\" \/>\n<meta name=\"robots\" content=\"index, follow, max-snippet:-1, max-image-preview:large, max-video-preview:-1\" \/>\n<link rel=\"canonical\" href=\"https:\/\/terrasdebasto.pt\/?p=5217\" \/>\n<meta property=\"og:locale\" content=\"pt_PT\" \/>\n<meta property=\"og:type\" content=\"article\" \/>\n<meta property=\"og:title\" content=\"Neg\u00f3cios do vinho verde: PJ det\u00e9m oito pessoas - Jornal Terras de Basto\" \/>\n<meta property=\"og:description\" content=\"A Pol\u00edcia Judici\u00e1ria do Porto anunciou esta quarta-feira (3) a deten\u00e7\u00e3o de oito pessoas, entre funcion\u00e1rios da Comiss\u00e3o de Viticultura da Regi\u00e3o dos Vinhos Verdes (CVRVV) e alguns empres\u00e1rios do setor, durante a opera\u00e7\u00e3o \u201cPuro Verde\u201d. Em causa est\u00e3o suspeitas de corrup\u00e7\u00e3o ativa e passiva, falsifica\u00e7\u00e3o de documentos e abuso de poder.\" \/>\n<meta property=\"og:url\" content=\"https:\/\/terrasdebasto.pt\/?p=5217\" \/>\n<meta property=\"og:site_name\" content=\"Jornal Terras de Basto\" \/>\n<meta property=\"article:published_time\" content=\"2025-12-03T16:22:41+00:00\" \/>\n<meta property=\"article:modified_time\" content=\"2025-12-03T16:23:08+00:00\" \/>\n<meta property=\"og:image\" content=\"https:\/\/terrasdebasto.pt\/wp-content\/uploads\/2025\/12\/VINHO-VERDE.jpg\" \/>\n\t<meta property=\"og:image:width\" content=\"1536\" \/>\n\t<meta property=\"og:image:height\" content=\"1022\" \/>\n\t<meta property=\"og:image:type\" content=\"image\/jpeg\" \/>\n<meta name=\"author\" content=\"Jo\u00e3o Paulo Mesquita\" \/>\n<meta name=\"twitter:card\" content=\"summary_large_image\" \/>\n<meta name=\"twitter:label1\" content=\"Escrito por\" \/>\n\t<meta name=\"twitter:data1\" content=\"Jo\u00e3o Paulo Mesquita\" \/>\n\t<meta name=\"twitter:label2\" content=\"Tempo estimado de leitura\" \/>\n\t<meta name=\"twitter:data2\" content=\"3 minutos\" \/>\n<script type=\"application\/ld+json\" class=\"yoast-schema-graph\">{\"@context\":\"https:\/\/schema.org\",\"@graph\":[{\"@type\":\"Article\",\"@id\":\"https:\/\/terrasdebasto.pt\/?p=5217#article\",\"isPartOf\":{\"@id\":\"https:\/\/terrasdebasto.pt\/?p=5217\"},\"author\":{\"name\":\"Jo\u00e3o Paulo Mesquita\",\"@id\":\"https:\/\/terrasdebasto.pt\/#\/schema\/person\/9f6739f5394ac65c802641773b278b84\"},\"headline\":\"Neg\u00f3cios do vinho verde: PJ det\u00e9m oito pessoas\",\"datePublished\":\"2025-12-03T16:22:41+00:00\",\"dateModified\":\"2025-12-03T16:23:08+00:00\",\"mainEntityOfPage\":{\"@id\":\"https:\/\/terrasdebasto.pt\/?p=5217\"},\"wordCount\":487,\"commentCount\":0,\"publisher\":{\"@id\":\"https:\/\/terrasdebasto.pt\/#organization\"},\"image\":{\"@id\":\"https:\/\/terrasdebasto.pt\/?p=5217#primaryimage\"},\"thumbnailUrl\":\"https:\/\/terrasdebasto.pt\/wp-content\/uploads\/2025\/12\/VINHO-VERDE.jpg\",\"keywords\":[\"Conluio\",\"Denomina\u00e7\u00e3o de Origem\",\"Deten\u00e7\u00e3o\",\"Investiga\u00e7\u00e3o\",\"Pol\u00edcia Judici\u00e1ria\",\"Tr\u00e2nsito de Uvas\",\"Vinho Verde\"],\"articleSection\":[\"Cabeceiras de Basto\",\"Celorico de Basto\",\"Mondim de Basto\",\"Ribeira de Pena\",\"Terras de Basto\"],\"inLanguage\":\"pt-PT\",\"potentialAction\":[{\"@type\":\"CommentAction\",\"name\":\"Comment\",\"target\":[\"https:\/\/terrasdebasto.pt\/?p=5217#respond\"]}]},{\"@type\":\"WebPage\",\"@id\":\"https:\/\/terrasdebasto.pt\/?p=5217\",\"url\":\"https:\/\/terrasdebasto.pt\/?p=5217\",\"name\":\"Neg\u00f3cios do vinho verde: PJ det\u00e9m oito pessoas - Jornal Terras de Basto\",\"isPartOf\":{\"@id\":\"https:\/\/terrasdebasto.pt\/#website\"},\"primaryImageOfPage\":{\"@id\":\"https:\/\/terrasdebasto.pt\/?p=5217#primaryimage\"},\"image\":{\"@id\":\"https:\/\/terrasdebasto.pt\/?p=5217#primaryimage\"},\"thumbnailUrl\":\"https:\/\/terrasdebasto.pt\/wp-content\/uploads\/2025\/12\/VINHO-VERDE.jpg\",\"datePublished\":\"2025-12-03T16:22:41+00:00\",\"dateModified\":\"2025-12-03T16:23:08+00:00\",\"description\":\"A Pol\u00edcia Judici\u00e1ria do Porto anunciou esta quarta-feira (3) a deten\u00e7\u00e3o de oito pessoas, entre funcion\u00e1rios da Comiss\u00e3o de Viticultura da Regi\u00e3o dos Vinhos Verdes (CVRVV) e alguns empres\u00e1rios do setor, durante a opera\u00e7\u00e3o \u201cPuro Verde\u201d. Em causa est\u00e3o suspeitas de corrup\u00e7\u00e3o ativa e passiva, falsifica\u00e7\u00e3o de documentos e abuso de poder.\",\"breadcrumb\":{\"@id\":\"https:\/\/terrasdebasto.pt\/?p=5217#breadcrumb\"},\"inLanguage\":\"pt-PT\",\"potentialAction\":[{\"@type\":\"ReadAction\",\"target\":[\"https:\/\/terrasdebasto.pt\/?p=5217\"]}]},{\"@type\":\"ImageObject\",\"inLanguage\":\"pt-PT\",\"@id\":\"https:\/\/terrasdebasto.pt\/?p=5217#primaryimage\",\"url\":\"https:\/\/terrasdebasto.pt\/wp-content\/uploads\/2025\/12\/VINHO-VERDE.jpg\",\"contentUrl\":\"https:\/\/terrasdebasto.pt\/wp-content\/uploads\/2025\/12\/VINHO-VERDE.jpg\",\"width\":1536,\"height\":1022},{\"@type\":\"BreadcrumbList\",\"@id\":\"https:\/\/terrasdebasto.pt\/?p=5217#breadcrumb\",\"itemListElement\":[{\"@type\":\"ListItem\",\"position\":1,\"name\":\"In\u00edcio\",\"item\":\"https:\/\/terrasdebasto.pt\/\"},{\"@type\":\"ListItem\",\"position\":2,\"name\":\"Neg\u00f3cios do vinho verde: PJ det\u00e9m oito pessoas\"}]},{\"@type\":\"WebSite\",\"@id\":\"https:\/\/terrasdebasto.pt\/#website\",\"url\":\"https:\/\/terrasdebasto.pt\/\",\"name\":\"Jornal Terras de Basto\",\"description\":\"\",\"publisher\":{\"@id\":\"https:\/\/terrasdebasto.pt\/#organization\"},\"potentialAction\":[{\"@type\":\"SearchAction\",\"target\":{\"@type\":\"EntryPoint\",\"urlTemplate\":\"https:\/\/terrasdebasto.pt\/?s={search_term_string}\"},\"query-input\":{\"@type\":\"PropertyValueSpecification\",\"valueRequired\":true,\"valueName\":\"search_term_string\"}}],\"inLanguage\":\"pt-PT\"},{\"@type\":\"Organization\",\"@id\":\"https:\/\/terrasdebasto.pt\/#organization\",\"name\":\"Jornal Terras de Basto\",\"url\":\"https:\/\/terrasdebasto.pt\/\",\"logo\":{\"@type\":\"ImageObject\",\"inLanguage\":\"pt-PT\",\"@id\":\"https:\/\/terrasdebasto.pt\/#\/schema\/logo\/image\/\",\"url\":\"https:\/\/terrasdebasto.pt\/wp-content\/uploads\/2024\/06\/LogoNormal.png\",\"contentUrl\":\"https:\/\/terrasdebasto.pt\/wp-content\/uploads\/2024\/06\/LogoNormal.png\",\"width\":5638,\"height\":809,\"caption\":\"Jornal Terras de Basto\"},\"image\":{\"@id\":\"https:\/\/terrasdebasto.pt\/#\/schema\/logo\/image\/\"}},{\"@type\":\"Person\",\"@id\":\"https:\/\/terrasdebasto.pt\/#\/schema\/person\/9f6739f5394ac65c802641773b278b84\",\"name\":\"Jo\u00e3o Paulo Mesquita\",\"image\":{\"@type\":\"ImageObject\",\"inLanguage\":\"pt-PT\",\"@id\":\"https:\/\/terrasdebasto.pt\/#\/schema\/person\/image\/\",\"url\":\"https:\/\/secure.gravatar.com\/avatar\/9bd0f299e6d96336664aab64354168246a3ee3287c47891c50d450e47ed9d7f9?s=96&d=mm&r=g\",\"contentUrl\":\"https:\/\/secure.gravatar.com\/avatar\/9bd0f299e6d96336664aab64354168246a3ee3287c47891c50d450e47ed9d7f9?s=96&d=mm&r=g\",\"caption\":\"Jo\u00e3o Paulo Mesquita\"},\"url\":\"https:\/\/terrasdebasto.pt\/?author=7\"}]}<\/script>\n<!-- \/ Yoast SEO plugin. -->","yoast_head_json":{"title":"Neg\u00f3cios do vinho verde: PJ det\u00e9m oito pessoas - Jornal Terras de Basto","description":"A Pol\u00edcia Judici\u00e1ria do Porto anunciou esta quarta-feira (3) a deten\u00e7\u00e3o de oito pessoas, entre funcion\u00e1rios da Comiss\u00e3o de Viticultura da Regi\u00e3o dos Vinhos Verdes (CVRVV) e alguns empres\u00e1rios do setor, durante a opera\u00e7\u00e3o \u201cPuro Verde\u201d. Em causa est\u00e3o suspeitas de corrup\u00e7\u00e3o ativa e passiva, falsifica\u00e7\u00e3o de documentos e abuso de poder.","robots":{"index":"index","follow":"follow","max-snippet":"max-snippet:-1","max-image-preview":"max-image-preview:large","max-video-preview":"max-video-preview:-1"},"canonical":"https:\/\/terrasdebasto.pt\/?p=5217","og_locale":"pt_PT","og_type":"article","og_title":"Neg\u00f3cios do vinho verde: PJ det\u00e9m oito pessoas - Jornal Terras de Basto","og_description":"A Pol\u00edcia Judici\u00e1ria do Porto anunciou esta quarta-feira (3) a deten\u00e7\u00e3o de oito pessoas, entre funcion\u00e1rios da Comiss\u00e3o de Viticultura da Regi\u00e3o dos Vinhos Verdes (CVRVV) e alguns empres\u00e1rios do setor, durante a opera\u00e7\u00e3o \u201cPuro Verde\u201d. Em causa est\u00e3o suspeitas de corrup\u00e7\u00e3o ativa e passiva, falsifica\u00e7\u00e3o de documentos e abuso de poder.","og_url":"https:\/\/terrasdebasto.pt\/?p=5217","og_site_name":"Jornal Terras de Basto","article_published_time":"2025-12-03T16:22:41+00:00","article_modified_time":"2025-12-03T16:23:08+00:00","og_image":[{"width":1536,"height":1022,"url":"https:\/\/terrasdebasto.pt\/wp-content\/uploads\/2025\/12\/VINHO-VERDE.jpg","type":"image\/jpeg"}],"author":"Jo\u00e3o Paulo Mesquita","twitter_card":"summary_large_image","twitter_misc":{"Escrito por":"Jo\u00e3o Paulo Mesquita","Tempo estimado de leitura":"3 minutos"},"schema":{"@context":"https:\/\/schema.org","@graph":[{"@type":"Article","@id":"https:\/\/terrasdebasto.pt\/?p=5217#article","isPartOf":{"@id":"https:\/\/terrasdebasto.pt\/?p=5217"},"author":{"name":"Jo\u00e3o Paulo Mesquita","@id":"https:\/\/terrasdebasto.pt\/#\/schema\/person\/9f6739f5394ac65c802641773b278b84"},"headline":"Neg\u00f3cios do vinho verde: PJ det\u00e9m oito pessoas","datePublished":"2025-12-03T16:22:41+00:00","dateModified":"2025-12-03T16:23:08+00:00","mainEntityOfPage":{"@id":"https:\/\/terrasdebasto.pt\/?p=5217"},"wordCount":487,"commentCount":0,"publisher":{"@id":"https:\/\/terrasdebasto.pt\/#organization"},"image":{"@id":"https:\/\/terrasdebasto.pt\/?p=5217#primaryimage"},"thumbnailUrl":"https:\/\/terrasdebasto.pt\/wp-content\/uploads\/2025\/12\/VINHO-VERDE.jpg","keywords":["Conluio","Denomina\u00e7\u00e3o de Origem","Deten\u00e7\u00e3o","Investiga\u00e7\u00e3o","Pol\u00edcia Judici\u00e1ria","Tr\u00e2nsito de Uvas","Vinho Verde"],"articleSection":["Cabeceiras de Basto","Celorico de Basto","Mondim de Basto","Ribeira de Pena","Terras de Basto"],"inLanguage":"pt-PT","potentialAction":[{"@type":"CommentAction","name":"Comment","target":["https:\/\/terrasdebasto.pt\/?p=5217#respond"]}]},{"@type":"WebPage","@id":"https:\/\/terrasdebasto.pt\/?p=5217","url":"https:\/\/terrasdebasto.pt\/?p=5217","name":"Neg\u00f3cios do vinho verde: PJ det\u00e9m oito pessoas - Jornal Terras de Basto","isPartOf":{"@id":"https:\/\/terrasdebasto.pt\/#website"},"primaryImageOfPage":{"@id":"https:\/\/terrasdebasto.pt\/?p=5217#primaryimage"},"image":{"@id":"https:\/\/terrasdebasto.pt\/?p=5217#primaryimage"},"thumbnailUrl":"https:\/\/terrasdebasto.pt\/wp-content\/uploads\/2025\/12\/VINHO-VERDE.jpg","datePublished":"2025-12-03T16:22:41+00:00","dateModified":"2025-12-03T16:23:08+00:00","description":"A Pol\u00edcia Judici\u00e1ria do Porto anunciou esta quarta-feira (3) a deten\u00e7\u00e3o de oito pessoas, entre funcion\u00e1rios da Comiss\u00e3o de Viticultura da Regi\u00e3o dos Vinhos Verdes (CVRVV) e alguns empres\u00e1rios do setor, durante a opera\u00e7\u00e3o \u201cPuro Verde\u201d. Em causa est\u00e3o suspeitas de corrup\u00e7\u00e3o ativa e passiva, falsifica\u00e7\u00e3o de documentos e abuso de poder.","breadcrumb":{"@id":"https:\/\/terrasdebasto.pt\/?p=5217#breadcrumb"},"inLanguage":"pt-PT","potentialAction":[{"@type":"ReadAction","target":["https:\/\/terrasdebasto.pt\/?p=5217"]}]},{"@type":"ImageObject","inLanguage":"pt-PT","@id":"https:\/\/terrasdebasto.pt\/?p=5217#primaryimage","url":"https:\/\/terrasdebasto.pt\/wp-content\/uploads\/2025\/12\/VINHO-VERDE.jpg","contentUrl":"https:\/\/terrasdebasto.pt\/wp-content\/uploads\/2025\/12\/VINHO-VERDE.jpg","width":1536,"height":1022},{"@type":"BreadcrumbList","@id":"https:\/\/terrasdebasto.pt\/?p=5217#breadcrumb","itemListElement":[{"@type":"ListItem","position":1,"name":"In\u00edcio","item":"https:\/\/terrasdebasto.pt\/"},{"@type":"ListItem","position":2,"name":"Neg\u00f3cios do vinho verde: PJ det\u00e9m oito pessoas"}]},{"@type":"WebSite","@id":"https:\/\/terrasdebasto.pt\/#website","url":"https:\/\/terrasdebasto.pt\/","name":"Jornal Terras de Basto","description":"","publisher":{"@id":"https:\/\/terrasdebasto.pt\/#organization"},"potentialAction":[{"@type":"SearchAction","target":{"@type":"EntryPoint","urlTemplate":"https:\/\/terrasdebasto.pt\/?s={search_term_string}"},"query-input":{"@type":"PropertyValueSpecification","valueRequired":true,"valueName":"search_term_string"}}],"inLanguage":"pt-PT"},{"@type":"Organization","@id":"https:\/\/terrasdebasto.pt\/#organization","name":"Jornal Terras de Basto","url":"https:\/\/terrasdebasto.pt\/","logo":{"@type":"ImageObject","inLanguage":"pt-PT","@id":"https:\/\/terrasdebasto.pt\/#\/schema\/logo\/image\/","url":"https:\/\/terrasdebasto.pt\/wp-content\/uploads\/2024\/06\/LogoNormal.png","contentUrl":"https:\/\/terrasdebasto.pt\/wp-content\/uploads\/2024\/06\/LogoNormal.png","width":5638,"height":809,"caption":"Jornal Terras de Basto"},"image":{"@id":"https:\/\/terrasdebasto.pt\/#\/schema\/logo\/image\/"}},{"@type":"Person","@id":"https:\/\/terrasdebasto.pt\/#\/schema\/person\/9f6739f5394ac65c802641773b278b84","name":"Jo\u00e3o Paulo Mesquita","image":{"@type":"ImageObject","inLanguage":"pt-PT","@id":"https:\/\/terrasdebasto.pt\/#\/schema\/person\/image\/","url":"https:\/\/secure.gravatar.com\/avatar\/9bd0f299e6d96336664aab64354168246a3ee3287c47891c50d450e47ed9d7f9?s=96&d=mm&r=g","contentUrl":"https:\/\/secure.gravatar.com\/avatar\/9bd0f299e6d96336664aab64354168246a3ee3287c47891c50d450e47ed9d7f9?s=96&d=mm&r=g","caption":"Jo\u00e3o Paulo Mesquita"},"url":"https:\/\/terrasdebasto.pt\/?author=7"}]}},"_links":{"self":[{"href":"https:\/\/terrasdebasto.pt\/index.php?rest_route=\/wp\/v2\/posts\/5217","targetHints":{"allow":["GET"]}}],"collection":[{"href":"https:\/\/terrasdebasto.pt\/index.php?rest_route=\/wp\/v2\/posts"}],"about":[{"href":"https:\/\/terrasdebasto.pt\/index.php?rest_route=\/wp\/v2\/types\/post"}],"author":[{"embeddable":true,"href":"https:\/\/terrasdebasto.pt\/index.php?rest_route=\/wp\/v2\/users\/7"}],"replies":[{"embeddable":true,"href":"https:\/\/terrasdebasto.pt\/index.php?rest_route=%2Fwp%2Fv2%2Fcomments&post=5217"}],"version-history":[{"count":1,"href":"https:\/\/terrasdebasto.pt\/index.php?rest_route=\/wp\/v2\/posts\/5217\/revisions"}],"predecessor-version":[{"id":5219,"href":"https:\/\/terrasdebasto.pt\/index.php?rest_route=\/wp\/v2\/posts\/5217\/revisions\/5219"}],"wp:featuredmedia":[{"embeddable":true,"href":"https:\/\/terrasdebasto.pt\/index.php?rest_route=\/wp\/v2\/media\/5218"}],"wp:attachment":[{"href":"https:\/\/terrasdebasto.pt\/index.php?rest_route=%2Fwp%2Fv2%2Fmedia&parent=5217"}],"wp:term":[{"taxonomy":"category","embeddable":true,"href":"https:\/\/terrasdebasto.pt\/index.php?rest_route=%2Fwp%2Fv2%2Fcategories&post=5217"},{"taxonomy":"post_tag","embeddable":true,"href":"https:\/\/terrasdebasto.pt\/index.php?rest_route=%2Fwp%2Fv2%2Ftags&post=5217"}],"curies":[{"name":"wp","href":"https:\/\/api.w.org\/{rel}","templated":true}]}}