{"id":5210,"date":"2025-12-03T15:45:26","date_gmt":"2025-12-03T15:45:26","guid":{"rendered":"https:\/\/terrasdebasto.pt\/?p=5210"},"modified":"2025-12-03T15:45:27","modified_gmt":"2025-12-03T15:45:27","slug":"celorico-de-basto-apoia-empreendedores","status":"publish","type":"post","link":"https:\/\/terrasdebasto.pt\/?p=5210","title":{"rendered":"Celorico de Basto apoia empreendedores"},"content":{"rendered":"\n<p><\/p>\n\n\n\n<p><strong>O Gabinete Municipal de Apoio ao Investidor de Celorico de Basto promoveu recentemente, no \u00e2mbito do programa \u201cEmpreende XXI\u201d, um \u201cbootcamp\u201d de empreendedorismo, que reuniu alguns empres\u00e1rios e empreendedores interessados.<\/strong><\/p>\n\n\n\n<p>O evento tinha o objetivo de disponibilizar conhecimento e ferramentas essenciais para alavancar os projetos dos participantes, bem como promover a troca de contactos e experi\u00eancias.<\/p>\n\n\n\n<p>De acordo com o presidente da c\u00e2mara, a iniciativa pretendia contribuir ativamente para o desempenho dos empreendedores locais, dando-lhes compet\u00eancias que poder\u00e3o ser determinantes na prossecu\u00e7\u00e3o dos objetivos profissionais que pretendam atingir.<\/p>\n\n\n\n<p>Presente na circunst\u00e2ncia, Peixoto Lima deu ent\u00e3o nota da import\u00e2ncia de \u00abestar ao lado de todos aqueles que acreditam no seu potencial empreendedor, dos que t\u00eam projetos, sonhos, e acima de tudo, est\u00e3o determinados a singrar profissionalmente e a levar o concelho consigo\u00bb.<\/p>\n\n\n\n<p>\u00abO crescimento local depende das medidas do poder local e central, mas depende sobretudo da capacidade empreendedora de quem c\u00e1 vive e de quem aqui pretende residir; sempre estivemos e vamos continuar cada vez mais determinados a contribuir para que cres\u00e7am e contribuam para um concelho cada vez mais pr\u00f3spero e atrativo\u00bb, assumiu o autarca.<\/p>\n\n\n\n<p>Este \u201cbootcamp\u201d, que contou ainda com um jantar e um almo\u00e7o de \u201cnetworking\u201d, permitiu aos participantes abordar os diferentes modelos de neg\u00f3cio, a an\u00e1lise de mercado e o \u201ccustomer development\u201d, a consolida\u00e7\u00e3o da proposta de valor, concluindo-se com a apresenta\u00e7\u00e3o do \u201cpicth\u201d de cada projeto a poss\u00edveis investidores e parceiros, tendo sido os grupos contemplados com a oferta de uma consultoria de simplifica\u00e7\u00e3o fiscal.<\/p>\n\n\n\n<figure class=\"wp-block-gallery has-nested-images columns-default is-cropped wp-block-gallery-1 is-layout-flex wp-block-gallery-is-layout-flex\">\n<figure class=\"wp-block-image size-large\"><img loading=\"lazy\" decoding=\"async\" width=\"1024\" height=\"678\" data-id=\"5213\" src=\"https:\/\/terrasdebasto.pt\/wp-content\/uploads\/2025\/12\/BOOTCAMP-12-1024x678.jpg\" alt=\"\" class=\"wp-image-5213\" srcset=\"https:\/\/terrasdebasto.pt\/wp-content\/uploads\/2025\/12\/BOOTCAMP-12-1024x678.jpg 1024w, https:\/\/terrasdebasto.pt\/wp-content\/uploads\/2025\/12\/BOOTCAMP-12-300x199.jpg 300w, https:\/\/terrasdebasto.pt\/wp-content\/uploads\/2025\/12\/BOOTCAMP-12-768x508.jpg 768w, https:\/\/terrasdebasto.pt\/wp-content\/uploads\/2025\/12\/BOOTCAMP-12-1536x1017.jpg 1536w, https:\/\/terrasdebasto.pt\/wp-content\/uploads\/2025\/12\/BOOTCAMP-12-2048x1356.jpg 2048w, https:\/\/terrasdebasto.pt\/wp-content\/uploads\/2025\/12\/BOOTCAMP-12-150x99.jpg 150w, https:\/\/terrasdebasto.pt\/wp-content\/uploads\/2025\/12\/BOOTCAMP-12-696x461.jpg 696w, https:\/\/terrasdebasto.pt\/wp-content\/uploads\/2025\/12\/BOOTCAMP-12-1068x707.jpg 1068w, https:\/\/terrasdebasto.pt\/wp-content\/uploads\/2025\/12\/BOOTCAMP-12-1920x1271.jpg 1920w\" sizes=\"auto, (max-width: 1024px) 100vw, 1024px\" \/><\/figure>\n<\/figure>\n\n\n\n<figure class=\"wp-block-gallery has-nested-images columns-default is-cropped wp-block-gallery-2 is-layout-flex wp-block-gallery-is-layout-flex\">\n<figure class=\"wp-block-image size-large\"><img loading=\"lazy\" decoding=\"async\" width=\"1024\" height=\"822\" data-id=\"5214\" src=\"https:\/\/terrasdebasto.pt\/wp-content\/uploads\/2025\/12\/BOOTCAMP-11-1024x822.jpg\" alt=\"\" class=\"wp-image-5214\" srcset=\"https:\/\/terrasdebasto.pt\/wp-content\/uploads\/2025\/12\/BOOTCAMP-11-1024x822.jpg 1024w, https:\/\/terrasdebasto.pt\/wp-content\/uploads\/2025\/12\/BOOTCAMP-11-300x241.jpg 300w, https:\/\/terrasdebasto.pt\/wp-content\/uploads\/2025\/12\/BOOTCAMP-11-768x616.jpg 768w, https:\/\/terrasdebasto.pt\/wp-content\/uploads\/2025\/12\/BOOTCAMP-11-1536x1233.jpg 1536w, https:\/\/terrasdebasto.pt\/wp-content\/uploads\/2025\/12\/BOOTCAMP-11-2048x1644.jpg 2048w, https:\/\/terrasdebasto.pt\/wp-content\/uploads\/2025\/12\/BOOTCAMP-11-150x120.jpg 150w, https:\/\/terrasdebasto.pt\/wp-content\/uploads\/2025\/12\/BOOTCAMP-11-696x559.jpg 696w, https:\/\/terrasdebasto.pt\/wp-content\/uploads\/2025\/12\/BOOTCAMP-11-1068x857.jpg 1068w, https:\/\/terrasdebasto.pt\/wp-content\/uploads\/2025\/12\/BOOTCAMP-11-1920x1541.jpg 1920w\" sizes=\"auto, (max-width: 1024px) 100vw, 1024px\" \/><\/figure>\n<\/figure>\n\n\n\n<figure class=\"wp-block-gallery has-nested-images columns-default is-cropped wp-block-gallery-3 is-layout-flex wp-block-gallery-is-layout-flex\">\n<figure class=\"wp-block-image size-large\"><img loading=\"lazy\" decoding=\"async\" width=\"1024\" height=\"692\" data-id=\"5215\" src=\"https:\/\/terrasdebasto.pt\/wp-content\/uploads\/2025\/12\/BOOTCAMP-10-1-1024x692.jpg\" alt=\"\" class=\"wp-image-5215\" srcset=\"https:\/\/terrasdebasto.pt\/wp-content\/uploads\/2025\/12\/BOOTCAMP-10-1-1024x692.jpg 1024w, https:\/\/terrasdebasto.pt\/wp-content\/uploads\/2025\/12\/BOOTCAMP-10-1-300x203.jpg 300w, https:\/\/terrasdebasto.pt\/wp-content\/uploads\/2025\/12\/BOOTCAMP-10-1-768x519.jpg 768w, https:\/\/terrasdebasto.pt\/wp-content\/uploads\/2025\/12\/BOOTCAMP-10-1-1536x1039.jpg 1536w, https:\/\/terrasdebasto.pt\/wp-content\/uploads\/2025\/12\/BOOTCAMP-10-1-2048x1385.jpg 2048w, https:\/\/terrasdebasto.pt\/wp-content\/uploads\/2025\/12\/BOOTCAMP-10-1-150x101.jpg 150w, https:\/\/terrasdebasto.pt\/wp-content\/uploads\/2025\/12\/BOOTCAMP-10-1-696x471.jpg 696w, https:\/\/terrasdebasto.pt\/wp-content\/uploads\/2025\/12\/BOOTCAMP-10-1-1068x722.jpg 1068w, https:\/\/terrasdebasto.pt\/wp-content\/uploads\/2025\/12\/BOOTCAMP-10-1-1920x1298.jpg 1920w\" sizes=\"auto, (max-width: 1024px) 100vw, 1024px\" \/><\/figure>\n<\/figure>\n","protected":false},"excerpt":{"rendered":"<p>O Gabinete Municipal de Apoio ao Investidor de Celorico de Basto promoveu recentemente, no \u00e2mbito do programa \u201cEmpreende XXI\u201d, um \u201cbootcamp\u201d de empreendedorismo, que reuniu alguns empres\u00e1rios e empreendedores interessados. O evento tinha o objetivo de disponibilizar conhecimento e ferramentas essenciais para alavancar os projetos dos participantes, bem como promover a troca de contactos e [&hellip;]<\/p>\n","protected":false},"author":7,"featured_media":5211,"comment_status":"open","ping_status":"open","sticky":false,"template":"","format":"standard","meta":{"footnotes":""},"categories":[13,9],"tags":[672,40,673],"class_list":{"0":"post-5210","1":"post","2":"type-post","3":"status-publish","4":"format-standard","5":"has-post-thumbnail","7":"category-celorico-de-basto","8":"category-terras-de-basto","9":"tag-bootcamp","10":"tag-celorico-de-basto","11":"tag-empreendedorismo"},"yoast_head":"<!-- This site is optimized with the Yoast SEO plugin v25.7 - https:\/\/yoast.com\/wordpress\/plugins\/seo\/ -->\n<title>Celorico de Basto apoia empreendedores - Jornal Terras de Basto<\/title>\n<meta name=\"description\" content=\"O Gabinete Municipal de Apoio ao Investidor de Celorico de Basto promoveu recentemente, no \u00e2mbito do programa \u201cEmpreende XXI\u201d, um \u201cbootcamp\u201d de empreendedorismo, que reuniu alguns empres\u00e1rios e empreendedores interessados.\" \/>\n<meta name=\"robots\" content=\"index, follow, max-snippet:-1, max-image-preview:large, max-video-preview:-1\" \/>\n<link rel=\"canonical\" href=\"https:\/\/terrasdebasto.pt\/?p=5210\" \/>\n<meta property=\"og:locale\" content=\"pt_PT\" \/>\n<meta property=\"og:type\" content=\"article\" \/>\n<meta property=\"og:title\" content=\"Celorico de Basto apoia empreendedores - Jornal Terras de Basto\" \/>\n<meta property=\"og:description\" content=\"O Gabinete Municipal de Apoio ao Investidor de Celorico de Basto promoveu recentemente, no \u00e2mbito do programa \u201cEmpreende XXI\u201d, um \u201cbootcamp\u201d de empreendedorismo, que reuniu alguns empres\u00e1rios e empreendedores interessados.\" \/>\n<meta property=\"og:url\" content=\"https:\/\/terrasdebasto.pt\/?p=5210\" \/>\n<meta property=\"og:site_name\" content=\"Jornal Terras de Basto\" \/>\n<meta property=\"article:published_time\" content=\"2025-12-03T15:45:26+00:00\" \/>\n<meta property=\"article:modified_time\" content=\"2025-12-03T15:45:27+00:00\" \/>\n<meta property=\"og:image\" content=\"https:\/\/terrasdebasto.pt\/wp-content\/uploads\/2025\/12\/BOOTCAMP-13-scaled.jpg\" \/>\n\t<meta property=\"og:image:width\" content=\"2560\" \/>\n\t<meta property=\"og:image:height\" content=\"1719\" \/>\n\t<meta property=\"og:image:type\" content=\"image\/jpeg\" \/>\n<meta name=\"author\" content=\"Jo\u00e3o Paulo Mesquita\" \/>\n<meta name=\"twitter:card\" content=\"summary_large_image\" \/>\n<meta name=\"twitter:label1\" content=\"Escrito por\" \/>\n\t<meta name=\"twitter:data1\" content=\"Jo\u00e3o Paulo Mesquita\" \/>\n\t<meta name=\"twitter:label2\" content=\"Tempo estimado de leitura\" \/>\n\t<meta name=\"twitter:data2\" content=\"3 minutos\" \/>\n<script type=\"application\/ld+json\" class=\"yoast-schema-graph\">{\"@context\":\"https:\/\/schema.org\",\"@graph\":[{\"@type\":\"Article\",\"@id\":\"https:\/\/terrasdebasto.pt\/?p=5210#article\",\"isPartOf\":{\"@id\":\"https:\/\/terrasdebasto.pt\/?p=5210\"},\"author\":{\"name\":\"Jo\u00e3o Paulo Mesquita\",\"@id\":\"https:\/\/terrasdebasto.pt\/#\/schema\/person\/9f6739f5394ac65c802641773b278b84\"},\"headline\":\"Celorico de Basto apoia empreendedores\",\"datePublished\":\"2025-12-03T15:45:26+00:00\",\"dateModified\":\"2025-12-03T15:45:27+00:00\",\"mainEntityOfPage\":{\"@id\":\"https:\/\/terrasdebasto.pt\/?p=5210\"},\"wordCount\":275,\"commentCount\":0,\"publisher\":{\"@id\":\"https:\/\/terrasdebasto.pt\/#organization\"},\"image\":{\"@id\":\"https:\/\/terrasdebasto.pt\/?p=5210#primaryimage\"},\"thumbnailUrl\":\"https:\/\/terrasdebasto.pt\/wp-content\/uploads\/2025\/12\/BOOTCAMP-13-scaled.jpg\",\"keywords\":[\"Bootcamp\",\"Celorico de Basto\",\"Empreendedorismo\"],\"articleSection\":[\"Celorico de Basto\",\"Terras de Basto\"],\"inLanguage\":\"pt-PT\",\"potentialAction\":[{\"@type\":\"CommentAction\",\"name\":\"Comment\",\"target\":[\"https:\/\/terrasdebasto.pt\/?p=5210#respond\"]}]},{\"@type\":\"WebPage\",\"@id\":\"https:\/\/terrasdebasto.pt\/?p=5210\",\"url\":\"https:\/\/terrasdebasto.pt\/?p=5210\",\"name\":\"Celorico de Basto apoia empreendedores - Jornal Terras de Basto\",\"isPartOf\":{\"@id\":\"https:\/\/terrasdebasto.pt\/#website\"},\"primaryImageOfPage\":{\"@id\":\"https:\/\/terrasdebasto.pt\/?p=5210#primaryimage\"},\"image\":{\"@id\":\"https:\/\/terrasdebasto.pt\/?p=5210#primaryimage\"},\"thumbnailUrl\":\"https:\/\/terrasdebasto.pt\/wp-content\/uploads\/2025\/12\/BOOTCAMP-13-scaled.jpg\",\"datePublished\":\"2025-12-03T15:45:26+00:00\",\"dateModified\":\"2025-12-03T15:45:27+00:00\",\"description\":\"O Gabinete Municipal de Apoio ao Investidor de Celorico de Basto promoveu recentemente, no \u00e2mbito do programa \u201cEmpreende XXI\u201d, um \u201cbootcamp\u201d de empreendedorismo, que reuniu alguns empres\u00e1rios e empreendedores interessados.\",\"breadcrumb\":{\"@id\":\"https:\/\/terrasdebasto.pt\/?p=5210#breadcrumb\"},\"inLanguage\":\"pt-PT\",\"potentialAction\":[{\"@type\":\"ReadAction\",\"target\":[\"https:\/\/terrasdebasto.pt\/?p=5210\"]}]},{\"@type\":\"ImageObject\",\"inLanguage\":\"pt-PT\",\"@id\":\"https:\/\/terrasdebasto.pt\/?p=5210#primaryimage\",\"url\":\"https:\/\/terrasdebasto.pt\/wp-content\/uploads\/2025\/12\/BOOTCAMP-13-scaled.jpg\",\"contentUrl\":\"https:\/\/terrasdebasto.pt\/wp-content\/uploads\/2025\/12\/BOOTCAMP-13-scaled.jpg\",\"width\":2560,\"height\":1719},{\"@type\":\"BreadcrumbList\",\"@id\":\"https:\/\/terrasdebasto.pt\/?p=5210#breadcrumb\",\"itemListElement\":[{\"@type\":\"ListItem\",\"position\":1,\"name\":\"In\u00edcio\",\"item\":\"https:\/\/terrasdebasto.pt\/\"},{\"@type\":\"ListItem\",\"position\":2,\"name\":\"Celorico de Basto apoia empreendedores\"}]},{\"@type\":\"WebSite\",\"@id\":\"https:\/\/terrasdebasto.pt\/#website\",\"url\":\"https:\/\/terrasdebasto.pt\/\",\"name\":\"Jornal Terras de Basto\",\"description\":\"\",\"publisher\":{\"@id\":\"https:\/\/terrasdebasto.pt\/#organization\"},\"potentialAction\":[{\"@type\":\"SearchAction\",\"target\":{\"@type\":\"EntryPoint\",\"urlTemplate\":\"https:\/\/terrasdebasto.pt\/?s={search_term_string}\"},\"query-input\":{\"@type\":\"PropertyValueSpecification\",\"valueRequired\":true,\"valueName\":\"search_term_string\"}}],\"inLanguage\":\"pt-PT\"},{\"@type\":\"Organization\",\"@id\":\"https:\/\/terrasdebasto.pt\/#organization\",\"name\":\"Jornal Terras de Basto\",\"url\":\"https:\/\/terrasdebasto.pt\/\",\"logo\":{\"@type\":\"ImageObject\",\"inLanguage\":\"pt-PT\",\"@id\":\"https:\/\/terrasdebasto.pt\/#\/schema\/logo\/image\/\",\"url\":\"https:\/\/terrasdebasto.pt\/wp-content\/uploads\/2024\/06\/LogoNormal.png\",\"contentUrl\":\"https:\/\/terrasdebasto.pt\/wp-content\/uploads\/2024\/06\/LogoNormal.png\",\"width\":5638,\"height\":809,\"caption\":\"Jornal Terras de Basto\"},\"image\":{\"@id\":\"https:\/\/terrasdebasto.pt\/#\/schema\/logo\/image\/\"}},{\"@type\":\"Person\",\"@id\":\"https:\/\/terrasdebasto.pt\/#\/schema\/person\/9f6739f5394ac65c802641773b278b84\",\"name\":\"Jo\u00e3o Paulo Mesquita\",\"image\":{\"@type\":\"ImageObject\",\"inLanguage\":\"pt-PT\",\"@id\":\"https:\/\/terrasdebasto.pt\/#\/schema\/person\/image\/\",\"url\":\"https:\/\/secure.gravatar.com\/avatar\/9bd0f299e6d96336664aab64354168246a3ee3287c47891c50d450e47ed9d7f9?s=96&d=mm&r=g\",\"contentUrl\":\"https:\/\/secure.gravatar.com\/avatar\/9bd0f299e6d96336664aab64354168246a3ee3287c47891c50d450e47ed9d7f9?s=96&d=mm&r=g\",\"caption\":\"Jo\u00e3o Paulo Mesquita\"},\"url\":\"https:\/\/terrasdebasto.pt\/?author=7\"}]}<\/script>\n<!-- \/ Yoast SEO plugin. -->","yoast_head_json":{"title":"Celorico de Basto apoia empreendedores - Jornal Terras de Basto","description":"O Gabinete Municipal de Apoio ao Investidor de Celorico de Basto promoveu recentemente, no \u00e2mbito do programa \u201cEmpreende XXI\u201d, um \u201cbootcamp\u201d de empreendedorismo, que reuniu alguns empres\u00e1rios e empreendedores interessados.","robots":{"index":"index","follow":"follow","max-snippet":"max-snippet:-1","max-image-preview":"max-image-preview:large","max-video-preview":"max-video-preview:-1"},"canonical":"https:\/\/terrasdebasto.pt\/?p=5210","og_locale":"pt_PT","og_type":"article","og_title":"Celorico de Basto apoia empreendedores - Jornal Terras de Basto","og_description":"O Gabinete Municipal de Apoio ao Investidor de Celorico de Basto promoveu recentemente, no \u00e2mbito do programa \u201cEmpreende XXI\u201d, um \u201cbootcamp\u201d de empreendedorismo, que reuniu alguns empres\u00e1rios e empreendedores interessados.","og_url":"https:\/\/terrasdebasto.pt\/?p=5210","og_site_name":"Jornal Terras de Basto","article_published_time":"2025-12-03T15:45:26+00:00","article_modified_time":"2025-12-03T15:45:27+00:00","og_image":[{"width":2560,"height":1719,"url":"https:\/\/terrasdebasto.pt\/wp-content\/uploads\/2025\/12\/BOOTCAMP-13-scaled.jpg","type":"image\/jpeg"}],"author":"Jo\u00e3o Paulo Mesquita","twitter_card":"summary_large_image","twitter_misc":{"Escrito por":"Jo\u00e3o Paulo Mesquita","Tempo estimado de leitura":"3 minutos"},"schema":{"@context":"https:\/\/schema.org","@graph":[{"@type":"Article","@id":"https:\/\/terrasdebasto.pt\/?p=5210#article","isPartOf":{"@id":"https:\/\/terrasdebasto.pt\/?p=5210"},"author":{"name":"Jo\u00e3o Paulo Mesquita","@id":"https:\/\/terrasdebasto.pt\/#\/schema\/person\/9f6739f5394ac65c802641773b278b84"},"headline":"Celorico de Basto apoia empreendedores","datePublished":"2025-12-03T15:45:26+00:00","dateModified":"2025-12-03T15:45:27+00:00","mainEntityOfPage":{"@id":"https:\/\/terrasdebasto.pt\/?p=5210"},"wordCount":275,"commentCount":0,"publisher":{"@id":"https:\/\/terrasdebasto.pt\/#organization"},"image":{"@id":"https:\/\/terrasdebasto.pt\/?p=5210#primaryimage"},"thumbnailUrl":"https:\/\/terrasdebasto.pt\/wp-content\/uploads\/2025\/12\/BOOTCAMP-13-scaled.jpg","keywords":["Bootcamp","Celorico de Basto","Empreendedorismo"],"articleSection":["Celorico de Basto","Terras de Basto"],"inLanguage":"pt-PT","potentialAction":[{"@type":"CommentAction","name":"Comment","target":["https:\/\/terrasdebasto.pt\/?p=5210#respond"]}]},{"@type":"WebPage","@id":"https:\/\/terrasdebasto.pt\/?p=5210","url":"https:\/\/terrasdebasto.pt\/?p=5210","name":"Celorico de Basto apoia empreendedores - Jornal Terras de Basto","isPartOf":{"@id":"https:\/\/terrasdebasto.pt\/#website"},"primaryImageOfPage":{"@id":"https:\/\/terrasdebasto.pt\/?p=5210#primaryimage"},"image":{"@id":"https:\/\/terrasdebasto.pt\/?p=5210#primaryimage"},"thumbnailUrl":"https:\/\/terrasdebasto.pt\/wp-content\/uploads\/2025\/12\/BOOTCAMP-13-scaled.jpg","datePublished":"2025-12-03T15:45:26+00:00","dateModified":"2025-12-03T15:45:27+00:00","description":"O Gabinete Municipal de Apoio ao Investidor de Celorico de Basto promoveu recentemente, no \u00e2mbito do programa \u201cEmpreende XXI\u201d, um \u201cbootcamp\u201d de empreendedorismo, que reuniu alguns empres\u00e1rios e empreendedores interessados.","breadcrumb":{"@id":"https:\/\/terrasdebasto.pt\/?p=5210#breadcrumb"},"inLanguage":"pt-PT","potentialAction":[{"@type":"ReadAction","target":["https:\/\/terrasdebasto.pt\/?p=5210"]}]},{"@type":"ImageObject","inLanguage":"pt-PT","@id":"https:\/\/terrasdebasto.pt\/?p=5210#primaryimage","url":"https:\/\/terrasdebasto.pt\/wp-content\/uploads\/2025\/12\/BOOTCAMP-13-scaled.jpg","contentUrl":"https:\/\/terrasdebasto.pt\/wp-content\/uploads\/2025\/12\/BOOTCAMP-13-scaled.jpg","width":2560,"height":1719},{"@type":"BreadcrumbList","@id":"https:\/\/terrasdebasto.pt\/?p=5210#breadcrumb","itemListElement":[{"@type":"ListItem","position":1,"name":"In\u00edcio","item":"https:\/\/terrasdebasto.pt\/"},{"@type":"ListItem","position":2,"name":"Celorico de Basto apoia empreendedores"}]},{"@type":"WebSite","@id":"https:\/\/terrasdebasto.pt\/#website","url":"https:\/\/terrasdebasto.pt\/","name":"Jornal Terras de Basto","description":"","publisher":{"@id":"https:\/\/terrasdebasto.pt\/#organization"},"potentialAction":[{"@type":"SearchAction","target":{"@type":"EntryPoint","urlTemplate":"https:\/\/terrasdebasto.pt\/?s={search_term_string}"},"query-input":{"@type":"PropertyValueSpecification","valueRequired":true,"valueName":"search_term_string"}}],"inLanguage":"pt-PT"},{"@type":"Organization","@id":"https:\/\/terrasdebasto.pt\/#organization","name":"Jornal Terras de Basto","url":"https:\/\/terrasdebasto.pt\/","logo":{"@type":"ImageObject","inLanguage":"pt-PT","@id":"https:\/\/terrasdebasto.pt\/#\/schema\/logo\/image\/","url":"https:\/\/terrasdebasto.pt\/wp-content\/uploads\/2024\/06\/LogoNormal.png","contentUrl":"https:\/\/terrasdebasto.pt\/wp-content\/uploads\/2024\/06\/LogoNormal.png","width":5638,"height":809,"caption":"Jornal Terras de Basto"},"image":{"@id":"https:\/\/terrasdebasto.pt\/#\/schema\/logo\/image\/"}},{"@type":"Person","@id":"https:\/\/terrasdebasto.pt\/#\/schema\/person\/9f6739f5394ac65c802641773b278b84","name":"Jo\u00e3o Paulo Mesquita","image":{"@type":"ImageObject","inLanguage":"pt-PT","@id":"https:\/\/terrasdebasto.pt\/#\/schema\/person\/image\/","url":"https:\/\/secure.gravatar.com\/avatar\/9bd0f299e6d96336664aab64354168246a3ee3287c47891c50d450e47ed9d7f9?s=96&d=mm&r=g","contentUrl":"https:\/\/secure.gravatar.com\/avatar\/9bd0f299e6d96336664aab64354168246a3ee3287c47891c50d450e47ed9d7f9?s=96&d=mm&r=g","caption":"Jo\u00e3o Paulo Mesquita"},"url":"https:\/\/terrasdebasto.pt\/?author=7"}]}},"_links":{"self":[{"href":"https:\/\/terrasdebasto.pt\/index.php?rest_route=\/wp\/v2\/posts\/5210","targetHints":{"allow":["GET"]}}],"collection":[{"href":"https:\/\/terrasdebasto.pt\/index.php?rest_route=\/wp\/v2\/posts"}],"about":[{"href":"https:\/\/terrasdebasto.pt\/index.php?rest_route=\/wp\/v2\/types\/post"}],"author":[{"embeddable":true,"href":"https:\/\/terrasdebasto.pt\/index.php?rest_route=\/wp\/v2\/users\/7"}],"replies":[{"embeddable":true,"href":"https:\/\/terrasdebasto.pt\/index.php?rest_route=%2Fwp%2Fv2%2Fcomments&post=5210"}],"version-history":[{"count":1,"href":"https:\/\/terrasdebasto.pt\/index.php?rest_route=\/wp\/v2\/posts\/5210\/revisions"}],"predecessor-version":[{"id":5216,"href":"https:\/\/terrasdebasto.pt\/index.php?rest_route=\/wp\/v2\/posts\/5210\/revisions\/5216"}],"wp:featuredmedia":[{"embeddable":true,"href":"https:\/\/terrasdebasto.pt\/index.php?rest_route=\/wp\/v2\/media\/5211"}],"wp:attachment":[{"href":"https:\/\/terrasdebasto.pt\/index.php?rest_route=%2Fwp%2Fv2%2Fmedia&parent=5210"}],"wp:term":[{"taxonomy":"category","embeddable":true,"href":"https:\/\/terrasdebasto.pt\/index.php?rest_route=%2Fwp%2Fv2%2Fcategories&post=5210"},{"taxonomy":"post_tag","embeddable":true,"href":"https:\/\/terrasdebasto.pt\/index.php?rest_route=%2Fwp%2Fv2%2Ftags&post=5210"}],"curies":[{"name":"wp","href":"https:\/\/api.w.org\/{rel}","templated":true}]}}