{"id":5200,"date":"2025-12-02T14:40:45","date_gmt":"2025-12-02T14:40:45","guid":{"rendered":"https:\/\/terrasdebasto.pt\/?p=5200"},"modified":"2025-12-02T14:44:53","modified_gmt":"2025-12-02T14:44:53","slug":"celoricenses-que-venceram-festival-da-cancao-mensagem-de-visita-a-roma","status":"publish","type":"post","link":"https:\/\/terrasdebasto.pt\/?p=5200","title":{"rendered":"Celoricenses que venceram festival da can\u00e7\u00e3o religiosa de visita a Roma"},"content":{"rendered":"\n<p><\/p>\n\n\n\n<p><strong>O grupo &#8220;Jovens com Esperan\u00e7a&#8221;, de Celorico de Basto, que venceu o Festival Arciprestal da Can\u00e7\u00e3o Mensagem, est\u00e1 em Roma a usufruir do pr\u00e9mio de que foi ent\u00e3o vencedor.<\/strong><\/p>\n\n\n\n<p>Depois de uma visita-guiada aos pontos de refer\u00eancia tur\u00edstica da capital italiana, a comitiva \u2013 que regressa esta ter\u00e7a-feira (2) a Portugal \u2013 teve oportunidade de passar um dia inteiro no Museu do Vaticano e em espa\u00e7os da Pra\u00e7a de S\u00e3o Pedro, designadamente na Bas\u00edlica.<\/p>\n\n\n\n<p>A acompanhar o grupo seguiu uma comitiva convidada pela organiza\u00e7\u00e3o do festival, integrando membros da Equipa Arciprestal da Pastoral Juvenil, designadamente o padre Jos\u00e9 Carlos Macedo, bem assim como o presidente da C\u00e2mara Municipal de Celorico de Basto, Peixoto Lima, e o vereador Jos\u00e9 Sousa.<\/p>\n\n\n\n<p>O Festival Nacional Jovem da Can\u00e7\u00e3o Mensagem \u00e9 uma iniciativa promovida pelo Departamento Nacional da Pastoral Juvenil da Igreja Cat\u00f3lica em Portugal e o seu principal objetivo \u00e9 incentivar os jovens a criar m\u00fasicas \u2013letra, melodia e interpreta\u00e7\u00e3o \u2013 com base nos valores crist\u00e3os, de cidadania e espiritualidade, usando a m\u00fasica como meio de evangeliza\u00e7\u00e3o.<\/p>\n\n\n\n<p>Em 2025, o grupo \u201cJovens com Esperan\u00e7a\u201d venceu o Festival Arciprestal da Can\u00e7\u00e3o Jovem em Celorico de Basto, com a m\u00fasica \u201cLuz do Amanhecer\u201d, sendo selecionado para representar o arciprestado no festival arquidiocesano. O pr\u00e9mio de vencedor inclu\u00eda um fim-de-semana em Roma, gesto simb\u00f3lico e de reconhecimento, valorizando o talento e o empenho dos jovens.<\/p>\n\n\n\n<p><\/p>\n","protected":false},"excerpt":{"rendered":"<p>O grupo &#8220;Jovens com Esperan\u00e7a&#8221;, de Celorico de Basto, que venceu o Festival Arciprestal da Can\u00e7\u00e3o Mensagem, est\u00e1 em Roma a usufruir do pr\u00e9mio de que foi ent\u00e3o vencedor. Depois de uma visita-guiada aos pontos de refer\u00eancia tur\u00edstica da capital italiana, a comitiva \u2013 que regressa esta ter\u00e7a-feira (2) a Portugal \u2013 teve oportunidade de [&hellip;]<\/p>\n","protected":false},"author":7,"featured_media":5201,"comment_status":"open","ping_status":"open","sticky":false,"template":"","format":"standard","meta":{"footnotes":""},"categories":[13,7,9],"tags":[1235,1233,1234],"class_list":{"0":"post-5200","1":"post","2":"type-post","3":"status-publish","4":"format-standard","5":"has-post-thumbnail","7":"category-celorico-de-basto","8":"category-cultura","9":"category-terras-de-basto","10":"tag-festival-da-cancao-mensagem","11":"tag-jovens-com-esperanca","12":"tag-roma"},"yoast_head":"<!-- This site is optimized with the Yoast SEO plugin v25.7 - https:\/\/yoast.com\/wordpress\/plugins\/seo\/ -->\n<title>Celoricenses que venceram festival da can\u00e7\u00e3o religiosa de visita a Roma - Jornal Terras de Basto<\/title>\n<meta name=\"robots\" content=\"index, follow, max-snippet:-1, max-image-preview:large, max-video-preview:-1\" \/>\n<link rel=\"canonical\" href=\"https:\/\/terrasdebasto.pt\/?p=5200\" \/>\n<meta property=\"og:locale\" content=\"pt_PT\" \/>\n<meta property=\"og:type\" content=\"article\" \/>\n<meta property=\"og:title\" content=\"Celoricenses que venceram festival da can\u00e7\u00e3o religiosa de visita a Roma - Jornal Terras de Basto\" \/>\n<meta property=\"og:description\" content=\"O grupo &#8220;Jovens com Esperan\u00e7a&#8221;, de Celorico de Basto, que venceu o Festival Arciprestal da Can\u00e7\u00e3o Mensagem, est\u00e1 em Roma a usufruir do pr\u00e9mio de que foi ent\u00e3o vencedor. Depois de uma visita-guiada aos pontos de refer\u00eancia tur\u00edstica da capital italiana, a comitiva \u2013 que regressa esta ter\u00e7a-feira (2) a Portugal \u2013 teve oportunidade de [&hellip;]\" \/>\n<meta property=\"og:url\" content=\"https:\/\/terrasdebasto.pt\/?p=5200\" \/>\n<meta property=\"og:site_name\" content=\"Jornal Terras de Basto\" \/>\n<meta property=\"article:published_time\" content=\"2025-12-02T14:40:45+00:00\" \/>\n<meta property=\"article:modified_time\" content=\"2025-12-02T14:44:53+00:00\" \/>\n<meta property=\"og:image\" content=\"https:\/\/terrasdebasto.pt\/wp-content\/uploads\/2025\/12\/ROMA-1.jpg\" \/>\n\t<meta property=\"og:image:width\" content=\"1771\" \/>\n\t<meta property=\"og:image:height\" content=\"1334\" \/>\n\t<meta property=\"og:image:type\" content=\"image\/jpeg\" \/>\n<meta name=\"author\" content=\"Jo\u00e3o Paulo Mesquita\" \/>\n<meta name=\"twitter:card\" content=\"summary_large_image\" \/>\n<meta name=\"twitter:label1\" content=\"Escrito por\" \/>\n\t<meta name=\"twitter:data1\" content=\"Jo\u00e3o Paulo Mesquita\" \/>\n\t<meta name=\"twitter:label2\" content=\"Tempo estimado de leitura\" \/>\n\t<meta name=\"twitter:data2\" content=\"2 minutos\" \/>\n<script type=\"application\/ld+json\" class=\"yoast-schema-graph\">{\"@context\":\"https:\/\/schema.org\",\"@graph\":[{\"@type\":\"Article\",\"@id\":\"https:\/\/terrasdebasto.pt\/?p=5200#article\",\"isPartOf\":{\"@id\":\"https:\/\/terrasdebasto.pt\/?p=5200\"},\"author\":{\"name\":\"Jo\u00e3o Paulo Mesquita\",\"@id\":\"https:\/\/terrasdebasto.pt\/#\/schema\/person\/9f6739f5394ac65c802641773b278b84\"},\"headline\":\"Celoricenses que venceram festival da can\u00e7\u00e3o religiosa de visita a Roma\",\"datePublished\":\"2025-12-02T14:40:45+00:00\",\"dateModified\":\"2025-12-02T14:44:53+00:00\",\"mainEntityOfPage\":{\"@id\":\"https:\/\/terrasdebasto.pt\/?p=5200\"},\"wordCount\":260,\"commentCount\":0,\"publisher\":{\"@id\":\"https:\/\/terrasdebasto.pt\/#organization\"},\"image\":{\"@id\":\"https:\/\/terrasdebasto.pt\/?p=5200#primaryimage\"},\"thumbnailUrl\":\"https:\/\/terrasdebasto.pt\/wp-content\/uploads\/2025\/12\/ROMA-1.jpg\",\"keywords\":[\"Festival da Can\u00e7\u00e3o Mensagem\",\"Jovens com Esperan\u00e7a\",\"Roma\"],\"articleSection\":[\"Celorico de Basto\",\"Cultura\",\"Terras de Basto\"],\"inLanguage\":\"pt-PT\",\"potentialAction\":[{\"@type\":\"CommentAction\",\"name\":\"Comment\",\"target\":[\"https:\/\/terrasdebasto.pt\/?p=5200#respond\"]}]},{\"@type\":\"WebPage\",\"@id\":\"https:\/\/terrasdebasto.pt\/?p=5200\",\"url\":\"https:\/\/terrasdebasto.pt\/?p=5200\",\"name\":\"Celoricenses que venceram festival da can\u00e7\u00e3o religiosa de visita a Roma - Jornal Terras de Basto\",\"isPartOf\":{\"@id\":\"https:\/\/terrasdebasto.pt\/#website\"},\"primaryImageOfPage\":{\"@id\":\"https:\/\/terrasdebasto.pt\/?p=5200#primaryimage\"},\"image\":{\"@id\":\"https:\/\/terrasdebasto.pt\/?p=5200#primaryimage\"},\"thumbnailUrl\":\"https:\/\/terrasdebasto.pt\/wp-content\/uploads\/2025\/12\/ROMA-1.jpg\",\"datePublished\":\"2025-12-02T14:40:45+00:00\",\"dateModified\":\"2025-12-02T14:44:53+00:00\",\"breadcrumb\":{\"@id\":\"https:\/\/terrasdebasto.pt\/?p=5200#breadcrumb\"},\"inLanguage\":\"pt-PT\",\"potentialAction\":[{\"@type\":\"ReadAction\",\"target\":[\"https:\/\/terrasdebasto.pt\/?p=5200\"]}]},{\"@type\":\"ImageObject\",\"inLanguage\":\"pt-PT\",\"@id\":\"https:\/\/terrasdebasto.pt\/?p=5200#primaryimage\",\"url\":\"https:\/\/terrasdebasto.pt\/wp-content\/uploads\/2025\/12\/ROMA-1.jpg\",\"contentUrl\":\"https:\/\/terrasdebasto.pt\/wp-content\/uploads\/2025\/12\/ROMA-1.jpg\",\"width\":1771,\"height\":1334},{\"@type\":\"BreadcrumbList\",\"@id\":\"https:\/\/terrasdebasto.pt\/?p=5200#breadcrumb\",\"itemListElement\":[{\"@type\":\"ListItem\",\"position\":1,\"name\":\"In\u00edcio\",\"item\":\"https:\/\/terrasdebasto.pt\/\"},{\"@type\":\"ListItem\",\"position\":2,\"name\":\"Celoricenses que venceram festival da can\u00e7\u00e3o religiosa de visita a Roma\"}]},{\"@type\":\"WebSite\",\"@id\":\"https:\/\/terrasdebasto.pt\/#website\",\"url\":\"https:\/\/terrasdebasto.pt\/\",\"name\":\"Jornal Terras de Basto\",\"description\":\"\",\"publisher\":{\"@id\":\"https:\/\/terrasdebasto.pt\/#organization\"},\"potentialAction\":[{\"@type\":\"SearchAction\",\"target\":{\"@type\":\"EntryPoint\",\"urlTemplate\":\"https:\/\/terrasdebasto.pt\/?s={search_term_string}\"},\"query-input\":{\"@type\":\"PropertyValueSpecification\",\"valueRequired\":true,\"valueName\":\"search_term_string\"}}],\"inLanguage\":\"pt-PT\"},{\"@type\":\"Organization\",\"@id\":\"https:\/\/terrasdebasto.pt\/#organization\",\"name\":\"Jornal Terras de Basto\",\"url\":\"https:\/\/terrasdebasto.pt\/\",\"logo\":{\"@type\":\"ImageObject\",\"inLanguage\":\"pt-PT\",\"@id\":\"https:\/\/terrasdebasto.pt\/#\/schema\/logo\/image\/\",\"url\":\"https:\/\/terrasdebasto.pt\/wp-content\/uploads\/2024\/06\/LogoNormal.png\",\"contentUrl\":\"https:\/\/terrasdebasto.pt\/wp-content\/uploads\/2024\/06\/LogoNormal.png\",\"width\":5638,\"height\":809,\"caption\":\"Jornal Terras de Basto\"},\"image\":{\"@id\":\"https:\/\/terrasdebasto.pt\/#\/schema\/logo\/image\/\"}},{\"@type\":\"Person\",\"@id\":\"https:\/\/terrasdebasto.pt\/#\/schema\/person\/9f6739f5394ac65c802641773b278b84\",\"name\":\"Jo\u00e3o Paulo Mesquita\",\"image\":{\"@type\":\"ImageObject\",\"inLanguage\":\"pt-PT\",\"@id\":\"https:\/\/terrasdebasto.pt\/#\/schema\/person\/image\/\",\"url\":\"https:\/\/secure.gravatar.com\/avatar\/9bd0f299e6d96336664aab64354168246a3ee3287c47891c50d450e47ed9d7f9?s=96&d=mm&r=g\",\"contentUrl\":\"https:\/\/secure.gravatar.com\/avatar\/9bd0f299e6d96336664aab64354168246a3ee3287c47891c50d450e47ed9d7f9?s=96&d=mm&r=g\",\"caption\":\"Jo\u00e3o Paulo Mesquita\"},\"url\":\"https:\/\/terrasdebasto.pt\/?author=7\"}]}<\/script>\n<!-- \/ Yoast SEO plugin. -->","yoast_head_json":{"title":"Celoricenses que venceram festival da can\u00e7\u00e3o religiosa de visita a Roma - Jornal Terras de Basto","robots":{"index":"index","follow":"follow","max-snippet":"max-snippet:-1","max-image-preview":"max-image-preview:large","max-video-preview":"max-video-preview:-1"},"canonical":"https:\/\/terrasdebasto.pt\/?p=5200","og_locale":"pt_PT","og_type":"article","og_title":"Celoricenses que venceram festival da can\u00e7\u00e3o religiosa de visita a Roma - Jornal Terras de Basto","og_description":"O grupo &#8220;Jovens com Esperan\u00e7a&#8221;, de Celorico de Basto, que venceu o Festival Arciprestal da Can\u00e7\u00e3o Mensagem, est\u00e1 em Roma a usufruir do pr\u00e9mio de que foi ent\u00e3o vencedor. Depois de uma visita-guiada aos pontos de refer\u00eancia tur\u00edstica da capital italiana, a comitiva \u2013 que regressa esta ter\u00e7a-feira (2) a Portugal \u2013 teve oportunidade de [&hellip;]","og_url":"https:\/\/terrasdebasto.pt\/?p=5200","og_site_name":"Jornal Terras de Basto","article_published_time":"2025-12-02T14:40:45+00:00","article_modified_time":"2025-12-02T14:44:53+00:00","og_image":[{"width":1771,"height":1334,"url":"https:\/\/terrasdebasto.pt\/wp-content\/uploads\/2025\/12\/ROMA-1.jpg","type":"image\/jpeg"}],"author":"Jo\u00e3o Paulo Mesquita","twitter_card":"summary_large_image","twitter_misc":{"Escrito por":"Jo\u00e3o Paulo Mesquita","Tempo estimado de leitura":"2 minutos"},"schema":{"@context":"https:\/\/schema.org","@graph":[{"@type":"Article","@id":"https:\/\/terrasdebasto.pt\/?p=5200#article","isPartOf":{"@id":"https:\/\/terrasdebasto.pt\/?p=5200"},"author":{"name":"Jo\u00e3o Paulo Mesquita","@id":"https:\/\/terrasdebasto.pt\/#\/schema\/person\/9f6739f5394ac65c802641773b278b84"},"headline":"Celoricenses que venceram festival da can\u00e7\u00e3o religiosa de visita a Roma","datePublished":"2025-12-02T14:40:45+00:00","dateModified":"2025-12-02T14:44:53+00:00","mainEntityOfPage":{"@id":"https:\/\/terrasdebasto.pt\/?p=5200"},"wordCount":260,"commentCount":0,"publisher":{"@id":"https:\/\/terrasdebasto.pt\/#organization"},"image":{"@id":"https:\/\/terrasdebasto.pt\/?p=5200#primaryimage"},"thumbnailUrl":"https:\/\/terrasdebasto.pt\/wp-content\/uploads\/2025\/12\/ROMA-1.jpg","keywords":["Festival da Can\u00e7\u00e3o Mensagem","Jovens com Esperan\u00e7a","Roma"],"articleSection":["Celorico de Basto","Cultura","Terras de Basto"],"inLanguage":"pt-PT","potentialAction":[{"@type":"CommentAction","name":"Comment","target":["https:\/\/terrasdebasto.pt\/?p=5200#respond"]}]},{"@type":"WebPage","@id":"https:\/\/terrasdebasto.pt\/?p=5200","url":"https:\/\/terrasdebasto.pt\/?p=5200","name":"Celoricenses que venceram festival da can\u00e7\u00e3o religiosa de visita a Roma - Jornal Terras de Basto","isPartOf":{"@id":"https:\/\/terrasdebasto.pt\/#website"},"primaryImageOfPage":{"@id":"https:\/\/terrasdebasto.pt\/?p=5200#primaryimage"},"image":{"@id":"https:\/\/terrasdebasto.pt\/?p=5200#primaryimage"},"thumbnailUrl":"https:\/\/terrasdebasto.pt\/wp-content\/uploads\/2025\/12\/ROMA-1.jpg","datePublished":"2025-12-02T14:40:45+00:00","dateModified":"2025-12-02T14:44:53+00:00","breadcrumb":{"@id":"https:\/\/terrasdebasto.pt\/?p=5200#breadcrumb"},"inLanguage":"pt-PT","potentialAction":[{"@type":"ReadAction","target":["https:\/\/terrasdebasto.pt\/?p=5200"]}]},{"@type":"ImageObject","inLanguage":"pt-PT","@id":"https:\/\/terrasdebasto.pt\/?p=5200#primaryimage","url":"https:\/\/terrasdebasto.pt\/wp-content\/uploads\/2025\/12\/ROMA-1.jpg","contentUrl":"https:\/\/terrasdebasto.pt\/wp-content\/uploads\/2025\/12\/ROMA-1.jpg","width":1771,"height":1334},{"@type":"BreadcrumbList","@id":"https:\/\/terrasdebasto.pt\/?p=5200#breadcrumb","itemListElement":[{"@type":"ListItem","position":1,"name":"In\u00edcio","item":"https:\/\/terrasdebasto.pt\/"},{"@type":"ListItem","position":2,"name":"Celoricenses que venceram festival da can\u00e7\u00e3o religiosa de visita a Roma"}]},{"@type":"WebSite","@id":"https:\/\/terrasdebasto.pt\/#website","url":"https:\/\/terrasdebasto.pt\/","name":"Jornal Terras de Basto","description":"","publisher":{"@id":"https:\/\/terrasdebasto.pt\/#organization"},"potentialAction":[{"@type":"SearchAction","target":{"@type":"EntryPoint","urlTemplate":"https:\/\/terrasdebasto.pt\/?s={search_term_string}"},"query-input":{"@type":"PropertyValueSpecification","valueRequired":true,"valueName":"search_term_string"}}],"inLanguage":"pt-PT"},{"@type":"Organization","@id":"https:\/\/terrasdebasto.pt\/#organization","name":"Jornal Terras de Basto","url":"https:\/\/terrasdebasto.pt\/","logo":{"@type":"ImageObject","inLanguage":"pt-PT","@id":"https:\/\/terrasdebasto.pt\/#\/schema\/logo\/image\/","url":"https:\/\/terrasdebasto.pt\/wp-content\/uploads\/2024\/06\/LogoNormal.png","contentUrl":"https:\/\/terrasdebasto.pt\/wp-content\/uploads\/2024\/06\/LogoNormal.png","width":5638,"height":809,"caption":"Jornal Terras de Basto"},"image":{"@id":"https:\/\/terrasdebasto.pt\/#\/schema\/logo\/image\/"}},{"@type":"Person","@id":"https:\/\/terrasdebasto.pt\/#\/schema\/person\/9f6739f5394ac65c802641773b278b84","name":"Jo\u00e3o Paulo Mesquita","image":{"@type":"ImageObject","inLanguage":"pt-PT","@id":"https:\/\/terrasdebasto.pt\/#\/schema\/person\/image\/","url":"https:\/\/secure.gravatar.com\/avatar\/9bd0f299e6d96336664aab64354168246a3ee3287c47891c50d450e47ed9d7f9?s=96&d=mm&r=g","contentUrl":"https:\/\/secure.gravatar.com\/avatar\/9bd0f299e6d96336664aab64354168246a3ee3287c47891c50d450e47ed9d7f9?s=96&d=mm&r=g","caption":"Jo\u00e3o Paulo Mesquita"},"url":"https:\/\/terrasdebasto.pt\/?author=7"}]}},"_links":{"self":[{"href":"https:\/\/terrasdebasto.pt\/index.php?rest_route=\/wp\/v2\/posts\/5200","targetHints":{"allow":["GET"]}}],"collection":[{"href":"https:\/\/terrasdebasto.pt\/index.php?rest_route=\/wp\/v2\/posts"}],"about":[{"href":"https:\/\/terrasdebasto.pt\/index.php?rest_route=\/wp\/v2\/types\/post"}],"author":[{"embeddable":true,"href":"https:\/\/terrasdebasto.pt\/index.php?rest_route=\/wp\/v2\/users\/7"}],"replies":[{"embeddable":true,"href":"https:\/\/terrasdebasto.pt\/index.php?rest_route=%2Fwp%2Fv2%2Fcomments&post=5200"}],"version-history":[{"count":3,"href":"https:\/\/terrasdebasto.pt\/index.php?rest_route=\/wp\/v2\/posts\/5200\/revisions"}],"predecessor-version":[{"id":5204,"href":"https:\/\/terrasdebasto.pt\/index.php?rest_route=\/wp\/v2\/posts\/5200\/revisions\/5204"}],"wp:featuredmedia":[{"embeddable":true,"href":"https:\/\/terrasdebasto.pt\/index.php?rest_route=\/wp\/v2\/media\/5201"}],"wp:attachment":[{"href":"https:\/\/terrasdebasto.pt\/index.php?rest_route=%2Fwp%2Fv2%2Fmedia&parent=5200"}],"wp:term":[{"taxonomy":"category","embeddable":true,"href":"https:\/\/terrasdebasto.pt\/index.php?rest_route=%2Fwp%2Fv2%2Fcategories&post=5200"},{"taxonomy":"post_tag","embeddable":true,"href":"https:\/\/terrasdebasto.pt\/index.php?rest_route=%2Fwp%2Fv2%2Ftags&post=5200"}],"curies":[{"name":"wp","href":"https:\/\/api.w.org\/{rel}","templated":true}]}}