{"id":5195,"date":"2025-12-02T13:39:09","date_gmt":"2025-12-02T13:39:09","guid":{"rendered":"https:\/\/terrasdebasto.pt\/?p=5195"},"modified":"2025-12-02T13:41:38","modified_gmt":"2025-12-02T13:41:38","slug":"saude-do-alto-ave-distinguida-pelos-percursos-de-cuidados-integrados","status":"publish","type":"post","link":"https:\/\/terrasdebasto.pt\/?p=5195","title":{"rendered":"Sa\u00fade do Alto Ave distinguida pelos percursos de cuidados integrados"},"content":{"rendered":"\n<p><\/p>\n\n\n\n<p><strong>A implementa\u00e7\u00e3o dos designados percursos de cuidados integrados pela Unidade Local de Sa\u00fade do Alto Ave foi agora distinguida com o Pr\u00e9mio Impulso 2025, que assim reconhece \u00abuma boa pr\u00e1tica exemplar no sistema de sa\u00fade portugu\u00eas\u00bb.<\/strong><\/p>\n\n\n\n<p>Em causa est\u00e1 um conjunto estruturado de caminhos assistenciais desenhados para garantir que os utentes da regi\u00e3o t\u00eam continuidade de cuidados, com coordena\u00e7\u00e3o entre diferentes n\u00edveis, designadamente os cuidados prim\u00e1rios, os cuidados hospitalares e, se necess\u00e1rio, domicili\u00e1rios ou continuados.<\/p>\n\n\n\n<p>\u00abCuidados mais pr\u00f3ximos, descentraliza\u00e7\u00e3o de consultas hospitalares, equipas multidisciplinares de integra\u00e7\u00e3o de cuidados; este pr\u00e9mio destaca a excel\u00eancia, inova\u00e7\u00e3o e impacto mensur\u00e1vel da iniciativa desenvolvida\u00bb, afirma-se no \u201ccertificado de m\u00e9rito\u201d.<\/p>\n\n\n\n<p>A ULS do Alto Ave sublinha, neste contexto, o facto de os percursos de cuidados integrados refor\u00e7arem a centralidade dos cuidados prim\u00e1rios, colocando o cidad\u00e3o no centro das decis\u00f5es.<\/p>\n\n\n\n<p>O Pr\u00e9mio Impulso \u2013 entregue sexta-feira (28), em Lisboa \u2013 resulta da avalia\u00e7\u00e3o feita pela Organiza\u00e7\u00e3o Mundial da Sa\u00fade (WHO), Comiss\u00e3o Europeia e Administra\u00e7\u00e3o Central do Sistema de Sa\u00fade.<\/p>\n\n\n\n<p>\u00ab\u00c9 um orgulho ver o trabalho da ULS reconhecido a n\u00edvel nacional e internacional; \u00e9 uma enorme motiva\u00e7\u00e3o para continuar a melhorar o futuro da sa\u00fade no Alto Ave\u00bb, comenta a entidade premiada.<\/p>\n\n\n\n<figure class=\"wp-block-gallery has-nested-images columns-default is-cropped wp-block-gallery-1 is-layout-flex wp-block-gallery-is-layout-flex\">\n<figure class=\"wp-block-image size-large\"><img loading=\"lazy\" decoding=\"async\" width=\"1024\" height=\"707\" data-id=\"5198\" src=\"https:\/\/terrasdebasto.pt\/wp-content\/uploads\/2025\/12\/ULSAVE-346-1024x707.jpeg\" alt=\"\" class=\"wp-image-5198\" srcset=\"https:\/\/terrasdebasto.pt\/wp-content\/uploads\/2025\/12\/ULSAVE-346-1024x707.jpeg 1024w, https:\/\/terrasdebasto.pt\/wp-content\/uploads\/2025\/12\/ULSAVE-346-300x207.jpeg 300w, https:\/\/terrasdebasto.pt\/wp-content\/uploads\/2025\/12\/ULSAVE-346-768x530.jpeg 768w, https:\/\/terrasdebasto.pt\/wp-content\/uploads\/2025\/12\/ULSAVE-346-1536x1060.jpeg 1536w, https:\/\/terrasdebasto.pt\/wp-content\/uploads\/2025\/12\/ULSAVE-346-150x104.jpeg 150w, https:\/\/terrasdebasto.pt\/wp-content\/uploads\/2025\/12\/ULSAVE-346-218x150.jpeg 218w, https:\/\/terrasdebasto.pt\/wp-content\/uploads\/2025\/12\/ULSAVE-346-696x480.jpeg 696w, https:\/\/terrasdebasto.pt\/wp-content\/uploads\/2025\/12\/ULSAVE-346-1068x737.jpeg 1068w, https:\/\/terrasdebasto.pt\/wp-content\/uploads\/2025\/12\/ULSAVE-346.jpeg 1600w\" sizes=\"auto, (max-width: 1024px) 100vw, 1024px\" \/><\/figure>\n<\/figure>\n","protected":false},"excerpt":{"rendered":"<p>A implementa\u00e7\u00e3o dos designados percursos de cuidados integrados pela Unidade Local de Sa\u00fade do Alto Ave foi agora distinguida com o Pr\u00e9mio Impulso 2025, que assim reconhece \u00abuma boa pr\u00e1tica exemplar no sistema de sa\u00fade portugu\u00eas\u00bb. Em causa est\u00e1 um conjunto estruturado de caminhos assistenciais desenhados para garantir que os utentes da regi\u00e3o t\u00eam continuidade [&hellip;]<\/p>\n","protected":false},"author":7,"featured_media":5196,"comment_status":"open","ping_status":"open","sticky":false,"template":"","format":"standard","meta":{"footnotes":""},"categories":[12,13,16,10,9],"tags":[1231,1230,185,221,1232],"class_list":{"0":"post-5195","1":"post","2":"type-post","3":"status-publish","4":"format-standard","5":"has-post-thumbnail","7":"category-cabeceiras-de-basto","8":"category-celorico-de-basto","9":"category-mondim-de-basto","10":"category-saude","11":"category-terras-de-basto","12":"tag-aass","13":"tag-premio-impulso","14":"tag-saude","15":"tag-uls-do-alto-ave","16":"tag-who"},"yoast_head":"<!-- This site is optimized with the Yoast SEO plugin v25.7 - https:\/\/yoast.com\/wordpress\/plugins\/seo\/ -->\n<title>Sa\u00fade do Alto Ave distinguida pelos percursos de cuidados integrados - Jornal Terras de Basto<\/title>\n<meta name=\"description\" content=\"A implementa\u00e7\u00e3o dos designados percursos de cuidados integrados pela Unidade Local de Sa\u00fade do Alto Ave foi agora distinguida com o Pr\u00e9mio Impulso 2025, que assim reconhece \u00abuma boa pr\u00e1tica exemplar no sistema de sa\u00fade portugu\u00eas\u00bb.\" \/>\n<meta name=\"robots\" content=\"index, follow, max-snippet:-1, max-image-preview:large, max-video-preview:-1\" \/>\n<link rel=\"canonical\" href=\"https:\/\/terrasdebasto.pt\/?p=5195\" \/>\n<meta property=\"og:locale\" content=\"pt_PT\" \/>\n<meta property=\"og:type\" content=\"article\" \/>\n<meta property=\"og:title\" content=\"Sa\u00fade do Alto Ave distinguida pelos percursos de cuidados integrados - Jornal Terras de Basto\" \/>\n<meta property=\"og:description\" content=\"A implementa\u00e7\u00e3o dos designados percursos de cuidados integrados pela Unidade Local de Sa\u00fade do Alto Ave foi agora distinguida com o Pr\u00e9mio Impulso 2025, que assim reconhece \u00abuma boa pr\u00e1tica exemplar no sistema de sa\u00fade portugu\u00eas\u00bb.\" \/>\n<meta property=\"og:url\" content=\"https:\/\/terrasdebasto.pt\/?p=5195\" \/>\n<meta property=\"og:site_name\" content=\"Jornal Terras de Basto\" \/>\n<meta property=\"article:published_time\" content=\"2025-12-02T13:39:09+00:00\" \/>\n<meta property=\"article:modified_time\" content=\"2025-12-02T13:41:38+00:00\" \/>\n<meta property=\"og:image\" content=\"https:\/\/terrasdebasto.pt\/wp-content\/uploads\/2025\/12\/ULSAVE-345.jpeg\" \/>\n\t<meta property=\"og:image:width\" content=\"1209\" \/>\n\t<meta property=\"og:image:height\" content=\"742\" \/>\n\t<meta property=\"og:image:type\" content=\"image\/jpeg\" \/>\n<meta name=\"author\" content=\"Jo\u00e3o Paulo Mesquita\" \/>\n<meta name=\"twitter:card\" content=\"summary_large_image\" \/>\n<meta name=\"twitter:label1\" content=\"Escrito por\" \/>\n\t<meta name=\"twitter:data1\" content=\"Jo\u00e3o Paulo Mesquita\" \/>\n\t<meta name=\"twitter:label2\" content=\"Tempo estimado de leitura\" \/>\n\t<meta name=\"twitter:data2\" content=\"2 minutos\" \/>\n<script type=\"application\/ld+json\" class=\"yoast-schema-graph\">{\"@context\":\"https:\/\/schema.org\",\"@graph\":[{\"@type\":\"Article\",\"@id\":\"https:\/\/terrasdebasto.pt\/?p=5195#article\",\"isPartOf\":{\"@id\":\"https:\/\/terrasdebasto.pt\/?p=5195\"},\"author\":{\"name\":\"Jo\u00e3o Paulo Mesquita\",\"@id\":\"https:\/\/terrasdebasto.pt\/#\/schema\/person\/9f6739f5394ac65c802641773b278b84\"},\"headline\":\"Sa\u00fade do Alto Ave distinguida pelos percursos de cuidados integrados\",\"datePublished\":\"2025-12-02T13:39:09+00:00\",\"dateModified\":\"2025-12-02T13:41:38+00:00\",\"mainEntityOfPage\":{\"@id\":\"https:\/\/terrasdebasto.pt\/?p=5195\"},\"wordCount\":236,\"commentCount\":0,\"publisher\":{\"@id\":\"https:\/\/terrasdebasto.pt\/#organization\"},\"image\":{\"@id\":\"https:\/\/terrasdebasto.pt\/?p=5195#primaryimage\"},\"thumbnailUrl\":\"https:\/\/terrasdebasto.pt\/wp-content\/uploads\/2025\/12\/ULSAVE-345.jpeg\",\"keywords\":[\"AASS\",\"Pr\u00e9mio Impulso\",\"Sa\u00fade\",\"ULS do Alto Ave\",\"WHO\"],\"articleSection\":[\"Cabeceiras de Basto\",\"Celorico de Basto\",\"Mondim de Basto\",\"Sa\u00fade\",\"Terras de Basto\"],\"inLanguage\":\"pt-PT\",\"potentialAction\":[{\"@type\":\"CommentAction\",\"name\":\"Comment\",\"target\":[\"https:\/\/terrasdebasto.pt\/?p=5195#respond\"]}]},{\"@type\":\"WebPage\",\"@id\":\"https:\/\/terrasdebasto.pt\/?p=5195\",\"url\":\"https:\/\/terrasdebasto.pt\/?p=5195\",\"name\":\"Sa\u00fade do Alto Ave distinguida pelos percursos de cuidados integrados - Jornal Terras de Basto\",\"isPartOf\":{\"@id\":\"https:\/\/terrasdebasto.pt\/#website\"},\"primaryImageOfPage\":{\"@id\":\"https:\/\/terrasdebasto.pt\/?p=5195#primaryimage\"},\"image\":{\"@id\":\"https:\/\/terrasdebasto.pt\/?p=5195#primaryimage\"},\"thumbnailUrl\":\"https:\/\/terrasdebasto.pt\/wp-content\/uploads\/2025\/12\/ULSAVE-345.jpeg\",\"datePublished\":\"2025-12-02T13:39:09+00:00\",\"dateModified\":\"2025-12-02T13:41:38+00:00\",\"description\":\"A implementa\u00e7\u00e3o dos designados percursos de cuidados integrados pela Unidade Local de Sa\u00fade do Alto Ave foi agora distinguida com o Pr\u00e9mio Impulso 2025, que assim reconhece \u00abuma boa pr\u00e1tica exemplar no sistema de sa\u00fade portugu\u00eas\u00bb.\",\"breadcrumb\":{\"@id\":\"https:\/\/terrasdebasto.pt\/?p=5195#breadcrumb\"},\"inLanguage\":\"pt-PT\",\"potentialAction\":[{\"@type\":\"ReadAction\",\"target\":[\"https:\/\/terrasdebasto.pt\/?p=5195\"]}]},{\"@type\":\"ImageObject\",\"inLanguage\":\"pt-PT\",\"@id\":\"https:\/\/terrasdebasto.pt\/?p=5195#primaryimage\",\"url\":\"https:\/\/terrasdebasto.pt\/wp-content\/uploads\/2025\/12\/ULSAVE-345.jpeg\",\"contentUrl\":\"https:\/\/terrasdebasto.pt\/wp-content\/uploads\/2025\/12\/ULSAVE-345.jpeg\",\"width\":1209,\"height\":742},{\"@type\":\"BreadcrumbList\",\"@id\":\"https:\/\/terrasdebasto.pt\/?p=5195#breadcrumb\",\"itemListElement\":[{\"@type\":\"ListItem\",\"position\":1,\"name\":\"In\u00edcio\",\"item\":\"https:\/\/terrasdebasto.pt\/\"},{\"@type\":\"ListItem\",\"position\":2,\"name\":\"Sa\u00fade do Alto Ave distinguida pelos percursos de cuidados integrados\"}]},{\"@type\":\"WebSite\",\"@id\":\"https:\/\/terrasdebasto.pt\/#website\",\"url\":\"https:\/\/terrasdebasto.pt\/\",\"name\":\"Jornal Terras de Basto\",\"description\":\"\",\"publisher\":{\"@id\":\"https:\/\/terrasdebasto.pt\/#organization\"},\"potentialAction\":[{\"@type\":\"SearchAction\",\"target\":{\"@type\":\"EntryPoint\",\"urlTemplate\":\"https:\/\/terrasdebasto.pt\/?s={search_term_string}\"},\"query-input\":{\"@type\":\"PropertyValueSpecification\",\"valueRequired\":true,\"valueName\":\"search_term_string\"}}],\"inLanguage\":\"pt-PT\"},{\"@type\":\"Organization\",\"@id\":\"https:\/\/terrasdebasto.pt\/#organization\",\"name\":\"Jornal Terras de Basto\",\"url\":\"https:\/\/terrasdebasto.pt\/\",\"logo\":{\"@type\":\"ImageObject\",\"inLanguage\":\"pt-PT\",\"@id\":\"https:\/\/terrasdebasto.pt\/#\/schema\/logo\/image\/\",\"url\":\"https:\/\/terrasdebasto.pt\/wp-content\/uploads\/2024\/06\/LogoNormal.png\",\"contentUrl\":\"https:\/\/terrasdebasto.pt\/wp-content\/uploads\/2024\/06\/LogoNormal.png\",\"width\":5638,\"height\":809,\"caption\":\"Jornal Terras de Basto\"},\"image\":{\"@id\":\"https:\/\/terrasdebasto.pt\/#\/schema\/logo\/image\/\"}},{\"@type\":\"Person\",\"@id\":\"https:\/\/terrasdebasto.pt\/#\/schema\/person\/9f6739f5394ac65c802641773b278b84\",\"name\":\"Jo\u00e3o Paulo Mesquita\",\"image\":{\"@type\":\"ImageObject\",\"inLanguage\":\"pt-PT\",\"@id\":\"https:\/\/terrasdebasto.pt\/#\/schema\/person\/image\/\",\"url\":\"https:\/\/secure.gravatar.com\/avatar\/9bd0f299e6d96336664aab64354168246a3ee3287c47891c50d450e47ed9d7f9?s=96&d=mm&r=g\",\"contentUrl\":\"https:\/\/secure.gravatar.com\/avatar\/9bd0f299e6d96336664aab64354168246a3ee3287c47891c50d450e47ed9d7f9?s=96&d=mm&r=g\",\"caption\":\"Jo\u00e3o Paulo Mesquita\"},\"url\":\"https:\/\/terrasdebasto.pt\/?author=7\"}]}<\/script>\n<!-- \/ Yoast SEO plugin. -->","yoast_head_json":{"title":"Sa\u00fade do Alto Ave distinguida pelos percursos de cuidados integrados - Jornal Terras de Basto","description":"A implementa\u00e7\u00e3o dos designados percursos de cuidados integrados pela Unidade Local de Sa\u00fade do Alto Ave foi agora distinguida com o Pr\u00e9mio Impulso 2025, que assim reconhece \u00abuma boa pr\u00e1tica exemplar no sistema de sa\u00fade portugu\u00eas\u00bb.","robots":{"index":"index","follow":"follow","max-snippet":"max-snippet:-1","max-image-preview":"max-image-preview:large","max-video-preview":"max-video-preview:-1"},"canonical":"https:\/\/terrasdebasto.pt\/?p=5195","og_locale":"pt_PT","og_type":"article","og_title":"Sa\u00fade do Alto Ave distinguida pelos percursos de cuidados integrados - Jornal Terras de Basto","og_description":"A implementa\u00e7\u00e3o dos designados percursos de cuidados integrados pela Unidade Local de Sa\u00fade do Alto Ave foi agora distinguida com o Pr\u00e9mio Impulso 2025, que assim reconhece \u00abuma boa pr\u00e1tica exemplar no sistema de sa\u00fade portugu\u00eas\u00bb.","og_url":"https:\/\/terrasdebasto.pt\/?p=5195","og_site_name":"Jornal Terras de Basto","article_published_time":"2025-12-02T13:39:09+00:00","article_modified_time":"2025-12-02T13:41:38+00:00","og_image":[{"width":1209,"height":742,"url":"https:\/\/terrasdebasto.pt\/wp-content\/uploads\/2025\/12\/ULSAVE-345.jpeg","type":"image\/jpeg"}],"author":"Jo\u00e3o Paulo Mesquita","twitter_card":"summary_large_image","twitter_misc":{"Escrito por":"Jo\u00e3o Paulo Mesquita","Tempo estimado de leitura":"2 minutos"},"schema":{"@context":"https:\/\/schema.org","@graph":[{"@type":"Article","@id":"https:\/\/terrasdebasto.pt\/?p=5195#article","isPartOf":{"@id":"https:\/\/terrasdebasto.pt\/?p=5195"},"author":{"name":"Jo\u00e3o Paulo Mesquita","@id":"https:\/\/terrasdebasto.pt\/#\/schema\/person\/9f6739f5394ac65c802641773b278b84"},"headline":"Sa\u00fade do Alto Ave distinguida pelos percursos de cuidados integrados","datePublished":"2025-12-02T13:39:09+00:00","dateModified":"2025-12-02T13:41:38+00:00","mainEntityOfPage":{"@id":"https:\/\/terrasdebasto.pt\/?p=5195"},"wordCount":236,"commentCount":0,"publisher":{"@id":"https:\/\/terrasdebasto.pt\/#organization"},"image":{"@id":"https:\/\/terrasdebasto.pt\/?p=5195#primaryimage"},"thumbnailUrl":"https:\/\/terrasdebasto.pt\/wp-content\/uploads\/2025\/12\/ULSAVE-345.jpeg","keywords":["AASS","Pr\u00e9mio Impulso","Sa\u00fade","ULS do Alto Ave","WHO"],"articleSection":["Cabeceiras de Basto","Celorico de Basto","Mondim de Basto","Sa\u00fade","Terras de Basto"],"inLanguage":"pt-PT","potentialAction":[{"@type":"CommentAction","name":"Comment","target":["https:\/\/terrasdebasto.pt\/?p=5195#respond"]}]},{"@type":"WebPage","@id":"https:\/\/terrasdebasto.pt\/?p=5195","url":"https:\/\/terrasdebasto.pt\/?p=5195","name":"Sa\u00fade do Alto Ave distinguida pelos percursos de cuidados integrados - Jornal Terras de Basto","isPartOf":{"@id":"https:\/\/terrasdebasto.pt\/#website"},"primaryImageOfPage":{"@id":"https:\/\/terrasdebasto.pt\/?p=5195#primaryimage"},"image":{"@id":"https:\/\/terrasdebasto.pt\/?p=5195#primaryimage"},"thumbnailUrl":"https:\/\/terrasdebasto.pt\/wp-content\/uploads\/2025\/12\/ULSAVE-345.jpeg","datePublished":"2025-12-02T13:39:09+00:00","dateModified":"2025-12-02T13:41:38+00:00","description":"A implementa\u00e7\u00e3o dos designados percursos de cuidados integrados pela Unidade Local de Sa\u00fade do Alto Ave foi agora distinguida com o Pr\u00e9mio Impulso 2025, que assim reconhece \u00abuma boa pr\u00e1tica exemplar no sistema de sa\u00fade portugu\u00eas\u00bb.","breadcrumb":{"@id":"https:\/\/terrasdebasto.pt\/?p=5195#breadcrumb"},"inLanguage":"pt-PT","potentialAction":[{"@type":"ReadAction","target":["https:\/\/terrasdebasto.pt\/?p=5195"]}]},{"@type":"ImageObject","inLanguage":"pt-PT","@id":"https:\/\/terrasdebasto.pt\/?p=5195#primaryimage","url":"https:\/\/terrasdebasto.pt\/wp-content\/uploads\/2025\/12\/ULSAVE-345.jpeg","contentUrl":"https:\/\/terrasdebasto.pt\/wp-content\/uploads\/2025\/12\/ULSAVE-345.jpeg","width":1209,"height":742},{"@type":"BreadcrumbList","@id":"https:\/\/terrasdebasto.pt\/?p=5195#breadcrumb","itemListElement":[{"@type":"ListItem","position":1,"name":"In\u00edcio","item":"https:\/\/terrasdebasto.pt\/"},{"@type":"ListItem","position":2,"name":"Sa\u00fade do Alto Ave distinguida pelos percursos de cuidados integrados"}]},{"@type":"WebSite","@id":"https:\/\/terrasdebasto.pt\/#website","url":"https:\/\/terrasdebasto.pt\/","name":"Jornal Terras de Basto","description":"","publisher":{"@id":"https:\/\/terrasdebasto.pt\/#organization"},"potentialAction":[{"@type":"SearchAction","target":{"@type":"EntryPoint","urlTemplate":"https:\/\/terrasdebasto.pt\/?s={search_term_string}"},"query-input":{"@type":"PropertyValueSpecification","valueRequired":true,"valueName":"search_term_string"}}],"inLanguage":"pt-PT"},{"@type":"Organization","@id":"https:\/\/terrasdebasto.pt\/#organization","name":"Jornal Terras de Basto","url":"https:\/\/terrasdebasto.pt\/","logo":{"@type":"ImageObject","inLanguage":"pt-PT","@id":"https:\/\/terrasdebasto.pt\/#\/schema\/logo\/image\/","url":"https:\/\/terrasdebasto.pt\/wp-content\/uploads\/2024\/06\/LogoNormal.png","contentUrl":"https:\/\/terrasdebasto.pt\/wp-content\/uploads\/2024\/06\/LogoNormal.png","width":5638,"height":809,"caption":"Jornal Terras de Basto"},"image":{"@id":"https:\/\/terrasdebasto.pt\/#\/schema\/logo\/image\/"}},{"@type":"Person","@id":"https:\/\/terrasdebasto.pt\/#\/schema\/person\/9f6739f5394ac65c802641773b278b84","name":"Jo\u00e3o Paulo Mesquita","image":{"@type":"ImageObject","inLanguage":"pt-PT","@id":"https:\/\/terrasdebasto.pt\/#\/schema\/person\/image\/","url":"https:\/\/secure.gravatar.com\/avatar\/9bd0f299e6d96336664aab64354168246a3ee3287c47891c50d450e47ed9d7f9?s=96&d=mm&r=g","contentUrl":"https:\/\/secure.gravatar.com\/avatar\/9bd0f299e6d96336664aab64354168246a3ee3287c47891c50d450e47ed9d7f9?s=96&d=mm&r=g","caption":"Jo\u00e3o Paulo Mesquita"},"url":"https:\/\/terrasdebasto.pt\/?author=7"}]}},"_links":{"self":[{"href":"https:\/\/terrasdebasto.pt\/index.php?rest_route=\/wp\/v2\/posts\/5195","targetHints":{"allow":["GET"]}}],"collection":[{"href":"https:\/\/terrasdebasto.pt\/index.php?rest_route=\/wp\/v2\/posts"}],"about":[{"href":"https:\/\/terrasdebasto.pt\/index.php?rest_route=\/wp\/v2\/types\/post"}],"author":[{"embeddable":true,"href":"https:\/\/terrasdebasto.pt\/index.php?rest_route=\/wp\/v2\/users\/7"}],"replies":[{"embeddable":true,"href":"https:\/\/terrasdebasto.pt\/index.php?rest_route=%2Fwp%2Fv2%2Fcomments&post=5195"}],"version-history":[{"count":2,"href":"https:\/\/terrasdebasto.pt\/index.php?rest_route=\/wp\/v2\/posts\/5195\/revisions"}],"predecessor-version":[{"id":5199,"href":"https:\/\/terrasdebasto.pt\/index.php?rest_route=\/wp\/v2\/posts\/5195\/revisions\/5199"}],"wp:featuredmedia":[{"embeddable":true,"href":"https:\/\/terrasdebasto.pt\/index.php?rest_route=\/wp\/v2\/media\/5196"}],"wp:attachment":[{"href":"https:\/\/terrasdebasto.pt\/index.php?rest_route=%2Fwp%2Fv2%2Fmedia&parent=5195"}],"wp:term":[{"taxonomy":"category","embeddable":true,"href":"https:\/\/terrasdebasto.pt\/index.php?rest_route=%2Fwp%2Fv2%2Fcategories&post=5195"},{"taxonomy":"post_tag","embeddable":true,"href":"https:\/\/terrasdebasto.pt\/index.php?rest_route=%2Fwp%2Fv2%2Ftags&post=5195"}],"curies":[{"name":"wp","href":"https:\/\/api.w.org\/{rel}","templated":true}]}}