{"id":5167,"date":"2025-11-29T13:56:31","date_gmt":"2025-11-29T13:56:31","guid":{"rendered":"https:\/\/terrasdebasto.pt\/?p=5167"},"modified":"2025-11-29T13:58:29","modified_gmt":"2025-11-29T13:58:29","slug":"celorico-lider-da-oposicao-quer-orcamento-transformador","status":"publish","type":"post","link":"https:\/\/terrasdebasto.pt\/?p=5167","title":{"rendered":"Celorico: l\u00edder da oposi\u00e7\u00e3o quer \u00abor\u00e7amento transformador\u00bb"},"content":{"rendered":"\n<p><\/p>\n\n\n\n<p><strong>O l\u00edder da oposi\u00e7\u00e3o no Munic\u00edpio de Celorico de Basto considera que a maioria absoluta que tutela o tutela deixa o executivo \u00absem qualquer justifica\u00e7\u00e3o para que n\u00e3o apresente um or\u00e7amento transformador\u00bb.<\/strong><\/p>\n\n\n\n<p>Intervindo na \u00faltima reuni\u00e3o da c\u00e2mara, o socialista Eug\u00e9nio Carvalho desafiou, assim, a maioria social-democrata liderada por Peixoto Lima a apresentar \u00abum or\u00e7amento ambicioso, claro e capaz de criar futuro para Celorico de Basto\u00bb. \u00abN\u00e3o queremos um or\u00e7amento apenas para gerir rotinas\u00bb, disse.<\/p>\n\n\n\n<p>\u00abCelorico de Basto n\u00e3o pode continuar preso ao marasmo e \u00e0 estagna\u00e7\u00e3o que marcaram os \u00faltimos anos; o concelho permanece entre os mais pobres do pa\u00eds e isso \u00e9 consequ\u00eancia direta de op\u00e7\u00f5es pol\u00edticas, de falta de vis\u00e3o e da aus\u00eancia de estrat\u00e9gia de desenvolvimento\u00bb, disse.<\/p>\n\n\n\n<p>Embora o assunto n\u00e3o estivesse inscrito na ordem do dia, o primeiro vereador eleito pela coliga\u00e7\u00e3o \u201cJuntos por Celorico\u201d fez quest\u00e3o de antecipar algumas \u00abprioridades\u00bb, destacando a necessidade de \u00abincluir pol\u00edticas sociais robustas, investimento real na economia local, medidas para fixar jovens, apoio efetivo aos idosos, e uma estrat\u00e9gia que tire Celorico de Basto da cauda do pa\u00eds\u00bb.<\/p>\n\n\n\n<p>Eug\u00e9nio Carvalho diz ter registado, contudo, como positiva a abertura do presidente da c\u00e2mara para agendar uma reuni\u00e3o de trabalho sobre este assunto com os vereadores da coliga\u00e7\u00e3o. \u00abApresentaremos propostas concretas e construtivas, em tempo \u00fatil\u00bb, prometeu.<\/p>\n\n\n\n<p>\u00abO presidente afirma ter abertura, mas quer cumprir o programa sufragado. Se assim for, ser\u00e1 uma estreia: no mandato anterior n\u00e3o cumpriu nem 30% do que prometeu. C\u00e1 estaremos vigilantes, exigentes e na defesa do superior interesse dos celoricenses\u00bb, reafirmou.<\/p>\n","protected":false},"excerpt":{"rendered":"<p>O l\u00edder da oposi\u00e7\u00e3o no Munic\u00edpio de Celorico de Basto considera que a maioria absoluta que tutela o tutela deixa o executivo \u00absem qualquer justifica\u00e7\u00e3o para que n\u00e3o apresente um or\u00e7amento transformador\u00bb. Intervindo na \u00faltima reuni\u00e3o da c\u00e2mara, o socialista Eug\u00e9nio Carvalho desafiou, assim, a maioria social-democrata liderada por Peixoto Lima a apresentar \u00abum or\u00e7amento [&hellip;]<\/p>\n","protected":false},"author":7,"featured_media":5168,"comment_status":"open","ping_status":"open","sticky":false,"template":"","format":"standard","meta":{"footnotes":""},"categories":[13,9],"tags":[1057,461,1145,526,1223],"class_list":{"0":"post-5167","1":"post","2":"type-post","3":"status-publish","4":"format-standard","5":"has-post-thumbnail","7":"category-celorico-de-basto","8":"category-terras-de-basto","9":"tag-camara-municipal-de-celorico-de-basto","10":"tag-eugenio-carvalho","11":"tag-juntos-por-celorico","12":"tag-oposicao","13":"tag-partido-socialista-de-celorico-de-basto"},"yoast_head":"<!-- This site is optimized with the Yoast SEO plugin v25.7 - https:\/\/yoast.com\/wordpress\/plugins\/seo\/ -->\n<title>Celorico: l\u00edder da oposi\u00e7\u00e3o quer \u00abor\u00e7amento transformador\u00bb - Jornal Terras de Basto<\/title>\n<meta name=\"description\" content=\"O l\u00edder da oposi\u00e7\u00e3o no Munic\u00edpio de Celorico de Basto considera que a maioria absoluta que tutela o executivo o deixa sem qualquer justifica\u00e7\u00e3o para que n\u00e3o apresente \u00abum or\u00e7amento transformador\u00bb.\" \/>\n<meta name=\"robots\" content=\"index, follow, max-snippet:-1, max-image-preview:large, max-video-preview:-1\" \/>\n<link rel=\"canonical\" href=\"https:\/\/terrasdebasto.pt\/?p=5167\" \/>\n<meta property=\"og:locale\" content=\"pt_PT\" \/>\n<meta property=\"og:type\" content=\"article\" \/>\n<meta property=\"og:title\" content=\"Celorico: l\u00edder da oposi\u00e7\u00e3o quer \u00abor\u00e7amento transformador\u00bb - Jornal Terras de Basto\" \/>\n<meta property=\"og:description\" content=\"O l\u00edder da oposi\u00e7\u00e3o no Munic\u00edpio de Celorico de Basto considera que a maioria absoluta que tutela o executivo o deixa sem qualquer justifica\u00e7\u00e3o para que n\u00e3o apresente \u00abum or\u00e7amento transformador\u00bb.\" \/>\n<meta property=\"og:url\" content=\"https:\/\/terrasdebasto.pt\/?p=5167\" \/>\n<meta property=\"og:site_name\" content=\"Jornal Terras de Basto\" \/>\n<meta property=\"article:published_time\" content=\"2025-11-29T13:56:31+00:00\" \/>\n<meta property=\"article:modified_time\" content=\"2025-11-29T13:58:29+00:00\" \/>\n<meta property=\"og:image\" content=\"https:\/\/terrasdebasto.pt\/wp-content\/uploads\/2025\/11\/EUGENIO-CARVALHO-01.jpeg\" \/>\n\t<meta property=\"og:image:width\" content=\"1735\" \/>\n\t<meta property=\"og:image:height\" content=\"958\" \/>\n\t<meta property=\"og:image:type\" content=\"image\/jpeg\" \/>\n<meta name=\"author\" content=\"Jo\u00e3o Paulo Mesquita\" \/>\n<meta name=\"twitter:card\" content=\"summary_large_image\" \/>\n<meta name=\"twitter:label1\" content=\"Escrito por\" \/>\n\t<meta name=\"twitter:data1\" content=\"Jo\u00e3o Paulo Mesquita\" \/>\n\t<meta name=\"twitter:label2\" content=\"Tempo estimado de leitura\" \/>\n\t<meta name=\"twitter:data2\" content=\"2 minutos\" \/>\n<script type=\"application\/ld+json\" class=\"yoast-schema-graph\">{\"@context\":\"https:\/\/schema.org\",\"@graph\":[{\"@type\":\"Article\",\"@id\":\"https:\/\/terrasdebasto.pt\/?p=5167#article\",\"isPartOf\":{\"@id\":\"https:\/\/terrasdebasto.pt\/?p=5167\"},\"author\":{\"name\":\"Jo\u00e3o Paulo Mesquita\",\"@id\":\"https:\/\/terrasdebasto.pt\/#\/schema\/person\/9f6739f5394ac65c802641773b278b84\"},\"headline\":\"Celorico: l\u00edder da oposi\u00e7\u00e3o quer \u00abor\u00e7amento transformador\u00bb\",\"datePublished\":\"2025-11-29T13:56:31+00:00\",\"dateModified\":\"2025-11-29T13:58:29+00:00\",\"mainEntityOfPage\":{\"@id\":\"https:\/\/terrasdebasto.pt\/?p=5167\"},\"wordCount\":295,\"commentCount\":0,\"publisher\":{\"@id\":\"https:\/\/terrasdebasto.pt\/#organization\"},\"image\":{\"@id\":\"https:\/\/terrasdebasto.pt\/?p=5167#primaryimage\"},\"thumbnailUrl\":\"https:\/\/terrasdebasto.pt\/wp-content\/uploads\/2025\/11\/EUGENIO-CARVALHO-01.jpeg\",\"keywords\":[\"C\u00e2mara Municipal de Celorico de Basto\",\"Eug\u00e9nio Carvalho\",\"Juntos por Celorico\",\"Oposi\u00e7\u00e3o\",\"Partido Socialista de Celorico de Basto\"],\"articleSection\":[\"Celorico de Basto\",\"Terras de Basto\"],\"inLanguage\":\"pt-PT\",\"potentialAction\":[{\"@type\":\"CommentAction\",\"name\":\"Comment\",\"target\":[\"https:\/\/terrasdebasto.pt\/?p=5167#respond\"]}]},{\"@type\":\"WebPage\",\"@id\":\"https:\/\/terrasdebasto.pt\/?p=5167\",\"url\":\"https:\/\/terrasdebasto.pt\/?p=5167\",\"name\":\"Celorico: l\u00edder da oposi\u00e7\u00e3o quer \u00abor\u00e7amento transformador\u00bb - Jornal Terras de Basto\",\"isPartOf\":{\"@id\":\"https:\/\/terrasdebasto.pt\/#website\"},\"primaryImageOfPage\":{\"@id\":\"https:\/\/terrasdebasto.pt\/?p=5167#primaryimage\"},\"image\":{\"@id\":\"https:\/\/terrasdebasto.pt\/?p=5167#primaryimage\"},\"thumbnailUrl\":\"https:\/\/terrasdebasto.pt\/wp-content\/uploads\/2025\/11\/EUGENIO-CARVALHO-01.jpeg\",\"datePublished\":\"2025-11-29T13:56:31+00:00\",\"dateModified\":\"2025-11-29T13:58:29+00:00\",\"description\":\"O l\u00edder da oposi\u00e7\u00e3o no Munic\u00edpio de Celorico de Basto considera que a maioria absoluta que tutela o executivo o deixa sem qualquer justifica\u00e7\u00e3o para que n\u00e3o apresente \u00abum or\u00e7amento transformador\u00bb.\",\"breadcrumb\":{\"@id\":\"https:\/\/terrasdebasto.pt\/?p=5167#breadcrumb\"},\"inLanguage\":\"pt-PT\",\"potentialAction\":[{\"@type\":\"ReadAction\",\"target\":[\"https:\/\/terrasdebasto.pt\/?p=5167\"]}]},{\"@type\":\"ImageObject\",\"inLanguage\":\"pt-PT\",\"@id\":\"https:\/\/terrasdebasto.pt\/?p=5167#primaryimage\",\"url\":\"https:\/\/terrasdebasto.pt\/wp-content\/uploads\/2025\/11\/EUGENIO-CARVALHO-01.jpeg\",\"contentUrl\":\"https:\/\/terrasdebasto.pt\/wp-content\/uploads\/2025\/11\/EUGENIO-CARVALHO-01.jpeg\",\"width\":1735,\"height\":958},{\"@type\":\"BreadcrumbList\",\"@id\":\"https:\/\/terrasdebasto.pt\/?p=5167#breadcrumb\",\"itemListElement\":[{\"@type\":\"ListItem\",\"position\":1,\"name\":\"In\u00edcio\",\"item\":\"https:\/\/terrasdebasto.pt\/\"},{\"@type\":\"ListItem\",\"position\":2,\"name\":\"Celorico: l\u00edder da oposi\u00e7\u00e3o quer \u00abor\u00e7amento transformador\u00bb\"}]},{\"@type\":\"WebSite\",\"@id\":\"https:\/\/terrasdebasto.pt\/#website\",\"url\":\"https:\/\/terrasdebasto.pt\/\",\"name\":\"Jornal Terras de Basto\",\"description\":\"\",\"publisher\":{\"@id\":\"https:\/\/terrasdebasto.pt\/#organization\"},\"potentialAction\":[{\"@type\":\"SearchAction\",\"target\":{\"@type\":\"EntryPoint\",\"urlTemplate\":\"https:\/\/terrasdebasto.pt\/?s={search_term_string}\"},\"query-input\":{\"@type\":\"PropertyValueSpecification\",\"valueRequired\":true,\"valueName\":\"search_term_string\"}}],\"inLanguage\":\"pt-PT\"},{\"@type\":\"Organization\",\"@id\":\"https:\/\/terrasdebasto.pt\/#organization\",\"name\":\"Jornal Terras de Basto\",\"url\":\"https:\/\/terrasdebasto.pt\/\",\"logo\":{\"@type\":\"ImageObject\",\"inLanguage\":\"pt-PT\",\"@id\":\"https:\/\/terrasdebasto.pt\/#\/schema\/logo\/image\/\",\"url\":\"https:\/\/terrasdebasto.pt\/wp-content\/uploads\/2024\/06\/LogoNormal.png\",\"contentUrl\":\"https:\/\/terrasdebasto.pt\/wp-content\/uploads\/2024\/06\/LogoNormal.png\",\"width\":5638,\"height\":809,\"caption\":\"Jornal Terras de Basto\"},\"image\":{\"@id\":\"https:\/\/terrasdebasto.pt\/#\/schema\/logo\/image\/\"}},{\"@type\":\"Person\",\"@id\":\"https:\/\/terrasdebasto.pt\/#\/schema\/person\/9f6739f5394ac65c802641773b278b84\",\"name\":\"Jo\u00e3o Paulo Mesquita\",\"image\":{\"@type\":\"ImageObject\",\"inLanguage\":\"pt-PT\",\"@id\":\"https:\/\/terrasdebasto.pt\/#\/schema\/person\/image\/\",\"url\":\"https:\/\/secure.gravatar.com\/avatar\/9bd0f299e6d96336664aab64354168246a3ee3287c47891c50d450e47ed9d7f9?s=96&d=mm&r=g\",\"contentUrl\":\"https:\/\/secure.gravatar.com\/avatar\/9bd0f299e6d96336664aab64354168246a3ee3287c47891c50d450e47ed9d7f9?s=96&d=mm&r=g\",\"caption\":\"Jo\u00e3o Paulo Mesquita\"},\"url\":\"https:\/\/terrasdebasto.pt\/?author=7\"}]}<\/script>\n<!-- \/ Yoast SEO plugin. -->","yoast_head_json":{"title":"Celorico: l\u00edder da oposi\u00e7\u00e3o quer \u00abor\u00e7amento transformador\u00bb - Jornal Terras de Basto","description":"O l\u00edder da oposi\u00e7\u00e3o no Munic\u00edpio de Celorico de Basto considera que a maioria absoluta que tutela o executivo o deixa sem qualquer justifica\u00e7\u00e3o para que n\u00e3o apresente \u00abum or\u00e7amento transformador\u00bb.","robots":{"index":"index","follow":"follow","max-snippet":"max-snippet:-1","max-image-preview":"max-image-preview:large","max-video-preview":"max-video-preview:-1"},"canonical":"https:\/\/terrasdebasto.pt\/?p=5167","og_locale":"pt_PT","og_type":"article","og_title":"Celorico: l\u00edder da oposi\u00e7\u00e3o quer \u00abor\u00e7amento transformador\u00bb - Jornal Terras de Basto","og_description":"O l\u00edder da oposi\u00e7\u00e3o no Munic\u00edpio de Celorico de Basto considera que a maioria absoluta que tutela o executivo o deixa sem qualquer justifica\u00e7\u00e3o para que n\u00e3o apresente \u00abum or\u00e7amento transformador\u00bb.","og_url":"https:\/\/terrasdebasto.pt\/?p=5167","og_site_name":"Jornal Terras de Basto","article_published_time":"2025-11-29T13:56:31+00:00","article_modified_time":"2025-11-29T13:58:29+00:00","og_image":[{"width":1735,"height":958,"url":"https:\/\/terrasdebasto.pt\/wp-content\/uploads\/2025\/11\/EUGENIO-CARVALHO-01.jpeg","type":"image\/jpeg"}],"author":"Jo\u00e3o Paulo Mesquita","twitter_card":"summary_large_image","twitter_misc":{"Escrito por":"Jo\u00e3o Paulo Mesquita","Tempo estimado de leitura":"2 minutos"},"schema":{"@context":"https:\/\/schema.org","@graph":[{"@type":"Article","@id":"https:\/\/terrasdebasto.pt\/?p=5167#article","isPartOf":{"@id":"https:\/\/terrasdebasto.pt\/?p=5167"},"author":{"name":"Jo\u00e3o Paulo Mesquita","@id":"https:\/\/terrasdebasto.pt\/#\/schema\/person\/9f6739f5394ac65c802641773b278b84"},"headline":"Celorico: l\u00edder da oposi\u00e7\u00e3o quer \u00abor\u00e7amento transformador\u00bb","datePublished":"2025-11-29T13:56:31+00:00","dateModified":"2025-11-29T13:58:29+00:00","mainEntityOfPage":{"@id":"https:\/\/terrasdebasto.pt\/?p=5167"},"wordCount":295,"commentCount":0,"publisher":{"@id":"https:\/\/terrasdebasto.pt\/#organization"},"image":{"@id":"https:\/\/terrasdebasto.pt\/?p=5167#primaryimage"},"thumbnailUrl":"https:\/\/terrasdebasto.pt\/wp-content\/uploads\/2025\/11\/EUGENIO-CARVALHO-01.jpeg","keywords":["C\u00e2mara Municipal de Celorico de Basto","Eug\u00e9nio Carvalho","Juntos por Celorico","Oposi\u00e7\u00e3o","Partido Socialista de Celorico de Basto"],"articleSection":["Celorico de Basto","Terras de Basto"],"inLanguage":"pt-PT","potentialAction":[{"@type":"CommentAction","name":"Comment","target":["https:\/\/terrasdebasto.pt\/?p=5167#respond"]}]},{"@type":"WebPage","@id":"https:\/\/terrasdebasto.pt\/?p=5167","url":"https:\/\/terrasdebasto.pt\/?p=5167","name":"Celorico: l\u00edder da oposi\u00e7\u00e3o quer \u00abor\u00e7amento transformador\u00bb - Jornal Terras de Basto","isPartOf":{"@id":"https:\/\/terrasdebasto.pt\/#website"},"primaryImageOfPage":{"@id":"https:\/\/terrasdebasto.pt\/?p=5167#primaryimage"},"image":{"@id":"https:\/\/terrasdebasto.pt\/?p=5167#primaryimage"},"thumbnailUrl":"https:\/\/terrasdebasto.pt\/wp-content\/uploads\/2025\/11\/EUGENIO-CARVALHO-01.jpeg","datePublished":"2025-11-29T13:56:31+00:00","dateModified":"2025-11-29T13:58:29+00:00","description":"O l\u00edder da oposi\u00e7\u00e3o no Munic\u00edpio de Celorico de Basto considera que a maioria absoluta que tutela o executivo o deixa sem qualquer justifica\u00e7\u00e3o para que n\u00e3o apresente \u00abum or\u00e7amento transformador\u00bb.","breadcrumb":{"@id":"https:\/\/terrasdebasto.pt\/?p=5167#breadcrumb"},"inLanguage":"pt-PT","potentialAction":[{"@type":"ReadAction","target":["https:\/\/terrasdebasto.pt\/?p=5167"]}]},{"@type":"ImageObject","inLanguage":"pt-PT","@id":"https:\/\/terrasdebasto.pt\/?p=5167#primaryimage","url":"https:\/\/terrasdebasto.pt\/wp-content\/uploads\/2025\/11\/EUGENIO-CARVALHO-01.jpeg","contentUrl":"https:\/\/terrasdebasto.pt\/wp-content\/uploads\/2025\/11\/EUGENIO-CARVALHO-01.jpeg","width":1735,"height":958},{"@type":"BreadcrumbList","@id":"https:\/\/terrasdebasto.pt\/?p=5167#breadcrumb","itemListElement":[{"@type":"ListItem","position":1,"name":"In\u00edcio","item":"https:\/\/terrasdebasto.pt\/"},{"@type":"ListItem","position":2,"name":"Celorico: l\u00edder da oposi\u00e7\u00e3o quer \u00abor\u00e7amento transformador\u00bb"}]},{"@type":"WebSite","@id":"https:\/\/terrasdebasto.pt\/#website","url":"https:\/\/terrasdebasto.pt\/","name":"Jornal Terras de Basto","description":"","publisher":{"@id":"https:\/\/terrasdebasto.pt\/#organization"},"potentialAction":[{"@type":"SearchAction","target":{"@type":"EntryPoint","urlTemplate":"https:\/\/terrasdebasto.pt\/?s={search_term_string}"},"query-input":{"@type":"PropertyValueSpecification","valueRequired":true,"valueName":"search_term_string"}}],"inLanguage":"pt-PT"},{"@type":"Organization","@id":"https:\/\/terrasdebasto.pt\/#organization","name":"Jornal Terras de Basto","url":"https:\/\/terrasdebasto.pt\/","logo":{"@type":"ImageObject","inLanguage":"pt-PT","@id":"https:\/\/terrasdebasto.pt\/#\/schema\/logo\/image\/","url":"https:\/\/terrasdebasto.pt\/wp-content\/uploads\/2024\/06\/LogoNormal.png","contentUrl":"https:\/\/terrasdebasto.pt\/wp-content\/uploads\/2024\/06\/LogoNormal.png","width":5638,"height":809,"caption":"Jornal Terras de Basto"},"image":{"@id":"https:\/\/terrasdebasto.pt\/#\/schema\/logo\/image\/"}},{"@type":"Person","@id":"https:\/\/terrasdebasto.pt\/#\/schema\/person\/9f6739f5394ac65c802641773b278b84","name":"Jo\u00e3o Paulo Mesquita","image":{"@type":"ImageObject","inLanguage":"pt-PT","@id":"https:\/\/terrasdebasto.pt\/#\/schema\/person\/image\/","url":"https:\/\/secure.gravatar.com\/avatar\/9bd0f299e6d96336664aab64354168246a3ee3287c47891c50d450e47ed9d7f9?s=96&d=mm&r=g","contentUrl":"https:\/\/secure.gravatar.com\/avatar\/9bd0f299e6d96336664aab64354168246a3ee3287c47891c50d450e47ed9d7f9?s=96&d=mm&r=g","caption":"Jo\u00e3o Paulo Mesquita"},"url":"https:\/\/terrasdebasto.pt\/?author=7"}]}},"_links":{"self":[{"href":"https:\/\/terrasdebasto.pt\/index.php?rest_route=\/wp\/v2\/posts\/5167","targetHints":{"allow":["GET"]}}],"collection":[{"href":"https:\/\/terrasdebasto.pt\/index.php?rest_route=\/wp\/v2\/posts"}],"about":[{"href":"https:\/\/terrasdebasto.pt\/index.php?rest_route=\/wp\/v2\/types\/post"}],"author":[{"embeddable":true,"href":"https:\/\/terrasdebasto.pt\/index.php?rest_route=\/wp\/v2\/users\/7"}],"replies":[{"embeddable":true,"href":"https:\/\/terrasdebasto.pt\/index.php?rest_route=%2Fwp%2Fv2%2Fcomments&post=5167"}],"version-history":[{"count":2,"href":"https:\/\/terrasdebasto.pt\/index.php?rest_route=\/wp\/v2\/posts\/5167\/revisions"}],"predecessor-version":[{"id":5170,"href":"https:\/\/terrasdebasto.pt\/index.php?rest_route=\/wp\/v2\/posts\/5167\/revisions\/5170"}],"wp:featuredmedia":[{"embeddable":true,"href":"https:\/\/terrasdebasto.pt\/index.php?rest_route=\/wp\/v2\/media\/5168"}],"wp:attachment":[{"href":"https:\/\/terrasdebasto.pt\/index.php?rest_route=%2Fwp%2Fv2%2Fmedia&parent=5167"}],"wp:term":[{"taxonomy":"category","embeddable":true,"href":"https:\/\/terrasdebasto.pt\/index.php?rest_route=%2Fwp%2Fv2%2Fcategories&post=5167"},{"taxonomy":"post_tag","embeddable":true,"href":"https:\/\/terrasdebasto.pt\/index.php?rest_route=%2Fwp%2Fv2%2Ftags&post=5167"}],"curies":[{"name":"wp","href":"https:\/\/api.w.org\/{rel}","templated":true}]}}