{"id":5074,"date":"2025-11-21T21:10:16","date_gmt":"2025-11-21T21:10:16","guid":{"rendered":"https:\/\/terrasdebasto.pt\/?p=5074"},"modified":"2025-11-21T21:10:16","modified_gmt":"2025-11-21T21:10:16","slug":"familias-numerosas-voltam-a-distinguir-cabeceiras-de-basto","status":"publish","type":"post","link":"https:\/\/terrasdebasto.pt\/?p=5074","title":{"rendered":"Fam\u00edlias Numerosas voltam a distinguir Cabeceiras de Basto"},"content":{"rendered":"\n<p><\/p>\n\n\n\n<p><strong>O Observat\u00f3rio das Autarquias Familiarmente Respons\u00e1veis, tutelado pela Associa\u00e7\u00e3o Portuguesa de Fam\u00edlias Numerosas, voltou a distinguir, pela oitava vez consecutiva, o Munic\u00edpio de Cabeceiras de Basto com a sua bandeira verde.<\/strong><\/p>\n\n\n\n<p>A distin\u00e7\u00e3o \u2013 recebida agora em Coimbra pela vereadora da tutela, Laura Magalh\u00e3es \u2013 reconhece as medidas de apoio \u00e0 fam\u00edlia, desde os apoios \u00e0 natalidade, \u00e0s fam\u00edlias numerosas, ou as bolsas de estudo e transporte escolar.<\/p>\n\n\n\n<p>Neste \u00e2mbito, distinguiu-se o projeto-piloto \u201cRadar Social\u201d, que est\u00e1 a identificar pessoas e fam\u00edlias em situa\u00e7\u00e3o de vulnerabilidade e a mapear os recursos do concelho, refor\u00e7ando a inclus\u00e3o e a proximidade.<\/p>\n\n\n\n<p>A pr\u00f3xima edi\u00e7\u00e3o desta distin\u00e7\u00e3o vai acontecer em 2027, tendo em conta que 2026 ser\u00e1 dedicado a medidas inovadoras.<\/p>\n\n\n\n<p>O Observat\u00f3rio das Autarquias Familiarmente Respons\u00e1veis \u00e9 uma entidade que visa dar visibilidade \u00e0s autarquias que adotam pol\u00edticas amigas das fam\u00edlias. A sua miss\u00e3o inclui a &nbsp;partilha de conhecimento entre munic\u00edpios sobre as necessidades das fam\u00edlias e apoio \u00e0 implementa\u00e7\u00e3o de medidas locais que beneficiem agregados familiares.<\/p>\n\n\n\n<p>Tamb\u00e9m serve como um laborat\u00f3rio: avalia tanto as pol\u00edticas que as autarquias desenvolvem para os cidad\u00e3os, como as que implementam internamente como empregadoras (medidas de concilia\u00e7\u00e3o fam\u00edlia-trabalho para os pr\u00f3prios funcion\u00e1rios).<\/p>\n","protected":false},"excerpt":{"rendered":"<p>O Observat\u00f3rio das Autarquias Familiarmente Respons\u00e1veis, tutelado pela Associa\u00e7\u00e3o Portuguesa de Fam\u00edlias Numerosas, voltou a distinguir, pela oitava vez consecutiva, o Munic\u00edpio de Cabeceiras de Basto com a sua bandeira verde. A distin\u00e7\u00e3o \u2013 recebida agora em Coimbra pela vereadora da tutela, Laura Magalh\u00e3es \u2013 reconhece as medidas de apoio \u00e0 fam\u00edlia, desde os apoios [&hellip;]<\/p>\n","protected":false},"author":7,"featured_media":5075,"comment_status":"open","ping_status":"open","sticky":false,"template":"","format":"standard","meta":{"footnotes":""},"categories":[12,9],"tags":[1206,1204,1205],"class_list":{"0":"post-5074","1":"post","2":"type-post","3":"status-publish","4":"format-standard","5":"has-post-thumbnail","7":"category-cabeceiras-de-basto","8":"category-terras-de-basto","9":"tag-associacao-portuguesa-de-familias-numerosas","10":"tag-bandeira-verde","11":"tag-observatorio-das-autarquias-familiarmente-responsaveis"},"yoast_head":"<!-- This site is optimized with the Yoast SEO plugin v25.7 - https:\/\/yoast.com\/wordpress\/plugins\/seo\/ -->\n<title>Fam\u00edlias Numerosas voltam a distinguir Cabeceiras de Basto - Jornal Terras de Basto<\/title>\n<meta name=\"description\" content=\"O Observat\u00f3rio das Autarquias Familiarmente Respons\u00e1veis, tutelado pela Associa\u00e7\u00e3o Portuguesa de Fam\u00edlias Numerosas, voltou a distinguir, pela oitava vez consecutiva, o Munic\u00edpio de Cabeceiras de Basto com a sua bandeira verde.\" \/>\n<meta name=\"robots\" content=\"index, follow, max-snippet:-1, max-image-preview:large, max-video-preview:-1\" \/>\n<link rel=\"canonical\" href=\"https:\/\/terrasdebasto.pt\/?p=5074\" \/>\n<meta property=\"og:locale\" content=\"pt_PT\" \/>\n<meta property=\"og:type\" content=\"article\" \/>\n<meta property=\"og:title\" content=\"Fam\u00edlias Numerosas voltam a distinguir Cabeceiras de Basto - Jornal Terras de Basto\" \/>\n<meta property=\"og:description\" content=\"O Observat\u00f3rio das Autarquias Familiarmente Respons\u00e1veis, tutelado pela Associa\u00e7\u00e3o Portuguesa de Fam\u00edlias Numerosas, voltou a distinguir, pela oitava vez consecutiva, o Munic\u00edpio de Cabeceiras de Basto com a sua bandeira verde.\" \/>\n<meta property=\"og:url\" content=\"https:\/\/terrasdebasto.pt\/?p=5074\" \/>\n<meta property=\"og:site_name\" content=\"Jornal Terras de Basto\" \/>\n<meta property=\"article:published_time\" content=\"2025-11-21T21:10:16+00:00\" \/>\n<meta property=\"og:image\" content=\"https:\/\/terrasdebasto.pt\/wp-content\/uploads\/2025\/11\/BANDEIRA-VERDE.jpg\" \/>\n\t<meta property=\"og:image:width\" content=\"1791\" \/>\n\t<meta property=\"og:image:height\" content=\"1273\" \/>\n\t<meta property=\"og:image:type\" content=\"image\/jpeg\" \/>\n<meta name=\"author\" content=\"Jo\u00e3o Paulo Mesquita\" \/>\n<meta name=\"twitter:card\" content=\"summary_large_image\" \/>\n<meta name=\"twitter:label1\" content=\"Escrito por\" \/>\n\t<meta name=\"twitter:data1\" content=\"Jo\u00e3o Paulo Mesquita\" \/>\n\t<meta name=\"twitter:label2\" content=\"Tempo estimado de leitura\" \/>\n\t<meta name=\"twitter:data2\" content=\"2 minutos\" \/>\n<script type=\"application\/ld+json\" class=\"yoast-schema-graph\">{\"@context\":\"https:\/\/schema.org\",\"@graph\":[{\"@type\":\"Article\",\"@id\":\"https:\/\/terrasdebasto.pt\/?p=5074#article\",\"isPartOf\":{\"@id\":\"https:\/\/terrasdebasto.pt\/?p=5074\"},\"author\":{\"name\":\"Jo\u00e3o Paulo Mesquita\",\"@id\":\"https:\/\/terrasdebasto.pt\/#\/schema\/person\/9f6739f5394ac65c802641773b278b84\"},\"headline\":\"Fam\u00edlias Numerosas voltam a distinguir Cabeceiras de Basto\",\"datePublished\":\"2025-11-21T21:10:16+00:00\",\"mainEntityOfPage\":{\"@id\":\"https:\/\/terrasdebasto.pt\/?p=5074\"},\"wordCount\":230,\"commentCount\":0,\"publisher\":{\"@id\":\"https:\/\/terrasdebasto.pt\/#organization\"},\"image\":{\"@id\":\"https:\/\/terrasdebasto.pt\/?p=5074#primaryimage\"},\"thumbnailUrl\":\"https:\/\/terrasdebasto.pt\/wp-content\/uploads\/2025\/11\/BANDEIRA-VERDE.jpg\",\"keywords\":[\"Associa\u00e7\u00e3o Portuguesa de Fam\u00edlias Numerosas\",\"Bandeira Verde\",\"Observat\u00f3rio das Autarquias Familiarmente Respons\u00e1veis\"],\"articleSection\":[\"Cabeceiras de Basto\",\"Terras de Basto\"],\"inLanguage\":\"pt-PT\",\"potentialAction\":[{\"@type\":\"CommentAction\",\"name\":\"Comment\",\"target\":[\"https:\/\/terrasdebasto.pt\/?p=5074#respond\"]}]},{\"@type\":\"WebPage\",\"@id\":\"https:\/\/terrasdebasto.pt\/?p=5074\",\"url\":\"https:\/\/terrasdebasto.pt\/?p=5074\",\"name\":\"Fam\u00edlias Numerosas voltam a distinguir Cabeceiras de Basto - Jornal Terras de Basto\",\"isPartOf\":{\"@id\":\"https:\/\/terrasdebasto.pt\/#website\"},\"primaryImageOfPage\":{\"@id\":\"https:\/\/terrasdebasto.pt\/?p=5074#primaryimage\"},\"image\":{\"@id\":\"https:\/\/terrasdebasto.pt\/?p=5074#primaryimage\"},\"thumbnailUrl\":\"https:\/\/terrasdebasto.pt\/wp-content\/uploads\/2025\/11\/BANDEIRA-VERDE.jpg\",\"datePublished\":\"2025-11-21T21:10:16+00:00\",\"description\":\"O Observat\u00f3rio das Autarquias Familiarmente Respons\u00e1veis, tutelado pela Associa\u00e7\u00e3o Portuguesa de Fam\u00edlias Numerosas, voltou a distinguir, pela oitava vez consecutiva, o Munic\u00edpio de Cabeceiras de Basto com a sua bandeira verde.\",\"breadcrumb\":{\"@id\":\"https:\/\/terrasdebasto.pt\/?p=5074#breadcrumb\"},\"inLanguage\":\"pt-PT\",\"potentialAction\":[{\"@type\":\"ReadAction\",\"target\":[\"https:\/\/terrasdebasto.pt\/?p=5074\"]}]},{\"@type\":\"ImageObject\",\"inLanguage\":\"pt-PT\",\"@id\":\"https:\/\/terrasdebasto.pt\/?p=5074#primaryimage\",\"url\":\"https:\/\/terrasdebasto.pt\/wp-content\/uploads\/2025\/11\/BANDEIRA-VERDE.jpg\",\"contentUrl\":\"https:\/\/terrasdebasto.pt\/wp-content\/uploads\/2025\/11\/BANDEIRA-VERDE.jpg\",\"width\":1791,\"height\":1273},{\"@type\":\"BreadcrumbList\",\"@id\":\"https:\/\/terrasdebasto.pt\/?p=5074#breadcrumb\",\"itemListElement\":[{\"@type\":\"ListItem\",\"position\":1,\"name\":\"In\u00edcio\",\"item\":\"https:\/\/terrasdebasto.pt\/\"},{\"@type\":\"ListItem\",\"position\":2,\"name\":\"Fam\u00edlias Numerosas voltam a distinguir Cabeceiras de Basto\"}]},{\"@type\":\"WebSite\",\"@id\":\"https:\/\/terrasdebasto.pt\/#website\",\"url\":\"https:\/\/terrasdebasto.pt\/\",\"name\":\"Jornal Terras de Basto\",\"description\":\"\",\"publisher\":{\"@id\":\"https:\/\/terrasdebasto.pt\/#organization\"},\"potentialAction\":[{\"@type\":\"SearchAction\",\"target\":{\"@type\":\"EntryPoint\",\"urlTemplate\":\"https:\/\/terrasdebasto.pt\/?s={search_term_string}\"},\"query-input\":{\"@type\":\"PropertyValueSpecification\",\"valueRequired\":true,\"valueName\":\"search_term_string\"}}],\"inLanguage\":\"pt-PT\"},{\"@type\":\"Organization\",\"@id\":\"https:\/\/terrasdebasto.pt\/#organization\",\"name\":\"Jornal Terras de Basto\",\"url\":\"https:\/\/terrasdebasto.pt\/\",\"logo\":{\"@type\":\"ImageObject\",\"inLanguage\":\"pt-PT\",\"@id\":\"https:\/\/terrasdebasto.pt\/#\/schema\/logo\/image\/\",\"url\":\"https:\/\/terrasdebasto.pt\/wp-content\/uploads\/2024\/06\/LogoNormal.png\",\"contentUrl\":\"https:\/\/terrasdebasto.pt\/wp-content\/uploads\/2024\/06\/LogoNormal.png\",\"width\":5638,\"height\":809,\"caption\":\"Jornal Terras de Basto\"},\"image\":{\"@id\":\"https:\/\/terrasdebasto.pt\/#\/schema\/logo\/image\/\"}},{\"@type\":\"Person\",\"@id\":\"https:\/\/terrasdebasto.pt\/#\/schema\/person\/9f6739f5394ac65c802641773b278b84\",\"name\":\"Jo\u00e3o Paulo Mesquita\",\"image\":{\"@type\":\"ImageObject\",\"inLanguage\":\"pt-PT\",\"@id\":\"https:\/\/terrasdebasto.pt\/#\/schema\/person\/image\/\",\"url\":\"https:\/\/secure.gravatar.com\/avatar\/9bd0f299e6d96336664aab64354168246a3ee3287c47891c50d450e47ed9d7f9?s=96&d=mm&r=g\",\"contentUrl\":\"https:\/\/secure.gravatar.com\/avatar\/9bd0f299e6d96336664aab64354168246a3ee3287c47891c50d450e47ed9d7f9?s=96&d=mm&r=g\",\"caption\":\"Jo\u00e3o Paulo Mesquita\"},\"url\":\"https:\/\/terrasdebasto.pt\/?author=7\"}]}<\/script>\n<!-- \/ Yoast SEO plugin. -->","yoast_head_json":{"title":"Fam\u00edlias Numerosas voltam a distinguir Cabeceiras de Basto - Jornal Terras de Basto","description":"O Observat\u00f3rio das Autarquias Familiarmente Respons\u00e1veis, tutelado pela Associa\u00e7\u00e3o Portuguesa de Fam\u00edlias Numerosas, voltou a distinguir, pela oitava vez consecutiva, o Munic\u00edpio de Cabeceiras de Basto com a sua bandeira verde.","robots":{"index":"index","follow":"follow","max-snippet":"max-snippet:-1","max-image-preview":"max-image-preview:large","max-video-preview":"max-video-preview:-1"},"canonical":"https:\/\/terrasdebasto.pt\/?p=5074","og_locale":"pt_PT","og_type":"article","og_title":"Fam\u00edlias Numerosas voltam a distinguir Cabeceiras de Basto - Jornal Terras de Basto","og_description":"O Observat\u00f3rio das Autarquias Familiarmente Respons\u00e1veis, tutelado pela Associa\u00e7\u00e3o Portuguesa de Fam\u00edlias Numerosas, voltou a distinguir, pela oitava vez consecutiva, o Munic\u00edpio de Cabeceiras de Basto com a sua bandeira verde.","og_url":"https:\/\/terrasdebasto.pt\/?p=5074","og_site_name":"Jornal Terras de Basto","article_published_time":"2025-11-21T21:10:16+00:00","og_image":[{"width":1791,"height":1273,"url":"https:\/\/terrasdebasto.pt\/wp-content\/uploads\/2025\/11\/BANDEIRA-VERDE.jpg","type":"image\/jpeg"}],"author":"Jo\u00e3o Paulo Mesquita","twitter_card":"summary_large_image","twitter_misc":{"Escrito por":"Jo\u00e3o Paulo Mesquita","Tempo estimado de leitura":"2 minutos"},"schema":{"@context":"https:\/\/schema.org","@graph":[{"@type":"Article","@id":"https:\/\/terrasdebasto.pt\/?p=5074#article","isPartOf":{"@id":"https:\/\/terrasdebasto.pt\/?p=5074"},"author":{"name":"Jo\u00e3o Paulo Mesquita","@id":"https:\/\/terrasdebasto.pt\/#\/schema\/person\/9f6739f5394ac65c802641773b278b84"},"headline":"Fam\u00edlias Numerosas voltam a distinguir Cabeceiras de Basto","datePublished":"2025-11-21T21:10:16+00:00","mainEntityOfPage":{"@id":"https:\/\/terrasdebasto.pt\/?p=5074"},"wordCount":230,"commentCount":0,"publisher":{"@id":"https:\/\/terrasdebasto.pt\/#organization"},"image":{"@id":"https:\/\/terrasdebasto.pt\/?p=5074#primaryimage"},"thumbnailUrl":"https:\/\/terrasdebasto.pt\/wp-content\/uploads\/2025\/11\/BANDEIRA-VERDE.jpg","keywords":["Associa\u00e7\u00e3o Portuguesa de Fam\u00edlias Numerosas","Bandeira Verde","Observat\u00f3rio das Autarquias Familiarmente Respons\u00e1veis"],"articleSection":["Cabeceiras de Basto","Terras de Basto"],"inLanguage":"pt-PT","potentialAction":[{"@type":"CommentAction","name":"Comment","target":["https:\/\/terrasdebasto.pt\/?p=5074#respond"]}]},{"@type":"WebPage","@id":"https:\/\/terrasdebasto.pt\/?p=5074","url":"https:\/\/terrasdebasto.pt\/?p=5074","name":"Fam\u00edlias Numerosas voltam a distinguir Cabeceiras de Basto - Jornal Terras de Basto","isPartOf":{"@id":"https:\/\/terrasdebasto.pt\/#website"},"primaryImageOfPage":{"@id":"https:\/\/terrasdebasto.pt\/?p=5074#primaryimage"},"image":{"@id":"https:\/\/terrasdebasto.pt\/?p=5074#primaryimage"},"thumbnailUrl":"https:\/\/terrasdebasto.pt\/wp-content\/uploads\/2025\/11\/BANDEIRA-VERDE.jpg","datePublished":"2025-11-21T21:10:16+00:00","description":"O Observat\u00f3rio das Autarquias Familiarmente Respons\u00e1veis, tutelado pela Associa\u00e7\u00e3o Portuguesa de Fam\u00edlias Numerosas, voltou a distinguir, pela oitava vez consecutiva, o Munic\u00edpio de Cabeceiras de Basto com a sua bandeira verde.","breadcrumb":{"@id":"https:\/\/terrasdebasto.pt\/?p=5074#breadcrumb"},"inLanguage":"pt-PT","potentialAction":[{"@type":"ReadAction","target":["https:\/\/terrasdebasto.pt\/?p=5074"]}]},{"@type":"ImageObject","inLanguage":"pt-PT","@id":"https:\/\/terrasdebasto.pt\/?p=5074#primaryimage","url":"https:\/\/terrasdebasto.pt\/wp-content\/uploads\/2025\/11\/BANDEIRA-VERDE.jpg","contentUrl":"https:\/\/terrasdebasto.pt\/wp-content\/uploads\/2025\/11\/BANDEIRA-VERDE.jpg","width":1791,"height":1273},{"@type":"BreadcrumbList","@id":"https:\/\/terrasdebasto.pt\/?p=5074#breadcrumb","itemListElement":[{"@type":"ListItem","position":1,"name":"In\u00edcio","item":"https:\/\/terrasdebasto.pt\/"},{"@type":"ListItem","position":2,"name":"Fam\u00edlias Numerosas voltam a distinguir Cabeceiras de Basto"}]},{"@type":"WebSite","@id":"https:\/\/terrasdebasto.pt\/#website","url":"https:\/\/terrasdebasto.pt\/","name":"Jornal Terras de Basto","description":"","publisher":{"@id":"https:\/\/terrasdebasto.pt\/#organization"},"potentialAction":[{"@type":"SearchAction","target":{"@type":"EntryPoint","urlTemplate":"https:\/\/terrasdebasto.pt\/?s={search_term_string}"},"query-input":{"@type":"PropertyValueSpecification","valueRequired":true,"valueName":"search_term_string"}}],"inLanguage":"pt-PT"},{"@type":"Organization","@id":"https:\/\/terrasdebasto.pt\/#organization","name":"Jornal Terras de Basto","url":"https:\/\/terrasdebasto.pt\/","logo":{"@type":"ImageObject","inLanguage":"pt-PT","@id":"https:\/\/terrasdebasto.pt\/#\/schema\/logo\/image\/","url":"https:\/\/terrasdebasto.pt\/wp-content\/uploads\/2024\/06\/LogoNormal.png","contentUrl":"https:\/\/terrasdebasto.pt\/wp-content\/uploads\/2024\/06\/LogoNormal.png","width":5638,"height":809,"caption":"Jornal Terras de Basto"},"image":{"@id":"https:\/\/terrasdebasto.pt\/#\/schema\/logo\/image\/"}},{"@type":"Person","@id":"https:\/\/terrasdebasto.pt\/#\/schema\/person\/9f6739f5394ac65c802641773b278b84","name":"Jo\u00e3o Paulo Mesquita","image":{"@type":"ImageObject","inLanguage":"pt-PT","@id":"https:\/\/terrasdebasto.pt\/#\/schema\/person\/image\/","url":"https:\/\/secure.gravatar.com\/avatar\/9bd0f299e6d96336664aab64354168246a3ee3287c47891c50d450e47ed9d7f9?s=96&d=mm&r=g","contentUrl":"https:\/\/secure.gravatar.com\/avatar\/9bd0f299e6d96336664aab64354168246a3ee3287c47891c50d450e47ed9d7f9?s=96&d=mm&r=g","caption":"Jo\u00e3o Paulo Mesquita"},"url":"https:\/\/terrasdebasto.pt\/?author=7"}]}},"_links":{"self":[{"href":"https:\/\/terrasdebasto.pt\/index.php?rest_route=\/wp\/v2\/posts\/5074","targetHints":{"allow":["GET"]}}],"collection":[{"href":"https:\/\/terrasdebasto.pt\/index.php?rest_route=\/wp\/v2\/posts"}],"about":[{"href":"https:\/\/terrasdebasto.pt\/index.php?rest_route=\/wp\/v2\/types\/post"}],"author":[{"embeddable":true,"href":"https:\/\/terrasdebasto.pt\/index.php?rest_route=\/wp\/v2\/users\/7"}],"replies":[{"embeddable":true,"href":"https:\/\/terrasdebasto.pt\/index.php?rest_route=%2Fwp%2Fv2%2Fcomments&post=5074"}],"version-history":[{"count":1,"href":"https:\/\/terrasdebasto.pt\/index.php?rest_route=\/wp\/v2\/posts\/5074\/revisions"}],"predecessor-version":[{"id":5076,"href":"https:\/\/terrasdebasto.pt\/index.php?rest_route=\/wp\/v2\/posts\/5074\/revisions\/5076"}],"wp:featuredmedia":[{"embeddable":true,"href":"https:\/\/terrasdebasto.pt\/index.php?rest_route=\/wp\/v2\/media\/5075"}],"wp:attachment":[{"href":"https:\/\/terrasdebasto.pt\/index.php?rest_route=%2Fwp%2Fv2%2Fmedia&parent=5074"}],"wp:term":[{"taxonomy":"category","embeddable":true,"href":"https:\/\/terrasdebasto.pt\/index.php?rest_route=%2Fwp%2Fv2%2Fcategories&post=5074"},{"taxonomy":"post_tag","embeddable":true,"href":"https:\/\/terrasdebasto.pt\/index.php?rest_route=%2Fwp%2Fv2%2Ftags&post=5074"}],"curies":[{"name":"wp","href":"https:\/\/api.w.org\/{rel}","templated":true}]}}