{"id":5070,"date":"2025-11-21T14:35:18","date_gmt":"2025-11-21T14:35:18","guid":{"rendered":"https:\/\/terrasdebasto.pt\/?p=5070"},"modified":"2025-11-21T14:35:18","modified_gmt":"2025-11-21T14:35:18","slug":"cabeceiras-financiamento-na-area-dos-transportes-motiva-reuniao-extraordinaria","status":"publish","type":"post","link":"https:\/\/terrasdebasto.pt\/?p=5070","title":{"rendered":"Cabeceiras: financiamento na \u00e1rea dos transportes motiva reuni\u00e3o extraordin\u00e1ria"},"content":{"rendered":"\n<p><\/p>\n\n\n\n<p><strong>O aproveitamento de financiamentos para investimento na \u00e1rea dos transportes \u00e9 o \u00fanico objetivo de uma reuni\u00e3o extraordin\u00e1ria da C\u00e2mara Municipal de Cabeceiras de Basto, que se realiza segunda-feira (24, 12h00), disse ao Terras de Basto fonte aut\u00e1rquica.<\/strong><\/p>\n\n\n\n<p>De acordo com a fonte, a inten\u00e7\u00e3o \u00e9, por for\u00e7a dos prazos estabelecidos, \u00abevitar a perda de dinheiros importantes\u00bb para o munic\u00edpio, para investimento em \u00e1reas como a da sinal\u00e9tica e noutros fins da rede de transportes da Comunidade Intermunicipal do Ave.<\/p>\n\n\n\n<p>As comunidades intermunicipais do Ave e do C\u00e1vado \u2013 refira-se \u2013 preveem lan\u00e7ar no primeiro trimestre de 2026 o concurso internacional para escolher o operador que, a partir de janeiro de 2028, passar\u00e1 a assumir a futura rede de transportes na regi\u00e3o.<\/p>\n\n\n\n<p>A CIM do Ave explica que o concurso ser\u00e1 lan\u00e7ado \u00abap\u00f3s a emiss\u00e3o do parecer pr\u00e9vio vinculativo da Autoridade da Mobilidade e dos Transportes\u00bb, acrescentando que \u00aba nova rede [de transportes] dever\u00e1 entrar em vigor a 1 de janeiro de 2028, assegurando uma transi\u00e7\u00e3o organizada, alinhada com o termo dos contratos atuais e sem qualquer rutura no servi\u00e7o prestado \u00e0s popula\u00e7\u00f5es\u00bb.<\/p>\n\n\n\n<p>A CIM do Ave integra, al\u00e9m de Cabeceiras de Basto e de Mondim de Basto, os munic\u00edpios de Fafe, Guimar\u00e3es, P\u00f3voa de Lanhoso, Vieira do Minho, Vila Nova de Famalic\u00e3o e Vizela, e a CIM do C\u00e1vado \u00e9 composta por Braga, Esposende, Barcelos, Amares, Terras de Bouro e Vila Verde.<\/p>\n\n\n\n<p>\u00abQuanto ao estado dos trabalhos, a CIM do Ave concluiu, em estreita articula\u00e7\u00e3o com a CIM do C\u00e1vado, a defini\u00e7\u00e3o do modelo de organiza\u00e7\u00e3o e do modelo contratual da futura rede, e avan\u00e7ou para a fase t\u00e9cnica seguinte, dedicada ao desenho da oferta e aos estudos econ\u00f3mico-financeiros que sustentar\u00e3o o concurso internacional. O processo decorre dentro do calend\u00e1rio estabelecido e com plena estabilidade institucional, garantindo bases s\u00f3lidas para as etapas seguintes\u00bb, refere a CIM do Ave.<\/p>\n\n\n\n<p>O futuro contrato de servi\u00e7o p\u00fablico pode assumir a forma de concess\u00e3o ou de presta\u00e7\u00e3o de servi\u00e7os, mas \u00aba avalia\u00e7\u00e3o t\u00e9cnica conduzida demonstrou que o modelo de presta\u00e7\u00e3o de servi\u00e7os oferece maior controlo p\u00fablico e flexibilidade na gest\u00e3o da rede\u00bb.<\/p>\n\n\n\n<p>A rede de transportes tem por base um modelo que conjuga a autonomia de cada territ\u00f3rio e uma coordena\u00e7\u00e3o estrat\u00e9gica. \u00abCada CIM ter\u00e1 o seu pr\u00f3prio lote, mas a prepara\u00e7\u00e3o e tramita\u00e7\u00e3o do procedimento, a defini\u00e7\u00e3o de crit\u00e9rios comuns e a articula\u00e7\u00e3o das liga\u00e7\u00f5es inter-regionais que conectam os dois territ\u00f3rios s\u00e3o conduzidas de forma integrada, assegurando coer\u00eancia operacional e uma resposta mais eficaz \u00e0s necessidades da regi\u00e3o\u00bb, adianta a CIM do Ave.<\/p>\n\n\n\n<p>Esta CIM explica tamb\u00e9m que, embora existam dois lotes, \u00abo modelo adotado prev\u00ea um \u00fanico operador, por se tratar da solu\u00e7\u00e3o que melhor potencia sinergias operacionais, otimiza recursos, simplifica a gest\u00e3o contratual e facilita a coordena\u00e7\u00e3o das linhas inter-regionais\u00bb.<\/p>\n\n\n\n<p>\u00abPara os utilizadores, isto traduz-se numa rede mais est\u00e1vel, integrada e previs\u00edvel, com maior facilidade de articula\u00e7\u00e3o entre servi\u00e7os, melhor desempenho operacional e maior capacidade de adapta\u00e7\u00e3o a necessidades futuras\u00bb, sublinha.<\/p>\n\n\n\n<p>Quanto \u00e0 defini\u00e7\u00e3o das futuras linhas, est\u00e3o a ser analisadas todas as linhas intermunicipais da CIM do Ave, as redes municipais delegadas \u2013 designadamente nos munic\u00edpios de Cabeceiras de Basto, Mondim de Basto, Fafe, P\u00f3voa de Lanhoso, e Vizela \u2013 e as liga\u00e7\u00f5es inter-regionais, incluindo as que conectam com o territ\u00f3rio do C\u00e1vado, bem como as que asseguram liga\u00e7\u00e3o com o Alto T\u00e2mega, \u00c1rea Metropolitana do Porto, Douro e T\u00e2mega e Sousa.<\/p>\n\n\n\n<p>\u00abEste trabalho centra-se na reorganiza\u00e7\u00e3o da oferta com base na procura real e nas necessidades de mobilidade quotidiana, garantindo uma rede mais coerente, eficiente e preparada para acompanhar a evolu\u00e7\u00e3o sociodemogr\u00e1fica e territorial\u00bb, diz a CIM do Ave.<\/p>\n\n\n\n<p>Em rela\u00e7\u00e3o aos valores finais que poder\u00e3o estar envolvidos no contrato de servi\u00e7o p\u00fablico, \u00abestes ser\u00e3o determinados pelas conclus\u00f5es do estudo de viabilidade econ\u00f3mico-financeira, atualmente na fase final\u00bb.<\/p>\n\n\n\n<p>\u00abAinda assim, podemos adiantar que o modelo em prepara\u00e7\u00e3o privilegia a efici\u00eancia, a racionaliza\u00e7\u00e3o de custos e o aproveitamento de economias de escala, garantindo uma gest\u00e3o respons\u00e1vel dos recursos p\u00fablicos e plenamente orientada para a melhoria efetiva, sustentada e de longo prazo do servi\u00e7o prestado \u00e0s popula\u00e7\u00f5es\u00bb, salienta a CIM do Ave. [Com ag\u00eancia Lusa].<\/p>\n","protected":false},"excerpt":{"rendered":"<p>O aproveitamento de financiamentos para investimento na \u00e1rea dos transportes \u00e9 o \u00fanico objetivo de uma reuni\u00e3o extraordin\u00e1ria da C\u00e2mara Municipal de Cabeceiras de Basto, que se realiza segunda-feira (24, 12h00), disse ao Terras de Basto fonte aut\u00e1rquica. De acordo com a fonte, a inten\u00e7\u00e3o \u00e9, por for\u00e7a dos prazos estabelecidos, \u00abevitar a perda de [&hellip;]<\/p>\n","protected":false},"author":7,"featured_media":5071,"comment_status":"open","ping_status":"open","sticky":false,"template":"","format":"standard","meta":{"footnotes":""},"categories":[12,16,9],"tags":[29,247,85,966],"class_list":{"0":"post-5070","1":"post","2":"type-post","3":"status-publish","4":"format-standard","5":"has-post-thumbnail","7":"category-cabeceiras-de-basto","8":"category-mondim-de-basto","9":"category-terras-de-basto","10":"tag-cabeceiras-de-basto","11":"tag-cim-do-ave","12":"tag-mondim-de-basto","13":"tag-transportes"},"yoast_head":"<!-- This site is optimized with the Yoast SEO plugin v25.7 - https:\/\/yoast.com\/wordpress\/plugins\/seo\/ -->\n<title>Cabeceiras: financiamento na \u00e1rea dos transportes motiva reuni\u00e3o extraordin\u00e1ria - Jornal Terras de Basto<\/title>\n<meta name=\"description\" content=\"O aproveitamento de financiamentos para investimento na \u00e1rea dos transportes \u00e9 o \u00fanico objetivo de uma reuni\u00e3o extraordin\u00e1ria da C\u00e2mara Municipal de Cabeceiras de Basto, que se realiza segunda-feira (24, 12h00), disse ao Terras de Basto fonte aut\u00e1rquica.\" \/>\n<meta name=\"robots\" content=\"index, follow, max-snippet:-1, max-image-preview:large, max-video-preview:-1\" \/>\n<link rel=\"canonical\" href=\"https:\/\/terrasdebasto.pt\/?p=5070\" \/>\n<meta property=\"og:locale\" content=\"pt_PT\" \/>\n<meta property=\"og:type\" content=\"article\" \/>\n<meta property=\"og:title\" content=\"Cabeceiras: financiamento na \u00e1rea dos transportes motiva reuni\u00e3o extraordin\u00e1ria - Jornal Terras de Basto\" \/>\n<meta property=\"og:description\" content=\"O aproveitamento de financiamentos para investimento na \u00e1rea dos transportes \u00e9 o \u00fanico objetivo de uma reuni\u00e3o extraordin\u00e1ria da C\u00e2mara Municipal de Cabeceiras de Basto, que se realiza segunda-feira (24, 12h00), disse ao Terras de Basto fonte aut\u00e1rquica.\" \/>\n<meta property=\"og:url\" content=\"https:\/\/terrasdebasto.pt\/?p=5070\" \/>\n<meta property=\"og:site_name\" content=\"Jornal Terras de Basto\" \/>\n<meta property=\"article:published_time\" content=\"2025-11-21T14:35:18+00:00\" \/>\n<meta property=\"og:image\" content=\"https:\/\/terrasdebasto.pt\/wp-content\/uploads\/2025\/11\/transportes-cim-ave.jpg\" \/>\n\t<meta property=\"og:image:width\" content=\"580\" \/>\n\t<meta property=\"og:image:height\" content=\"326\" \/>\n\t<meta property=\"og:image:type\" content=\"image\/jpeg\" \/>\n<meta name=\"author\" content=\"Jo\u00e3o Paulo Mesquita\" \/>\n<meta name=\"twitter:card\" content=\"summary_large_image\" \/>\n<meta name=\"twitter:label1\" content=\"Escrito por\" \/>\n\t<meta name=\"twitter:data1\" content=\"Jo\u00e3o Paulo Mesquita\" \/>\n\t<meta name=\"twitter:label2\" content=\"Tempo estimado de leitura\" \/>\n\t<meta name=\"twitter:data2\" content=\"4 minutos\" \/>\n<script type=\"application\/ld+json\" class=\"yoast-schema-graph\">{\"@context\":\"https:\/\/schema.org\",\"@graph\":[{\"@type\":\"Article\",\"@id\":\"https:\/\/terrasdebasto.pt\/?p=5070#article\",\"isPartOf\":{\"@id\":\"https:\/\/terrasdebasto.pt\/?p=5070\"},\"author\":{\"name\":\"Jo\u00e3o Paulo Mesquita\",\"@id\":\"https:\/\/terrasdebasto.pt\/#\/schema\/person\/9f6739f5394ac65c802641773b278b84\"},\"headline\":\"Cabeceiras: financiamento na \u00e1rea dos transportes motiva reuni\u00e3o extraordin\u00e1ria\",\"datePublished\":\"2025-11-21T14:35:18+00:00\",\"mainEntityOfPage\":{\"@id\":\"https:\/\/terrasdebasto.pt\/?p=5070\"},\"wordCount\":779,\"commentCount\":0,\"publisher\":{\"@id\":\"https:\/\/terrasdebasto.pt\/#organization\"},\"image\":{\"@id\":\"https:\/\/terrasdebasto.pt\/?p=5070#primaryimage\"},\"thumbnailUrl\":\"https:\/\/terrasdebasto.pt\/wp-content\/uploads\/2025\/11\/transportes-cim-ave.jpg\",\"keywords\":[\"Cabeceiras de Basto\",\"CIM do Ave\",\"Mondim de Basto\",\"Transportes\"],\"articleSection\":[\"Cabeceiras de Basto\",\"Mondim de Basto\",\"Terras de Basto\"],\"inLanguage\":\"pt-PT\",\"potentialAction\":[{\"@type\":\"CommentAction\",\"name\":\"Comment\",\"target\":[\"https:\/\/terrasdebasto.pt\/?p=5070#respond\"]}]},{\"@type\":\"WebPage\",\"@id\":\"https:\/\/terrasdebasto.pt\/?p=5070\",\"url\":\"https:\/\/terrasdebasto.pt\/?p=5070\",\"name\":\"Cabeceiras: financiamento na \u00e1rea dos transportes motiva reuni\u00e3o extraordin\u00e1ria - Jornal Terras de Basto\",\"isPartOf\":{\"@id\":\"https:\/\/terrasdebasto.pt\/#website\"},\"primaryImageOfPage\":{\"@id\":\"https:\/\/terrasdebasto.pt\/?p=5070#primaryimage\"},\"image\":{\"@id\":\"https:\/\/terrasdebasto.pt\/?p=5070#primaryimage\"},\"thumbnailUrl\":\"https:\/\/terrasdebasto.pt\/wp-content\/uploads\/2025\/11\/transportes-cim-ave.jpg\",\"datePublished\":\"2025-11-21T14:35:18+00:00\",\"description\":\"O aproveitamento de financiamentos para investimento na \u00e1rea dos transportes \u00e9 o \u00fanico objetivo de uma reuni\u00e3o extraordin\u00e1ria da C\u00e2mara Municipal de Cabeceiras de Basto, que se realiza segunda-feira (24, 12h00), disse ao Terras de Basto fonte aut\u00e1rquica.\",\"breadcrumb\":{\"@id\":\"https:\/\/terrasdebasto.pt\/?p=5070#breadcrumb\"},\"inLanguage\":\"pt-PT\",\"potentialAction\":[{\"@type\":\"ReadAction\",\"target\":[\"https:\/\/terrasdebasto.pt\/?p=5070\"]}]},{\"@type\":\"ImageObject\",\"inLanguage\":\"pt-PT\",\"@id\":\"https:\/\/terrasdebasto.pt\/?p=5070#primaryimage\",\"url\":\"https:\/\/terrasdebasto.pt\/wp-content\/uploads\/2025\/11\/transportes-cim-ave.jpg\",\"contentUrl\":\"https:\/\/terrasdebasto.pt\/wp-content\/uploads\/2025\/11\/transportes-cim-ave.jpg\",\"width\":580,\"height\":326},{\"@type\":\"BreadcrumbList\",\"@id\":\"https:\/\/terrasdebasto.pt\/?p=5070#breadcrumb\",\"itemListElement\":[{\"@type\":\"ListItem\",\"position\":1,\"name\":\"In\u00edcio\",\"item\":\"https:\/\/terrasdebasto.pt\/\"},{\"@type\":\"ListItem\",\"position\":2,\"name\":\"Cabeceiras: financiamento na \u00e1rea dos transportes motiva reuni\u00e3o extraordin\u00e1ria\"}]},{\"@type\":\"WebSite\",\"@id\":\"https:\/\/terrasdebasto.pt\/#website\",\"url\":\"https:\/\/terrasdebasto.pt\/\",\"name\":\"Jornal Terras de Basto\",\"description\":\"\",\"publisher\":{\"@id\":\"https:\/\/terrasdebasto.pt\/#organization\"},\"potentialAction\":[{\"@type\":\"SearchAction\",\"target\":{\"@type\":\"EntryPoint\",\"urlTemplate\":\"https:\/\/terrasdebasto.pt\/?s={search_term_string}\"},\"query-input\":{\"@type\":\"PropertyValueSpecification\",\"valueRequired\":true,\"valueName\":\"search_term_string\"}}],\"inLanguage\":\"pt-PT\"},{\"@type\":\"Organization\",\"@id\":\"https:\/\/terrasdebasto.pt\/#organization\",\"name\":\"Jornal Terras de Basto\",\"url\":\"https:\/\/terrasdebasto.pt\/\",\"logo\":{\"@type\":\"ImageObject\",\"inLanguage\":\"pt-PT\",\"@id\":\"https:\/\/terrasdebasto.pt\/#\/schema\/logo\/image\/\",\"url\":\"https:\/\/terrasdebasto.pt\/wp-content\/uploads\/2024\/06\/LogoNormal.png\",\"contentUrl\":\"https:\/\/terrasdebasto.pt\/wp-content\/uploads\/2024\/06\/LogoNormal.png\",\"width\":5638,\"height\":809,\"caption\":\"Jornal Terras de Basto\"},\"image\":{\"@id\":\"https:\/\/terrasdebasto.pt\/#\/schema\/logo\/image\/\"}},{\"@type\":\"Person\",\"@id\":\"https:\/\/terrasdebasto.pt\/#\/schema\/person\/9f6739f5394ac65c802641773b278b84\",\"name\":\"Jo\u00e3o Paulo Mesquita\",\"image\":{\"@type\":\"ImageObject\",\"inLanguage\":\"pt-PT\",\"@id\":\"https:\/\/terrasdebasto.pt\/#\/schema\/person\/image\/\",\"url\":\"https:\/\/secure.gravatar.com\/avatar\/9bd0f299e6d96336664aab64354168246a3ee3287c47891c50d450e47ed9d7f9?s=96&d=mm&r=g\",\"contentUrl\":\"https:\/\/secure.gravatar.com\/avatar\/9bd0f299e6d96336664aab64354168246a3ee3287c47891c50d450e47ed9d7f9?s=96&d=mm&r=g\",\"caption\":\"Jo\u00e3o Paulo Mesquita\"},\"url\":\"https:\/\/terrasdebasto.pt\/?author=7\"}]}<\/script>\n<!-- \/ Yoast SEO plugin. -->","yoast_head_json":{"title":"Cabeceiras: financiamento na \u00e1rea dos transportes motiva reuni\u00e3o extraordin\u00e1ria - Jornal Terras de Basto","description":"O aproveitamento de financiamentos para investimento na \u00e1rea dos transportes \u00e9 o \u00fanico objetivo de uma reuni\u00e3o extraordin\u00e1ria da C\u00e2mara Municipal de Cabeceiras de Basto, que se realiza segunda-feira (24, 12h00), disse ao Terras de Basto fonte aut\u00e1rquica.","robots":{"index":"index","follow":"follow","max-snippet":"max-snippet:-1","max-image-preview":"max-image-preview:large","max-video-preview":"max-video-preview:-1"},"canonical":"https:\/\/terrasdebasto.pt\/?p=5070","og_locale":"pt_PT","og_type":"article","og_title":"Cabeceiras: financiamento na \u00e1rea dos transportes motiva reuni\u00e3o extraordin\u00e1ria - Jornal Terras de Basto","og_description":"O aproveitamento de financiamentos para investimento na \u00e1rea dos transportes \u00e9 o \u00fanico objetivo de uma reuni\u00e3o extraordin\u00e1ria da C\u00e2mara Municipal de Cabeceiras de Basto, que se realiza segunda-feira (24, 12h00), disse ao Terras de Basto fonte aut\u00e1rquica.","og_url":"https:\/\/terrasdebasto.pt\/?p=5070","og_site_name":"Jornal Terras de Basto","article_published_time":"2025-11-21T14:35:18+00:00","og_image":[{"width":580,"height":326,"url":"https:\/\/terrasdebasto.pt\/wp-content\/uploads\/2025\/11\/transportes-cim-ave.jpg","type":"image\/jpeg"}],"author":"Jo\u00e3o Paulo Mesquita","twitter_card":"summary_large_image","twitter_misc":{"Escrito por":"Jo\u00e3o Paulo Mesquita","Tempo estimado de leitura":"4 minutos"},"schema":{"@context":"https:\/\/schema.org","@graph":[{"@type":"Article","@id":"https:\/\/terrasdebasto.pt\/?p=5070#article","isPartOf":{"@id":"https:\/\/terrasdebasto.pt\/?p=5070"},"author":{"name":"Jo\u00e3o Paulo Mesquita","@id":"https:\/\/terrasdebasto.pt\/#\/schema\/person\/9f6739f5394ac65c802641773b278b84"},"headline":"Cabeceiras: financiamento na \u00e1rea dos transportes motiva reuni\u00e3o extraordin\u00e1ria","datePublished":"2025-11-21T14:35:18+00:00","mainEntityOfPage":{"@id":"https:\/\/terrasdebasto.pt\/?p=5070"},"wordCount":779,"commentCount":0,"publisher":{"@id":"https:\/\/terrasdebasto.pt\/#organization"},"image":{"@id":"https:\/\/terrasdebasto.pt\/?p=5070#primaryimage"},"thumbnailUrl":"https:\/\/terrasdebasto.pt\/wp-content\/uploads\/2025\/11\/transportes-cim-ave.jpg","keywords":["Cabeceiras de Basto","CIM do Ave","Mondim de Basto","Transportes"],"articleSection":["Cabeceiras de Basto","Mondim de Basto","Terras de Basto"],"inLanguage":"pt-PT","potentialAction":[{"@type":"CommentAction","name":"Comment","target":["https:\/\/terrasdebasto.pt\/?p=5070#respond"]}]},{"@type":"WebPage","@id":"https:\/\/terrasdebasto.pt\/?p=5070","url":"https:\/\/terrasdebasto.pt\/?p=5070","name":"Cabeceiras: financiamento na \u00e1rea dos transportes motiva reuni\u00e3o extraordin\u00e1ria - Jornal Terras de Basto","isPartOf":{"@id":"https:\/\/terrasdebasto.pt\/#website"},"primaryImageOfPage":{"@id":"https:\/\/terrasdebasto.pt\/?p=5070#primaryimage"},"image":{"@id":"https:\/\/terrasdebasto.pt\/?p=5070#primaryimage"},"thumbnailUrl":"https:\/\/terrasdebasto.pt\/wp-content\/uploads\/2025\/11\/transportes-cim-ave.jpg","datePublished":"2025-11-21T14:35:18+00:00","description":"O aproveitamento de financiamentos para investimento na \u00e1rea dos transportes \u00e9 o \u00fanico objetivo de uma reuni\u00e3o extraordin\u00e1ria da C\u00e2mara Municipal de Cabeceiras de Basto, que se realiza segunda-feira (24, 12h00), disse ao Terras de Basto fonte aut\u00e1rquica.","breadcrumb":{"@id":"https:\/\/terrasdebasto.pt\/?p=5070#breadcrumb"},"inLanguage":"pt-PT","potentialAction":[{"@type":"ReadAction","target":["https:\/\/terrasdebasto.pt\/?p=5070"]}]},{"@type":"ImageObject","inLanguage":"pt-PT","@id":"https:\/\/terrasdebasto.pt\/?p=5070#primaryimage","url":"https:\/\/terrasdebasto.pt\/wp-content\/uploads\/2025\/11\/transportes-cim-ave.jpg","contentUrl":"https:\/\/terrasdebasto.pt\/wp-content\/uploads\/2025\/11\/transportes-cim-ave.jpg","width":580,"height":326},{"@type":"BreadcrumbList","@id":"https:\/\/terrasdebasto.pt\/?p=5070#breadcrumb","itemListElement":[{"@type":"ListItem","position":1,"name":"In\u00edcio","item":"https:\/\/terrasdebasto.pt\/"},{"@type":"ListItem","position":2,"name":"Cabeceiras: financiamento na \u00e1rea dos transportes motiva reuni\u00e3o extraordin\u00e1ria"}]},{"@type":"WebSite","@id":"https:\/\/terrasdebasto.pt\/#website","url":"https:\/\/terrasdebasto.pt\/","name":"Jornal Terras de Basto","description":"","publisher":{"@id":"https:\/\/terrasdebasto.pt\/#organization"},"potentialAction":[{"@type":"SearchAction","target":{"@type":"EntryPoint","urlTemplate":"https:\/\/terrasdebasto.pt\/?s={search_term_string}"},"query-input":{"@type":"PropertyValueSpecification","valueRequired":true,"valueName":"search_term_string"}}],"inLanguage":"pt-PT"},{"@type":"Organization","@id":"https:\/\/terrasdebasto.pt\/#organization","name":"Jornal Terras de Basto","url":"https:\/\/terrasdebasto.pt\/","logo":{"@type":"ImageObject","inLanguage":"pt-PT","@id":"https:\/\/terrasdebasto.pt\/#\/schema\/logo\/image\/","url":"https:\/\/terrasdebasto.pt\/wp-content\/uploads\/2024\/06\/LogoNormal.png","contentUrl":"https:\/\/terrasdebasto.pt\/wp-content\/uploads\/2024\/06\/LogoNormal.png","width":5638,"height":809,"caption":"Jornal Terras de Basto"},"image":{"@id":"https:\/\/terrasdebasto.pt\/#\/schema\/logo\/image\/"}},{"@type":"Person","@id":"https:\/\/terrasdebasto.pt\/#\/schema\/person\/9f6739f5394ac65c802641773b278b84","name":"Jo\u00e3o Paulo Mesquita","image":{"@type":"ImageObject","inLanguage":"pt-PT","@id":"https:\/\/terrasdebasto.pt\/#\/schema\/person\/image\/","url":"https:\/\/secure.gravatar.com\/avatar\/9bd0f299e6d96336664aab64354168246a3ee3287c47891c50d450e47ed9d7f9?s=96&d=mm&r=g","contentUrl":"https:\/\/secure.gravatar.com\/avatar\/9bd0f299e6d96336664aab64354168246a3ee3287c47891c50d450e47ed9d7f9?s=96&d=mm&r=g","caption":"Jo\u00e3o Paulo Mesquita"},"url":"https:\/\/terrasdebasto.pt\/?author=7"}]}},"_links":{"self":[{"href":"https:\/\/terrasdebasto.pt\/index.php?rest_route=\/wp\/v2\/posts\/5070","targetHints":{"allow":["GET"]}}],"collection":[{"href":"https:\/\/terrasdebasto.pt\/index.php?rest_route=\/wp\/v2\/posts"}],"about":[{"href":"https:\/\/terrasdebasto.pt\/index.php?rest_route=\/wp\/v2\/types\/post"}],"author":[{"embeddable":true,"href":"https:\/\/terrasdebasto.pt\/index.php?rest_route=\/wp\/v2\/users\/7"}],"replies":[{"embeddable":true,"href":"https:\/\/terrasdebasto.pt\/index.php?rest_route=%2Fwp%2Fv2%2Fcomments&post=5070"}],"version-history":[{"count":1,"href":"https:\/\/terrasdebasto.pt\/index.php?rest_route=\/wp\/v2\/posts\/5070\/revisions"}],"predecessor-version":[{"id":5072,"href":"https:\/\/terrasdebasto.pt\/index.php?rest_route=\/wp\/v2\/posts\/5070\/revisions\/5072"}],"wp:featuredmedia":[{"embeddable":true,"href":"https:\/\/terrasdebasto.pt\/index.php?rest_route=\/wp\/v2\/media\/5071"}],"wp:attachment":[{"href":"https:\/\/terrasdebasto.pt\/index.php?rest_route=%2Fwp%2Fv2%2Fmedia&parent=5070"}],"wp:term":[{"taxonomy":"category","embeddable":true,"href":"https:\/\/terrasdebasto.pt\/index.php?rest_route=%2Fwp%2Fv2%2Fcategories&post=5070"},{"taxonomy":"post_tag","embeddable":true,"href":"https:\/\/terrasdebasto.pt\/index.php?rest_route=%2Fwp%2Fv2%2Ftags&post=5070"}],"curies":[{"name":"wp","href":"https:\/\/api.w.org\/{rel}","templated":true}]}}