{"id":5067,"date":"2025-11-21T14:09:57","date_gmt":"2025-11-21T14:09:57","guid":{"rendered":"https:\/\/terrasdebasto.pt\/?p=5067"},"modified":"2025-11-21T14:09:57","modified_gmt":"2025-11-21T14:09:57","slug":"celorico-de-basto-ativa-ornamentacoes-natalicias","status":"publish","type":"post","link":"https:\/\/terrasdebasto.pt\/?p=5067","title":{"rendered":"Celorico de Basto ativa ornamenta\u00e7\u00f5es natal\u00edcias"},"content":{"rendered":"\n<p><\/p>\n\n\n\n<p><strong>Celorico de Basto ativa esta sexta-feira (21) as ilumina\u00e7\u00f5es natal\u00edcias, ato que associa \u00e0 abertura da Feira Anual de Santa Catarina e \u00e0 concomitante Mostra Gastron\u00f3mica. As luzes festivas s\u00e3o ligadas \u00e0s 18h00, junto \u00e0 Casa da Terra, no centro da vila.<\/strong><\/p>\n\n\n\n<p>&nbsp;pretende surpreender e contribuir positivamente \u201cpara o incremento d<\/p>\n\n\n\n<p>Com este ato \u2013 diz a autarquia \u2013 pretende-se \u00abincrementar o esp\u00edrito natal\u00edcio na comunidade, fortalecer o tecido econ\u00f3mico, trazer a comunidade para a rua e, com isso, refor\u00e7ar o esp\u00edrito comunit\u00e1rio, de uni\u00e3o e de fraternidade\u00bb.<\/p>\n\n\n\n<p>De acordo com uma nota aut\u00e1rquica, faz todo o sentido ativar a ilumina\u00e7\u00e3o festiva aquando da Feira Anual de Santa Catarina, pelas caracter\u00edsticas pr\u00f3prias, mas tamb\u00e9m porque o evento se desenvolve numa programa\u00e7\u00e3o pela noite dentro, que convida a popula\u00e7\u00e3o a sair de casa.<\/p>\n\n\n\n<p>Diz a autarquia que as ornamenta\u00e7\u00f5es natal\u00edcias se estendem aos quatro centros urbanos do concelho: vila-sede, vilas de Gandarela e de Fermil e p\u00f3lo urbano da Mota-Ferven\u00e7a.<\/p>\n","protected":false},"excerpt":{"rendered":"<p>Celorico de Basto ativa esta sexta-feira (21) as ilumina\u00e7\u00f5es natal\u00edcias, ato que associa \u00e0 abertura da Feira Anual de Santa Catarina e \u00e0 concomitante Mostra Gastron\u00f3mica. As luzes festivas s\u00e3o ligadas \u00e0s 18h00, junto \u00e0 Casa da Terra, no centro da vila. &nbsp;pretende surpreender e contribuir positivamente \u201cpara o incremento d Com este ato \u2013 [&hellip;]<\/p>\n","protected":false},"author":7,"featured_media":5068,"comment_status":"open","ping_status":"open","sticky":false,"template":"","format":"standard","meta":{"footnotes":""},"categories":[13,7,9],"tags":[40,1083,754],"class_list":{"0":"post-5067","1":"post","2":"type-post","3":"status-publish","4":"format-standard","5":"has-post-thumbnail","7":"category-celorico-de-basto","8":"category-cultura","9":"category-terras-de-basto","10":"tag-celorico-de-basto","11":"tag-natal","12":"tag-ornamentacoes-natalicias"},"yoast_head":"<!-- This site is optimized with the Yoast SEO plugin v25.7 - https:\/\/yoast.com\/wordpress\/plugins\/seo\/ -->\n<title>Celorico de Basto ativa ornamenta\u00e7\u00f5es natal\u00edcias - Jornal Terras de Basto<\/title>\n<meta name=\"description\" content=\"Celorico de Basto ativa esta sexta-feira (21) as ilumina\u00e7\u00f5es natal\u00edcias, ato que associa \u00e0 abertura da Feira Anual de Santa Catarina e \u00e0 concomitante Mostra Gastron\u00f3mica. As luzes festivas s\u00e3o ligadas \u00e0s 18h00, junto \u00e0 Casa da Terra, no centro da vila.\" \/>\n<meta name=\"robots\" content=\"index, follow, max-snippet:-1, max-image-preview:large, max-video-preview:-1\" \/>\n<link rel=\"canonical\" href=\"https:\/\/terrasdebasto.pt\/?p=5067\" \/>\n<meta property=\"og:locale\" content=\"pt_PT\" \/>\n<meta property=\"og:type\" content=\"article\" \/>\n<meta property=\"og:title\" content=\"Celorico de Basto ativa ornamenta\u00e7\u00f5es natal\u00edcias - Jornal Terras de Basto\" \/>\n<meta property=\"og:description\" content=\"Celorico de Basto ativa esta sexta-feira (21) as ilumina\u00e7\u00f5es natal\u00edcias, ato que associa \u00e0 abertura da Feira Anual de Santa Catarina e \u00e0 concomitante Mostra Gastron\u00f3mica. As luzes festivas s\u00e3o ligadas \u00e0s 18h00, junto \u00e0 Casa da Terra, no centro da vila.\" \/>\n<meta property=\"og:url\" content=\"https:\/\/terrasdebasto.pt\/?p=5067\" \/>\n<meta property=\"og:site_name\" content=\"Jornal Terras de Basto\" \/>\n<meta property=\"article:published_time\" content=\"2025-11-21T14:09:57+00:00\" \/>\n<meta property=\"og:image\" content=\"https:\/\/terrasdebasto.pt\/wp-content\/uploads\/2025\/11\/ILUMINACAO-NATAL-CELORICO-scaled.jpg\" \/>\n\t<meta property=\"og:image:width\" content=\"2318\" \/>\n\t<meta property=\"og:image:height\" content=\"2560\" \/>\n\t<meta property=\"og:image:type\" content=\"image\/jpeg\" \/>\n<meta name=\"author\" content=\"Jo\u00e3o Paulo Mesquita\" \/>\n<meta name=\"twitter:card\" content=\"summary_large_image\" \/>\n<meta name=\"twitter:label1\" content=\"Escrito por\" \/>\n\t<meta name=\"twitter:data1\" content=\"Jo\u00e3o Paulo Mesquita\" \/>\n\t<meta name=\"twitter:label2\" content=\"Tempo estimado de leitura\" \/>\n\t<meta name=\"twitter:data2\" content=\"2 minutos\" \/>\n<script type=\"application\/ld+json\" class=\"yoast-schema-graph\">{\"@context\":\"https:\/\/schema.org\",\"@graph\":[{\"@type\":\"Article\",\"@id\":\"https:\/\/terrasdebasto.pt\/?p=5067#article\",\"isPartOf\":{\"@id\":\"https:\/\/terrasdebasto.pt\/?p=5067\"},\"author\":{\"name\":\"Jo\u00e3o Paulo Mesquita\",\"@id\":\"https:\/\/terrasdebasto.pt\/#\/schema\/person\/9f6739f5394ac65c802641773b278b84\"},\"headline\":\"Celorico de Basto ativa ornamenta\u00e7\u00f5es natal\u00edcias\",\"datePublished\":\"2025-11-21T14:09:57+00:00\",\"mainEntityOfPage\":{\"@id\":\"https:\/\/terrasdebasto.pt\/?p=5067\"},\"wordCount\":184,\"commentCount\":0,\"publisher\":{\"@id\":\"https:\/\/terrasdebasto.pt\/#organization\"},\"image\":{\"@id\":\"https:\/\/terrasdebasto.pt\/?p=5067#primaryimage\"},\"thumbnailUrl\":\"https:\/\/terrasdebasto.pt\/wp-content\/uploads\/2025\/11\/ILUMINACAO-NATAL-CELORICO-scaled.jpg\",\"keywords\":[\"Celorico de Basto\",\"Natal\",\"Ornamenta\u00e7\u00f5es Natal\u00edcias\"],\"articleSection\":[\"Celorico de Basto\",\"Cultura\",\"Terras de Basto\"],\"inLanguage\":\"pt-PT\",\"potentialAction\":[{\"@type\":\"CommentAction\",\"name\":\"Comment\",\"target\":[\"https:\/\/terrasdebasto.pt\/?p=5067#respond\"]}]},{\"@type\":\"WebPage\",\"@id\":\"https:\/\/terrasdebasto.pt\/?p=5067\",\"url\":\"https:\/\/terrasdebasto.pt\/?p=5067\",\"name\":\"Celorico de Basto ativa ornamenta\u00e7\u00f5es natal\u00edcias - Jornal Terras de Basto\",\"isPartOf\":{\"@id\":\"https:\/\/terrasdebasto.pt\/#website\"},\"primaryImageOfPage\":{\"@id\":\"https:\/\/terrasdebasto.pt\/?p=5067#primaryimage\"},\"image\":{\"@id\":\"https:\/\/terrasdebasto.pt\/?p=5067#primaryimage\"},\"thumbnailUrl\":\"https:\/\/terrasdebasto.pt\/wp-content\/uploads\/2025\/11\/ILUMINACAO-NATAL-CELORICO-scaled.jpg\",\"datePublished\":\"2025-11-21T14:09:57+00:00\",\"description\":\"Celorico de Basto ativa esta sexta-feira (21) as ilumina\u00e7\u00f5es natal\u00edcias, ato que associa \u00e0 abertura da Feira Anual de Santa Catarina e \u00e0 concomitante Mostra Gastron\u00f3mica. As luzes festivas s\u00e3o ligadas \u00e0s 18h00, junto \u00e0 Casa da Terra, no centro da vila.\",\"breadcrumb\":{\"@id\":\"https:\/\/terrasdebasto.pt\/?p=5067#breadcrumb\"},\"inLanguage\":\"pt-PT\",\"potentialAction\":[{\"@type\":\"ReadAction\",\"target\":[\"https:\/\/terrasdebasto.pt\/?p=5067\"]}]},{\"@type\":\"ImageObject\",\"inLanguage\":\"pt-PT\",\"@id\":\"https:\/\/terrasdebasto.pt\/?p=5067#primaryimage\",\"url\":\"https:\/\/terrasdebasto.pt\/wp-content\/uploads\/2025\/11\/ILUMINACAO-NATAL-CELORICO-scaled.jpg\",\"contentUrl\":\"https:\/\/terrasdebasto.pt\/wp-content\/uploads\/2025\/11\/ILUMINACAO-NATAL-CELORICO-scaled.jpg\",\"width\":2318,\"height\":2560},{\"@type\":\"BreadcrumbList\",\"@id\":\"https:\/\/terrasdebasto.pt\/?p=5067#breadcrumb\",\"itemListElement\":[{\"@type\":\"ListItem\",\"position\":1,\"name\":\"In\u00edcio\",\"item\":\"https:\/\/terrasdebasto.pt\/\"},{\"@type\":\"ListItem\",\"position\":2,\"name\":\"Celorico de Basto ativa ornamenta\u00e7\u00f5es natal\u00edcias\"}]},{\"@type\":\"WebSite\",\"@id\":\"https:\/\/terrasdebasto.pt\/#website\",\"url\":\"https:\/\/terrasdebasto.pt\/\",\"name\":\"Jornal Terras de Basto\",\"description\":\"\",\"publisher\":{\"@id\":\"https:\/\/terrasdebasto.pt\/#organization\"},\"potentialAction\":[{\"@type\":\"SearchAction\",\"target\":{\"@type\":\"EntryPoint\",\"urlTemplate\":\"https:\/\/terrasdebasto.pt\/?s={search_term_string}\"},\"query-input\":{\"@type\":\"PropertyValueSpecification\",\"valueRequired\":true,\"valueName\":\"search_term_string\"}}],\"inLanguage\":\"pt-PT\"},{\"@type\":\"Organization\",\"@id\":\"https:\/\/terrasdebasto.pt\/#organization\",\"name\":\"Jornal Terras de Basto\",\"url\":\"https:\/\/terrasdebasto.pt\/\",\"logo\":{\"@type\":\"ImageObject\",\"inLanguage\":\"pt-PT\",\"@id\":\"https:\/\/terrasdebasto.pt\/#\/schema\/logo\/image\/\",\"url\":\"https:\/\/terrasdebasto.pt\/wp-content\/uploads\/2024\/06\/LogoNormal.png\",\"contentUrl\":\"https:\/\/terrasdebasto.pt\/wp-content\/uploads\/2024\/06\/LogoNormal.png\",\"width\":5638,\"height\":809,\"caption\":\"Jornal Terras de Basto\"},\"image\":{\"@id\":\"https:\/\/terrasdebasto.pt\/#\/schema\/logo\/image\/\"}},{\"@type\":\"Person\",\"@id\":\"https:\/\/terrasdebasto.pt\/#\/schema\/person\/9f6739f5394ac65c802641773b278b84\",\"name\":\"Jo\u00e3o Paulo Mesquita\",\"image\":{\"@type\":\"ImageObject\",\"inLanguage\":\"pt-PT\",\"@id\":\"https:\/\/terrasdebasto.pt\/#\/schema\/person\/image\/\",\"url\":\"https:\/\/secure.gravatar.com\/avatar\/9bd0f299e6d96336664aab64354168246a3ee3287c47891c50d450e47ed9d7f9?s=96&d=mm&r=g\",\"contentUrl\":\"https:\/\/secure.gravatar.com\/avatar\/9bd0f299e6d96336664aab64354168246a3ee3287c47891c50d450e47ed9d7f9?s=96&d=mm&r=g\",\"caption\":\"Jo\u00e3o Paulo Mesquita\"},\"url\":\"https:\/\/terrasdebasto.pt\/?author=7\"}]}<\/script>\n<!-- \/ Yoast SEO plugin. -->","yoast_head_json":{"title":"Celorico de Basto ativa ornamenta\u00e7\u00f5es natal\u00edcias - Jornal Terras de Basto","description":"Celorico de Basto ativa esta sexta-feira (21) as ilumina\u00e7\u00f5es natal\u00edcias, ato que associa \u00e0 abertura da Feira Anual de Santa Catarina e \u00e0 concomitante Mostra Gastron\u00f3mica. As luzes festivas s\u00e3o ligadas \u00e0s 18h00, junto \u00e0 Casa da Terra, no centro da vila.","robots":{"index":"index","follow":"follow","max-snippet":"max-snippet:-1","max-image-preview":"max-image-preview:large","max-video-preview":"max-video-preview:-1"},"canonical":"https:\/\/terrasdebasto.pt\/?p=5067","og_locale":"pt_PT","og_type":"article","og_title":"Celorico de Basto ativa ornamenta\u00e7\u00f5es natal\u00edcias - Jornal Terras de Basto","og_description":"Celorico de Basto ativa esta sexta-feira (21) as ilumina\u00e7\u00f5es natal\u00edcias, ato que associa \u00e0 abertura da Feira Anual de Santa Catarina e \u00e0 concomitante Mostra Gastron\u00f3mica. As luzes festivas s\u00e3o ligadas \u00e0s 18h00, junto \u00e0 Casa da Terra, no centro da vila.","og_url":"https:\/\/terrasdebasto.pt\/?p=5067","og_site_name":"Jornal Terras de Basto","article_published_time":"2025-11-21T14:09:57+00:00","og_image":[{"width":2318,"height":2560,"url":"https:\/\/terrasdebasto.pt\/wp-content\/uploads\/2025\/11\/ILUMINACAO-NATAL-CELORICO-scaled.jpg","type":"image\/jpeg"}],"author":"Jo\u00e3o Paulo Mesquita","twitter_card":"summary_large_image","twitter_misc":{"Escrito por":"Jo\u00e3o Paulo Mesquita","Tempo estimado de leitura":"2 minutos"},"schema":{"@context":"https:\/\/schema.org","@graph":[{"@type":"Article","@id":"https:\/\/terrasdebasto.pt\/?p=5067#article","isPartOf":{"@id":"https:\/\/terrasdebasto.pt\/?p=5067"},"author":{"name":"Jo\u00e3o Paulo Mesquita","@id":"https:\/\/terrasdebasto.pt\/#\/schema\/person\/9f6739f5394ac65c802641773b278b84"},"headline":"Celorico de Basto ativa ornamenta\u00e7\u00f5es natal\u00edcias","datePublished":"2025-11-21T14:09:57+00:00","mainEntityOfPage":{"@id":"https:\/\/terrasdebasto.pt\/?p=5067"},"wordCount":184,"commentCount":0,"publisher":{"@id":"https:\/\/terrasdebasto.pt\/#organization"},"image":{"@id":"https:\/\/terrasdebasto.pt\/?p=5067#primaryimage"},"thumbnailUrl":"https:\/\/terrasdebasto.pt\/wp-content\/uploads\/2025\/11\/ILUMINACAO-NATAL-CELORICO-scaled.jpg","keywords":["Celorico de Basto","Natal","Ornamenta\u00e7\u00f5es Natal\u00edcias"],"articleSection":["Celorico de Basto","Cultura","Terras de Basto"],"inLanguage":"pt-PT","potentialAction":[{"@type":"CommentAction","name":"Comment","target":["https:\/\/terrasdebasto.pt\/?p=5067#respond"]}]},{"@type":"WebPage","@id":"https:\/\/terrasdebasto.pt\/?p=5067","url":"https:\/\/terrasdebasto.pt\/?p=5067","name":"Celorico de Basto ativa ornamenta\u00e7\u00f5es natal\u00edcias - Jornal Terras de Basto","isPartOf":{"@id":"https:\/\/terrasdebasto.pt\/#website"},"primaryImageOfPage":{"@id":"https:\/\/terrasdebasto.pt\/?p=5067#primaryimage"},"image":{"@id":"https:\/\/terrasdebasto.pt\/?p=5067#primaryimage"},"thumbnailUrl":"https:\/\/terrasdebasto.pt\/wp-content\/uploads\/2025\/11\/ILUMINACAO-NATAL-CELORICO-scaled.jpg","datePublished":"2025-11-21T14:09:57+00:00","description":"Celorico de Basto ativa esta sexta-feira (21) as ilumina\u00e7\u00f5es natal\u00edcias, ato que associa \u00e0 abertura da Feira Anual de Santa Catarina e \u00e0 concomitante Mostra Gastron\u00f3mica. As luzes festivas s\u00e3o ligadas \u00e0s 18h00, junto \u00e0 Casa da Terra, no centro da vila.","breadcrumb":{"@id":"https:\/\/terrasdebasto.pt\/?p=5067#breadcrumb"},"inLanguage":"pt-PT","potentialAction":[{"@type":"ReadAction","target":["https:\/\/terrasdebasto.pt\/?p=5067"]}]},{"@type":"ImageObject","inLanguage":"pt-PT","@id":"https:\/\/terrasdebasto.pt\/?p=5067#primaryimage","url":"https:\/\/terrasdebasto.pt\/wp-content\/uploads\/2025\/11\/ILUMINACAO-NATAL-CELORICO-scaled.jpg","contentUrl":"https:\/\/terrasdebasto.pt\/wp-content\/uploads\/2025\/11\/ILUMINACAO-NATAL-CELORICO-scaled.jpg","width":2318,"height":2560},{"@type":"BreadcrumbList","@id":"https:\/\/terrasdebasto.pt\/?p=5067#breadcrumb","itemListElement":[{"@type":"ListItem","position":1,"name":"In\u00edcio","item":"https:\/\/terrasdebasto.pt\/"},{"@type":"ListItem","position":2,"name":"Celorico de Basto ativa ornamenta\u00e7\u00f5es natal\u00edcias"}]},{"@type":"WebSite","@id":"https:\/\/terrasdebasto.pt\/#website","url":"https:\/\/terrasdebasto.pt\/","name":"Jornal Terras de Basto","description":"","publisher":{"@id":"https:\/\/terrasdebasto.pt\/#organization"},"potentialAction":[{"@type":"SearchAction","target":{"@type":"EntryPoint","urlTemplate":"https:\/\/terrasdebasto.pt\/?s={search_term_string}"},"query-input":{"@type":"PropertyValueSpecification","valueRequired":true,"valueName":"search_term_string"}}],"inLanguage":"pt-PT"},{"@type":"Organization","@id":"https:\/\/terrasdebasto.pt\/#organization","name":"Jornal Terras de Basto","url":"https:\/\/terrasdebasto.pt\/","logo":{"@type":"ImageObject","inLanguage":"pt-PT","@id":"https:\/\/terrasdebasto.pt\/#\/schema\/logo\/image\/","url":"https:\/\/terrasdebasto.pt\/wp-content\/uploads\/2024\/06\/LogoNormal.png","contentUrl":"https:\/\/terrasdebasto.pt\/wp-content\/uploads\/2024\/06\/LogoNormal.png","width":5638,"height":809,"caption":"Jornal Terras de Basto"},"image":{"@id":"https:\/\/terrasdebasto.pt\/#\/schema\/logo\/image\/"}},{"@type":"Person","@id":"https:\/\/terrasdebasto.pt\/#\/schema\/person\/9f6739f5394ac65c802641773b278b84","name":"Jo\u00e3o Paulo Mesquita","image":{"@type":"ImageObject","inLanguage":"pt-PT","@id":"https:\/\/terrasdebasto.pt\/#\/schema\/person\/image\/","url":"https:\/\/secure.gravatar.com\/avatar\/9bd0f299e6d96336664aab64354168246a3ee3287c47891c50d450e47ed9d7f9?s=96&d=mm&r=g","contentUrl":"https:\/\/secure.gravatar.com\/avatar\/9bd0f299e6d96336664aab64354168246a3ee3287c47891c50d450e47ed9d7f9?s=96&d=mm&r=g","caption":"Jo\u00e3o Paulo Mesquita"},"url":"https:\/\/terrasdebasto.pt\/?author=7"}]}},"_links":{"self":[{"href":"https:\/\/terrasdebasto.pt\/index.php?rest_route=\/wp\/v2\/posts\/5067","targetHints":{"allow":["GET"]}}],"collection":[{"href":"https:\/\/terrasdebasto.pt\/index.php?rest_route=\/wp\/v2\/posts"}],"about":[{"href":"https:\/\/terrasdebasto.pt\/index.php?rest_route=\/wp\/v2\/types\/post"}],"author":[{"embeddable":true,"href":"https:\/\/terrasdebasto.pt\/index.php?rest_route=\/wp\/v2\/users\/7"}],"replies":[{"embeddable":true,"href":"https:\/\/terrasdebasto.pt\/index.php?rest_route=%2Fwp%2Fv2%2Fcomments&post=5067"}],"version-history":[{"count":1,"href":"https:\/\/terrasdebasto.pt\/index.php?rest_route=\/wp\/v2\/posts\/5067\/revisions"}],"predecessor-version":[{"id":5069,"href":"https:\/\/terrasdebasto.pt\/index.php?rest_route=\/wp\/v2\/posts\/5067\/revisions\/5069"}],"wp:featuredmedia":[{"embeddable":true,"href":"https:\/\/terrasdebasto.pt\/index.php?rest_route=\/wp\/v2\/media\/5068"}],"wp:attachment":[{"href":"https:\/\/terrasdebasto.pt\/index.php?rest_route=%2Fwp%2Fv2%2Fmedia&parent=5067"}],"wp:term":[{"taxonomy":"category","embeddable":true,"href":"https:\/\/terrasdebasto.pt\/index.php?rest_route=%2Fwp%2Fv2%2Fcategories&post=5067"},{"taxonomy":"post_tag","embeddable":true,"href":"https:\/\/terrasdebasto.pt\/index.php?rest_route=%2Fwp%2Fv2%2Ftags&post=5067"}],"curies":[{"name":"wp","href":"https:\/\/api.w.org\/{rel}","templated":true}]}}