{"id":5054,"date":"2025-11-21T11:45:43","date_gmt":"2025-11-21T11:45:43","guid":{"rendered":"https:\/\/terrasdebasto.pt\/?p=5054"},"modified":"2025-11-21T11:47:09","modified_gmt":"2025-11-21T11:47:09","slug":"caminhadas-abriram-comemoracoes-do-aniversario-da-gnr","status":"publish","type":"post","link":"https:\/\/terrasdebasto.pt\/?p=5054","title":{"rendered":"Caminhadas abriram comemora\u00e7\u00f5es do anivers\u00e1rio da GNR"},"content":{"rendered":"\n<p><\/p>\n\n\n\n<p><strong>O Comando Territorial de Braga da Guarda Nacional Republicana est\u00e1 j\u00e1 a comemorar, em Celorico de Basto, o seu anivers\u00e1rio, que compreendeu, quinta-feira (20), a realiza\u00e7\u00e3o de atividades de cariz ambiental e pedag\u00f3gico sob o tema \u201cNatureza Segura, Futuro Sustent\u00e1vel\u201d.<\/strong><\/p>\n\n\n\n<p>A caminhada destinada \u00e0 comunidade escolar teve in\u00edcio na Escola B\u00e1sica 2\/3 de Celorico de Basto e, num percurso de 1,5 Km com v\u00e1rias esta\u00e7\u00f5es, levou os alunos a interagir e a conhecer v\u00e1rias val\u00eancias da GNR.<\/p>\n\n\n\n<p>Outra caminhada, esta com 8 km, teve in\u00edcio junto da C\u00e2mara Municipal, e era destinada ao dispositivo do Comando Territorial de Braga, bem como a todos os celoricenses que pretenderam participar.<\/p>\n\n\n\n<p><strong>[Fotografias de GNR &#8211; Comando Territorial de Braga]<\/strong><\/p>\n\n\n\n<figure class=\"wp-block-gallery has-nested-images columns-default is-cropped wp-block-gallery-1 is-layout-flex wp-block-gallery-is-layout-flex\">\n<figure class=\"wp-block-image size-large\"><img loading=\"lazy\" decoding=\"async\" width=\"1024\" height=\"745\" data-id=\"5056\" src=\"https:\/\/terrasdebasto.pt\/wp-content\/uploads\/2025\/11\/02-1-1024x745.jpg\" alt=\"\" class=\"wp-image-5056\" srcset=\"https:\/\/terrasdebasto.pt\/wp-content\/uploads\/2025\/11\/02-1-1024x745.jpg 1024w, https:\/\/terrasdebasto.pt\/wp-content\/uploads\/2025\/11\/02-1-300x218.jpg 300w, https:\/\/terrasdebasto.pt\/wp-content\/uploads\/2025\/11\/02-1-768x559.jpg 768w, https:\/\/terrasdebasto.pt\/wp-content\/uploads\/2025\/11\/02-1-1536x1118.jpg 1536w, https:\/\/terrasdebasto.pt\/wp-content\/uploads\/2025\/11\/02-1-150x109.jpg 150w, https:\/\/terrasdebasto.pt\/wp-content\/uploads\/2025\/11\/02-1-696x507.jpg 696w, https:\/\/terrasdebasto.pt\/wp-content\/uploads\/2025\/11\/02-1-1068x778.jpg 1068w, https:\/\/terrasdebasto.pt\/wp-content\/uploads\/2025\/11\/02-1-1920x1398.jpg 1920w, https:\/\/terrasdebasto.pt\/wp-content\/uploads\/2025\/11\/02-1.jpg 1945w\" sizes=\"auto, (max-width: 1024px) 100vw, 1024px\" \/><\/figure>\n<\/figure>\n\n\n\n<figure class=\"wp-block-gallery has-nested-images columns-default is-cropped wp-block-gallery-2 is-layout-flex wp-block-gallery-is-layout-flex\">\n<figure class=\"wp-block-image size-large\"><img loading=\"lazy\" decoding=\"async\" width=\"1024\" height=\"706\" data-id=\"5057\" src=\"https:\/\/terrasdebasto.pt\/wp-content\/uploads\/2025\/11\/03-1024x706.jpg\" alt=\"\" class=\"wp-image-5057\" srcset=\"https:\/\/terrasdebasto.pt\/wp-content\/uploads\/2025\/11\/03-1024x706.jpg 1024w, https:\/\/terrasdebasto.pt\/wp-content\/uploads\/2025\/11\/03-300x207.jpg 300w, https:\/\/terrasdebasto.pt\/wp-content\/uploads\/2025\/11\/03-768x530.jpg 768w, https:\/\/terrasdebasto.pt\/wp-content\/uploads\/2025\/11\/03-1536x1060.jpg 1536w, https:\/\/terrasdebasto.pt\/wp-content\/uploads\/2025\/11\/03-150x103.jpg 150w, https:\/\/terrasdebasto.pt\/wp-content\/uploads\/2025\/11\/03-218x150.jpg 218w, https:\/\/terrasdebasto.pt\/wp-content\/uploads\/2025\/11\/03-696x480.jpg 696w, https:\/\/terrasdebasto.pt\/wp-content\/uploads\/2025\/11\/03-1068x737.jpg 1068w, https:\/\/terrasdebasto.pt\/wp-content\/uploads\/2025\/11\/03-1920x1324.jpg 1920w, https:\/\/terrasdebasto.pt\/wp-content\/uploads\/2025\/11\/03.jpg 2015w\" sizes=\"auto, (max-width: 1024px) 100vw, 1024px\" \/><\/figure>\n<\/figure>\n\n\n\n<figure class=\"wp-block-gallery has-nested-images columns-default is-cropped wp-block-gallery-3 is-layout-flex wp-block-gallery-is-layout-flex\">\n<figure class=\"wp-block-image size-large\"><img loading=\"lazy\" decoding=\"async\" width=\"1024\" height=\"683\" data-id=\"5058\" src=\"https:\/\/terrasdebasto.pt\/wp-content\/uploads\/2025\/11\/04-1-1024x683.jpg\" alt=\"\" class=\"wp-image-5058\" srcset=\"https:\/\/terrasdebasto.pt\/wp-content\/uploads\/2025\/11\/04-1-1024x683.jpg 1024w, https:\/\/terrasdebasto.pt\/wp-content\/uploads\/2025\/11\/04-1-300x200.jpg 300w, https:\/\/terrasdebasto.pt\/wp-content\/uploads\/2025\/11\/04-1-768x512.jpg 768w, https:\/\/terrasdebasto.pt\/wp-content\/uploads\/2025\/11\/04-1-1536x1024.jpg 1536w, https:\/\/terrasdebasto.pt\/wp-content\/uploads\/2025\/11\/04-1-150x100.jpg 150w, https:\/\/terrasdebasto.pt\/wp-content\/uploads\/2025\/11\/04-1-696x464.jpg 696w, https:\/\/terrasdebasto.pt\/wp-content\/uploads\/2025\/11\/04-1-1068x712.jpg 1068w, https:\/\/terrasdebasto.pt\/wp-content\/uploads\/2025\/11\/04-1-1920x1280.jpg 1920w, https:\/\/terrasdebasto.pt\/wp-content\/uploads\/2025\/11\/04-1.jpg 1996w\" sizes=\"auto, (max-width: 1024px) 100vw, 1024px\" \/><\/figure>\n<\/figure>\n\n\n\n<figure class=\"wp-block-gallery has-nested-images columns-default is-cropped wp-block-gallery-4 is-layout-flex wp-block-gallery-is-layout-flex\">\n<figure class=\"wp-block-image size-large\"><img loading=\"lazy\" decoding=\"async\" width=\"1024\" height=\"522\" data-id=\"5059\" src=\"https:\/\/terrasdebasto.pt\/wp-content\/uploads\/2025\/11\/05-1-1024x522.jpg\" alt=\"\" class=\"wp-image-5059\" srcset=\"https:\/\/terrasdebasto.pt\/wp-content\/uploads\/2025\/11\/05-1-1024x522.jpg 1024w, https:\/\/terrasdebasto.pt\/wp-content\/uploads\/2025\/11\/05-1-300x153.jpg 300w, https:\/\/terrasdebasto.pt\/wp-content\/uploads\/2025\/11\/05-1-768x391.jpg 768w, https:\/\/terrasdebasto.pt\/wp-content\/uploads\/2025\/11\/05-1-1536x783.jpg 1536w, https:\/\/terrasdebasto.pt\/wp-content\/uploads\/2025\/11\/05-1-2048x1044.jpg 2048w, https:\/\/terrasdebasto.pt\/wp-content\/uploads\/2025\/11\/05-1-150x76.jpg 150w, https:\/\/terrasdebasto.pt\/wp-content\/uploads\/2025\/11\/05-1-696x355.jpg 696w, https:\/\/terrasdebasto.pt\/wp-content\/uploads\/2025\/11\/05-1-1068x544.jpg 1068w, https:\/\/terrasdebasto.pt\/wp-content\/uploads\/2025\/11\/05-1-1920x978.jpg 1920w\" sizes=\"auto, (max-width: 1024px) 100vw, 1024px\" \/><\/figure>\n<\/figure>\n\n\n\n<figure class=\"wp-block-gallery has-nested-images columns-default is-cropped wp-block-gallery-5 is-layout-flex wp-block-gallery-is-layout-flex\">\n<figure class=\"wp-block-image size-large\"><img loading=\"lazy\" decoding=\"async\" width=\"1024\" height=\"667\" data-id=\"5060\" src=\"https:\/\/terrasdebasto.pt\/wp-content\/uploads\/2025\/11\/06-1-1024x667.jpg\" alt=\"\" class=\"wp-image-5060\" srcset=\"https:\/\/terrasdebasto.pt\/wp-content\/uploads\/2025\/11\/06-1-1024x667.jpg 1024w, https:\/\/terrasdebasto.pt\/wp-content\/uploads\/2025\/11\/06-1-300x195.jpg 300w, https:\/\/terrasdebasto.pt\/wp-content\/uploads\/2025\/11\/06-1-768x500.jpg 768w, https:\/\/terrasdebasto.pt\/wp-content\/uploads\/2025\/11\/06-1-1536x1001.jpg 1536w, https:\/\/terrasdebasto.pt\/wp-content\/uploads\/2025\/11\/06-1-150x98.jpg 150w, https:\/\/terrasdebasto.pt\/wp-content\/uploads\/2025\/11\/06-1-696x454.jpg 696w, https:\/\/terrasdebasto.pt\/wp-content\/uploads\/2025\/11\/06-1-1068x696.jpg 1068w, https:\/\/terrasdebasto.pt\/wp-content\/uploads\/2025\/11\/06-1.jpg 1619w\" sizes=\"auto, (max-width: 1024px) 100vw, 1024px\" \/><\/figure>\n\n\n\n<figure class=\"wp-block-image size-large\"><img loading=\"lazy\" decoding=\"async\" width=\"1024\" height=\"631\" data-id=\"5061\" src=\"https:\/\/terrasdebasto.pt\/wp-content\/uploads\/2025\/11\/07-1-1024x631.jpg\" alt=\"\" class=\"wp-image-5061\" srcset=\"https:\/\/terrasdebasto.pt\/wp-content\/uploads\/2025\/11\/07-1-1024x631.jpg 1024w, https:\/\/terrasdebasto.pt\/wp-content\/uploads\/2025\/11\/07-1-300x185.jpg 300w, https:\/\/terrasdebasto.pt\/wp-content\/uploads\/2025\/11\/07-1-768x473.jpg 768w, https:\/\/terrasdebasto.pt\/wp-content\/uploads\/2025\/11\/07-1-1536x946.jpg 1536w, https:\/\/terrasdebasto.pt\/wp-content\/uploads\/2025\/11\/07-1-150x92.jpg 150w, https:\/\/terrasdebasto.pt\/wp-content\/uploads\/2025\/11\/07-1-696x429.jpg 696w, https:\/\/terrasdebasto.pt\/wp-content\/uploads\/2025\/11\/07-1-1068x658.jpg 1068w, https:\/\/terrasdebasto.pt\/wp-content\/uploads\/2025\/11\/07-1.jpg 1916w\" sizes=\"auto, (max-width: 1024px) 100vw, 1024px\" \/><\/figure>\n<\/figure>\n","protected":false},"excerpt":{"rendered":"<p>O Comando Territorial de Braga da Guarda Nacional Republicana est\u00e1 j\u00e1 a comemorar, em Celorico de Basto, o seu anivers\u00e1rio, que compreendeu, quinta-feira (20), a realiza\u00e7\u00e3o de atividades de cariz ambiental e pedag\u00f3gico sob o tema \u201cNatureza Segura, Futuro Sustent\u00e1vel\u201d. A caminhada destinada \u00e0 comunidade escolar teve in\u00edcio na Escola B\u00e1sica 2\/3 de Celorico de [&hellip;]<\/p>\n","protected":false},"author":7,"featured_media":5055,"comment_status":"open","ping_status":"open","sticky":false,"template":"","format":"standard","meta":{"footnotes":""},"categories":[13,8,11,9],"tags":[621,1191,626],"class_list":{"0":"post-5054","1":"post","2":"type-post","3":"status-publish","4":"format-standard","5":"has-post-thumbnail","7":"category-celorico-de-basto","8":"category-desporto","9":"category-educacao","10":"category-terras-de-basto","11":"tag-aniversario","12":"tag-comando-territorial-de-braga-da-gnr","13":"tag-gnr"},"yoast_head":"<!-- This site is optimized with the Yoast SEO plugin v25.7 - https:\/\/yoast.com\/wordpress\/plugins\/seo\/ -->\n<title>Caminhadas abriram comemora\u00e7\u00f5es do anivers\u00e1rio da GNR - Jornal Terras de Basto<\/title>\n<meta name=\"description\" content=\"O Comando Territorial de Braga da Guarda Nacional Republicana est\u00e1 j\u00e1 a comemorar, em Celorico de Basto, o seu anivers\u00e1rio, que compreendeu, quinta-feira (20), a realiza\u00e7\u00e3o de atividades de cariz ambiental e pedag\u00f3gico sob o tema \u201cNatureza Segura, Futuro Sustent\u00e1vel\u201d.\" \/>\n<meta name=\"robots\" content=\"index, follow, max-snippet:-1, max-image-preview:large, max-video-preview:-1\" \/>\n<link rel=\"canonical\" href=\"https:\/\/terrasdebasto.pt\/?p=5054\" \/>\n<meta property=\"og:locale\" content=\"pt_PT\" \/>\n<meta property=\"og:type\" content=\"article\" \/>\n<meta property=\"og:title\" content=\"Caminhadas abriram comemora\u00e7\u00f5es do anivers\u00e1rio da GNR - Jornal Terras de Basto\" \/>\n<meta property=\"og:description\" content=\"O Comando Territorial de Braga da Guarda Nacional Republicana est\u00e1 j\u00e1 a comemorar, em Celorico de Basto, o seu anivers\u00e1rio, que compreendeu, quinta-feira (20), a realiza\u00e7\u00e3o de atividades de cariz ambiental e pedag\u00f3gico sob o tema \u201cNatureza Segura, Futuro Sustent\u00e1vel\u201d.\" \/>\n<meta property=\"og:url\" content=\"https:\/\/terrasdebasto.pt\/?p=5054\" \/>\n<meta property=\"og:site_name\" content=\"Jornal Terras de Basto\" \/>\n<meta property=\"article:published_time\" content=\"2025-11-21T11:45:43+00:00\" \/>\n<meta property=\"article:modified_time\" content=\"2025-11-21T11:47:09+00:00\" \/>\n<meta property=\"og:image\" content=\"https:\/\/terrasdebasto.pt\/wp-content\/uploads\/2025\/11\/01-1.jpg\" \/>\n\t<meta property=\"og:image:width\" content=\"2048\" \/>\n\t<meta property=\"og:image:height\" content=\"1365\" \/>\n\t<meta property=\"og:image:type\" content=\"image\/jpeg\" \/>\n<meta name=\"author\" content=\"Jo\u00e3o Paulo Mesquita\" \/>\n<meta name=\"twitter:card\" content=\"summary_large_image\" \/>\n<meta name=\"twitter:label1\" content=\"Escrito por\" \/>\n\t<meta name=\"twitter:data1\" content=\"Jo\u00e3o Paulo Mesquita\" \/>\n\t<meta name=\"twitter:label2\" content=\"Tempo estimado de leitura\" \/>\n\t<meta name=\"twitter:data2\" content=\"3 minutos\" \/>\n<script type=\"application\/ld+json\" class=\"yoast-schema-graph\">{\"@context\":\"https:\/\/schema.org\",\"@graph\":[{\"@type\":\"Article\",\"@id\":\"https:\/\/terrasdebasto.pt\/?p=5054#article\",\"isPartOf\":{\"@id\":\"https:\/\/terrasdebasto.pt\/?p=5054\"},\"author\":{\"name\":\"Jo\u00e3o Paulo Mesquita\",\"@id\":\"https:\/\/terrasdebasto.pt\/#\/schema\/person\/9f6739f5394ac65c802641773b278b84\"},\"headline\":\"Caminhadas abriram comemora\u00e7\u00f5es do anivers\u00e1rio da GNR\",\"datePublished\":\"2025-11-21T11:45:43+00:00\",\"dateModified\":\"2025-11-21T11:47:09+00:00\",\"mainEntityOfPage\":{\"@id\":\"https:\/\/terrasdebasto.pt\/?p=5054\"},\"wordCount\":132,\"commentCount\":0,\"publisher\":{\"@id\":\"https:\/\/terrasdebasto.pt\/#organization\"},\"image\":{\"@id\":\"https:\/\/terrasdebasto.pt\/?p=5054#primaryimage\"},\"thumbnailUrl\":\"https:\/\/terrasdebasto.pt\/wp-content\/uploads\/2025\/11\/01-1.jpg\",\"keywords\":[\"anivers\u00e1rio\",\"Comando Territorial de Braga da GNR\",\"GNR\"],\"articleSection\":[\"Celorico de Basto\",\"Desporto\",\"Educa\u00e7\u00e3o\",\"Terras de Basto\"],\"inLanguage\":\"pt-PT\",\"potentialAction\":[{\"@type\":\"CommentAction\",\"name\":\"Comment\",\"target\":[\"https:\/\/terrasdebasto.pt\/?p=5054#respond\"]}]},{\"@type\":\"WebPage\",\"@id\":\"https:\/\/terrasdebasto.pt\/?p=5054\",\"url\":\"https:\/\/terrasdebasto.pt\/?p=5054\",\"name\":\"Caminhadas abriram comemora\u00e7\u00f5es do anivers\u00e1rio da GNR - Jornal Terras de Basto\",\"isPartOf\":{\"@id\":\"https:\/\/terrasdebasto.pt\/#website\"},\"primaryImageOfPage\":{\"@id\":\"https:\/\/terrasdebasto.pt\/?p=5054#primaryimage\"},\"image\":{\"@id\":\"https:\/\/terrasdebasto.pt\/?p=5054#primaryimage\"},\"thumbnailUrl\":\"https:\/\/terrasdebasto.pt\/wp-content\/uploads\/2025\/11\/01-1.jpg\",\"datePublished\":\"2025-11-21T11:45:43+00:00\",\"dateModified\":\"2025-11-21T11:47:09+00:00\",\"description\":\"O Comando Territorial de Braga da Guarda Nacional Republicana est\u00e1 j\u00e1 a comemorar, em Celorico de Basto, o seu anivers\u00e1rio, que compreendeu, quinta-feira (20), a realiza\u00e7\u00e3o de atividades de cariz ambiental e pedag\u00f3gico sob o tema \u201cNatureza Segura, Futuro Sustent\u00e1vel\u201d.\",\"breadcrumb\":{\"@id\":\"https:\/\/terrasdebasto.pt\/?p=5054#breadcrumb\"},\"inLanguage\":\"pt-PT\",\"potentialAction\":[{\"@type\":\"ReadAction\",\"target\":[\"https:\/\/terrasdebasto.pt\/?p=5054\"]}]},{\"@type\":\"ImageObject\",\"inLanguage\":\"pt-PT\",\"@id\":\"https:\/\/terrasdebasto.pt\/?p=5054#primaryimage\",\"url\":\"https:\/\/terrasdebasto.pt\/wp-content\/uploads\/2025\/11\/01-1.jpg\",\"contentUrl\":\"https:\/\/terrasdebasto.pt\/wp-content\/uploads\/2025\/11\/01-1.jpg\",\"width\":2048,\"height\":1365},{\"@type\":\"BreadcrumbList\",\"@id\":\"https:\/\/terrasdebasto.pt\/?p=5054#breadcrumb\",\"itemListElement\":[{\"@type\":\"ListItem\",\"position\":1,\"name\":\"In\u00edcio\",\"item\":\"https:\/\/terrasdebasto.pt\/\"},{\"@type\":\"ListItem\",\"position\":2,\"name\":\"Caminhadas abriram comemora\u00e7\u00f5es do anivers\u00e1rio da GNR\"}]},{\"@type\":\"WebSite\",\"@id\":\"https:\/\/terrasdebasto.pt\/#website\",\"url\":\"https:\/\/terrasdebasto.pt\/\",\"name\":\"Jornal Terras de Basto\",\"description\":\"\",\"publisher\":{\"@id\":\"https:\/\/terrasdebasto.pt\/#organization\"},\"potentialAction\":[{\"@type\":\"SearchAction\",\"target\":{\"@type\":\"EntryPoint\",\"urlTemplate\":\"https:\/\/terrasdebasto.pt\/?s={search_term_string}\"},\"query-input\":{\"@type\":\"PropertyValueSpecification\",\"valueRequired\":true,\"valueName\":\"search_term_string\"}}],\"inLanguage\":\"pt-PT\"},{\"@type\":\"Organization\",\"@id\":\"https:\/\/terrasdebasto.pt\/#organization\",\"name\":\"Jornal Terras de Basto\",\"url\":\"https:\/\/terrasdebasto.pt\/\",\"logo\":{\"@type\":\"ImageObject\",\"inLanguage\":\"pt-PT\",\"@id\":\"https:\/\/terrasdebasto.pt\/#\/schema\/logo\/image\/\",\"url\":\"https:\/\/terrasdebasto.pt\/wp-content\/uploads\/2024\/06\/LogoNormal.png\",\"contentUrl\":\"https:\/\/terrasdebasto.pt\/wp-content\/uploads\/2024\/06\/LogoNormal.png\",\"width\":5638,\"height\":809,\"caption\":\"Jornal Terras de Basto\"},\"image\":{\"@id\":\"https:\/\/terrasdebasto.pt\/#\/schema\/logo\/image\/\"}},{\"@type\":\"Person\",\"@id\":\"https:\/\/terrasdebasto.pt\/#\/schema\/person\/9f6739f5394ac65c802641773b278b84\",\"name\":\"Jo\u00e3o Paulo Mesquita\",\"image\":{\"@type\":\"ImageObject\",\"inLanguage\":\"pt-PT\",\"@id\":\"https:\/\/terrasdebasto.pt\/#\/schema\/person\/image\/\",\"url\":\"https:\/\/secure.gravatar.com\/avatar\/9bd0f299e6d96336664aab64354168246a3ee3287c47891c50d450e47ed9d7f9?s=96&d=mm&r=g\",\"contentUrl\":\"https:\/\/secure.gravatar.com\/avatar\/9bd0f299e6d96336664aab64354168246a3ee3287c47891c50d450e47ed9d7f9?s=96&d=mm&r=g\",\"caption\":\"Jo\u00e3o Paulo Mesquita\"},\"url\":\"https:\/\/terrasdebasto.pt\/?author=7\"}]}<\/script>\n<!-- \/ Yoast SEO plugin. -->","yoast_head_json":{"title":"Caminhadas abriram comemora\u00e7\u00f5es do anivers\u00e1rio da GNR - Jornal Terras de Basto","description":"O Comando Territorial de Braga da Guarda Nacional Republicana est\u00e1 j\u00e1 a comemorar, em Celorico de Basto, o seu anivers\u00e1rio, que compreendeu, quinta-feira (20), a realiza\u00e7\u00e3o de atividades de cariz ambiental e pedag\u00f3gico sob o tema \u201cNatureza Segura, Futuro Sustent\u00e1vel\u201d.","robots":{"index":"index","follow":"follow","max-snippet":"max-snippet:-1","max-image-preview":"max-image-preview:large","max-video-preview":"max-video-preview:-1"},"canonical":"https:\/\/terrasdebasto.pt\/?p=5054","og_locale":"pt_PT","og_type":"article","og_title":"Caminhadas abriram comemora\u00e7\u00f5es do anivers\u00e1rio da GNR - Jornal Terras de Basto","og_description":"O Comando Territorial de Braga da Guarda Nacional Republicana est\u00e1 j\u00e1 a comemorar, em Celorico de Basto, o seu anivers\u00e1rio, que compreendeu, quinta-feira (20), a realiza\u00e7\u00e3o de atividades de cariz ambiental e pedag\u00f3gico sob o tema \u201cNatureza Segura, Futuro Sustent\u00e1vel\u201d.","og_url":"https:\/\/terrasdebasto.pt\/?p=5054","og_site_name":"Jornal Terras de Basto","article_published_time":"2025-11-21T11:45:43+00:00","article_modified_time":"2025-11-21T11:47:09+00:00","og_image":[{"width":2048,"height":1365,"url":"https:\/\/terrasdebasto.pt\/wp-content\/uploads\/2025\/11\/01-1.jpg","type":"image\/jpeg"}],"author":"Jo\u00e3o Paulo Mesquita","twitter_card":"summary_large_image","twitter_misc":{"Escrito por":"Jo\u00e3o Paulo Mesquita","Tempo estimado de leitura":"3 minutos"},"schema":{"@context":"https:\/\/schema.org","@graph":[{"@type":"Article","@id":"https:\/\/terrasdebasto.pt\/?p=5054#article","isPartOf":{"@id":"https:\/\/terrasdebasto.pt\/?p=5054"},"author":{"name":"Jo\u00e3o Paulo Mesquita","@id":"https:\/\/terrasdebasto.pt\/#\/schema\/person\/9f6739f5394ac65c802641773b278b84"},"headline":"Caminhadas abriram comemora\u00e7\u00f5es do anivers\u00e1rio da GNR","datePublished":"2025-11-21T11:45:43+00:00","dateModified":"2025-11-21T11:47:09+00:00","mainEntityOfPage":{"@id":"https:\/\/terrasdebasto.pt\/?p=5054"},"wordCount":132,"commentCount":0,"publisher":{"@id":"https:\/\/terrasdebasto.pt\/#organization"},"image":{"@id":"https:\/\/terrasdebasto.pt\/?p=5054#primaryimage"},"thumbnailUrl":"https:\/\/terrasdebasto.pt\/wp-content\/uploads\/2025\/11\/01-1.jpg","keywords":["anivers\u00e1rio","Comando Territorial de Braga da GNR","GNR"],"articleSection":["Celorico de Basto","Desporto","Educa\u00e7\u00e3o","Terras de Basto"],"inLanguage":"pt-PT","potentialAction":[{"@type":"CommentAction","name":"Comment","target":["https:\/\/terrasdebasto.pt\/?p=5054#respond"]}]},{"@type":"WebPage","@id":"https:\/\/terrasdebasto.pt\/?p=5054","url":"https:\/\/terrasdebasto.pt\/?p=5054","name":"Caminhadas abriram comemora\u00e7\u00f5es do anivers\u00e1rio da GNR - Jornal Terras de Basto","isPartOf":{"@id":"https:\/\/terrasdebasto.pt\/#website"},"primaryImageOfPage":{"@id":"https:\/\/terrasdebasto.pt\/?p=5054#primaryimage"},"image":{"@id":"https:\/\/terrasdebasto.pt\/?p=5054#primaryimage"},"thumbnailUrl":"https:\/\/terrasdebasto.pt\/wp-content\/uploads\/2025\/11\/01-1.jpg","datePublished":"2025-11-21T11:45:43+00:00","dateModified":"2025-11-21T11:47:09+00:00","description":"O Comando Territorial de Braga da Guarda Nacional Republicana est\u00e1 j\u00e1 a comemorar, em Celorico de Basto, o seu anivers\u00e1rio, que compreendeu, quinta-feira (20), a realiza\u00e7\u00e3o de atividades de cariz ambiental e pedag\u00f3gico sob o tema \u201cNatureza Segura, Futuro Sustent\u00e1vel\u201d.","breadcrumb":{"@id":"https:\/\/terrasdebasto.pt\/?p=5054#breadcrumb"},"inLanguage":"pt-PT","potentialAction":[{"@type":"ReadAction","target":["https:\/\/terrasdebasto.pt\/?p=5054"]}]},{"@type":"ImageObject","inLanguage":"pt-PT","@id":"https:\/\/terrasdebasto.pt\/?p=5054#primaryimage","url":"https:\/\/terrasdebasto.pt\/wp-content\/uploads\/2025\/11\/01-1.jpg","contentUrl":"https:\/\/terrasdebasto.pt\/wp-content\/uploads\/2025\/11\/01-1.jpg","width":2048,"height":1365},{"@type":"BreadcrumbList","@id":"https:\/\/terrasdebasto.pt\/?p=5054#breadcrumb","itemListElement":[{"@type":"ListItem","position":1,"name":"In\u00edcio","item":"https:\/\/terrasdebasto.pt\/"},{"@type":"ListItem","position":2,"name":"Caminhadas abriram comemora\u00e7\u00f5es do anivers\u00e1rio da GNR"}]},{"@type":"WebSite","@id":"https:\/\/terrasdebasto.pt\/#website","url":"https:\/\/terrasdebasto.pt\/","name":"Jornal Terras de Basto","description":"","publisher":{"@id":"https:\/\/terrasdebasto.pt\/#organization"},"potentialAction":[{"@type":"SearchAction","target":{"@type":"EntryPoint","urlTemplate":"https:\/\/terrasdebasto.pt\/?s={search_term_string}"},"query-input":{"@type":"PropertyValueSpecification","valueRequired":true,"valueName":"search_term_string"}}],"inLanguage":"pt-PT"},{"@type":"Organization","@id":"https:\/\/terrasdebasto.pt\/#organization","name":"Jornal Terras de Basto","url":"https:\/\/terrasdebasto.pt\/","logo":{"@type":"ImageObject","inLanguage":"pt-PT","@id":"https:\/\/terrasdebasto.pt\/#\/schema\/logo\/image\/","url":"https:\/\/terrasdebasto.pt\/wp-content\/uploads\/2024\/06\/LogoNormal.png","contentUrl":"https:\/\/terrasdebasto.pt\/wp-content\/uploads\/2024\/06\/LogoNormal.png","width":5638,"height":809,"caption":"Jornal Terras de Basto"},"image":{"@id":"https:\/\/terrasdebasto.pt\/#\/schema\/logo\/image\/"}},{"@type":"Person","@id":"https:\/\/terrasdebasto.pt\/#\/schema\/person\/9f6739f5394ac65c802641773b278b84","name":"Jo\u00e3o Paulo Mesquita","image":{"@type":"ImageObject","inLanguage":"pt-PT","@id":"https:\/\/terrasdebasto.pt\/#\/schema\/person\/image\/","url":"https:\/\/secure.gravatar.com\/avatar\/9bd0f299e6d96336664aab64354168246a3ee3287c47891c50d450e47ed9d7f9?s=96&d=mm&r=g","contentUrl":"https:\/\/secure.gravatar.com\/avatar\/9bd0f299e6d96336664aab64354168246a3ee3287c47891c50d450e47ed9d7f9?s=96&d=mm&r=g","caption":"Jo\u00e3o Paulo Mesquita"},"url":"https:\/\/terrasdebasto.pt\/?author=7"}]}},"_links":{"self":[{"href":"https:\/\/terrasdebasto.pt\/index.php?rest_route=\/wp\/v2\/posts\/5054","targetHints":{"allow":["GET"]}}],"collection":[{"href":"https:\/\/terrasdebasto.pt\/index.php?rest_route=\/wp\/v2\/posts"}],"about":[{"href":"https:\/\/terrasdebasto.pt\/index.php?rest_route=\/wp\/v2\/types\/post"}],"author":[{"embeddable":true,"href":"https:\/\/terrasdebasto.pt\/index.php?rest_route=\/wp\/v2\/users\/7"}],"replies":[{"embeddable":true,"href":"https:\/\/terrasdebasto.pt\/index.php?rest_route=%2Fwp%2Fv2%2Fcomments&post=5054"}],"version-history":[{"count":2,"href":"https:\/\/terrasdebasto.pt\/index.php?rest_route=\/wp\/v2\/posts\/5054\/revisions"}],"predecessor-version":[{"id":5063,"href":"https:\/\/terrasdebasto.pt\/index.php?rest_route=\/wp\/v2\/posts\/5054\/revisions\/5063"}],"wp:featuredmedia":[{"embeddable":true,"href":"https:\/\/terrasdebasto.pt\/index.php?rest_route=\/wp\/v2\/media\/5055"}],"wp:attachment":[{"href":"https:\/\/terrasdebasto.pt\/index.php?rest_route=%2Fwp%2Fv2%2Fmedia&parent=5054"}],"wp:term":[{"taxonomy":"category","embeddable":true,"href":"https:\/\/terrasdebasto.pt\/index.php?rest_route=%2Fwp%2Fv2%2Fcategories&post=5054"},{"taxonomy":"post_tag","embeddable":true,"href":"https:\/\/terrasdebasto.pt\/index.php?rest_route=%2Fwp%2Fv2%2Ftags&post=5054"}],"curies":[{"name":"wp","href":"https:\/\/api.w.org\/{rel}","templated":true}]}}