{"id":5047,"date":"2025-11-19T16:22:07","date_gmt":"2025-11-19T16:22:07","guid":{"rendered":"https:\/\/terrasdebasto.pt\/?p=5047"},"modified":"2025-11-19T16:23:05","modified_gmt":"2025-11-19T16:23:05","slug":"js-cabeceiras-desconvoca-assembleia-eleitoral","status":"publish","type":"post","link":"https:\/\/terrasdebasto.pt\/?p=5047","title":{"rendered":"JS\/Cabeceiras desconvoca assembleia eleitoral"},"content":{"rendered":"\n<p><\/p>\n\n\n\n<p><strong>Horas depois da not\u00edcia tornada p\u00fablica pelo Terras de Basto, foi desconvocada, na manh\u00e3 desta quarta-feira (19) a assembleia geral eleitoral da concelhia de Cabeceiras de Basto da Juventude Socialista destinada a escolher os seus delegados ao congresso federativo que acontece a 20 de dezembro em Barcelos.<\/strong><\/p>\n\n\n\n<p>Em mensagem aos militantes da JS \u2013 a que o Terras de Basto teve acesso \u2013, o presidente da mesa da assembleia geral da estrutura juvenil informa que \u00aba convocat\u00f3ria anteriormente enviada deve ser integralmente desconsiderada\u00bb.<\/p>\n\n\n\n<p>\u00abTal comunica\u00e7\u00e3o n\u00e3o chegou \u00e0 sede nacional em conformidade com os procedimentos estabelecidos e, por erro da nossa parte, foi indevidamente remetida aos militantes\u00bb, alega Jo\u00e3o Carlos Castro, lamentando, ele pr\u00f3prio, o sucedido.<\/p>\n\n\n\n<p>O dirigente juvenil n\u00e3o explica, contudo, que a convocat\u00f3ria enviada aos militantes da JS estava ferida de legalidade, desde logo a de admitir como \u00fanica via para a formaliza\u00e7\u00e3o das listas o envio digital para o seu endere\u00e7o pessoal, tal como este jornal noticiou.<\/p>\n\n\n\n<p>Aos militantes da JS\/Cabeceiras de Basto \u2013 estrutura que continua sem presidente da dire\u00e7\u00e3o, o que d\u00e1 poderes de representa\u00e7\u00e3o ao presidente da assembleia geral \u2013 n\u00e3o foi comunicada, entretanto, a data, a hora e o local para a entrega das listas de candidatos a delegados ao congresso federativo.<\/p>\n\n\n\n<p>Um militante da JS ouvido por este jornal manifesta o seu desagrado por \u00abesta e outras situa\u00e7\u00f5es\u00bb: \u00abisto parece uma telenovela mexicana\u2026 Ora convoca, ora desconvoca\u2026 coisas b\u00e1sicas\u2026 T\u00e3o preocupados que est\u00e3o em manter o poder que atropelam tudo e todos. \u00c9 preciso parar para pensar e fazer as coisas direitas\u00bb, comenta, pedindo o anonimato.<\/p>\n\n\n\n<p>Para este militante, o que \u00e9 mais relevante \u00e9 \u00abo descr\u00e9dito da Juventude Socialista\u00bb junto dos jovens cabeceirenses, onde, \u00abpor raz\u00f5es \u00f3bvias, j\u00e1 n\u00e3o \u00e9 f\u00e1cil captar interesse\u00bb, a avaliar pelo reduzido n\u00famero de militantes a que est\u00e1 circunscrita esta concelhia. \u00abAl\u00e9m disso, isto deixa perceber bem o estado em que est\u00e1 tamb\u00e9m o pr\u00f3prio partido: quem est\u00e1 na origem destes imbr\u00f3glios na JS \u00e9 algu\u00e9m que concerta o quotidiano pol\u00edtico com o pr\u00f3prio l\u00edder do PS\/Cabeceiras, que \u00e9 seu pai\u00bb, diz.<\/p>\n\n\n\n<figure class=\"wp-block-gallery has-nested-images columns-default is-cropped wp-block-gallery-1 is-layout-flex wp-block-gallery-is-layout-flex\">\n<figure class=\"wp-block-image size-large\"><img loading=\"lazy\" decoding=\"async\" width=\"913\" height=\"984\" data-id=\"5052\" src=\"https:\/\/terrasdebasto.pt\/wp-content\/uploads\/2025\/11\/JUVENTUDE-SOCIALISTA.jpg\" alt=\"\" class=\"wp-image-5052\" srcset=\"https:\/\/terrasdebasto.pt\/wp-content\/uploads\/2025\/11\/JUVENTUDE-SOCIALISTA.jpg 913w, https:\/\/terrasdebasto.pt\/wp-content\/uploads\/2025\/11\/JUVENTUDE-SOCIALISTA-278x300.jpg 278w, https:\/\/terrasdebasto.pt\/wp-content\/uploads\/2025\/11\/JUVENTUDE-SOCIALISTA-768x828.jpg 768w, https:\/\/terrasdebasto.pt\/wp-content\/uploads\/2025\/11\/JUVENTUDE-SOCIALISTA-150x162.jpg 150w, https:\/\/terrasdebasto.pt\/wp-content\/uploads\/2025\/11\/JUVENTUDE-SOCIALISTA-300x323.jpg 300w, https:\/\/terrasdebasto.pt\/wp-content\/uploads\/2025\/11\/JUVENTUDE-SOCIALISTA-696x750.jpg 696w\" sizes=\"auto, (max-width: 913px) 100vw, 913px\" \/><\/figure>\n<\/figure>\n","protected":false},"excerpt":{"rendered":"<p>Horas depois da not\u00edcia tornada p\u00fablica pelo Terras de Basto, foi desconvocada, na manh\u00e3 desta quarta-feira (19) a assembleia geral eleitoral da concelhia de Cabeceiras de Basto da Juventude Socialista destinada a escolher os seus delegados ao congresso federativo que acontece a 20 de dezembro em Barcelos. Em mensagem aos militantes da JS \u2013 a [&hellip;]<\/p>\n","protected":false},"author":7,"featured_media":5048,"comment_status":"open","ping_status":"open","sticky":false,"template":"","format":"standard","meta":{"footnotes":""},"categories":[12,9],"tags":[1200,1194,1201,1199,1136],"class_list":{"0":"post-5047","1":"post","2":"type-post","3":"status-publish","4":"format-standard","5":"has-post-thumbnail","7":"category-cabeceiras-de-basto","8":"category-terras-de-basto","9":"tag-congresso-da-js-braga","10":"tag-js","11":"tag-js-braga","12":"tag-js-cabeceiras-de-basto","13":"tag-juventude-socialista"},"yoast_head":"<!-- This site is optimized with the Yoast SEO plugin v25.7 - https:\/\/yoast.com\/wordpress\/plugins\/seo\/ -->\n<title>JS\/Cabeceiras desconvoca assembleia eleitoral - Jornal Terras de Basto<\/title>\n<meta name=\"description\" content=\"Horas depois da not\u00edcia tornada p\u00fablica pelo Terras de Basto, foi desconvocada, na manh\u00e3 desta quarta-feira (19) a assembleia geral eleitoral da concelhia de Cabeceiras de Basto da Juventude Socialista destinada a escolher os seus delegados ao congresso federativo que acontece a 20 de dezembro em Barcelos.\" \/>\n<meta name=\"robots\" content=\"index, follow, max-snippet:-1, max-image-preview:large, max-video-preview:-1\" \/>\n<link rel=\"canonical\" href=\"https:\/\/terrasdebasto.pt\/?p=5047\" \/>\n<meta property=\"og:locale\" content=\"pt_PT\" \/>\n<meta property=\"og:type\" content=\"article\" \/>\n<meta property=\"og:title\" content=\"JS\/Cabeceiras desconvoca assembleia eleitoral - Jornal Terras de Basto\" \/>\n<meta property=\"og:description\" content=\"Horas depois da not\u00edcia tornada p\u00fablica pelo Terras de Basto, foi desconvocada, na manh\u00e3 desta quarta-feira (19) a assembleia geral eleitoral da concelhia de Cabeceiras de Basto da Juventude Socialista destinada a escolher os seus delegados ao congresso federativo que acontece a 20 de dezembro em Barcelos.\" \/>\n<meta property=\"og:url\" content=\"https:\/\/terrasdebasto.pt\/?p=5047\" \/>\n<meta property=\"og:site_name\" content=\"Jornal Terras de Basto\" \/>\n<meta property=\"article:published_time\" content=\"2025-11-19T16:22:07+00:00\" \/>\n<meta property=\"article:modified_time\" content=\"2025-11-19T16:23:05+00:00\" \/>\n<meta property=\"og:image\" content=\"https:\/\/terrasdebasto.pt\/wp-content\/uploads\/2025\/11\/JS-1-1.jpg\" \/>\n\t<meta property=\"og:image:width\" content=\"838\" \/>\n\t<meta property=\"og:image:height\" content=\"615\" \/>\n\t<meta property=\"og:image:type\" content=\"image\/jpeg\" \/>\n<meta name=\"author\" content=\"Jo\u00e3o Paulo Mesquita\" \/>\n<meta name=\"twitter:card\" content=\"summary_large_image\" \/>\n<meta name=\"twitter:label1\" content=\"Escrito por\" \/>\n\t<meta name=\"twitter:data1\" content=\"Jo\u00e3o Paulo Mesquita\" \/>\n\t<meta name=\"twitter:label2\" content=\"Tempo estimado de leitura\" \/>\n\t<meta name=\"twitter:data2\" content=\"3 minutos\" \/>\n<script type=\"application\/ld+json\" class=\"yoast-schema-graph\">{\"@context\":\"https:\/\/schema.org\",\"@graph\":[{\"@type\":\"Article\",\"@id\":\"https:\/\/terrasdebasto.pt\/?p=5047#article\",\"isPartOf\":{\"@id\":\"https:\/\/terrasdebasto.pt\/?p=5047\"},\"author\":{\"name\":\"Jo\u00e3o Paulo Mesquita\",\"@id\":\"https:\/\/terrasdebasto.pt\/#\/schema\/person\/9f6739f5394ac65c802641773b278b84\"},\"headline\":\"JS\/Cabeceiras desconvoca assembleia eleitoral\",\"datePublished\":\"2025-11-19T16:22:07+00:00\",\"dateModified\":\"2025-11-19T16:23:05+00:00\",\"mainEntityOfPage\":{\"@id\":\"https:\/\/terrasdebasto.pt\/?p=5047\"},\"wordCount\":371,\"commentCount\":0,\"publisher\":{\"@id\":\"https:\/\/terrasdebasto.pt\/#organization\"},\"image\":{\"@id\":\"https:\/\/terrasdebasto.pt\/?p=5047#primaryimage\"},\"thumbnailUrl\":\"https:\/\/terrasdebasto.pt\/wp-content\/uploads\/2025\/11\/JS-1-1.jpg\",\"keywords\":[\"Congresso da JS\/Braga\",\"JS\",\"JS\/Braga\",\"JS\/Cabeceiras de Basto\",\"Juventude Socialista\"],\"articleSection\":[\"Cabeceiras de Basto\",\"Terras de Basto\"],\"inLanguage\":\"pt-PT\",\"potentialAction\":[{\"@type\":\"CommentAction\",\"name\":\"Comment\",\"target\":[\"https:\/\/terrasdebasto.pt\/?p=5047#respond\"]}]},{\"@type\":\"WebPage\",\"@id\":\"https:\/\/terrasdebasto.pt\/?p=5047\",\"url\":\"https:\/\/terrasdebasto.pt\/?p=5047\",\"name\":\"JS\/Cabeceiras desconvoca assembleia eleitoral - Jornal Terras de Basto\",\"isPartOf\":{\"@id\":\"https:\/\/terrasdebasto.pt\/#website\"},\"primaryImageOfPage\":{\"@id\":\"https:\/\/terrasdebasto.pt\/?p=5047#primaryimage\"},\"image\":{\"@id\":\"https:\/\/terrasdebasto.pt\/?p=5047#primaryimage\"},\"thumbnailUrl\":\"https:\/\/terrasdebasto.pt\/wp-content\/uploads\/2025\/11\/JS-1-1.jpg\",\"datePublished\":\"2025-11-19T16:22:07+00:00\",\"dateModified\":\"2025-11-19T16:23:05+00:00\",\"description\":\"Horas depois da not\u00edcia tornada p\u00fablica pelo Terras de Basto, foi desconvocada, na manh\u00e3 desta quarta-feira (19) a assembleia geral eleitoral da concelhia de Cabeceiras de Basto da Juventude Socialista destinada a escolher os seus delegados ao congresso federativo que acontece a 20 de dezembro em Barcelos.\",\"breadcrumb\":{\"@id\":\"https:\/\/terrasdebasto.pt\/?p=5047#breadcrumb\"},\"inLanguage\":\"pt-PT\",\"potentialAction\":[{\"@type\":\"ReadAction\",\"target\":[\"https:\/\/terrasdebasto.pt\/?p=5047\"]}]},{\"@type\":\"ImageObject\",\"inLanguage\":\"pt-PT\",\"@id\":\"https:\/\/terrasdebasto.pt\/?p=5047#primaryimage\",\"url\":\"https:\/\/terrasdebasto.pt\/wp-content\/uploads\/2025\/11\/JS-1-1.jpg\",\"contentUrl\":\"https:\/\/terrasdebasto.pt\/wp-content\/uploads\/2025\/11\/JS-1-1.jpg\",\"width\":838,\"height\":615},{\"@type\":\"BreadcrumbList\",\"@id\":\"https:\/\/terrasdebasto.pt\/?p=5047#breadcrumb\",\"itemListElement\":[{\"@type\":\"ListItem\",\"position\":1,\"name\":\"In\u00edcio\",\"item\":\"https:\/\/terrasdebasto.pt\/\"},{\"@type\":\"ListItem\",\"position\":2,\"name\":\"JS\/Cabeceiras desconvoca assembleia eleitoral\"}]},{\"@type\":\"WebSite\",\"@id\":\"https:\/\/terrasdebasto.pt\/#website\",\"url\":\"https:\/\/terrasdebasto.pt\/\",\"name\":\"Jornal Terras de Basto\",\"description\":\"\",\"publisher\":{\"@id\":\"https:\/\/terrasdebasto.pt\/#organization\"},\"potentialAction\":[{\"@type\":\"SearchAction\",\"target\":{\"@type\":\"EntryPoint\",\"urlTemplate\":\"https:\/\/terrasdebasto.pt\/?s={search_term_string}\"},\"query-input\":{\"@type\":\"PropertyValueSpecification\",\"valueRequired\":true,\"valueName\":\"search_term_string\"}}],\"inLanguage\":\"pt-PT\"},{\"@type\":\"Organization\",\"@id\":\"https:\/\/terrasdebasto.pt\/#organization\",\"name\":\"Jornal Terras de Basto\",\"url\":\"https:\/\/terrasdebasto.pt\/\",\"logo\":{\"@type\":\"ImageObject\",\"inLanguage\":\"pt-PT\",\"@id\":\"https:\/\/terrasdebasto.pt\/#\/schema\/logo\/image\/\",\"url\":\"https:\/\/terrasdebasto.pt\/wp-content\/uploads\/2024\/06\/LogoNormal.png\",\"contentUrl\":\"https:\/\/terrasdebasto.pt\/wp-content\/uploads\/2024\/06\/LogoNormal.png\",\"width\":5638,\"height\":809,\"caption\":\"Jornal Terras de Basto\"},\"image\":{\"@id\":\"https:\/\/terrasdebasto.pt\/#\/schema\/logo\/image\/\"}},{\"@type\":\"Person\",\"@id\":\"https:\/\/terrasdebasto.pt\/#\/schema\/person\/9f6739f5394ac65c802641773b278b84\",\"name\":\"Jo\u00e3o Paulo Mesquita\",\"image\":{\"@type\":\"ImageObject\",\"inLanguage\":\"pt-PT\",\"@id\":\"https:\/\/terrasdebasto.pt\/#\/schema\/person\/image\/\",\"url\":\"https:\/\/secure.gravatar.com\/avatar\/9bd0f299e6d96336664aab64354168246a3ee3287c47891c50d450e47ed9d7f9?s=96&d=mm&r=g\",\"contentUrl\":\"https:\/\/secure.gravatar.com\/avatar\/9bd0f299e6d96336664aab64354168246a3ee3287c47891c50d450e47ed9d7f9?s=96&d=mm&r=g\",\"caption\":\"Jo\u00e3o Paulo Mesquita\"},\"url\":\"https:\/\/terrasdebasto.pt\/?author=7\"}]}<\/script>\n<!-- \/ Yoast SEO plugin. -->","yoast_head_json":{"title":"JS\/Cabeceiras desconvoca assembleia eleitoral - Jornal Terras de Basto","description":"Horas depois da not\u00edcia tornada p\u00fablica pelo Terras de Basto, foi desconvocada, na manh\u00e3 desta quarta-feira (19) a assembleia geral eleitoral da concelhia de Cabeceiras de Basto da Juventude Socialista destinada a escolher os seus delegados ao congresso federativo que acontece a 20 de dezembro em Barcelos.","robots":{"index":"index","follow":"follow","max-snippet":"max-snippet:-1","max-image-preview":"max-image-preview:large","max-video-preview":"max-video-preview:-1"},"canonical":"https:\/\/terrasdebasto.pt\/?p=5047","og_locale":"pt_PT","og_type":"article","og_title":"JS\/Cabeceiras desconvoca assembleia eleitoral - Jornal Terras de Basto","og_description":"Horas depois da not\u00edcia tornada p\u00fablica pelo Terras de Basto, foi desconvocada, na manh\u00e3 desta quarta-feira (19) a assembleia geral eleitoral da concelhia de Cabeceiras de Basto da Juventude Socialista destinada a escolher os seus delegados ao congresso federativo que acontece a 20 de dezembro em Barcelos.","og_url":"https:\/\/terrasdebasto.pt\/?p=5047","og_site_name":"Jornal Terras de Basto","article_published_time":"2025-11-19T16:22:07+00:00","article_modified_time":"2025-11-19T16:23:05+00:00","og_image":[{"width":838,"height":615,"url":"https:\/\/terrasdebasto.pt\/wp-content\/uploads\/2025\/11\/JS-1-1.jpg","type":"image\/jpeg"}],"author":"Jo\u00e3o Paulo Mesquita","twitter_card":"summary_large_image","twitter_misc":{"Escrito por":"Jo\u00e3o Paulo Mesquita","Tempo estimado de leitura":"3 minutos"},"schema":{"@context":"https:\/\/schema.org","@graph":[{"@type":"Article","@id":"https:\/\/terrasdebasto.pt\/?p=5047#article","isPartOf":{"@id":"https:\/\/terrasdebasto.pt\/?p=5047"},"author":{"name":"Jo\u00e3o Paulo Mesquita","@id":"https:\/\/terrasdebasto.pt\/#\/schema\/person\/9f6739f5394ac65c802641773b278b84"},"headline":"JS\/Cabeceiras desconvoca assembleia eleitoral","datePublished":"2025-11-19T16:22:07+00:00","dateModified":"2025-11-19T16:23:05+00:00","mainEntityOfPage":{"@id":"https:\/\/terrasdebasto.pt\/?p=5047"},"wordCount":371,"commentCount":0,"publisher":{"@id":"https:\/\/terrasdebasto.pt\/#organization"},"image":{"@id":"https:\/\/terrasdebasto.pt\/?p=5047#primaryimage"},"thumbnailUrl":"https:\/\/terrasdebasto.pt\/wp-content\/uploads\/2025\/11\/JS-1-1.jpg","keywords":["Congresso da JS\/Braga","JS","JS\/Braga","JS\/Cabeceiras de Basto","Juventude Socialista"],"articleSection":["Cabeceiras de Basto","Terras de Basto"],"inLanguage":"pt-PT","potentialAction":[{"@type":"CommentAction","name":"Comment","target":["https:\/\/terrasdebasto.pt\/?p=5047#respond"]}]},{"@type":"WebPage","@id":"https:\/\/terrasdebasto.pt\/?p=5047","url":"https:\/\/terrasdebasto.pt\/?p=5047","name":"JS\/Cabeceiras desconvoca assembleia eleitoral - Jornal Terras de Basto","isPartOf":{"@id":"https:\/\/terrasdebasto.pt\/#website"},"primaryImageOfPage":{"@id":"https:\/\/terrasdebasto.pt\/?p=5047#primaryimage"},"image":{"@id":"https:\/\/terrasdebasto.pt\/?p=5047#primaryimage"},"thumbnailUrl":"https:\/\/terrasdebasto.pt\/wp-content\/uploads\/2025\/11\/JS-1-1.jpg","datePublished":"2025-11-19T16:22:07+00:00","dateModified":"2025-11-19T16:23:05+00:00","description":"Horas depois da not\u00edcia tornada p\u00fablica pelo Terras de Basto, foi desconvocada, na manh\u00e3 desta quarta-feira (19) a assembleia geral eleitoral da concelhia de Cabeceiras de Basto da Juventude Socialista destinada a escolher os seus delegados ao congresso federativo que acontece a 20 de dezembro em Barcelos.","breadcrumb":{"@id":"https:\/\/terrasdebasto.pt\/?p=5047#breadcrumb"},"inLanguage":"pt-PT","potentialAction":[{"@type":"ReadAction","target":["https:\/\/terrasdebasto.pt\/?p=5047"]}]},{"@type":"ImageObject","inLanguage":"pt-PT","@id":"https:\/\/terrasdebasto.pt\/?p=5047#primaryimage","url":"https:\/\/terrasdebasto.pt\/wp-content\/uploads\/2025\/11\/JS-1-1.jpg","contentUrl":"https:\/\/terrasdebasto.pt\/wp-content\/uploads\/2025\/11\/JS-1-1.jpg","width":838,"height":615},{"@type":"BreadcrumbList","@id":"https:\/\/terrasdebasto.pt\/?p=5047#breadcrumb","itemListElement":[{"@type":"ListItem","position":1,"name":"In\u00edcio","item":"https:\/\/terrasdebasto.pt\/"},{"@type":"ListItem","position":2,"name":"JS\/Cabeceiras desconvoca assembleia eleitoral"}]},{"@type":"WebSite","@id":"https:\/\/terrasdebasto.pt\/#website","url":"https:\/\/terrasdebasto.pt\/","name":"Jornal Terras de Basto","description":"","publisher":{"@id":"https:\/\/terrasdebasto.pt\/#organization"},"potentialAction":[{"@type":"SearchAction","target":{"@type":"EntryPoint","urlTemplate":"https:\/\/terrasdebasto.pt\/?s={search_term_string}"},"query-input":{"@type":"PropertyValueSpecification","valueRequired":true,"valueName":"search_term_string"}}],"inLanguage":"pt-PT"},{"@type":"Organization","@id":"https:\/\/terrasdebasto.pt\/#organization","name":"Jornal Terras de Basto","url":"https:\/\/terrasdebasto.pt\/","logo":{"@type":"ImageObject","inLanguage":"pt-PT","@id":"https:\/\/terrasdebasto.pt\/#\/schema\/logo\/image\/","url":"https:\/\/terrasdebasto.pt\/wp-content\/uploads\/2024\/06\/LogoNormal.png","contentUrl":"https:\/\/terrasdebasto.pt\/wp-content\/uploads\/2024\/06\/LogoNormal.png","width":5638,"height":809,"caption":"Jornal Terras de Basto"},"image":{"@id":"https:\/\/terrasdebasto.pt\/#\/schema\/logo\/image\/"}},{"@type":"Person","@id":"https:\/\/terrasdebasto.pt\/#\/schema\/person\/9f6739f5394ac65c802641773b278b84","name":"Jo\u00e3o Paulo Mesquita","image":{"@type":"ImageObject","inLanguage":"pt-PT","@id":"https:\/\/terrasdebasto.pt\/#\/schema\/person\/image\/","url":"https:\/\/secure.gravatar.com\/avatar\/9bd0f299e6d96336664aab64354168246a3ee3287c47891c50d450e47ed9d7f9?s=96&d=mm&r=g","contentUrl":"https:\/\/secure.gravatar.com\/avatar\/9bd0f299e6d96336664aab64354168246a3ee3287c47891c50d450e47ed9d7f9?s=96&d=mm&r=g","caption":"Jo\u00e3o Paulo Mesquita"},"url":"https:\/\/terrasdebasto.pt\/?author=7"}]}},"_links":{"self":[{"href":"https:\/\/terrasdebasto.pt\/index.php?rest_route=\/wp\/v2\/posts\/5047","targetHints":{"allow":["GET"]}}],"collection":[{"href":"https:\/\/terrasdebasto.pt\/index.php?rest_route=\/wp\/v2\/posts"}],"about":[{"href":"https:\/\/terrasdebasto.pt\/index.php?rest_route=\/wp\/v2\/types\/post"}],"author":[{"embeddable":true,"href":"https:\/\/terrasdebasto.pt\/index.php?rest_route=\/wp\/v2\/users\/7"}],"replies":[{"embeddable":true,"href":"https:\/\/terrasdebasto.pt\/index.php?rest_route=%2Fwp%2Fv2%2Fcomments&post=5047"}],"version-history":[{"count":2,"href":"https:\/\/terrasdebasto.pt\/index.php?rest_route=\/wp\/v2\/posts\/5047\/revisions"}],"predecessor-version":[{"id":5053,"href":"https:\/\/terrasdebasto.pt\/index.php?rest_route=\/wp\/v2\/posts\/5047\/revisions\/5053"}],"wp:featuredmedia":[{"embeddable":true,"href":"https:\/\/terrasdebasto.pt\/index.php?rest_route=\/wp\/v2\/media\/5048"}],"wp:attachment":[{"href":"https:\/\/terrasdebasto.pt\/index.php?rest_route=%2Fwp%2Fv2%2Fmedia&parent=5047"}],"wp:term":[{"taxonomy":"category","embeddable":true,"href":"https:\/\/terrasdebasto.pt\/index.php?rest_route=%2Fwp%2Fv2%2Fcategories&post=5047"},{"taxonomy":"post_tag","embeddable":true,"href":"https:\/\/terrasdebasto.pt\/index.php?rest_route=%2Fwp%2Fv2%2Ftags&post=5047"}],"curies":[{"name":"wp","href":"https:\/\/api.w.org\/{rel}","templated":true}]}}