{"id":5043,"date":"2025-11-19T14:02:41","date_gmt":"2025-11-19T14:02:41","guid":{"rendered":"https:\/\/terrasdebasto.pt\/?p=5043"},"modified":"2025-11-19T14:03:53","modified_gmt":"2025-11-19T14:03:53","slug":"basto-vida-elege-vice-presidente-para-a-assembleia-geral","status":"publish","type":"post","link":"https:\/\/terrasdebasto.pt\/?p=5043","title":{"rendered":"\u201cBasto Vida\u201d elege vice-presidente da assembleia geral"},"content":{"rendered":"\n<p><strong>A cooperativa \u201cBasto Vida\u201d, de Cabeceiras de Basto, elege esta quinta-feira (20), em assembleia extraordin\u00e1ria, o vice-presidente da mesa, elemento em falta desde a transfer\u00eancia de quotas entre membros realizada h\u00e1 alguns meses.<\/strong><\/p>\n\n\n\n<p>Tal como o Terras de Basto noticiou, em causa est\u00e1 a alegada \u201cdevolu\u00e7\u00e3o\u201d das quotas detidas pelo atual vereador Pedro Sousa ao tamb\u00e9m vereador Fernando Basto, seu titular original, circunst\u00e2ncia que obriga \u00e0 substitui\u00e7\u00e3o do primeiro nos \u00f3rg\u00e3os sociais, face \u00e0 perda do estatuto de cooperante.<\/p>\n\n\n\n<p>Nesta assembleia geral \u2013 a que que continua a presidir, embora demission\u00e1rio, Joaquim Barreto \u2013 vai ser apresentado aos cooperantes o representante da parte p\u00fablica na r\u00e9gie-cooperativa, o munic\u00edpio (80%), para presidente da dire\u00e7\u00e3o, o j\u00e1 anunciado Serafim da China Pereira.<\/p>\n\n\n\n<p>Vai ser igualmente apresentado o representante municipal na assembleia geral, fun\u00e7\u00e3o que o presidente da c\u00e2mara, Manuel Ant\u00f3nio Teixeira, fez quest\u00e3o de assumir.<\/p>\n\n\n\n<p>O plen\u00e1rio vai ainda discutir e votar algumas altera\u00e7\u00f5es aos estatutos da cooperativa, que passam a afirmar, por exemplo, que \u00abos titulares da dire\u00e7\u00e3o n\u00e3o podem contratar direta ou indiretamente com a institui\u00e7\u00e3o, salvo se do contrato resultar manifesto benef\u00edcio para a Cooperativa\u00bb ou que \u00abos titulares dos \u00f3rg\u00e3os n\u00e3o podem exercer atividade conflituante com a atividade da institui\u00e7\u00e3o onde est\u00e3o inseridos, nem integrar \u00f3rg\u00e3os sociais de entidades conflituantes com os da cooperativa, ou de participadas desta\u00bb.<\/p>\n\n\n\n<p>Passam tamb\u00e9m a afirmar de forma expl\u00edcita que \u00aba assembleia extraordin\u00e1ria reunir\u00e1 quando convocada pelo presidente da mesa da assembleia geral, por sua pr\u00f3pria iniciativa ou a pedido da dire\u00e7\u00e3o ou do conselho fiscal, ou requerimento de membros que representem pelo menos 5% do capital, no m\u00ednimo de dois membros\u00bb.<\/p>\n\n\n\n<p>Neste \u00e2mbito, afirmam ainda que \u00abse o presidente da mesa da assembleia n\u00e3o convocar a assembleia geral, ilegalmente, pode a convoca\u00e7\u00e3o ser efetuada pelo conselho fiscal, e se este tamb\u00e9m a n\u00e3o convocar, haver\u00e1 lugar a convoca\u00e7\u00e3o judicial da mesma assembleia\u00bb.<\/p>\n\n\n\n<p>A assembleia extraordin\u00e1ria desta quinta-feira inclui ainda na ordem de trabalhos a \u00abaprecia\u00e7\u00e3o e vota\u00e7\u00e3o dos pedidos de demiss\u00e3o\u00bb. Em causa est\u00e1 a demiss\u00e3o, a 12 de junho, dos tr\u00eas membros da assembleia geral, concretamente do presidente da mesa, Joaquim Barreto, e dos vogais Armando Duro e Pedro Sousa, que se manifestaram \u00abdesconfort\u00e1veis\u00bb com a situa\u00e7\u00e3o que ent\u00e3o se vivia na dire\u00e7\u00e3o da cooperativa, designadamente a sa\u00edda da diretora-t\u00e9cnica, mulher do ent\u00e3o presidente da c\u00e2mara, para assumir o lugar a que se candidatou na fun\u00e7\u00e3o p\u00fablica, e a sua posterior contrata\u00e7\u00e3o, a meio-tempo, para continuar a exercer as mesmas fun\u00e7\u00f5es na \u201cBasto Vida\u201d.<\/p>\n\n\n\n<p>Tal como o Terras de Basto noticiou, os demission\u00e1rios foram agora convidados pelo novo presidente da c\u00e2mara municipal a reconsiderar nos seus prop\u00f3sitos, a que Joaquim Barreto e Armando Duro deram j\u00e1 o seu assentimento. Quanto a Pedro Sousa, n\u00e3o re\u00fane j\u00e1 condi\u00e7\u00f5es para continuar, por perda do estatuto de cooperante, o que obriga \u00e0 elei\u00e7\u00e3o de novo vice-presidente da assembleia geral. [JPM].<\/p>\n\n\n\n<p><\/p>\n","protected":false},"excerpt":{"rendered":"<p>A cooperativa \u201cBasto Vida\u201d, de Cabeceiras de Basto, elege esta quinta-feira (20), em assembleia extraordin\u00e1ria, o vice-presidente da mesa, elemento em falta desde a transfer\u00eancia de quotas entre membros realizada h\u00e1 alguns meses. Tal como o Terras de Basto noticiou, em causa est\u00e1 a alegada \u201cdevolu\u00e7\u00e3o\u201d das quotas detidas pelo atual vereador Pedro Sousa ao [&hellip;]<\/p>\n","protected":false},"author":7,"featured_media":5044,"comment_status":"open","ping_status":"open","sticky":false,"template":"","format":"standard","meta":{"footnotes":""},"categories":[12,10,9],"tags":[1198,785],"class_list":{"0":"post-5043","1":"post","2":"type-post","3":"status-publish","4":"format-standard","5":"has-post-thumbnail","7":"category-cabeceiras-de-basto","8":"category-saude","9":"category-terras-de-basto","10":"tag-assembleia-extraordinaria","11":"tag-basto-vida"},"yoast_head":"<!-- This site is optimized with the Yoast SEO plugin v25.7 - https:\/\/yoast.com\/wordpress\/plugins\/seo\/ -->\n<title>\u201cBasto Vida\u201d elege vice-presidente da assembleia geral - Jornal Terras de Basto<\/title>\n<meta name=\"description\" content=\"A cooperativa \u201cBasto Vida\u201d, de Cabeceiras de Basto, elege esta quinta-feira (20), em assembleia extraordin\u00e1ria, o vice-presidente da mesa, elemento em falta desde a transfer\u00eancia de quotas entre membros realizada h\u00e1 alguns meses.\" \/>\n<meta name=\"robots\" content=\"index, follow, max-snippet:-1, max-image-preview:large, max-video-preview:-1\" \/>\n<link rel=\"canonical\" href=\"https:\/\/terrasdebasto.pt\/?p=5043\" \/>\n<meta property=\"og:locale\" content=\"pt_PT\" \/>\n<meta property=\"og:type\" content=\"article\" \/>\n<meta property=\"og:title\" content=\"\u201cBasto Vida\u201d elege vice-presidente da assembleia geral - Jornal Terras de Basto\" \/>\n<meta property=\"og:description\" content=\"A cooperativa \u201cBasto Vida\u201d, de Cabeceiras de Basto, elege esta quinta-feira (20), em assembleia extraordin\u00e1ria, o vice-presidente da mesa, elemento em falta desde a transfer\u00eancia de quotas entre membros realizada h\u00e1 alguns meses.\" \/>\n<meta property=\"og:url\" content=\"https:\/\/terrasdebasto.pt\/?p=5043\" \/>\n<meta property=\"og:site_name\" content=\"Jornal Terras de Basto\" \/>\n<meta property=\"article:published_time\" content=\"2025-11-19T14:02:41+00:00\" \/>\n<meta property=\"article:modified_time\" content=\"2025-11-19T14:03:53+00:00\" \/>\n<meta property=\"og:image\" content=\"https:\/\/terrasdebasto.pt\/wp-content\/uploads\/2025\/11\/BASTO-VIDA-1-scaled.jpg\" \/>\n\t<meta property=\"og:image:width\" content=\"2560\" \/>\n\t<meta property=\"og:image:height\" content=\"1747\" \/>\n\t<meta property=\"og:image:type\" content=\"image\/jpeg\" \/>\n<meta name=\"author\" content=\"Jo\u00e3o Paulo Mesquita\" \/>\n<meta name=\"twitter:card\" content=\"summary_large_image\" \/>\n<meta name=\"twitter:label1\" content=\"Escrito por\" \/>\n\t<meta name=\"twitter:data1\" content=\"Jo\u00e3o Paulo Mesquita\" \/>\n\t<meta name=\"twitter:label2\" content=\"Tempo estimado de leitura\" \/>\n\t<meta name=\"twitter:data2\" content=\"3 minutos\" \/>\n<script type=\"application\/ld+json\" class=\"yoast-schema-graph\">{\"@context\":\"https:\/\/schema.org\",\"@graph\":[{\"@type\":\"Article\",\"@id\":\"https:\/\/terrasdebasto.pt\/?p=5043#article\",\"isPartOf\":{\"@id\":\"https:\/\/terrasdebasto.pt\/?p=5043\"},\"author\":{\"name\":\"Jo\u00e3o Paulo Mesquita\",\"@id\":\"https:\/\/terrasdebasto.pt\/#\/schema\/person\/9f6739f5394ac65c802641773b278b84\"},\"headline\":\"\u201cBasto Vida\u201d elege vice-presidente da assembleia geral\",\"datePublished\":\"2025-11-19T14:02:41+00:00\",\"dateModified\":\"2025-11-19T14:03:53+00:00\",\"mainEntityOfPage\":{\"@id\":\"https:\/\/terrasdebasto.pt\/?p=5043\"},\"wordCount\":538,\"commentCount\":0,\"publisher\":{\"@id\":\"https:\/\/terrasdebasto.pt\/#organization\"},\"image\":{\"@id\":\"https:\/\/terrasdebasto.pt\/?p=5043#primaryimage\"},\"thumbnailUrl\":\"https:\/\/terrasdebasto.pt\/wp-content\/uploads\/2025\/11\/BASTO-VIDA-1-scaled.jpg\",\"keywords\":[\"Assembleia Extraordin\u00e1ria\",\"Basto Vida\"],\"articleSection\":[\"Cabeceiras de Basto\",\"Sa\u00fade\",\"Terras de Basto\"],\"inLanguage\":\"pt-PT\",\"potentialAction\":[{\"@type\":\"CommentAction\",\"name\":\"Comment\",\"target\":[\"https:\/\/terrasdebasto.pt\/?p=5043#respond\"]}]},{\"@type\":\"WebPage\",\"@id\":\"https:\/\/terrasdebasto.pt\/?p=5043\",\"url\":\"https:\/\/terrasdebasto.pt\/?p=5043\",\"name\":\"\u201cBasto Vida\u201d elege vice-presidente da assembleia geral - Jornal Terras de Basto\",\"isPartOf\":{\"@id\":\"https:\/\/terrasdebasto.pt\/#website\"},\"primaryImageOfPage\":{\"@id\":\"https:\/\/terrasdebasto.pt\/?p=5043#primaryimage\"},\"image\":{\"@id\":\"https:\/\/terrasdebasto.pt\/?p=5043#primaryimage\"},\"thumbnailUrl\":\"https:\/\/terrasdebasto.pt\/wp-content\/uploads\/2025\/11\/BASTO-VIDA-1-scaled.jpg\",\"datePublished\":\"2025-11-19T14:02:41+00:00\",\"dateModified\":\"2025-11-19T14:03:53+00:00\",\"description\":\"A cooperativa \u201cBasto Vida\u201d, de Cabeceiras de Basto, elege esta quinta-feira (20), em assembleia extraordin\u00e1ria, o vice-presidente da mesa, elemento em falta desde a transfer\u00eancia de quotas entre membros realizada h\u00e1 alguns meses.\",\"breadcrumb\":{\"@id\":\"https:\/\/terrasdebasto.pt\/?p=5043#breadcrumb\"},\"inLanguage\":\"pt-PT\",\"potentialAction\":[{\"@type\":\"ReadAction\",\"target\":[\"https:\/\/terrasdebasto.pt\/?p=5043\"]}]},{\"@type\":\"ImageObject\",\"inLanguage\":\"pt-PT\",\"@id\":\"https:\/\/terrasdebasto.pt\/?p=5043#primaryimage\",\"url\":\"https:\/\/terrasdebasto.pt\/wp-content\/uploads\/2025\/11\/BASTO-VIDA-1-scaled.jpg\",\"contentUrl\":\"https:\/\/terrasdebasto.pt\/wp-content\/uploads\/2025\/11\/BASTO-VIDA-1-scaled.jpg\",\"width\":2560,\"height\":1747},{\"@type\":\"BreadcrumbList\",\"@id\":\"https:\/\/terrasdebasto.pt\/?p=5043#breadcrumb\",\"itemListElement\":[{\"@type\":\"ListItem\",\"position\":1,\"name\":\"In\u00edcio\",\"item\":\"https:\/\/terrasdebasto.pt\/\"},{\"@type\":\"ListItem\",\"position\":2,\"name\":\"\u201cBasto Vida\u201d elege vice-presidente da assembleia geral\"}]},{\"@type\":\"WebSite\",\"@id\":\"https:\/\/terrasdebasto.pt\/#website\",\"url\":\"https:\/\/terrasdebasto.pt\/\",\"name\":\"Jornal Terras de Basto\",\"description\":\"\",\"publisher\":{\"@id\":\"https:\/\/terrasdebasto.pt\/#organization\"},\"potentialAction\":[{\"@type\":\"SearchAction\",\"target\":{\"@type\":\"EntryPoint\",\"urlTemplate\":\"https:\/\/terrasdebasto.pt\/?s={search_term_string}\"},\"query-input\":{\"@type\":\"PropertyValueSpecification\",\"valueRequired\":true,\"valueName\":\"search_term_string\"}}],\"inLanguage\":\"pt-PT\"},{\"@type\":\"Organization\",\"@id\":\"https:\/\/terrasdebasto.pt\/#organization\",\"name\":\"Jornal Terras de Basto\",\"url\":\"https:\/\/terrasdebasto.pt\/\",\"logo\":{\"@type\":\"ImageObject\",\"inLanguage\":\"pt-PT\",\"@id\":\"https:\/\/terrasdebasto.pt\/#\/schema\/logo\/image\/\",\"url\":\"https:\/\/terrasdebasto.pt\/wp-content\/uploads\/2024\/06\/LogoNormal.png\",\"contentUrl\":\"https:\/\/terrasdebasto.pt\/wp-content\/uploads\/2024\/06\/LogoNormal.png\",\"width\":5638,\"height\":809,\"caption\":\"Jornal Terras de Basto\"},\"image\":{\"@id\":\"https:\/\/terrasdebasto.pt\/#\/schema\/logo\/image\/\"}},{\"@type\":\"Person\",\"@id\":\"https:\/\/terrasdebasto.pt\/#\/schema\/person\/9f6739f5394ac65c802641773b278b84\",\"name\":\"Jo\u00e3o Paulo Mesquita\",\"image\":{\"@type\":\"ImageObject\",\"inLanguage\":\"pt-PT\",\"@id\":\"https:\/\/terrasdebasto.pt\/#\/schema\/person\/image\/\",\"url\":\"https:\/\/secure.gravatar.com\/avatar\/9bd0f299e6d96336664aab64354168246a3ee3287c47891c50d450e47ed9d7f9?s=96&d=mm&r=g\",\"contentUrl\":\"https:\/\/secure.gravatar.com\/avatar\/9bd0f299e6d96336664aab64354168246a3ee3287c47891c50d450e47ed9d7f9?s=96&d=mm&r=g\",\"caption\":\"Jo\u00e3o Paulo Mesquita\"},\"url\":\"https:\/\/terrasdebasto.pt\/?author=7\"}]}<\/script>\n<!-- \/ Yoast SEO plugin. -->","yoast_head_json":{"title":"\u201cBasto Vida\u201d elege vice-presidente da assembleia geral - Jornal Terras de Basto","description":"A cooperativa \u201cBasto Vida\u201d, de Cabeceiras de Basto, elege esta quinta-feira (20), em assembleia extraordin\u00e1ria, o vice-presidente da mesa, elemento em falta desde a transfer\u00eancia de quotas entre membros realizada h\u00e1 alguns meses.","robots":{"index":"index","follow":"follow","max-snippet":"max-snippet:-1","max-image-preview":"max-image-preview:large","max-video-preview":"max-video-preview:-1"},"canonical":"https:\/\/terrasdebasto.pt\/?p=5043","og_locale":"pt_PT","og_type":"article","og_title":"\u201cBasto Vida\u201d elege vice-presidente da assembleia geral - Jornal Terras de Basto","og_description":"A cooperativa \u201cBasto Vida\u201d, de Cabeceiras de Basto, elege esta quinta-feira (20), em assembleia extraordin\u00e1ria, o vice-presidente da mesa, elemento em falta desde a transfer\u00eancia de quotas entre membros realizada h\u00e1 alguns meses.","og_url":"https:\/\/terrasdebasto.pt\/?p=5043","og_site_name":"Jornal Terras de Basto","article_published_time":"2025-11-19T14:02:41+00:00","article_modified_time":"2025-11-19T14:03:53+00:00","og_image":[{"width":2560,"height":1747,"url":"https:\/\/terrasdebasto.pt\/wp-content\/uploads\/2025\/11\/BASTO-VIDA-1-scaled.jpg","type":"image\/jpeg"}],"author":"Jo\u00e3o Paulo Mesquita","twitter_card":"summary_large_image","twitter_misc":{"Escrito por":"Jo\u00e3o Paulo Mesquita","Tempo estimado de leitura":"3 minutos"},"schema":{"@context":"https:\/\/schema.org","@graph":[{"@type":"Article","@id":"https:\/\/terrasdebasto.pt\/?p=5043#article","isPartOf":{"@id":"https:\/\/terrasdebasto.pt\/?p=5043"},"author":{"name":"Jo\u00e3o Paulo Mesquita","@id":"https:\/\/terrasdebasto.pt\/#\/schema\/person\/9f6739f5394ac65c802641773b278b84"},"headline":"\u201cBasto Vida\u201d elege vice-presidente da assembleia geral","datePublished":"2025-11-19T14:02:41+00:00","dateModified":"2025-11-19T14:03:53+00:00","mainEntityOfPage":{"@id":"https:\/\/terrasdebasto.pt\/?p=5043"},"wordCount":538,"commentCount":0,"publisher":{"@id":"https:\/\/terrasdebasto.pt\/#organization"},"image":{"@id":"https:\/\/terrasdebasto.pt\/?p=5043#primaryimage"},"thumbnailUrl":"https:\/\/terrasdebasto.pt\/wp-content\/uploads\/2025\/11\/BASTO-VIDA-1-scaled.jpg","keywords":["Assembleia Extraordin\u00e1ria","Basto Vida"],"articleSection":["Cabeceiras de Basto","Sa\u00fade","Terras de Basto"],"inLanguage":"pt-PT","potentialAction":[{"@type":"CommentAction","name":"Comment","target":["https:\/\/terrasdebasto.pt\/?p=5043#respond"]}]},{"@type":"WebPage","@id":"https:\/\/terrasdebasto.pt\/?p=5043","url":"https:\/\/terrasdebasto.pt\/?p=5043","name":"\u201cBasto Vida\u201d elege vice-presidente da assembleia geral - Jornal Terras de Basto","isPartOf":{"@id":"https:\/\/terrasdebasto.pt\/#website"},"primaryImageOfPage":{"@id":"https:\/\/terrasdebasto.pt\/?p=5043#primaryimage"},"image":{"@id":"https:\/\/terrasdebasto.pt\/?p=5043#primaryimage"},"thumbnailUrl":"https:\/\/terrasdebasto.pt\/wp-content\/uploads\/2025\/11\/BASTO-VIDA-1-scaled.jpg","datePublished":"2025-11-19T14:02:41+00:00","dateModified":"2025-11-19T14:03:53+00:00","description":"A cooperativa \u201cBasto Vida\u201d, de Cabeceiras de Basto, elege esta quinta-feira (20), em assembleia extraordin\u00e1ria, o vice-presidente da mesa, elemento em falta desde a transfer\u00eancia de quotas entre membros realizada h\u00e1 alguns meses.","breadcrumb":{"@id":"https:\/\/terrasdebasto.pt\/?p=5043#breadcrumb"},"inLanguage":"pt-PT","potentialAction":[{"@type":"ReadAction","target":["https:\/\/terrasdebasto.pt\/?p=5043"]}]},{"@type":"ImageObject","inLanguage":"pt-PT","@id":"https:\/\/terrasdebasto.pt\/?p=5043#primaryimage","url":"https:\/\/terrasdebasto.pt\/wp-content\/uploads\/2025\/11\/BASTO-VIDA-1-scaled.jpg","contentUrl":"https:\/\/terrasdebasto.pt\/wp-content\/uploads\/2025\/11\/BASTO-VIDA-1-scaled.jpg","width":2560,"height":1747},{"@type":"BreadcrumbList","@id":"https:\/\/terrasdebasto.pt\/?p=5043#breadcrumb","itemListElement":[{"@type":"ListItem","position":1,"name":"In\u00edcio","item":"https:\/\/terrasdebasto.pt\/"},{"@type":"ListItem","position":2,"name":"\u201cBasto Vida\u201d elege vice-presidente da assembleia geral"}]},{"@type":"WebSite","@id":"https:\/\/terrasdebasto.pt\/#website","url":"https:\/\/terrasdebasto.pt\/","name":"Jornal Terras de Basto","description":"","publisher":{"@id":"https:\/\/terrasdebasto.pt\/#organization"},"potentialAction":[{"@type":"SearchAction","target":{"@type":"EntryPoint","urlTemplate":"https:\/\/terrasdebasto.pt\/?s={search_term_string}"},"query-input":{"@type":"PropertyValueSpecification","valueRequired":true,"valueName":"search_term_string"}}],"inLanguage":"pt-PT"},{"@type":"Organization","@id":"https:\/\/terrasdebasto.pt\/#organization","name":"Jornal Terras de Basto","url":"https:\/\/terrasdebasto.pt\/","logo":{"@type":"ImageObject","inLanguage":"pt-PT","@id":"https:\/\/terrasdebasto.pt\/#\/schema\/logo\/image\/","url":"https:\/\/terrasdebasto.pt\/wp-content\/uploads\/2024\/06\/LogoNormal.png","contentUrl":"https:\/\/terrasdebasto.pt\/wp-content\/uploads\/2024\/06\/LogoNormal.png","width":5638,"height":809,"caption":"Jornal Terras de Basto"},"image":{"@id":"https:\/\/terrasdebasto.pt\/#\/schema\/logo\/image\/"}},{"@type":"Person","@id":"https:\/\/terrasdebasto.pt\/#\/schema\/person\/9f6739f5394ac65c802641773b278b84","name":"Jo\u00e3o Paulo Mesquita","image":{"@type":"ImageObject","inLanguage":"pt-PT","@id":"https:\/\/terrasdebasto.pt\/#\/schema\/person\/image\/","url":"https:\/\/secure.gravatar.com\/avatar\/9bd0f299e6d96336664aab64354168246a3ee3287c47891c50d450e47ed9d7f9?s=96&d=mm&r=g","contentUrl":"https:\/\/secure.gravatar.com\/avatar\/9bd0f299e6d96336664aab64354168246a3ee3287c47891c50d450e47ed9d7f9?s=96&d=mm&r=g","caption":"Jo\u00e3o Paulo Mesquita"},"url":"https:\/\/terrasdebasto.pt\/?author=7"}]}},"_links":{"self":[{"href":"https:\/\/terrasdebasto.pt\/index.php?rest_route=\/wp\/v2\/posts\/5043","targetHints":{"allow":["GET"]}}],"collection":[{"href":"https:\/\/terrasdebasto.pt\/index.php?rest_route=\/wp\/v2\/posts"}],"about":[{"href":"https:\/\/terrasdebasto.pt\/index.php?rest_route=\/wp\/v2\/types\/post"}],"author":[{"embeddable":true,"href":"https:\/\/terrasdebasto.pt\/index.php?rest_route=\/wp\/v2\/users\/7"}],"replies":[{"embeddable":true,"href":"https:\/\/terrasdebasto.pt\/index.php?rest_route=%2Fwp%2Fv2%2Fcomments&post=5043"}],"version-history":[{"count":2,"href":"https:\/\/terrasdebasto.pt\/index.php?rest_route=\/wp\/v2\/posts\/5043\/revisions"}],"predecessor-version":[{"id":5046,"href":"https:\/\/terrasdebasto.pt\/index.php?rest_route=\/wp\/v2\/posts\/5043\/revisions\/5046"}],"wp:featuredmedia":[{"embeddable":true,"href":"https:\/\/terrasdebasto.pt\/index.php?rest_route=\/wp\/v2\/media\/5044"}],"wp:attachment":[{"href":"https:\/\/terrasdebasto.pt\/index.php?rest_route=%2Fwp%2Fv2%2Fmedia&parent=5043"}],"wp:term":[{"taxonomy":"category","embeddable":true,"href":"https:\/\/terrasdebasto.pt\/index.php?rest_route=%2Fwp%2Fv2%2Fcategories&post=5043"},{"taxonomy":"post_tag","embeddable":true,"href":"https:\/\/terrasdebasto.pt\/index.php?rest_route=%2Fwp%2Fv2%2Ftags&post=5043"}],"curies":[{"name":"wp","href":"https:\/\/api.w.org\/{rel}","templated":true}]}}