{"id":5036,"date":"2025-11-19T02:02:21","date_gmt":"2025-11-19T02:02:21","guid":{"rendered":"https:\/\/terrasdebasto.pt\/?p=5036"},"modified":"2025-11-19T12:34:04","modified_gmt":"2025-11-19T12:34:04","slug":"cabeceirense-dirige-em-celorico-a-orquestra-de-camara-da-gnr","status":"publish","type":"post","link":"https:\/\/terrasdebasto.pt\/?p=5036","title":{"rendered":"Cabeceirense dirige em Celorico a Orquestra de C\u00e2mara da GNR"},"content":{"rendered":"\n<p><\/p>\n\n\n\n<p><strong>\u201cDivertimento\u201d, em F maior, de Wolfgang Amadeus Mozart; \u201cOrfeo ed Euridice: Dance of the Blessed Spirits\u201d, de Christoph Willibald Gluck; e \u201cSymphony n.\u00ba 45\u201d, em F sharp minor, de Joseph Haydn. S\u00e3o tr\u00eas das obras que a Orquestra de C\u00e2mara da Guarda Nacional Republicana traz domingo (23), a partir das 16h00, no cineteatro dos bombeiros, em Celorico de Basto.<\/strong><\/p>\n\n\n\n<p>Sob a dire\u00e7\u00e3o do cabeceirense H\u00e9lder Gon\u00e7alves, tenente da GNR, a Orquestra de C\u00e2mara vai apresentar-se numa forma\u00e7\u00e3o de 30 elementos, de cordas e sopros, com dois executantes por instrumento.<\/p>\n\n\n\n<p>O concerto integra-se nas comemora\u00e7\u00f5es do \u201cdia da unidade\u201d do Comando Territorial de Braga da GNR, que escolheu Celorico de Basto para o efeito, e que se prolongam at\u00e9 24 de novembro, com a cerim\u00f3nia oficial, \u00e0s 15h00, na Pra\u00e7a Cardeal Ant\u00f3nio Ribeiro.<\/p>\n\n\n\n<p>A Orquestra de C\u00e2mara faz parte da subunidade \u201cBanda e Fanfarra da GNR\u201d e est\u00e1 sob a depend\u00eancia da Unidade de Seguran\u00e7a e Honras de Estado. Foi formada a partir de um quarteto de cordas da banda: em 2008 entraram violinos e entre 2009-2010, sob a dire\u00e7\u00e3o do major Jo\u00e3o Cerqueira, esses m\u00fasicos formaram oficialmente a Orquestra de C\u00e2mara.<\/p>\n\n\n\n<p>Tanto a Orquestra de C\u00e2mara como a Banda Sinf\u00f3nica da GNR t\u00eam como dirigentes H\u00e9lder Gon\u00e7alves e Ricardo Torres. O tenente cabeceirense apresenta um percurso musical relevante, com licenciatura em clarinete e dire\u00e7\u00e3o de orquestra pela Escola Superior de M\u00fasica de Lisboa, mestrado em Artes Musicais \/ Ensino da M\u00fasica, e experi\u00eancia como solista e maestro.<\/p>\n\n\n\n<figure class=\"wp-block-gallery has-nested-images columns-default is-cropped wp-block-gallery-1 is-layout-flex wp-block-gallery-is-layout-flex\">\n<figure class=\"wp-block-image size-large\"><img loading=\"lazy\" decoding=\"async\" width=\"1024\" height=\"721\" data-id=\"5038\" src=\"https:\/\/terrasdebasto.pt\/wp-content\/uploads\/2025\/11\/ORQUESTRA-DE-CAMARA-DA-GNR-1024x721.jpg\" alt=\"\" class=\"wp-image-5038\" srcset=\"https:\/\/terrasdebasto.pt\/wp-content\/uploads\/2025\/11\/ORQUESTRA-DE-CAMARA-DA-GNR-1024x721.jpg 1024w, https:\/\/terrasdebasto.pt\/wp-content\/uploads\/2025\/11\/ORQUESTRA-DE-CAMARA-DA-GNR-300x211.jpg 300w, https:\/\/terrasdebasto.pt\/wp-content\/uploads\/2025\/11\/ORQUESTRA-DE-CAMARA-DA-GNR-768x541.jpg 768w, https:\/\/terrasdebasto.pt\/wp-content\/uploads\/2025\/11\/ORQUESTRA-DE-CAMARA-DA-GNR-150x106.jpg 150w, https:\/\/terrasdebasto.pt\/wp-content\/uploads\/2025\/11\/ORQUESTRA-DE-CAMARA-DA-GNR-696x490.jpg 696w, https:\/\/terrasdebasto.pt\/wp-content\/uploads\/2025\/11\/ORQUESTRA-DE-CAMARA-DA-GNR-1068x752.jpg 1068w, https:\/\/terrasdebasto.pt\/wp-content\/uploads\/2025\/11\/ORQUESTRA-DE-CAMARA-DA-GNR.jpg 1302w\" sizes=\"auto, (max-width: 1024px) 100vw, 1024px\" \/><\/figure>\n<\/figure>\n","protected":false},"excerpt":{"rendered":"<p>\u201cDivertimento\u201d, em F maior, de Wolfgang Amadeus Mozart; \u201cOrfeo ed Euridice: Dance of the Blessed Spirits\u201d, de Christoph Willibald Gluck; e \u201cSymphony n.\u00ba 45\u201d, em F sharp minor, de Joseph Haydn. S\u00e3o tr\u00eas das obras que a Orquestra de C\u00e2mara da Guarda Nacional Republicana traz domingo (23), a partir das 16h00, no cineteatro dos bombeiros, [&hellip;]<\/p>\n","protected":false},"author":7,"featured_media":5037,"comment_status":"open","ping_status":"open","sticky":false,"template":"","format":"standard","meta":{"footnotes":""},"categories":[13,7,9],"tags":[1197,626,1196,1195],"class_list":{"0":"post-5036","1":"post","2":"type-post","3":"status-publish","4":"format-standard","5":"has-post-thumbnail","7":"category-celorico-de-basto","8":"category-cultura","9":"category-terras-de-basto","10":"tag-dia-da-unidade-do-comando-territorial-de-braga-da-gnr","11":"tag-gnr","12":"tag-maestro-helder-goncalves","13":"tag-orquestra-de-camara-da-gnr"},"yoast_head":"<!-- This site is optimized with the Yoast SEO plugin v25.7 - https:\/\/yoast.com\/wordpress\/plugins\/seo\/ -->\n<title>Cabeceirense dirige em Celorico a Orquestra de C\u00e2mara da GNR - Jornal Terras de Basto<\/title>\n<meta name=\"description\" content=\"\u201cDivertimento\u201d, em F maior, de Wolfgang Amadeus Mozart; \u201cOrfeo ed Euridice: Dance of the Blessed Spirits\u201d, de Christoph Willibald Gluck; e \u201cSymphony n.\u00ba 45\u201d, em F sharp minor, de Joseph Haydn. S\u00e3o tr\u00eas das obras que a Orquestra de C\u00e2mara da Guarda Nacional Republicana traz domingo (23), a partir das 16h00, no cineteatro dos bombeiros, em Celorico de Basto.\" \/>\n<meta name=\"robots\" content=\"index, follow, max-snippet:-1, max-image-preview:large, max-video-preview:-1\" \/>\n<link rel=\"canonical\" href=\"https:\/\/terrasdebasto.pt\/?p=5036\" \/>\n<meta property=\"og:locale\" content=\"pt_PT\" \/>\n<meta property=\"og:type\" content=\"article\" \/>\n<meta property=\"og:title\" content=\"Cabeceirense dirige em Celorico a Orquestra de C\u00e2mara da GNR - Jornal Terras de Basto\" \/>\n<meta property=\"og:description\" content=\"\u201cDivertimento\u201d, em F maior, de Wolfgang Amadeus Mozart; \u201cOrfeo ed Euridice: Dance of the Blessed Spirits\u201d, de Christoph Willibald Gluck; e \u201cSymphony n.\u00ba 45\u201d, em F sharp minor, de Joseph Haydn. S\u00e3o tr\u00eas das obras que a Orquestra de C\u00e2mara da Guarda Nacional Republicana traz domingo (23), a partir das 16h00, no cineteatro dos bombeiros, em Celorico de Basto.\" \/>\n<meta property=\"og:url\" content=\"https:\/\/terrasdebasto.pt\/?p=5036\" \/>\n<meta property=\"og:site_name\" content=\"Jornal Terras de Basto\" \/>\n<meta property=\"article:published_time\" content=\"2025-11-19T02:02:21+00:00\" \/>\n<meta property=\"article:modified_time\" content=\"2025-11-19T12:34:04+00:00\" \/>\n<meta property=\"og:image\" content=\"https:\/\/terrasdebasto.pt\/wp-content\/uploads\/2025\/11\/HELDER-GONCALVES-1.jpg\" \/>\n\t<meta property=\"og:image:width\" content=\"1017\" \/>\n\t<meta property=\"og:image:height\" content=\"623\" \/>\n\t<meta property=\"og:image:type\" content=\"image\/jpeg\" \/>\n<meta name=\"author\" content=\"Jo\u00e3o Paulo Mesquita\" \/>\n<meta name=\"twitter:card\" content=\"summary_large_image\" \/>\n<meta name=\"twitter:label1\" content=\"Escrito por\" \/>\n\t<meta name=\"twitter:data1\" content=\"Jo\u00e3o Paulo Mesquita\" \/>\n\t<meta name=\"twitter:label2\" content=\"Tempo estimado de leitura\" \/>\n\t<meta name=\"twitter:data2\" content=\"2 minutos\" \/>\n<script type=\"application\/ld+json\" class=\"yoast-schema-graph\">{\"@context\":\"https:\/\/schema.org\",\"@graph\":[{\"@type\":\"Article\",\"@id\":\"https:\/\/terrasdebasto.pt\/?p=5036#article\",\"isPartOf\":{\"@id\":\"https:\/\/terrasdebasto.pt\/?p=5036\"},\"author\":{\"name\":\"Jo\u00e3o Paulo Mesquita\",\"@id\":\"https:\/\/terrasdebasto.pt\/#\/schema\/person\/9f6739f5394ac65c802641773b278b84\"},\"headline\":\"Cabeceirense dirige em Celorico a Orquestra de C\u00e2mara da GNR\",\"datePublished\":\"2025-11-19T02:02:21+00:00\",\"dateModified\":\"2025-11-19T12:34:04+00:00\",\"mainEntityOfPage\":{\"@id\":\"https:\/\/terrasdebasto.pt\/?p=5036\"},\"wordCount\":280,\"commentCount\":0,\"publisher\":{\"@id\":\"https:\/\/terrasdebasto.pt\/#organization\"},\"image\":{\"@id\":\"https:\/\/terrasdebasto.pt\/?p=5036#primaryimage\"},\"thumbnailUrl\":\"https:\/\/terrasdebasto.pt\/wp-content\/uploads\/2025\/11\/HELDER-GONCALVES-1.jpg\",\"keywords\":[\"Dia da Unidade do Comando Territorial de Braga da GNR\",\"GNR\",\"Maestro H\u00e9lder Gon\u00e7alves\",\"Orquestra de C\u00e2mara da GNR\"],\"articleSection\":[\"Celorico de Basto\",\"Cultura\",\"Terras de Basto\"],\"inLanguage\":\"pt-PT\",\"potentialAction\":[{\"@type\":\"CommentAction\",\"name\":\"Comment\",\"target\":[\"https:\/\/terrasdebasto.pt\/?p=5036#respond\"]}]},{\"@type\":\"WebPage\",\"@id\":\"https:\/\/terrasdebasto.pt\/?p=5036\",\"url\":\"https:\/\/terrasdebasto.pt\/?p=5036\",\"name\":\"Cabeceirense dirige em Celorico a Orquestra de C\u00e2mara da GNR - Jornal Terras de Basto\",\"isPartOf\":{\"@id\":\"https:\/\/terrasdebasto.pt\/#website\"},\"primaryImageOfPage\":{\"@id\":\"https:\/\/terrasdebasto.pt\/?p=5036#primaryimage\"},\"image\":{\"@id\":\"https:\/\/terrasdebasto.pt\/?p=5036#primaryimage\"},\"thumbnailUrl\":\"https:\/\/terrasdebasto.pt\/wp-content\/uploads\/2025\/11\/HELDER-GONCALVES-1.jpg\",\"datePublished\":\"2025-11-19T02:02:21+00:00\",\"dateModified\":\"2025-11-19T12:34:04+00:00\",\"description\":\"\u201cDivertimento\u201d, em F maior, de Wolfgang Amadeus Mozart; \u201cOrfeo ed Euridice: Dance of the Blessed Spirits\u201d, de Christoph Willibald Gluck; e \u201cSymphony n.\u00ba 45\u201d, em F sharp minor, de Joseph Haydn. S\u00e3o tr\u00eas das obras que a Orquestra de C\u00e2mara da Guarda Nacional Republicana traz domingo (23), a partir das 16h00, no cineteatro dos bombeiros, em Celorico de Basto.\",\"breadcrumb\":{\"@id\":\"https:\/\/terrasdebasto.pt\/?p=5036#breadcrumb\"},\"inLanguage\":\"pt-PT\",\"potentialAction\":[{\"@type\":\"ReadAction\",\"target\":[\"https:\/\/terrasdebasto.pt\/?p=5036\"]}]},{\"@type\":\"ImageObject\",\"inLanguage\":\"pt-PT\",\"@id\":\"https:\/\/terrasdebasto.pt\/?p=5036#primaryimage\",\"url\":\"https:\/\/terrasdebasto.pt\/wp-content\/uploads\/2025\/11\/HELDER-GONCALVES-1.jpg\",\"contentUrl\":\"https:\/\/terrasdebasto.pt\/wp-content\/uploads\/2025\/11\/HELDER-GONCALVES-1.jpg\",\"width\":1017,\"height\":623},{\"@type\":\"BreadcrumbList\",\"@id\":\"https:\/\/terrasdebasto.pt\/?p=5036#breadcrumb\",\"itemListElement\":[{\"@type\":\"ListItem\",\"position\":1,\"name\":\"In\u00edcio\",\"item\":\"https:\/\/terrasdebasto.pt\/\"},{\"@type\":\"ListItem\",\"position\":2,\"name\":\"Cabeceirense dirige em Celorico a Orquestra de C\u00e2mara da GNR\"}]},{\"@type\":\"WebSite\",\"@id\":\"https:\/\/terrasdebasto.pt\/#website\",\"url\":\"https:\/\/terrasdebasto.pt\/\",\"name\":\"Jornal Terras de Basto\",\"description\":\"\",\"publisher\":{\"@id\":\"https:\/\/terrasdebasto.pt\/#organization\"},\"potentialAction\":[{\"@type\":\"SearchAction\",\"target\":{\"@type\":\"EntryPoint\",\"urlTemplate\":\"https:\/\/terrasdebasto.pt\/?s={search_term_string}\"},\"query-input\":{\"@type\":\"PropertyValueSpecification\",\"valueRequired\":true,\"valueName\":\"search_term_string\"}}],\"inLanguage\":\"pt-PT\"},{\"@type\":\"Organization\",\"@id\":\"https:\/\/terrasdebasto.pt\/#organization\",\"name\":\"Jornal Terras de Basto\",\"url\":\"https:\/\/terrasdebasto.pt\/\",\"logo\":{\"@type\":\"ImageObject\",\"inLanguage\":\"pt-PT\",\"@id\":\"https:\/\/terrasdebasto.pt\/#\/schema\/logo\/image\/\",\"url\":\"https:\/\/terrasdebasto.pt\/wp-content\/uploads\/2024\/06\/LogoNormal.png\",\"contentUrl\":\"https:\/\/terrasdebasto.pt\/wp-content\/uploads\/2024\/06\/LogoNormal.png\",\"width\":5638,\"height\":809,\"caption\":\"Jornal Terras de Basto\"},\"image\":{\"@id\":\"https:\/\/terrasdebasto.pt\/#\/schema\/logo\/image\/\"}},{\"@type\":\"Person\",\"@id\":\"https:\/\/terrasdebasto.pt\/#\/schema\/person\/9f6739f5394ac65c802641773b278b84\",\"name\":\"Jo\u00e3o Paulo Mesquita\",\"image\":{\"@type\":\"ImageObject\",\"inLanguage\":\"pt-PT\",\"@id\":\"https:\/\/terrasdebasto.pt\/#\/schema\/person\/image\/\",\"url\":\"https:\/\/secure.gravatar.com\/avatar\/9bd0f299e6d96336664aab64354168246a3ee3287c47891c50d450e47ed9d7f9?s=96&d=mm&r=g\",\"contentUrl\":\"https:\/\/secure.gravatar.com\/avatar\/9bd0f299e6d96336664aab64354168246a3ee3287c47891c50d450e47ed9d7f9?s=96&d=mm&r=g\",\"caption\":\"Jo\u00e3o Paulo Mesquita\"},\"url\":\"https:\/\/terrasdebasto.pt\/?author=7\"}]}<\/script>\n<!-- \/ Yoast SEO plugin. -->","yoast_head_json":{"title":"Cabeceirense dirige em Celorico a Orquestra de C\u00e2mara da GNR - Jornal Terras de Basto","description":"\u201cDivertimento\u201d, em F maior, de Wolfgang Amadeus Mozart; \u201cOrfeo ed Euridice: Dance of the Blessed Spirits\u201d, de Christoph Willibald Gluck; e \u201cSymphony n.\u00ba 45\u201d, em F sharp minor, de Joseph Haydn. S\u00e3o tr\u00eas das obras que a Orquestra de C\u00e2mara da Guarda Nacional Republicana traz domingo (23), a partir das 16h00, no cineteatro dos bombeiros, em Celorico de Basto.","robots":{"index":"index","follow":"follow","max-snippet":"max-snippet:-1","max-image-preview":"max-image-preview:large","max-video-preview":"max-video-preview:-1"},"canonical":"https:\/\/terrasdebasto.pt\/?p=5036","og_locale":"pt_PT","og_type":"article","og_title":"Cabeceirense dirige em Celorico a Orquestra de C\u00e2mara da GNR - Jornal Terras de Basto","og_description":"\u201cDivertimento\u201d, em F maior, de Wolfgang Amadeus Mozart; \u201cOrfeo ed Euridice: Dance of the Blessed Spirits\u201d, de Christoph Willibald Gluck; e \u201cSymphony n.\u00ba 45\u201d, em F sharp minor, de Joseph Haydn. S\u00e3o tr\u00eas das obras que a Orquestra de C\u00e2mara da Guarda Nacional Republicana traz domingo (23), a partir das 16h00, no cineteatro dos bombeiros, em Celorico de Basto.","og_url":"https:\/\/terrasdebasto.pt\/?p=5036","og_site_name":"Jornal Terras de Basto","article_published_time":"2025-11-19T02:02:21+00:00","article_modified_time":"2025-11-19T12:34:04+00:00","og_image":[{"width":1017,"height":623,"url":"https:\/\/terrasdebasto.pt\/wp-content\/uploads\/2025\/11\/HELDER-GONCALVES-1.jpg","type":"image\/jpeg"}],"author":"Jo\u00e3o Paulo Mesquita","twitter_card":"summary_large_image","twitter_misc":{"Escrito por":"Jo\u00e3o Paulo Mesquita","Tempo estimado de leitura":"2 minutos"},"schema":{"@context":"https:\/\/schema.org","@graph":[{"@type":"Article","@id":"https:\/\/terrasdebasto.pt\/?p=5036#article","isPartOf":{"@id":"https:\/\/terrasdebasto.pt\/?p=5036"},"author":{"name":"Jo\u00e3o Paulo Mesquita","@id":"https:\/\/terrasdebasto.pt\/#\/schema\/person\/9f6739f5394ac65c802641773b278b84"},"headline":"Cabeceirense dirige em Celorico a Orquestra de C\u00e2mara da GNR","datePublished":"2025-11-19T02:02:21+00:00","dateModified":"2025-11-19T12:34:04+00:00","mainEntityOfPage":{"@id":"https:\/\/terrasdebasto.pt\/?p=5036"},"wordCount":280,"commentCount":0,"publisher":{"@id":"https:\/\/terrasdebasto.pt\/#organization"},"image":{"@id":"https:\/\/terrasdebasto.pt\/?p=5036#primaryimage"},"thumbnailUrl":"https:\/\/terrasdebasto.pt\/wp-content\/uploads\/2025\/11\/HELDER-GONCALVES-1.jpg","keywords":["Dia da Unidade do Comando Territorial de Braga da GNR","GNR","Maestro H\u00e9lder Gon\u00e7alves","Orquestra de C\u00e2mara da GNR"],"articleSection":["Celorico de Basto","Cultura","Terras de Basto"],"inLanguage":"pt-PT","potentialAction":[{"@type":"CommentAction","name":"Comment","target":["https:\/\/terrasdebasto.pt\/?p=5036#respond"]}]},{"@type":"WebPage","@id":"https:\/\/terrasdebasto.pt\/?p=5036","url":"https:\/\/terrasdebasto.pt\/?p=5036","name":"Cabeceirense dirige em Celorico a Orquestra de C\u00e2mara da GNR - Jornal Terras de Basto","isPartOf":{"@id":"https:\/\/terrasdebasto.pt\/#website"},"primaryImageOfPage":{"@id":"https:\/\/terrasdebasto.pt\/?p=5036#primaryimage"},"image":{"@id":"https:\/\/terrasdebasto.pt\/?p=5036#primaryimage"},"thumbnailUrl":"https:\/\/terrasdebasto.pt\/wp-content\/uploads\/2025\/11\/HELDER-GONCALVES-1.jpg","datePublished":"2025-11-19T02:02:21+00:00","dateModified":"2025-11-19T12:34:04+00:00","description":"\u201cDivertimento\u201d, em F maior, de Wolfgang Amadeus Mozart; \u201cOrfeo ed Euridice: Dance of the Blessed Spirits\u201d, de Christoph Willibald Gluck; e \u201cSymphony n.\u00ba 45\u201d, em F sharp minor, de Joseph Haydn. S\u00e3o tr\u00eas das obras que a Orquestra de C\u00e2mara da Guarda Nacional Republicana traz domingo (23), a partir das 16h00, no cineteatro dos bombeiros, em Celorico de Basto.","breadcrumb":{"@id":"https:\/\/terrasdebasto.pt\/?p=5036#breadcrumb"},"inLanguage":"pt-PT","potentialAction":[{"@type":"ReadAction","target":["https:\/\/terrasdebasto.pt\/?p=5036"]}]},{"@type":"ImageObject","inLanguage":"pt-PT","@id":"https:\/\/terrasdebasto.pt\/?p=5036#primaryimage","url":"https:\/\/terrasdebasto.pt\/wp-content\/uploads\/2025\/11\/HELDER-GONCALVES-1.jpg","contentUrl":"https:\/\/terrasdebasto.pt\/wp-content\/uploads\/2025\/11\/HELDER-GONCALVES-1.jpg","width":1017,"height":623},{"@type":"BreadcrumbList","@id":"https:\/\/terrasdebasto.pt\/?p=5036#breadcrumb","itemListElement":[{"@type":"ListItem","position":1,"name":"In\u00edcio","item":"https:\/\/terrasdebasto.pt\/"},{"@type":"ListItem","position":2,"name":"Cabeceirense dirige em Celorico a Orquestra de C\u00e2mara da GNR"}]},{"@type":"WebSite","@id":"https:\/\/terrasdebasto.pt\/#website","url":"https:\/\/terrasdebasto.pt\/","name":"Jornal Terras de Basto","description":"","publisher":{"@id":"https:\/\/terrasdebasto.pt\/#organization"},"potentialAction":[{"@type":"SearchAction","target":{"@type":"EntryPoint","urlTemplate":"https:\/\/terrasdebasto.pt\/?s={search_term_string}"},"query-input":{"@type":"PropertyValueSpecification","valueRequired":true,"valueName":"search_term_string"}}],"inLanguage":"pt-PT"},{"@type":"Organization","@id":"https:\/\/terrasdebasto.pt\/#organization","name":"Jornal Terras de Basto","url":"https:\/\/terrasdebasto.pt\/","logo":{"@type":"ImageObject","inLanguage":"pt-PT","@id":"https:\/\/terrasdebasto.pt\/#\/schema\/logo\/image\/","url":"https:\/\/terrasdebasto.pt\/wp-content\/uploads\/2024\/06\/LogoNormal.png","contentUrl":"https:\/\/terrasdebasto.pt\/wp-content\/uploads\/2024\/06\/LogoNormal.png","width":5638,"height":809,"caption":"Jornal Terras de Basto"},"image":{"@id":"https:\/\/terrasdebasto.pt\/#\/schema\/logo\/image\/"}},{"@type":"Person","@id":"https:\/\/terrasdebasto.pt\/#\/schema\/person\/9f6739f5394ac65c802641773b278b84","name":"Jo\u00e3o Paulo Mesquita","image":{"@type":"ImageObject","inLanguage":"pt-PT","@id":"https:\/\/terrasdebasto.pt\/#\/schema\/person\/image\/","url":"https:\/\/secure.gravatar.com\/avatar\/9bd0f299e6d96336664aab64354168246a3ee3287c47891c50d450e47ed9d7f9?s=96&d=mm&r=g","contentUrl":"https:\/\/secure.gravatar.com\/avatar\/9bd0f299e6d96336664aab64354168246a3ee3287c47891c50d450e47ed9d7f9?s=96&d=mm&r=g","caption":"Jo\u00e3o Paulo Mesquita"},"url":"https:\/\/terrasdebasto.pt\/?author=7"}]}},"_links":{"self":[{"href":"https:\/\/terrasdebasto.pt\/index.php?rest_route=\/wp\/v2\/posts\/5036","targetHints":{"allow":["GET"]}}],"collection":[{"href":"https:\/\/terrasdebasto.pt\/index.php?rest_route=\/wp\/v2\/posts"}],"about":[{"href":"https:\/\/terrasdebasto.pt\/index.php?rest_route=\/wp\/v2\/types\/post"}],"author":[{"embeddable":true,"href":"https:\/\/terrasdebasto.pt\/index.php?rest_route=\/wp\/v2\/users\/7"}],"replies":[{"embeddable":true,"href":"https:\/\/terrasdebasto.pt\/index.php?rest_route=%2Fwp%2Fv2%2Fcomments&post=5036"}],"version-history":[{"count":2,"href":"https:\/\/terrasdebasto.pt\/index.php?rest_route=\/wp\/v2\/posts\/5036\/revisions"}],"predecessor-version":[{"id":5041,"href":"https:\/\/terrasdebasto.pt\/index.php?rest_route=\/wp\/v2\/posts\/5036\/revisions\/5041"}],"wp:featuredmedia":[{"embeddable":true,"href":"https:\/\/terrasdebasto.pt\/index.php?rest_route=\/wp\/v2\/media\/5037"}],"wp:attachment":[{"href":"https:\/\/terrasdebasto.pt\/index.php?rest_route=%2Fwp%2Fv2%2Fmedia&parent=5036"}],"wp:term":[{"taxonomy":"category","embeddable":true,"href":"https:\/\/terrasdebasto.pt\/index.php?rest_route=%2Fwp%2Fv2%2Fcategories&post=5036"},{"taxonomy":"post_tag","embeddable":true,"href":"https:\/\/terrasdebasto.pt\/index.php?rest_route=%2Fwp%2Fv2%2Ftags&post=5036"}],"curies":[{"name":"wp","href":"https:\/\/api.w.org\/{rel}","templated":true}]}}