{"id":5026,"date":"2025-11-19T00:01:52","date_gmt":"2025-11-19T00:01:52","guid":{"rendered":"https:\/\/terrasdebasto.pt\/?p=5026"},"modified":"2025-11-19T00:01:52","modified_gmt":"2025-11-19T00:01:52","slug":"cabeceiras-js-escolhe-delegados-ao-congresso","status":"publish","type":"post","link":"https:\/\/terrasdebasto.pt\/?p=5026","title":{"rendered":"Cabeceiras: JS escolhe delegados ao congresso"},"content":{"rendered":"\n<p><\/p>\n\n\n\n<p><strong>A concelhia de Cabeceiras de Basto da Juventude Socialista realiza a 28 de novembro uma assembleia geral eleitoral destinada exclusivamente \u00e0 escolha dos seus delegados ao pr\u00f3ximo congresso federativo, que acontece a 20 de dezembro, em Barcelos.<\/strong><\/p>\n\n\n\n<p>O ato eleitoral acontece, assim, entre as 18h00 e as 22h00, na sede do Partido Socialista \u2013 \u00e0 Pra\u00e7a da Rep\u00fablica \u2013 e as listas de candidatos devem ser apresentadas at\u00e9 \u00e0s 18h00 de 25 de novembro.<\/p>\n\n\n\n<p>De acordo com a convocat\u00f3ria a que o Terras de Basto teve acesso, as listas de candidatos devem ser enviadas para o correio pessoal do presidente da mesa da assembleia geral da JS\/Cabeceiras de Basto, Jo\u00e3o Carlos Castro.<\/p>\n\n\n\n<p>Segundo fontes da estrutura juvenil, Mariana Fraga lidera j\u00e1 uma pretensa candidatura, num processo de recolha de apoios coordenado por Lu\u00eds Oliveira Andrade.<\/p>\n\n\n\n<p>\u00abEssa \u00e9 a candidata da Fam\u00edlia Basto e da Fam\u00edlia Oliveira; a Fam\u00edlia Basto inclui o pai, que \u00e9 o respons\u00e1vel pelo PS, e a filha, que foi dirigente da JS; ambos querem manter o poder; quanto \u00e0 Fam\u00edlia Oliveira, tem elementos dentro da c\u00e2mara que continuam a ser importantes no acesso \u00e0 informa\u00e7\u00e3o\u00bb, explicam as fontes, que pedem o anonimato.<\/p>\n\n\n\n<p>Recorde-se que a JS\/Cabeceiras de Basto est\u00e1 sem presidente da dire\u00e7\u00e3o por for\u00e7a da demiss\u00e3o da arcuense Ana Catarina Carvalho, desconsiderada que foi uma semana depois de eleita a prop\u00f3sito da indica\u00e7\u00e3o do representante cabeceirense na comiss\u00e3o organizadora do congresso federativo daquela estrutura juvenil.<\/p>\n\n\n\n<p>Ana Catarina Carvalho, que havia proposto o nome de Vicente Castro como seu primeiro nome, foi desautorizada por uma ex-dirigente, que, atrav\u00e9s do namorado, acabou a fazer aprovar o nome de Lu\u00eds Oliveira Andrade como representante cabeceirense na \u201ccoc\u201d. [JPM].<\/p>\n","protected":false},"excerpt":{"rendered":"<p>A concelhia de Cabeceiras de Basto da Juventude Socialista realiza a 28 de novembro uma assembleia geral eleitoral destinada exclusivamente \u00e0 escolha dos seus delegados ao pr\u00f3ximo congresso federativo, que acontece a 20 de dezembro, em Barcelos. O ato eleitoral acontece, assim, entre as 18h00 e as 22h00, na sede do Partido Socialista \u2013 \u00e0 [&hellip;]<\/p>\n","protected":false},"author":7,"featured_media":5027,"comment_status":"open","ping_status":"open","sticky":false,"template":"","format":"standard","meta":{"footnotes":""},"categories":[12,9],"tags":[1193,1194,1136],"class_list":{"0":"post-5026","1":"post","2":"type-post","3":"status-publish","4":"format-standard","5":"has-post-thumbnail","7":"category-cabeceiras-de-basto","8":"category-terras-de-basto","9":"tag-congresso-federativo","10":"tag-js","11":"tag-juventude-socialista"},"yoast_head":"<!-- This site is optimized with the Yoast SEO plugin v25.7 - https:\/\/yoast.com\/wordpress\/plugins\/seo\/ -->\n<title>Cabeceiras: JS escolhe delegados ao congresso - Jornal Terras de Basto<\/title>\n<meta name=\"description\" content=\"A concelhia de Cabeceiras de Basto da Juventude Socialista realiza a 28 de novembro uma assembleia geral eleitoral destinada exclusivamente \u00e0 escolha dos seus delegados ao pr\u00f3ximo congresso federativo, que acontece a 20 de dezembro, em Barcelos.\" \/>\n<meta name=\"robots\" content=\"index, follow, max-snippet:-1, max-image-preview:large, max-video-preview:-1\" \/>\n<link rel=\"canonical\" href=\"https:\/\/terrasdebasto.pt\/?p=5026\" \/>\n<meta property=\"og:locale\" content=\"pt_PT\" \/>\n<meta property=\"og:type\" content=\"article\" \/>\n<meta property=\"og:title\" content=\"Cabeceiras: JS escolhe delegados ao congresso - Jornal Terras de Basto\" \/>\n<meta property=\"og:description\" content=\"A concelhia de Cabeceiras de Basto da Juventude Socialista realiza a 28 de novembro uma assembleia geral eleitoral destinada exclusivamente \u00e0 escolha dos seus delegados ao pr\u00f3ximo congresso federativo, que acontece a 20 de dezembro, em Barcelos.\" \/>\n<meta property=\"og:url\" content=\"https:\/\/terrasdebasto.pt\/?p=5026\" \/>\n<meta property=\"og:site_name\" content=\"Jornal Terras de Basto\" \/>\n<meta property=\"article:published_time\" content=\"2025-11-19T00:01:52+00:00\" \/>\n<meta property=\"og:image\" content=\"https:\/\/terrasdebasto.pt\/wp-content\/uploads\/2025\/11\/JS-.jpg\" \/>\n\t<meta property=\"og:image:width\" content=\"856\" \/>\n\t<meta property=\"og:image:height\" content=\"892\" \/>\n\t<meta property=\"og:image:type\" content=\"image\/jpeg\" \/>\n<meta name=\"author\" content=\"Jo\u00e3o Paulo Mesquita\" \/>\n<meta name=\"twitter:card\" content=\"summary_large_image\" \/>\n<meta name=\"twitter:label1\" content=\"Escrito por\" \/>\n\t<meta name=\"twitter:data1\" content=\"Jo\u00e3o Paulo Mesquita\" \/>\n\t<meta name=\"twitter:label2\" content=\"Tempo estimado de leitura\" \/>\n\t<meta name=\"twitter:data2\" content=\"2 minutos\" \/>\n<script type=\"application\/ld+json\" class=\"yoast-schema-graph\">{\"@context\":\"https:\/\/schema.org\",\"@graph\":[{\"@type\":\"Article\",\"@id\":\"https:\/\/terrasdebasto.pt\/?p=5026#article\",\"isPartOf\":{\"@id\":\"https:\/\/terrasdebasto.pt\/?p=5026\"},\"author\":{\"name\":\"Jo\u00e3o Paulo Mesquita\",\"@id\":\"https:\/\/terrasdebasto.pt\/#\/schema\/person\/9f6739f5394ac65c802641773b278b84\"},\"headline\":\"Cabeceiras: JS escolhe delegados ao congresso\",\"datePublished\":\"2025-11-19T00:01:52+00:00\",\"mainEntityOfPage\":{\"@id\":\"https:\/\/terrasdebasto.pt\/?p=5026\"},\"wordCount\":298,\"commentCount\":0,\"publisher\":{\"@id\":\"https:\/\/terrasdebasto.pt\/#organization\"},\"image\":{\"@id\":\"https:\/\/terrasdebasto.pt\/?p=5026#primaryimage\"},\"thumbnailUrl\":\"https:\/\/terrasdebasto.pt\/wp-content\/uploads\/2025\/11\/JS-.jpg\",\"keywords\":[\"Congresso Federativo\",\"JS\",\"Juventude Socialista\"],\"articleSection\":[\"Cabeceiras de Basto\",\"Terras de Basto\"],\"inLanguage\":\"pt-PT\",\"potentialAction\":[{\"@type\":\"CommentAction\",\"name\":\"Comment\",\"target\":[\"https:\/\/terrasdebasto.pt\/?p=5026#respond\"]}]},{\"@type\":\"WebPage\",\"@id\":\"https:\/\/terrasdebasto.pt\/?p=5026\",\"url\":\"https:\/\/terrasdebasto.pt\/?p=5026\",\"name\":\"Cabeceiras: JS escolhe delegados ao congresso - Jornal Terras de Basto\",\"isPartOf\":{\"@id\":\"https:\/\/terrasdebasto.pt\/#website\"},\"primaryImageOfPage\":{\"@id\":\"https:\/\/terrasdebasto.pt\/?p=5026#primaryimage\"},\"image\":{\"@id\":\"https:\/\/terrasdebasto.pt\/?p=5026#primaryimage\"},\"thumbnailUrl\":\"https:\/\/terrasdebasto.pt\/wp-content\/uploads\/2025\/11\/JS-.jpg\",\"datePublished\":\"2025-11-19T00:01:52+00:00\",\"description\":\"A concelhia de Cabeceiras de Basto da Juventude Socialista realiza a 28 de novembro uma assembleia geral eleitoral destinada exclusivamente \u00e0 escolha dos seus delegados ao pr\u00f3ximo congresso federativo, que acontece a 20 de dezembro, em Barcelos.\",\"breadcrumb\":{\"@id\":\"https:\/\/terrasdebasto.pt\/?p=5026#breadcrumb\"},\"inLanguage\":\"pt-PT\",\"potentialAction\":[{\"@type\":\"ReadAction\",\"target\":[\"https:\/\/terrasdebasto.pt\/?p=5026\"]}]},{\"@type\":\"ImageObject\",\"inLanguage\":\"pt-PT\",\"@id\":\"https:\/\/terrasdebasto.pt\/?p=5026#primaryimage\",\"url\":\"https:\/\/terrasdebasto.pt\/wp-content\/uploads\/2025\/11\/JS-.jpg\",\"contentUrl\":\"https:\/\/terrasdebasto.pt\/wp-content\/uploads\/2025\/11\/JS-.jpg\",\"width\":856,\"height\":892},{\"@type\":\"BreadcrumbList\",\"@id\":\"https:\/\/terrasdebasto.pt\/?p=5026#breadcrumb\",\"itemListElement\":[{\"@type\":\"ListItem\",\"position\":1,\"name\":\"In\u00edcio\",\"item\":\"https:\/\/terrasdebasto.pt\/\"},{\"@type\":\"ListItem\",\"position\":2,\"name\":\"Cabeceiras: JS escolhe delegados ao congresso\"}]},{\"@type\":\"WebSite\",\"@id\":\"https:\/\/terrasdebasto.pt\/#website\",\"url\":\"https:\/\/terrasdebasto.pt\/\",\"name\":\"Jornal Terras de Basto\",\"description\":\"\",\"publisher\":{\"@id\":\"https:\/\/terrasdebasto.pt\/#organization\"},\"potentialAction\":[{\"@type\":\"SearchAction\",\"target\":{\"@type\":\"EntryPoint\",\"urlTemplate\":\"https:\/\/terrasdebasto.pt\/?s={search_term_string}\"},\"query-input\":{\"@type\":\"PropertyValueSpecification\",\"valueRequired\":true,\"valueName\":\"search_term_string\"}}],\"inLanguage\":\"pt-PT\"},{\"@type\":\"Organization\",\"@id\":\"https:\/\/terrasdebasto.pt\/#organization\",\"name\":\"Jornal Terras de Basto\",\"url\":\"https:\/\/terrasdebasto.pt\/\",\"logo\":{\"@type\":\"ImageObject\",\"inLanguage\":\"pt-PT\",\"@id\":\"https:\/\/terrasdebasto.pt\/#\/schema\/logo\/image\/\",\"url\":\"https:\/\/terrasdebasto.pt\/wp-content\/uploads\/2024\/06\/LogoNormal.png\",\"contentUrl\":\"https:\/\/terrasdebasto.pt\/wp-content\/uploads\/2024\/06\/LogoNormal.png\",\"width\":5638,\"height\":809,\"caption\":\"Jornal Terras de Basto\"},\"image\":{\"@id\":\"https:\/\/terrasdebasto.pt\/#\/schema\/logo\/image\/\"}},{\"@type\":\"Person\",\"@id\":\"https:\/\/terrasdebasto.pt\/#\/schema\/person\/9f6739f5394ac65c802641773b278b84\",\"name\":\"Jo\u00e3o Paulo Mesquita\",\"image\":{\"@type\":\"ImageObject\",\"inLanguage\":\"pt-PT\",\"@id\":\"https:\/\/terrasdebasto.pt\/#\/schema\/person\/image\/\",\"url\":\"https:\/\/secure.gravatar.com\/avatar\/9bd0f299e6d96336664aab64354168246a3ee3287c47891c50d450e47ed9d7f9?s=96&d=mm&r=g\",\"contentUrl\":\"https:\/\/secure.gravatar.com\/avatar\/9bd0f299e6d96336664aab64354168246a3ee3287c47891c50d450e47ed9d7f9?s=96&d=mm&r=g\",\"caption\":\"Jo\u00e3o Paulo Mesquita\"},\"url\":\"https:\/\/terrasdebasto.pt\/?author=7\"}]}<\/script>\n<!-- \/ Yoast SEO plugin. -->","yoast_head_json":{"title":"Cabeceiras: JS escolhe delegados ao congresso - Jornal Terras de Basto","description":"A concelhia de Cabeceiras de Basto da Juventude Socialista realiza a 28 de novembro uma assembleia geral eleitoral destinada exclusivamente \u00e0 escolha dos seus delegados ao pr\u00f3ximo congresso federativo, que acontece a 20 de dezembro, em Barcelos.","robots":{"index":"index","follow":"follow","max-snippet":"max-snippet:-1","max-image-preview":"max-image-preview:large","max-video-preview":"max-video-preview:-1"},"canonical":"https:\/\/terrasdebasto.pt\/?p=5026","og_locale":"pt_PT","og_type":"article","og_title":"Cabeceiras: JS escolhe delegados ao congresso - Jornal Terras de Basto","og_description":"A concelhia de Cabeceiras de Basto da Juventude Socialista realiza a 28 de novembro uma assembleia geral eleitoral destinada exclusivamente \u00e0 escolha dos seus delegados ao pr\u00f3ximo congresso federativo, que acontece a 20 de dezembro, em Barcelos.","og_url":"https:\/\/terrasdebasto.pt\/?p=5026","og_site_name":"Jornal Terras de Basto","article_published_time":"2025-11-19T00:01:52+00:00","og_image":[{"width":856,"height":892,"url":"https:\/\/terrasdebasto.pt\/wp-content\/uploads\/2025\/11\/JS-.jpg","type":"image\/jpeg"}],"author":"Jo\u00e3o Paulo Mesquita","twitter_card":"summary_large_image","twitter_misc":{"Escrito por":"Jo\u00e3o Paulo Mesquita","Tempo estimado de leitura":"2 minutos"},"schema":{"@context":"https:\/\/schema.org","@graph":[{"@type":"Article","@id":"https:\/\/terrasdebasto.pt\/?p=5026#article","isPartOf":{"@id":"https:\/\/terrasdebasto.pt\/?p=5026"},"author":{"name":"Jo\u00e3o Paulo Mesquita","@id":"https:\/\/terrasdebasto.pt\/#\/schema\/person\/9f6739f5394ac65c802641773b278b84"},"headline":"Cabeceiras: JS escolhe delegados ao congresso","datePublished":"2025-11-19T00:01:52+00:00","mainEntityOfPage":{"@id":"https:\/\/terrasdebasto.pt\/?p=5026"},"wordCount":298,"commentCount":0,"publisher":{"@id":"https:\/\/terrasdebasto.pt\/#organization"},"image":{"@id":"https:\/\/terrasdebasto.pt\/?p=5026#primaryimage"},"thumbnailUrl":"https:\/\/terrasdebasto.pt\/wp-content\/uploads\/2025\/11\/JS-.jpg","keywords":["Congresso Federativo","JS","Juventude Socialista"],"articleSection":["Cabeceiras de Basto","Terras de Basto"],"inLanguage":"pt-PT","potentialAction":[{"@type":"CommentAction","name":"Comment","target":["https:\/\/terrasdebasto.pt\/?p=5026#respond"]}]},{"@type":"WebPage","@id":"https:\/\/terrasdebasto.pt\/?p=5026","url":"https:\/\/terrasdebasto.pt\/?p=5026","name":"Cabeceiras: JS escolhe delegados ao congresso - Jornal Terras de Basto","isPartOf":{"@id":"https:\/\/terrasdebasto.pt\/#website"},"primaryImageOfPage":{"@id":"https:\/\/terrasdebasto.pt\/?p=5026#primaryimage"},"image":{"@id":"https:\/\/terrasdebasto.pt\/?p=5026#primaryimage"},"thumbnailUrl":"https:\/\/terrasdebasto.pt\/wp-content\/uploads\/2025\/11\/JS-.jpg","datePublished":"2025-11-19T00:01:52+00:00","description":"A concelhia de Cabeceiras de Basto da Juventude Socialista realiza a 28 de novembro uma assembleia geral eleitoral destinada exclusivamente \u00e0 escolha dos seus delegados ao pr\u00f3ximo congresso federativo, que acontece a 20 de dezembro, em Barcelos.","breadcrumb":{"@id":"https:\/\/terrasdebasto.pt\/?p=5026#breadcrumb"},"inLanguage":"pt-PT","potentialAction":[{"@type":"ReadAction","target":["https:\/\/terrasdebasto.pt\/?p=5026"]}]},{"@type":"ImageObject","inLanguage":"pt-PT","@id":"https:\/\/terrasdebasto.pt\/?p=5026#primaryimage","url":"https:\/\/terrasdebasto.pt\/wp-content\/uploads\/2025\/11\/JS-.jpg","contentUrl":"https:\/\/terrasdebasto.pt\/wp-content\/uploads\/2025\/11\/JS-.jpg","width":856,"height":892},{"@type":"BreadcrumbList","@id":"https:\/\/terrasdebasto.pt\/?p=5026#breadcrumb","itemListElement":[{"@type":"ListItem","position":1,"name":"In\u00edcio","item":"https:\/\/terrasdebasto.pt\/"},{"@type":"ListItem","position":2,"name":"Cabeceiras: JS escolhe delegados ao congresso"}]},{"@type":"WebSite","@id":"https:\/\/terrasdebasto.pt\/#website","url":"https:\/\/terrasdebasto.pt\/","name":"Jornal Terras de Basto","description":"","publisher":{"@id":"https:\/\/terrasdebasto.pt\/#organization"},"potentialAction":[{"@type":"SearchAction","target":{"@type":"EntryPoint","urlTemplate":"https:\/\/terrasdebasto.pt\/?s={search_term_string}"},"query-input":{"@type":"PropertyValueSpecification","valueRequired":true,"valueName":"search_term_string"}}],"inLanguage":"pt-PT"},{"@type":"Organization","@id":"https:\/\/terrasdebasto.pt\/#organization","name":"Jornal Terras de Basto","url":"https:\/\/terrasdebasto.pt\/","logo":{"@type":"ImageObject","inLanguage":"pt-PT","@id":"https:\/\/terrasdebasto.pt\/#\/schema\/logo\/image\/","url":"https:\/\/terrasdebasto.pt\/wp-content\/uploads\/2024\/06\/LogoNormal.png","contentUrl":"https:\/\/terrasdebasto.pt\/wp-content\/uploads\/2024\/06\/LogoNormal.png","width":5638,"height":809,"caption":"Jornal Terras de Basto"},"image":{"@id":"https:\/\/terrasdebasto.pt\/#\/schema\/logo\/image\/"}},{"@type":"Person","@id":"https:\/\/terrasdebasto.pt\/#\/schema\/person\/9f6739f5394ac65c802641773b278b84","name":"Jo\u00e3o Paulo Mesquita","image":{"@type":"ImageObject","inLanguage":"pt-PT","@id":"https:\/\/terrasdebasto.pt\/#\/schema\/person\/image\/","url":"https:\/\/secure.gravatar.com\/avatar\/9bd0f299e6d96336664aab64354168246a3ee3287c47891c50d450e47ed9d7f9?s=96&d=mm&r=g","contentUrl":"https:\/\/secure.gravatar.com\/avatar\/9bd0f299e6d96336664aab64354168246a3ee3287c47891c50d450e47ed9d7f9?s=96&d=mm&r=g","caption":"Jo\u00e3o Paulo Mesquita"},"url":"https:\/\/terrasdebasto.pt\/?author=7"}]}},"_links":{"self":[{"href":"https:\/\/terrasdebasto.pt\/index.php?rest_route=\/wp\/v2\/posts\/5026","targetHints":{"allow":["GET"]}}],"collection":[{"href":"https:\/\/terrasdebasto.pt\/index.php?rest_route=\/wp\/v2\/posts"}],"about":[{"href":"https:\/\/terrasdebasto.pt\/index.php?rest_route=\/wp\/v2\/types\/post"}],"author":[{"embeddable":true,"href":"https:\/\/terrasdebasto.pt\/index.php?rest_route=\/wp\/v2\/users\/7"}],"replies":[{"embeddable":true,"href":"https:\/\/terrasdebasto.pt\/index.php?rest_route=%2Fwp%2Fv2%2Fcomments&post=5026"}],"version-history":[{"count":1,"href":"https:\/\/terrasdebasto.pt\/index.php?rest_route=\/wp\/v2\/posts\/5026\/revisions"}],"predecessor-version":[{"id":5028,"href":"https:\/\/terrasdebasto.pt\/index.php?rest_route=\/wp\/v2\/posts\/5026\/revisions\/5028"}],"wp:featuredmedia":[{"embeddable":true,"href":"https:\/\/terrasdebasto.pt\/index.php?rest_route=\/wp\/v2\/media\/5027"}],"wp:attachment":[{"href":"https:\/\/terrasdebasto.pt\/index.php?rest_route=%2Fwp%2Fv2%2Fmedia&parent=5026"}],"wp:term":[{"taxonomy":"category","embeddable":true,"href":"https:\/\/terrasdebasto.pt\/index.php?rest_route=%2Fwp%2Fv2%2Fcategories&post=5026"},{"taxonomy":"post_tag","embeddable":true,"href":"https:\/\/terrasdebasto.pt\/index.php?rest_route=%2Fwp%2Fv2%2Ftags&post=5026"}],"curies":[{"name":"wp","href":"https:\/\/api.w.org\/{rel}","templated":true}]}}