{"id":5021,"date":"2025-11-18T18:18:06","date_gmt":"2025-11-18T18:18:06","guid":{"rendered":"https:\/\/terrasdebasto.pt\/?p=5021"},"modified":"2025-11-18T18:18:38","modified_gmt":"2025-11-18T18:18:38","slug":"gnr-vem-a-celorico-comemorar-dia-da-unidade","status":"publish","type":"post","link":"https:\/\/terrasdebasto.pt\/?p=5021","title":{"rendered":"GNR vem a Celorico celebrar \u201cdia da unidade\u201d"},"content":{"rendered":"\n<p><\/p>\n\n\n\n<p><strong>O Comando Territorial de Braga da Guarda Nacional Republicana escolheu Celorico de Basto para celebrar o pr\u00f3ximo \u201cdia da unidade\u201d, o que quer dizer, comemorar o anivers\u00e1rio da sua funda\u00e7\u00e3o. Vai acontecer a 23 e 24 de novembro e compreende v\u00e1rios momentos, de que se destacam um concerto da orquestra de c\u00e2mara, uma sess\u00e3o solene e uma demonstra\u00e7\u00e3o de meios.<\/strong><\/p>\n\n\n\n<p>O \u201cdia da unidade\u201d \u00e9 um evento pensado para aproximar a GNR da comunidade local, servindo para exibir meios, demonstrar capacidade operacional e equipas especializadas, assim valorizando a seguran\u00e7a p\u00fablica no concelho e no distrito.<\/p>\n\n\n\n<p>O Comando Territorial de Braga da Guarda Nacional Republicana \u00e9 uma das unidades operacionais mais relevantes do pa\u00eds, garantindo a seguran\u00e7a p\u00fablica nos 14 concelhos do distrito e servindo uma popula\u00e7\u00e3o superior a um milh\u00e3o de habitantes. Com uma \u00e1rea de responsabilidade que combina zonas urbanas densamente povoadas, corredores industriais e vastas extens\u00f5es rurais e florestais, o comando desempenha um papel determinante na preven\u00e7\u00e3o e combate \u00e0 criminalidade, na prote\u00e7\u00e3o das popula\u00e7\u00f5es e na defesa do patrim\u00f3nio ambiental.<\/p>\n\n\n\n<p>De acordo com o programa a que o Terras de Basto teve acesso, as comemora\u00e7\u00f5es iniciam-se j\u00e1 na quinta-feira (20), com a caminhada \u201cNatureza Segura, futuro sustent\u00e1vel\u201d, junto \u00e0 C\u00e2mara Municipal de Celorico de Basto.<\/p>\n\n\n\n<p>J\u00e1 para domingo (23), v\u00e9spera do dia de anivers\u00e1rio \u2013 que se evoca a 24 de novembro \u2013, est\u00e3o previstas cerim\u00f3nias religiosas, \u00e0s 10h30, na igreja de Britelo; uma demonstra\u00e7\u00e3o de meios e val\u00eancias, das 14h00 \u00e0s 16h00, junto ao posto local; e um concerto da orquestra de c\u00e2mara, \u00e0s 16h00, no cineteatro dos bombeiros, com entrada livre, mas sujeita \u00e0 apresenta\u00e7\u00e3o de ingresso.<\/p>\n\n\n\n<p>A cerim\u00f3nia militar que assinala o anivers\u00e1rio acontece a partir das 15h00 de segunda-feira (24), na Pra\u00e7a Cardeal Ant\u00f3nio Ribeiro, n\u00e3o sendo ainda conhecidos os convidados oficiais.<\/p>\n\n\n\n<p>Dotado de um dispositivo que integra destacamentos territoriais, destacamentos de tr\u00e2nsito, destacamento de interven\u00e7\u00e3o e diversos n\u00facleos especializados, o Comando Territorial de Braga da GNR opera num modelo de proximidade, privilegiando a rela\u00e7\u00e3o direta com a comunidade. Esta abordagem traduz-se em programas de apoio ao cidad\u00e3o, a\u00e7\u00f5es de policiamento orientado para a resolu\u00e7\u00e3o de problemas e iniciativas educativas dirigidas a escolas, idosos e agentes locais, tais como aquelas que est\u00e3o a acontecer esta semana em Celorico de Basto.<\/p>\n\n\n\n<p>Ao longo dos \u00faltimos anos, o comando tem refor\u00e7ado a sua capacidade operativa atrav\u00e9s da moderniza\u00e7\u00e3o de meios, da aposta na forma\u00e7\u00e3o dos seus militares e da intensifica\u00e7\u00e3o da presen\u00e7a no terreno. O combate \u00e0 viol\u00eancia dom\u00e9stica, a criminalidade urbana, os furtos em zonas industriais, a seguran\u00e7a rodovi\u00e1ria e a vigil\u00e2ncia florestal s\u00e3o algumas das \u00e1reas em que se t\u00eam registado interven\u00e7\u00f5es regulares.<\/p>\n\n\n\n<p>Como for\u00e7a de seguran\u00e7a de natureza militar, o Comando Territorial de Braga assume igualmente responsabilidades no \u00e2mbito da prote\u00e7\u00e3o civil, colaborando em opera\u00e7\u00f5es de busca e salvamento, preven\u00e7\u00e3o de inc\u00eandios e resposta a situa\u00e7\u00f5es de emerg\u00eancia.<\/p>\n\n\n\n<p>Reconhecido pelo seu papel estruturante na regi\u00e3o, o comando mant\u00e9m uma presen\u00e7a constante e multifacetada, simbolizando para muitos cidad\u00e3os a primeira e mais pr\u00f3xima linha de prote\u00e7\u00e3o e confian\u00e7a no quotidiano minhoto.<\/p>\n\n\n\n<p>O Comando Territorial de Braga da GNR \u00e9 comandado pelo tenente-coronel Carlos Nuno da Maia Morgado, que tomou posse em outubro de 2022. [JPM].<\/p>\n\n\n\n<figure class=\"wp-block-gallery has-nested-images columns-default is-cropped wp-block-gallery-1 is-layout-flex wp-block-gallery-is-layout-flex\">\n<figure class=\"wp-block-image size-large\"><img loading=\"lazy\" decoding=\"async\" width=\"1024\" height=\"944\" data-id=\"5023\" src=\"https:\/\/terrasdebasto.pt\/wp-content\/uploads\/2025\/11\/GNR-01-1024x944.jpg\" alt=\"\" class=\"wp-image-5023\" srcset=\"https:\/\/terrasdebasto.pt\/wp-content\/uploads\/2025\/11\/GNR-01-1024x944.jpg 1024w, https:\/\/terrasdebasto.pt\/wp-content\/uploads\/2025\/11\/GNR-01-300x277.jpg 300w, https:\/\/terrasdebasto.pt\/wp-content\/uploads\/2025\/11\/GNR-01-768x708.jpg 768w, https:\/\/terrasdebasto.pt\/wp-content\/uploads\/2025\/11\/GNR-01-150x138.jpg 150w, https:\/\/terrasdebasto.pt\/wp-content\/uploads\/2025\/11\/GNR-01-696x641.jpg 696w, https:\/\/terrasdebasto.pt\/wp-content\/uploads\/2025\/11\/GNR-01-1068x984.jpg 1068w, https:\/\/terrasdebasto.pt\/wp-content\/uploads\/2025\/11\/GNR-01.jpg 1200w\" sizes=\"auto, (max-width: 1024px) 100vw, 1024px\" \/><\/figure>\n<\/figure>\n","protected":false},"excerpt":{"rendered":"<p>O Comando Territorial de Braga da Guarda Nacional Republicana escolheu Celorico de Basto para celebrar o pr\u00f3ximo \u201cdia da unidade\u201d, o que quer dizer, comemorar o anivers\u00e1rio da sua funda\u00e7\u00e3o. Vai acontecer a 23 e 24 de novembro e compreende v\u00e1rios momentos, de que se destacam um concerto da orquestra de c\u00e2mara, uma sess\u00e3o solene [&hellip;]<\/p>\n","protected":false},"author":7,"featured_media":5022,"comment_status":"open","ping_status":"open","sticky":false,"template":"","format":"standard","meta":{"footnotes":""},"categories":[13,7,9],"tags":[40,1191,1192,626],"class_list":{"0":"post-5021","1":"post","2":"type-post","3":"status-publish","4":"format-standard","5":"has-post-thumbnail","7":"category-celorico-de-basto","8":"category-cultura","9":"category-terras-de-basto","10":"tag-celorico-de-basto","11":"tag-comando-territorial-de-braga-da-gnr","12":"tag-dia-da-unidade","13":"tag-gnr"},"yoast_head":"<!-- This site is optimized with the Yoast SEO plugin v25.7 - https:\/\/yoast.com\/wordpress\/plugins\/seo\/ -->\n<title>GNR vem a Celorico celebrar \u201cdia da unidade\u201d - Jornal Terras de Basto<\/title>\n<meta name=\"description\" content=\"O Comando Territorial de Braga da Guarda Nacional Republicana escolheu Celorico de Basto para celebrar o pr\u00f3ximo \u201cdia da unidade\u201d, o que quer dizer, comemorar o anivers\u00e1rio da sua funda\u00e7\u00e3o. Vai acontecer a 23 e 24 de novembro e compreende v\u00e1rios momentos, de que se destacam um concerto da orquestra de c\u00e2mara, uma sess\u00e3o solene e uma demonstra\u00e7\u00e3o de meios.\" \/>\n<meta name=\"robots\" content=\"index, follow, max-snippet:-1, max-image-preview:large, max-video-preview:-1\" \/>\n<link rel=\"canonical\" href=\"https:\/\/terrasdebasto.pt\/?p=5021\" \/>\n<meta property=\"og:locale\" content=\"pt_PT\" \/>\n<meta property=\"og:type\" content=\"article\" \/>\n<meta property=\"og:title\" content=\"GNR vem a Celorico celebrar \u201cdia da unidade\u201d - Jornal Terras de Basto\" \/>\n<meta property=\"og:description\" content=\"O Comando Territorial de Braga da Guarda Nacional Republicana escolheu Celorico de Basto para celebrar o pr\u00f3ximo \u201cdia da unidade\u201d, o que quer dizer, comemorar o anivers\u00e1rio da sua funda\u00e7\u00e3o. Vai acontecer a 23 e 24 de novembro e compreende v\u00e1rios momentos, de que se destacam um concerto da orquestra de c\u00e2mara, uma sess\u00e3o solene e uma demonstra\u00e7\u00e3o de meios.\" \/>\n<meta property=\"og:url\" content=\"https:\/\/terrasdebasto.pt\/?p=5021\" \/>\n<meta property=\"og:site_name\" content=\"Jornal Terras de Basto\" \/>\n<meta property=\"article:published_time\" content=\"2025-11-18T18:18:06+00:00\" \/>\n<meta property=\"article:modified_time\" content=\"2025-11-18T18:18:38+00:00\" \/>\n<meta property=\"og:image\" content=\"https:\/\/terrasdebasto.pt\/wp-content\/uploads\/2025\/11\/DCRP-Cartaz-GNR-Braga-Copia.jpg\" \/>\n\t<meta property=\"og:image:width\" content=\"720\" \/>\n\t<meta property=\"og:image:height\" content=\"416\" \/>\n\t<meta property=\"og:image:type\" content=\"image\/jpeg\" \/>\n<meta name=\"author\" content=\"Jo\u00e3o Paulo Mesquita\" \/>\n<meta name=\"twitter:card\" content=\"summary_large_image\" \/>\n<meta name=\"twitter:label1\" content=\"Escrito por\" \/>\n\t<meta name=\"twitter:data1\" content=\"Jo\u00e3o Paulo Mesquita\" \/>\n\t<meta name=\"twitter:label2\" content=\"Tempo estimado de leitura\" \/>\n\t<meta name=\"twitter:data2\" content=\"4 minutos\" \/>\n<script type=\"application\/ld+json\" class=\"yoast-schema-graph\">{\"@context\":\"https:\/\/schema.org\",\"@graph\":[{\"@type\":\"Article\",\"@id\":\"https:\/\/terrasdebasto.pt\/?p=5021#article\",\"isPartOf\":{\"@id\":\"https:\/\/terrasdebasto.pt\/?p=5021\"},\"author\":{\"name\":\"Jo\u00e3o Paulo Mesquita\",\"@id\":\"https:\/\/terrasdebasto.pt\/#\/schema\/person\/9f6739f5394ac65c802641773b278b84\"},\"headline\":\"GNR vem a Celorico celebrar \u201cdia da unidade\u201d\",\"datePublished\":\"2025-11-18T18:18:06+00:00\",\"dateModified\":\"2025-11-18T18:18:38+00:00\",\"mainEntityOfPage\":{\"@id\":\"https:\/\/terrasdebasto.pt\/?p=5021\"},\"wordCount\":595,\"commentCount\":0,\"publisher\":{\"@id\":\"https:\/\/terrasdebasto.pt\/#organization\"},\"image\":{\"@id\":\"https:\/\/terrasdebasto.pt\/?p=5021#primaryimage\"},\"thumbnailUrl\":\"https:\/\/terrasdebasto.pt\/wp-content\/uploads\/2025\/11\/DCRP-Cartaz-GNR-Braga-Copia.jpg\",\"keywords\":[\"Celorico de Basto\",\"Comando Territorial de Braga da GNR\",\"Dia da Unidade\",\"GNR\"],\"articleSection\":[\"Celorico de Basto\",\"Cultura\",\"Terras de Basto\"],\"inLanguage\":\"pt-PT\",\"potentialAction\":[{\"@type\":\"CommentAction\",\"name\":\"Comment\",\"target\":[\"https:\/\/terrasdebasto.pt\/?p=5021#respond\"]}]},{\"@type\":\"WebPage\",\"@id\":\"https:\/\/terrasdebasto.pt\/?p=5021\",\"url\":\"https:\/\/terrasdebasto.pt\/?p=5021\",\"name\":\"GNR vem a Celorico celebrar \u201cdia da unidade\u201d - Jornal Terras de Basto\",\"isPartOf\":{\"@id\":\"https:\/\/terrasdebasto.pt\/#website\"},\"primaryImageOfPage\":{\"@id\":\"https:\/\/terrasdebasto.pt\/?p=5021#primaryimage\"},\"image\":{\"@id\":\"https:\/\/terrasdebasto.pt\/?p=5021#primaryimage\"},\"thumbnailUrl\":\"https:\/\/terrasdebasto.pt\/wp-content\/uploads\/2025\/11\/DCRP-Cartaz-GNR-Braga-Copia.jpg\",\"datePublished\":\"2025-11-18T18:18:06+00:00\",\"dateModified\":\"2025-11-18T18:18:38+00:00\",\"description\":\"O Comando Territorial de Braga da Guarda Nacional Republicana escolheu Celorico de Basto para celebrar o pr\u00f3ximo \u201cdia da unidade\u201d, o que quer dizer, comemorar o anivers\u00e1rio da sua funda\u00e7\u00e3o. Vai acontecer a 23 e 24 de novembro e compreende v\u00e1rios momentos, de que se destacam um concerto da orquestra de c\u00e2mara, uma sess\u00e3o solene e uma demonstra\u00e7\u00e3o de meios.\",\"breadcrumb\":{\"@id\":\"https:\/\/terrasdebasto.pt\/?p=5021#breadcrumb\"},\"inLanguage\":\"pt-PT\",\"potentialAction\":[{\"@type\":\"ReadAction\",\"target\":[\"https:\/\/terrasdebasto.pt\/?p=5021\"]}]},{\"@type\":\"ImageObject\",\"inLanguage\":\"pt-PT\",\"@id\":\"https:\/\/terrasdebasto.pt\/?p=5021#primaryimage\",\"url\":\"https:\/\/terrasdebasto.pt\/wp-content\/uploads\/2025\/11\/DCRP-Cartaz-GNR-Braga-Copia.jpg\",\"contentUrl\":\"https:\/\/terrasdebasto.pt\/wp-content\/uploads\/2025\/11\/DCRP-Cartaz-GNR-Braga-Copia.jpg\",\"width\":720,\"height\":416},{\"@type\":\"BreadcrumbList\",\"@id\":\"https:\/\/terrasdebasto.pt\/?p=5021#breadcrumb\",\"itemListElement\":[{\"@type\":\"ListItem\",\"position\":1,\"name\":\"In\u00edcio\",\"item\":\"https:\/\/terrasdebasto.pt\/\"},{\"@type\":\"ListItem\",\"position\":2,\"name\":\"GNR vem a Celorico celebrar \u201cdia da unidade\u201d\"}]},{\"@type\":\"WebSite\",\"@id\":\"https:\/\/terrasdebasto.pt\/#website\",\"url\":\"https:\/\/terrasdebasto.pt\/\",\"name\":\"Jornal Terras de Basto\",\"description\":\"\",\"publisher\":{\"@id\":\"https:\/\/terrasdebasto.pt\/#organization\"},\"potentialAction\":[{\"@type\":\"SearchAction\",\"target\":{\"@type\":\"EntryPoint\",\"urlTemplate\":\"https:\/\/terrasdebasto.pt\/?s={search_term_string}\"},\"query-input\":{\"@type\":\"PropertyValueSpecification\",\"valueRequired\":true,\"valueName\":\"search_term_string\"}}],\"inLanguage\":\"pt-PT\"},{\"@type\":\"Organization\",\"@id\":\"https:\/\/terrasdebasto.pt\/#organization\",\"name\":\"Jornal Terras de Basto\",\"url\":\"https:\/\/terrasdebasto.pt\/\",\"logo\":{\"@type\":\"ImageObject\",\"inLanguage\":\"pt-PT\",\"@id\":\"https:\/\/terrasdebasto.pt\/#\/schema\/logo\/image\/\",\"url\":\"https:\/\/terrasdebasto.pt\/wp-content\/uploads\/2024\/06\/LogoNormal.png\",\"contentUrl\":\"https:\/\/terrasdebasto.pt\/wp-content\/uploads\/2024\/06\/LogoNormal.png\",\"width\":5638,\"height\":809,\"caption\":\"Jornal Terras de Basto\"},\"image\":{\"@id\":\"https:\/\/terrasdebasto.pt\/#\/schema\/logo\/image\/\"}},{\"@type\":\"Person\",\"@id\":\"https:\/\/terrasdebasto.pt\/#\/schema\/person\/9f6739f5394ac65c802641773b278b84\",\"name\":\"Jo\u00e3o Paulo Mesquita\",\"image\":{\"@type\":\"ImageObject\",\"inLanguage\":\"pt-PT\",\"@id\":\"https:\/\/terrasdebasto.pt\/#\/schema\/person\/image\/\",\"url\":\"https:\/\/secure.gravatar.com\/avatar\/9bd0f299e6d96336664aab64354168246a3ee3287c47891c50d450e47ed9d7f9?s=96&d=mm&r=g\",\"contentUrl\":\"https:\/\/secure.gravatar.com\/avatar\/9bd0f299e6d96336664aab64354168246a3ee3287c47891c50d450e47ed9d7f9?s=96&d=mm&r=g\",\"caption\":\"Jo\u00e3o Paulo Mesquita\"},\"url\":\"https:\/\/terrasdebasto.pt\/?author=7\"}]}<\/script>\n<!-- \/ Yoast SEO plugin. -->","yoast_head_json":{"title":"GNR vem a Celorico celebrar \u201cdia da unidade\u201d - Jornal Terras de Basto","description":"O Comando Territorial de Braga da Guarda Nacional Republicana escolheu Celorico de Basto para celebrar o pr\u00f3ximo \u201cdia da unidade\u201d, o que quer dizer, comemorar o anivers\u00e1rio da sua funda\u00e7\u00e3o. Vai acontecer a 23 e 24 de novembro e compreende v\u00e1rios momentos, de que se destacam um concerto da orquestra de c\u00e2mara, uma sess\u00e3o solene e uma demonstra\u00e7\u00e3o de meios.","robots":{"index":"index","follow":"follow","max-snippet":"max-snippet:-1","max-image-preview":"max-image-preview:large","max-video-preview":"max-video-preview:-1"},"canonical":"https:\/\/terrasdebasto.pt\/?p=5021","og_locale":"pt_PT","og_type":"article","og_title":"GNR vem a Celorico celebrar \u201cdia da unidade\u201d - Jornal Terras de Basto","og_description":"O Comando Territorial de Braga da Guarda Nacional Republicana escolheu Celorico de Basto para celebrar o pr\u00f3ximo \u201cdia da unidade\u201d, o que quer dizer, comemorar o anivers\u00e1rio da sua funda\u00e7\u00e3o. Vai acontecer a 23 e 24 de novembro e compreende v\u00e1rios momentos, de que se destacam um concerto da orquestra de c\u00e2mara, uma sess\u00e3o solene e uma demonstra\u00e7\u00e3o de meios.","og_url":"https:\/\/terrasdebasto.pt\/?p=5021","og_site_name":"Jornal Terras de Basto","article_published_time":"2025-11-18T18:18:06+00:00","article_modified_time":"2025-11-18T18:18:38+00:00","og_image":[{"width":720,"height":416,"url":"https:\/\/terrasdebasto.pt\/wp-content\/uploads\/2025\/11\/DCRP-Cartaz-GNR-Braga-Copia.jpg","type":"image\/jpeg"}],"author":"Jo\u00e3o Paulo Mesquita","twitter_card":"summary_large_image","twitter_misc":{"Escrito por":"Jo\u00e3o Paulo Mesquita","Tempo estimado de leitura":"4 minutos"},"schema":{"@context":"https:\/\/schema.org","@graph":[{"@type":"Article","@id":"https:\/\/terrasdebasto.pt\/?p=5021#article","isPartOf":{"@id":"https:\/\/terrasdebasto.pt\/?p=5021"},"author":{"name":"Jo\u00e3o Paulo Mesquita","@id":"https:\/\/terrasdebasto.pt\/#\/schema\/person\/9f6739f5394ac65c802641773b278b84"},"headline":"GNR vem a Celorico celebrar \u201cdia da unidade\u201d","datePublished":"2025-11-18T18:18:06+00:00","dateModified":"2025-11-18T18:18:38+00:00","mainEntityOfPage":{"@id":"https:\/\/terrasdebasto.pt\/?p=5021"},"wordCount":595,"commentCount":0,"publisher":{"@id":"https:\/\/terrasdebasto.pt\/#organization"},"image":{"@id":"https:\/\/terrasdebasto.pt\/?p=5021#primaryimage"},"thumbnailUrl":"https:\/\/terrasdebasto.pt\/wp-content\/uploads\/2025\/11\/DCRP-Cartaz-GNR-Braga-Copia.jpg","keywords":["Celorico de Basto","Comando Territorial de Braga da GNR","Dia da Unidade","GNR"],"articleSection":["Celorico de Basto","Cultura","Terras de Basto"],"inLanguage":"pt-PT","potentialAction":[{"@type":"CommentAction","name":"Comment","target":["https:\/\/terrasdebasto.pt\/?p=5021#respond"]}]},{"@type":"WebPage","@id":"https:\/\/terrasdebasto.pt\/?p=5021","url":"https:\/\/terrasdebasto.pt\/?p=5021","name":"GNR vem a Celorico celebrar \u201cdia da unidade\u201d - Jornal Terras de Basto","isPartOf":{"@id":"https:\/\/terrasdebasto.pt\/#website"},"primaryImageOfPage":{"@id":"https:\/\/terrasdebasto.pt\/?p=5021#primaryimage"},"image":{"@id":"https:\/\/terrasdebasto.pt\/?p=5021#primaryimage"},"thumbnailUrl":"https:\/\/terrasdebasto.pt\/wp-content\/uploads\/2025\/11\/DCRP-Cartaz-GNR-Braga-Copia.jpg","datePublished":"2025-11-18T18:18:06+00:00","dateModified":"2025-11-18T18:18:38+00:00","description":"O Comando Territorial de Braga da Guarda Nacional Republicana escolheu Celorico de Basto para celebrar o pr\u00f3ximo \u201cdia da unidade\u201d, o que quer dizer, comemorar o anivers\u00e1rio da sua funda\u00e7\u00e3o. Vai acontecer a 23 e 24 de novembro e compreende v\u00e1rios momentos, de que se destacam um concerto da orquestra de c\u00e2mara, uma sess\u00e3o solene e uma demonstra\u00e7\u00e3o de meios.","breadcrumb":{"@id":"https:\/\/terrasdebasto.pt\/?p=5021#breadcrumb"},"inLanguage":"pt-PT","potentialAction":[{"@type":"ReadAction","target":["https:\/\/terrasdebasto.pt\/?p=5021"]}]},{"@type":"ImageObject","inLanguage":"pt-PT","@id":"https:\/\/terrasdebasto.pt\/?p=5021#primaryimage","url":"https:\/\/terrasdebasto.pt\/wp-content\/uploads\/2025\/11\/DCRP-Cartaz-GNR-Braga-Copia.jpg","contentUrl":"https:\/\/terrasdebasto.pt\/wp-content\/uploads\/2025\/11\/DCRP-Cartaz-GNR-Braga-Copia.jpg","width":720,"height":416},{"@type":"BreadcrumbList","@id":"https:\/\/terrasdebasto.pt\/?p=5021#breadcrumb","itemListElement":[{"@type":"ListItem","position":1,"name":"In\u00edcio","item":"https:\/\/terrasdebasto.pt\/"},{"@type":"ListItem","position":2,"name":"GNR vem a Celorico celebrar \u201cdia da unidade\u201d"}]},{"@type":"WebSite","@id":"https:\/\/terrasdebasto.pt\/#website","url":"https:\/\/terrasdebasto.pt\/","name":"Jornal Terras de Basto","description":"","publisher":{"@id":"https:\/\/terrasdebasto.pt\/#organization"},"potentialAction":[{"@type":"SearchAction","target":{"@type":"EntryPoint","urlTemplate":"https:\/\/terrasdebasto.pt\/?s={search_term_string}"},"query-input":{"@type":"PropertyValueSpecification","valueRequired":true,"valueName":"search_term_string"}}],"inLanguage":"pt-PT"},{"@type":"Organization","@id":"https:\/\/terrasdebasto.pt\/#organization","name":"Jornal Terras de Basto","url":"https:\/\/terrasdebasto.pt\/","logo":{"@type":"ImageObject","inLanguage":"pt-PT","@id":"https:\/\/terrasdebasto.pt\/#\/schema\/logo\/image\/","url":"https:\/\/terrasdebasto.pt\/wp-content\/uploads\/2024\/06\/LogoNormal.png","contentUrl":"https:\/\/terrasdebasto.pt\/wp-content\/uploads\/2024\/06\/LogoNormal.png","width":5638,"height":809,"caption":"Jornal Terras de Basto"},"image":{"@id":"https:\/\/terrasdebasto.pt\/#\/schema\/logo\/image\/"}},{"@type":"Person","@id":"https:\/\/terrasdebasto.pt\/#\/schema\/person\/9f6739f5394ac65c802641773b278b84","name":"Jo\u00e3o Paulo Mesquita","image":{"@type":"ImageObject","inLanguage":"pt-PT","@id":"https:\/\/terrasdebasto.pt\/#\/schema\/person\/image\/","url":"https:\/\/secure.gravatar.com\/avatar\/9bd0f299e6d96336664aab64354168246a3ee3287c47891c50d450e47ed9d7f9?s=96&d=mm&r=g","contentUrl":"https:\/\/secure.gravatar.com\/avatar\/9bd0f299e6d96336664aab64354168246a3ee3287c47891c50d450e47ed9d7f9?s=96&d=mm&r=g","caption":"Jo\u00e3o Paulo Mesquita"},"url":"https:\/\/terrasdebasto.pt\/?author=7"}]}},"_links":{"self":[{"href":"https:\/\/terrasdebasto.pt\/index.php?rest_route=\/wp\/v2\/posts\/5021","targetHints":{"allow":["GET"]}}],"collection":[{"href":"https:\/\/terrasdebasto.pt\/index.php?rest_route=\/wp\/v2\/posts"}],"about":[{"href":"https:\/\/terrasdebasto.pt\/index.php?rest_route=\/wp\/v2\/types\/post"}],"author":[{"embeddable":true,"href":"https:\/\/terrasdebasto.pt\/index.php?rest_route=\/wp\/v2\/users\/7"}],"replies":[{"embeddable":true,"href":"https:\/\/terrasdebasto.pt\/index.php?rest_route=%2Fwp%2Fv2%2Fcomments&post=5021"}],"version-history":[{"count":2,"href":"https:\/\/terrasdebasto.pt\/index.php?rest_route=\/wp\/v2\/posts\/5021\/revisions"}],"predecessor-version":[{"id":5025,"href":"https:\/\/terrasdebasto.pt\/index.php?rest_route=\/wp\/v2\/posts\/5021\/revisions\/5025"}],"wp:featuredmedia":[{"embeddable":true,"href":"https:\/\/terrasdebasto.pt\/index.php?rest_route=\/wp\/v2\/media\/5022"}],"wp:attachment":[{"href":"https:\/\/terrasdebasto.pt\/index.php?rest_route=%2Fwp%2Fv2%2Fmedia&parent=5021"}],"wp:term":[{"taxonomy":"category","embeddable":true,"href":"https:\/\/terrasdebasto.pt\/index.php?rest_route=%2Fwp%2Fv2%2Fcategories&post=5021"},{"taxonomy":"post_tag","embeddable":true,"href":"https:\/\/terrasdebasto.pt\/index.php?rest_route=%2Fwp%2Fv2%2Ftags&post=5021"}],"curies":[{"name":"wp","href":"https:\/\/api.w.org\/{rel}","templated":true}]}}