{"id":5012,"date":"2025-11-18T16:09:38","date_gmt":"2025-11-18T16:09:38","guid":{"rendered":"https:\/\/terrasdebasto.pt\/?p=5012"},"modified":"2025-11-18T16:09:39","modified_gmt":"2025-11-18T16:09:39","slug":"beca-junta-a-nutricao-ao-seu-projeto","status":"publish","type":"post","link":"https:\/\/terrasdebasto.pt\/?p=5012","title":{"rendered":"BECA junta a nutri\u00e7\u00e3o ao seu projeto"},"content":{"rendered":"\n<p><\/p>\n\n\n\n<p><strong>O \u201cBastinhos Escola Clube de Andebol\u201d, de Celorico de Basto, d\u00e1 mais um passo importante no seu compromisso com o desenvolvimento desportivo e a promo\u00e7\u00e3o da sa\u00fade no concelho, desenvolvendo uma parceria na \u00e1rea da nutri\u00e7\u00e3o ao abrigo da medida \u201cEst\u00e1gios + Talento\u201d promovida pelo Instituto de Emprego e Forma\u00e7\u00e3o Profissional (IEFP).<\/strong><\/p>\n\n\n\n<p>O est\u00e1gio, com a dura\u00e7\u00e3o de seis meses, centra-se nas estrat\u00e9gias de interven\u00e7\u00e3o em obesidade infantil e na promo\u00e7\u00e3o de estilos de vida saud\u00e1veis junto dos alunos do primeiro ciclo, propondo-se a profissional em causa \u2013 a Ana Gabriela Pereira Campos Carvalho \u2013 desenvolver trabalho nas \u00e1reas da avalia\u00e7\u00e3o f\u00edsica (protocolo \u201cFitEscola\u201d adaptado) e no acompanhamento e orienta\u00e7\u00e3o nutricional.<\/p>\n\n\n\n<p>A educa\u00e7\u00e3o alimentar para alunos e fam\u00edlias; a integra\u00e7\u00e3o do andebol como ferramenta pedag\u00f3gica na promo\u00e7\u00e3o da atividade f\u00edsica; e a an\u00e1lise e sistematiza\u00e7\u00e3o de dados para suporte ao projeto comunit\u00e1rio s\u00e3o outras \u00e1reas a desenvolver neste est\u00e1gio, que tem Jo\u00e3o Varej\u00e3o como orientador.<\/p>\n\n\n\n<p>\u00abA integra\u00e7\u00e3o da nutri\u00e7\u00e3o no plano de atividades do BECA refor\u00e7a a dimens\u00e3o multidisciplinar do trabalho do clube e o impacto social que pretende continuar a desenvolver no territ\u00f3rio de Celorico de Basto\u00bb, justifica o clube, manifestando-se convicto de que este projeto \u00abser\u00e1 uma mais-valia para toda a comunidade escolar e desportiva\u00bb.<\/p>\n\n\n\n<figure class=\"wp-block-gallery has-nested-images columns-default is-cropped wp-block-gallery-1 is-layout-flex wp-block-gallery-is-layout-flex\">\n<figure class=\"wp-block-image size-large\"><img loading=\"lazy\" decoding=\"async\" width=\"482\" height=\"422\" data-id=\"5014\" src=\"https:\/\/terrasdebasto.pt\/wp-content\/uploads\/2025\/11\/BECA-NUTRICAO-2.jpg\" alt=\"\" class=\"wp-image-5014\" srcset=\"https:\/\/terrasdebasto.pt\/wp-content\/uploads\/2025\/11\/BECA-NUTRICAO-2.jpg 482w, https:\/\/terrasdebasto.pt\/wp-content\/uploads\/2025\/11\/BECA-NUTRICAO-2-300x263.jpg 300w, https:\/\/terrasdebasto.pt\/wp-content\/uploads\/2025\/11\/BECA-NUTRICAO-2-150x131.jpg 150w\" sizes=\"auto, (max-width: 482px) 100vw, 482px\" \/><\/figure>\n<\/figure>\n","protected":false},"excerpt":{"rendered":"<p>O \u201cBastinhos Escola Clube de Andebol\u201d, de Celorico de Basto, d\u00e1 mais um passo importante no seu compromisso com o desenvolvimento desportivo e a promo\u00e7\u00e3o da sa\u00fade no concelho, desenvolvendo uma parceria na \u00e1rea da nutri\u00e7\u00e3o ao abrigo da medida \u201cEst\u00e1gios + Talento\u201d promovida pelo Instituto de Emprego e Forma\u00e7\u00e3o Profissional (IEFP). O est\u00e1gio, com [&hellip;]<\/p>\n","protected":false},"author":7,"featured_media":5013,"comment_status":"open","ping_status":"open","sticky":false,"template":"","format":"standard","meta":{"footnotes":""},"categories":[13,8,11,9],"tags":[1188,161,1189],"class_list":{"0":"post-5012","1":"post","2":"type-post","3":"status-publish","4":"format-standard","5":"has-post-thumbnail","7":"category-celorico-de-basto","8":"category-desporto","9":"category-educacao","10":"category-terras-de-basto","11":"tag-bastinhos-andebol","12":"tag-beca-2","13":"tag-nutricao"},"yoast_head":"<!-- This site is optimized with the Yoast SEO plugin v25.7 - https:\/\/yoast.com\/wordpress\/plugins\/seo\/ -->\n<title>BECA junta a nutri\u00e7\u00e3o ao seu projeto - Jornal Terras de Basto<\/title>\n<meta name=\"description\" content=\"O \u201cBastinhos Escola Clube de Andebol\u201d, de Celorico de Basto, d\u00e1 mais um passo importante no seu compromisso com o desenvolvimento desportivo e a promo\u00e7\u00e3o da sa\u00fade no concelho, desenvolvendo uma parceria na \u00e1rea da nutri\u00e7\u00e3o ao abrigo da medida \u201cEst\u00e1gios + Talento\u201d promovida pelo Instituto de Emprego e Forma\u00e7\u00e3o Profissional (IEFP).\" \/>\n<meta name=\"robots\" content=\"index, follow, max-snippet:-1, max-image-preview:large, max-video-preview:-1\" \/>\n<link rel=\"canonical\" href=\"https:\/\/terrasdebasto.pt\/?p=5012\" \/>\n<meta property=\"og:locale\" content=\"pt_PT\" \/>\n<meta property=\"og:type\" content=\"article\" \/>\n<meta property=\"og:title\" content=\"BECA junta a nutri\u00e7\u00e3o ao seu projeto - Jornal Terras de Basto\" \/>\n<meta property=\"og:description\" content=\"O \u201cBastinhos Escola Clube de Andebol\u201d, de Celorico de Basto, d\u00e1 mais um passo importante no seu compromisso com o desenvolvimento desportivo e a promo\u00e7\u00e3o da sa\u00fade no concelho, desenvolvendo uma parceria na \u00e1rea da nutri\u00e7\u00e3o ao abrigo da medida \u201cEst\u00e1gios + Talento\u201d promovida pelo Instituto de Emprego e Forma\u00e7\u00e3o Profissional (IEFP).\" \/>\n<meta property=\"og:url\" content=\"https:\/\/terrasdebasto.pt\/?p=5012\" \/>\n<meta property=\"og:site_name\" content=\"Jornal Terras de Basto\" \/>\n<meta property=\"article:published_time\" content=\"2025-11-18T16:09:38+00:00\" \/>\n<meta property=\"article:modified_time\" content=\"2025-11-18T16:09:39+00:00\" \/>\n<meta property=\"og:image\" content=\"https:\/\/terrasdebasto.pt\/wp-content\/uploads\/2025\/11\/BECA-NUTRICAO-01.jpg\" \/>\n\t<meta property=\"og:image:width\" content=\"1177\" \/>\n\t<meta property=\"og:image:height\" content=\"1125\" \/>\n\t<meta property=\"og:image:type\" content=\"image\/jpeg\" \/>\n<meta name=\"author\" content=\"Jo\u00e3o Paulo Mesquita\" \/>\n<meta name=\"twitter:card\" content=\"summary_large_image\" \/>\n<meta name=\"twitter:label1\" content=\"Escrito por\" \/>\n\t<meta name=\"twitter:data1\" content=\"Jo\u00e3o Paulo Mesquita\" \/>\n\t<meta name=\"twitter:label2\" content=\"Tempo estimado de leitura\" \/>\n\t<meta name=\"twitter:data2\" content=\"2 minutos\" \/>\n<script type=\"application\/ld+json\" class=\"yoast-schema-graph\">{\"@context\":\"https:\/\/schema.org\",\"@graph\":[{\"@type\":\"Article\",\"@id\":\"https:\/\/terrasdebasto.pt\/?p=5012#article\",\"isPartOf\":{\"@id\":\"https:\/\/terrasdebasto.pt\/?p=5012\"},\"author\":{\"name\":\"Jo\u00e3o Paulo Mesquita\",\"@id\":\"https:\/\/terrasdebasto.pt\/#\/schema\/person\/9f6739f5394ac65c802641773b278b84\"},\"headline\":\"BECA junta a nutri\u00e7\u00e3o ao seu projeto\",\"datePublished\":\"2025-11-18T16:09:38+00:00\",\"dateModified\":\"2025-11-18T16:09:39+00:00\",\"mainEntityOfPage\":{\"@id\":\"https:\/\/terrasdebasto.pt\/?p=5012\"},\"wordCount\":244,\"commentCount\":0,\"publisher\":{\"@id\":\"https:\/\/terrasdebasto.pt\/#organization\"},\"image\":{\"@id\":\"https:\/\/terrasdebasto.pt\/?p=5012#primaryimage\"},\"thumbnailUrl\":\"https:\/\/terrasdebasto.pt\/wp-content\/uploads\/2025\/11\/BECA-NUTRICAO-01.jpg\",\"keywords\":[\"Bastinhos Andebol\",\"BECA;\",\"Nutri\u00e7\u00e3o\"],\"articleSection\":[\"Celorico de Basto\",\"Desporto\",\"Educa\u00e7\u00e3o\",\"Terras de Basto\"],\"inLanguage\":\"pt-PT\",\"potentialAction\":[{\"@type\":\"CommentAction\",\"name\":\"Comment\",\"target\":[\"https:\/\/terrasdebasto.pt\/?p=5012#respond\"]}]},{\"@type\":\"WebPage\",\"@id\":\"https:\/\/terrasdebasto.pt\/?p=5012\",\"url\":\"https:\/\/terrasdebasto.pt\/?p=5012\",\"name\":\"BECA junta a nutri\u00e7\u00e3o ao seu projeto - Jornal Terras de Basto\",\"isPartOf\":{\"@id\":\"https:\/\/terrasdebasto.pt\/#website\"},\"primaryImageOfPage\":{\"@id\":\"https:\/\/terrasdebasto.pt\/?p=5012#primaryimage\"},\"image\":{\"@id\":\"https:\/\/terrasdebasto.pt\/?p=5012#primaryimage\"},\"thumbnailUrl\":\"https:\/\/terrasdebasto.pt\/wp-content\/uploads\/2025\/11\/BECA-NUTRICAO-01.jpg\",\"datePublished\":\"2025-11-18T16:09:38+00:00\",\"dateModified\":\"2025-11-18T16:09:39+00:00\",\"description\":\"O \u201cBastinhos Escola Clube de Andebol\u201d, de Celorico de Basto, d\u00e1 mais um passo importante no seu compromisso com o desenvolvimento desportivo e a promo\u00e7\u00e3o da sa\u00fade no concelho, desenvolvendo uma parceria na \u00e1rea da nutri\u00e7\u00e3o ao abrigo da medida \u201cEst\u00e1gios + Talento\u201d promovida pelo Instituto de Emprego e Forma\u00e7\u00e3o Profissional (IEFP).\",\"breadcrumb\":{\"@id\":\"https:\/\/terrasdebasto.pt\/?p=5012#breadcrumb\"},\"inLanguage\":\"pt-PT\",\"potentialAction\":[{\"@type\":\"ReadAction\",\"target\":[\"https:\/\/terrasdebasto.pt\/?p=5012\"]}]},{\"@type\":\"ImageObject\",\"inLanguage\":\"pt-PT\",\"@id\":\"https:\/\/terrasdebasto.pt\/?p=5012#primaryimage\",\"url\":\"https:\/\/terrasdebasto.pt\/wp-content\/uploads\/2025\/11\/BECA-NUTRICAO-01.jpg\",\"contentUrl\":\"https:\/\/terrasdebasto.pt\/wp-content\/uploads\/2025\/11\/BECA-NUTRICAO-01.jpg\",\"width\":1177,\"height\":1125},{\"@type\":\"BreadcrumbList\",\"@id\":\"https:\/\/terrasdebasto.pt\/?p=5012#breadcrumb\",\"itemListElement\":[{\"@type\":\"ListItem\",\"position\":1,\"name\":\"In\u00edcio\",\"item\":\"https:\/\/terrasdebasto.pt\/\"},{\"@type\":\"ListItem\",\"position\":2,\"name\":\"BECA junta a nutri\u00e7\u00e3o ao seu projeto\"}]},{\"@type\":\"WebSite\",\"@id\":\"https:\/\/terrasdebasto.pt\/#website\",\"url\":\"https:\/\/terrasdebasto.pt\/\",\"name\":\"Jornal Terras de Basto\",\"description\":\"\",\"publisher\":{\"@id\":\"https:\/\/terrasdebasto.pt\/#organization\"},\"potentialAction\":[{\"@type\":\"SearchAction\",\"target\":{\"@type\":\"EntryPoint\",\"urlTemplate\":\"https:\/\/terrasdebasto.pt\/?s={search_term_string}\"},\"query-input\":{\"@type\":\"PropertyValueSpecification\",\"valueRequired\":true,\"valueName\":\"search_term_string\"}}],\"inLanguage\":\"pt-PT\"},{\"@type\":\"Organization\",\"@id\":\"https:\/\/terrasdebasto.pt\/#organization\",\"name\":\"Jornal Terras de Basto\",\"url\":\"https:\/\/terrasdebasto.pt\/\",\"logo\":{\"@type\":\"ImageObject\",\"inLanguage\":\"pt-PT\",\"@id\":\"https:\/\/terrasdebasto.pt\/#\/schema\/logo\/image\/\",\"url\":\"https:\/\/terrasdebasto.pt\/wp-content\/uploads\/2024\/06\/LogoNormal.png\",\"contentUrl\":\"https:\/\/terrasdebasto.pt\/wp-content\/uploads\/2024\/06\/LogoNormal.png\",\"width\":5638,\"height\":809,\"caption\":\"Jornal Terras de Basto\"},\"image\":{\"@id\":\"https:\/\/terrasdebasto.pt\/#\/schema\/logo\/image\/\"}},{\"@type\":\"Person\",\"@id\":\"https:\/\/terrasdebasto.pt\/#\/schema\/person\/9f6739f5394ac65c802641773b278b84\",\"name\":\"Jo\u00e3o Paulo Mesquita\",\"image\":{\"@type\":\"ImageObject\",\"inLanguage\":\"pt-PT\",\"@id\":\"https:\/\/terrasdebasto.pt\/#\/schema\/person\/image\/\",\"url\":\"https:\/\/secure.gravatar.com\/avatar\/9bd0f299e6d96336664aab64354168246a3ee3287c47891c50d450e47ed9d7f9?s=96&d=mm&r=g\",\"contentUrl\":\"https:\/\/secure.gravatar.com\/avatar\/9bd0f299e6d96336664aab64354168246a3ee3287c47891c50d450e47ed9d7f9?s=96&d=mm&r=g\",\"caption\":\"Jo\u00e3o Paulo Mesquita\"},\"url\":\"https:\/\/terrasdebasto.pt\/?author=7\"}]}<\/script>\n<!-- \/ Yoast SEO plugin. -->","yoast_head_json":{"title":"BECA junta a nutri\u00e7\u00e3o ao seu projeto - Jornal Terras de Basto","description":"O \u201cBastinhos Escola Clube de Andebol\u201d, de Celorico de Basto, d\u00e1 mais um passo importante no seu compromisso com o desenvolvimento desportivo e a promo\u00e7\u00e3o da sa\u00fade no concelho, desenvolvendo uma parceria na \u00e1rea da nutri\u00e7\u00e3o ao abrigo da medida \u201cEst\u00e1gios + Talento\u201d promovida pelo Instituto de Emprego e Forma\u00e7\u00e3o Profissional (IEFP).","robots":{"index":"index","follow":"follow","max-snippet":"max-snippet:-1","max-image-preview":"max-image-preview:large","max-video-preview":"max-video-preview:-1"},"canonical":"https:\/\/terrasdebasto.pt\/?p=5012","og_locale":"pt_PT","og_type":"article","og_title":"BECA junta a nutri\u00e7\u00e3o ao seu projeto - Jornal Terras de Basto","og_description":"O \u201cBastinhos Escola Clube de Andebol\u201d, de Celorico de Basto, d\u00e1 mais um passo importante no seu compromisso com o desenvolvimento desportivo e a promo\u00e7\u00e3o da sa\u00fade no concelho, desenvolvendo uma parceria na \u00e1rea da nutri\u00e7\u00e3o ao abrigo da medida \u201cEst\u00e1gios + Talento\u201d promovida pelo Instituto de Emprego e Forma\u00e7\u00e3o Profissional (IEFP).","og_url":"https:\/\/terrasdebasto.pt\/?p=5012","og_site_name":"Jornal Terras de Basto","article_published_time":"2025-11-18T16:09:38+00:00","article_modified_time":"2025-11-18T16:09:39+00:00","og_image":[{"width":1177,"height":1125,"url":"https:\/\/terrasdebasto.pt\/wp-content\/uploads\/2025\/11\/BECA-NUTRICAO-01.jpg","type":"image\/jpeg"}],"author":"Jo\u00e3o Paulo Mesquita","twitter_card":"summary_large_image","twitter_misc":{"Escrito por":"Jo\u00e3o Paulo Mesquita","Tempo estimado de leitura":"2 minutos"},"schema":{"@context":"https:\/\/schema.org","@graph":[{"@type":"Article","@id":"https:\/\/terrasdebasto.pt\/?p=5012#article","isPartOf":{"@id":"https:\/\/terrasdebasto.pt\/?p=5012"},"author":{"name":"Jo\u00e3o Paulo Mesquita","@id":"https:\/\/terrasdebasto.pt\/#\/schema\/person\/9f6739f5394ac65c802641773b278b84"},"headline":"BECA junta a nutri\u00e7\u00e3o ao seu projeto","datePublished":"2025-11-18T16:09:38+00:00","dateModified":"2025-11-18T16:09:39+00:00","mainEntityOfPage":{"@id":"https:\/\/terrasdebasto.pt\/?p=5012"},"wordCount":244,"commentCount":0,"publisher":{"@id":"https:\/\/terrasdebasto.pt\/#organization"},"image":{"@id":"https:\/\/terrasdebasto.pt\/?p=5012#primaryimage"},"thumbnailUrl":"https:\/\/terrasdebasto.pt\/wp-content\/uploads\/2025\/11\/BECA-NUTRICAO-01.jpg","keywords":["Bastinhos Andebol","BECA;","Nutri\u00e7\u00e3o"],"articleSection":["Celorico de Basto","Desporto","Educa\u00e7\u00e3o","Terras de Basto"],"inLanguage":"pt-PT","potentialAction":[{"@type":"CommentAction","name":"Comment","target":["https:\/\/terrasdebasto.pt\/?p=5012#respond"]}]},{"@type":"WebPage","@id":"https:\/\/terrasdebasto.pt\/?p=5012","url":"https:\/\/terrasdebasto.pt\/?p=5012","name":"BECA junta a nutri\u00e7\u00e3o ao seu projeto - Jornal Terras de Basto","isPartOf":{"@id":"https:\/\/terrasdebasto.pt\/#website"},"primaryImageOfPage":{"@id":"https:\/\/terrasdebasto.pt\/?p=5012#primaryimage"},"image":{"@id":"https:\/\/terrasdebasto.pt\/?p=5012#primaryimage"},"thumbnailUrl":"https:\/\/terrasdebasto.pt\/wp-content\/uploads\/2025\/11\/BECA-NUTRICAO-01.jpg","datePublished":"2025-11-18T16:09:38+00:00","dateModified":"2025-11-18T16:09:39+00:00","description":"O \u201cBastinhos Escola Clube de Andebol\u201d, de Celorico de Basto, d\u00e1 mais um passo importante no seu compromisso com o desenvolvimento desportivo e a promo\u00e7\u00e3o da sa\u00fade no concelho, desenvolvendo uma parceria na \u00e1rea da nutri\u00e7\u00e3o ao abrigo da medida \u201cEst\u00e1gios + Talento\u201d promovida pelo Instituto de Emprego e Forma\u00e7\u00e3o Profissional (IEFP).","breadcrumb":{"@id":"https:\/\/terrasdebasto.pt\/?p=5012#breadcrumb"},"inLanguage":"pt-PT","potentialAction":[{"@type":"ReadAction","target":["https:\/\/terrasdebasto.pt\/?p=5012"]}]},{"@type":"ImageObject","inLanguage":"pt-PT","@id":"https:\/\/terrasdebasto.pt\/?p=5012#primaryimage","url":"https:\/\/terrasdebasto.pt\/wp-content\/uploads\/2025\/11\/BECA-NUTRICAO-01.jpg","contentUrl":"https:\/\/terrasdebasto.pt\/wp-content\/uploads\/2025\/11\/BECA-NUTRICAO-01.jpg","width":1177,"height":1125},{"@type":"BreadcrumbList","@id":"https:\/\/terrasdebasto.pt\/?p=5012#breadcrumb","itemListElement":[{"@type":"ListItem","position":1,"name":"In\u00edcio","item":"https:\/\/terrasdebasto.pt\/"},{"@type":"ListItem","position":2,"name":"BECA junta a nutri\u00e7\u00e3o ao seu projeto"}]},{"@type":"WebSite","@id":"https:\/\/terrasdebasto.pt\/#website","url":"https:\/\/terrasdebasto.pt\/","name":"Jornal Terras de Basto","description":"","publisher":{"@id":"https:\/\/terrasdebasto.pt\/#organization"},"potentialAction":[{"@type":"SearchAction","target":{"@type":"EntryPoint","urlTemplate":"https:\/\/terrasdebasto.pt\/?s={search_term_string}"},"query-input":{"@type":"PropertyValueSpecification","valueRequired":true,"valueName":"search_term_string"}}],"inLanguage":"pt-PT"},{"@type":"Organization","@id":"https:\/\/terrasdebasto.pt\/#organization","name":"Jornal Terras de Basto","url":"https:\/\/terrasdebasto.pt\/","logo":{"@type":"ImageObject","inLanguage":"pt-PT","@id":"https:\/\/terrasdebasto.pt\/#\/schema\/logo\/image\/","url":"https:\/\/terrasdebasto.pt\/wp-content\/uploads\/2024\/06\/LogoNormal.png","contentUrl":"https:\/\/terrasdebasto.pt\/wp-content\/uploads\/2024\/06\/LogoNormal.png","width":5638,"height":809,"caption":"Jornal Terras de Basto"},"image":{"@id":"https:\/\/terrasdebasto.pt\/#\/schema\/logo\/image\/"}},{"@type":"Person","@id":"https:\/\/terrasdebasto.pt\/#\/schema\/person\/9f6739f5394ac65c802641773b278b84","name":"Jo\u00e3o Paulo Mesquita","image":{"@type":"ImageObject","inLanguage":"pt-PT","@id":"https:\/\/terrasdebasto.pt\/#\/schema\/person\/image\/","url":"https:\/\/secure.gravatar.com\/avatar\/9bd0f299e6d96336664aab64354168246a3ee3287c47891c50d450e47ed9d7f9?s=96&d=mm&r=g","contentUrl":"https:\/\/secure.gravatar.com\/avatar\/9bd0f299e6d96336664aab64354168246a3ee3287c47891c50d450e47ed9d7f9?s=96&d=mm&r=g","caption":"Jo\u00e3o Paulo Mesquita"},"url":"https:\/\/terrasdebasto.pt\/?author=7"}]}},"_links":{"self":[{"href":"https:\/\/terrasdebasto.pt\/index.php?rest_route=\/wp\/v2\/posts\/5012","targetHints":{"allow":["GET"]}}],"collection":[{"href":"https:\/\/terrasdebasto.pt\/index.php?rest_route=\/wp\/v2\/posts"}],"about":[{"href":"https:\/\/terrasdebasto.pt\/index.php?rest_route=\/wp\/v2\/types\/post"}],"author":[{"embeddable":true,"href":"https:\/\/terrasdebasto.pt\/index.php?rest_route=\/wp\/v2\/users\/7"}],"replies":[{"embeddable":true,"href":"https:\/\/terrasdebasto.pt\/index.php?rest_route=%2Fwp%2Fv2%2Fcomments&post=5012"}],"version-history":[{"count":1,"href":"https:\/\/terrasdebasto.pt\/index.php?rest_route=\/wp\/v2\/posts\/5012\/revisions"}],"predecessor-version":[{"id":5015,"href":"https:\/\/terrasdebasto.pt\/index.php?rest_route=\/wp\/v2\/posts\/5012\/revisions\/5015"}],"wp:featuredmedia":[{"embeddable":true,"href":"https:\/\/terrasdebasto.pt\/index.php?rest_route=\/wp\/v2\/media\/5013"}],"wp:attachment":[{"href":"https:\/\/terrasdebasto.pt\/index.php?rest_route=%2Fwp%2Fv2%2Fmedia&parent=5012"}],"wp:term":[{"taxonomy":"category","embeddable":true,"href":"https:\/\/terrasdebasto.pt\/index.php?rest_route=%2Fwp%2Fv2%2Fcategories&post=5012"},{"taxonomy":"post_tag","embeddable":true,"href":"https:\/\/terrasdebasto.pt\/index.php?rest_route=%2Fwp%2Fv2%2Ftags&post=5012"}],"curies":[{"name":"wp","href":"https:\/\/api.w.org\/{rel}","templated":true}]}}