{"id":4997,"date":"2025-11-18T15:04:21","date_gmt":"2025-11-18T15:04:21","guid":{"rendered":"https:\/\/terrasdebasto.pt\/?p=4997"},"modified":"2025-11-18T15:04:21","modified_gmt":"2025-11-18T15:04:21","slug":"ribeira-de-pena-santa-marinha-comeu-castanhas-no-alpendre","status":"publish","type":"post","link":"https:\/\/terrasdebasto.pt\/?p=4997","title":{"rendered":"Ribeira de Pena: Santa Marinha comeu castanhas no alpendre"},"content":{"rendered":"\n<p><\/p>\n\n\n\n<p><strong>A freguesia de Santa Marinha, em Ribeira de Pena, retomou no passado fim-de-semana a evoca\u00e7\u00e3o de uma tradi\u00e7\u00e3o, realizando um magusto que congregou a comunidade e os seus representantes p\u00fablicos. Assim, ao final da tarde, no alpendre da localidade, foi poss\u00edvel saborear os petiscos da regi\u00e3o, entre carnes grelhadas e sardinha-assada, entre caldo-verde e doces, e, claro, as castanhas. \u00c0 festa \u2013 que teve na autarquia e na estrutura associativa local os seus promotores \u2013 juntou-se o presidente da c\u00e2mara, Jo\u00e3o Noronha, a vereadora socialista In\u00eas Torres Pereira e o presidente da junta, Pedro Noronha.<\/strong><\/p>\n\n\n\n<figure class=\"wp-block-gallery has-nested-images columns-default is-cropped wp-block-gallery-1 is-layout-flex wp-block-gallery-is-layout-flex\">\n<figure class=\"wp-block-image size-large\"><img loading=\"lazy\" decoding=\"async\" width=\"1024\" height=\"624\" data-id=\"4999\" src=\"https:\/\/terrasdebasto.pt\/wp-content\/uploads\/2025\/11\/13-1024x624.jpg\" alt=\"\" class=\"wp-image-4999\" srcset=\"https:\/\/terrasdebasto.pt\/wp-content\/uploads\/2025\/11\/13-1024x624.jpg 1024w, https:\/\/terrasdebasto.pt\/wp-content\/uploads\/2025\/11\/13-300x183.jpg 300w, https:\/\/terrasdebasto.pt\/wp-content\/uploads\/2025\/11\/13-768x468.jpg 768w, https:\/\/terrasdebasto.pt\/wp-content\/uploads\/2025\/11\/13-1536x936.jpg 1536w, https:\/\/terrasdebasto.pt\/wp-content\/uploads\/2025\/11\/13-150x91.jpg 150w, https:\/\/terrasdebasto.pt\/wp-content\/uploads\/2025\/11\/13-696x424.jpg 696w, https:\/\/terrasdebasto.pt\/wp-content\/uploads\/2025\/11\/13-1068x651.jpg 1068w, https:\/\/terrasdebasto.pt\/wp-content\/uploads\/2025\/11\/13.jpg 1588w\" sizes=\"auto, (max-width: 1024px) 100vw, 1024px\" \/><\/figure>\n<\/figure>\n\n\n\n<figure class=\"wp-block-gallery has-nested-images columns-default is-cropped wp-block-gallery-2 is-layout-flex wp-block-gallery-is-layout-flex\">\n<figure class=\"wp-block-image size-large\"><img loading=\"lazy\" decoding=\"async\" width=\"1024\" height=\"769\" data-id=\"5001\" src=\"https:\/\/terrasdebasto.pt\/wp-content\/uploads\/2025\/11\/04-1024x769.jpg\" alt=\"\" class=\"wp-image-5001\" srcset=\"https:\/\/terrasdebasto.pt\/wp-content\/uploads\/2025\/11\/04-1024x769.jpg 1024w, https:\/\/terrasdebasto.pt\/wp-content\/uploads\/2025\/11\/04-300x225.jpg 300w, https:\/\/terrasdebasto.pt\/wp-content\/uploads\/2025\/11\/04-768x577.jpg 768w, https:\/\/terrasdebasto.pt\/wp-content\/uploads\/2025\/11\/04-150x113.jpg 150w, https:\/\/terrasdebasto.pt\/wp-content\/uploads\/2025\/11\/04-696x523.jpg 696w, https:\/\/terrasdebasto.pt\/wp-content\/uploads\/2025\/11\/04-1068x802.jpg 1068w, https:\/\/terrasdebasto.pt\/wp-content\/uploads\/2025\/11\/04.jpg 1312w\" sizes=\"auto, (max-width: 1024px) 100vw, 1024px\" \/><\/figure>\n\n\n\n<figure class=\"wp-block-image size-large\"><img loading=\"lazy\" decoding=\"async\" width=\"1024\" height=\"715\" data-id=\"5000\" src=\"https:\/\/terrasdebasto.pt\/wp-content\/uploads\/2025\/11\/05-1024x715.jpg\" alt=\"\" class=\"wp-image-5000\" srcset=\"https:\/\/terrasdebasto.pt\/wp-content\/uploads\/2025\/11\/05-1024x715.jpg 1024w, https:\/\/terrasdebasto.pt\/wp-content\/uploads\/2025\/11\/05-300x209.jpg 300w, https:\/\/terrasdebasto.pt\/wp-content\/uploads\/2025\/11\/05-768x536.jpg 768w, https:\/\/terrasdebasto.pt\/wp-content\/uploads\/2025\/11\/05-150x105.jpg 150w, https:\/\/terrasdebasto.pt\/wp-content\/uploads\/2025\/11\/05-696x486.jpg 696w, https:\/\/terrasdebasto.pt\/wp-content\/uploads\/2025\/11\/05-1068x746.jpg 1068w, https:\/\/terrasdebasto.pt\/wp-content\/uploads\/2025\/11\/05.jpg 1275w\" sizes=\"auto, (max-width: 1024px) 100vw, 1024px\" \/><\/figure>\n<\/figure>\n\n\n\n<figure class=\"wp-block-gallery has-nested-images columns-default is-cropped wp-block-gallery-3 is-layout-flex wp-block-gallery-is-layout-flex\">\n<figure class=\"wp-block-image size-large\"><img loading=\"lazy\" decoding=\"async\" width=\"1024\" height=\"649\" data-id=\"5002\" src=\"https:\/\/terrasdebasto.pt\/wp-content\/uploads\/2025\/11\/06-1024x649.jpg\" alt=\"\" class=\"wp-image-5002\" srcset=\"https:\/\/terrasdebasto.pt\/wp-content\/uploads\/2025\/11\/06-1024x649.jpg 1024w, https:\/\/terrasdebasto.pt\/wp-content\/uploads\/2025\/11\/06-300x190.jpg 300w, https:\/\/terrasdebasto.pt\/wp-content\/uploads\/2025\/11\/06-768x487.jpg 768w, https:\/\/terrasdebasto.pt\/wp-content\/uploads\/2025\/11\/06-1536x974.jpg 1536w, https:\/\/terrasdebasto.pt\/wp-content\/uploads\/2025\/11\/06-150x95.jpg 150w, https:\/\/terrasdebasto.pt\/wp-content\/uploads\/2025\/11\/06-696x441.jpg 696w, https:\/\/terrasdebasto.pt\/wp-content\/uploads\/2025\/11\/06-1068x677.jpg 1068w, https:\/\/terrasdebasto.pt\/wp-content\/uploads\/2025\/11\/06.jpg 1696w\" sizes=\"auto, (max-width: 1024px) 100vw, 1024px\" \/><\/figure>\n\n\n\n<figure class=\"wp-block-image size-large\"><img loading=\"lazy\" decoding=\"async\" width=\"1024\" height=\"603\" data-id=\"5003\" src=\"https:\/\/terrasdebasto.pt\/wp-content\/uploads\/2025\/11\/07-1024x603.jpg\" alt=\"\" class=\"wp-image-5003\" srcset=\"https:\/\/terrasdebasto.pt\/wp-content\/uploads\/2025\/11\/07-1024x603.jpg 1024w, https:\/\/terrasdebasto.pt\/wp-content\/uploads\/2025\/11\/07-300x177.jpg 300w, https:\/\/terrasdebasto.pt\/wp-content\/uploads\/2025\/11\/07-768x452.jpg 768w, https:\/\/terrasdebasto.pt\/wp-content\/uploads\/2025\/11\/07-1536x904.jpg 1536w, https:\/\/terrasdebasto.pt\/wp-content\/uploads\/2025\/11\/07-150x88.jpg 150w, https:\/\/terrasdebasto.pt\/wp-content\/uploads\/2025\/11\/07-696x410.jpg 696w, https:\/\/terrasdebasto.pt\/wp-content\/uploads\/2025\/11\/07-1068x629.jpg 1068w, https:\/\/terrasdebasto.pt\/wp-content\/uploads\/2025\/11\/07-1920x1130.jpg 1920w, https:\/\/terrasdebasto.pt\/wp-content\/uploads\/2025\/11\/07.jpg 1955w\" sizes=\"auto, (max-width: 1024px) 100vw, 1024px\" \/><\/figure>\n\n\n\n<figure class=\"wp-block-image size-large\"><img loading=\"lazy\" decoding=\"async\" width=\"1024\" height=\"652\" data-id=\"5004\" src=\"https:\/\/terrasdebasto.pt\/wp-content\/uploads\/2025\/11\/08-1024x652.jpg\" alt=\"\" class=\"wp-image-5004\" srcset=\"https:\/\/terrasdebasto.pt\/wp-content\/uploads\/2025\/11\/08-1024x652.jpg 1024w, https:\/\/terrasdebasto.pt\/wp-content\/uploads\/2025\/11\/08-300x191.jpg 300w, https:\/\/terrasdebasto.pt\/wp-content\/uploads\/2025\/11\/08-768x489.jpg 768w, https:\/\/terrasdebasto.pt\/wp-content\/uploads\/2025\/11\/08-1536x979.jpg 1536w, https:\/\/terrasdebasto.pt\/wp-content\/uploads\/2025\/11\/08-150x96.jpg 150w, https:\/\/terrasdebasto.pt\/wp-content\/uploads\/2025\/11\/08-696x443.jpg 696w, https:\/\/terrasdebasto.pt\/wp-content\/uploads\/2025\/11\/08-1068x680.jpg 1068w, https:\/\/terrasdebasto.pt\/wp-content\/uploads\/2025\/11\/08.jpg 1852w\" sizes=\"auto, (max-width: 1024px) 100vw, 1024px\" \/><\/figure>\n<\/figure>\n\n\n\n<figure class=\"wp-block-gallery has-nested-images columns-default is-cropped wp-block-gallery-4 is-layout-flex wp-block-gallery-is-layout-flex\">\n<figure class=\"wp-block-image size-large\"><img loading=\"lazy\" decoding=\"async\" width=\"1024\" height=\"595\" data-id=\"5006\" src=\"https:\/\/terrasdebasto.pt\/wp-content\/uploads\/2025\/11\/09-1024x595.jpg\" alt=\"\" class=\"wp-image-5006\" srcset=\"https:\/\/terrasdebasto.pt\/wp-content\/uploads\/2025\/11\/09-1024x595.jpg 1024w, https:\/\/terrasdebasto.pt\/wp-content\/uploads\/2025\/11\/09-300x174.jpg 300w, https:\/\/terrasdebasto.pt\/wp-content\/uploads\/2025\/11\/09-768x446.jpg 768w, https:\/\/terrasdebasto.pt\/wp-content\/uploads\/2025\/11\/09-1536x893.jpg 1536w, https:\/\/terrasdebasto.pt\/wp-content\/uploads\/2025\/11\/09-150x87.jpg 150w, https:\/\/terrasdebasto.pt\/wp-content\/uploads\/2025\/11\/09-696x405.jpg 696w, https:\/\/terrasdebasto.pt\/wp-content\/uploads\/2025\/11\/09-1068x621.jpg 1068w, https:\/\/terrasdebasto.pt\/wp-content\/uploads\/2025\/11\/09.jpg 1574w\" sizes=\"auto, (max-width: 1024px) 100vw, 1024px\" \/><\/figure>\n\n\n\n<figure class=\"wp-block-image size-large\"><img loading=\"lazy\" decoding=\"async\" width=\"1024\" height=\"645\" data-id=\"5005\" src=\"https:\/\/terrasdebasto.pt\/wp-content\/uploads\/2025\/11\/10-1024x645.jpg\" alt=\"\" class=\"wp-image-5005\" srcset=\"https:\/\/terrasdebasto.pt\/wp-content\/uploads\/2025\/11\/10-1024x645.jpg 1024w, https:\/\/terrasdebasto.pt\/wp-content\/uploads\/2025\/11\/10-300x189.jpg 300w, https:\/\/terrasdebasto.pt\/wp-content\/uploads\/2025\/11\/10-768x484.jpg 768w, https:\/\/terrasdebasto.pt\/wp-content\/uploads\/2025\/11\/10-1536x968.jpg 1536w, https:\/\/terrasdebasto.pt\/wp-content\/uploads\/2025\/11\/10-150x95.jpg 150w, https:\/\/terrasdebasto.pt\/wp-content\/uploads\/2025\/11\/10-696x439.jpg 696w, https:\/\/terrasdebasto.pt\/wp-content\/uploads\/2025\/11\/10-1068x673.jpg 1068w, https:\/\/terrasdebasto.pt\/wp-content\/uploads\/2025\/11\/10.jpg 1685w\" sizes=\"auto, (max-width: 1024px) 100vw, 1024px\" \/><\/figure>\n<\/figure>\n\n\n\n<figure class=\"wp-block-gallery has-nested-images columns-default is-cropped wp-block-gallery-5 is-layout-flex wp-block-gallery-is-layout-flex\">\n<figure class=\"wp-block-image size-large\"><img loading=\"lazy\" decoding=\"async\" width=\"1024\" height=\"734\" data-id=\"5008\" src=\"https:\/\/terrasdebasto.pt\/wp-content\/uploads\/2025\/11\/11-1024x734.jpg\" alt=\"\" class=\"wp-image-5008\" srcset=\"https:\/\/terrasdebasto.pt\/wp-content\/uploads\/2025\/11\/11-1024x734.jpg 1024w, https:\/\/terrasdebasto.pt\/wp-content\/uploads\/2025\/11\/11-300x215.jpg 300w, https:\/\/terrasdebasto.pt\/wp-content\/uploads\/2025\/11\/11-768x550.jpg 768w, https:\/\/terrasdebasto.pt\/wp-content\/uploads\/2025\/11\/11-150x107.jpg 150w, https:\/\/terrasdebasto.pt\/wp-content\/uploads\/2025\/11\/11-696x499.jpg 696w, https:\/\/terrasdebasto.pt\/wp-content\/uploads\/2025\/11\/11-1068x765.jpg 1068w, https:\/\/terrasdebasto.pt\/wp-content\/uploads\/2025\/11\/11.jpg 1104w\" sizes=\"auto, (max-width: 1024px) 100vw, 1024px\" \/><\/figure>\n\n\n\n<figure class=\"wp-block-image size-large\"><img loading=\"lazy\" decoding=\"async\" width=\"1024\" height=\"732\" data-id=\"5007\" src=\"https:\/\/terrasdebasto.pt\/wp-content\/uploads\/2025\/11\/12-1024x732.jpg\" alt=\"\" class=\"wp-image-5007\" srcset=\"https:\/\/terrasdebasto.pt\/wp-content\/uploads\/2025\/11\/12-1024x732.jpg 1024w, https:\/\/terrasdebasto.pt\/wp-content\/uploads\/2025\/11\/12-300x214.jpg 300w, https:\/\/terrasdebasto.pt\/wp-content\/uploads\/2025\/11\/12-768x549.jpg 768w, https:\/\/terrasdebasto.pt\/wp-content\/uploads\/2025\/11\/12-1536x1097.jpg 1536w, https:\/\/terrasdebasto.pt\/wp-content\/uploads\/2025\/11\/12-150x107.jpg 150w, https:\/\/terrasdebasto.pt\/wp-content\/uploads\/2025\/11\/12-696x497.jpg 696w, https:\/\/terrasdebasto.pt\/wp-content\/uploads\/2025\/11\/12-1068x763.jpg 1068w, https:\/\/terrasdebasto.pt\/wp-content\/uploads\/2025\/11\/12.jpg 1586w\" sizes=\"auto, (max-width: 1024px) 100vw, 1024px\" \/><\/figure>\n<\/figure>\n\n\n\n<figure class=\"wp-block-gallery has-nested-images columns-default is-cropped wp-block-gallery-6 is-layout-flex wp-block-gallery-is-layout-flex\">\n<figure class=\"wp-block-image size-large\"><img loading=\"lazy\" decoding=\"async\" width=\"1024\" height=\"835\" data-id=\"5009\" src=\"https:\/\/terrasdebasto.pt\/wp-content\/uploads\/2025\/11\/14-1024x835.jpg\" alt=\"\" class=\"wp-image-5009\" srcset=\"https:\/\/terrasdebasto.pt\/wp-content\/uploads\/2025\/11\/14-1024x835.jpg 1024w, https:\/\/terrasdebasto.pt\/wp-content\/uploads\/2025\/11\/14-300x245.jpg 300w, https:\/\/terrasdebasto.pt\/wp-content\/uploads\/2025\/11\/14-768x626.jpg 768w, https:\/\/terrasdebasto.pt\/wp-content\/uploads\/2025\/11\/14-150x122.jpg 150w, https:\/\/terrasdebasto.pt\/wp-content\/uploads\/2025\/11\/14-696x567.jpg 696w, https:\/\/terrasdebasto.pt\/wp-content\/uploads\/2025\/11\/14-1068x871.jpg 1068w, https:\/\/terrasdebasto.pt\/wp-content\/uploads\/2025\/11\/14.jpg 1509w\" sizes=\"auto, (max-width: 1024px) 100vw, 1024px\" \/><\/figure>\n<\/figure>\n\n\n\n<figure class=\"wp-block-gallery has-nested-images columns-default is-cropped wp-block-gallery-7 is-layout-flex wp-block-gallery-is-layout-flex\">\n<figure class=\"wp-block-image size-large\"><img loading=\"lazy\" decoding=\"async\" width=\"1024\" height=\"721\" data-id=\"5010\" src=\"https:\/\/terrasdebasto.pt\/wp-content\/uploads\/2025\/11\/01-1024x721.jpg\" alt=\"\" class=\"wp-image-5010\" srcset=\"https:\/\/terrasdebasto.pt\/wp-content\/uploads\/2025\/11\/01-1024x721.jpg 1024w, https:\/\/terrasdebasto.pt\/wp-content\/uploads\/2025\/11\/01-300x211.jpg 300w, https:\/\/terrasdebasto.pt\/wp-content\/uploads\/2025\/11\/01-768x541.jpg 768w, https:\/\/terrasdebasto.pt\/wp-content\/uploads\/2025\/11\/01-1536x1082.jpg 1536w, https:\/\/terrasdebasto.pt\/wp-content\/uploads\/2025\/11\/01-150x106.jpg 150w, https:\/\/terrasdebasto.pt\/wp-content\/uploads\/2025\/11\/01-696x490.jpg 696w, https:\/\/terrasdebasto.pt\/wp-content\/uploads\/2025\/11\/01-1068x752.jpg 1068w, https:\/\/terrasdebasto.pt\/wp-content\/uploads\/2025\/11\/01-1920x1352.jpg 1920w, https:\/\/terrasdebasto.pt\/wp-content\/uploads\/2025\/11\/01.jpg 1938w\" sizes=\"auto, (max-width: 1024px) 100vw, 1024px\" \/><\/figure>\n<\/figure>\n","protected":false},"excerpt":{"rendered":"<p>A freguesia de Santa Marinha, em Ribeira de Pena, retomou no passado fim-de-semana a evoca\u00e7\u00e3o de uma tradi\u00e7\u00e3o, realizando um magusto que congregou a comunidade e os seus representantes p\u00fablicos. Assim, ao final da tarde, no alpendre da localidade, foi poss\u00edvel saborear os petiscos da regi\u00e3o, entre carnes grelhadas e sardinha-assada, entre caldo-verde e doces, [&hellip;]<\/p>\n","protected":false},"author":7,"featured_media":4998,"comment_status":"open","ping_status":"open","sticky":false,"template":"","format":"standard","meta":{"footnotes":""},"categories":[7,14,26,9],"tags":[544,56,617],"class_list":{"0":"post-4997","1":"post","2":"type-post","3":"status-publish","4":"format-standard","5":"has-post-thumbnail","7":"category-cultura","8":"category-gastronomia","9":"category-ribeira-de-pena","10":"category-terras-de-basto","11":"tag-magusto","12":"tag-ribeira-de-pena","13":"tag-santa-marinha"},"yoast_head":"<!-- This site is optimized with the Yoast SEO plugin v25.7 - https:\/\/yoast.com\/wordpress\/plugins\/seo\/ -->\n<title>Ribeira de Pena: Santa Marinha comeu castanhas no alpendre - Jornal Terras de Basto<\/title>\n<meta name=\"description\" content=\"A freguesia de Santa Marinha, em Ribeira de Pena, retomou no passado fim-de-semana a evoca\u00e7\u00e3o de uma tradi\u00e7\u00e3o, realizando um magusto que congregou a comunidade e os seus representantes p\u00fablicos. Assim, ao final da tarde, no alpendre da localidade, foi poss\u00edvel saborear os petiscos da regi\u00e3o, entre carnes grelhadas e sardinha-assada, entre caldo-verde e doces, e, claro, as castanhas. \u00c0 festa \u2013 que teve na autarquia e na estrutura associativa local os seus promotores \u2013 juntou-se o presidente da c\u00e2mara, Jo\u00e3o Noronha, a vereadora socialista In\u00eas Torres Pereira e o presidente da junta, Pedro Noronha.\" \/>\n<meta name=\"robots\" content=\"index, follow, max-snippet:-1, max-image-preview:large, max-video-preview:-1\" \/>\n<link rel=\"canonical\" href=\"https:\/\/terrasdebasto.pt\/?p=4997\" \/>\n<meta property=\"og:locale\" content=\"pt_PT\" \/>\n<meta property=\"og:type\" content=\"article\" \/>\n<meta property=\"og:title\" content=\"Ribeira de Pena: Santa Marinha comeu castanhas no alpendre - Jornal Terras de Basto\" \/>\n<meta property=\"og:description\" content=\"A freguesia de Santa Marinha, em Ribeira de Pena, retomou no passado fim-de-semana a evoca\u00e7\u00e3o de uma tradi\u00e7\u00e3o, realizando um magusto que congregou a comunidade e os seus representantes p\u00fablicos. Assim, ao final da tarde, no alpendre da localidade, foi poss\u00edvel saborear os petiscos da regi\u00e3o, entre carnes grelhadas e sardinha-assada, entre caldo-verde e doces, e, claro, as castanhas. \u00c0 festa \u2013 que teve na autarquia e na estrutura associativa local os seus promotores \u2013 juntou-se o presidente da c\u00e2mara, Jo\u00e3o Noronha, a vereadora socialista In\u00eas Torres Pereira e o presidente da junta, Pedro Noronha.\" \/>\n<meta property=\"og:url\" content=\"https:\/\/terrasdebasto.pt\/?p=4997\" \/>\n<meta property=\"og:site_name\" content=\"Jornal Terras de Basto\" \/>\n<meta property=\"article:published_time\" content=\"2025-11-18T15:04:21+00:00\" \/>\n<meta property=\"og:image\" content=\"https:\/\/terrasdebasto.pt\/wp-content\/uploads\/2025\/11\/02.jpg\" \/>\n\t<meta property=\"og:image:width\" content=\"1762\" \/>\n\t<meta property=\"og:image:height\" content=\"1193\" \/>\n\t<meta property=\"og:image:type\" content=\"image\/jpeg\" \/>\n<meta name=\"author\" content=\"Jo\u00e3o Paulo Mesquita\" \/>\n<meta name=\"twitter:card\" content=\"summary_large_image\" \/>\n<meta name=\"twitter:label1\" content=\"Escrito por\" \/>\n\t<meta name=\"twitter:data1\" content=\"Jo\u00e3o Paulo Mesquita\" \/>\n\t<meta name=\"twitter:label2\" content=\"Tempo estimado de leitura\" \/>\n\t<meta name=\"twitter:data2\" content=\"4 minutos\" \/>\n<script type=\"application\/ld+json\" class=\"yoast-schema-graph\">{\"@context\":\"https:\/\/schema.org\",\"@graph\":[{\"@type\":\"Article\",\"@id\":\"https:\/\/terrasdebasto.pt\/?p=4997#article\",\"isPartOf\":{\"@id\":\"https:\/\/terrasdebasto.pt\/?p=4997\"},\"author\":{\"name\":\"Jo\u00e3o Paulo Mesquita\",\"@id\":\"https:\/\/terrasdebasto.pt\/#\/schema\/person\/9f6739f5394ac65c802641773b278b84\"},\"headline\":\"Ribeira de Pena: Santa Marinha comeu castanhas no alpendre\",\"datePublished\":\"2025-11-18T15:04:21+00:00\",\"mainEntityOfPage\":{\"@id\":\"https:\/\/terrasdebasto.pt\/?p=4997\"},\"wordCount\":109,\"commentCount\":0,\"publisher\":{\"@id\":\"https:\/\/terrasdebasto.pt\/#organization\"},\"image\":{\"@id\":\"https:\/\/terrasdebasto.pt\/?p=4997#primaryimage\"},\"thumbnailUrl\":\"https:\/\/terrasdebasto.pt\/wp-content\/uploads\/2025\/11\/02.jpg\",\"keywords\":[\"Magusto\",\"Ribeira de Pena\",\"Santa Marinha\"],\"articleSection\":[\"Cultura\",\"Gastronomia\",\"Ribeira de Pena\",\"Terras de Basto\"],\"inLanguage\":\"pt-PT\",\"potentialAction\":[{\"@type\":\"CommentAction\",\"name\":\"Comment\",\"target\":[\"https:\/\/terrasdebasto.pt\/?p=4997#respond\"]}]},{\"@type\":\"WebPage\",\"@id\":\"https:\/\/terrasdebasto.pt\/?p=4997\",\"url\":\"https:\/\/terrasdebasto.pt\/?p=4997\",\"name\":\"Ribeira de Pena: Santa Marinha comeu castanhas no alpendre - Jornal Terras de Basto\",\"isPartOf\":{\"@id\":\"https:\/\/terrasdebasto.pt\/#website\"},\"primaryImageOfPage\":{\"@id\":\"https:\/\/terrasdebasto.pt\/?p=4997#primaryimage\"},\"image\":{\"@id\":\"https:\/\/terrasdebasto.pt\/?p=4997#primaryimage\"},\"thumbnailUrl\":\"https:\/\/terrasdebasto.pt\/wp-content\/uploads\/2025\/11\/02.jpg\",\"datePublished\":\"2025-11-18T15:04:21+00:00\",\"description\":\"A freguesia de Santa Marinha, em Ribeira de Pena, retomou no passado fim-de-semana a evoca\u00e7\u00e3o de uma tradi\u00e7\u00e3o, realizando um magusto que congregou a comunidade e os seus representantes p\u00fablicos. Assim, ao final da tarde, no alpendre da localidade, foi poss\u00edvel saborear os petiscos da regi\u00e3o, entre carnes grelhadas e sardinha-assada, entre caldo-verde e doces, e, claro, as castanhas. \u00c0 festa \u2013 que teve na autarquia e na estrutura associativa local os seus promotores \u2013 juntou-se o presidente da c\u00e2mara, Jo\u00e3o Noronha, a vereadora socialista In\u00eas Torres Pereira e o presidente da junta, Pedro Noronha.\",\"breadcrumb\":{\"@id\":\"https:\/\/terrasdebasto.pt\/?p=4997#breadcrumb\"},\"inLanguage\":\"pt-PT\",\"potentialAction\":[{\"@type\":\"ReadAction\",\"target\":[\"https:\/\/terrasdebasto.pt\/?p=4997\"]}]},{\"@type\":\"ImageObject\",\"inLanguage\":\"pt-PT\",\"@id\":\"https:\/\/terrasdebasto.pt\/?p=4997#primaryimage\",\"url\":\"https:\/\/terrasdebasto.pt\/wp-content\/uploads\/2025\/11\/02.jpg\",\"contentUrl\":\"https:\/\/terrasdebasto.pt\/wp-content\/uploads\/2025\/11\/02.jpg\",\"width\":1762,\"height\":1193},{\"@type\":\"BreadcrumbList\",\"@id\":\"https:\/\/terrasdebasto.pt\/?p=4997#breadcrumb\",\"itemListElement\":[{\"@type\":\"ListItem\",\"position\":1,\"name\":\"In\u00edcio\",\"item\":\"https:\/\/terrasdebasto.pt\/\"},{\"@type\":\"ListItem\",\"position\":2,\"name\":\"Ribeira de Pena: Santa Marinha comeu castanhas no alpendre\"}]},{\"@type\":\"WebSite\",\"@id\":\"https:\/\/terrasdebasto.pt\/#website\",\"url\":\"https:\/\/terrasdebasto.pt\/\",\"name\":\"Jornal Terras de Basto\",\"description\":\"\",\"publisher\":{\"@id\":\"https:\/\/terrasdebasto.pt\/#organization\"},\"potentialAction\":[{\"@type\":\"SearchAction\",\"target\":{\"@type\":\"EntryPoint\",\"urlTemplate\":\"https:\/\/terrasdebasto.pt\/?s={search_term_string}\"},\"query-input\":{\"@type\":\"PropertyValueSpecification\",\"valueRequired\":true,\"valueName\":\"search_term_string\"}}],\"inLanguage\":\"pt-PT\"},{\"@type\":\"Organization\",\"@id\":\"https:\/\/terrasdebasto.pt\/#organization\",\"name\":\"Jornal Terras de Basto\",\"url\":\"https:\/\/terrasdebasto.pt\/\",\"logo\":{\"@type\":\"ImageObject\",\"inLanguage\":\"pt-PT\",\"@id\":\"https:\/\/terrasdebasto.pt\/#\/schema\/logo\/image\/\",\"url\":\"https:\/\/terrasdebasto.pt\/wp-content\/uploads\/2024\/06\/LogoNormal.png\",\"contentUrl\":\"https:\/\/terrasdebasto.pt\/wp-content\/uploads\/2024\/06\/LogoNormal.png\",\"width\":5638,\"height\":809,\"caption\":\"Jornal Terras de Basto\"},\"image\":{\"@id\":\"https:\/\/terrasdebasto.pt\/#\/schema\/logo\/image\/\"}},{\"@type\":\"Person\",\"@id\":\"https:\/\/terrasdebasto.pt\/#\/schema\/person\/9f6739f5394ac65c802641773b278b84\",\"name\":\"Jo\u00e3o Paulo Mesquita\",\"image\":{\"@type\":\"ImageObject\",\"inLanguage\":\"pt-PT\",\"@id\":\"https:\/\/terrasdebasto.pt\/#\/schema\/person\/image\/\",\"url\":\"https:\/\/secure.gravatar.com\/avatar\/9bd0f299e6d96336664aab64354168246a3ee3287c47891c50d450e47ed9d7f9?s=96&d=mm&r=g\",\"contentUrl\":\"https:\/\/secure.gravatar.com\/avatar\/9bd0f299e6d96336664aab64354168246a3ee3287c47891c50d450e47ed9d7f9?s=96&d=mm&r=g\",\"caption\":\"Jo\u00e3o Paulo Mesquita\"},\"url\":\"https:\/\/terrasdebasto.pt\/?author=7\"}]}<\/script>\n<!-- \/ Yoast SEO plugin. -->","yoast_head_json":{"title":"Ribeira de Pena: Santa Marinha comeu castanhas no alpendre - Jornal Terras de Basto","description":"A freguesia de Santa Marinha, em Ribeira de Pena, retomou no passado fim-de-semana a evoca\u00e7\u00e3o de uma tradi\u00e7\u00e3o, realizando um magusto que congregou a comunidade e os seus representantes p\u00fablicos. Assim, ao final da tarde, no alpendre da localidade, foi poss\u00edvel saborear os petiscos da regi\u00e3o, entre carnes grelhadas e sardinha-assada, entre caldo-verde e doces, e, claro, as castanhas. \u00c0 festa \u2013 que teve na autarquia e na estrutura associativa local os seus promotores \u2013 juntou-se o presidente da c\u00e2mara, Jo\u00e3o Noronha, a vereadora socialista In\u00eas Torres Pereira e o presidente da junta, Pedro Noronha.","robots":{"index":"index","follow":"follow","max-snippet":"max-snippet:-1","max-image-preview":"max-image-preview:large","max-video-preview":"max-video-preview:-1"},"canonical":"https:\/\/terrasdebasto.pt\/?p=4997","og_locale":"pt_PT","og_type":"article","og_title":"Ribeira de Pena: Santa Marinha comeu castanhas no alpendre - Jornal Terras de Basto","og_description":"A freguesia de Santa Marinha, em Ribeira de Pena, retomou no passado fim-de-semana a evoca\u00e7\u00e3o de uma tradi\u00e7\u00e3o, realizando um magusto que congregou a comunidade e os seus representantes p\u00fablicos. Assim, ao final da tarde, no alpendre da localidade, foi poss\u00edvel saborear os petiscos da regi\u00e3o, entre carnes grelhadas e sardinha-assada, entre caldo-verde e doces, e, claro, as castanhas. \u00c0 festa \u2013 que teve na autarquia e na estrutura associativa local os seus promotores \u2013 juntou-se o presidente da c\u00e2mara, Jo\u00e3o Noronha, a vereadora socialista In\u00eas Torres Pereira e o presidente da junta, Pedro Noronha.","og_url":"https:\/\/terrasdebasto.pt\/?p=4997","og_site_name":"Jornal Terras de Basto","article_published_time":"2025-11-18T15:04:21+00:00","og_image":[{"width":1762,"height":1193,"url":"https:\/\/terrasdebasto.pt\/wp-content\/uploads\/2025\/11\/02.jpg","type":"image\/jpeg"}],"author":"Jo\u00e3o Paulo Mesquita","twitter_card":"summary_large_image","twitter_misc":{"Escrito por":"Jo\u00e3o Paulo Mesquita","Tempo estimado de leitura":"4 minutos"},"schema":{"@context":"https:\/\/schema.org","@graph":[{"@type":"Article","@id":"https:\/\/terrasdebasto.pt\/?p=4997#article","isPartOf":{"@id":"https:\/\/terrasdebasto.pt\/?p=4997"},"author":{"name":"Jo\u00e3o Paulo Mesquita","@id":"https:\/\/terrasdebasto.pt\/#\/schema\/person\/9f6739f5394ac65c802641773b278b84"},"headline":"Ribeira de Pena: Santa Marinha comeu castanhas no alpendre","datePublished":"2025-11-18T15:04:21+00:00","mainEntityOfPage":{"@id":"https:\/\/terrasdebasto.pt\/?p=4997"},"wordCount":109,"commentCount":0,"publisher":{"@id":"https:\/\/terrasdebasto.pt\/#organization"},"image":{"@id":"https:\/\/terrasdebasto.pt\/?p=4997#primaryimage"},"thumbnailUrl":"https:\/\/terrasdebasto.pt\/wp-content\/uploads\/2025\/11\/02.jpg","keywords":["Magusto","Ribeira de Pena","Santa Marinha"],"articleSection":["Cultura","Gastronomia","Ribeira de Pena","Terras de Basto"],"inLanguage":"pt-PT","potentialAction":[{"@type":"CommentAction","name":"Comment","target":["https:\/\/terrasdebasto.pt\/?p=4997#respond"]}]},{"@type":"WebPage","@id":"https:\/\/terrasdebasto.pt\/?p=4997","url":"https:\/\/terrasdebasto.pt\/?p=4997","name":"Ribeira de Pena: Santa Marinha comeu castanhas no alpendre - Jornal Terras de Basto","isPartOf":{"@id":"https:\/\/terrasdebasto.pt\/#website"},"primaryImageOfPage":{"@id":"https:\/\/terrasdebasto.pt\/?p=4997#primaryimage"},"image":{"@id":"https:\/\/terrasdebasto.pt\/?p=4997#primaryimage"},"thumbnailUrl":"https:\/\/terrasdebasto.pt\/wp-content\/uploads\/2025\/11\/02.jpg","datePublished":"2025-11-18T15:04:21+00:00","description":"A freguesia de Santa Marinha, em Ribeira de Pena, retomou no passado fim-de-semana a evoca\u00e7\u00e3o de uma tradi\u00e7\u00e3o, realizando um magusto que congregou a comunidade e os seus representantes p\u00fablicos. Assim, ao final da tarde, no alpendre da localidade, foi poss\u00edvel saborear os petiscos da regi\u00e3o, entre carnes grelhadas e sardinha-assada, entre caldo-verde e doces, e, claro, as castanhas. \u00c0 festa \u2013 que teve na autarquia e na estrutura associativa local os seus promotores \u2013 juntou-se o presidente da c\u00e2mara, Jo\u00e3o Noronha, a vereadora socialista In\u00eas Torres Pereira e o presidente da junta, Pedro Noronha.","breadcrumb":{"@id":"https:\/\/terrasdebasto.pt\/?p=4997#breadcrumb"},"inLanguage":"pt-PT","potentialAction":[{"@type":"ReadAction","target":["https:\/\/terrasdebasto.pt\/?p=4997"]}]},{"@type":"ImageObject","inLanguage":"pt-PT","@id":"https:\/\/terrasdebasto.pt\/?p=4997#primaryimage","url":"https:\/\/terrasdebasto.pt\/wp-content\/uploads\/2025\/11\/02.jpg","contentUrl":"https:\/\/terrasdebasto.pt\/wp-content\/uploads\/2025\/11\/02.jpg","width":1762,"height":1193},{"@type":"BreadcrumbList","@id":"https:\/\/terrasdebasto.pt\/?p=4997#breadcrumb","itemListElement":[{"@type":"ListItem","position":1,"name":"In\u00edcio","item":"https:\/\/terrasdebasto.pt\/"},{"@type":"ListItem","position":2,"name":"Ribeira de Pena: Santa Marinha comeu castanhas no alpendre"}]},{"@type":"WebSite","@id":"https:\/\/terrasdebasto.pt\/#website","url":"https:\/\/terrasdebasto.pt\/","name":"Jornal Terras de Basto","description":"","publisher":{"@id":"https:\/\/terrasdebasto.pt\/#organization"},"potentialAction":[{"@type":"SearchAction","target":{"@type":"EntryPoint","urlTemplate":"https:\/\/terrasdebasto.pt\/?s={search_term_string}"},"query-input":{"@type":"PropertyValueSpecification","valueRequired":true,"valueName":"search_term_string"}}],"inLanguage":"pt-PT"},{"@type":"Organization","@id":"https:\/\/terrasdebasto.pt\/#organization","name":"Jornal Terras de Basto","url":"https:\/\/terrasdebasto.pt\/","logo":{"@type":"ImageObject","inLanguage":"pt-PT","@id":"https:\/\/terrasdebasto.pt\/#\/schema\/logo\/image\/","url":"https:\/\/terrasdebasto.pt\/wp-content\/uploads\/2024\/06\/LogoNormal.png","contentUrl":"https:\/\/terrasdebasto.pt\/wp-content\/uploads\/2024\/06\/LogoNormal.png","width":5638,"height":809,"caption":"Jornal Terras de Basto"},"image":{"@id":"https:\/\/terrasdebasto.pt\/#\/schema\/logo\/image\/"}},{"@type":"Person","@id":"https:\/\/terrasdebasto.pt\/#\/schema\/person\/9f6739f5394ac65c802641773b278b84","name":"Jo\u00e3o Paulo Mesquita","image":{"@type":"ImageObject","inLanguage":"pt-PT","@id":"https:\/\/terrasdebasto.pt\/#\/schema\/person\/image\/","url":"https:\/\/secure.gravatar.com\/avatar\/9bd0f299e6d96336664aab64354168246a3ee3287c47891c50d450e47ed9d7f9?s=96&d=mm&r=g","contentUrl":"https:\/\/secure.gravatar.com\/avatar\/9bd0f299e6d96336664aab64354168246a3ee3287c47891c50d450e47ed9d7f9?s=96&d=mm&r=g","caption":"Jo\u00e3o Paulo Mesquita"},"url":"https:\/\/terrasdebasto.pt\/?author=7"}]}},"_links":{"self":[{"href":"https:\/\/terrasdebasto.pt\/index.php?rest_route=\/wp\/v2\/posts\/4997","targetHints":{"allow":["GET"]}}],"collection":[{"href":"https:\/\/terrasdebasto.pt\/index.php?rest_route=\/wp\/v2\/posts"}],"about":[{"href":"https:\/\/terrasdebasto.pt\/index.php?rest_route=\/wp\/v2\/types\/post"}],"author":[{"embeddable":true,"href":"https:\/\/terrasdebasto.pt\/index.php?rest_route=\/wp\/v2\/users\/7"}],"replies":[{"embeddable":true,"href":"https:\/\/terrasdebasto.pt\/index.php?rest_route=%2Fwp%2Fv2%2Fcomments&post=4997"}],"version-history":[{"count":1,"href":"https:\/\/terrasdebasto.pt\/index.php?rest_route=\/wp\/v2\/posts\/4997\/revisions"}],"predecessor-version":[{"id":5011,"href":"https:\/\/terrasdebasto.pt\/index.php?rest_route=\/wp\/v2\/posts\/4997\/revisions\/5011"}],"wp:featuredmedia":[{"embeddable":true,"href":"https:\/\/terrasdebasto.pt\/index.php?rest_route=\/wp\/v2\/media\/4998"}],"wp:attachment":[{"href":"https:\/\/terrasdebasto.pt\/index.php?rest_route=%2Fwp%2Fv2%2Fmedia&parent=4997"}],"wp:term":[{"taxonomy":"category","embeddable":true,"href":"https:\/\/terrasdebasto.pt\/index.php?rest_route=%2Fwp%2Fv2%2Fcategories&post=4997"},{"taxonomy":"post_tag","embeddable":true,"href":"https:\/\/terrasdebasto.pt\/index.php?rest_route=%2Fwp%2Fv2%2Ftags&post=4997"}],"curies":[{"name":"wp","href":"https:\/\/api.w.org\/{rel}","templated":true}]}}